{"id":1989,"date":"2025-12-22T06:39:21","date_gmt":"2025-12-22T06:39:21","guid":{"rendered":"https:\/\/viniciojarquin.com\/blog\/?p=1989"},"modified":"2026-01-05T02:42:17","modified_gmt":"2026-01-05T02:42:17","slug":"una-manana-en-un-lugar-de-paz","status":"publish","type":"post","link":"https:\/\/viniciojarquin.com\/blog\/una-manana-en-un-lugar-de-paz\/","title":{"rendered":"Una ma\u00f1ana en un lugar de paz"},"content":{"rendered":"\n<p>Fue un d\u00eda realmente singular, especial, uno de esos en los que el tiempo parece detenerse. Mi actividad termin\u00f3 alrededor de las 4:30 de la tarde, y cuando sal\u00ed, un sentimiento profundo me acompa\u00f1\u00f3, ese que pocas veces tengo en la vida. Pens\u00e9, casi de forma autom\u00e1tica, que sobre eso ten\u00eda que escribir, que deb\u00eda dejarlo plasmado, \u00edntimo, algo solo para quienes estuvimos all\u00ed, para el espacio donde estuve, y para m\u00ed mismo. Pero, por un momento, prefer\u00ed dejarlo solo como un recuerdo personal. Aunque me hab\u00edan dado permiso para escribir sobre ello, algo dentro de m\u00ed me dec\u00eda que no era necesario compartirlo, que era mejor dejarlo como un instante privado.<\/p>\n\n\n\n<p>Sin embargo, m\u00e1s tarde, mientras caminaba por mi d\u00eda, pens\u00e9 en lo que representa todo esto. Pens\u00e9 que, aunque no me considere pol\u00edtico, la oportunidad de estar en los espacios que frecuento \u2014como la sala constitucional, el Tribunal Supremo de Elecciones, las reuniones con candidatos, vicepresidentes\u2014 no es solo gracias a mi trabajo o a mis esfuerzos personales. Es, sobre todo, gracias a ustedes. A todos ustedes que me siguen, que est\u00e1n ah\u00ed, que me apoyan, que conf\u00edan en lo que hago.<\/p>\n\n\n\n<p>Es f\u00e1cil olvidarlo a veces, pero las puertas que se me abren no son solo para m\u00ed. Si no fuera por el respaldo de ustedes, no estar\u00eda en esos lugares. Es gracias a su acompa\u00f1amiento, a la comunidad que hemos formado juntos, que todo esto se vuelve posible. Me he dado cuenta de que, al final del d\u00eda, si ustedes son mis jefes, si ustedes me mantienen en pie, lo justo es compartir con ustedes lo que me ha tocado vivir, lo que ha sido este d\u00eda tan singular. Es mi manera de agradecerles, de cumplir con mi parte del trato.<\/p>\n\n\n\n<p>As\u00ed que aqu\u00ed estoy, abriendo una puerta m\u00e1s, compartiendo con ustedes este pedazo de mi vida que, aunque podr\u00eda haber sido solo m\u00edo, hoy les pertenece tambi\u00e9n a ustedes.<\/p>\n\n\n\n<p>Hace algunos d\u00edas, antes de que estallara todo el esc\u00e1ndalo relacionado con la ni\u00f1a de don \u00c1lvaro y do\u00f1a Cristie Castro, hab\u00edamos recibido una invitaci\u00f3n para conocer al candidato y a su esposa. La invitaci\u00f3n hab\u00eda sido extendida a Ana Mar\u00eda, mi amiga que me acompa\u00f1a en muchos procesos de desarrollo personal, y a m\u00ed. Era para este s\u00e1bado a las 10 de la ma\u00f1ana en la casa de los Ramos Castro. Sin embargo, a medida que los acontecimientos en las redes sociales fueron tomando fuerza y los juicios sobre la ni\u00f1a, la familia y la pol\u00edtica comenzaron a intensificarse, me tem\u00ed que la cita pudiera ser cancelada. Pero, sorprendentemente, no lo fue. Todo sigui\u00f3 en pie.<\/p>\n\n\n\n<p>As\u00ed que, a las 10 de la ma\u00f1ana, Ana Mar\u00eda y yo estacionamos en el garaje de la casa de \u00c1lvaro y Cristie, donde fuimos recibidos por ella. Fue un momento realmente interesante, entrar en esa hermosa casa que, aunque no rebosaba de lujos, estaba llena de algo mucho m\u00e1s importante: amor. Hab\u00eda una sensaci\u00f3n en el aire, una calidez, que solo un hogar lleno de cari\u00f1o puede ofrecer. Y fue realmente emocionante ser recibido con tanto amor, simpat\u00eda y sinceridad por Cristie, mientras, a lo lejos, pod\u00eda ver a don \u00c1lvaro Ramos haciendo algunas cosas en la cocina, sin haberme saludado a\u00fan.<\/p>\n\n\n\n<p>En ese momento, me preguntaba, \u00bfestar\u00e9 en la casa del pr\u00f3ximo presidente de la Rep\u00fablica? Lo pens\u00e9 en silencio, como cuando he estado en la casa de otros candidatos o cuando he hablado con algunos de ellos, no con ninguna intenci\u00f3n partidista, sino con una simple honestidad y curiosidad. \u00bfEstar\u00e9 siendo recibido por la mujer que podr\u00eda ser nuestra pr\u00f3xima primera dama? Record\u00e9 aquel momento en que habl\u00e9 con do\u00f1a Cristina de Hidalgo, mientras le obsequiaba una acuarela, y me preguntaba si la pondr\u00eda o no en la casa presidencial si su esposo llegaba a ser presidente. El peso de esos pensamientos se mezclaba con la calidez de la recepci\u00f3n, y todo se volv\u00eda, al mismo tiempo, personal y significativo.<\/p>\n\n\n\n<p>Nos hab\u00edan dispuesto la mesa en el antecomedor, justo al lado de la cocina, para nosotros. Aunque, por cortes\u00eda, ofrecieron que podr\u00edamos estar m\u00e1s c\u00f3modos en el comedor principal, elegimos quedarnos en ese espacio m\u00e1s cercano y familiar. El antecomedor ya era perfecto. La ni\u00f1a menor ya estaba sentada, disfrutando de un cereal y haciendo algunas intervenciones encantadoras, llenas de la dulzura propia de su edad. A los pocos minutos, don \u00c1lvaro lleg\u00f3, nos presentamos y lo saludamos, y pronto la ni\u00f1a mayor, la misma que aparece en el video que ya todos conocemos, tambi\u00e9n se uni\u00f3 a la conversaci\u00f3n.<\/p>\n\n\n\n<p>En cuesti\u00f3n de minutos, est\u00e1bamos todos sentados a la mesa, inmersos en un ambiente tan \u00fanico que, si no fuera escritor, probablemente no sabr\u00eda c\u00f3mo describirlo, pero igual voy a intentarlo. En la mesa, dos economistas brillantes, con una carrera llena de logros, nos contaban sus historias, sus recorridos, lo que pensaban del pa\u00eds, del mundo, de la pol\u00edtica. Y las dos ni\u00f1as, igualmente brillantes, cada una a su manera. Una con una capacidad indiscutible para comerse el mundo, con un futuro lleno de posibilidades que ni me atrever\u00eda a imaginar. Y la otra, no menos inteligente, pero con esa cualidad que a menudo se pasa por alto: ser el ancla que mantiene la familia conectada a la tierra, con los pies bien plantados.<\/p>\n\n\n\n<p>Aunque pueda sonar un poco po\u00e9tico, incluso con un toque de romanticismo literario, es la mejor manera que tengo de describirlo. Si cerraba los ojos por un momento, mientras la conversaci\u00f3n flu\u00eda, mientras ve\u00eda a Cristie con su dulzura, y a \u00c1lvaro sonriendo, contando historias y ri\u00e9ndose con los ojos achinados, me preguntaba si realmente estaba all\u00ed, disfrutando de un momento \u00fanico. Pero si entrecerraba los ojos, pod\u00eda ver mucho m\u00e1s: un ambiente genuino de honestidad, de naturalidad, de calidez, pero tambi\u00e9n de una inteligencia palpable en el aire. De entre todo eso, dos palabras sobresal\u00edan: inteligencia y honestidad. Pod\u00eda sentirlo, como un brillo en el aire, como si los cuatro intelectos en la mesa estuvieran iluminando el lugar de una manera que nunca hab\u00eda experimentado.<\/p>\n\n\n\n<p>La ni\u00f1a mayor, en momentos, hablaba de un tema u otro, pero no se le pod\u00eda interrumpir. Hab\u00eda una soltura, una autoridad y una claridad en su expresi\u00f3n que te dejaba sin palabras, que te llevaba a escuchar con atenci\u00f3n. Y me preguntaba, mientras la escuchaba, c\u00f3mo en las redes sociales algunos se atrev\u00edan a juzgar, a decir que la hab\u00edan preparado, que la hab\u00edan ense\u00f1ado de alguna manera. Si alguien supiera realmente el coeficiente intelectual de esa ni\u00f1a, si alguien conociera su manera de expresarse, se sorprender\u00eda. Yo, al menos, en este momento, estoy rumiando la sensaci\u00f3n de todo el d\u00eda, maravillado y profundamente impresionado por lo que acabo de vivir.<\/p>\n\n\n\n<p>Los temas en la mesa iban y ven\u00edan, y mientras Ana Mar\u00eda y yo disfrut\u00e1bamos ese momento, me atrevo a decir que era casi m\u00e1gico. Las historias flu\u00edan sin cesar, con tanto que aprender, tanto que compartir. Nada interrump\u00eda esa conversaci\u00f3n, todo se daba con tal naturalidad que se sent\u00eda como una danza silenciosa, donde las palabras eran los pasos que nos manten\u00edan unidos. Entre \u00c1lvaro y Cristie, se encargaban de explicarnos, de detallarnos, de hacernos preguntas. Pero lo fascinante era la manera en que todo se mov\u00eda en armon\u00eda, hasta que, de repente, alguna de las ni\u00f1as hac\u00eda un peque\u00f1o sonido, un gesto, una palabra, y todo se deten\u00eda. Los padres, con una atenci\u00f3n plena y un respeto absoluto, la miraban, esperaban que terminara lo que ten\u00eda que decir, y la escuchaban con toda la seriedad que merec\u00eda.<\/p>\n\n\n\n<p>Era un respeto profundo, sin prisas, como si cada momento que se compart\u00eda en esa mesa fuera \u00fanico, importante. Y, mientras observaba todo esto, sent\u00eda c\u00f3mo esa energ\u00eda de respeto y amor se extend\u00eda por la habitaci\u00f3n, por la casa, que parec\u00eda fusionarse con la naturaleza que la rodeaba. Cuatro personas conviviendo en un espacio m\u00e1gico, donde todo ten\u00eda un prop\u00f3sito, donde todo estaba conectado. En ese ambiente, no hab\u00eda lugar para la superficialidad, solo para la honestidad de lo que se pensaba, de lo que se sent\u00eda. Era un espacio \u00fanico, donde la calma y la inteligencia se daban la mano de manera tan natural que parec\u00eda una obra de arte. Y todo eso estaba sucediendo en una casa rodeada de naturaleza, un lugar que, por su simpleza y calidez, se convirti\u00f3 en el escenario de algo m\u00e1s grande que cualquier conversaci\u00f3n o historia que pudiera contarse.<\/p>\n\n\n\n<p>Siempre he cre\u00eddo que las amistades no deber\u00edan medirse por la cantidad de veces que nos vemos o nos encontramos. Los amigos deber\u00edan preguntarse, de manera casi formal, \u201c\u00bfQuieres ser mi amigo?\u201d y que el otro tenga la oportunidad de responder, de crear esa relaci\u00f3n casi en modo rom\u00e1ntico, si me permiten el t\u00e9rmino. Muchas veces intent\u00e9 dec\u00edrselo a \u00c1lvaro y a Cristie: \u201c\u00bfQuieren ser mis amigos?\u201d, o quiz\u00e1s, m\u00e1s bien, pensaba en preguntarles si me permit\u00edan ser su amigo. Pero, al final, en medio de la conversaci\u00f3n, en la calidez, en las confidencias, en escuchar cosas personales tan profundas que no me atrever\u00eda a repetir, llegu\u00e9 a la conclusi\u00f3n de que, sin decirlo expl\u00edcitamente, ellos ya me estaban viendo como un amigo. Yo estaba all\u00ed, no como un extra\u00f1o, no como un visitante, sino como un amigo. Estaba all\u00ed cumpliendo con lo que quiero para ellos, y tambi\u00e9n para el mundo. Pero hoy, especialmente, era para ellos, disfrutando de su compa\u00f1\u00eda.<\/p>\n\n\n\n<p>En un momento de la conversaci\u00f3n, quiero dejar claro que le dije a don \u00c1lvaro: \u201cYo soy neutral de este lado de la barrera\u201d. Como ya lo he mencionado en mis escritos, \u00e9l asinti\u00f3 con comprensi\u00f3n. Le confes\u00e9 que todav\u00eda no sab\u00eda por qui\u00e9n iba a votar. Mi voto, le dije, ser\u00eda para el candidato que tuviera m\u00e1s posibilidades, el que hiciera la lucha en la contienda electoral. Y \u00e9l sonri\u00f3. No lo hac\u00eda por mi voto. \u00c9l no necesitaba que votara por \u00e9l. Lo que necesitaba era mi honestidad. Necesitaba mi solidaridad, mi confianza. Necesitaba disfrutar de ese desayuno como lo est\u00e1bamos disfrutando. \u00c1lvaro no vive para un voto. \u00c9l vive por la gente. Se mueve por el amor, por lo que cree que tiene que hacer. Es una persona extraordinaria, si me permiten decirlo; y aunque por ahora es dif\u00edcil leer a las ni\u00f1as, es sencillo leer a Cristie y sus valores, que son la alfombra por la que camina.<\/p>\n\n\n\n<p>El d\u00eda continu\u00f3. Seguimos conversando. El desayuno dur\u00f3 horas. Despu\u00e9s, nos trasladamos a otro lugar de la casa, y seguimos conversando. Finalmente, caminamos hacia la casa de la mam\u00e1 de \u00c1lvaro, donde sus padres nos esperaban. Ana Mar\u00eda y yo fuimos recibidos junto con \u00c1lvaro para almorzar. Fueron las cuatro y treinta de la tarde cuando comenc\u00e9 el regreso a mi casa. Y ahora, a las diez y quince del mismo d\u00eda, me atrevo a escribir, porque siento que solo ahora estoy comenzando a entender realmente lo que viv\u00ed y lo que sent\u00ed.<\/p>\n\n\n\n<p>Amar\u00eda poder llevar a cada uno de ustedes, mis queridos seguidores, a conocer a esta familia, o al menos a esta pareja; y aunque suene extra\u00f1o, hoy, s\u00e1bado en la noche, quisiera que fuera anoche, para ma\u00f1ana volver a vivir la magia que hoy experimente.<\/p>\n\n\n\n<p>\u00c1lvaro y Cristie, indistintamente de si llegar\u00e1n a Zapote, creo profundamente que el mundo es un lugar mejor con ustedes y con sus ni\u00f1as. Soy Vinicio Jarqu\u00edn, apaciguando mi ser interior. Muchas gracias.<\/p>\n\n\n\n<figure class=\"wp-block-image size-full\"><img decoding=\"async\" width=\"800\" height=\"500\" data-src=\"https:\/\/viniciojarquin.com\/blog\/wp-content\/uploads\/2025\/12\/Alvaro-Ramos.jpg\" alt=\"\" class=\"wp-image-1999 lazyload\" data-srcset=\"https:\/\/viniciojarquin.com\/blog\/wp-content\/uploads\/2025\/12\/Alvaro-Ramos.jpg 800w, https:\/\/viniciojarquin.com\/blog\/wp-content\/uploads\/2025\/12\/Alvaro-Ramos-300x188.jpg 300w, https:\/\/viniciojarquin.com\/blog\/wp-content\/uploads\/2025\/12\/Alvaro-Ramos-768x480.jpg 768w\" data-sizes=\"(max-width: 800px) 100vw, 800px\" src=\"data:image\/svg+xml;base64,PHN2ZyB3aWR0aD0iMSIgaGVpZ2h0PSIxIiB4bWxucz0iaHR0cDovL3d3dy53My5vcmcvMjAwMC9zdmciPjwvc3ZnPg==\" style=\"--smush-placeholder-width: 800px; --smush-placeholder-aspect-ratio: 800\/500;\" \/><\/figure>\n","protected":false},"excerpt":{"rendered":"<p>Fue un d\u00eda realmente singular, especial, uno de esos en los que el tiempo parece detenerse. Mi actividad termin\u00f3 alrededor [&hellip;]<\/p>\n","protected":false},"author":1,"featured_media":1999,"comment_status":"open","ping_status":"open","sticky":false,"template":"","format":"standard","meta":{"site-sidebar-layout":"default","site-content-layout":"","ast-site-content-layout":"","site-content-style":"default","site-sidebar-style":"default","ast-global-header-display":"","ast-banner-title-visibility":"","ast-main-header-display":"","ast-hfb-above-header-display":"","ast-hfb-below-header-display":"","ast-hfb-mobile-header-display":"","site-post-title":"","ast-breadcrumbs-content":"","ast-featured-img":"","footer-sml-layout":"","theme-transparent-header-meta":"","adv-header-id-meta":"","stick-header-meta":"","header-above-stick-meta":"","header-main-stick-meta":"","header-below-stick-meta":"","astra-migrate-meta-layouts":"default","ast-page-background-enabled":"default","ast-page-background-meta":{"desktop":{"background-color":"var(--ast-global-color-5)","background-image":"","background-repeat":"repeat","background-position":"center center","background-size":"auto","background-attachment":"scroll","background-type":"","background-media":"","overlay-type":"","overlay-color":"","overlay-opacity":"","overlay-gradient":""},"tablet":{"background-color":"","background-image":"","background-repeat":"repeat","background-position":"center center","background-size":"auto","background-attachment":"scroll","background-type":"","background-media":"","overlay-type":"","overlay-color":"","overlay-opacity":"","overlay-gradient":""},"mobile":{"background-color":"","background-image":"","background-repeat":"repeat","background-position":"center center","background-size":"auto","background-attachment":"scroll","background-type":"","background-media":"","overlay-type":"","overlay-color":"","overlay-opacity":"","overlay-gradient":""}},"ast-content-background-meta":{"desktop":{"background-color":"var(--ast-global-color-4)","background-image":"","background-repeat":"repeat","background-position":"center center","background-size":"auto","background-attachment":"scroll","background-type":"","background-media":"","overlay-type":"","overlay-color":"","overlay-opacity":"","overlay-gradient":""},"tablet":{"background-color":"var(--ast-global-color-4)","background-image":"","background-repeat":"repeat","background-position":"center center","background-size":"auto","background-attachment":"scroll","background-type":"","background-media":"","overlay-type":"","overlay-color":"","overlay-opacity":"","overlay-gradient":""},"mobile":{"background-color":"var(--ast-global-color-4)","background-image":"","background-repeat":"repeat","background-position":"center center","background-size":"auto","background-attachment":"scroll","background-type":"","background-media":"","overlay-type":"","overlay-color":"","overlay-opacity":"","overlay-gradient":""}},"footnotes":""},"categories":[17,30],"tags":[],"class_list":["post-1989","post","type-post","status-publish","format-standard","has-post-thumbnail","hentry","category-elecciones-2026","category-entrevistas"],"yoast_head":"<!-- This site is optimized with the Yoast SEO plugin v26.0 - https:\/\/yoast.com\/wordpress\/plugins\/seo\/ -->\n<title>Una ma\u00f1ana en un lugar de paz - MI BLOG<\/title>\n<meta name=\"robots\" content=\"index, follow, max-snippet:-1, max-image-preview:large, max-video-preview:-1\" \/>\n<link rel=\"canonical\" href=\"https:\/\/viniciojarquin.com\/blog\/una-manana-en-un-lugar-de-paz\/\" \/>\n<meta property=\"og:locale\" content=\"es_ES\" \/>\n<meta property=\"og:type\" content=\"article\" \/>\n<meta property=\"og:title\" content=\"Una ma\u00f1ana en un lugar de paz - MI BLOG\" \/>\n<meta property=\"og:description\" content=\"Fue un d\u00eda realmente singular, especial, uno de esos en los que el tiempo parece detenerse. Mi actividad termin\u00f3 alrededor [&hellip;]\" \/>\n<meta property=\"og:url\" content=\"https:\/\/viniciojarquin.com\/blog\/una-manana-en-un-lugar-de-paz\/\" \/>\n<meta property=\"og:site_name\" content=\"MI BLOG\" \/>\n<meta property=\"article:publisher\" content=\"https:\/\/www.facebook.com\/vinicio.jarquin\" \/>\n<meta property=\"article:author\" content=\"https:\/\/www.facebook.com\/vinicio.jarquin\" \/>\n<meta property=\"article:published_time\" content=\"2025-12-22T06:39:21+00:00\" \/>\n<meta property=\"article:modified_time\" content=\"2026-01-05T02:42:17+00:00\" \/>\n<meta property=\"og:image\" content=\"https:\/\/viniciojarquin.com\/blog\/wp-content\/uploads\/2025\/12\/Alvaro-Ramos.jpg\" \/>\n\t<meta property=\"og:image:width\" content=\"800\" \/>\n\t<meta property=\"og:image:height\" content=\"500\" \/>\n\t<meta property=\"og:image:type\" content=\"image\/jpeg\" \/>\n<meta name=\"author\" content=\"Vinicio Jarqu\u00edn\" \/>\n<meta name=\"twitter:card\" content=\"summary_large_image\" \/>\n<meta name=\"twitter:label1\" content=\"Escrito por\" \/>\n\t<meta name=\"twitter:data1\" content=\"Vinicio Jarqu\u00edn\" \/>\n\t<meta name=\"twitter:label2\" content=\"Tiempo de lectura\" \/>\n\t<meta name=\"twitter:data2\" content=\"10 minutos\" \/>\n<script type=\"application\/ld+json\" class=\"yoast-schema-graph\">{\"@context\":\"https:\/\/schema.org\",\"@graph\":[{\"@type\":\"Article\",\"@id\":\"https:\/\/viniciojarquin.com\/blog\/una-manana-en-un-lugar-de-paz\/#article\",\"isPartOf\":{\"@id\":\"https:\/\/viniciojarquin.com\/blog\/una-manana-en-un-lugar-de-paz\/\"},\"author\":{\"name\":\"Vinicio Jarqu\u00edn\",\"@id\":\"https:\/\/viniciojarquin.com\/blog\/#\/schema\/person\/90100c8845ae55462ec0657d3d2f8d3b\"},\"headline\":\"Una ma\u00f1ana en un lugar de paz\",\"datePublished\":\"2025-12-22T06:39:21+00:00\",\"dateModified\":\"2026-01-05T02:42:17+00:00\",\"mainEntityOfPage\":{\"@id\":\"https:\/\/viniciojarquin.com\/blog\/una-manana-en-un-lugar-de-paz\/\"},\"wordCount\":2080,\"commentCount\":0,\"publisher\":{\"@id\":\"https:\/\/viniciojarquin.com\/blog\/#\/schema\/person\/90100c8845ae55462ec0657d3d2f8d3b\"},\"image\":{\"@id\":\"https:\/\/viniciojarquin.com\/blog\/una-manana-en-un-lugar-de-paz\/#primaryimage\"},\"thumbnailUrl\":\"https:\/\/viniciojarquin.com\/blog\/wp-content\/uploads\/2025\/12\/Alvaro-Ramos.jpg\",\"articleSection\":[\"Elecciones 2026\",\"Entrevistas Elecciones 2026\"],\"inLanguage\":\"es\",\"potentialAction\":[{\"@type\":\"CommentAction\",\"name\":\"Comment\",\"target\":[\"https:\/\/viniciojarquin.com\/blog\/una-manana-en-un-lugar-de-paz\/#respond\"]}]},{\"@type\":\"WebPage\",\"@id\":\"https:\/\/viniciojarquin.com\/blog\/una-manana-en-un-lugar-de-paz\/\",\"url\":\"https:\/\/viniciojarquin.com\/blog\/una-manana-en-un-lugar-de-paz\/\",\"name\":\"Una ma\u00f1ana en un lugar de paz - MI BLOG\",\"isPartOf\":{\"@id\":\"https:\/\/viniciojarquin.com\/blog\/#website\"},\"primaryImageOfPage\":{\"@id\":\"https:\/\/viniciojarquin.com\/blog\/una-manana-en-un-lugar-de-paz\/#primaryimage\"},\"image\":{\"@id\":\"https:\/\/viniciojarquin.com\/blog\/una-manana-en-un-lugar-de-paz\/#primaryimage\"},\"thumbnailUrl\":\"https:\/\/viniciojarquin.com\/blog\/wp-content\/uploads\/2025\/12\/Alvaro-Ramos.jpg\",\"datePublished\":\"2025-12-22T06:39:21+00:00\",\"dateModified\":\"2026-01-05T02:42:17+00:00\",\"breadcrumb\":{\"@id\":\"https:\/\/viniciojarquin.com\/blog\/una-manana-en-un-lugar-de-paz\/#breadcrumb\"},\"inLanguage\":\"es\",\"potentialAction\":[{\"@type\":\"ReadAction\",\"target\":[\"https:\/\/viniciojarquin.com\/blog\/una-manana-en-un-lugar-de-paz\/\"]}]},{\"@type\":\"ImageObject\",\"inLanguage\":\"es\",\"@id\":\"https:\/\/viniciojarquin.com\/blog\/una-manana-en-un-lugar-de-paz\/#primaryimage\",\"url\":\"https:\/\/viniciojarquin.com\/blog\/wp-content\/uploads\/2025\/12\/Alvaro-Ramos.jpg\",\"contentUrl\":\"https:\/\/viniciojarquin.com\/blog\/wp-content\/uploads\/2025\/12\/Alvaro-Ramos.jpg\",\"width\":800,\"height\":500},{\"@type\":\"BreadcrumbList\",\"@id\":\"https:\/\/viniciojarquin.com\/blog\/una-manana-en-un-lugar-de-paz\/#breadcrumb\",\"itemListElement\":[{\"@type\":\"ListItem\",\"position\":1,\"name\":\"Portada\",\"item\":\"https:\/\/viniciojarquin.com\/blog\/\"},{\"@type\":\"ListItem\",\"position\":2,\"name\":\"Una ma\u00f1ana en un lugar de paz\"}]},{\"@type\":\"WebSite\",\"@id\":\"https:\/\/viniciojarquin.com\/blog\/#website\",\"url\":\"https:\/\/viniciojarquin.com\/blog\/\",\"name\":\"Vinicio Jarqu\u00edn BLOG\",\"description\":\"\",\"publisher\":{\"@id\":\"https:\/\/viniciojarquin.com\/blog\/#\/schema\/person\/90100c8845ae55462ec0657d3d2f8d3b\"},\"potentialAction\":[{\"@type\":\"SearchAction\",\"target\":{\"@type\":\"EntryPoint\",\"urlTemplate\":\"https:\/\/viniciojarquin.com\/blog\/?s={search_term_string}\"},\"query-input\":{\"@type\":\"PropertyValueSpecification\",\"valueRequired\":true,\"valueName\":\"search_term_string\"}}],\"inLanguage\":\"es\"},{\"@type\":[\"Person\",\"Organization\"],\"@id\":\"https:\/\/viniciojarquin.com\/blog\/#\/schema\/person\/90100c8845ae55462ec0657d3d2f8d3b\",\"name\":\"Vinicio Jarqu\u00edn\",\"image\":{\"@type\":\"ImageObject\",\"inLanguage\":\"es\",\"@id\":\"https:\/\/viniciojarquin.com\/blog\/#\/schema\/person\/image\/\",\"url\":\"https:\/\/viniciojarquin.com\/blog\/wp-content\/uploads\/2024\/10\/Logo-VinicioJarquin-original-400.png\",\"contentUrl\":\"https:\/\/viniciojarquin.com\/blog\/wp-content\/uploads\/2024\/10\/Logo-VinicioJarquin-original-400.png\",\"width\":400,\"height\":130,\"caption\":\"Vinicio Jarqu\u00edn\"},\"logo\":{\"@id\":\"https:\/\/viniciojarquin.com\/blog\/#\/schema\/person\/image\/\"},\"description\":\"Empresario textil, artista pl\u00e1stico, escritor, coach de vida y fot\u00f3grafo.\",\"sameAs\":[\"https:\/\/viniciojarquin.com\/blog\",\"https:\/\/www.facebook.com\/vinicio.jarquin\",\"https:\/\/www.instagram.com\/vinicio_jarquin\/\",\"https:\/\/www.pinterest.com\/vinnyjc\/\",\"https:\/\/www.youtube.com\/@VinicioJarquin\"],\"url\":\"https:\/\/viniciojarquin.com\/blog\/author\/admin_s02au25i\/\"}]}<\/script>\n<!-- \/ Yoast SEO plugin. -->","yoast_head_json":{"title":"Una ma\u00f1ana en un lugar de paz - MI BLOG","robots":{"index":"index","follow":"follow","max-snippet":"max-snippet:-1","max-image-preview":"max-image-preview:large","max-video-preview":"max-video-preview:-1"},"canonical":"https:\/\/viniciojarquin.com\/blog\/una-manana-en-un-lugar-de-paz\/","og_locale":"es_ES","og_type":"article","og_title":"Una ma\u00f1ana en un lugar de paz - MI BLOG","og_description":"Fue un d\u00eda realmente singular, especial, uno de esos en los que el tiempo parece detenerse. Mi actividad termin\u00f3 alrededor [&hellip;]","og_url":"https:\/\/viniciojarquin.com\/blog\/una-manana-en-un-lugar-de-paz\/","og_site_name":"MI BLOG","article_publisher":"https:\/\/www.facebook.com\/vinicio.jarquin","article_author":"https:\/\/www.facebook.com\/vinicio.jarquin","article_published_time":"2025-12-22T06:39:21+00:00","article_modified_time":"2026-01-05T02:42:17+00:00","og_image":[{"width":800,"height":500,"url":"https:\/\/viniciojarquin.com\/blog\/wp-content\/uploads\/2025\/12\/Alvaro-Ramos.jpg","type":"image\/jpeg"}],"author":"Vinicio Jarqu\u00edn","twitter_card":"summary_large_image","twitter_misc":{"Escrito por":"Vinicio Jarqu\u00edn","Tiempo de lectura":"10 minutos"},"schema":{"@context":"https:\/\/schema.org","@graph":[{"@type":"Article","@id":"https:\/\/viniciojarquin.com\/blog\/una-manana-en-un-lugar-de-paz\/#article","isPartOf":{"@id":"https:\/\/viniciojarquin.com\/blog\/una-manana-en-un-lugar-de-paz\/"},"author":{"name":"Vinicio Jarqu\u00edn","@id":"https:\/\/viniciojarquin.com\/blog\/#\/schema\/person\/90100c8845ae55462ec0657d3d2f8d3b"},"headline":"Una ma\u00f1ana en un lugar de paz","datePublished":"2025-12-22T06:39:21+00:00","dateModified":"2026-01-05T02:42:17+00:00","mainEntityOfPage":{"@id":"https:\/\/viniciojarquin.com\/blog\/una-manana-en-un-lugar-de-paz\/"},"wordCount":2080,"commentCount":0,"publisher":{"@id":"https:\/\/viniciojarquin.com\/blog\/#\/schema\/person\/90100c8845ae55462ec0657d3d2f8d3b"},"image":{"@id":"https:\/\/viniciojarquin.com\/blog\/una-manana-en-un-lugar-de-paz\/#primaryimage"},"thumbnailUrl":"https:\/\/viniciojarquin.com\/blog\/wp-content\/uploads\/2025\/12\/Alvaro-Ramos.jpg","articleSection":["Elecciones 2026","Entrevistas Elecciones 2026"],"inLanguage":"es","potentialAction":[{"@type":"CommentAction","name":"Comment","target":["https:\/\/viniciojarquin.com\/blog\/una-manana-en-un-lugar-de-paz\/#respond"]}]},{"@type":"WebPage","@id":"https:\/\/viniciojarquin.com\/blog\/una-manana-en-un-lugar-de-paz\/","url":"https:\/\/viniciojarquin.com\/blog\/una-manana-en-un-lugar-de-paz\/","name":"Una ma\u00f1ana en un lugar de paz - MI BLOG","isPartOf":{"@id":"https:\/\/viniciojarquin.com\/blog\/#website"},"primaryImageOfPage":{"@id":"https:\/\/viniciojarquin.com\/blog\/una-manana-en-un-lugar-de-paz\/#primaryimage"},"image":{"@id":"https:\/\/viniciojarquin.com\/blog\/una-manana-en-un-lugar-de-paz\/#primaryimage"},"thumbnailUrl":"https:\/\/viniciojarquin.com\/blog\/wp-content\/uploads\/2025\/12\/Alvaro-Ramos.jpg","datePublished":"2025-12-22T06:39:21+00:00","dateModified":"2026-01-05T02:42:17+00:00","breadcrumb":{"@id":"https:\/\/viniciojarquin.com\/blog\/una-manana-en-un-lugar-de-paz\/#breadcrumb"},"inLanguage":"es","potentialAction":[{"@type":"ReadAction","target":["https:\/\/viniciojarquin.com\/blog\/una-manana-en-un-lugar-de-paz\/"]}]},{"@type":"ImageObject","inLanguage":"es","@id":"https:\/\/viniciojarquin.com\/blog\/una-manana-en-un-lugar-de-paz\/#primaryimage","url":"https:\/\/viniciojarquin.com\/blog\/wp-content\/uploads\/2025\/12\/Alvaro-Ramos.jpg","contentUrl":"https:\/\/viniciojarquin.com\/blog\/wp-content\/uploads\/2025\/12\/Alvaro-Ramos.jpg","width":800,"height":500},{"@type":"BreadcrumbList","@id":"https:\/\/viniciojarquin.com\/blog\/una-manana-en-un-lugar-de-paz\/#breadcrumb","itemListElement":[{"@type":"ListItem","position":1,"name":"Portada","item":"https:\/\/viniciojarquin.com\/blog\/"},{"@type":"ListItem","position":2,"name":"Una ma\u00f1ana en un lugar de paz"}]},{"@type":"WebSite","@id":"https:\/\/viniciojarquin.com\/blog\/#website","url":"https:\/\/viniciojarquin.com\/blog\/","name":"Vinicio Jarqu\u00edn BLOG","description":"","publisher":{"@id":"https:\/\/viniciojarquin.com\/blog\/#\/schema\/person\/90100c8845ae55462ec0657d3d2f8d3b"},"potentialAction":[{"@type":"SearchAction","target":{"@type":"EntryPoint","urlTemplate":"https:\/\/viniciojarquin.com\/blog\/?s={search_term_string}"},"query-input":{"@type":"PropertyValueSpecification","valueRequired":true,"valueName":"search_term_string"}}],"inLanguage":"es"},{"@type":["Person","Organization"],"@id":"https:\/\/viniciojarquin.com\/blog\/#\/schema\/person\/90100c8845ae55462ec0657d3d2f8d3b","name":"Vinicio Jarqu\u00edn","image":{"@type":"ImageObject","inLanguage":"es","@id":"https:\/\/viniciojarquin.com\/blog\/#\/schema\/person\/image\/","url":"https:\/\/viniciojarquin.com\/blog\/wp-content\/uploads\/2024\/10\/Logo-VinicioJarquin-original-400.png","contentUrl":"https:\/\/viniciojarquin.com\/blog\/wp-content\/uploads\/2024\/10\/Logo-VinicioJarquin-original-400.png","width":400,"height":130,"caption":"Vinicio Jarqu\u00edn"},"logo":{"@id":"https:\/\/viniciojarquin.com\/blog\/#\/schema\/person\/image\/"},"description":"Empresario textil, artista pl\u00e1stico, escritor, coach de vida y fot\u00f3grafo.","sameAs":["https:\/\/viniciojarquin.com\/blog","https:\/\/www.facebook.com\/vinicio.jarquin","https:\/\/www.instagram.com\/vinicio_jarquin\/","https:\/\/www.pinterest.com\/vinnyjc\/","https:\/\/www.youtube.com\/@VinicioJarquin"],"url":"https:\/\/viniciojarquin.com\/blog\/author\/admin_s02au25i\/"}]}},"blog_post_layout_featured_media_urls":{"thumbnail":["https:\/\/viniciojarquin.com\/blog\/wp-content\/uploads\/2025\/12\/Alvaro-Ramos-150x150.jpg",150,150,true],"full":["https:\/\/viniciojarquin.com\/blog\/wp-content\/uploads\/2025\/12\/Alvaro-Ramos.jpg",800,500,false]},"categories_names":{"17":{"name":"Elecciones 2026","link":"https:\/\/viniciojarquin.com\/blog\/category\/elecciones-2026\/"},"30":{"name":"Entrevistas Elecciones 2026","link":"https:\/\/viniciojarquin.com\/blog\/category\/entrevistas\/"}},"tags_names":[],"comments_number":"0","_links":{"self":[{"href":"https:\/\/viniciojarquin.com\/blog\/wp-json\/wp\/v2\/posts\/1989","targetHints":{"allow":["GET"]}}],"collection":[{"href":"https:\/\/viniciojarquin.com\/blog\/wp-json\/wp\/v2\/posts"}],"about":[{"href":"https:\/\/viniciojarquin.com\/blog\/wp-json\/wp\/v2\/types\/post"}],"author":[{"embeddable":true,"href":"https:\/\/viniciojarquin.com\/blog\/wp-json\/wp\/v2\/users\/1"}],"replies":[{"embeddable":true,"href":"https:\/\/viniciojarquin.com\/blog\/wp-json\/wp\/v2\/comments?post=1989"}],"version-history":[{"count":3,"href":"https:\/\/viniciojarquin.com\/blog\/wp-json\/wp\/v2\/posts\/1989\/revisions"}],"predecessor-version":[{"id":2000,"href":"https:\/\/viniciojarquin.com\/blog\/wp-json\/wp\/v2\/posts\/1989\/revisions\/2000"}],"wp:featuredmedia":[{"embeddable":true,"href":"https:\/\/viniciojarquin.com\/blog\/wp-json\/wp\/v2\/media\/1999"}],"wp:attachment":[{"href":"https:\/\/viniciojarquin.com\/blog\/wp-json\/wp\/v2\/media?parent=1989"}],"wp:term":[{"taxonomy":"category","embeddable":true,"href":"https:\/\/viniciojarquin.com\/blog\/wp-json\/wp\/v2\/categories?post=1989"},{"taxonomy":"post_tag","embeddable":true,"href":"https:\/\/viniciojarquin.com\/blog\/wp-json\/wp\/v2\/tags?post=1989"}],"curies":[{"name":"wp","href":"https:\/\/api.w.org\/{rel}","templated":true}]}}