{"id":1991,"date":"2025-12-22T14:46:04","date_gmt":"2025-12-22T14:46:04","guid":{"rendered":"https:\/\/viniciojarquin.com\/blog\/?p=1991"},"modified":"2025-12-22T14:46:08","modified_gmt":"2025-12-22T14:46:08","slug":"mensaje-de-ano-nuevo","status":"publish","type":"post","link":"https:\/\/viniciojarquin.com\/blog\/mensaje-de-ano-nuevo\/","title":{"rendered":"Mensaje de A\u00f1o Nuevo"},"content":{"rendered":"\n<p>Queridos apaciguaditos, el 31 de diciembre siempre llega en silencio, aunque afuera haya ruido. Es un d\u00eda extra\u00f1o y hermoso a la vez. No es solo el \u00faltimo d\u00eda del a\u00f1o; es un umbral. Un punto exacto donde algo se cierra y algo se abre, aun cuando no sep\u00e1s todav\u00eda qu\u00e9 forma tendr\u00e1 lo que viene. Hay una sensaci\u00f3n dif\u00edcil de explicar: mezcla de despedida, expectativa y una calma rara que aparece justo antes de cruzar.<\/p>\n\n\n\n<p>Este a\u00f1o que termina nos pidi\u00f3 mucho. Nos exigi\u00f3 atenci\u00f3n, presencia, paciencia y, en m\u00e1s de una ocasi\u00f3n, templanza. Nos empuj\u00f3 a reaccionar r\u00e1pido, a opinar fuerte, a tomar partido inmediato, como si no hubiera tiempo para pensar o sentir. Y, aun as\u00ed, aqu\u00ed estamos. M\u00e1s conscientes. M\u00e1s atentos. M\u00e1s entrenados en algo que no siempre se ense\u00f1a ni se valora: la capacidad de detenernos, de respirar hondo, de elegir desde un lugar m\u00e1s profundo que el impulso.<\/p>\n\n\n\n<p>No todo fue f\u00e1cil. Hubo cansancio, dudas, momentos de confusi\u00f3n y de hartazgo. Hubo d\u00edas en que parec\u00eda m\u00e1s sencillo dejarse arrastrar que sostener la calma. Pero tambi\u00e9n hubo aprendizaje. Hubo conversaciones honestas, silencios necesarios y una pr\u00e1ctica constante de algo sencillo y, a la vez, valiente: no perder el centro. No entregarle nuestra paz al ruido ajeno. Eso no es poca cosa. Eso es crecimiento real.<\/p>\n\n\n\n<p>El A\u00f1o Nuevo no necesita fuegos artificiales interiores. No necesita listas interminables de prop\u00f3sitos ni promesas que terminan pesando m\u00e1s de lo que alivian. A veces, empezar un a\u00f1o nuevo es tan simple \u2014y tan profundo\u2014 como seguir siendo fiel a lo que ya descubriste. A ese lugar interno donde sab\u00e9s cu\u00e1ndo hablar y cu\u00e1ndo callar, cu\u00e1ndo avanzar y cu\u00e1ndo esperar, cu\u00e1ndo soltar y cu\u00e1ndo cuidar. Ese lugar que no grita, pero que casi nunca se equivoca.<\/p>\n\n\n\n<p>Hoy no te invito a planear todo el a\u00f1o que viene. Te invito a entrar en \u00e9l con calma. A reconocer que no hace falta tener todas las respuestas para dar el primer paso. A confiar en que la claridad tambi\u00e9n se construye caminando, equivoc\u00e1ndose, ajustando, no solo pensando desde la orilla.<\/p>\n\n\n\n<p>Entramos a un nuevo a\u00f1o viviendo en Costa Rica. Y eso, aunque a veces lo olvidemos, es motivo de gratitud. Este pa\u00eds que nos sostiene y nos incomoda, que nos reta y tambi\u00e9n nos abraza. Un pa\u00eds donde todav\u00eda es posible mirar al otro como persona, sentarse a conversar, discrepar sin deshumanizar, pausar sin culpa. Cuidar esa forma de vivir empieza, siempre, por c\u00f3mo habitamos nuestro propio interior.<\/p>\n\n\n\n<p>Que este A\u00f1o Nuevo te encuentre m\u00e1s liviano. No porque todo est\u00e9 resuelto, sino porque ya no cargas con lo que no te corresponde. Que te encuentre m\u00e1s presente, m\u00e1s consciente de tus l\u00edmites y tambi\u00e9n de tus posibilidades. Que puedas vivir los d\u00edas con menos urgencia y m\u00e1s sentido, con menos reacci\u00f3n y m\u00e1s elecci\u00f3n.<\/p>\n\n\n\n<p>Si algo vale la pena llevarnos al a\u00f1o que empieza es esta certeza: apaciguar el ser interior no nos aleja de la vida; nos permite vivirla con m\u00e1s profundidad. Nos vuelve m\u00e1s humanos, m\u00e1s responsables, m\u00e1s enteros. M\u00e1s capaces de cuidar lo que importa.<\/p>\n\n\n\n<p>Gracias por compartir este tiempo. Gracias por la escucha, por la paciencia y por la voluntad de caminar con conciencia. Que el a\u00f1o que inicia te regale claridad, serenidad y la capacidad de seguir eligiendo desde lo mejor de vos.<\/p>\n\n\n\n<p>Feliz A\u00f1o Nuevo. Que el paso al nuevo a\u00f1o sea tranquilo, consciente y lleno de vida.<\/p>\n","protected":false},"excerpt":{"rendered":"<p>Queridos apaciguaditos, el 31 de diciembre siempre llega en silencio, aunque afuera haya ruido. Es un d\u00eda extra\u00f1o y hermoso [&hellip;]<\/p>\n","protected":false},"author":1,"featured_media":0,"comment_status":"open","ping_status":"open","sticky":false,"template":"","format":"standard","meta":{"site-sidebar-layout":"default","site-content-layout":"","ast-site-content-layout":"","site-content-style":"default","site-sidebar-style":"default","ast-global-header-display":"","ast-banner-title-visibility":"","ast-main-header-display":"","ast-hfb-above-header-display":"","ast-hfb-below-header-display":"","ast-hfb-mobile-header-display":"","site-post-title":"","ast-breadcrumbs-content":"","ast-featured-img":"","footer-sml-layout":"","theme-transparent-header-meta":"","adv-header-id-meta":"","stick-header-meta":"","header-above-stick-meta":"","header-main-stick-meta":"","header-below-stick-meta":"","astra-migrate-meta-layouts":"default","ast-page-background-enabled":"default","ast-page-background-meta":{"desktop":{"background-color":"var(--ast-global-color-5)","background-image":"","background-repeat":"repeat","background-position":"center center","background-size":"auto","background-attachment":"scroll","background-type":"","background-media":"","overlay-type":"","overlay-color":"","overlay-opacity":"","overlay-gradient":""},"tablet":{"background-color":"","background-image":"","background-repeat":"repeat","background-position":"center center","background-size":"auto","background-attachment":"scroll","background-type":"","background-media":"","overlay-type":"","overlay-color":"","overlay-opacity":"","overlay-gradient":""},"mobile":{"background-color":"","background-image":"","background-repeat":"repeat","background-position":"center center","background-size":"auto","background-attachment":"scroll","background-type":"","background-media":"","overlay-type":"","overlay-color":"","overlay-opacity":"","overlay-gradient":""}},"ast-content-background-meta":{"desktop":{"background-color":"var(--ast-global-color-4)","background-image":"","background-repeat":"repeat","background-position":"center center","background-size":"auto","background-attachment":"scroll","background-type":"","background-media":"","overlay-type":"","overlay-color":"","overlay-opacity":"","overlay-gradient":""},"tablet":{"background-color":"var(--ast-global-color-4)","background-image":"","background-repeat":"repeat","background-position":"center center","background-size":"auto","background-attachment":"scroll","background-type":"","background-media":"","overlay-type":"","overlay-color":"","overlay-opacity":"","overlay-gradient":""},"mobile":{"background-color":"var(--ast-global-color-4)","background-image":"","background-repeat":"repeat","background-position":"center center","background-size":"auto","background-attachment":"scroll","background-type":"","background-media":"","overlay-type":"","overlay-color":"","overlay-opacity":"","overlay-gradient":""}},"footnotes":""},"categories":[17],"tags":[],"class_list":["post-1991","post","type-post","status-publish","format-standard","hentry","category-elecciones-2026"],"yoast_head":"<!-- This site is optimized with the Yoast SEO plugin v26.0 - https:\/\/yoast.com\/wordpress\/plugins\/seo\/ -->\n<title>Mensaje de A\u00f1o Nuevo - MI BLOG<\/title>\n<meta name=\"robots\" content=\"index, follow, max-snippet:-1, max-image-preview:large, max-video-preview:-1\" \/>\n<link rel=\"canonical\" href=\"https:\/\/viniciojarquin.com\/blog\/mensaje-de-ano-nuevo\/\" \/>\n<meta property=\"og:locale\" content=\"es_ES\" \/>\n<meta property=\"og:type\" content=\"article\" \/>\n<meta property=\"og:title\" content=\"Mensaje de A\u00f1o Nuevo - MI BLOG\" \/>\n<meta property=\"og:description\" content=\"Queridos apaciguaditos, el 31 de diciembre siempre llega en silencio, aunque afuera haya ruido. Es un d\u00eda extra\u00f1o y hermoso [&hellip;]\" \/>\n<meta property=\"og:url\" content=\"https:\/\/viniciojarquin.com\/blog\/mensaje-de-ano-nuevo\/\" \/>\n<meta property=\"og:site_name\" content=\"MI BLOG\" \/>\n<meta property=\"article:publisher\" content=\"https:\/\/www.facebook.com\/vinicio.jarquin\" \/>\n<meta property=\"article:author\" content=\"https:\/\/www.facebook.com\/vinicio.jarquin\" \/>\n<meta property=\"article:published_time\" content=\"2025-12-22T14:46:04+00:00\" \/>\n<meta property=\"article:modified_time\" content=\"2025-12-22T14:46:08+00:00\" \/>\n<meta name=\"author\" content=\"Vinicio Jarqu\u00edn\" \/>\n<meta name=\"twitter:card\" content=\"summary_large_image\" \/>\n<meta name=\"twitter:label1\" content=\"Escrito por\" \/>\n\t<meta name=\"twitter:data1\" content=\"Vinicio Jarqu\u00edn\" \/>\n\t<meta name=\"twitter:label2\" content=\"Tiempo de lectura\" \/>\n\t<meta name=\"twitter:data2\" content=\"3 minutos\" \/>\n<script type=\"application\/ld+json\" class=\"yoast-schema-graph\">{\"@context\":\"https:\/\/schema.org\",\"@graph\":[{\"@type\":\"Article\",\"@id\":\"https:\/\/viniciojarquin.com\/blog\/mensaje-de-ano-nuevo\/#article\",\"isPartOf\":{\"@id\":\"https:\/\/viniciojarquin.com\/blog\/mensaje-de-ano-nuevo\/\"},\"author\":{\"name\":\"Vinicio Jarqu\u00edn\",\"@id\":\"https:\/\/viniciojarquin.com\/blog\/#\/schema\/person\/90100c8845ae55462ec0657d3d2f8d3b\"},\"headline\":\"Mensaje de A\u00f1o Nuevo\",\"datePublished\":\"2025-12-22T14:46:04+00:00\",\"dateModified\":\"2025-12-22T14:46:08+00:00\",\"mainEntityOfPage\":{\"@id\":\"https:\/\/viniciojarquin.com\/blog\/mensaje-de-ano-nuevo\/\"},\"wordCount\":643,\"commentCount\":0,\"publisher\":{\"@id\":\"https:\/\/viniciojarquin.com\/blog\/#\/schema\/person\/90100c8845ae55462ec0657d3d2f8d3b\"},\"articleSection\":[\"Elecciones 2026\"],\"inLanguage\":\"es\",\"potentialAction\":[{\"@type\":\"CommentAction\",\"name\":\"Comment\",\"target\":[\"https:\/\/viniciojarquin.com\/blog\/mensaje-de-ano-nuevo\/#respond\"]}]},{\"@type\":\"WebPage\",\"@id\":\"https:\/\/viniciojarquin.com\/blog\/mensaje-de-ano-nuevo\/\",\"url\":\"https:\/\/viniciojarquin.com\/blog\/mensaje-de-ano-nuevo\/\",\"name\":\"Mensaje de A\u00f1o Nuevo - MI BLOG\",\"isPartOf\":{\"@id\":\"https:\/\/viniciojarquin.com\/blog\/#website\"},\"datePublished\":\"2025-12-22T14:46:04+00:00\",\"dateModified\":\"2025-12-22T14:46:08+00:00\",\"breadcrumb\":{\"@id\":\"https:\/\/viniciojarquin.com\/blog\/mensaje-de-ano-nuevo\/#breadcrumb\"},\"inLanguage\":\"es\",\"potentialAction\":[{\"@type\":\"ReadAction\",\"target\":[\"https:\/\/viniciojarquin.com\/blog\/mensaje-de-ano-nuevo\/\"]}]},{\"@type\":\"BreadcrumbList\",\"@id\":\"https:\/\/viniciojarquin.com\/blog\/mensaje-de-ano-nuevo\/#breadcrumb\",\"itemListElement\":[{\"@type\":\"ListItem\",\"position\":1,\"name\":\"Portada\",\"item\":\"https:\/\/viniciojarquin.com\/blog\/\"},{\"@type\":\"ListItem\",\"position\":2,\"name\":\"Mensaje de A\u00f1o Nuevo\"}]},{\"@type\":\"WebSite\",\"@id\":\"https:\/\/viniciojarquin.com\/blog\/#website\",\"url\":\"https:\/\/viniciojarquin.com\/blog\/\",\"name\":\"Vinicio Jarqu\u00edn BLOG\",\"description\":\"\",\"publisher\":{\"@id\":\"https:\/\/viniciojarquin.com\/blog\/#\/schema\/person\/90100c8845ae55462ec0657d3d2f8d3b\"},\"potentialAction\":[{\"@type\":\"SearchAction\",\"target\":{\"@type\":\"EntryPoint\",\"urlTemplate\":\"https:\/\/viniciojarquin.com\/blog\/?s={search_term_string}\"},\"query-input\":{\"@type\":\"PropertyValueSpecification\",\"valueRequired\":true,\"valueName\":\"search_term_string\"}}],\"inLanguage\":\"es\"},{\"@type\":[\"Person\",\"Organization\"],\"@id\":\"https:\/\/viniciojarquin.com\/blog\/#\/schema\/person\/90100c8845ae55462ec0657d3d2f8d3b\",\"name\":\"Vinicio Jarqu\u00edn\",\"image\":{\"@type\":\"ImageObject\",\"inLanguage\":\"es\",\"@id\":\"https:\/\/viniciojarquin.com\/blog\/#\/schema\/person\/image\/\",\"url\":\"https:\/\/viniciojarquin.com\/blog\/wp-content\/uploads\/2024\/10\/Logo-VinicioJarquin-original-400.png\",\"contentUrl\":\"https:\/\/viniciojarquin.com\/blog\/wp-content\/uploads\/2024\/10\/Logo-VinicioJarquin-original-400.png\",\"width\":400,\"height\":130,\"caption\":\"Vinicio Jarqu\u00edn\"},\"logo\":{\"@id\":\"https:\/\/viniciojarquin.com\/blog\/#\/schema\/person\/image\/\"},\"description\":\"Empresario textil, artista pl\u00e1stico, escritor, coach de vida y fot\u00f3grafo.\",\"sameAs\":[\"https:\/\/viniciojarquin.com\/blog\",\"https:\/\/www.facebook.com\/vinicio.jarquin\",\"https:\/\/www.instagram.com\/vinicio_jarquin\/\",\"https:\/\/www.pinterest.com\/vinnyjc\/\",\"https:\/\/www.youtube.com\/@VinicioJarquin\"],\"url\":\"https:\/\/viniciojarquin.com\/blog\/author\/admin_s02au25i\/\"}]}<\/script>\n<!-- \/ Yoast SEO plugin. -->","yoast_head_json":{"title":"Mensaje de A\u00f1o Nuevo - MI BLOG","robots":{"index":"index","follow":"follow","max-snippet":"max-snippet:-1","max-image-preview":"max-image-preview:large","max-video-preview":"max-video-preview:-1"},"canonical":"https:\/\/viniciojarquin.com\/blog\/mensaje-de-ano-nuevo\/","og_locale":"es_ES","og_type":"article","og_title":"Mensaje de A\u00f1o Nuevo - MI BLOG","og_description":"Queridos apaciguaditos, el 31 de diciembre siempre llega en silencio, aunque afuera haya ruido. Es un d\u00eda extra\u00f1o y hermoso [&hellip;]","og_url":"https:\/\/viniciojarquin.com\/blog\/mensaje-de-ano-nuevo\/","og_site_name":"MI BLOG","article_publisher":"https:\/\/www.facebook.com\/vinicio.jarquin","article_author":"https:\/\/www.facebook.com\/vinicio.jarquin","article_published_time":"2025-12-22T14:46:04+00:00","article_modified_time":"2025-12-22T14:46:08+00:00","author":"Vinicio Jarqu\u00edn","twitter_card":"summary_large_image","twitter_misc":{"Escrito por":"Vinicio Jarqu\u00edn","Tiempo de lectura":"3 minutos"},"schema":{"@context":"https:\/\/schema.org","@graph":[{"@type":"Article","@id":"https:\/\/viniciojarquin.com\/blog\/mensaje-de-ano-nuevo\/#article","isPartOf":{"@id":"https:\/\/viniciojarquin.com\/blog\/mensaje-de-ano-nuevo\/"},"author":{"name":"Vinicio Jarqu\u00edn","@id":"https:\/\/viniciojarquin.com\/blog\/#\/schema\/person\/90100c8845ae55462ec0657d3d2f8d3b"},"headline":"Mensaje de A\u00f1o Nuevo","datePublished":"2025-12-22T14:46:04+00:00","dateModified":"2025-12-22T14:46:08+00:00","mainEntityOfPage":{"@id":"https:\/\/viniciojarquin.com\/blog\/mensaje-de-ano-nuevo\/"},"wordCount":643,"commentCount":0,"publisher":{"@id":"https:\/\/viniciojarquin.com\/blog\/#\/schema\/person\/90100c8845ae55462ec0657d3d2f8d3b"},"articleSection":["Elecciones 2026"],"inLanguage":"es","potentialAction":[{"@type":"CommentAction","name":"Comment","target":["https:\/\/viniciojarquin.com\/blog\/mensaje-de-ano-nuevo\/#respond"]}]},{"@type":"WebPage","@id":"https:\/\/viniciojarquin.com\/blog\/mensaje-de-ano-nuevo\/","url":"https:\/\/viniciojarquin.com\/blog\/mensaje-de-ano-nuevo\/","name":"Mensaje de A\u00f1o Nuevo - MI BLOG","isPartOf":{"@id":"https:\/\/viniciojarquin.com\/blog\/#website"},"datePublished":"2025-12-22T14:46:04+00:00","dateModified":"2025-12-22T14:46:08+00:00","breadcrumb":{"@id":"https:\/\/viniciojarquin.com\/blog\/mensaje-de-ano-nuevo\/#breadcrumb"},"inLanguage":"es","potentialAction":[{"@type":"ReadAction","target":["https:\/\/viniciojarquin.com\/blog\/mensaje-de-ano-nuevo\/"]}]},{"@type":"BreadcrumbList","@id":"https:\/\/viniciojarquin.com\/blog\/mensaje-de-ano-nuevo\/#breadcrumb","itemListElement":[{"@type":"ListItem","position":1,"name":"Portada","item":"https:\/\/viniciojarquin.com\/blog\/"},{"@type":"ListItem","position":2,"name":"Mensaje de A\u00f1o Nuevo"}]},{"@type":"WebSite","@id":"https:\/\/viniciojarquin.com\/blog\/#website","url":"https:\/\/viniciojarquin.com\/blog\/","name":"Vinicio Jarqu\u00edn BLOG","description":"","publisher":{"@id":"https:\/\/viniciojarquin.com\/blog\/#\/schema\/person\/90100c8845ae55462ec0657d3d2f8d3b"},"potentialAction":[{"@type":"SearchAction","target":{"@type":"EntryPoint","urlTemplate":"https:\/\/viniciojarquin.com\/blog\/?s={search_term_string}"},"query-input":{"@type":"PropertyValueSpecification","valueRequired":true,"valueName":"search_term_string"}}],"inLanguage":"es"},{"@type":["Person","Organization"],"@id":"https:\/\/viniciojarquin.com\/blog\/#\/schema\/person\/90100c8845ae55462ec0657d3d2f8d3b","name":"Vinicio Jarqu\u00edn","image":{"@type":"ImageObject","inLanguage":"es","@id":"https:\/\/viniciojarquin.com\/blog\/#\/schema\/person\/image\/","url":"https:\/\/viniciojarquin.com\/blog\/wp-content\/uploads\/2024\/10\/Logo-VinicioJarquin-original-400.png","contentUrl":"https:\/\/viniciojarquin.com\/blog\/wp-content\/uploads\/2024\/10\/Logo-VinicioJarquin-original-400.png","width":400,"height":130,"caption":"Vinicio Jarqu\u00edn"},"logo":{"@id":"https:\/\/viniciojarquin.com\/blog\/#\/schema\/person\/image\/"},"description":"Empresario textil, artista pl\u00e1stico, escritor, coach de vida y fot\u00f3grafo.","sameAs":["https:\/\/viniciojarquin.com\/blog","https:\/\/www.facebook.com\/vinicio.jarquin","https:\/\/www.instagram.com\/vinicio_jarquin\/","https:\/\/www.pinterest.com\/vinnyjc\/","https:\/\/www.youtube.com\/@VinicioJarquin"],"url":"https:\/\/viniciojarquin.com\/blog\/author\/admin_s02au25i\/"}]}},"blog_post_layout_featured_media_urls":{"thumbnail":"","full":""},"categories_names":{"17":{"name":"Elecciones 2026","link":"https:\/\/viniciojarquin.com\/blog\/category\/elecciones-2026\/"}},"tags_names":[],"comments_number":"0","_links":{"self":[{"href":"https:\/\/viniciojarquin.com\/blog\/wp-json\/wp\/v2\/posts\/1991","targetHints":{"allow":["GET"]}}],"collection":[{"href":"https:\/\/viniciojarquin.com\/blog\/wp-json\/wp\/v2\/posts"}],"about":[{"href":"https:\/\/viniciojarquin.com\/blog\/wp-json\/wp\/v2\/types\/post"}],"author":[{"embeddable":true,"href":"https:\/\/viniciojarquin.com\/blog\/wp-json\/wp\/v2\/users\/1"}],"replies":[{"embeddable":true,"href":"https:\/\/viniciojarquin.com\/blog\/wp-json\/wp\/v2\/comments?post=1991"}],"version-history":[{"count":1,"href":"https:\/\/viniciojarquin.com\/blog\/wp-json\/wp\/v2\/posts\/1991\/revisions"}],"predecessor-version":[{"id":1993,"href":"https:\/\/viniciojarquin.com\/blog\/wp-json\/wp\/v2\/posts\/1991\/revisions\/1993"}],"wp:attachment":[{"href":"https:\/\/viniciojarquin.com\/blog\/wp-json\/wp\/v2\/media?parent=1991"}],"wp:term":[{"taxonomy":"category","embeddable":true,"href":"https:\/\/viniciojarquin.com\/blog\/wp-json\/wp\/v2\/categories?post=1991"},{"taxonomy":"post_tag","embeddable":true,"href":"https:\/\/viniciojarquin.com\/blog\/wp-json\/wp\/v2\/tags?post=1991"}],"curies":[{"name":"wp","href":"https:\/\/api.w.org\/{rel}","templated":true}]}}