{"id":1996,"date":"2025-12-23T15:22:54","date_gmt":"2025-12-23T15:22:54","guid":{"rendered":"https:\/\/viniciojarquin.com\/blog\/?p=1996"},"modified":"2026-01-05T02:40:23","modified_gmt":"2026-01-05T02:40:23","slug":"una-visita-que-no-era-entrevista-y-termino-siendo-encuentro","status":"publish","type":"post","link":"https:\/\/viniciojarquin.com\/blog\/una-visita-que-no-era-entrevista-y-termino-siendo-encuentro\/","title":{"rendered":"Una visita que no era entrevista y termin\u00f3 siendo encuentro"},"content":{"rendered":"\n<p>Queridos amigos y compa\u00f1eros de esta batalla electoral, \u00bfrecuerdan que hace poco hice una entrevista a Jorge, el hijo de Ana Virginia Calzada? En aquel momento contact\u00e9 a la oficina de do\u00f1a Ana Virginia con una intenci\u00f3n muy clara: no quer\u00eda entrevistarla a ella directamente, quer\u00eda hablar con alguien que la amara. Quer\u00eda que me hicieran amarla a m\u00ed, para poder luego escribir desde ah\u00ed, desde ese lugar honesto, y ayudar a que el pa\u00eds tambi\u00e9n pudiera verla, comprenderla y reconocer su entrega por Costa Rica.<\/p>\n\n\n\n<p>Entrevist\u00e9 a Jorge, y cumpli\u00f3 con creces mis expectativas. En esa conversaci\u00f3n no solo pude amar a su mam\u00e1, su trayectoria y su vocaci\u00f3n, sino tambi\u00e9n a \u00e9l. Un muchacho encantador, inteligente, entregado, simp\u00e1tico, gracioso, de buen ver, con una claridad emocional poco com\u00fan. Al terminar aquella reuni\u00f3n le dije, casi como quien lanza un deseo al aire, que alg\u00fan d\u00eda me gustar\u00eda conocer a su mam\u00e1.<\/p>\n\n\n\n<p>La semana pasada, do\u00f1a Ana Virginia me contact\u00f3 personalmente y me invit\u00f3 a una visita social a su casa para hoy lunes 22 de diciembre. Yo iba exactamente a eso: una visita social. Llevaba un regalo, iba dispuesto a conversar, a escuchar, a compartir. No iba en modo entrevistador, iba en modo humano. Sin embargo, horas antes de salir, desde su oficina me contactaron para reconfirmar la entrevista con ella. Entend\u00ed que la agenda hab\u00eda cambiado. As\u00ed que, adem\u00e1s del regalo, tom\u00e9 mi libreta de apuntes.<\/p>\n\n\n\n<p>Cuando empezamos a conversar, en alg\u00fan momento ella me dijo, con una sonrisa franca: \u201cAh, veo que me est\u00e1 haciendo una entrevista\u201d. Yo le respond\u00ed con honestidad: \u201cBueno, eso fue lo que me confirmaron desde su oficina\u201d. Ella me dijo que su intenci\u00f3n era algo social. Ah\u00ed entendimos que hab\u00eda sido un error de coordinaci\u00f3n. Cerr\u00e9 la libreta, literalmente, y me dediqu\u00e9 a disfrutarla.<\/p>\n\n\n\n<p>Pero d\u00e9jenme devolverme unos minutos. Fui recibido con una amabilidad profunda en su casa, una casa hermosa en San Jos\u00e9. Hay un \u00e1rea claramente destinada a oficina, donde me recibieron y donde esper\u00e9 unos minutos, entendiendo perfectamente que ah\u00ed ser\u00eda la conversaci\u00f3n. Sab\u00eda que hab\u00eda otra \u00e1rea, su casa, su espacio personal. Nunca imagin\u00e9 que cruzar\u00edamos ese umbral.<\/p>\n\n\n\n<p>En alg\u00fan momento me dijeron: \u201cPasemos\u201d. Y pasamos al \u00e1rea privada de su hogar. Hab\u00eda bocadillos preparados, todo dispuesto para una conversaci\u00f3n sin prisa. Y ah\u00ed ocurri\u00f3 lo importante. Conversamos de pol\u00edtica, s\u00ed, pero tambi\u00e9n del pa\u00eds. De su vida, de la m\u00eda. De lo que ella espera para Costa Rica y de lo que yo espero. Hablamos con una naturalidad que no se ensaya y con una profundidad que no se improvisa. Y la noche, sin avisar, volvi\u00f3 a hacerse m\u00e1gica.<\/p>\n\n\n\n<p>Algunos dir\u00e1n que yo veo magia en todo lado, porque en otros textos he hablado de ella. Pero no es que yo vea magia en todo. Es que, de alguna forma, la magia me sigue. Tal vez tiene que ver con ser acuarelista. Cuando pinto, el agua no se controla del todo. Uno propone, acompa\u00f1a, observa y conf\u00eda. La belleza aparece cuando no se fuerza.<\/p>\n\n\n\n<p>As\u00ed fue esa noche. No fue una entrevista. Fue un encuentro. De esos que no se planifican y que, precisamente por eso, dejan huella. Y sal\u00ed de ah\u00ed con algo muy claro: cuando la pol\u00edtica se humaniza, cuando se quita el traje r\u00edgido y se permite la conversaci\u00f3n sincera, todav\u00eda es posible creer. No en personas perfectas, sino en personas aut\u00e9nticas. Y eso, en estos tiempos, ya es mucho decir.<\/p>\n\n\n\n<p>En medio de la conversaci\u00f3n apareci\u00f3 de todo. An\u00e1lisis de pa\u00eds, an\u00e1lisis de campa\u00f1a, an\u00e1lisis personales. Hablamos de esas situaciones que uno puede cambiar y tiene la responsabilidad de hacerlo, y de otras que no se pueden cambiar y que, por lo tanto, hay que aprender a dejar pasar con dignidad y serenidad. La conversaci\u00f3n se mov\u00eda con naturalidad entre lo pol\u00edtico y lo humano, entre lo profundo y lo cotidiano, entre la risa y la reflexi\u00f3n.<\/p>\n\n\n\n<p>Fue una charla pol\u00edtica, s\u00ed, pero tambi\u00e9n fue amistosa, sociable, cercana y, por momentos, divertida. Conversar as\u00ed, sin guiones ni poses, con una mujer extraordinariamente inteligente y preparada, fue un regalo. Una exmagistrada del Poder Judicial con una trayectoria limpia, s\u00f3lida, profunda, marcada por grandes logros y decisiones dif\u00edciles tomadas con car\u00e1cter. Una mujer con una vida ordenada, coherente, con valores claros que no se dicen, se notan.<\/p>\n\n\n\n<p>Hab\u00eda tambi\u00e9n algo que no se pod\u00eda obviar. Su forma de estar en el mundo. Su manera de escuchar, de responder sin prisa, de argumentar sin imponerse. La naturalidad con la que hablaba de sus hijos, de su familia, de sus afectos, de su historia personal. Todo ese conjunto \u2014la profesional, la madre, la ciudadana, la mujer\u2014 formaba una presencia completa, \u00edntegra, imposible de fragmentar.<\/p>\n\n\n\n<p>No era solo una presentaci\u00f3n impecable desde lo p\u00fablico; era una gracia que nac\u00eda de la coherencia. Esa sensaci\u00f3n tan poco com\u00fan de estar frente a alguien cuya vida no est\u00e1 dividida en compartimentos, sino que camina en una misma direcci\u00f3n. Y eso, en la pol\u00edtica, se siente. No se explica con cifras ni con discursos. Se percibe.<\/p>\n\n\n\n<p>Mientras la noche avanzaba, entend\u00ed algo m\u00e1s. Que hay encuentros que no buscan convencer, sino comprender. Que hay conversaciones que no pretenden ganar nada, pero lo ganan todo. Y que, a veces, el pa\u00eds que uno sue\u00f1a empieza a dibujarse no en una tarima, sino en una mesa, entre bocadillos, palabras honestas y silencios c\u00f3modos.<\/p>\n\n\n\n<p>Sal\u00ed de ah\u00ed con calma. Con esa sensaci\u00f3n rara y valiosa de haber compartido tiempo con alguien que no necesita demostrar qui\u00e9n es. Y confirm\u00e9, una vez m\u00e1s, que cuando la pol\u00edtica se cruza con la humanidad sin disfraz, algo se ordena por dentro. Y eso, para m\u00ed, sigue siendo una de las se\u00f1ales m\u00e1s claras de que todav\u00eda hay esperanza.<\/p>\n\n\n\n<p>Por supuesto que tambi\u00e9n hablamos largo y tendido de mi campa\u00f1a. De lo que hago, de por qu\u00e9 lo hago, de qui\u00e9nes me siguen y de c\u00f3mo me siguen. Hablamos del fin \u00faltimo, que nunca ha sido una candidatura propia ni un protagonismo personal, sino la necesidad profunda de bajar el ruido, ordenar la conversaci\u00f3n y ayudar a que Costa Rica piense con m\u00e1s calma en medio de tanta efervescencia.<\/p>\n\n\n\n<p>Le habl\u00e9 con total franqueza. Le dije que no tengo todav\u00eda un candidato definido, y que justamente por eso me muevo con libertad. Le ofrec\u00ed mi ayuda sin rodeos, sin letras peque\u00f1as. Le dije que, si en alg\u00fan momento consideraba que hab\u00eda un tema importante que deb\u00eda ser tratado con profundidad y cuidado, yo estaba dispuesto a escribirlo. Siempre desde mi \u00f3ptica, siempre desde la neutralidad frente a los partidos, siempre desde ese lugar ciudadano que no responde a consignas ni a l\u00edneas partidarias.<\/p>\n\n\n\n<p>Tambi\u00e9n fui claro en algo m\u00e1s. Le dije que, si ella necesitaba apoyo para abrir puentes, para generar conversaciones o para acercarse a otros sectores, incluso a otros partidos, yo estaba dispuesto a hacerlo. No como operador pol\u00edtico, sino como facilitador de di\u00e1logo. Porque si algo tengo claro hoy es que este pa\u00eds no se salva desde una sola esquina.<\/p>\n\n\n\n<p>En este momento \u2014al menos desde mi criterio\u2014 me he convertido en un v\u00ednculo. Un puente imperfecto, humano, pero real, entre distintos sectores democr\u00e1ticos de Costa Rica. Y no por m\u00e9rito propio \u00fanicamente, sino gracias a la comunidad que se ha ido formando alrededor de <em>Apacigua tu ser interior<\/em>. Personas diversas, de distintas edades, partidos, historias y pensamientos, que coinciden en algo esencial: Costa Rica merece una conversaci\u00f3n mejor.<\/p>\n\n\n\n<p>Se lo dije sin grandilocuencia, sin inflar nada. Solo como una constataci\u00f3n del momento que estamos viviendo. Mi rol hoy no es decirle a nadie por qui\u00e9n votar, sino ayudar a que el pa\u00eds llegue a ese d\u00eda con m\u00e1s conciencia, menos odio y m\u00e1s capacidad de escucharse. Si desde ah\u00ed puedo servir, lo har\u00e9. Con ella, con otros candidatos, con otros partidos. Porque al final, lo que est\u00e1 en juego no es una figura, sino la posibilidad de que esta patria vuelva a hablarse sin miedo y sin gritos.<\/p>\n\n\n\n<p>Conocerla a ella fue una experiencia \u00fanica. Y lo digo con plena conciencia de todo lo que he vivido en estos meses. Como ya ustedes saben, me he reunido con vicepresidentes, presidentes, diputados, magistrados, candidatos, familiares de candidatos. He conversado con hijos, con esposas, con equipos cercanos, con personas brillantes en lo t\u00e9cnico y en lo pol\u00edtico. Pero esto fue distinto.<\/p>\n\n\n\n<p>No fue una conversaci\u00f3n con el hijo de alguien, ni con la esposa de un candidato. No fue un encuentro con dos economistas formidables. No fue una charla con una posible primera dama de la Rep\u00fablica. Esta reuni\u00f3n fue diferente porque fue nueva, particular, con un matiz propio que no hab\u00eda experimentado antes. Y no digo esto para establecer jerarqu\u00edas. No fue mejor ni superior a las otras. Fue, simplemente, distinta.<\/p>\n\n\n\n<p>Convers\u00e9 con una abogada, una exmagistrada del Poder Judicial, una mujer profundamente preparada, pero tambi\u00e9n creativa. En algunos aspectos, casi como una artista pl\u00e1stica. Con ideas innovadoras, incluso revolucionarias, especialmente para San Jos\u00e9, de las que ella hablar\u00e1 cuando lo considere oportuno. Pero hab\u00eda algo en su manera de pensar, en su forma de imaginar la ciudad y el pa\u00eds, que me conectaba desde mi lugar de artista. Esa creatividad me hablaba en un idioma que reconozco bien.<\/p>\n\n\n\n<p>Eso hizo que la experiencia tuviera otro color. Otro ritmo. Otro pulso. Y ah\u00ed confirm\u00e9 algo que me encanta de este camino: los matices. Me encanta escuchar a los economistas, ahora a la abogada. Me encantan las conversaciones con los hijos, con las esposas, con los amigos de los candidatos. Esa diversidad de miradas es, para m\u00ed, una de las cosas m\u00e1s hermosas que me ha regalado este proceso. Me permite entender el pa\u00eds desde muchos \u00e1ngulos, sin encasillarlo, sin reducirlo.<\/p>\n\n\n\n<p>Disfrut\u00e9 enormemente la reuni\u00f3n. Disfrut\u00e9 la conversaci\u00f3n y tambi\u00e9n cada uno de los bocadillos compartidos en la casa hermosa de la exmagistrada y hoy candidata a la presidencia de la Rep\u00fablica, Ana Virginia Calzada. Fue una noche c\u00e1lida, humana, cercana.<\/p>\n\n\n\n<p>Nos despedimos con un abrazo lind\u00edsimo. Profundo. Amistoso. No sin que ella me pidiera que volviera otra vez, y no sin que yo le dijera que llegara a mi casa cuando quisiera. Incluso le ofrec\u00ed algo muy m\u00edo: que cuando tenga un grupo de trabajo estresado, cargado o agotado, me los mande al taller de arte, que yo se los devuelvo relajados. Con pintura, con silencio, con color.<\/p>\n\n\n\n<p>Fue una noche verdaderamente linda. De esas que se agradecen. Queridos amigos de <em>Apacigua tu ser interior<\/em>, ya veremos cu\u00e1l ser\u00e1 nuestra pr\u00f3xima experiencia.<\/p>\n\n\n\n<p>Yo soy Vinicio Jarqu\u00edn.<\/p>\n\n\n\n<p>Un abrazo a todos.<\/p>\n\n\n\n<figure class=\"wp-block-image size-full\"><img decoding=\"async\" width=\"800\" height=\"500\" data-src=\"https:\/\/viniciojarquin.com\/blog\/wp-content\/uploads\/2025\/12\/Ana-Virginia-Calzada.jpg\" alt=\"\" class=\"wp-image-1997 lazyload\" data-srcset=\"https:\/\/viniciojarquin.com\/blog\/wp-content\/uploads\/2025\/12\/Ana-Virginia-Calzada.jpg 800w, https:\/\/viniciojarquin.com\/blog\/wp-content\/uploads\/2025\/12\/Ana-Virginia-Calzada-300x188.jpg 300w, https:\/\/viniciojarquin.com\/blog\/wp-content\/uploads\/2025\/12\/Ana-Virginia-Calzada-768x480.jpg 768w\" data-sizes=\"(max-width: 800px) 100vw, 800px\" src=\"data:image\/svg+xml;base64,PHN2ZyB3aWR0aD0iMSIgaGVpZ2h0PSIxIiB4bWxucz0iaHR0cDovL3d3dy53My5vcmcvMjAwMC9zdmciPjwvc3ZnPg==\" style=\"--smush-placeholder-width: 800px; --smush-placeholder-aspect-ratio: 800\/500;\" \/><\/figure>\n","protected":false},"excerpt":{"rendered":"<p>Queridos amigos y compa\u00f1eros de esta batalla electoral, \u00bfrecuerdan que hace poco hice una entrevista a Jorge, el hijo de [&hellip;]<\/p>\n","protected":false},"author":1,"featured_media":1997,"comment_status":"open","ping_status":"open","sticky":false,"template":"","format":"standard","meta":{"site-sidebar-layout":"default","site-content-layout":"","ast-site-content-layout":"","site-content-style":"default","site-sidebar-style":"default","ast-global-header-display":"","ast-banner-title-visibility":"","ast-main-header-display":"","ast-hfb-above-header-display":"","ast-hfb-below-header-display":"","ast-hfb-mobile-header-display":"","site-post-title":"","ast-breadcrumbs-content":"","ast-featured-img":"","footer-sml-layout":"","theme-transparent-header-meta":"","adv-header-id-meta":"","stick-header-meta":"","header-above-stick-meta":"","header-main-stick-meta":"","header-below-stick-meta":"","astra-migrate-meta-layouts":"default","ast-page-background-enabled":"default","ast-page-background-meta":{"desktop":{"background-color":"var(--ast-global-color-5)","background-image":"","background-repeat":"repeat","background-position":"center center","background-size":"auto","background-attachment":"scroll","background-type":"","background-media":"","overlay-type":"","overlay-color":"","overlay-opacity":"","overlay-gradient":""},"tablet":{"background-color":"","background-image":"","background-repeat":"repeat","background-position":"center center","background-size":"auto","background-attachment":"scroll","background-type":"","background-media":"","overlay-type":"","overlay-color":"","overlay-opacity":"","overlay-gradient":""},"mobile":{"background-color":"","background-image":"","background-repeat":"repeat","background-position":"center center","background-size":"auto","background-attachment":"scroll","background-type":"","background-media":"","overlay-type":"","overlay-color":"","overlay-opacity":"","overlay-gradient":""}},"ast-content-background-meta":{"desktop":{"background-color":"var(--ast-global-color-4)","background-image":"","background-repeat":"repeat","background-position":"center center","background-size":"auto","background-attachment":"scroll","background-type":"","background-media":"","overlay-type":"","overlay-color":"","overlay-opacity":"","overlay-gradient":""},"tablet":{"background-color":"var(--ast-global-color-4)","background-image":"","background-repeat":"repeat","background-position":"center center","background-size":"auto","background-attachment":"scroll","background-type":"","background-media":"","overlay-type":"","overlay-color":"","overlay-opacity":"","overlay-gradient":""},"mobile":{"background-color":"var(--ast-global-color-4)","background-image":"","background-repeat":"repeat","background-position":"center center","background-size":"auto","background-attachment":"scroll","background-type":"","background-media":"","overlay-type":"","overlay-color":"","overlay-opacity":"","overlay-gradient":""}},"footnotes":""},"categories":[17,30],"tags":[],"class_list":["post-1996","post","type-post","status-publish","format-standard","has-post-thumbnail","hentry","category-elecciones-2026","category-entrevistas"],"yoast_head":"<!-- This site is optimized with the Yoast SEO plugin v26.0 - https:\/\/yoast.com\/wordpress\/plugins\/seo\/ -->\n<title>Una visita que no era entrevista y termin\u00f3 siendo encuentro - MI BLOG<\/title>\n<meta name=\"robots\" content=\"index, follow, max-snippet:-1, max-image-preview:large, max-video-preview:-1\" \/>\n<link rel=\"canonical\" href=\"https:\/\/viniciojarquin.com\/blog\/una-visita-que-no-era-entrevista-y-termino-siendo-encuentro\/\" \/>\n<meta property=\"og:locale\" content=\"es_ES\" \/>\n<meta property=\"og:type\" content=\"article\" \/>\n<meta property=\"og:title\" content=\"Una visita que no era entrevista y termin\u00f3 siendo encuentro - MI BLOG\" \/>\n<meta property=\"og:description\" content=\"Queridos amigos y compa\u00f1eros de esta batalla electoral, \u00bfrecuerdan que hace poco hice una entrevista a Jorge, el hijo de [&hellip;]\" \/>\n<meta property=\"og:url\" content=\"https:\/\/viniciojarquin.com\/blog\/una-visita-que-no-era-entrevista-y-termino-siendo-encuentro\/\" \/>\n<meta property=\"og:site_name\" content=\"MI BLOG\" \/>\n<meta property=\"article:publisher\" content=\"https:\/\/www.facebook.com\/vinicio.jarquin\" \/>\n<meta property=\"article:author\" content=\"https:\/\/www.facebook.com\/vinicio.jarquin\" \/>\n<meta property=\"article:published_time\" content=\"2025-12-23T15:22:54+00:00\" \/>\n<meta property=\"article:modified_time\" content=\"2026-01-05T02:40:23+00:00\" \/>\n<meta property=\"og:image\" content=\"https:\/\/viniciojarquin.com\/blog\/wp-content\/uploads\/2025\/12\/Ana-Virginia-Calzada.jpg\" \/>\n\t<meta property=\"og:image:width\" content=\"800\" \/>\n\t<meta property=\"og:image:height\" content=\"500\" \/>\n\t<meta property=\"og:image:type\" content=\"image\/jpeg\" \/>\n<meta name=\"author\" content=\"Vinicio Jarqu\u00edn\" \/>\n<meta name=\"twitter:card\" content=\"summary_large_image\" \/>\n<meta name=\"twitter:label1\" content=\"Escrito por\" \/>\n\t<meta name=\"twitter:data1\" content=\"Vinicio Jarqu\u00edn\" \/>\n\t<meta name=\"twitter:label2\" content=\"Tiempo de lectura\" \/>\n\t<meta name=\"twitter:data2\" content=\"9 minutos\" \/>\n<script type=\"application\/ld+json\" class=\"yoast-schema-graph\">{\"@context\":\"https:\/\/schema.org\",\"@graph\":[{\"@type\":\"Article\",\"@id\":\"https:\/\/viniciojarquin.com\/blog\/una-visita-que-no-era-entrevista-y-termino-siendo-encuentro\/#article\",\"isPartOf\":{\"@id\":\"https:\/\/viniciojarquin.com\/blog\/una-visita-que-no-era-entrevista-y-termino-siendo-encuentro\/\"},\"author\":{\"name\":\"Vinicio Jarqu\u00edn\",\"@id\":\"https:\/\/viniciojarquin.com\/blog\/#\/schema\/person\/90100c8845ae55462ec0657d3d2f8d3b\"},\"headline\":\"Una visita que no era entrevista y termin\u00f3 siendo encuentro\",\"datePublished\":\"2025-12-23T15:22:54+00:00\",\"dateModified\":\"2026-01-05T02:40:23+00:00\",\"mainEntityOfPage\":{\"@id\":\"https:\/\/viniciojarquin.com\/blog\/una-visita-que-no-era-entrevista-y-termino-siendo-encuentro\/\"},\"wordCount\":1907,\"commentCount\":0,\"publisher\":{\"@id\":\"https:\/\/viniciojarquin.com\/blog\/#\/schema\/person\/90100c8845ae55462ec0657d3d2f8d3b\"},\"image\":{\"@id\":\"https:\/\/viniciojarquin.com\/blog\/una-visita-que-no-era-entrevista-y-termino-siendo-encuentro\/#primaryimage\"},\"thumbnailUrl\":\"https:\/\/viniciojarquin.com\/blog\/wp-content\/uploads\/2025\/12\/Ana-Virginia-Calzada.jpg\",\"articleSection\":[\"Elecciones 2026\",\"Entrevistas Elecciones 2026\"],\"inLanguage\":\"es\",\"potentialAction\":[{\"@type\":\"CommentAction\",\"name\":\"Comment\",\"target\":[\"https:\/\/viniciojarquin.com\/blog\/una-visita-que-no-era-entrevista-y-termino-siendo-encuentro\/#respond\"]}]},{\"@type\":\"WebPage\",\"@id\":\"https:\/\/viniciojarquin.com\/blog\/una-visita-que-no-era-entrevista-y-termino-siendo-encuentro\/\",\"url\":\"https:\/\/viniciojarquin.com\/blog\/una-visita-que-no-era-entrevista-y-termino-siendo-encuentro\/\",\"name\":\"Una visita que no era entrevista y termin\u00f3 siendo encuentro - MI BLOG\",\"isPartOf\":{\"@id\":\"https:\/\/viniciojarquin.com\/blog\/#website\"},\"primaryImageOfPage\":{\"@id\":\"https:\/\/viniciojarquin.com\/blog\/una-visita-que-no-era-entrevista-y-termino-siendo-encuentro\/#primaryimage\"},\"image\":{\"@id\":\"https:\/\/viniciojarquin.com\/blog\/una-visita-que-no-era-entrevista-y-termino-siendo-encuentro\/#primaryimage\"},\"thumbnailUrl\":\"https:\/\/viniciojarquin.com\/blog\/wp-content\/uploads\/2025\/12\/Ana-Virginia-Calzada.jpg\",\"datePublished\":\"2025-12-23T15:22:54+00:00\",\"dateModified\":\"2026-01-05T02:40:23+00:00\",\"breadcrumb\":{\"@id\":\"https:\/\/viniciojarquin.com\/blog\/una-visita-que-no-era-entrevista-y-termino-siendo-encuentro\/#breadcrumb\"},\"inLanguage\":\"es\",\"potentialAction\":[{\"@type\":\"ReadAction\",\"target\":[\"https:\/\/viniciojarquin.com\/blog\/una-visita-que-no-era-entrevista-y-termino-siendo-encuentro\/\"]}]},{\"@type\":\"ImageObject\",\"inLanguage\":\"es\",\"@id\":\"https:\/\/viniciojarquin.com\/blog\/una-visita-que-no-era-entrevista-y-termino-siendo-encuentro\/#primaryimage\",\"url\":\"https:\/\/viniciojarquin.com\/blog\/wp-content\/uploads\/2025\/12\/Ana-Virginia-Calzada.jpg\",\"contentUrl\":\"https:\/\/viniciojarquin.com\/blog\/wp-content\/uploads\/2025\/12\/Ana-Virginia-Calzada.jpg\",\"width\":800,\"height\":500},{\"@type\":\"BreadcrumbList\",\"@id\":\"https:\/\/viniciojarquin.com\/blog\/una-visita-que-no-era-entrevista-y-termino-siendo-encuentro\/#breadcrumb\",\"itemListElement\":[{\"@type\":\"ListItem\",\"position\":1,\"name\":\"Portada\",\"item\":\"https:\/\/viniciojarquin.com\/blog\/\"},{\"@type\":\"ListItem\",\"position\":2,\"name\":\"Una visita que no era entrevista y termin\u00f3 siendo encuentro\"}]},{\"@type\":\"WebSite\",\"@id\":\"https:\/\/viniciojarquin.com\/blog\/#website\",\"url\":\"https:\/\/viniciojarquin.com\/blog\/\",\"name\":\"Vinicio Jarqu\u00edn BLOG\",\"description\":\"\",\"publisher\":{\"@id\":\"https:\/\/viniciojarquin.com\/blog\/#\/schema\/person\/90100c8845ae55462ec0657d3d2f8d3b\"},\"potentialAction\":[{\"@type\":\"SearchAction\",\"target\":{\"@type\":\"EntryPoint\",\"urlTemplate\":\"https:\/\/viniciojarquin.com\/blog\/?s={search_term_string}\"},\"query-input\":{\"@type\":\"PropertyValueSpecification\",\"valueRequired\":true,\"valueName\":\"search_term_string\"}}],\"inLanguage\":\"es\"},{\"@type\":[\"Person\",\"Organization\"],\"@id\":\"https:\/\/viniciojarquin.com\/blog\/#\/schema\/person\/90100c8845ae55462ec0657d3d2f8d3b\",\"name\":\"Vinicio Jarqu\u00edn\",\"image\":{\"@type\":\"ImageObject\",\"inLanguage\":\"es\",\"@id\":\"https:\/\/viniciojarquin.com\/blog\/#\/schema\/person\/image\/\",\"url\":\"https:\/\/viniciojarquin.com\/blog\/wp-content\/uploads\/2024\/10\/Logo-VinicioJarquin-original-400.png\",\"contentUrl\":\"https:\/\/viniciojarquin.com\/blog\/wp-content\/uploads\/2024\/10\/Logo-VinicioJarquin-original-400.png\",\"width\":400,\"height\":130,\"caption\":\"Vinicio Jarqu\u00edn\"},\"logo\":{\"@id\":\"https:\/\/viniciojarquin.com\/blog\/#\/schema\/person\/image\/\"},\"description\":\"Empresario textil, artista pl\u00e1stico, escritor, coach de vida y fot\u00f3grafo.\",\"sameAs\":[\"https:\/\/viniciojarquin.com\/blog\",\"https:\/\/www.facebook.com\/vinicio.jarquin\",\"https:\/\/www.instagram.com\/vinicio_jarquin\/\",\"https:\/\/www.pinterest.com\/vinnyjc\/\",\"https:\/\/www.youtube.com\/@VinicioJarquin\"],\"url\":\"https:\/\/viniciojarquin.com\/blog\/author\/admin_s02au25i\/\"}]}<\/script>\n<!-- \/ Yoast SEO plugin. -->","yoast_head_json":{"title":"Una visita que no era entrevista y termin\u00f3 siendo encuentro - MI BLOG","robots":{"index":"index","follow":"follow","max-snippet":"max-snippet:-1","max-image-preview":"max-image-preview:large","max-video-preview":"max-video-preview:-1"},"canonical":"https:\/\/viniciojarquin.com\/blog\/una-visita-que-no-era-entrevista-y-termino-siendo-encuentro\/","og_locale":"es_ES","og_type":"article","og_title":"Una visita que no era entrevista y termin\u00f3 siendo encuentro - MI BLOG","og_description":"Queridos amigos y compa\u00f1eros de esta batalla electoral, \u00bfrecuerdan que hace poco hice una entrevista a Jorge, el hijo de [&hellip;]","og_url":"https:\/\/viniciojarquin.com\/blog\/una-visita-que-no-era-entrevista-y-termino-siendo-encuentro\/","og_site_name":"MI BLOG","article_publisher":"https:\/\/www.facebook.com\/vinicio.jarquin","article_author":"https:\/\/www.facebook.com\/vinicio.jarquin","article_published_time":"2025-12-23T15:22:54+00:00","article_modified_time":"2026-01-05T02:40:23+00:00","og_image":[{"width":800,"height":500,"url":"https:\/\/viniciojarquin.com\/blog\/wp-content\/uploads\/2025\/12\/Ana-Virginia-Calzada.jpg","type":"image\/jpeg"}],"author":"Vinicio Jarqu\u00edn","twitter_card":"summary_large_image","twitter_misc":{"Escrito por":"Vinicio Jarqu\u00edn","Tiempo de lectura":"9 minutos"},"schema":{"@context":"https:\/\/schema.org","@graph":[{"@type":"Article","@id":"https:\/\/viniciojarquin.com\/blog\/una-visita-que-no-era-entrevista-y-termino-siendo-encuentro\/#article","isPartOf":{"@id":"https:\/\/viniciojarquin.com\/blog\/una-visita-que-no-era-entrevista-y-termino-siendo-encuentro\/"},"author":{"name":"Vinicio Jarqu\u00edn","@id":"https:\/\/viniciojarquin.com\/blog\/#\/schema\/person\/90100c8845ae55462ec0657d3d2f8d3b"},"headline":"Una visita que no era entrevista y termin\u00f3 siendo encuentro","datePublished":"2025-12-23T15:22:54+00:00","dateModified":"2026-01-05T02:40:23+00:00","mainEntityOfPage":{"@id":"https:\/\/viniciojarquin.com\/blog\/una-visita-que-no-era-entrevista-y-termino-siendo-encuentro\/"},"wordCount":1907,"commentCount":0,"publisher":{"@id":"https:\/\/viniciojarquin.com\/blog\/#\/schema\/person\/90100c8845ae55462ec0657d3d2f8d3b"},"image":{"@id":"https:\/\/viniciojarquin.com\/blog\/una-visita-que-no-era-entrevista-y-termino-siendo-encuentro\/#primaryimage"},"thumbnailUrl":"https:\/\/viniciojarquin.com\/blog\/wp-content\/uploads\/2025\/12\/Ana-Virginia-Calzada.jpg","articleSection":["Elecciones 2026","Entrevistas Elecciones 2026"],"inLanguage":"es","potentialAction":[{"@type":"CommentAction","name":"Comment","target":["https:\/\/viniciojarquin.com\/blog\/una-visita-que-no-era-entrevista-y-termino-siendo-encuentro\/#respond"]}]},{"@type":"WebPage","@id":"https:\/\/viniciojarquin.com\/blog\/una-visita-que-no-era-entrevista-y-termino-siendo-encuentro\/","url":"https:\/\/viniciojarquin.com\/blog\/una-visita-que-no-era-entrevista-y-termino-siendo-encuentro\/","name":"Una visita que no era entrevista y termin\u00f3 siendo encuentro - MI BLOG","isPartOf":{"@id":"https:\/\/viniciojarquin.com\/blog\/#website"},"primaryImageOfPage":{"@id":"https:\/\/viniciojarquin.com\/blog\/una-visita-que-no-era-entrevista-y-termino-siendo-encuentro\/#primaryimage"},"image":{"@id":"https:\/\/viniciojarquin.com\/blog\/una-visita-que-no-era-entrevista-y-termino-siendo-encuentro\/#primaryimage"},"thumbnailUrl":"https:\/\/viniciojarquin.com\/blog\/wp-content\/uploads\/2025\/12\/Ana-Virginia-Calzada.jpg","datePublished":"2025-12-23T15:22:54+00:00","dateModified":"2026-01-05T02:40:23+00:00","breadcrumb":{"@id":"https:\/\/viniciojarquin.com\/blog\/una-visita-que-no-era-entrevista-y-termino-siendo-encuentro\/#breadcrumb"},"inLanguage":"es","potentialAction":[{"@type":"ReadAction","target":["https:\/\/viniciojarquin.com\/blog\/una-visita-que-no-era-entrevista-y-termino-siendo-encuentro\/"]}]},{"@type":"ImageObject","inLanguage":"es","@id":"https:\/\/viniciojarquin.com\/blog\/una-visita-que-no-era-entrevista-y-termino-siendo-encuentro\/#primaryimage","url":"https:\/\/viniciojarquin.com\/blog\/wp-content\/uploads\/2025\/12\/Ana-Virginia-Calzada.jpg","contentUrl":"https:\/\/viniciojarquin.com\/blog\/wp-content\/uploads\/2025\/12\/Ana-Virginia-Calzada.jpg","width":800,"height":500},{"@type":"BreadcrumbList","@id":"https:\/\/viniciojarquin.com\/blog\/una-visita-que-no-era-entrevista-y-termino-siendo-encuentro\/#breadcrumb","itemListElement":[{"@type":"ListItem","position":1,"name":"Portada","item":"https:\/\/viniciojarquin.com\/blog\/"},{"@type":"ListItem","position":2,"name":"Una visita que no era entrevista y termin\u00f3 siendo encuentro"}]},{"@type":"WebSite","@id":"https:\/\/viniciojarquin.com\/blog\/#website","url":"https:\/\/viniciojarquin.com\/blog\/","name":"Vinicio Jarqu\u00edn BLOG","description":"","publisher":{"@id":"https:\/\/viniciojarquin.com\/blog\/#\/schema\/person\/90100c8845ae55462ec0657d3d2f8d3b"},"potentialAction":[{"@type":"SearchAction","target":{"@type":"EntryPoint","urlTemplate":"https:\/\/viniciojarquin.com\/blog\/?s={search_term_string}"},"query-input":{"@type":"PropertyValueSpecification","valueRequired":true,"valueName":"search_term_string"}}],"inLanguage":"es"},{"@type":["Person","Organization"],"@id":"https:\/\/viniciojarquin.com\/blog\/#\/schema\/person\/90100c8845ae55462ec0657d3d2f8d3b","name":"Vinicio Jarqu\u00edn","image":{"@type":"ImageObject","inLanguage":"es","@id":"https:\/\/viniciojarquin.com\/blog\/#\/schema\/person\/image\/","url":"https:\/\/viniciojarquin.com\/blog\/wp-content\/uploads\/2024\/10\/Logo-VinicioJarquin-original-400.png","contentUrl":"https:\/\/viniciojarquin.com\/blog\/wp-content\/uploads\/2024\/10\/Logo-VinicioJarquin-original-400.png","width":400,"height":130,"caption":"Vinicio Jarqu\u00edn"},"logo":{"@id":"https:\/\/viniciojarquin.com\/blog\/#\/schema\/person\/image\/"},"description":"Empresario textil, artista pl\u00e1stico, escritor, coach de vida y fot\u00f3grafo.","sameAs":["https:\/\/viniciojarquin.com\/blog","https:\/\/www.facebook.com\/vinicio.jarquin","https:\/\/www.instagram.com\/vinicio_jarquin\/","https:\/\/www.pinterest.com\/vinnyjc\/","https:\/\/www.youtube.com\/@VinicioJarquin"],"url":"https:\/\/viniciojarquin.com\/blog\/author\/admin_s02au25i\/"}]}},"blog_post_layout_featured_media_urls":{"thumbnail":["https:\/\/viniciojarquin.com\/blog\/wp-content\/uploads\/2025\/12\/Ana-Virginia-Calzada-150x150.jpg",150,150,true],"full":["https:\/\/viniciojarquin.com\/blog\/wp-content\/uploads\/2025\/12\/Ana-Virginia-Calzada.jpg",800,500,false]},"categories_names":{"17":{"name":"Elecciones 2026","link":"https:\/\/viniciojarquin.com\/blog\/category\/elecciones-2026\/"},"30":{"name":"Entrevistas Elecciones 2026","link":"https:\/\/viniciojarquin.com\/blog\/category\/entrevistas\/"}},"tags_names":[],"comments_number":"0","_links":{"self":[{"href":"https:\/\/viniciojarquin.com\/blog\/wp-json\/wp\/v2\/posts\/1996","targetHints":{"allow":["GET"]}}],"collection":[{"href":"https:\/\/viniciojarquin.com\/blog\/wp-json\/wp\/v2\/posts"}],"about":[{"href":"https:\/\/viniciojarquin.com\/blog\/wp-json\/wp\/v2\/types\/post"}],"author":[{"embeddable":true,"href":"https:\/\/viniciojarquin.com\/blog\/wp-json\/wp\/v2\/users\/1"}],"replies":[{"embeddable":true,"href":"https:\/\/viniciojarquin.com\/blog\/wp-json\/wp\/v2\/comments?post=1996"}],"version-history":[{"count":1,"href":"https:\/\/viniciojarquin.com\/blog\/wp-json\/wp\/v2\/posts\/1996\/revisions"}],"predecessor-version":[{"id":1998,"href":"https:\/\/viniciojarquin.com\/blog\/wp-json\/wp\/v2\/posts\/1996\/revisions\/1998"}],"wp:featuredmedia":[{"embeddable":true,"href":"https:\/\/viniciojarquin.com\/blog\/wp-json\/wp\/v2\/media\/1997"}],"wp:attachment":[{"href":"https:\/\/viniciojarquin.com\/blog\/wp-json\/wp\/v2\/media?parent=1996"}],"wp:term":[{"taxonomy":"category","embeddable":true,"href":"https:\/\/viniciojarquin.com\/blog\/wp-json\/wp\/v2\/categories?post=1996"},{"taxonomy":"post_tag","embeddable":true,"href":"https:\/\/viniciojarquin.com\/blog\/wp-json\/wp\/v2\/tags?post=1996"}],"curies":[{"name":"wp","href":"https:\/\/api.w.org\/{rel}","templated":true}]}}