{"id":2001,"date":"2025-12-23T19:12:38","date_gmt":"2025-12-23T19:12:38","guid":{"rendered":"https:\/\/viniciojarquin.com\/blog\/?p=2001"},"modified":"2025-12-23T19:12:42","modified_gmt":"2025-12-23T19:12:42","slug":"encuentro-con-sergio-ortiz-perez","status":"publish","type":"post","link":"https:\/\/viniciojarquin.com\/blog\/encuentro-con-sergio-ortiz-perez\/","title":{"rendered":"Encuentro con Sergio Ortiz P\u00e9rez"},"content":{"rendered":"\n<p><strong>De Sentido Cr\u00edtico<\/strong><\/p>\n\n\n\n<p>Esta ma\u00f1ana, muy temprano, casi de madrugada, tuve la visita de Sergio Ortiz P\u00e9rez. Influencer, generador de contenido \u2014o como sea que se llame hoy lo que hace\u2014, pero sin duda alguien que lo hace bien y lo hace con oficio.<\/p>\n\n\n\n<p>Hace tiempo ambos nos ven\u00edamos buscando en la vida para hacer algo juntos. No de manera forzada, no desde la prisa, sino desde esa intuici\u00f3n silenciosa que a veces te dice que los caminos se cruzan cuando tienen que cruzarse. Y hoy, finalmente, se cruzaron.<\/p>\n\n\n\n<p>Fue emocionante conocerlo en persona despu\u00e9s de seguirlo tanto tiempo y de haber visto y escuchado mucho de lo que comunica. Lleg\u00f3 con una seguridad que solo da el trabajo constante, la experiencia y la coherencia entre lo que se dice y lo que se hace. Yo, por mi parte, no estaba con esa misma seguridad. Tal vez porque soy nuevo en este terreno, tal vez porque estaba frente a alguien cuyo alcance y profesionalismo reconozco sin reservas.<\/p>\n\n\n\n<p>Conversamos largo. Hablamos mucho de lo que \u00e9l hace y un poco de lo que yo hago. Grabamos un video uniendo esfuerzos, con una intenci\u00f3n clara: cuidar a Costa Rica, proteger su democracia y alertar sobre los riesgos que estamos viviendo. Desayunamos, conversamos con calma y, en medio de todo, le pint\u00e9 una acuarela en su presencia.<\/p>\n\n\n\n<p>\u00c9l se mostr\u00f3 profundamente agradecido. Pero la verdad es que el honrado fui yo. Honrado de poder entregarle algo hecho con las manos, con tiempo, con conexi\u00f3n. De que se la llevara. De que la tuviera.<\/p>\n\n\n\n<p>He recibido una aceptaci\u00f3n muy grande de la gente que me sigue y, aun as\u00ed, no me siento un influidor. Tal vez, como dice Sergio, un generador de contenido. Ese t\u00edtulo s\u00ed me gusta. Y aunque s\u00e9 que los alcances que he tenido no son menores \u2014m\u00e1s de ocho mil seguidores y publicaciones que han llegado a cientos de miles de personas\u2014, estar frente a \u00e9l me record\u00f3 algo esencial: uno empieza a hacerse grande cuando es capaz de reconocer la grandeza de otros.<\/p>\n\n\n\n<p>Sergio va adelante. Tiene una trayectoria envidiable, pero no gratuita. Es evidente que lo que ha construido no es casualidad. Se siente que viene de la calidez, de la sencillez, de la honorabilidad, del trabajo y la sensibilidad de toda una vida, y de un respeto genuino por las personas. Nada de eso se improvisa. Nada de eso se regala.<\/p>\n\n\n\n<p>Sumo este encuentro con Sergio a los muchos regalos que esta campa\u00f1a me ha dado. Regalos humanos. Encuentros reales. Conversaciones que nutren. Y la certeza de que, cuando las causas son honestas, la vida se encarga de cruzar a las personas correctas en el momento justo.<\/p>\n\n\n\n<p>Ahora s\u00f3lo me queda esperar, a que aparezca el pr\u00f3ximo momento en que podamos hacer algo juntos, o yo pueda servirle en sus proyectos.<\/p>\n\n\n\n<figure class=\"wp-block-image size-full\"><img decoding=\"async\" width=\"800\" height=\"500\" data-src=\"https:\/\/viniciojarquin.com\/blog\/wp-content\/uploads\/2025\/12\/Sergio-Ortiz-Perez.jpg\" alt=\"\" class=\"wp-image-2003 lazyload\" data-srcset=\"https:\/\/viniciojarquin.com\/blog\/wp-content\/uploads\/2025\/12\/Sergio-Ortiz-Perez.jpg 800w, https:\/\/viniciojarquin.com\/blog\/wp-content\/uploads\/2025\/12\/Sergio-Ortiz-Perez-300x188.jpg 300w, https:\/\/viniciojarquin.com\/blog\/wp-content\/uploads\/2025\/12\/Sergio-Ortiz-Perez-768x480.jpg 768w\" data-sizes=\"(max-width: 800px) 100vw, 800px\" src=\"data:image\/svg+xml;base64,PHN2ZyB3aWR0aD0iMSIgaGVpZ2h0PSIxIiB4bWxucz0iaHR0cDovL3d3dy53My5vcmcvMjAwMC9zdmciPjwvc3ZnPg==\" style=\"--smush-placeholder-width: 800px; --smush-placeholder-aspect-ratio: 800\/500;\" \/><\/figure>\n","protected":false},"excerpt":{"rendered":"<p>De Sentido Cr\u00edtico Esta ma\u00f1ana, muy temprano, casi de madrugada, tuve la visita de Sergio Ortiz P\u00e9rez. Influencer, generador de [&hellip;]<\/p>\n","protected":false},"author":1,"featured_media":2003,"comment_status":"open","ping_status":"open","sticky":false,"template":"","format":"standard","meta":{"site-sidebar-layout":"default","site-content-layout":"","ast-site-content-layout":"","site-content-style":"default","site-sidebar-style":"default","ast-global-header-display":"","ast-banner-title-visibility":"","ast-main-header-display":"","ast-hfb-above-header-display":"","ast-hfb-below-header-display":"","ast-hfb-mobile-header-display":"","site-post-title":"","ast-breadcrumbs-content":"","ast-featured-img":"","footer-sml-layout":"","theme-transparent-header-meta":"","adv-header-id-meta":"","stick-header-meta":"","header-above-stick-meta":"","header-main-stick-meta":"","header-below-stick-meta":"","astra-migrate-meta-layouts":"default","ast-page-background-enabled":"default","ast-page-background-meta":{"desktop":{"background-color":"var(--ast-global-color-5)","background-image":"","background-repeat":"repeat","background-position":"center center","background-size":"auto","background-attachment":"scroll","background-type":"","background-media":"","overlay-type":"","overlay-color":"","overlay-opacity":"","overlay-gradient":""},"tablet":{"background-color":"","background-image":"","background-repeat":"repeat","background-position":"center center","background-size":"auto","background-attachment":"scroll","background-type":"","background-media":"","overlay-type":"","overlay-color":"","overlay-opacity":"","overlay-gradient":""},"mobile":{"background-color":"","background-image":"","background-repeat":"repeat","background-position":"center center","background-size":"auto","background-attachment":"scroll","background-type":"","background-media":"","overlay-type":"","overlay-color":"","overlay-opacity":"","overlay-gradient":""}},"ast-content-background-meta":{"desktop":{"background-color":"var(--ast-global-color-4)","background-image":"","background-repeat":"repeat","background-position":"center center","background-size":"auto","background-attachment":"scroll","background-type":"","background-media":"","overlay-type":"","overlay-color":"","overlay-opacity":"","overlay-gradient":""},"tablet":{"background-color":"var(--ast-global-color-4)","background-image":"","background-repeat":"repeat","background-position":"center center","background-size":"auto","background-attachment":"scroll","background-type":"","background-media":"","overlay-type":"","overlay-color":"","overlay-opacity":"","overlay-gradient":""},"mobile":{"background-color":"var(--ast-global-color-4)","background-image":"","background-repeat":"repeat","background-position":"center center","background-size":"auto","background-attachment":"scroll","background-type":"","background-media":"","overlay-type":"","overlay-color":"","overlay-opacity":"","overlay-gradient":""}},"footnotes":""},"categories":[17],"tags":[],"class_list":["post-2001","post","type-post","status-publish","format-standard","has-post-thumbnail","hentry","category-elecciones-2026"],"yoast_head":"<!-- This site is optimized with the Yoast SEO plugin v26.0 - https:\/\/yoast.com\/wordpress\/plugins\/seo\/ -->\n<title>Encuentro con Sergio Ortiz P\u00e9rez - MI BLOG<\/title>\n<meta name=\"robots\" content=\"index, follow, max-snippet:-1, max-image-preview:large, max-video-preview:-1\" \/>\n<link rel=\"canonical\" href=\"https:\/\/viniciojarquin.com\/blog\/encuentro-con-sergio-ortiz-perez\/\" \/>\n<meta property=\"og:locale\" content=\"es_ES\" \/>\n<meta property=\"og:type\" content=\"article\" \/>\n<meta property=\"og:title\" content=\"Encuentro con Sergio Ortiz P\u00e9rez - MI BLOG\" \/>\n<meta property=\"og:description\" content=\"De Sentido Cr\u00edtico Esta ma\u00f1ana, muy temprano, casi de madrugada, tuve la visita de Sergio Ortiz P\u00e9rez. Influencer, generador de [&hellip;]\" \/>\n<meta property=\"og:url\" content=\"https:\/\/viniciojarquin.com\/blog\/encuentro-con-sergio-ortiz-perez\/\" \/>\n<meta property=\"og:site_name\" content=\"MI BLOG\" \/>\n<meta property=\"article:publisher\" content=\"https:\/\/www.facebook.com\/vinicio.jarquin\" \/>\n<meta property=\"article:author\" content=\"https:\/\/www.facebook.com\/vinicio.jarquin\" \/>\n<meta property=\"article:published_time\" content=\"2025-12-23T19:12:38+00:00\" \/>\n<meta property=\"article:modified_time\" content=\"2025-12-23T19:12:42+00:00\" \/>\n<meta property=\"og:image\" content=\"https:\/\/viniciojarquin.com\/blog\/wp-content\/uploads\/2025\/12\/Sergio-Ortiz-Perez.jpg\" \/>\n\t<meta property=\"og:image:width\" content=\"800\" \/>\n\t<meta property=\"og:image:height\" content=\"500\" \/>\n\t<meta property=\"og:image:type\" content=\"image\/jpeg\" \/>\n<meta name=\"author\" content=\"Vinicio Jarqu\u00edn\" \/>\n<meta name=\"twitter:card\" content=\"summary_large_image\" \/>\n<meta name=\"twitter:label1\" content=\"Escrito por\" \/>\n\t<meta name=\"twitter:data1\" content=\"Vinicio Jarqu\u00edn\" \/>\n\t<meta name=\"twitter:label2\" content=\"Tiempo de lectura\" \/>\n\t<meta name=\"twitter:data2\" content=\"3 minutos\" \/>\n<script type=\"application\/ld+json\" class=\"yoast-schema-graph\">{\"@context\":\"https:\/\/schema.org\",\"@graph\":[{\"@type\":\"Article\",\"@id\":\"https:\/\/viniciojarquin.com\/blog\/encuentro-con-sergio-ortiz-perez\/#article\",\"isPartOf\":{\"@id\":\"https:\/\/viniciojarquin.com\/blog\/encuentro-con-sergio-ortiz-perez\/\"},\"author\":{\"name\":\"Vinicio Jarqu\u00edn\",\"@id\":\"https:\/\/viniciojarquin.com\/blog\/#\/schema\/person\/90100c8845ae55462ec0657d3d2f8d3b\"},\"headline\":\"Encuentro con Sergio Ortiz P\u00e9rez\",\"datePublished\":\"2025-12-23T19:12:38+00:00\",\"dateModified\":\"2025-12-23T19:12:42+00:00\",\"mainEntityOfPage\":{\"@id\":\"https:\/\/viniciojarquin.com\/blog\/encuentro-con-sergio-ortiz-perez\/\"},\"wordCount\":494,\"commentCount\":0,\"publisher\":{\"@id\":\"https:\/\/viniciojarquin.com\/blog\/#\/schema\/person\/90100c8845ae55462ec0657d3d2f8d3b\"},\"image\":{\"@id\":\"https:\/\/viniciojarquin.com\/blog\/encuentro-con-sergio-ortiz-perez\/#primaryimage\"},\"thumbnailUrl\":\"https:\/\/viniciojarquin.com\/blog\/wp-content\/uploads\/2025\/12\/Sergio-Ortiz-Perez.jpg\",\"articleSection\":[\"Elecciones 2026\"],\"inLanguage\":\"es\",\"potentialAction\":[{\"@type\":\"CommentAction\",\"name\":\"Comment\",\"target\":[\"https:\/\/viniciojarquin.com\/blog\/encuentro-con-sergio-ortiz-perez\/#respond\"]}]},{\"@type\":\"WebPage\",\"@id\":\"https:\/\/viniciojarquin.com\/blog\/encuentro-con-sergio-ortiz-perez\/\",\"url\":\"https:\/\/viniciojarquin.com\/blog\/encuentro-con-sergio-ortiz-perez\/\",\"name\":\"Encuentro con Sergio Ortiz P\u00e9rez - MI BLOG\",\"isPartOf\":{\"@id\":\"https:\/\/viniciojarquin.com\/blog\/#website\"},\"primaryImageOfPage\":{\"@id\":\"https:\/\/viniciojarquin.com\/blog\/encuentro-con-sergio-ortiz-perez\/#primaryimage\"},\"image\":{\"@id\":\"https:\/\/viniciojarquin.com\/blog\/encuentro-con-sergio-ortiz-perez\/#primaryimage\"},\"thumbnailUrl\":\"https:\/\/viniciojarquin.com\/blog\/wp-content\/uploads\/2025\/12\/Sergio-Ortiz-Perez.jpg\",\"datePublished\":\"2025-12-23T19:12:38+00:00\",\"dateModified\":\"2025-12-23T19:12:42+00:00\",\"breadcrumb\":{\"@id\":\"https:\/\/viniciojarquin.com\/blog\/encuentro-con-sergio-ortiz-perez\/#breadcrumb\"},\"inLanguage\":\"es\",\"potentialAction\":[{\"@type\":\"ReadAction\",\"target\":[\"https:\/\/viniciojarquin.com\/blog\/encuentro-con-sergio-ortiz-perez\/\"]}]},{\"@type\":\"ImageObject\",\"inLanguage\":\"es\",\"@id\":\"https:\/\/viniciojarquin.com\/blog\/encuentro-con-sergio-ortiz-perez\/#primaryimage\",\"url\":\"https:\/\/viniciojarquin.com\/blog\/wp-content\/uploads\/2025\/12\/Sergio-Ortiz-Perez.jpg\",\"contentUrl\":\"https:\/\/viniciojarquin.com\/blog\/wp-content\/uploads\/2025\/12\/Sergio-Ortiz-Perez.jpg\",\"width\":800,\"height\":500},{\"@type\":\"BreadcrumbList\",\"@id\":\"https:\/\/viniciojarquin.com\/blog\/encuentro-con-sergio-ortiz-perez\/#breadcrumb\",\"itemListElement\":[{\"@type\":\"ListItem\",\"position\":1,\"name\":\"Portada\",\"item\":\"https:\/\/viniciojarquin.com\/blog\/\"},{\"@type\":\"ListItem\",\"position\":2,\"name\":\"Encuentro con Sergio Ortiz P\u00e9rez\"}]},{\"@type\":\"WebSite\",\"@id\":\"https:\/\/viniciojarquin.com\/blog\/#website\",\"url\":\"https:\/\/viniciojarquin.com\/blog\/\",\"name\":\"Vinicio Jarqu\u00edn BLOG\",\"description\":\"\",\"publisher\":{\"@id\":\"https:\/\/viniciojarquin.com\/blog\/#\/schema\/person\/90100c8845ae55462ec0657d3d2f8d3b\"},\"potentialAction\":[{\"@type\":\"SearchAction\",\"target\":{\"@type\":\"EntryPoint\",\"urlTemplate\":\"https:\/\/viniciojarquin.com\/blog\/?s={search_term_string}\"},\"query-input\":{\"@type\":\"PropertyValueSpecification\",\"valueRequired\":true,\"valueName\":\"search_term_string\"}}],\"inLanguage\":\"es\"},{\"@type\":[\"Person\",\"Organization\"],\"@id\":\"https:\/\/viniciojarquin.com\/blog\/#\/schema\/person\/90100c8845ae55462ec0657d3d2f8d3b\",\"name\":\"Vinicio Jarqu\u00edn\",\"image\":{\"@type\":\"ImageObject\",\"inLanguage\":\"es\",\"@id\":\"https:\/\/viniciojarquin.com\/blog\/#\/schema\/person\/image\/\",\"url\":\"https:\/\/viniciojarquin.com\/blog\/wp-content\/uploads\/2024\/10\/Logo-VinicioJarquin-original-400.png\",\"contentUrl\":\"https:\/\/viniciojarquin.com\/blog\/wp-content\/uploads\/2024\/10\/Logo-VinicioJarquin-original-400.png\",\"width\":400,\"height\":130,\"caption\":\"Vinicio Jarqu\u00edn\"},\"logo\":{\"@id\":\"https:\/\/viniciojarquin.com\/blog\/#\/schema\/person\/image\/\"},\"description\":\"Empresario textil, artista pl\u00e1stico, escritor, coach de vida y fot\u00f3grafo.\",\"sameAs\":[\"https:\/\/viniciojarquin.com\/blog\",\"https:\/\/www.facebook.com\/vinicio.jarquin\",\"https:\/\/www.instagram.com\/vinicio_jarquin\/\",\"https:\/\/www.pinterest.com\/vinnyjc\/\",\"https:\/\/www.youtube.com\/@VinicioJarquin\"],\"url\":\"https:\/\/viniciojarquin.com\/blog\/author\/admin_s02au25i\/\"}]}<\/script>\n<!-- \/ Yoast SEO plugin. -->","yoast_head_json":{"title":"Encuentro con Sergio Ortiz P\u00e9rez - MI BLOG","robots":{"index":"index","follow":"follow","max-snippet":"max-snippet:-1","max-image-preview":"max-image-preview:large","max-video-preview":"max-video-preview:-1"},"canonical":"https:\/\/viniciojarquin.com\/blog\/encuentro-con-sergio-ortiz-perez\/","og_locale":"es_ES","og_type":"article","og_title":"Encuentro con Sergio Ortiz P\u00e9rez - MI BLOG","og_description":"De Sentido Cr\u00edtico Esta ma\u00f1ana, muy temprano, casi de madrugada, tuve la visita de Sergio Ortiz P\u00e9rez. Influencer, generador de [&hellip;]","og_url":"https:\/\/viniciojarquin.com\/blog\/encuentro-con-sergio-ortiz-perez\/","og_site_name":"MI BLOG","article_publisher":"https:\/\/www.facebook.com\/vinicio.jarquin","article_author":"https:\/\/www.facebook.com\/vinicio.jarquin","article_published_time":"2025-12-23T19:12:38+00:00","article_modified_time":"2025-12-23T19:12:42+00:00","og_image":[{"width":800,"height":500,"url":"https:\/\/viniciojarquin.com\/blog\/wp-content\/uploads\/2025\/12\/Sergio-Ortiz-Perez.jpg","type":"image\/jpeg"}],"author":"Vinicio Jarqu\u00edn","twitter_card":"summary_large_image","twitter_misc":{"Escrito por":"Vinicio Jarqu\u00edn","Tiempo de lectura":"3 minutos"},"schema":{"@context":"https:\/\/schema.org","@graph":[{"@type":"Article","@id":"https:\/\/viniciojarquin.com\/blog\/encuentro-con-sergio-ortiz-perez\/#article","isPartOf":{"@id":"https:\/\/viniciojarquin.com\/blog\/encuentro-con-sergio-ortiz-perez\/"},"author":{"name":"Vinicio Jarqu\u00edn","@id":"https:\/\/viniciojarquin.com\/blog\/#\/schema\/person\/90100c8845ae55462ec0657d3d2f8d3b"},"headline":"Encuentro con Sergio Ortiz P\u00e9rez","datePublished":"2025-12-23T19:12:38+00:00","dateModified":"2025-12-23T19:12:42+00:00","mainEntityOfPage":{"@id":"https:\/\/viniciojarquin.com\/blog\/encuentro-con-sergio-ortiz-perez\/"},"wordCount":494,"commentCount":0,"publisher":{"@id":"https:\/\/viniciojarquin.com\/blog\/#\/schema\/person\/90100c8845ae55462ec0657d3d2f8d3b"},"image":{"@id":"https:\/\/viniciojarquin.com\/blog\/encuentro-con-sergio-ortiz-perez\/#primaryimage"},"thumbnailUrl":"https:\/\/viniciojarquin.com\/blog\/wp-content\/uploads\/2025\/12\/Sergio-Ortiz-Perez.jpg","articleSection":["Elecciones 2026"],"inLanguage":"es","potentialAction":[{"@type":"CommentAction","name":"Comment","target":["https:\/\/viniciojarquin.com\/blog\/encuentro-con-sergio-ortiz-perez\/#respond"]}]},{"@type":"WebPage","@id":"https:\/\/viniciojarquin.com\/blog\/encuentro-con-sergio-ortiz-perez\/","url":"https:\/\/viniciojarquin.com\/blog\/encuentro-con-sergio-ortiz-perez\/","name":"Encuentro con Sergio Ortiz P\u00e9rez - MI BLOG","isPartOf":{"@id":"https:\/\/viniciojarquin.com\/blog\/#website"},"primaryImageOfPage":{"@id":"https:\/\/viniciojarquin.com\/blog\/encuentro-con-sergio-ortiz-perez\/#primaryimage"},"image":{"@id":"https:\/\/viniciojarquin.com\/blog\/encuentro-con-sergio-ortiz-perez\/#primaryimage"},"thumbnailUrl":"https:\/\/viniciojarquin.com\/blog\/wp-content\/uploads\/2025\/12\/Sergio-Ortiz-Perez.jpg","datePublished":"2025-12-23T19:12:38+00:00","dateModified":"2025-12-23T19:12:42+00:00","breadcrumb":{"@id":"https:\/\/viniciojarquin.com\/blog\/encuentro-con-sergio-ortiz-perez\/#breadcrumb"},"inLanguage":"es","potentialAction":[{"@type":"ReadAction","target":["https:\/\/viniciojarquin.com\/blog\/encuentro-con-sergio-ortiz-perez\/"]}]},{"@type":"ImageObject","inLanguage":"es","@id":"https:\/\/viniciojarquin.com\/blog\/encuentro-con-sergio-ortiz-perez\/#primaryimage","url":"https:\/\/viniciojarquin.com\/blog\/wp-content\/uploads\/2025\/12\/Sergio-Ortiz-Perez.jpg","contentUrl":"https:\/\/viniciojarquin.com\/blog\/wp-content\/uploads\/2025\/12\/Sergio-Ortiz-Perez.jpg","width":800,"height":500},{"@type":"BreadcrumbList","@id":"https:\/\/viniciojarquin.com\/blog\/encuentro-con-sergio-ortiz-perez\/#breadcrumb","itemListElement":[{"@type":"ListItem","position":1,"name":"Portada","item":"https:\/\/viniciojarquin.com\/blog\/"},{"@type":"ListItem","position":2,"name":"Encuentro con Sergio Ortiz P\u00e9rez"}]},{"@type":"WebSite","@id":"https:\/\/viniciojarquin.com\/blog\/#website","url":"https:\/\/viniciojarquin.com\/blog\/","name":"Vinicio Jarqu\u00edn BLOG","description":"","publisher":{"@id":"https:\/\/viniciojarquin.com\/blog\/#\/schema\/person\/90100c8845ae55462ec0657d3d2f8d3b"},"potentialAction":[{"@type":"SearchAction","target":{"@type":"EntryPoint","urlTemplate":"https:\/\/viniciojarquin.com\/blog\/?s={search_term_string}"},"query-input":{"@type":"PropertyValueSpecification","valueRequired":true,"valueName":"search_term_string"}}],"inLanguage":"es"},{"@type":["Person","Organization"],"@id":"https:\/\/viniciojarquin.com\/blog\/#\/schema\/person\/90100c8845ae55462ec0657d3d2f8d3b","name":"Vinicio Jarqu\u00edn","image":{"@type":"ImageObject","inLanguage":"es","@id":"https:\/\/viniciojarquin.com\/blog\/#\/schema\/person\/image\/","url":"https:\/\/viniciojarquin.com\/blog\/wp-content\/uploads\/2024\/10\/Logo-VinicioJarquin-original-400.png","contentUrl":"https:\/\/viniciojarquin.com\/blog\/wp-content\/uploads\/2024\/10\/Logo-VinicioJarquin-original-400.png","width":400,"height":130,"caption":"Vinicio Jarqu\u00edn"},"logo":{"@id":"https:\/\/viniciojarquin.com\/blog\/#\/schema\/person\/image\/"},"description":"Empresario textil, artista pl\u00e1stico, escritor, coach de vida y fot\u00f3grafo.","sameAs":["https:\/\/viniciojarquin.com\/blog","https:\/\/www.facebook.com\/vinicio.jarquin","https:\/\/www.instagram.com\/vinicio_jarquin\/","https:\/\/www.pinterest.com\/vinnyjc\/","https:\/\/www.youtube.com\/@VinicioJarquin"],"url":"https:\/\/viniciojarquin.com\/blog\/author\/admin_s02au25i\/"}]}},"blog_post_layout_featured_media_urls":{"thumbnail":["https:\/\/viniciojarquin.com\/blog\/wp-content\/uploads\/2025\/12\/Sergio-Ortiz-Perez-150x150.jpg",150,150,true],"full":["https:\/\/viniciojarquin.com\/blog\/wp-content\/uploads\/2025\/12\/Sergio-Ortiz-Perez.jpg",800,500,false]},"categories_names":{"17":{"name":"Elecciones 2026","link":"https:\/\/viniciojarquin.com\/blog\/category\/elecciones-2026\/"}},"tags_names":[],"comments_number":"0","_links":{"self":[{"href":"https:\/\/viniciojarquin.com\/blog\/wp-json\/wp\/v2\/posts\/2001","targetHints":{"allow":["GET"]}}],"collection":[{"href":"https:\/\/viniciojarquin.com\/blog\/wp-json\/wp\/v2\/posts"}],"about":[{"href":"https:\/\/viniciojarquin.com\/blog\/wp-json\/wp\/v2\/types\/post"}],"author":[{"embeddable":true,"href":"https:\/\/viniciojarquin.com\/blog\/wp-json\/wp\/v2\/users\/1"}],"replies":[{"embeddable":true,"href":"https:\/\/viniciojarquin.com\/blog\/wp-json\/wp\/v2\/comments?post=2001"}],"version-history":[{"count":1,"href":"https:\/\/viniciojarquin.com\/blog\/wp-json\/wp\/v2\/posts\/2001\/revisions"}],"predecessor-version":[{"id":2004,"href":"https:\/\/viniciojarquin.com\/blog\/wp-json\/wp\/v2\/posts\/2001\/revisions\/2004"}],"wp:featuredmedia":[{"embeddable":true,"href":"https:\/\/viniciojarquin.com\/blog\/wp-json\/wp\/v2\/media\/2003"}],"wp:attachment":[{"href":"https:\/\/viniciojarquin.com\/blog\/wp-json\/wp\/v2\/media?parent=2001"}],"wp:term":[{"taxonomy":"category","embeddable":true,"href":"https:\/\/viniciojarquin.com\/blog\/wp-json\/wp\/v2\/categories?post=2001"},{"taxonomy":"post_tag","embeddable":true,"href":"https:\/\/viniciojarquin.com\/blog\/wp-json\/wp\/v2\/tags?post=2001"}],"curies":[{"name":"wp","href":"https:\/\/api.w.org\/{rel}","templated":true}]}}