{"id":2005,"date":"2025-12-24T02:23:54","date_gmt":"2025-12-24T02:23:54","guid":{"rendered":"https:\/\/viniciojarquin.com\/blog\/?p=2005"},"modified":"2025-12-24T02:23:58","modified_gmt":"2025-12-24T02:23:58","slug":"la-navidad-sentada-con-miedo","status":"publish","type":"post","link":"https:\/\/viniciojarquin.com\/blog\/la-navidad-sentada-con-miedo\/","title":{"rendered":"La Navidad sentada con miedo"},"content":{"rendered":"\n<p>Ojal\u00e1 las familias se sentaran a hablar de cosas tan hermosas como la uni\u00f3n, el amor, la mesa compartida, las risas de siempre. Ojal\u00e1. Pero hay familias que este a\u00f1o se van a sentar a hablar de otra cosa. De si su hija llega bien a la casa. De si su hermano est\u00e1 a salvo. De si su pap\u00e1 vuelve. Porque los homicidios se han triplicado y el miedo ya no es una estad\u00edstica: es una conversaci\u00f3n diaria.<\/p>\n\n\n\n<p>Hablamos de seguridad alimentaria, de seguridad en las calles, de seguridad jur\u00eddica. Hablamos de todo eso mientras ponemos el mantel de Navidad. Y en esta Navidad en particular, no nos acompa\u00f1a la calma. Nos acompa\u00f1a el temor de una elecci\u00f3n que se acerca y la sensaci\u00f3n profunda de que necesitamos un cambio. No porque nos guste el cambio, sino porque el miedo ya se meti\u00f3 en la casa.<\/p>\n\n\n\n<p>El problema es que ahora la preocupaci\u00f3n no es solo a qui\u00e9n elegir. El problema es que tenemos miedo de volver a enamorarnos de alguien. Miedo de creer. Miedo de confiar. Aunque tengamos veinte opciones, el miedo nos paraliza. Y as\u00ed, la cena de Navidad ya no es solo una celebraci\u00f3n: es la incertidumbre sentada a la mesa con nosotros.<\/p>\n\n\n\n<p>Y mientras tanto, el tamal lo hemos llenado de arroz importado. La masa la hicimos con las l\u00e1grimas de los paperos de Cartago, agricultores que han sufrido en silencio, viendo c\u00f3mo su trabajo se deval\u00faa, c\u00f3mo su esfuerzo ya no alcanza, c\u00f3mo la tierra duele. Y aunque tengamos la mesa llena, aunque la comida est\u00e9 servida, el joven m\u00e9dico de la familia no vendr\u00e1 esta noche. No porque no quiera, sino porque abnegadamente se qued\u00f3 haciendo doble turno en un servicio de salud que ya no da abasto. Porque alguien tiene que sostener lo que se est\u00e1 cayendo.<\/p>\n\n\n\n<p>Es duro aceptar que alguien nos ense\u00f1\u00f3 a celebrar con miedo. Que nos quit\u00f3 la posibilidad de vivir la Navidad como siempre. No porque nos hayan quitado la comida, las luces o los regalos. Nos quitaron la tranquilidad. Nos quitaron la sensaci\u00f3n de hogar seguro. Nos dejaron con el miedo de no ser suficientes para salvar a Costa Rica.<\/p>\n\n\n\n<p>El ambiente est\u00e1 cargado. Se siente. Hay una preocupaci\u00f3n que no se disimula, porque estamos frente a las elecciones m\u00e1s importantes que ha vivido este pa\u00eds en much\u00edsimo tiempo. No es una elecci\u00f3n m\u00e1s. Es una elecci\u00f3n donde se juega la paz, la institucionalidad, la convivencia, la democracia.<\/p>\n\n\n\n<p>Necesitamos votar por alguien que nos d\u00e9 confianza. Por alguien con quien no temamos perder la democracia. Con quien no temamos perder el derecho a la salud p\u00fablica. Con quien no tengamos que preguntarnos si ma\u00f1ana habr\u00e1 que pagar por vivir, por enfermarse o por envejecer. Necesitamos volver a sentir orgullo, incluso de la familia presidencial, de verlos juntos, trabajando por la patria, sin verg\u00fcenza, sin miedo, sin sobresaltos.<\/p>\n\n\n\n<p>Y aqu\u00ed la pregunta es directa, sin rodeos: \u00bfcu\u00e1ntos a\u00f1os tienes? Si eres joven, tienes la responsabilidad de pensar en una Costa Rica parecida a la que disfrutaron tus padres. Y si ya tienes m\u00e1s a\u00f1os, decide con conciencia para seguir viviendo en un pa\u00eds donde la vida tenga dignidad, donde la vejez no sea una amenaza y donde la pensi\u00f3n no sea un privilegio en riesgo.<\/p>\n\n\n\n<p>No entreguemos la patria. No la pongamos en riesgo. No normalicemos el miedo como forma de vida.<\/p>\n\n\n\n<p>Que no llegue alguien que ponga en peligro la vida como la has conocido\u2026 o como la has so\u00f1ado. Que esta Navidad no sea recordada como el a\u00f1o en que aprendimos a celebrar con miedo, sino como el a\u00f1o en que decidimos recuperar la paz.<\/p>\n\n\n\n<p>Porque Costa Rica merece volver a respirar tranquila.<\/p>\n\n\n\n<figure class=\"wp-block-image size-full\"><img decoding=\"async\" width=\"800\" height=\"500\" data-src=\"https:\/\/viniciojarquin.com\/blog\/wp-content\/uploads\/2025\/12\/Articulo.jpg\" alt=\"\" class=\"wp-image-1753 lazyload\" data-srcset=\"https:\/\/viniciojarquin.com\/blog\/wp-content\/uploads\/2025\/12\/Articulo.jpg 800w, https:\/\/viniciojarquin.com\/blog\/wp-content\/uploads\/2025\/12\/Articulo-300x188.jpg 300w, https:\/\/viniciojarquin.com\/blog\/wp-content\/uploads\/2025\/12\/Articulo-768x480.jpg 768w\" data-sizes=\"(max-width: 800px) 100vw, 800px\" src=\"data:image\/svg+xml;base64,PHN2ZyB3aWR0aD0iMSIgaGVpZ2h0PSIxIiB4bWxucz0iaHR0cDovL3d3dy53My5vcmcvMjAwMC9zdmciPjwvc3ZnPg==\" style=\"--smush-placeholder-width: 800px; --smush-placeholder-aspect-ratio: 800\/500;\" \/><\/figure>\n","protected":false},"excerpt":{"rendered":"<p>Ojal\u00e1 las familias se sentaran a hablar de cosas tan hermosas como la uni\u00f3n, el amor, la mesa compartida, las [&hellip;]<\/p>\n","protected":false},"author":1,"featured_media":1753,"comment_status":"open","ping_status":"open","sticky":false,"template":"","format":"standard","meta":{"site-sidebar-layout":"default","site-content-layout":"","ast-site-content-layout":"","site-content-style":"default","site-sidebar-style":"default","ast-global-header-display":"","ast-banner-title-visibility":"","ast-main-header-display":"","ast-hfb-above-header-display":"","ast-hfb-below-header-display":"","ast-hfb-mobile-header-display":"","site-post-title":"","ast-breadcrumbs-content":"","ast-featured-img":"","footer-sml-layout":"","theme-transparent-header-meta":"","adv-header-id-meta":"","stick-header-meta":"","header-above-stick-meta":"","header-main-stick-meta":"","header-below-stick-meta":"","astra-migrate-meta-layouts":"default","ast-page-background-enabled":"default","ast-page-background-meta":{"desktop":{"background-color":"var(--ast-global-color-5)","background-image":"","background-repeat":"repeat","background-position":"center center","background-size":"auto","background-attachment":"scroll","background-type":"","background-media":"","overlay-type":"","overlay-color":"","overlay-opacity":"","overlay-gradient":""},"tablet":{"background-color":"","background-image":"","background-repeat":"repeat","background-position":"center center","background-size":"auto","background-attachment":"scroll","background-type":"","background-media":"","overlay-type":"","overlay-color":"","overlay-opacity":"","overlay-gradient":""},"mobile":{"background-color":"","background-image":"","background-repeat":"repeat","background-position":"center center","background-size":"auto","background-attachment":"scroll","background-type":"","background-media":"","overlay-type":"","overlay-color":"","overlay-opacity":"","overlay-gradient":""}},"ast-content-background-meta":{"desktop":{"background-color":"var(--ast-global-color-4)","background-image":"","background-repeat":"repeat","background-position":"center center","background-size":"auto","background-attachment":"scroll","background-type":"","background-media":"","overlay-type":"","overlay-color":"","overlay-opacity":"","overlay-gradient":""},"tablet":{"background-color":"var(--ast-global-color-4)","background-image":"","background-repeat":"repeat","background-position":"center center","background-size":"auto","background-attachment":"scroll","background-type":"","background-media":"","overlay-type":"","overlay-color":"","overlay-opacity":"","overlay-gradient":""},"mobile":{"background-color":"var(--ast-global-color-4)","background-image":"","background-repeat":"repeat","background-position":"center center","background-size":"auto","background-attachment":"scroll","background-type":"","background-media":"","overlay-type":"","overlay-color":"","overlay-opacity":"","overlay-gradient":""}},"footnotes":""},"categories":[17],"tags":[],"class_list":["post-2005","post","type-post","status-publish","format-standard","has-post-thumbnail","hentry","category-elecciones-2026"],"yoast_head":"<!-- This site is optimized with the Yoast SEO plugin v26.0 - https:\/\/yoast.com\/wordpress\/plugins\/seo\/ -->\n<title>La Navidad sentada con miedo - MI BLOG<\/title>\n<meta name=\"robots\" content=\"index, follow, max-snippet:-1, max-image-preview:large, max-video-preview:-1\" \/>\n<link rel=\"canonical\" href=\"https:\/\/viniciojarquin.com\/blog\/la-navidad-sentada-con-miedo\/\" \/>\n<meta property=\"og:locale\" content=\"es_ES\" \/>\n<meta property=\"og:type\" content=\"article\" \/>\n<meta property=\"og:title\" content=\"La Navidad sentada con miedo - MI BLOG\" \/>\n<meta property=\"og:description\" content=\"Ojal\u00e1 las familias se sentaran a hablar de cosas tan hermosas como la uni\u00f3n, el amor, la mesa compartida, las [&hellip;]\" \/>\n<meta property=\"og:url\" content=\"https:\/\/viniciojarquin.com\/blog\/la-navidad-sentada-con-miedo\/\" \/>\n<meta property=\"og:site_name\" content=\"MI BLOG\" \/>\n<meta property=\"article:publisher\" content=\"https:\/\/www.facebook.com\/vinicio.jarquin\" \/>\n<meta property=\"article:author\" content=\"https:\/\/www.facebook.com\/vinicio.jarquin\" \/>\n<meta property=\"article:published_time\" content=\"2025-12-24T02:23:54+00:00\" \/>\n<meta property=\"article:modified_time\" content=\"2025-12-24T02:23:58+00:00\" \/>\n<meta property=\"og:image\" content=\"https:\/\/viniciojarquin.com\/blog\/wp-content\/uploads\/2025\/12\/Articulo.jpg\" \/>\n\t<meta property=\"og:image:width\" content=\"800\" \/>\n\t<meta property=\"og:image:height\" content=\"500\" \/>\n\t<meta property=\"og:image:type\" content=\"image\/jpeg\" \/>\n<meta name=\"author\" content=\"Vinicio Jarqu\u00edn\" \/>\n<meta name=\"twitter:card\" content=\"summary_large_image\" \/>\n<meta name=\"twitter:label1\" content=\"Escrito por\" \/>\n\t<meta name=\"twitter:data1\" content=\"Vinicio Jarqu\u00edn\" \/>\n\t<meta name=\"twitter:label2\" content=\"Tiempo de lectura\" \/>\n\t<meta name=\"twitter:data2\" content=\"4 minutos\" \/>\n<script type=\"application\/ld+json\" class=\"yoast-schema-graph\">{\"@context\":\"https:\/\/schema.org\",\"@graph\":[{\"@type\":\"Article\",\"@id\":\"https:\/\/viniciojarquin.com\/blog\/la-navidad-sentada-con-miedo\/#article\",\"isPartOf\":{\"@id\":\"https:\/\/viniciojarquin.com\/blog\/la-navidad-sentada-con-miedo\/\"},\"author\":{\"name\":\"Vinicio Jarqu\u00edn\",\"@id\":\"https:\/\/viniciojarquin.com\/blog\/#\/schema\/person\/90100c8845ae55462ec0657d3d2f8d3b\"},\"headline\":\"La Navidad sentada con miedo\",\"datePublished\":\"2025-12-24T02:23:54+00:00\",\"dateModified\":\"2025-12-24T02:23:58+00:00\",\"mainEntityOfPage\":{\"@id\":\"https:\/\/viniciojarquin.com\/blog\/la-navidad-sentada-con-miedo\/\"},\"wordCount\":660,\"commentCount\":1,\"publisher\":{\"@id\":\"https:\/\/viniciojarquin.com\/blog\/#\/schema\/person\/90100c8845ae55462ec0657d3d2f8d3b\"},\"image\":{\"@id\":\"https:\/\/viniciojarquin.com\/blog\/la-navidad-sentada-con-miedo\/#primaryimage\"},\"thumbnailUrl\":\"https:\/\/viniciojarquin.com\/blog\/wp-content\/uploads\/2025\/12\/Articulo.jpg\",\"articleSection\":[\"Elecciones 2026\"],\"inLanguage\":\"es\",\"potentialAction\":[{\"@type\":\"CommentAction\",\"name\":\"Comment\",\"target\":[\"https:\/\/viniciojarquin.com\/blog\/la-navidad-sentada-con-miedo\/#respond\"]}]},{\"@type\":\"WebPage\",\"@id\":\"https:\/\/viniciojarquin.com\/blog\/la-navidad-sentada-con-miedo\/\",\"url\":\"https:\/\/viniciojarquin.com\/blog\/la-navidad-sentada-con-miedo\/\",\"name\":\"La Navidad sentada con miedo - MI BLOG\",\"isPartOf\":{\"@id\":\"https:\/\/viniciojarquin.com\/blog\/#website\"},\"primaryImageOfPage\":{\"@id\":\"https:\/\/viniciojarquin.com\/blog\/la-navidad-sentada-con-miedo\/#primaryimage\"},\"image\":{\"@id\":\"https:\/\/viniciojarquin.com\/blog\/la-navidad-sentada-con-miedo\/#primaryimage\"},\"thumbnailUrl\":\"https:\/\/viniciojarquin.com\/blog\/wp-content\/uploads\/2025\/12\/Articulo.jpg\",\"datePublished\":\"2025-12-24T02:23:54+00:00\",\"dateModified\":\"2025-12-24T02:23:58+00:00\",\"breadcrumb\":{\"@id\":\"https:\/\/viniciojarquin.com\/blog\/la-navidad-sentada-con-miedo\/#breadcrumb\"},\"inLanguage\":\"es\",\"potentialAction\":[{\"@type\":\"ReadAction\",\"target\":[\"https:\/\/viniciojarquin.com\/blog\/la-navidad-sentada-con-miedo\/\"]}]},{\"@type\":\"ImageObject\",\"inLanguage\":\"es\",\"@id\":\"https:\/\/viniciojarquin.com\/blog\/la-navidad-sentada-con-miedo\/#primaryimage\",\"url\":\"https:\/\/viniciojarquin.com\/blog\/wp-content\/uploads\/2025\/12\/Articulo.jpg\",\"contentUrl\":\"https:\/\/viniciojarquin.com\/blog\/wp-content\/uploads\/2025\/12\/Articulo.jpg\",\"width\":800,\"height\":500},{\"@type\":\"BreadcrumbList\",\"@id\":\"https:\/\/viniciojarquin.com\/blog\/la-navidad-sentada-con-miedo\/#breadcrumb\",\"itemListElement\":[{\"@type\":\"ListItem\",\"position\":1,\"name\":\"Portada\",\"item\":\"https:\/\/viniciojarquin.com\/blog\/\"},{\"@type\":\"ListItem\",\"position\":2,\"name\":\"La Navidad sentada con miedo\"}]},{\"@type\":\"WebSite\",\"@id\":\"https:\/\/viniciojarquin.com\/blog\/#website\",\"url\":\"https:\/\/viniciojarquin.com\/blog\/\",\"name\":\"Vinicio Jarqu\u00edn BLOG\",\"description\":\"\",\"publisher\":{\"@id\":\"https:\/\/viniciojarquin.com\/blog\/#\/schema\/person\/90100c8845ae55462ec0657d3d2f8d3b\"},\"potentialAction\":[{\"@type\":\"SearchAction\",\"target\":{\"@type\":\"EntryPoint\",\"urlTemplate\":\"https:\/\/viniciojarquin.com\/blog\/?s={search_term_string}\"},\"query-input\":{\"@type\":\"PropertyValueSpecification\",\"valueRequired\":true,\"valueName\":\"search_term_string\"}}],\"inLanguage\":\"es\"},{\"@type\":[\"Person\",\"Organization\"],\"@id\":\"https:\/\/viniciojarquin.com\/blog\/#\/schema\/person\/90100c8845ae55462ec0657d3d2f8d3b\",\"name\":\"Vinicio Jarqu\u00edn\",\"image\":{\"@type\":\"ImageObject\",\"inLanguage\":\"es\",\"@id\":\"https:\/\/viniciojarquin.com\/blog\/#\/schema\/person\/image\/\",\"url\":\"https:\/\/viniciojarquin.com\/blog\/wp-content\/uploads\/2024\/10\/Logo-VinicioJarquin-original-400.png\",\"contentUrl\":\"https:\/\/viniciojarquin.com\/blog\/wp-content\/uploads\/2024\/10\/Logo-VinicioJarquin-original-400.png\",\"width\":400,\"height\":130,\"caption\":\"Vinicio Jarqu\u00edn\"},\"logo\":{\"@id\":\"https:\/\/viniciojarquin.com\/blog\/#\/schema\/person\/image\/\"},\"description\":\"Empresario textil, artista pl\u00e1stico, escritor, coach de vida y fot\u00f3grafo.\",\"sameAs\":[\"https:\/\/viniciojarquin.com\/blog\",\"https:\/\/www.facebook.com\/vinicio.jarquin\",\"https:\/\/www.instagram.com\/vinicio_jarquin\/\",\"https:\/\/www.pinterest.com\/vinnyjc\/\",\"https:\/\/www.youtube.com\/@VinicioJarquin\"],\"url\":\"https:\/\/viniciojarquin.com\/blog\/author\/admin_s02au25i\/\"}]}<\/script>\n<!-- \/ Yoast SEO plugin. -->","yoast_head_json":{"title":"La Navidad sentada con miedo - MI BLOG","robots":{"index":"index","follow":"follow","max-snippet":"max-snippet:-1","max-image-preview":"max-image-preview:large","max-video-preview":"max-video-preview:-1"},"canonical":"https:\/\/viniciojarquin.com\/blog\/la-navidad-sentada-con-miedo\/","og_locale":"es_ES","og_type":"article","og_title":"La Navidad sentada con miedo - MI BLOG","og_description":"Ojal\u00e1 las familias se sentaran a hablar de cosas tan hermosas como la uni\u00f3n, el amor, la mesa compartida, las [&hellip;]","og_url":"https:\/\/viniciojarquin.com\/blog\/la-navidad-sentada-con-miedo\/","og_site_name":"MI BLOG","article_publisher":"https:\/\/www.facebook.com\/vinicio.jarquin","article_author":"https:\/\/www.facebook.com\/vinicio.jarquin","article_published_time":"2025-12-24T02:23:54+00:00","article_modified_time":"2025-12-24T02:23:58+00:00","og_image":[{"width":800,"height":500,"url":"https:\/\/viniciojarquin.com\/blog\/wp-content\/uploads\/2025\/12\/Articulo.jpg","type":"image\/jpeg"}],"author":"Vinicio Jarqu\u00edn","twitter_card":"summary_large_image","twitter_misc":{"Escrito por":"Vinicio Jarqu\u00edn","Tiempo de lectura":"4 minutos"},"schema":{"@context":"https:\/\/schema.org","@graph":[{"@type":"Article","@id":"https:\/\/viniciojarquin.com\/blog\/la-navidad-sentada-con-miedo\/#article","isPartOf":{"@id":"https:\/\/viniciojarquin.com\/blog\/la-navidad-sentada-con-miedo\/"},"author":{"name":"Vinicio Jarqu\u00edn","@id":"https:\/\/viniciojarquin.com\/blog\/#\/schema\/person\/90100c8845ae55462ec0657d3d2f8d3b"},"headline":"La Navidad sentada con miedo","datePublished":"2025-12-24T02:23:54+00:00","dateModified":"2025-12-24T02:23:58+00:00","mainEntityOfPage":{"@id":"https:\/\/viniciojarquin.com\/blog\/la-navidad-sentada-con-miedo\/"},"wordCount":660,"commentCount":1,"publisher":{"@id":"https:\/\/viniciojarquin.com\/blog\/#\/schema\/person\/90100c8845ae55462ec0657d3d2f8d3b"},"image":{"@id":"https:\/\/viniciojarquin.com\/blog\/la-navidad-sentada-con-miedo\/#primaryimage"},"thumbnailUrl":"https:\/\/viniciojarquin.com\/blog\/wp-content\/uploads\/2025\/12\/Articulo.jpg","articleSection":["Elecciones 2026"],"inLanguage":"es","potentialAction":[{"@type":"CommentAction","name":"Comment","target":["https:\/\/viniciojarquin.com\/blog\/la-navidad-sentada-con-miedo\/#respond"]}]},{"@type":"WebPage","@id":"https:\/\/viniciojarquin.com\/blog\/la-navidad-sentada-con-miedo\/","url":"https:\/\/viniciojarquin.com\/blog\/la-navidad-sentada-con-miedo\/","name":"La Navidad sentada con miedo - MI BLOG","isPartOf":{"@id":"https:\/\/viniciojarquin.com\/blog\/#website"},"primaryImageOfPage":{"@id":"https:\/\/viniciojarquin.com\/blog\/la-navidad-sentada-con-miedo\/#primaryimage"},"image":{"@id":"https:\/\/viniciojarquin.com\/blog\/la-navidad-sentada-con-miedo\/#primaryimage"},"thumbnailUrl":"https:\/\/viniciojarquin.com\/blog\/wp-content\/uploads\/2025\/12\/Articulo.jpg","datePublished":"2025-12-24T02:23:54+00:00","dateModified":"2025-12-24T02:23:58+00:00","breadcrumb":{"@id":"https:\/\/viniciojarquin.com\/blog\/la-navidad-sentada-con-miedo\/#breadcrumb"},"inLanguage":"es","potentialAction":[{"@type":"ReadAction","target":["https:\/\/viniciojarquin.com\/blog\/la-navidad-sentada-con-miedo\/"]}]},{"@type":"ImageObject","inLanguage":"es","@id":"https:\/\/viniciojarquin.com\/blog\/la-navidad-sentada-con-miedo\/#primaryimage","url":"https:\/\/viniciojarquin.com\/blog\/wp-content\/uploads\/2025\/12\/Articulo.jpg","contentUrl":"https:\/\/viniciojarquin.com\/blog\/wp-content\/uploads\/2025\/12\/Articulo.jpg","width":800,"height":500},{"@type":"BreadcrumbList","@id":"https:\/\/viniciojarquin.com\/blog\/la-navidad-sentada-con-miedo\/#breadcrumb","itemListElement":[{"@type":"ListItem","position":1,"name":"Portada","item":"https:\/\/viniciojarquin.com\/blog\/"},{"@type":"ListItem","position":2,"name":"La Navidad sentada con miedo"}]},{"@type":"WebSite","@id":"https:\/\/viniciojarquin.com\/blog\/#website","url":"https:\/\/viniciojarquin.com\/blog\/","name":"Vinicio Jarqu\u00edn BLOG","description":"","publisher":{"@id":"https:\/\/viniciojarquin.com\/blog\/#\/schema\/person\/90100c8845ae55462ec0657d3d2f8d3b"},"potentialAction":[{"@type":"SearchAction","target":{"@type":"EntryPoint","urlTemplate":"https:\/\/viniciojarquin.com\/blog\/?s={search_term_string}"},"query-input":{"@type":"PropertyValueSpecification","valueRequired":true,"valueName":"search_term_string"}}],"inLanguage":"es"},{"@type":["Person","Organization"],"@id":"https:\/\/viniciojarquin.com\/blog\/#\/schema\/person\/90100c8845ae55462ec0657d3d2f8d3b","name":"Vinicio Jarqu\u00edn","image":{"@type":"ImageObject","inLanguage":"es","@id":"https:\/\/viniciojarquin.com\/blog\/#\/schema\/person\/image\/","url":"https:\/\/viniciojarquin.com\/blog\/wp-content\/uploads\/2024\/10\/Logo-VinicioJarquin-original-400.png","contentUrl":"https:\/\/viniciojarquin.com\/blog\/wp-content\/uploads\/2024\/10\/Logo-VinicioJarquin-original-400.png","width":400,"height":130,"caption":"Vinicio Jarqu\u00edn"},"logo":{"@id":"https:\/\/viniciojarquin.com\/blog\/#\/schema\/person\/image\/"},"description":"Empresario textil, artista pl\u00e1stico, escritor, coach de vida y fot\u00f3grafo.","sameAs":["https:\/\/viniciojarquin.com\/blog","https:\/\/www.facebook.com\/vinicio.jarquin","https:\/\/www.instagram.com\/vinicio_jarquin\/","https:\/\/www.pinterest.com\/vinnyjc\/","https:\/\/www.youtube.com\/@VinicioJarquin"],"url":"https:\/\/viniciojarquin.com\/blog\/author\/admin_s02au25i\/"}]}},"blog_post_layout_featured_media_urls":{"thumbnail":["https:\/\/viniciojarquin.com\/blog\/wp-content\/uploads\/2025\/12\/Articulo-150x150.jpg",150,150,true],"full":["https:\/\/viniciojarquin.com\/blog\/wp-content\/uploads\/2025\/12\/Articulo.jpg",800,500,false]},"categories_names":{"17":{"name":"Elecciones 2026","link":"https:\/\/viniciojarquin.com\/blog\/category\/elecciones-2026\/"}},"tags_names":[],"comments_number":"1","_links":{"self":[{"href":"https:\/\/viniciojarquin.com\/blog\/wp-json\/wp\/v2\/posts\/2005","targetHints":{"allow":["GET"]}}],"collection":[{"href":"https:\/\/viniciojarquin.com\/blog\/wp-json\/wp\/v2\/posts"}],"about":[{"href":"https:\/\/viniciojarquin.com\/blog\/wp-json\/wp\/v2\/types\/post"}],"author":[{"embeddable":true,"href":"https:\/\/viniciojarquin.com\/blog\/wp-json\/wp\/v2\/users\/1"}],"replies":[{"embeddable":true,"href":"https:\/\/viniciojarquin.com\/blog\/wp-json\/wp\/v2\/comments?post=2005"}],"version-history":[{"count":1,"href":"https:\/\/viniciojarquin.com\/blog\/wp-json\/wp\/v2\/posts\/2005\/revisions"}],"predecessor-version":[{"id":2006,"href":"https:\/\/viniciojarquin.com\/blog\/wp-json\/wp\/v2\/posts\/2005\/revisions\/2006"}],"wp:featuredmedia":[{"embeddable":true,"href":"https:\/\/viniciojarquin.com\/blog\/wp-json\/wp\/v2\/media\/1753"}],"wp:attachment":[{"href":"https:\/\/viniciojarquin.com\/blog\/wp-json\/wp\/v2\/media?parent=2005"}],"wp:term":[{"taxonomy":"category","embeddable":true,"href":"https:\/\/viniciojarquin.com\/blog\/wp-json\/wp\/v2\/categories?post=2005"},{"taxonomy":"post_tag","embeddable":true,"href":"https:\/\/viniciojarquin.com\/blog\/wp-json\/wp\/v2\/tags?post=2005"}],"curies":[{"name":"wp","href":"https:\/\/api.w.org\/{rel}","templated":true}]}}