{"id":2007,"date":"2025-12-26T02:35:31","date_gmt":"2025-12-26T02:35:31","guid":{"rendered":"https:\/\/viniciojarquin.com\/blog\/?p=2007"},"modified":"2025-12-26T02:38:11","modified_gmt":"2025-12-26T02:38:11","slug":"un-llamado-a-no-bajar-la-guardia","status":"publish","type":"post","link":"https:\/\/viniciojarquin.com\/blog\/un-llamado-a-no-bajar-la-guardia\/","title":{"rendered":"Un llamado a no bajar la guardia"},"content":{"rendered":"\n<p>Estimados costarricenses y extranjeros que votan en nuestro pa\u00eds, hoy te hago un llamado de atenci\u00f3n. Un llamado firme, pero consciente, porque lo que est\u00e1 pasando en estos d\u00edas puede ser m\u00e1s peligroso de lo que parece.<\/p>\n\n\n\n<p>En las \u00faltimas semanas, sondeos de opini\u00f3n se han interpretado como encuestas, y encuestas se han interpretado err\u00f3neamente como si fueran sentencia. En este pa\u00eds democr\u00e1tico, libre y de derecho, ning\u00fan presidente es declarado como tal hasta que se pronuncie el Tribunal Supremo de Elecciones, y eso ocurre despu\u00e9s de que el electorado vaya a las urnas, en este caso, el primero de febrero.<\/p>\n\n\n\n<p>Por eso, ten\u00e9 mucho cuidado con creer que ya hay una persona ganadora, que \u201cya todo est\u00e1 decidido\u201d, o que ya no hace falta salir a votar. Esa idea es veneno suave. No mata de golpe, pero desmoviliza. Y la desmovilizaci\u00f3n, en un pa\u00eds como el nuestro, puede abrir una puerta que luego cuesta a\u00f1os cerrar.<\/p>\n\n\n\n<p>El primero de febrero tenemos que ir todos, uno a uno, ir y poner nuestro voto. Votar por una democracia. Votar por libertad. Votar por instituciones. Votar por poder seguir viviendo en Costa Rica de la manera en que hemos vivido, con nuestras imperfecciones, s\u00ed, pero con un marco que nos protege y nos permite corregir, fiscalizar, denunciar y cambiar.<\/p>\n\n\n\n<p>Yo s\u00e9 que mucha gente habla de corrupci\u00f3n. Yo s\u00e9 que se habla de un mont\u00f3n de cosas que han sucedido en gobiernos anteriores. Y est\u00e1 bien discutirlo. Est\u00e1 bien investigarlo. Est\u00e1 bien exigir cuentas. Pero si vot\u00e1s por la democracia y por la libertad, al menos vas a poder seguir viviendo en un pa\u00eds donde esas discusiones se pueden dar sin miedo, donde la cr\u00edtica existe, donde el voto existe, donde el Estado de Derecho existe.<\/p>\n\n\n\n<p>Ahora, en mi opini\u00f3n, si vot\u00e1s por el continuismo, la Costa Rica que hoy conocemos se puede acabar. Y no lo digo por drama ni por exageraci\u00f3n. Lo digo porque hay se\u00f1ales, porque hay patrones, porque hay formas de tratar las instituciones, de atacar a los \u00e1rbitros, de desacreditar a quienes fiscalizan, que no son sanas para una democracia. Y cuando una democracia se erosiona, no se erosiona en un d\u00eda. Se erosiona por costumbre, por repetici\u00f3n, por cansancio, por indiferencia ciudadana.<\/p>\n\n\n\n<p>Levantate y and\u00e1 a votar.<\/p>\n\n\n\n<p>Repito: levantate y and\u00e1 a votar este primero de febrero.<\/p>\n\n\n\n<p>Esto no se trata de \u201cyo no voto\u201d. No se trata de \u201ca m\u00ed no me interesa la pol\u00edtica\u201d. No se trata de \u201cyo no s\u00e9 nada de eso\u201d. Se trata de rescatar a Costa Rica, porque estas elecciones son decisivas. Vas a tener que elegir entre seguir viviendo en la misma Costa Rica que tenemos hoy, con todas sus imperfecciones, o empezar a entregar, regalar o vender \u2014por indiferencia o por emoci\u00f3n\u2014 el pa\u00eds que hemos conocido.<\/p>\n\n\n\n<p>Y s\u00ed, lo voy a decir con claridad, porque hay momentos en que hay que decirlo: en no m\u00e1s de cuatro a\u00f1os podr\u00edamos parecernos m\u00e1s a pa\u00edses donde la democracia se debilit\u00f3 hasta volverse un cascar\u00f3n, como Nicaragua o Venezuela. No estoy diciendo que seamos ellos. Estoy diciendo que nadie est\u00e1 vacunado si dej\u00e1s de votar, si dej\u00e1s de defender las reglas del juego, si dej\u00e1s de cuidar el derecho a disentir.<\/p>\n\n\n\n<p>El futuro no se adivina. El futuro se defiende.<\/p>\n\n\n\n<p>Y la primera defensa, la m\u00e1s simple y la m\u00e1s poderosa, es una sola: levantarte y votar.<\/p>\n\n\n\n<figure class=\"wp-block-image size-full\"><img decoding=\"async\" width=\"800\" height=\"500\" data-src=\"https:\/\/viniciojarquin.com\/blog\/wp-content\/uploads\/2025\/12\/Articulo.jpg\" alt=\"\" class=\"wp-image-1753 lazyload\" data-srcset=\"https:\/\/viniciojarquin.com\/blog\/wp-content\/uploads\/2025\/12\/Articulo.jpg 800w, https:\/\/viniciojarquin.com\/blog\/wp-content\/uploads\/2025\/12\/Articulo-300x188.jpg 300w, https:\/\/viniciojarquin.com\/blog\/wp-content\/uploads\/2025\/12\/Articulo-768x480.jpg 768w\" data-sizes=\"(max-width: 800px) 100vw, 800px\" src=\"data:image\/svg+xml;base64,PHN2ZyB3aWR0aD0iMSIgaGVpZ2h0PSIxIiB4bWxucz0iaHR0cDovL3d3dy53My5vcmcvMjAwMC9zdmciPjwvc3ZnPg==\" style=\"--smush-placeholder-width: 800px; --smush-placeholder-aspect-ratio: 800\/500;\" \/><\/figure>\n","protected":false},"excerpt":{"rendered":"<p>Estimados costarricenses y extranjeros que votan en nuestro pa\u00eds, hoy te hago un llamado de atenci\u00f3n. Un llamado firme, pero [&hellip;]<\/p>\n","protected":false},"author":1,"featured_media":1753,"comment_status":"open","ping_status":"open","sticky":false,"template":"","format":"standard","meta":{"site-sidebar-layout":"default","site-content-layout":"","ast-site-content-layout":"","site-content-style":"default","site-sidebar-style":"default","ast-global-header-display":"","ast-banner-title-visibility":"","ast-main-header-display":"","ast-hfb-above-header-display":"","ast-hfb-below-header-display":"","ast-hfb-mobile-header-display":"","site-post-title":"","ast-breadcrumbs-content":"","ast-featured-img":"","footer-sml-layout":"","theme-transparent-header-meta":"","adv-header-id-meta":"","stick-header-meta":"","header-above-stick-meta":"","header-main-stick-meta":"","header-below-stick-meta":"","astra-migrate-meta-layouts":"default","ast-page-background-enabled":"default","ast-page-background-meta":{"desktop":{"background-color":"var(--ast-global-color-5)","background-image":"","background-repeat":"repeat","background-position":"center center","background-size":"auto","background-attachment":"scroll","background-type":"","background-media":"","overlay-type":"","overlay-color":"","overlay-opacity":"","overlay-gradient":""},"tablet":{"background-color":"","background-image":"","background-repeat":"repeat","background-position":"center center","background-size":"auto","background-attachment":"scroll","background-type":"","background-media":"","overlay-type":"","overlay-color":"","overlay-opacity":"","overlay-gradient":""},"mobile":{"background-color":"","background-image":"","background-repeat":"repeat","background-position":"center center","background-size":"auto","background-attachment":"scroll","background-type":"","background-media":"","overlay-type":"","overlay-color":"","overlay-opacity":"","overlay-gradient":""}},"ast-content-background-meta":{"desktop":{"background-color":"var(--ast-global-color-4)","background-image":"","background-repeat":"repeat","background-position":"center center","background-size":"auto","background-attachment":"scroll","background-type":"","background-media":"","overlay-type":"","overlay-color":"","overlay-opacity":"","overlay-gradient":""},"tablet":{"background-color":"var(--ast-global-color-4)","background-image":"","background-repeat":"repeat","background-position":"center center","background-size":"auto","background-attachment":"scroll","background-type":"","background-media":"","overlay-type":"","overlay-color":"","overlay-opacity":"","overlay-gradient":""},"mobile":{"background-color":"var(--ast-global-color-4)","background-image":"","background-repeat":"repeat","background-position":"center center","background-size":"auto","background-attachment":"scroll","background-type":"","background-media":"","overlay-type":"","overlay-color":"","overlay-opacity":"","overlay-gradient":""}},"footnotes":""},"categories":[17],"tags":[],"class_list":["post-2007","post","type-post","status-publish","format-standard","has-post-thumbnail","hentry","category-elecciones-2026"],"yoast_head":"<!-- This site is optimized with the Yoast SEO plugin v26.0 - https:\/\/yoast.com\/wordpress\/plugins\/seo\/ -->\n<title>Un llamado a no bajar la guardia - MI BLOG<\/title>\n<meta name=\"robots\" content=\"index, follow, max-snippet:-1, max-image-preview:large, max-video-preview:-1\" \/>\n<link rel=\"canonical\" href=\"https:\/\/viniciojarquin.com\/blog\/un-llamado-a-no-bajar-la-guardia\/\" \/>\n<meta property=\"og:locale\" content=\"es_ES\" \/>\n<meta property=\"og:type\" content=\"article\" \/>\n<meta property=\"og:title\" content=\"Un llamado a no bajar la guardia - MI BLOG\" \/>\n<meta property=\"og:description\" content=\"Estimados costarricenses y extranjeros que votan en nuestro pa\u00eds, hoy te hago un llamado de atenci\u00f3n. Un llamado firme, pero [&hellip;]\" \/>\n<meta property=\"og:url\" content=\"https:\/\/viniciojarquin.com\/blog\/un-llamado-a-no-bajar-la-guardia\/\" \/>\n<meta property=\"og:site_name\" content=\"MI BLOG\" \/>\n<meta property=\"article:publisher\" content=\"https:\/\/www.facebook.com\/vinicio.jarquin\" \/>\n<meta property=\"article:author\" content=\"https:\/\/www.facebook.com\/vinicio.jarquin\" \/>\n<meta property=\"article:published_time\" content=\"2025-12-26T02:35:31+00:00\" \/>\n<meta property=\"article:modified_time\" content=\"2025-12-26T02:38:11+00:00\" \/>\n<meta property=\"og:image\" content=\"https:\/\/viniciojarquin.com\/blog\/wp-content\/uploads\/2025\/12\/Articulo.jpg\" \/>\n\t<meta property=\"og:image:width\" content=\"800\" \/>\n\t<meta property=\"og:image:height\" content=\"500\" \/>\n\t<meta property=\"og:image:type\" content=\"image\/jpeg\" \/>\n<meta name=\"author\" content=\"Vinicio Jarqu\u00edn\" \/>\n<meta name=\"twitter:card\" content=\"summary_large_image\" \/>\n<meta name=\"twitter:label1\" content=\"Escrito por\" \/>\n\t<meta name=\"twitter:data1\" content=\"Vinicio Jarqu\u00edn\" \/>\n\t<meta name=\"twitter:label2\" content=\"Tiempo de lectura\" \/>\n\t<meta name=\"twitter:data2\" content=\"4 minutos\" \/>\n<script type=\"application\/ld+json\" class=\"yoast-schema-graph\">{\"@context\":\"https:\/\/schema.org\",\"@graph\":[{\"@type\":\"Article\",\"@id\":\"https:\/\/viniciojarquin.com\/blog\/un-llamado-a-no-bajar-la-guardia\/#article\",\"isPartOf\":{\"@id\":\"https:\/\/viniciojarquin.com\/blog\/un-llamado-a-no-bajar-la-guardia\/\"},\"author\":{\"name\":\"Vinicio Jarqu\u00edn\",\"@id\":\"https:\/\/viniciojarquin.com\/blog\/#\/schema\/person\/90100c8845ae55462ec0657d3d2f8d3b\"},\"headline\":\"Un llamado a no bajar la guardia\",\"datePublished\":\"2025-12-26T02:35:31+00:00\",\"dateModified\":\"2025-12-26T02:38:11+00:00\",\"mainEntityOfPage\":{\"@id\":\"https:\/\/viniciojarquin.com\/blog\/un-llamado-a-no-bajar-la-guardia\/\"},\"wordCount\":612,\"commentCount\":0,\"publisher\":{\"@id\":\"https:\/\/viniciojarquin.com\/blog\/#\/schema\/person\/90100c8845ae55462ec0657d3d2f8d3b\"},\"image\":{\"@id\":\"https:\/\/viniciojarquin.com\/blog\/un-llamado-a-no-bajar-la-guardia\/#primaryimage\"},\"thumbnailUrl\":\"https:\/\/viniciojarquin.com\/blog\/wp-content\/uploads\/2025\/12\/Articulo.jpg\",\"articleSection\":[\"Elecciones 2026\"],\"inLanguage\":\"es\",\"potentialAction\":[{\"@type\":\"CommentAction\",\"name\":\"Comment\",\"target\":[\"https:\/\/viniciojarquin.com\/blog\/un-llamado-a-no-bajar-la-guardia\/#respond\"]}]},{\"@type\":\"WebPage\",\"@id\":\"https:\/\/viniciojarquin.com\/blog\/un-llamado-a-no-bajar-la-guardia\/\",\"url\":\"https:\/\/viniciojarquin.com\/blog\/un-llamado-a-no-bajar-la-guardia\/\",\"name\":\"Un llamado a no bajar la guardia - MI BLOG\",\"isPartOf\":{\"@id\":\"https:\/\/viniciojarquin.com\/blog\/#website\"},\"primaryImageOfPage\":{\"@id\":\"https:\/\/viniciojarquin.com\/blog\/un-llamado-a-no-bajar-la-guardia\/#primaryimage\"},\"image\":{\"@id\":\"https:\/\/viniciojarquin.com\/blog\/un-llamado-a-no-bajar-la-guardia\/#primaryimage\"},\"thumbnailUrl\":\"https:\/\/viniciojarquin.com\/blog\/wp-content\/uploads\/2025\/12\/Articulo.jpg\",\"datePublished\":\"2025-12-26T02:35:31+00:00\",\"dateModified\":\"2025-12-26T02:38:11+00:00\",\"breadcrumb\":{\"@id\":\"https:\/\/viniciojarquin.com\/blog\/un-llamado-a-no-bajar-la-guardia\/#breadcrumb\"},\"inLanguage\":\"es\",\"potentialAction\":[{\"@type\":\"ReadAction\",\"target\":[\"https:\/\/viniciojarquin.com\/blog\/un-llamado-a-no-bajar-la-guardia\/\"]}]},{\"@type\":\"ImageObject\",\"inLanguage\":\"es\",\"@id\":\"https:\/\/viniciojarquin.com\/blog\/un-llamado-a-no-bajar-la-guardia\/#primaryimage\",\"url\":\"https:\/\/viniciojarquin.com\/blog\/wp-content\/uploads\/2025\/12\/Articulo.jpg\",\"contentUrl\":\"https:\/\/viniciojarquin.com\/blog\/wp-content\/uploads\/2025\/12\/Articulo.jpg\",\"width\":800,\"height\":500},{\"@type\":\"BreadcrumbList\",\"@id\":\"https:\/\/viniciojarquin.com\/blog\/un-llamado-a-no-bajar-la-guardia\/#breadcrumb\",\"itemListElement\":[{\"@type\":\"ListItem\",\"position\":1,\"name\":\"Portada\",\"item\":\"https:\/\/viniciojarquin.com\/blog\/\"},{\"@type\":\"ListItem\",\"position\":2,\"name\":\"Un llamado a no bajar la guardia\"}]},{\"@type\":\"WebSite\",\"@id\":\"https:\/\/viniciojarquin.com\/blog\/#website\",\"url\":\"https:\/\/viniciojarquin.com\/blog\/\",\"name\":\"Vinicio Jarqu\u00edn BLOG\",\"description\":\"\",\"publisher\":{\"@id\":\"https:\/\/viniciojarquin.com\/blog\/#\/schema\/person\/90100c8845ae55462ec0657d3d2f8d3b\"},\"potentialAction\":[{\"@type\":\"SearchAction\",\"target\":{\"@type\":\"EntryPoint\",\"urlTemplate\":\"https:\/\/viniciojarquin.com\/blog\/?s={search_term_string}\"},\"query-input\":{\"@type\":\"PropertyValueSpecification\",\"valueRequired\":true,\"valueName\":\"search_term_string\"}}],\"inLanguage\":\"es\"},{\"@type\":[\"Person\",\"Organization\"],\"@id\":\"https:\/\/viniciojarquin.com\/blog\/#\/schema\/person\/90100c8845ae55462ec0657d3d2f8d3b\",\"name\":\"Vinicio Jarqu\u00edn\",\"image\":{\"@type\":\"ImageObject\",\"inLanguage\":\"es\",\"@id\":\"https:\/\/viniciojarquin.com\/blog\/#\/schema\/person\/image\/\",\"url\":\"https:\/\/viniciojarquin.com\/blog\/wp-content\/uploads\/2024\/10\/Logo-VinicioJarquin-original-400.png\",\"contentUrl\":\"https:\/\/viniciojarquin.com\/blog\/wp-content\/uploads\/2024\/10\/Logo-VinicioJarquin-original-400.png\",\"width\":400,\"height\":130,\"caption\":\"Vinicio Jarqu\u00edn\"},\"logo\":{\"@id\":\"https:\/\/viniciojarquin.com\/blog\/#\/schema\/person\/image\/\"},\"description\":\"Empresario textil, artista pl\u00e1stico, escritor, coach de vida y fot\u00f3grafo.\",\"sameAs\":[\"https:\/\/viniciojarquin.com\/blog\",\"https:\/\/www.facebook.com\/vinicio.jarquin\",\"https:\/\/www.instagram.com\/vinicio_jarquin\/\",\"https:\/\/www.pinterest.com\/vinnyjc\/\",\"https:\/\/www.youtube.com\/@VinicioJarquin\"],\"url\":\"https:\/\/viniciojarquin.com\/blog\/author\/admin_s02au25i\/\"}]}<\/script>\n<!-- \/ Yoast SEO plugin. -->","yoast_head_json":{"title":"Un llamado a no bajar la guardia - MI BLOG","robots":{"index":"index","follow":"follow","max-snippet":"max-snippet:-1","max-image-preview":"max-image-preview:large","max-video-preview":"max-video-preview:-1"},"canonical":"https:\/\/viniciojarquin.com\/blog\/un-llamado-a-no-bajar-la-guardia\/","og_locale":"es_ES","og_type":"article","og_title":"Un llamado a no bajar la guardia - MI BLOG","og_description":"Estimados costarricenses y extranjeros que votan en nuestro pa\u00eds, hoy te hago un llamado de atenci\u00f3n. Un llamado firme, pero [&hellip;]","og_url":"https:\/\/viniciojarquin.com\/blog\/un-llamado-a-no-bajar-la-guardia\/","og_site_name":"MI BLOG","article_publisher":"https:\/\/www.facebook.com\/vinicio.jarquin","article_author":"https:\/\/www.facebook.com\/vinicio.jarquin","article_published_time":"2025-12-26T02:35:31+00:00","article_modified_time":"2025-12-26T02:38:11+00:00","og_image":[{"width":800,"height":500,"url":"https:\/\/viniciojarquin.com\/blog\/wp-content\/uploads\/2025\/12\/Articulo.jpg","type":"image\/jpeg"}],"author":"Vinicio Jarqu\u00edn","twitter_card":"summary_large_image","twitter_misc":{"Escrito por":"Vinicio Jarqu\u00edn","Tiempo de lectura":"4 minutos"},"schema":{"@context":"https:\/\/schema.org","@graph":[{"@type":"Article","@id":"https:\/\/viniciojarquin.com\/blog\/un-llamado-a-no-bajar-la-guardia\/#article","isPartOf":{"@id":"https:\/\/viniciojarquin.com\/blog\/un-llamado-a-no-bajar-la-guardia\/"},"author":{"name":"Vinicio Jarqu\u00edn","@id":"https:\/\/viniciojarquin.com\/blog\/#\/schema\/person\/90100c8845ae55462ec0657d3d2f8d3b"},"headline":"Un llamado a no bajar la guardia","datePublished":"2025-12-26T02:35:31+00:00","dateModified":"2025-12-26T02:38:11+00:00","mainEntityOfPage":{"@id":"https:\/\/viniciojarquin.com\/blog\/un-llamado-a-no-bajar-la-guardia\/"},"wordCount":612,"commentCount":0,"publisher":{"@id":"https:\/\/viniciojarquin.com\/blog\/#\/schema\/person\/90100c8845ae55462ec0657d3d2f8d3b"},"image":{"@id":"https:\/\/viniciojarquin.com\/blog\/un-llamado-a-no-bajar-la-guardia\/#primaryimage"},"thumbnailUrl":"https:\/\/viniciojarquin.com\/blog\/wp-content\/uploads\/2025\/12\/Articulo.jpg","articleSection":["Elecciones 2026"],"inLanguage":"es","potentialAction":[{"@type":"CommentAction","name":"Comment","target":["https:\/\/viniciojarquin.com\/blog\/un-llamado-a-no-bajar-la-guardia\/#respond"]}]},{"@type":"WebPage","@id":"https:\/\/viniciojarquin.com\/blog\/un-llamado-a-no-bajar-la-guardia\/","url":"https:\/\/viniciojarquin.com\/blog\/un-llamado-a-no-bajar-la-guardia\/","name":"Un llamado a no bajar la guardia - MI BLOG","isPartOf":{"@id":"https:\/\/viniciojarquin.com\/blog\/#website"},"primaryImageOfPage":{"@id":"https:\/\/viniciojarquin.com\/blog\/un-llamado-a-no-bajar-la-guardia\/#primaryimage"},"image":{"@id":"https:\/\/viniciojarquin.com\/blog\/un-llamado-a-no-bajar-la-guardia\/#primaryimage"},"thumbnailUrl":"https:\/\/viniciojarquin.com\/blog\/wp-content\/uploads\/2025\/12\/Articulo.jpg","datePublished":"2025-12-26T02:35:31+00:00","dateModified":"2025-12-26T02:38:11+00:00","breadcrumb":{"@id":"https:\/\/viniciojarquin.com\/blog\/un-llamado-a-no-bajar-la-guardia\/#breadcrumb"},"inLanguage":"es","potentialAction":[{"@type":"ReadAction","target":["https:\/\/viniciojarquin.com\/blog\/un-llamado-a-no-bajar-la-guardia\/"]}]},{"@type":"ImageObject","inLanguage":"es","@id":"https:\/\/viniciojarquin.com\/blog\/un-llamado-a-no-bajar-la-guardia\/#primaryimage","url":"https:\/\/viniciojarquin.com\/blog\/wp-content\/uploads\/2025\/12\/Articulo.jpg","contentUrl":"https:\/\/viniciojarquin.com\/blog\/wp-content\/uploads\/2025\/12\/Articulo.jpg","width":800,"height":500},{"@type":"BreadcrumbList","@id":"https:\/\/viniciojarquin.com\/blog\/un-llamado-a-no-bajar-la-guardia\/#breadcrumb","itemListElement":[{"@type":"ListItem","position":1,"name":"Portada","item":"https:\/\/viniciojarquin.com\/blog\/"},{"@type":"ListItem","position":2,"name":"Un llamado a no bajar la guardia"}]},{"@type":"WebSite","@id":"https:\/\/viniciojarquin.com\/blog\/#website","url":"https:\/\/viniciojarquin.com\/blog\/","name":"Vinicio Jarqu\u00edn BLOG","description":"","publisher":{"@id":"https:\/\/viniciojarquin.com\/blog\/#\/schema\/person\/90100c8845ae55462ec0657d3d2f8d3b"},"potentialAction":[{"@type":"SearchAction","target":{"@type":"EntryPoint","urlTemplate":"https:\/\/viniciojarquin.com\/blog\/?s={search_term_string}"},"query-input":{"@type":"PropertyValueSpecification","valueRequired":true,"valueName":"search_term_string"}}],"inLanguage":"es"},{"@type":["Person","Organization"],"@id":"https:\/\/viniciojarquin.com\/blog\/#\/schema\/person\/90100c8845ae55462ec0657d3d2f8d3b","name":"Vinicio Jarqu\u00edn","image":{"@type":"ImageObject","inLanguage":"es","@id":"https:\/\/viniciojarquin.com\/blog\/#\/schema\/person\/image\/","url":"https:\/\/viniciojarquin.com\/blog\/wp-content\/uploads\/2024\/10\/Logo-VinicioJarquin-original-400.png","contentUrl":"https:\/\/viniciojarquin.com\/blog\/wp-content\/uploads\/2024\/10\/Logo-VinicioJarquin-original-400.png","width":400,"height":130,"caption":"Vinicio Jarqu\u00edn"},"logo":{"@id":"https:\/\/viniciojarquin.com\/blog\/#\/schema\/person\/image\/"},"description":"Empresario textil, artista pl\u00e1stico, escritor, coach de vida y fot\u00f3grafo.","sameAs":["https:\/\/viniciojarquin.com\/blog","https:\/\/www.facebook.com\/vinicio.jarquin","https:\/\/www.instagram.com\/vinicio_jarquin\/","https:\/\/www.pinterest.com\/vinnyjc\/","https:\/\/www.youtube.com\/@VinicioJarquin"],"url":"https:\/\/viniciojarquin.com\/blog\/author\/admin_s02au25i\/"}]}},"blog_post_layout_featured_media_urls":{"thumbnail":["https:\/\/viniciojarquin.com\/blog\/wp-content\/uploads\/2025\/12\/Articulo-150x150.jpg",150,150,true],"full":["https:\/\/viniciojarquin.com\/blog\/wp-content\/uploads\/2025\/12\/Articulo.jpg",800,500,false]},"categories_names":{"17":{"name":"Elecciones 2026","link":"https:\/\/viniciojarquin.com\/blog\/category\/elecciones-2026\/"}},"tags_names":[],"comments_number":"0","_links":{"self":[{"href":"https:\/\/viniciojarquin.com\/blog\/wp-json\/wp\/v2\/posts\/2007","targetHints":{"allow":["GET"]}}],"collection":[{"href":"https:\/\/viniciojarquin.com\/blog\/wp-json\/wp\/v2\/posts"}],"about":[{"href":"https:\/\/viniciojarquin.com\/blog\/wp-json\/wp\/v2\/types\/post"}],"author":[{"embeddable":true,"href":"https:\/\/viniciojarquin.com\/blog\/wp-json\/wp\/v2\/users\/1"}],"replies":[{"embeddable":true,"href":"https:\/\/viniciojarquin.com\/blog\/wp-json\/wp\/v2\/comments?post=2007"}],"version-history":[{"count":1,"href":"https:\/\/viniciojarquin.com\/blog\/wp-json\/wp\/v2\/posts\/2007\/revisions"}],"predecessor-version":[{"id":2008,"href":"https:\/\/viniciojarquin.com\/blog\/wp-json\/wp\/v2\/posts\/2007\/revisions\/2008"}],"wp:featuredmedia":[{"embeddable":true,"href":"https:\/\/viniciojarquin.com\/blog\/wp-json\/wp\/v2\/media\/1753"}],"wp:attachment":[{"href":"https:\/\/viniciojarquin.com\/blog\/wp-json\/wp\/v2\/media?parent=2007"}],"wp:term":[{"taxonomy":"category","embeddable":true,"href":"https:\/\/viniciojarquin.com\/blog\/wp-json\/wp\/v2\/categories?post=2007"},{"taxonomy":"post_tag","embeddable":true,"href":"https:\/\/viniciojarquin.com\/blog\/wp-json\/wp\/v2\/tags?post=2007"}],"curies":[{"name":"wp","href":"https:\/\/api.w.org\/{rel}","templated":true}]}}