{"id":2015,"date":"2025-12-26T02:50:07","date_gmt":"2025-12-26T02:50:07","guid":{"rendered":"https:\/\/viniciojarquin.com\/blog\/?p=2015"},"modified":"2025-12-26T02:51:00","modified_gmt":"2025-12-26T02:51:00","slug":"un-llamado-oficio-por-oficio-en-este-tiempo-en-pausa","status":"publish","type":"post","link":"https:\/\/viniciojarquin.com\/blog\/un-llamado-oficio-por-oficio-en-este-tiempo-en-pausa\/","title":{"rendered":"Un llamado, oficio por oficio, en este tiempo en pausa"},"content":{"rendered":"\n<p>Quiero hacer un llamado a los educadores y docentes. A quienes forman criterio, pensamiento cr\u00edtico y conciencia. Ustedes saben mejor que nadie que una democracia no se improvisa y que la libertad se ense\u00f1a. Este pa\u00eds que entra en elecciones necesita maestras y maestros que voten pensando en el aula del futuro, en la palabra que podr\u00e1 decirse sin miedo, en el pensamiento que no ser\u00e1 censurado.<\/p>\n\n\n\n<p>Quiero llamar a los m\u00e9dicos y al personal de salud. A quienes sostienen la vida en los momentos m\u00e1s fr\u00e1giles. Votar es tambi\u00e9n un acto de cuidado. Cuidar el sistema que permite atender sin discriminaci\u00f3n, cuidar las instituciones que protegen derechos, cuidar un pa\u00eds donde la salud no dependa del silencio ni de la obediencia ciega.<\/p>\n\n\n\n<p>Quiero llamar a los psic\u00f3logos y trabajadores sociales. Ustedes conocen el da\u00f1o que causa el miedo, la manipulaci\u00f3n emocional, el autoritarismo disfrazado de fuerza. Su voto es una extensi\u00f3n de su \u00e9tica. Voten por un pa\u00eds donde la salud mental no sea perseguida, donde la dignidad humana siga siendo un principio.<\/p>\n\n\n\n<p>Quiero llamar a los estudiantes universitarios. A quienes est\u00e1n aprendiendo a pensar, a cuestionar, a comparar. No permitan que les roben el futuro por cansancio o por indiferencia. Votar es defender la posibilidad de estudiar, de investigar, de crear sin mordazas.<\/p>\n\n\n\n<p>Quiero llamar a los estudiantes de colegio. Aunque algunos todav\u00eda no voten, ya est\u00e1n formando criterio. Hablen, pregunten, cuestionen en casa. La democracia tambi\u00e9n se cuida cuando una generaci\u00f3n se atreve a pensar antes de repetir.<\/p>\n\n\n\n<p>Quiero llamar a los emprendedores y peque\u00f1os empresarios. A quienes arriesgan, crean empleo y sostienen familias. La estabilidad institucional no es un lujo: es el suelo sobre el que se emprende. Voten pensando en reglas claras, en seguridad jur\u00eddica, en un pa\u00eds donde trabajar valga la pena.<\/p>\n\n\n\n<p>Quiero llamar a los comerciantes. A quienes abren la persiana cada ma\u00f1ana sin saber c\u00f3mo estar\u00e1 el d\u00eda. La democracia tambi\u00e9n protege el trabajo cotidiano, la calle segura, el derecho a ganarse la vida sin temor.<\/p>\n\n\n\n<p>Quiero llamar a los artesanos. A quienes trabajan con las manos y la paciencia. Su oficio es herencia cultural. Votar es proteger un pa\u00eds donde la identidad no se pierde ni se aplasta.<\/p>\n\n\n\n<p>Quiero llamar a los m\u00fasicos. A quienes ponen palabras y melod\u00edas donde otros no llegan. La m\u00fasica necesita libertad para existir. Defiendan con su voto el pa\u00eds donde el arte no es perseguido ni silenciado.<\/p>\n\n\n\n<p>Quiero llamar a los dise\u00f1adores gr\u00e1ficos. A quienes comunican con imagen, forma y mensaje. Ustedes saben el poder de la narrativa. Usen ese conocimiento tambi\u00e9n para elegir con conciencia.<\/p>\n\n\n\n<p>Quiero llamar a los fot\u00f3grafos. A quienes capturan la realidad. Defiendan con su voto el derecho a mirar, a mostrar, a documentar sin censura.<\/p>\n\n\n\n<p>Quiero llamar a los comunicadores y periodistas. A quienes preguntan, investigan y fiscalizan. La democracia necesita prensa libre. Votar es tambi\u00e9n proteger el derecho a preguntar.<\/p>\n\n\n\n<p>Quiero llamar a los ingenieros y arquitectos. A quienes piensan pa\u00eds en planos, estructuras y proyectos. Ninguna obra se sostiene sin bases firmes. La democracia es una de esas bases.<\/p>\n\n\n\n<p>Quiero llamar a los abogados. A quienes conocen la Constituci\u00f3n y el Estado de Derecho. Su voto no es neutro: es una extensi\u00f3n de su juramento \u00e9tico.<\/p>\n\n\n\n<p>Quiero llamar a los funcionarios p\u00fablicos. A quienes sostienen el Estado d\u00eda a d\u00eda. Votar es defender la institucionalidad que ustedes mismos representan.<\/p>\n\n\n\n<p>Quiero llamar a los l\u00edderes comunales. A quienes conocen el barrio, la comunidad, la necesidad real. La democracia empieza abajo, pero se decide en las urnas.<\/p>\n\n\n\n<p>Quiero llamar a los l\u00edderes religiosos. A quienes acompa\u00f1an espiritualmente. Cuidar la dignidad humana, la paz y la justicia tambi\u00e9n pasa por el voto.<\/p>\n\n\n\n<p>Quiero llamar a las madres y padres de familia. A quienes piensan en sus hijos cuando toman decisiones. Voten pensando en el pa\u00eds donde ellos crecer\u00e1n, hablar\u00e1n y decidir\u00e1n.<\/p>\n\n\n\n<p>Quiero llamar a las personas adultas mayores. A quienes han visto al pa\u00eds crecer y cambiar. Su experiencia es memoria viva. No permitan que se pierda lo construido.<\/p>\n\n\n\n<p>Quiero llamar a los j\u00f3venes que votan por primera vez. Este no es un tr\u00e1mite. Es tu entrada formal a la historia del pa\u00eds. Vot\u00e1 con conciencia.<\/p>\n\n\n\n<p>Y finalmente, quiero llamarte a vos. A vos que est\u00e1s leyendo. No dej\u00e9s pasar este tiempo en pausa sin pensar. La democracia no se cuida sola. Se cuida cuando cada uno, desde su oficio, su vida y su conciencia, se levanta y vota.<\/p>\n\n\n\n<p>Porque Costa Rica todav\u00eda puede respirar en paz.<\/p>\n\n\n\n<p>Pero depende de vos.<\/p>\n\n\n\n<figure class=\"wp-block-image size-full\"><img decoding=\"async\" width=\"800\" height=\"500\" data-src=\"https:\/\/viniciojarquin.com\/blog\/wp-content\/uploads\/2025\/12\/Articulo.jpg\" alt=\"\" class=\"wp-image-1753 lazyload\" data-srcset=\"https:\/\/viniciojarquin.com\/blog\/wp-content\/uploads\/2025\/12\/Articulo.jpg 800w, https:\/\/viniciojarquin.com\/blog\/wp-content\/uploads\/2025\/12\/Articulo-300x188.jpg 300w, https:\/\/viniciojarquin.com\/blog\/wp-content\/uploads\/2025\/12\/Articulo-768x480.jpg 768w\" data-sizes=\"(max-width: 800px) 100vw, 800px\" src=\"data:image\/svg+xml;base64,PHN2ZyB3aWR0aD0iMSIgaGVpZ2h0PSIxIiB4bWxucz0iaHR0cDovL3d3dy53My5vcmcvMjAwMC9zdmciPjwvc3ZnPg==\" style=\"--smush-placeholder-width: 800px; --smush-placeholder-aspect-ratio: 800\/500;\" \/><\/figure>\n","protected":false},"excerpt":{"rendered":"<p>Quiero hacer un llamado a los educadores y docentes. A quienes forman criterio, pensamiento cr\u00edtico y conciencia. Ustedes saben mejor [&hellip;]<\/p>\n","protected":false},"author":1,"featured_media":1753,"comment_status":"open","ping_status":"open","sticky":false,"template":"","format":"standard","meta":{"site-sidebar-layout":"default","site-content-layout":"","ast-site-content-layout":"","site-content-style":"default","site-sidebar-style":"default","ast-global-header-display":"","ast-banner-title-visibility":"","ast-main-header-display":"","ast-hfb-above-header-display":"","ast-hfb-below-header-display":"","ast-hfb-mobile-header-display":"","site-post-title":"","ast-breadcrumbs-content":"","ast-featured-img":"","footer-sml-layout":"","theme-transparent-header-meta":"","adv-header-id-meta":"","stick-header-meta":"","header-above-stick-meta":"","header-main-stick-meta":"","header-below-stick-meta":"","astra-migrate-meta-layouts":"default","ast-page-background-enabled":"default","ast-page-background-meta":{"desktop":{"background-color":"var(--ast-global-color-5)","background-image":"","background-repeat":"repeat","background-position":"center center","background-size":"auto","background-attachment":"scroll","background-type":"","background-media":"","overlay-type":"","overlay-color":"","overlay-opacity":"","overlay-gradient":""},"tablet":{"background-color":"","background-image":"","background-repeat":"repeat","background-position":"center center","background-size":"auto","background-attachment":"scroll","background-type":"","background-media":"","overlay-type":"","overlay-color":"","overlay-opacity":"","overlay-gradient":""},"mobile":{"background-color":"","background-image":"","background-repeat":"repeat","background-position":"center center","background-size":"auto","background-attachment":"scroll","background-type":"","background-media":"","overlay-type":"","overlay-color":"","overlay-opacity":"","overlay-gradient":""}},"ast-content-background-meta":{"desktop":{"background-color":"var(--ast-global-color-4)","background-image":"","background-repeat":"repeat","background-position":"center center","background-size":"auto","background-attachment":"scroll","background-type":"","background-media":"","overlay-type":"","overlay-color":"","overlay-opacity":"","overlay-gradient":""},"tablet":{"background-color":"var(--ast-global-color-4)","background-image":"","background-repeat":"repeat","background-position":"center center","background-size":"auto","background-attachment":"scroll","background-type":"","background-media":"","overlay-type":"","overlay-color":"","overlay-opacity":"","overlay-gradient":""},"mobile":{"background-color":"var(--ast-global-color-4)","background-image":"","background-repeat":"repeat","background-position":"center center","background-size":"auto","background-attachment":"scroll","background-type":"","background-media":"","overlay-type":"","overlay-color":"","overlay-opacity":"","overlay-gradient":""}},"footnotes":""},"categories":[17],"tags":[],"class_list":["post-2015","post","type-post","status-publish","format-standard","has-post-thumbnail","hentry","category-elecciones-2026"],"yoast_head":"<!-- This site is optimized with the Yoast SEO plugin v26.0 - https:\/\/yoast.com\/wordpress\/plugins\/seo\/ -->\n<title>Un llamado, oficio por oficio, en este tiempo en pausa - MI BLOG<\/title>\n<meta name=\"robots\" content=\"index, follow, max-snippet:-1, max-image-preview:large, max-video-preview:-1\" \/>\n<link rel=\"canonical\" href=\"https:\/\/viniciojarquin.com\/blog\/un-llamado-oficio-por-oficio-en-este-tiempo-en-pausa\/\" \/>\n<meta property=\"og:locale\" content=\"es_ES\" \/>\n<meta property=\"og:type\" content=\"article\" \/>\n<meta property=\"og:title\" content=\"Un llamado, oficio por oficio, en este tiempo en pausa - MI BLOG\" \/>\n<meta property=\"og:description\" content=\"Quiero hacer un llamado a los educadores y docentes. A quienes forman criterio, pensamiento cr\u00edtico y conciencia. Ustedes saben mejor [&hellip;]\" \/>\n<meta property=\"og:url\" content=\"https:\/\/viniciojarquin.com\/blog\/un-llamado-oficio-por-oficio-en-este-tiempo-en-pausa\/\" \/>\n<meta property=\"og:site_name\" content=\"MI BLOG\" \/>\n<meta property=\"article:publisher\" content=\"https:\/\/www.facebook.com\/vinicio.jarquin\" \/>\n<meta property=\"article:author\" content=\"https:\/\/www.facebook.com\/vinicio.jarquin\" \/>\n<meta property=\"article:published_time\" content=\"2025-12-26T02:50:07+00:00\" \/>\n<meta property=\"article:modified_time\" content=\"2025-12-26T02:51:00+00:00\" \/>\n<meta property=\"og:image\" content=\"https:\/\/viniciojarquin.com\/blog\/wp-content\/uploads\/2025\/12\/Articulo.jpg\" \/>\n\t<meta property=\"og:image:width\" content=\"800\" \/>\n\t<meta property=\"og:image:height\" content=\"500\" \/>\n\t<meta property=\"og:image:type\" content=\"image\/jpeg\" \/>\n<meta name=\"author\" content=\"Vinicio Jarqu\u00edn\" \/>\n<meta name=\"twitter:card\" content=\"summary_large_image\" \/>\n<meta name=\"twitter:label1\" content=\"Escrito por\" \/>\n\t<meta name=\"twitter:data1\" content=\"Vinicio Jarqu\u00edn\" \/>\n\t<meta name=\"twitter:label2\" content=\"Tiempo de lectura\" \/>\n\t<meta name=\"twitter:data2\" content=\"4 minutos\" \/>\n<script type=\"application\/ld+json\" class=\"yoast-schema-graph\">{\"@context\":\"https:\/\/schema.org\",\"@graph\":[{\"@type\":\"Article\",\"@id\":\"https:\/\/viniciojarquin.com\/blog\/un-llamado-oficio-por-oficio-en-este-tiempo-en-pausa\/#article\",\"isPartOf\":{\"@id\":\"https:\/\/viniciojarquin.com\/blog\/un-llamado-oficio-por-oficio-en-este-tiempo-en-pausa\/\"},\"author\":{\"name\":\"Vinicio Jarqu\u00edn\",\"@id\":\"https:\/\/viniciojarquin.com\/blog\/#\/schema\/person\/90100c8845ae55462ec0657d3d2f8d3b\"},\"headline\":\"Un llamado, oficio por oficio, en este tiempo en pausa\",\"datePublished\":\"2025-12-26T02:50:07+00:00\",\"dateModified\":\"2025-12-26T02:51:00+00:00\",\"mainEntityOfPage\":{\"@id\":\"https:\/\/viniciojarquin.com\/blog\/un-llamado-oficio-por-oficio-en-este-tiempo-en-pausa\/\"},\"wordCount\":817,\"commentCount\":0,\"publisher\":{\"@id\":\"https:\/\/viniciojarquin.com\/blog\/#\/schema\/person\/90100c8845ae55462ec0657d3d2f8d3b\"},\"image\":{\"@id\":\"https:\/\/viniciojarquin.com\/blog\/un-llamado-oficio-por-oficio-en-este-tiempo-en-pausa\/#primaryimage\"},\"thumbnailUrl\":\"https:\/\/viniciojarquin.com\/blog\/wp-content\/uploads\/2025\/12\/Articulo.jpg\",\"articleSection\":[\"Elecciones 2026\"],\"inLanguage\":\"es\",\"potentialAction\":[{\"@type\":\"CommentAction\",\"name\":\"Comment\",\"target\":[\"https:\/\/viniciojarquin.com\/blog\/un-llamado-oficio-por-oficio-en-este-tiempo-en-pausa\/#respond\"]}]},{\"@type\":\"WebPage\",\"@id\":\"https:\/\/viniciojarquin.com\/blog\/un-llamado-oficio-por-oficio-en-este-tiempo-en-pausa\/\",\"url\":\"https:\/\/viniciojarquin.com\/blog\/un-llamado-oficio-por-oficio-en-este-tiempo-en-pausa\/\",\"name\":\"Un llamado, oficio por oficio, en este tiempo en pausa - MI BLOG\",\"isPartOf\":{\"@id\":\"https:\/\/viniciojarquin.com\/blog\/#website\"},\"primaryImageOfPage\":{\"@id\":\"https:\/\/viniciojarquin.com\/blog\/un-llamado-oficio-por-oficio-en-este-tiempo-en-pausa\/#primaryimage\"},\"image\":{\"@id\":\"https:\/\/viniciojarquin.com\/blog\/un-llamado-oficio-por-oficio-en-este-tiempo-en-pausa\/#primaryimage\"},\"thumbnailUrl\":\"https:\/\/viniciojarquin.com\/blog\/wp-content\/uploads\/2025\/12\/Articulo.jpg\",\"datePublished\":\"2025-12-26T02:50:07+00:00\",\"dateModified\":\"2025-12-26T02:51:00+00:00\",\"breadcrumb\":{\"@id\":\"https:\/\/viniciojarquin.com\/blog\/un-llamado-oficio-por-oficio-en-este-tiempo-en-pausa\/#breadcrumb\"},\"inLanguage\":\"es\",\"potentialAction\":[{\"@type\":\"ReadAction\",\"target\":[\"https:\/\/viniciojarquin.com\/blog\/un-llamado-oficio-por-oficio-en-este-tiempo-en-pausa\/\"]}]},{\"@type\":\"ImageObject\",\"inLanguage\":\"es\",\"@id\":\"https:\/\/viniciojarquin.com\/blog\/un-llamado-oficio-por-oficio-en-este-tiempo-en-pausa\/#primaryimage\",\"url\":\"https:\/\/viniciojarquin.com\/blog\/wp-content\/uploads\/2025\/12\/Articulo.jpg\",\"contentUrl\":\"https:\/\/viniciojarquin.com\/blog\/wp-content\/uploads\/2025\/12\/Articulo.jpg\",\"width\":800,\"height\":500},{\"@type\":\"BreadcrumbList\",\"@id\":\"https:\/\/viniciojarquin.com\/blog\/un-llamado-oficio-por-oficio-en-este-tiempo-en-pausa\/#breadcrumb\",\"itemListElement\":[{\"@type\":\"ListItem\",\"position\":1,\"name\":\"Portada\",\"item\":\"https:\/\/viniciojarquin.com\/blog\/\"},{\"@type\":\"ListItem\",\"position\":2,\"name\":\"Un llamado, oficio por oficio, en este tiempo en pausa\"}]},{\"@type\":\"WebSite\",\"@id\":\"https:\/\/viniciojarquin.com\/blog\/#website\",\"url\":\"https:\/\/viniciojarquin.com\/blog\/\",\"name\":\"Vinicio Jarqu\u00edn BLOG\",\"description\":\"\",\"publisher\":{\"@id\":\"https:\/\/viniciojarquin.com\/blog\/#\/schema\/person\/90100c8845ae55462ec0657d3d2f8d3b\"},\"potentialAction\":[{\"@type\":\"SearchAction\",\"target\":{\"@type\":\"EntryPoint\",\"urlTemplate\":\"https:\/\/viniciojarquin.com\/blog\/?s={search_term_string}\"},\"query-input\":{\"@type\":\"PropertyValueSpecification\",\"valueRequired\":true,\"valueName\":\"search_term_string\"}}],\"inLanguage\":\"es\"},{\"@type\":[\"Person\",\"Organization\"],\"@id\":\"https:\/\/viniciojarquin.com\/blog\/#\/schema\/person\/90100c8845ae55462ec0657d3d2f8d3b\",\"name\":\"Vinicio Jarqu\u00edn\",\"image\":{\"@type\":\"ImageObject\",\"inLanguage\":\"es\",\"@id\":\"https:\/\/viniciojarquin.com\/blog\/#\/schema\/person\/image\/\",\"url\":\"https:\/\/viniciojarquin.com\/blog\/wp-content\/uploads\/2024\/10\/Logo-VinicioJarquin-original-400.png\",\"contentUrl\":\"https:\/\/viniciojarquin.com\/blog\/wp-content\/uploads\/2024\/10\/Logo-VinicioJarquin-original-400.png\",\"width\":400,\"height\":130,\"caption\":\"Vinicio Jarqu\u00edn\"},\"logo\":{\"@id\":\"https:\/\/viniciojarquin.com\/blog\/#\/schema\/person\/image\/\"},\"description\":\"Empresario textil, artista pl\u00e1stico, escritor, coach de vida y fot\u00f3grafo.\",\"sameAs\":[\"https:\/\/viniciojarquin.com\/blog\",\"https:\/\/www.facebook.com\/vinicio.jarquin\",\"https:\/\/www.instagram.com\/vinicio_jarquin\/\",\"https:\/\/www.pinterest.com\/vinnyjc\/\",\"https:\/\/www.youtube.com\/@VinicioJarquin\"],\"url\":\"https:\/\/viniciojarquin.com\/blog\/author\/admin_s02au25i\/\"}]}<\/script>\n<!-- \/ Yoast SEO plugin. -->","yoast_head_json":{"title":"Un llamado, oficio por oficio, en este tiempo en pausa - MI BLOG","robots":{"index":"index","follow":"follow","max-snippet":"max-snippet:-1","max-image-preview":"max-image-preview:large","max-video-preview":"max-video-preview:-1"},"canonical":"https:\/\/viniciojarquin.com\/blog\/un-llamado-oficio-por-oficio-en-este-tiempo-en-pausa\/","og_locale":"es_ES","og_type":"article","og_title":"Un llamado, oficio por oficio, en este tiempo en pausa - MI BLOG","og_description":"Quiero hacer un llamado a los educadores y docentes. A quienes forman criterio, pensamiento cr\u00edtico y conciencia. Ustedes saben mejor [&hellip;]","og_url":"https:\/\/viniciojarquin.com\/blog\/un-llamado-oficio-por-oficio-en-este-tiempo-en-pausa\/","og_site_name":"MI BLOG","article_publisher":"https:\/\/www.facebook.com\/vinicio.jarquin","article_author":"https:\/\/www.facebook.com\/vinicio.jarquin","article_published_time":"2025-12-26T02:50:07+00:00","article_modified_time":"2025-12-26T02:51:00+00:00","og_image":[{"width":800,"height":500,"url":"https:\/\/viniciojarquin.com\/blog\/wp-content\/uploads\/2025\/12\/Articulo.jpg","type":"image\/jpeg"}],"author":"Vinicio Jarqu\u00edn","twitter_card":"summary_large_image","twitter_misc":{"Escrito por":"Vinicio Jarqu\u00edn","Tiempo de lectura":"4 minutos"},"schema":{"@context":"https:\/\/schema.org","@graph":[{"@type":"Article","@id":"https:\/\/viniciojarquin.com\/blog\/un-llamado-oficio-por-oficio-en-este-tiempo-en-pausa\/#article","isPartOf":{"@id":"https:\/\/viniciojarquin.com\/blog\/un-llamado-oficio-por-oficio-en-este-tiempo-en-pausa\/"},"author":{"name":"Vinicio Jarqu\u00edn","@id":"https:\/\/viniciojarquin.com\/blog\/#\/schema\/person\/90100c8845ae55462ec0657d3d2f8d3b"},"headline":"Un llamado, oficio por oficio, en este tiempo en pausa","datePublished":"2025-12-26T02:50:07+00:00","dateModified":"2025-12-26T02:51:00+00:00","mainEntityOfPage":{"@id":"https:\/\/viniciojarquin.com\/blog\/un-llamado-oficio-por-oficio-en-este-tiempo-en-pausa\/"},"wordCount":817,"commentCount":0,"publisher":{"@id":"https:\/\/viniciojarquin.com\/blog\/#\/schema\/person\/90100c8845ae55462ec0657d3d2f8d3b"},"image":{"@id":"https:\/\/viniciojarquin.com\/blog\/un-llamado-oficio-por-oficio-en-este-tiempo-en-pausa\/#primaryimage"},"thumbnailUrl":"https:\/\/viniciojarquin.com\/blog\/wp-content\/uploads\/2025\/12\/Articulo.jpg","articleSection":["Elecciones 2026"],"inLanguage":"es","potentialAction":[{"@type":"CommentAction","name":"Comment","target":["https:\/\/viniciojarquin.com\/blog\/un-llamado-oficio-por-oficio-en-este-tiempo-en-pausa\/#respond"]}]},{"@type":"WebPage","@id":"https:\/\/viniciojarquin.com\/blog\/un-llamado-oficio-por-oficio-en-este-tiempo-en-pausa\/","url":"https:\/\/viniciojarquin.com\/blog\/un-llamado-oficio-por-oficio-en-este-tiempo-en-pausa\/","name":"Un llamado, oficio por oficio, en este tiempo en pausa - MI BLOG","isPartOf":{"@id":"https:\/\/viniciojarquin.com\/blog\/#website"},"primaryImageOfPage":{"@id":"https:\/\/viniciojarquin.com\/blog\/un-llamado-oficio-por-oficio-en-este-tiempo-en-pausa\/#primaryimage"},"image":{"@id":"https:\/\/viniciojarquin.com\/blog\/un-llamado-oficio-por-oficio-en-este-tiempo-en-pausa\/#primaryimage"},"thumbnailUrl":"https:\/\/viniciojarquin.com\/blog\/wp-content\/uploads\/2025\/12\/Articulo.jpg","datePublished":"2025-12-26T02:50:07+00:00","dateModified":"2025-12-26T02:51:00+00:00","breadcrumb":{"@id":"https:\/\/viniciojarquin.com\/blog\/un-llamado-oficio-por-oficio-en-este-tiempo-en-pausa\/#breadcrumb"},"inLanguage":"es","potentialAction":[{"@type":"ReadAction","target":["https:\/\/viniciojarquin.com\/blog\/un-llamado-oficio-por-oficio-en-este-tiempo-en-pausa\/"]}]},{"@type":"ImageObject","inLanguage":"es","@id":"https:\/\/viniciojarquin.com\/blog\/un-llamado-oficio-por-oficio-en-este-tiempo-en-pausa\/#primaryimage","url":"https:\/\/viniciojarquin.com\/blog\/wp-content\/uploads\/2025\/12\/Articulo.jpg","contentUrl":"https:\/\/viniciojarquin.com\/blog\/wp-content\/uploads\/2025\/12\/Articulo.jpg","width":800,"height":500},{"@type":"BreadcrumbList","@id":"https:\/\/viniciojarquin.com\/blog\/un-llamado-oficio-por-oficio-en-este-tiempo-en-pausa\/#breadcrumb","itemListElement":[{"@type":"ListItem","position":1,"name":"Portada","item":"https:\/\/viniciojarquin.com\/blog\/"},{"@type":"ListItem","position":2,"name":"Un llamado, oficio por oficio, en este tiempo en pausa"}]},{"@type":"WebSite","@id":"https:\/\/viniciojarquin.com\/blog\/#website","url":"https:\/\/viniciojarquin.com\/blog\/","name":"Vinicio Jarqu\u00edn BLOG","description":"","publisher":{"@id":"https:\/\/viniciojarquin.com\/blog\/#\/schema\/person\/90100c8845ae55462ec0657d3d2f8d3b"},"potentialAction":[{"@type":"SearchAction","target":{"@type":"EntryPoint","urlTemplate":"https:\/\/viniciojarquin.com\/blog\/?s={search_term_string}"},"query-input":{"@type":"PropertyValueSpecification","valueRequired":true,"valueName":"search_term_string"}}],"inLanguage":"es"},{"@type":["Person","Organization"],"@id":"https:\/\/viniciojarquin.com\/blog\/#\/schema\/person\/90100c8845ae55462ec0657d3d2f8d3b","name":"Vinicio Jarqu\u00edn","image":{"@type":"ImageObject","inLanguage":"es","@id":"https:\/\/viniciojarquin.com\/blog\/#\/schema\/person\/image\/","url":"https:\/\/viniciojarquin.com\/blog\/wp-content\/uploads\/2024\/10\/Logo-VinicioJarquin-original-400.png","contentUrl":"https:\/\/viniciojarquin.com\/blog\/wp-content\/uploads\/2024\/10\/Logo-VinicioJarquin-original-400.png","width":400,"height":130,"caption":"Vinicio Jarqu\u00edn"},"logo":{"@id":"https:\/\/viniciojarquin.com\/blog\/#\/schema\/person\/image\/"},"description":"Empresario textil, artista pl\u00e1stico, escritor, coach de vida y fot\u00f3grafo.","sameAs":["https:\/\/viniciojarquin.com\/blog","https:\/\/www.facebook.com\/vinicio.jarquin","https:\/\/www.instagram.com\/vinicio_jarquin\/","https:\/\/www.pinterest.com\/vinnyjc\/","https:\/\/www.youtube.com\/@VinicioJarquin"],"url":"https:\/\/viniciojarquin.com\/blog\/author\/admin_s02au25i\/"}]}},"blog_post_layout_featured_media_urls":{"thumbnail":["https:\/\/viniciojarquin.com\/blog\/wp-content\/uploads\/2025\/12\/Articulo-150x150.jpg",150,150,true],"full":["https:\/\/viniciojarquin.com\/blog\/wp-content\/uploads\/2025\/12\/Articulo.jpg",800,500,false]},"categories_names":{"17":{"name":"Elecciones 2026","link":"https:\/\/viniciojarquin.com\/blog\/category\/elecciones-2026\/"}},"tags_names":[],"comments_number":"0","_links":{"self":[{"href":"https:\/\/viniciojarquin.com\/blog\/wp-json\/wp\/v2\/posts\/2015","targetHints":{"allow":["GET"]}}],"collection":[{"href":"https:\/\/viniciojarquin.com\/blog\/wp-json\/wp\/v2\/posts"}],"about":[{"href":"https:\/\/viniciojarquin.com\/blog\/wp-json\/wp\/v2\/types\/post"}],"author":[{"embeddable":true,"href":"https:\/\/viniciojarquin.com\/blog\/wp-json\/wp\/v2\/users\/1"}],"replies":[{"embeddable":true,"href":"https:\/\/viniciojarquin.com\/blog\/wp-json\/wp\/v2\/comments?post=2015"}],"version-history":[{"count":1,"href":"https:\/\/viniciojarquin.com\/blog\/wp-json\/wp\/v2\/posts\/2015\/revisions"}],"predecessor-version":[{"id":2016,"href":"https:\/\/viniciojarquin.com\/blog\/wp-json\/wp\/v2\/posts\/2015\/revisions\/2016"}],"wp:featuredmedia":[{"embeddable":true,"href":"https:\/\/viniciojarquin.com\/blog\/wp-json\/wp\/v2\/media\/1753"}],"wp:attachment":[{"href":"https:\/\/viniciojarquin.com\/blog\/wp-json\/wp\/v2\/media?parent=2015"}],"wp:term":[{"taxonomy":"category","embeddable":true,"href":"https:\/\/viniciojarquin.com\/blog\/wp-json\/wp\/v2\/categories?post=2015"},{"taxonomy":"post_tag","embeddable":true,"href":"https:\/\/viniciojarquin.com\/blog\/wp-json\/wp\/v2\/tags?post=2015"}],"curies":[{"name":"wp","href":"https:\/\/api.w.org\/{rel}","templated":true}]}}