{"id":2019,"date":"2025-12-26T03:00:43","date_gmt":"2025-12-26T03:00:43","guid":{"rendered":"https:\/\/viniciojarquin.com\/blog\/?p=2019"},"modified":"2025-12-26T03:00:47","modified_gmt":"2025-12-26T03:00:47","slug":"verguenza-ante-los-padres-de-la-patria","status":"publish","type":"post","link":"https:\/\/viniciojarquin.com\/blog\/verguenza-ante-los-padres-de-la-patria\/","title":{"rendered":"Verg\u00fcenza ante los padres de la patria"},"content":{"rendered":"\n<p>Hoy me pregunto qu\u00e9 habr\u00edan pensado los padres de la patria. O, mejor dicho, qu\u00e9 pensaron cuando decidieron crear una democracia robusta, institucional y libre. \u00bfLa imaginaron fr\u00e1gil? \u00bfLa imaginaron ef\u00edmera? \u00bfO la pensaron como algo que deb\u00eda sostenerse por generaciones, incluso en medio de errores, tensiones y desacuerdos?<\/p>\n\n\n\n<p>\u00bfQu\u00e9 pensar\u00edan hoy, si vieran lo que est\u00e1 sucediendo?<\/p>\n\n\n\n<p>Ver\u00edan a costarricenses \u2014en un porcentaje alarmantemente alto\u2014 entregando la democracia no por una invasi\u00f3n externa, no por una guerra, sino por indignaciones personales, por resentimientos acumulados, por heridas mal procesadas. Ver\u00edan a personas renunciando al sistema que les permiti\u00f3 vivir en libertad, criticar, disentir, trabajar, criar a sus hijos y expresarse, todo eso que durante d\u00e9cadas dimos por sentado.<\/p>\n\n\n\n<p>Generaciones enteras sostuvieron este pa\u00eds. Lo sostuvieron con imperfecciones, s\u00ed, pero lo sostuvieron. Lo cuidaron. Lo corrigieron cuando pudieron. Y lo hicieron tambi\u00e9n para muchos de los que hoy, desde la comodidad, desde el cansancio o desde la rabia, est\u00e1n dispuestos a entregarlo sin medir consecuencias.<\/p>\n\n\n\n<p>No es solo un problema de enojo. Es un problema de desconocimiento del riesgo. De no entender que perfectamente podr\u00edamos amanecer, con una nueva administraci\u00f3n, en una Costa Rica que nadie se imagina hoy. De no ver que las democracias no caen de golpe: se erosionan cuando la ciudadan\u00eda deja de pensar, de comparar, de leer, de cuestionar con serenidad.<\/p>\n\n\n\n<p>A veces siento que no se trata de maldad, sino de una peligrosa simplificaci\u00f3n. De creer solo en un mensaje hiriente que llega fuerte, directo, emocional, como un silbido de alta frecuencia que aturde y dirige. Como si alguien hubiera soltado un perro ovejero y este, sin morder, sin violencia expl\u00edcita, estuviera empujando a la manada hacia un corral.<\/p>\n\n\n\n<p>Lo m\u00e1s inquietante es que ese perro no muerde si una oveja se detiene. No muerde si alguien se sale del grupo. Pero el problema es que casi nadie se anima a salirse. La manada avanza junta, al un\u00edsono, convencida de que obedecer es m\u00e1s f\u00e1cil que pensar, de que seguir es m\u00e1s c\u00f3modo que hacerse responsable.<\/p>\n\n\n\n<p>Y ah\u00ed es donde me invade una profunda verg\u00fcenza. Verg\u00fcenza ante los padres de la patria. Ante quienes pagaron con sacrificio, con tiempo, con renuncias, con conflictos reales, lo que hoy algunos est\u00e1n dispuestos a perder desde un sill\u00f3n, entre el cansancio y la distracci\u00f3n, viendo pasar el chinamo de la pol\u00edtica como si fuera un espect\u00e1culo m\u00e1s.<\/p>\n\n\n\n<p>No se trata de idealizar el pasado. Se trata de no regalar el futuro. De honrar, al menos con conciencia, lo que otros construyeron con esfuerzo. Porque una democracia no se hereda autom\u00e1ticamente. Se sostiene. O se pierde.<\/p>\n\n\n\n<p>Y perderla as\u00ed, sin resistencia, sin pensamiento, sin dignidad c\u00edvica, ser\u00eda una falta que la historia \u2014esa que no grita, pero recuerda\u2014 no va a olvidar.<\/p>\n\n\n\n<figure class=\"wp-block-image size-full\"><img decoding=\"async\" width=\"800\" height=\"500\" data-src=\"https:\/\/viniciojarquin.com\/blog\/wp-content\/uploads\/2025\/12\/Articulo.jpg\" alt=\"\" class=\"wp-image-1753 lazyload\" data-srcset=\"https:\/\/viniciojarquin.com\/blog\/wp-content\/uploads\/2025\/12\/Articulo.jpg 800w, https:\/\/viniciojarquin.com\/blog\/wp-content\/uploads\/2025\/12\/Articulo-300x188.jpg 300w, https:\/\/viniciojarquin.com\/blog\/wp-content\/uploads\/2025\/12\/Articulo-768x480.jpg 768w\" data-sizes=\"(max-width: 800px) 100vw, 800px\" src=\"data:image\/svg+xml;base64,PHN2ZyB3aWR0aD0iMSIgaGVpZ2h0PSIxIiB4bWxucz0iaHR0cDovL3d3dy53My5vcmcvMjAwMC9zdmciPjwvc3ZnPg==\" style=\"--smush-placeholder-width: 800px; --smush-placeholder-aspect-ratio: 800\/500;\" \/><\/figure>\n","protected":false},"excerpt":{"rendered":"<p>Hoy me pregunto qu\u00e9 habr\u00edan pensado los padres de la patria. O, mejor dicho, qu\u00e9 pensaron cuando decidieron crear una [&hellip;]<\/p>\n","protected":false},"author":1,"featured_media":1753,"comment_status":"open","ping_status":"open","sticky":false,"template":"","format":"standard","meta":{"site-sidebar-layout":"default","site-content-layout":"","ast-site-content-layout":"","site-content-style":"default","site-sidebar-style":"default","ast-global-header-display":"","ast-banner-title-visibility":"","ast-main-header-display":"","ast-hfb-above-header-display":"","ast-hfb-below-header-display":"","ast-hfb-mobile-header-display":"","site-post-title":"","ast-breadcrumbs-content":"","ast-featured-img":"","footer-sml-layout":"","theme-transparent-header-meta":"","adv-header-id-meta":"","stick-header-meta":"","header-above-stick-meta":"","header-main-stick-meta":"","header-below-stick-meta":"","astra-migrate-meta-layouts":"default","ast-page-background-enabled":"default","ast-page-background-meta":{"desktop":{"background-color":"var(--ast-global-color-5)","background-image":"","background-repeat":"repeat","background-position":"center center","background-size":"auto","background-attachment":"scroll","background-type":"","background-media":"","overlay-type":"","overlay-color":"","overlay-opacity":"","overlay-gradient":""},"tablet":{"background-color":"","background-image":"","background-repeat":"repeat","background-position":"center center","background-size":"auto","background-attachment":"scroll","background-type":"","background-media":"","overlay-type":"","overlay-color":"","overlay-opacity":"","overlay-gradient":""},"mobile":{"background-color":"","background-image":"","background-repeat":"repeat","background-position":"center center","background-size":"auto","background-attachment":"scroll","background-type":"","background-media":"","overlay-type":"","overlay-color":"","overlay-opacity":"","overlay-gradient":""}},"ast-content-background-meta":{"desktop":{"background-color":"var(--ast-global-color-4)","background-image":"","background-repeat":"repeat","background-position":"center center","background-size":"auto","background-attachment":"scroll","background-type":"","background-media":"","overlay-type":"","overlay-color":"","overlay-opacity":"","overlay-gradient":""},"tablet":{"background-color":"var(--ast-global-color-4)","background-image":"","background-repeat":"repeat","background-position":"center center","background-size":"auto","background-attachment":"scroll","background-type":"","background-media":"","overlay-type":"","overlay-color":"","overlay-opacity":"","overlay-gradient":""},"mobile":{"background-color":"var(--ast-global-color-4)","background-image":"","background-repeat":"repeat","background-position":"center center","background-size":"auto","background-attachment":"scroll","background-type":"","background-media":"","overlay-type":"","overlay-color":"","overlay-opacity":"","overlay-gradient":""}},"footnotes":""},"categories":[17],"tags":[],"class_list":["post-2019","post","type-post","status-publish","format-standard","has-post-thumbnail","hentry","category-elecciones-2026"],"yoast_head":"<!-- This site is optimized with the Yoast SEO plugin v26.0 - https:\/\/yoast.com\/wordpress\/plugins\/seo\/ -->\n<title>Verg\u00fcenza ante los padres de la patria - MI BLOG<\/title>\n<meta name=\"robots\" content=\"index, follow, max-snippet:-1, max-image-preview:large, max-video-preview:-1\" \/>\n<link rel=\"canonical\" href=\"https:\/\/viniciojarquin.com\/blog\/verguenza-ante-los-padres-de-la-patria\/\" \/>\n<meta property=\"og:locale\" content=\"es_ES\" \/>\n<meta property=\"og:type\" content=\"article\" \/>\n<meta property=\"og:title\" content=\"Verg\u00fcenza ante los padres de la patria - MI BLOG\" \/>\n<meta property=\"og:description\" content=\"Hoy me pregunto qu\u00e9 habr\u00edan pensado los padres de la patria. O, mejor dicho, qu\u00e9 pensaron cuando decidieron crear una [&hellip;]\" \/>\n<meta property=\"og:url\" content=\"https:\/\/viniciojarquin.com\/blog\/verguenza-ante-los-padres-de-la-patria\/\" \/>\n<meta property=\"og:site_name\" content=\"MI BLOG\" \/>\n<meta property=\"article:publisher\" content=\"https:\/\/www.facebook.com\/vinicio.jarquin\" \/>\n<meta property=\"article:author\" content=\"https:\/\/www.facebook.com\/vinicio.jarquin\" \/>\n<meta property=\"article:published_time\" content=\"2025-12-26T03:00:43+00:00\" \/>\n<meta property=\"article:modified_time\" content=\"2025-12-26T03:00:47+00:00\" \/>\n<meta property=\"og:image\" content=\"https:\/\/viniciojarquin.com\/blog\/wp-content\/uploads\/2025\/12\/Articulo.jpg\" \/>\n\t<meta property=\"og:image:width\" content=\"800\" \/>\n\t<meta property=\"og:image:height\" content=\"500\" \/>\n\t<meta property=\"og:image:type\" content=\"image\/jpeg\" \/>\n<meta name=\"author\" content=\"Vinicio Jarqu\u00edn\" \/>\n<meta name=\"twitter:card\" content=\"summary_large_image\" \/>\n<meta name=\"twitter:label1\" content=\"Escrito por\" \/>\n\t<meta name=\"twitter:data1\" content=\"Vinicio Jarqu\u00edn\" \/>\n\t<meta name=\"twitter:label2\" content=\"Tiempo de lectura\" \/>\n\t<meta name=\"twitter:data2\" content=\"3 minutos\" \/>\n<script type=\"application\/ld+json\" class=\"yoast-schema-graph\">{\"@context\":\"https:\/\/schema.org\",\"@graph\":[{\"@type\":\"Article\",\"@id\":\"https:\/\/viniciojarquin.com\/blog\/verguenza-ante-los-padres-de-la-patria\/#article\",\"isPartOf\":{\"@id\":\"https:\/\/viniciojarquin.com\/blog\/verguenza-ante-los-padres-de-la-patria\/\"},\"author\":{\"name\":\"Vinicio Jarqu\u00edn\",\"@id\":\"https:\/\/viniciojarquin.com\/blog\/#\/schema\/person\/90100c8845ae55462ec0657d3d2f8d3b\"},\"headline\":\"Verg\u00fcenza ante los padres de la patria\",\"datePublished\":\"2025-12-26T03:00:43+00:00\",\"dateModified\":\"2025-12-26T03:00:47+00:00\",\"mainEntityOfPage\":{\"@id\":\"https:\/\/viniciojarquin.com\/blog\/verguenza-ante-los-padres-de-la-patria\/\"},\"wordCount\":504,\"commentCount\":0,\"publisher\":{\"@id\":\"https:\/\/viniciojarquin.com\/blog\/#\/schema\/person\/90100c8845ae55462ec0657d3d2f8d3b\"},\"image\":{\"@id\":\"https:\/\/viniciojarquin.com\/blog\/verguenza-ante-los-padres-de-la-patria\/#primaryimage\"},\"thumbnailUrl\":\"https:\/\/viniciojarquin.com\/blog\/wp-content\/uploads\/2025\/12\/Articulo.jpg\",\"articleSection\":[\"Elecciones 2026\"],\"inLanguage\":\"es\",\"potentialAction\":[{\"@type\":\"CommentAction\",\"name\":\"Comment\",\"target\":[\"https:\/\/viniciojarquin.com\/blog\/verguenza-ante-los-padres-de-la-patria\/#respond\"]}]},{\"@type\":\"WebPage\",\"@id\":\"https:\/\/viniciojarquin.com\/blog\/verguenza-ante-los-padres-de-la-patria\/\",\"url\":\"https:\/\/viniciojarquin.com\/blog\/verguenza-ante-los-padres-de-la-patria\/\",\"name\":\"Verg\u00fcenza ante los padres de la patria - MI BLOG\",\"isPartOf\":{\"@id\":\"https:\/\/viniciojarquin.com\/blog\/#website\"},\"primaryImageOfPage\":{\"@id\":\"https:\/\/viniciojarquin.com\/blog\/verguenza-ante-los-padres-de-la-patria\/#primaryimage\"},\"image\":{\"@id\":\"https:\/\/viniciojarquin.com\/blog\/verguenza-ante-los-padres-de-la-patria\/#primaryimage\"},\"thumbnailUrl\":\"https:\/\/viniciojarquin.com\/blog\/wp-content\/uploads\/2025\/12\/Articulo.jpg\",\"datePublished\":\"2025-12-26T03:00:43+00:00\",\"dateModified\":\"2025-12-26T03:00:47+00:00\",\"breadcrumb\":{\"@id\":\"https:\/\/viniciojarquin.com\/blog\/verguenza-ante-los-padres-de-la-patria\/#breadcrumb\"},\"inLanguage\":\"es\",\"potentialAction\":[{\"@type\":\"ReadAction\",\"target\":[\"https:\/\/viniciojarquin.com\/blog\/verguenza-ante-los-padres-de-la-patria\/\"]}]},{\"@type\":\"ImageObject\",\"inLanguage\":\"es\",\"@id\":\"https:\/\/viniciojarquin.com\/blog\/verguenza-ante-los-padres-de-la-patria\/#primaryimage\",\"url\":\"https:\/\/viniciojarquin.com\/blog\/wp-content\/uploads\/2025\/12\/Articulo.jpg\",\"contentUrl\":\"https:\/\/viniciojarquin.com\/blog\/wp-content\/uploads\/2025\/12\/Articulo.jpg\",\"width\":800,\"height\":500},{\"@type\":\"BreadcrumbList\",\"@id\":\"https:\/\/viniciojarquin.com\/blog\/verguenza-ante-los-padres-de-la-patria\/#breadcrumb\",\"itemListElement\":[{\"@type\":\"ListItem\",\"position\":1,\"name\":\"Portada\",\"item\":\"https:\/\/viniciojarquin.com\/blog\/\"},{\"@type\":\"ListItem\",\"position\":2,\"name\":\"Verg\u00fcenza ante los padres de la patria\"}]},{\"@type\":\"WebSite\",\"@id\":\"https:\/\/viniciojarquin.com\/blog\/#website\",\"url\":\"https:\/\/viniciojarquin.com\/blog\/\",\"name\":\"Vinicio Jarqu\u00edn BLOG\",\"description\":\"\",\"publisher\":{\"@id\":\"https:\/\/viniciojarquin.com\/blog\/#\/schema\/person\/90100c8845ae55462ec0657d3d2f8d3b\"},\"potentialAction\":[{\"@type\":\"SearchAction\",\"target\":{\"@type\":\"EntryPoint\",\"urlTemplate\":\"https:\/\/viniciojarquin.com\/blog\/?s={search_term_string}\"},\"query-input\":{\"@type\":\"PropertyValueSpecification\",\"valueRequired\":true,\"valueName\":\"search_term_string\"}}],\"inLanguage\":\"es\"},{\"@type\":[\"Person\",\"Organization\"],\"@id\":\"https:\/\/viniciojarquin.com\/blog\/#\/schema\/person\/90100c8845ae55462ec0657d3d2f8d3b\",\"name\":\"Vinicio Jarqu\u00edn\",\"image\":{\"@type\":\"ImageObject\",\"inLanguage\":\"es\",\"@id\":\"https:\/\/viniciojarquin.com\/blog\/#\/schema\/person\/image\/\",\"url\":\"https:\/\/viniciojarquin.com\/blog\/wp-content\/uploads\/2024\/10\/Logo-VinicioJarquin-original-400.png\",\"contentUrl\":\"https:\/\/viniciojarquin.com\/blog\/wp-content\/uploads\/2024\/10\/Logo-VinicioJarquin-original-400.png\",\"width\":400,\"height\":130,\"caption\":\"Vinicio Jarqu\u00edn\"},\"logo\":{\"@id\":\"https:\/\/viniciojarquin.com\/blog\/#\/schema\/person\/image\/\"},\"description\":\"Empresario textil, artista pl\u00e1stico, escritor, coach de vida y fot\u00f3grafo.\",\"sameAs\":[\"https:\/\/viniciojarquin.com\/blog\",\"https:\/\/www.facebook.com\/vinicio.jarquin\",\"https:\/\/www.instagram.com\/vinicio_jarquin\/\",\"https:\/\/www.pinterest.com\/vinnyjc\/\",\"https:\/\/www.youtube.com\/@VinicioJarquin\"],\"url\":\"https:\/\/viniciojarquin.com\/blog\/author\/admin_s02au25i\/\"}]}<\/script>\n<!-- \/ Yoast SEO plugin. -->","yoast_head_json":{"title":"Verg\u00fcenza ante los padres de la patria - MI BLOG","robots":{"index":"index","follow":"follow","max-snippet":"max-snippet:-1","max-image-preview":"max-image-preview:large","max-video-preview":"max-video-preview:-1"},"canonical":"https:\/\/viniciojarquin.com\/blog\/verguenza-ante-los-padres-de-la-patria\/","og_locale":"es_ES","og_type":"article","og_title":"Verg\u00fcenza ante los padres de la patria - MI BLOG","og_description":"Hoy me pregunto qu\u00e9 habr\u00edan pensado los padres de la patria. O, mejor dicho, qu\u00e9 pensaron cuando decidieron crear una [&hellip;]","og_url":"https:\/\/viniciojarquin.com\/blog\/verguenza-ante-los-padres-de-la-patria\/","og_site_name":"MI BLOG","article_publisher":"https:\/\/www.facebook.com\/vinicio.jarquin","article_author":"https:\/\/www.facebook.com\/vinicio.jarquin","article_published_time":"2025-12-26T03:00:43+00:00","article_modified_time":"2025-12-26T03:00:47+00:00","og_image":[{"width":800,"height":500,"url":"https:\/\/viniciojarquin.com\/blog\/wp-content\/uploads\/2025\/12\/Articulo.jpg","type":"image\/jpeg"}],"author":"Vinicio Jarqu\u00edn","twitter_card":"summary_large_image","twitter_misc":{"Escrito por":"Vinicio Jarqu\u00edn","Tiempo de lectura":"3 minutos"},"schema":{"@context":"https:\/\/schema.org","@graph":[{"@type":"Article","@id":"https:\/\/viniciojarquin.com\/blog\/verguenza-ante-los-padres-de-la-patria\/#article","isPartOf":{"@id":"https:\/\/viniciojarquin.com\/blog\/verguenza-ante-los-padres-de-la-patria\/"},"author":{"name":"Vinicio Jarqu\u00edn","@id":"https:\/\/viniciojarquin.com\/blog\/#\/schema\/person\/90100c8845ae55462ec0657d3d2f8d3b"},"headline":"Verg\u00fcenza ante los padres de la patria","datePublished":"2025-12-26T03:00:43+00:00","dateModified":"2025-12-26T03:00:47+00:00","mainEntityOfPage":{"@id":"https:\/\/viniciojarquin.com\/blog\/verguenza-ante-los-padres-de-la-patria\/"},"wordCount":504,"commentCount":0,"publisher":{"@id":"https:\/\/viniciojarquin.com\/blog\/#\/schema\/person\/90100c8845ae55462ec0657d3d2f8d3b"},"image":{"@id":"https:\/\/viniciojarquin.com\/blog\/verguenza-ante-los-padres-de-la-patria\/#primaryimage"},"thumbnailUrl":"https:\/\/viniciojarquin.com\/blog\/wp-content\/uploads\/2025\/12\/Articulo.jpg","articleSection":["Elecciones 2026"],"inLanguage":"es","potentialAction":[{"@type":"CommentAction","name":"Comment","target":["https:\/\/viniciojarquin.com\/blog\/verguenza-ante-los-padres-de-la-patria\/#respond"]}]},{"@type":"WebPage","@id":"https:\/\/viniciojarquin.com\/blog\/verguenza-ante-los-padres-de-la-patria\/","url":"https:\/\/viniciojarquin.com\/blog\/verguenza-ante-los-padres-de-la-patria\/","name":"Verg\u00fcenza ante los padres de la patria - MI BLOG","isPartOf":{"@id":"https:\/\/viniciojarquin.com\/blog\/#website"},"primaryImageOfPage":{"@id":"https:\/\/viniciojarquin.com\/blog\/verguenza-ante-los-padres-de-la-patria\/#primaryimage"},"image":{"@id":"https:\/\/viniciojarquin.com\/blog\/verguenza-ante-los-padres-de-la-patria\/#primaryimage"},"thumbnailUrl":"https:\/\/viniciojarquin.com\/blog\/wp-content\/uploads\/2025\/12\/Articulo.jpg","datePublished":"2025-12-26T03:00:43+00:00","dateModified":"2025-12-26T03:00:47+00:00","breadcrumb":{"@id":"https:\/\/viniciojarquin.com\/blog\/verguenza-ante-los-padres-de-la-patria\/#breadcrumb"},"inLanguage":"es","potentialAction":[{"@type":"ReadAction","target":["https:\/\/viniciojarquin.com\/blog\/verguenza-ante-los-padres-de-la-patria\/"]}]},{"@type":"ImageObject","inLanguage":"es","@id":"https:\/\/viniciojarquin.com\/blog\/verguenza-ante-los-padres-de-la-patria\/#primaryimage","url":"https:\/\/viniciojarquin.com\/blog\/wp-content\/uploads\/2025\/12\/Articulo.jpg","contentUrl":"https:\/\/viniciojarquin.com\/blog\/wp-content\/uploads\/2025\/12\/Articulo.jpg","width":800,"height":500},{"@type":"BreadcrumbList","@id":"https:\/\/viniciojarquin.com\/blog\/verguenza-ante-los-padres-de-la-patria\/#breadcrumb","itemListElement":[{"@type":"ListItem","position":1,"name":"Portada","item":"https:\/\/viniciojarquin.com\/blog\/"},{"@type":"ListItem","position":2,"name":"Verg\u00fcenza ante los padres de la patria"}]},{"@type":"WebSite","@id":"https:\/\/viniciojarquin.com\/blog\/#website","url":"https:\/\/viniciojarquin.com\/blog\/","name":"Vinicio Jarqu\u00edn BLOG","description":"","publisher":{"@id":"https:\/\/viniciojarquin.com\/blog\/#\/schema\/person\/90100c8845ae55462ec0657d3d2f8d3b"},"potentialAction":[{"@type":"SearchAction","target":{"@type":"EntryPoint","urlTemplate":"https:\/\/viniciojarquin.com\/blog\/?s={search_term_string}"},"query-input":{"@type":"PropertyValueSpecification","valueRequired":true,"valueName":"search_term_string"}}],"inLanguage":"es"},{"@type":["Person","Organization"],"@id":"https:\/\/viniciojarquin.com\/blog\/#\/schema\/person\/90100c8845ae55462ec0657d3d2f8d3b","name":"Vinicio Jarqu\u00edn","image":{"@type":"ImageObject","inLanguage":"es","@id":"https:\/\/viniciojarquin.com\/blog\/#\/schema\/person\/image\/","url":"https:\/\/viniciojarquin.com\/blog\/wp-content\/uploads\/2024\/10\/Logo-VinicioJarquin-original-400.png","contentUrl":"https:\/\/viniciojarquin.com\/blog\/wp-content\/uploads\/2024\/10\/Logo-VinicioJarquin-original-400.png","width":400,"height":130,"caption":"Vinicio Jarqu\u00edn"},"logo":{"@id":"https:\/\/viniciojarquin.com\/blog\/#\/schema\/person\/image\/"},"description":"Empresario textil, artista pl\u00e1stico, escritor, coach de vida y fot\u00f3grafo.","sameAs":["https:\/\/viniciojarquin.com\/blog","https:\/\/www.facebook.com\/vinicio.jarquin","https:\/\/www.instagram.com\/vinicio_jarquin\/","https:\/\/www.pinterest.com\/vinnyjc\/","https:\/\/www.youtube.com\/@VinicioJarquin"],"url":"https:\/\/viniciojarquin.com\/blog\/author\/admin_s02au25i\/"}]}},"blog_post_layout_featured_media_urls":{"thumbnail":["https:\/\/viniciojarquin.com\/blog\/wp-content\/uploads\/2025\/12\/Articulo-150x150.jpg",150,150,true],"full":["https:\/\/viniciojarquin.com\/blog\/wp-content\/uploads\/2025\/12\/Articulo.jpg",800,500,false]},"categories_names":{"17":{"name":"Elecciones 2026","link":"https:\/\/viniciojarquin.com\/blog\/category\/elecciones-2026\/"}},"tags_names":[],"comments_number":"0","_links":{"self":[{"href":"https:\/\/viniciojarquin.com\/blog\/wp-json\/wp\/v2\/posts\/2019","targetHints":{"allow":["GET"]}}],"collection":[{"href":"https:\/\/viniciojarquin.com\/blog\/wp-json\/wp\/v2\/posts"}],"about":[{"href":"https:\/\/viniciojarquin.com\/blog\/wp-json\/wp\/v2\/types\/post"}],"author":[{"embeddable":true,"href":"https:\/\/viniciojarquin.com\/blog\/wp-json\/wp\/v2\/users\/1"}],"replies":[{"embeddable":true,"href":"https:\/\/viniciojarquin.com\/blog\/wp-json\/wp\/v2\/comments?post=2019"}],"version-history":[{"count":1,"href":"https:\/\/viniciojarquin.com\/blog\/wp-json\/wp\/v2\/posts\/2019\/revisions"}],"predecessor-version":[{"id":2020,"href":"https:\/\/viniciojarquin.com\/blog\/wp-json\/wp\/v2\/posts\/2019\/revisions\/2020"}],"wp:featuredmedia":[{"embeddable":true,"href":"https:\/\/viniciojarquin.com\/blog\/wp-json\/wp\/v2\/media\/1753"}],"wp:attachment":[{"href":"https:\/\/viniciojarquin.com\/blog\/wp-json\/wp\/v2\/media?parent=2019"}],"wp:term":[{"taxonomy":"category","embeddable":true,"href":"https:\/\/viniciojarquin.com\/blog\/wp-json\/wp\/v2\/categories?post=2019"},{"taxonomy":"post_tag","embeddable":true,"href":"https:\/\/viniciojarquin.com\/blog\/wp-json\/wp\/v2\/tags?post=2019"}],"curies":[{"name":"wp","href":"https:\/\/api.w.org\/{rel}","templated":true}]}}