{"id":2025,"date":"2025-12-27T15:02:46","date_gmt":"2025-12-27T15:02:46","guid":{"rendered":"https:\/\/viniciojarquin.com\/blog\/?p=2025"},"modified":"2025-12-27T15:02:50","modified_gmt":"2025-12-27T15:02:50","slug":"el-perdon-que-todavia-no-se-dar","status":"publish","type":"post","link":"https:\/\/viniciojarquin.com\/blog\/el-perdon-que-todavia-no-se-dar\/","title":{"rendered":"El perd\u00f3n que todav\u00eda no s\u00e9 dar"},"content":{"rendered":"\n<p>Yo s\u00e9 \u2014y lo tengo muy claro\u2014 que el perd\u00f3n es una pr\u00e1ctica necesaria. Que perdonar libera, que sana, que evita que el odio nos consuma por dentro. He escrito sobre eso, lo he dicho, lo he practicado en otros momentos de mi vida. S\u00e9 que el perd\u00f3n no es para el otro, es para uno. Hasta ah\u00ed, todo lo entiendo.<\/p>\n\n\n\n<p>Lo que no s\u00e9, y lo digo con absoluta honestidad, es c\u00f3mo voy a perdonar a quienes hoy est\u00e1n d\u00e1ndole una estocada a nuestra democracia. C\u00f3mo voy a perdonar a quienes est\u00e1n afectando, de manera consciente o inconsciente, la vida que hemos tenido en este pa\u00eds. La vida imperfecta, s\u00ed, pero libre. La vida con errores, s\u00ed, pero con instituciones que han servido de resguardo. La vida donde disentir no era un acto de valent\u00eda, sino un derecho.<\/p>\n\n\n\n<p>Algunos lo hacen por ignorancia. Y duele, porque la ignorancia tambi\u00e9n mata proyectos colectivos. Otros lo hacen por resentimiento, por una rabia acumulada que busca un culpable m\u00e1s que una soluci\u00f3n. Hay quienes lo hacen por machismo, porque necesitan un l\u00edder que grite lo que ellos no se atreven a decir. Algunos pocos, quiero creer, porque sinceramente creen que es lo correcto. Otros porque se dejaron lavar el cerebro. Otros porque se dejaron vender. Y otros \u2014los m\u00e1s dif\u00edciles de mirar\u2014 porque obtienen ganancias secundarias, peque\u00f1as o grandes, visibles o encubiertas.<\/p>\n\n\n\n<p>\u00bfY c\u00f3mo se perdona eso?<\/p>\n\n\n\n<p>\u00bfC\u00f3mo se perdona a quien, sin leer, sin informarse, sin detenerse a pensar, decide jugar ruleta rusa con el futuro de un pa\u00eds entero? \u00bfC\u00f3mo se perdona a quien confunde fuerza con violencia, liderazgo con abuso, verdad con consigna? \u00bfC\u00f3mo se perdona a quien no ve \u2014o no quiere ver\u2014 que lo que est\u00e1 en juego no es un nombre, ni un partido, ni una elecci\u00f3n m\u00e1s, sino las reglas mismas del juego democr\u00e1tico?<\/p>\n\n\n\n<p>No hablo desde el odio. Hablo desde el dolor. Desde una tristeza profunda que se mezcla con incredulidad. Porque una cosa es equivocarse, y otra muy distinta es empujar, con entusiasmo, algo que puede ser irreversible. Hay errores que se corrigen en cuatro a\u00f1os. Hay otros que se pagan durante generaciones.<\/p>\n\n\n\n<p>Me dicen que el perd\u00f3n llegar\u00e1 con el tiempo. Tal vez. Me dicen que hay que entender las razones del otro. Lo intento. Me dicen que nadie act\u00faa creyendo que hace el mal. Puede ser. Pero entender no es justificar. Y perdonar no puede ser sin\u00f3nimo de normalizar.<\/p>\n\n\n\n<p>Tal vez el perd\u00f3n no sea hoy. Tal vez el perd\u00f3n venga despu\u00e9s de que pase la tormenta, despu\u00e9s de que sepamos si el pa\u00eds resisti\u00f3 o no. Tal vez el perd\u00f3n llegue cuando pueda mirar atr\u00e1s y decir: <em>lo intent\u00e9 todo<\/em>. Tal vez llegue cuando vea que quienes hoy juegan con la democracia entiendan, aunque sea tarde, el tama\u00f1o de lo que hicieron.<\/p>\n\n\n\n<p>Por ahora, lo \u00fanico que puedo hacer es no callar. Defender con palabras, con presencia, con conciencia. No desde la furia, sino desde la responsabilidad. No desde la venganza, sino desde el amor profundo a esta tierra.<\/p>\n\n\n\n<p>El perd\u00f3n, s\u00ed. Alg\u00fan d\u00eda.<br>Pero hoy, antes del perd\u00f3n, viene el deber.<br>Y mi deber es no quedarme quieto mientras intentan romper lo que tantos cuidaron antes que nosotros.<\/p>\n\n\n\n<figure class=\"wp-block-image size-full\"><img decoding=\"async\" width=\"800\" height=\"500\" data-src=\"https:\/\/viniciojarquin.com\/blog\/wp-content\/uploads\/2025\/12\/El-perdon-que-todavia-no-se-dar.jpg\" alt=\"\" class=\"wp-image-2026 lazyload\" data-srcset=\"https:\/\/viniciojarquin.com\/blog\/wp-content\/uploads\/2025\/12\/El-perdon-que-todavia-no-se-dar.jpg 800w, https:\/\/viniciojarquin.com\/blog\/wp-content\/uploads\/2025\/12\/El-perdon-que-todavia-no-se-dar-300x188.jpg 300w, https:\/\/viniciojarquin.com\/blog\/wp-content\/uploads\/2025\/12\/El-perdon-que-todavia-no-se-dar-768x480.jpg 768w\" data-sizes=\"(max-width: 800px) 100vw, 800px\" src=\"data:image\/svg+xml;base64,PHN2ZyB3aWR0aD0iMSIgaGVpZ2h0PSIxIiB4bWxucz0iaHR0cDovL3d3dy53My5vcmcvMjAwMC9zdmciPjwvc3ZnPg==\" style=\"--smush-placeholder-width: 800px; --smush-placeholder-aspect-ratio: 800\/500;\" \/><\/figure>\n","protected":false},"excerpt":{"rendered":"<p>Yo s\u00e9 \u2014y lo tengo muy claro\u2014 que el perd\u00f3n es una pr\u00e1ctica necesaria. Que perdonar libera, que sana, que [&hellip;]<\/p>\n","protected":false},"author":1,"featured_media":2026,"comment_status":"open","ping_status":"open","sticky":false,"template":"","format":"standard","meta":{"site-sidebar-layout":"default","site-content-layout":"","ast-site-content-layout":"","site-content-style":"default","site-sidebar-style":"default","ast-global-header-display":"","ast-banner-title-visibility":"","ast-main-header-display":"","ast-hfb-above-header-display":"","ast-hfb-below-header-display":"","ast-hfb-mobile-header-display":"","site-post-title":"","ast-breadcrumbs-content":"","ast-featured-img":"","footer-sml-layout":"","theme-transparent-header-meta":"","adv-header-id-meta":"","stick-header-meta":"","header-above-stick-meta":"","header-main-stick-meta":"","header-below-stick-meta":"","astra-migrate-meta-layouts":"default","ast-page-background-enabled":"default","ast-page-background-meta":{"desktop":{"background-color":"var(--ast-global-color-5)","background-image":"","background-repeat":"repeat","background-position":"center center","background-size":"auto","background-attachment":"scroll","background-type":"","background-media":"","overlay-type":"","overlay-color":"","overlay-opacity":"","overlay-gradient":""},"tablet":{"background-color":"","background-image":"","background-repeat":"repeat","background-position":"center center","background-size":"auto","background-attachment":"scroll","background-type":"","background-media":"","overlay-type":"","overlay-color":"","overlay-opacity":"","overlay-gradient":""},"mobile":{"background-color":"","background-image":"","background-repeat":"repeat","background-position":"center center","background-size":"auto","background-attachment":"scroll","background-type":"","background-media":"","overlay-type":"","overlay-color":"","overlay-opacity":"","overlay-gradient":""}},"ast-content-background-meta":{"desktop":{"background-color":"var(--ast-global-color-4)","background-image":"","background-repeat":"repeat","background-position":"center center","background-size":"auto","background-attachment":"scroll","background-type":"","background-media":"","overlay-type":"","overlay-color":"","overlay-opacity":"","overlay-gradient":""},"tablet":{"background-color":"var(--ast-global-color-4)","background-image":"","background-repeat":"repeat","background-position":"center center","background-size":"auto","background-attachment":"scroll","background-type":"","background-media":"","overlay-type":"","overlay-color":"","overlay-opacity":"","overlay-gradient":""},"mobile":{"background-color":"var(--ast-global-color-4)","background-image":"","background-repeat":"repeat","background-position":"center center","background-size":"auto","background-attachment":"scroll","background-type":"","background-media":"","overlay-type":"","overlay-color":"","overlay-opacity":"","overlay-gradient":""}},"footnotes":""},"categories":[17],"tags":[],"class_list":["post-2025","post","type-post","status-publish","format-standard","has-post-thumbnail","hentry","category-elecciones-2026"],"yoast_head":"<!-- This site is optimized with the Yoast SEO plugin v26.0 - https:\/\/yoast.com\/wordpress\/plugins\/seo\/ -->\n<title>El perd\u00f3n que todav\u00eda no s\u00e9 dar - MI BLOG<\/title>\n<meta name=\"robots\" content=\"index, follow, max-snippet:-1, max-image-preview:large, max-video-preview:-1\" \/>\n<link rel=\"canonical\" href=\"https:\/\/viniciojarquin.com\/blog\/el-perdon-que-todavia-no-se-dar\/\" \/>\n<meta property=\"og:locale\" content=\"es_ES\" \/>\n<meta property=\"og:type\" content=\"article\" \/>\n<meta property=\"og:title\" content=\"El perd\u00f3n que todav\u00eda no s\u00e9 dar - MI BLOG\" \/>\n<meta property=\"og:description\" content=\"Yo s\u00e9 \u2014y lo tengo muy claro\u2014 que el perd\u00f3n es una pr\u00e1ctica necesaria. Que perdonar libera, que sana, que [&hellip;]\" \/>\n<meta property=\"og:url\" content=\"https:\/\/viniciojarquin.com\/blog\/el-perdon-que-todavia-no-se-dar\/\" \/>\n<meta property=\"og:site_name\" content=\"MI BLOG\" \/>\n<meta property=\"article:publisher\" content=\"https:\/\/www.facebook.com\/vinicio.jarquin\" \/>\n<meta property=\"article:author\" content=\"https:\/\/www.facebook.com\/vinicio.jarquin\" \/>\n<meta property=\"article:published_time\" content=\"2025-12-27T15:02:46+00:00\" \/>\n<meta property=\"article:modified_time\" content=\"2025-12-27T15:02:50+00:00\" \/>\n<meta property=\"og:image\" content=\"https:\/\/viniciojarquin.com\/blog\/wp-content\/uploads\/2025\/12\/El-perdon-que-todavia-no-se-dar.jpg\" \/>\n\t<meta property=\"og:image:width\" content=\"800\" \/>\n\t<meta property=\"og:image:height\" content=\"500\" \/>\n\t<meta property=\"og:image:type\" content=\"image\/jpeg\" \/>\n<meta name=\"author\" content=\"Vinicio Jarqu\u00edn\" \/>\n<meta name=\"twitter:card\" content=\"summary_large_image\" \/>\n<meta name=\"twitter:label1\" content=\"Escrito por\" \/>\n\t<meta name=\"twitter:data1\" content=\"Vinicio Jarqu\u00edn\" \/>\n\t<meta name=\"twitter:label2\" content=\"Tiempo de lectura\" \/>\n\t<meta name=\"twitter:data2\" content=\"3 minutos\" \/>\n<script type=\"application\/ld+json\" class=\"yoast-schema-graph\">{\"@context\":\"https:\/\/schema.org\",\"@graph\":[{\"@type\":\"Article\",\"@id\":\"https:\/\/viniciojarquin.com\/blog\/el-perdon-que-todavia-no-se-dar\/#article\",\"isPartOf\":{\"@id\":\"https:\/\/viniciojarquin.com\/blog\/el-perdon-que-todavia-no-se-dar\/\"},\"author\":{\"name\":\"Vinicio Jarqu\u00edn\",\"@id\":\"https:\/\/viniciojarquin.com\/blog\/#\/schema\/person\/90100c8845ae55462ec0657d3d2f8d3b\"},\"headline\":\"El perd\u00f3n que todav\u00eda no s\u00e9 dar\",\"datePublished\":\"2025-12-27T15:02:46+00:00\",\"dateModified\":\"2025-12-27T15:02:50+00:00\",\"mainEntityOfPage\":{\"@id\":\"https:\/\/viniciojarquin.com\/blog\/el-perdon-que-todavia-no-se-dar\/\"},\"wordCount\":589,\"commentCount\":1,\"publisher\":{\"@id\":\"https:\/\/viniciojarquin.com\/blog\/#\/schema\/person\/90100c8845ae55462ec0657d3d2f8d3b\"},\"image\":{\"@id\":\"https:\/\/viniciojarquin.com\/blog\/el-perdon-que-todavia-no-se-dar\/#primaryimage\"},\"thumbnailUrl\":\"https:\/\/viniciojarquin.com\/blog\/wp-content\/uploads\/2025\/12\/El-perdon-que-todavia-no-se-dar.jpg\",\"articleSection\":[\"Elecciones 2026\"],\"inLanguage\":\"es\",\"potentialAction\":[{\"@type\":\"CommentAction\",\"name\":\"Comment\",\"target\":[\"https:\/\/viniciojarquin.com\/blog\/el-perdon-que-todavia-no-se-dar\/#respond\"]}]},{\"@type\":\"WebPage\",\"@id\":\"https:\/\/viniciojarquin.com\/blog\/el-perdon-que-todavia-no-se-dar\/\",\"url\":\"https:\/\/viniciojarquin.com\/blog\/el-perdon-que-todavia-no-se-dar\/\",\"name\":\"El perd\u00f3n que todav\u00eda no s\u00e9 dar - MI BLOG\",\"isPartOf\":{\"@id\":\"https:\/\/viniciojarquin.com\/blog\/#website\"},\"primaryImageOfPage\":{\"@id\":\"https:\/\/viniciojarquin.com\/blog\/el-perdon-que-todavia-no-se-dar\/#primaryimage\"},\"image\":{\"@id\":\"https:\/\/viniciojarquin.com\/blog\/el-perdon-que-todavia-no-se-dar\/#primaryimage\"},\"thumbnailUrl\":\"https:\/\/viniciojarquin.com\/blog\/wp-content\/uploads\/2025\/12\/El-perdon-que-todavia-no-se-dar.jpg\",\"datePublished\":\"2025-12-27T15:02:46+00:00\",\"dateModified\":\"2025-12-27T15:02:50+00:00\",\"breadcrumb\":{\"@id\":\"https:\/\/viniciojarquin.com\/blog\/el-perdon-que-todavia-no-se-dar\/#breadcrumb\"},\"inLanguage\":\"es\",\"potentialAction\":[{\"@type\":\"ReadAction\",\"target\":[\"https:\/\/viniciojarquin.com\/blog\/el-perdon-que-todavia-no-se-dar\/\"]}]},{\"@type\":\"ImageObject\",\"inLanguage\":\"es\",\"@id\":\"https:\/\/viniciojarquin.com\/blog\/el-perdon-que-todavia-no-se-dar\/#primaryimage\",\"url\":\"https:\/\/viniciojarquin.com\/blog\/wp-content\/uploads\/2025\/12\/El-perdon-que-todavia-no-se-dar.jpg\",\"contentUrl\":\"https:\/\/viniciojarquin.com\/blog\/wp-content\/uploads\/2025\/12\/El-perdon-que-todavia-no-se-dar.jpg\",\"width\":800,\"height\":500},{\"@type\":\"BreadcrumbList\",\"@id\":\"https:\/\/viniciojarquin.com\/blog\/el-perdon-que-todavia-no-se-dar\/#breadcrumb\",\"itemListElement\":[{\"@type\":\"ListItem\",\"position\":1,\"name\":\"Portada\",\"item\":\"https:\/\/viniciojarquin.com\/blog\/\"},{\"@type\":\"ListItem\",\"position\":2,\"name\":\"El perd\u00f3n que todav\u00eda no s\u00e9 dar\"}]},{\"@type\":\"WebSite\",\"@id\":\"https:\/\/viniciojarquin.com\/blog\/#website\",\"url\":\"https:\/\/viniciojarquin.com\/blog\/\",\"name\":\"Vinicio Jarqu\u00edn BLOG\",\"description\":\"\",\"publisher\":{\"@id\":\"https:\/\/viniciojarquin.com\/blog\/#\/schema\/person\/90100c8845ae55462ec0657d3d2f8d3b\"},\"potentialAction\":[{\"@type\":\"SearchAction\",\"target\":{\"@type\":\"EntryPoint\",\"urlTemplate\":\"https:\/\/viniciojarquin.com\/blog\/?s={search_term_string}\"},\"query-input\":{\"@type\":\"PropertyValueSpecification\",\"valueRequired\":true,\"valueName\":\"search_term_string\"}}],\"inLanguage\":\"es\"},{\"@type\":[\"Person\",\"Organization\"],\"@id\":\"https:\/\/viniciojarquin.com\/blog\/#\/schema\/person\/90100c8845ae55462ec0657d3d2f8d3b\",\"name\":\"Vinicio Jarqu\u00edn\",\"image\":{\"@type\":\"ImageObject\",\"inLanguage\":\"es\",\"@id\":\"https:\/\/viniciojarquin.com\/blog\/#\/schema\/person\/image\/\",\"url\":\"https:\/\/viniciojarquin.com\/blog\/wp-content\/uploads\/2024\/10\/Logo-VinicioJarquin-original-400.png\",\"contentUrl\":\"https:\/\/viniciojarquin.com\/blog\/wp-content\/uploads\/2024\/10\/Logo-VinicioJarquin-original-400.png\",\"width\":400,\"height\":130,\"caption\":\"Vinicio Jarqu\u00edn\"},\"logo\":{\"@id\":\"https:\/\/viniciojarquin.com\/blog\/#\/schema\/person\/image\/\"},\"description\":\"Empresario textil, artista pl\u00e1stico, escritor, coach de vida y fot\u00f3grafo.\",\"sameAs\":[\"https:\/\/viniciojarquin.com\/blog\",\"https:\/\/www.facebook.com\/vinicio.jarquin\",\"https:\/\/www.instagram.com\/vinicio_jarquin\/\",\"https:\/\/www.pinterest.com\/vinnyjc\/\",\"https:\/\/www.youtube.com\/@VinicioJarquin\"],\"url\":\"https:\/\/viniciojarquin.com\/blog\/author\/admin_s02au25i\/\"}]}<\/script>\n<!-- \/ Yoast SEO plugin. -->","yoast_head_json":{"title":"El perd\u00f3n que todav\u00eda no s\u00e9 dar - MI BLOG","robots":{"index":"index","follow":"follow","max-snippet":"max-snippet:-1","max-image-preview":"max-image-preview:large","max-video-preview":"max-video-preview:-1"},"canonical":"https:\/\/viniciojarquin.com\/blog\/el-perdon-que-todavia-no-se-dar\/","og_locale":"es_ES","og_type":"article","og_title":"El perd\u00f3n que todav\u00eda no s\u00e9 dar - MI BLOG","og_description":"Yo s\u00e9 \u2014y lo tengo muy claro\u2014 que el perd\u00f3n es una pr\u00e1ctica necesaria. Que perdonar libera, que sana, que [&hellip;]","og_url":"https:\/\/viniciojarquin.com\/blog\/el-perdon-que-todavia-no-se-dar\/","og_site_name":"MI BLOG","article_publisher":"https:\/\/www.facebook.com\/vinicio.jarquin","article_author":"https:\/\/www.facebook.com\/vinicio.jarquin","article_published_time":"2025-12-27T15:02:46+00:00","article_modified_time":"2025-12-27T15:02:50+00:00","og_image":[{"width":800,"height":500,"url":"https:\/\/viniciojarquin.com\/blog\/wp-content\/uploads\/2025\/12\/El-perdon-que-todavia-no-se-dar.jpg","type":"image\/jpeg"}],"author":"Vinicio Jarqu\u00edn","twitter_card":"summary_large_image","twitter_misc":{"Escrito por":"Vinicio Jarqu\u00edn","Tiempo de lectura":"3 minutos"},"schema":{"@context":"https:\/\/schema.org","@graph":[{"@type":"Article","@id":"https:\/\/viniciojarquin.com\/blog\/el-perdon-que-todavia-no-se-dar\/#article","isPartOf":{"@id":"https:\/\/viniciojarquin.com\/blog\/el-perdon-que-todavia-no-se-dar\/"},"author":{"name":"Vinicio Jarqu\u00edn","@id":"https:\/\/viniciojarquin.com\/blog\/#\/schema\/person\/90100c8845ae55462ec0657d3d2f8d3b"},"headline":"El perd\u00f3n que todav\u00eda no s\u00e9 dar","datePublished":"2025-12-27T15:02:46+00:00","dateModified":"2025-12-27T15:02:50+00:00","mainEntityOfPage":{"@id":"https:\/\/viniciojarquin.com\/blog\/el-perdon-que-todavia-no-se-dar\/"},"wordCount":589,"commentCount":1,"publisher":{"@id":"https:\/\/viniciojarquin.com\/blog\/#\/schema\/person\/90100c8845ae55462ec0657d3d2f8d3b"},"image":{"@id":"https:\/\/viniciojarquin.com\/blog\/el-perdon-que-todavia-no-se-dar\/#primaryimage"},"thumbnailUrl":"https:\/\/viniciojarquin.com\/blog\/wp-content\/uploads\/2025\/12\/El-perdon-que-todavia-no-se-dar.jpg","articleSection":["Elecciones 2026"],"inLanguage":"es","potentialAction":[{"@type":"CommentAction","name":"Comment","target":["https:\/\/viniciojarquin.com\/blog\/el-perdon-que-todavia-no-se-dar\/#respond"]}]},{"@type":"WebPage","@id":"https:\/\/viniciojarquin.com\/blog\/el-perdon-que-todavia-no-se-dar\/","url":"https:\/\/viniciojarquin.com\/blog\/el-perdon-que-todavia-no-se-dar\/","name":"El perd\u00f3n que todav\u00eda no s\u00e9 dar - MI BLOG","isPartOf":{"@id":"https:\/\/viniciojarquin.com\/blog\/#website"},"primaryImageOfPage":{"@id":"https:\/\/viniciojarquin.com\/blog\/el-perdon-que-todavia-no-se-dar\/#primaryimage"},"image":{"@id":"https:\/\/viniciojarquin.com\/blog\/el-perdon-que-todavia-no-se-dar\/#primaryimage"},"thumbnailUrl":"https:\/\/viniciojarquin.com\/blog\/wp-content\/uploads\/2025\/12\/El-perdon-que-todavia-no-se-dar.jpg","datePublished":"2025-12-27T15:02:46+00:00","dateModified":"2025-12-27T15:02:50+00:00","breadcrumb":{"@id":"https:\/\/viniciojarquin.com\/blog\/el-perdon-que-todavia-no-se-dar\/#breadcrumb"},"inLanguage":"es","potentialAction":[{"@type":"ReadAction","target":["https:\/\/viniciojarquin.com\/blog\/el-perdon-que-todavia-no-se-dar\/"]}]},{"@type":"ImageObject","inLanguage":"es","@id":"https:\/\/viniciojarquin.com\/blog\/el-perdon-que-todavia-no-se-dar\/#primaryimage","url":"https:\/\/viniciojarquin.com\/blog\/wp-content\/uploads\/2025\/12\/El-perdon-que-todavia-no-se-dar.jpg","contentUrl":"https:\/\/viniciojarquin.com\/blog\/wp-content\/uploads\/2025\/12\/El-perdon-que-todavia-no-se-dar.jpg","width":800,"height":500},{"@type":"BreadcrumbList","@id":"https:\/\/viniciojarquin.com\/blog\/el-perdon-que-todavia-no-se-dar\/#breadcrumb","itemListElement":[{"@type":"ListItem","position":1,"name":"Portada","item":"https:\/\/viniciojarquin.com\/blog\/"},{"@type":"ListItem","position":2,"name":"El perd\u00f3n que todav\u00eda no s\u00e9 dar"}]},{"@type":"WebSite","@id":"https:\/\/viniciojarquin.com\/blog\/#website","url":"https:\/\/viniciojarquin.com\/blog\/","name":"Vinicio Jarqu\u00edn BLOG","description":"","publisher":{"@id":"https:\/\/viniciojarquin.com\/blog\/#\/schema\/person\/90100c8845ae55462ec0657d3d2f8d3b"},"potentialAction":[{"@type":"SearchAction","target":{"@type":"EntryPoint","urlTemplate":"https:\/\/viniciojarquin.com\/blog\/?s={search_term_string}"},"query-input":{"@type":"PropertyValueSpecification","valueRequired":true,"valueName":"search_term_string"}}],"inLanguage":"es"},{"@type":["Person","Organization"],"@id":"https:\/\/viniciojarquin.com\/blog\/#\/schema\/person\/90100c8845ae55462ec0657d3d2f8d3b","name":"Vinicio Jarqu\u00edn","image":{"@type":"ImageObject","inLanguage":"es","@id":"https:\/\/viniciojarquin.com\/blog\/#\/schema\/person\/image\/","url":"https:\/\/viniciojarquin.com\/blog\/wp-content\/uploads\/2024\/10\/Logo-VinicioJarquin-original-400.png","contentUrl":"https:\/\/viniciojarquin.com\/blog\/wp-content\/uploads\/2024\/10\/Logo-VinicioJarquin-original-400.png","width":400,"height":130,"caption":"Vinicio Jarqu\u00edn"},"logo":{"@id":"https:\/\/viniciojarquin.com\/blog\/#\/schema\/person\/image\/"},"description":"Empresario textil, artista pl\u00e1stico, escritor, coach de vida y fot\u00f3grafo.","sameAs":["https:\/\/viniciojarquin.com\/blog","https:\/\/www.facebook.com\/vinicio.jarquin","https:\/\/www.instagram.com\/vinicio_jarquin\/","https:\/\/www.pinterest.com\/vinnyjc\/","https:\/\/www.youtube.com\/@VinicioJarquin"],"url":"https:\/\/viniciojarquin.com\/blog\/author\/admin_s02au25i\/"}]}},"blog_post_layout_featured_media_urls":{"thumbnail":["https:\/\/viniciojarquin.com\/blog\/wp-content\/uploads\/2025\/12\/El-perdon-que-todavia-no-se-dar-150x150.jpg",150,150,true],"full":["https:\/\/viniciojarquin.com\/blog\/wp-content\/uploads\/2025\/12\/El-perdon-que-todavia-no-se-dar.jpg",800,500,false]},"categories_names":{"17":{"name":"Elecciones 2026","link":"https:\/\/viniciojarquin.com\/blog\/category\/elecciones-2026\/"}},"tags_names":[],"comments_number":"1","_links":{"self":[{"href":"https:\/\/viniciojarquin.com\/blog\/wp-json\/wp\/v2\/posts\/2025","targetHints":{"allow":["GET"]}}],"collection":[{"href":"https:\/\/viniciojarquin.com\/blog\/wp-json\/wp\/v2\/posts"}],"about":[{"href":"https:\/\/viniciojarquin.com\/blog\/wp-json\/wp\/v2\/types\/post"}],"author":[{"embeddable":true,"href":"https:\/\/viniciojarquin.com\/blog\/wp-json\/wp\/v2\/users\/1"}],"replies":[{"embeddable":true,"href":"https:\/\/viniciojarquin.com\/blog\/wp-json\/wp\/v2\/comments?post=2025"}],"version-history":[{"count":1,"href":"https:\/\/viniciojarquin.com\/blog\/wp-json\/wp\/v2\/posts\/2025\/revisions"}],"predecessor-version":[{"id":2027,"href":"https:\/\/viniciojarquin.com\/blog\/wp-json\/wp\/v2\/posts\/2025\/revisions\/2027"}],"wp:featuredmedia":[{"embeddable":true,"href":"https:\/\/viniciojarquin.com\/blog\/wp-json\/wp\/v2\/media\/2026"}],"wp:attachment":[{"href":"https:\/\/viniciojarquin.com\/blog\/wp-json\/wp\/v2\/media?parent=2025"}],"wp:term":[{"taxonomy":"category","embeddable":true,"href":"https:\/\/viniciojarquin.com\/blog\/wp-json\/wp\/v2\/categories?post=2025"},{"taxonomy":"post_tag","embeddable":true,"href":"https:\/\/viniciojarquin.com\/blog\/wp-json\/wp\/v2\/tags?post=2025"}],"curies":[{"name":"wp","href":"https:\/\/api.w.org\/{rel}","templated":true}]}}