{"id":2028,"date":"2025-12-27T15:04:57","date_gmt":"2025-12-27T15:04:57","guid":{"rendered":"https:\/\/viniciojarquin.com\/blog\/?p=2028"},"modified":"2025-12-27T15:05:01","modified_gmt":"2025-12-27T15:05:01","slug":"un-llamado-urgente-al-voto-consciente","status":"publish","type":"post","link":"https:\/\/viniciojarquin.com\/blog\/un-llamado-urgente-al-voto-consciente\/","title":{"rendered":"Un llamado urgente al voto consciente"},"content":{"rendered":"\n<p>Querido votante de cara a las elecciones presidenciales del 2026 en Costa Rica. Mucho se ha dicho, mucho se ha explicado, mucho est\u00e1 a la vista. La informaci\u00f3n circula, los hechos est\u00e1n ah\u00ed, las se\u00f1ales son claras. Y, aun as\u00ed, resulta evidente que quienes han decidido votar por el continuismo no est\u00e1n abiertos a razones. Yo, en lo personal, ya desist\u00ed de intentar que un chavista entre en reflexi\u00f3n. Ese no es mi p\u00fablico hoy.<\/p>\n\n\n\n<p>Hoy le hablo directamente al abstencionismo. Le hablo a quienes todav\u00eda no est\u00e1n seguros de salir a votar. A quienes dudan, a quienes sienten cansancio, a quienes creen que da lo mismo. Porque estamos frente a unas elecciones que no son una m\u00e1s. Estamos, probablemente, frente a las elecciones m\u00e1s importantes que ha vivido Costa Rica en muchos a\u00f1os. Y si el panorama contin\u00faa como se ve, podr\u00edan ser incluso las \u00faltimas verdaderamente libres.<\/p>\n\n\n\n<p>En el pr\u00f3ximo per\u00edodo de gobierno corresponde nombrar figuras clave para el equilibrio democr\u00e1tico del pa\u00eds. Se debe cambiar al Contralor General de la Rep\u00fablica. Se deben nombrar magistraturas, probablemente tanto en la Sala Constitucional como en el Tribunal Supremo de Elecciones. Si el nuevo gobierno coloca fichas alineadas al poder de turno en esos puestos, el da\u00f1o no ser\u00eda inmediato ni espectacular. Ser\u00eda silencioso, progresivo y profundo. Y cuando nos demos cuenta, ya no habr\u00eda mucho que hacer.<\/p>\n\n\n\n<p>Desde mi an\u00e1lisis personal, en estas elecciones se decide algo fundamental: si perdemos o no a Costa Rica como la conocemos. Y quiero ser muy claro. No le estoy hablando a quienes ya decidieron entregar su voto al continuismo. A ustedes no les pido que respondan, ni que comenten, ni que se defiendan. Porque, desde mi punto de vista, est\u00e1n regalando la patria por razones emocionales, identitarias o de rebeld\u00eda, sin dimensionar las consecuencias reales de esa decisi\u00f3n.<\/p>\n\n\n\n<p>Aqu\u00ed no se trata de negar que Costa Rica ha tenido problemas. S\u00ed, ha habido corrupci\u00f3n en otros gobiernos. S\u00ed, ha habido malversaci\u00f3n de fondos. S\u00ed, hay instituciones golpeadas y debilitadas. Todo eso es cierto y todo eso hay que corregirlo, investigarlo y sanearlo. Pero nada de eso justifica entregar el pa\u00eds entero como castigo, como berrinche o como experimento.<\/p>\n\n\n\n<p>Salir a votar en estas elecciones no es un acto partidario, es un acto de defensa. De nuestro voto depende seguir viviendo en una Costa Rica imperfecta, s\u00ed, con defectos y virtudes, con problemas y fortalezas, pero democr\u00e1tica. O terminar de quebrarla desde adentro, d\u00e1ndole la estocada final por la espalda, sin siquiera darnos cuenta de cu\u00e1ndo ocurri\u00f3.<\/p>\n\n\n\n<p>Tu voto importa m\u00e1s de lo que crees. Tu ausencia tambi\u00e9n. No votar hoy no es neutralidad, es dejar que otros decidan por ti. Y votar sin pensar puede convertirte, sin quererlo, en quien empu\u00f1a la espada que hiere a la patria.<\/p>\n\n\n\n<p>Porque si el pr\u00f3ximo gobierno llegara a tener cuarenta diputados, estar\u00edamos entregando, sin condiciones y sin restricciones, la llave de la caja fuerte donde guardamos nuestra Constituci\u00f3n Pol\u00edtica. Y ah\u00ed s\u00ed, podr\u00edamos perder nuestros derechos y nuestras garant\u00edas. No de un d\u00eda para otro, no con un anuncio escandaloso, sino poco a poco, en silencio, hasta que ya no haya marcha atr\u00e1s.<\/p>\n\n\n\n<p>Por eso, en estas elecciones, hay que salir a votar. No por miedo, sino por conciencia. No por odio, sino por amor al pa\u00eds que todav\u00eda tenemos la oportunidad de cuidar.<\/p>\n\n\n\n<figure class=\"wp-block-image size-full\"><img decoding=\"async\" width=\"800\" height=\"500\" data-src=\"https:\/\/viniciojarquin.com\/blog\/wp-content\/uploads\/2025\/12\/Un-llamado-urgente-al-voto-consciente.jpg\" alt=\"\" class=\"wp-image-2029 lazyload\" data-srcset=\"https:\/\/viniciojarquin.com\/blog\/wp-content\/uploads\/2025\/12\/Un-llamado-urgente-al-voto-consciente.jpg 800w, https:\/\/viniciojarquin.com\/blog\/wp-content\/uploads\/2025\/12\/Un-llamado-urgente-al-voto-consciente-300x188.jpg 300w, https:\/\/viniciojarquin.com\/blog\/wp-content\/uploads\/2025\/12\/Un-llamado-urgente-al-voto-consciente-768x480.jpg 768w\" data-sizes=\"(max-width: 800px) 100vw, 800px\" src=\"data:image\/svg+xml;base64,PHN2ZyB3aWR0aD0iMSIgaGVpZ2h0PSIxIiB4bWxucz0iaHR0cDovL3d3dy53My5vcmcvMjAwMC9zdmciPjwvc3ZnPg==\" style=\"--smush-placeholder-width: 800px; --smush-placeholder-aspect-ratio: 800\/500;\" \/><\/figure>\n","protected":false},"excerpt":{"rendered":"<p>Querido votante de cara a las elecciones presidenciales del 2026 en Costa Rica. Mucho se ha dicho, mucho se ha [&hellip;]<\/p>\n","protected":false},"author":1,"featured_media":2029,"comment_status":"open","ping_status":"open","sticky":false,"template":"","format":"standard","meta":{"site-sidebar-layout":"default","site-content-layout":"","ast-site-content-layout":"","site-content-style":"default","site-sidebar-style":"default","ast-global-header-display":"","ast-banner-title-visibility":"","ast-main-header-display":"","ast-hfb-above-header-display":"","ast-hfb-below-header-display":"","ast-hfb-mobile-header-display":"","site-post-title":"","ast-breadcrumbs-content":"","ast-featured-img":"","footer-sml-layout":"","theme-transparent-header-meta":"","adv-header-id-meta":"","stick-header-meta":"","header-above-stick-meta":"","header-main-stick-meta":"","header-below-stick-meta":"","astra-migrate-meta-layouts":"default","ast-page-background-enabled":"default","ast-page-background-meta":{"desktop":{"background-color":"var(--ast-global-color-5)","background-image":"","background-repeat":"repeat","background-position":"center center","background-size":"auto","background-attachment":"scroll","background-type":"","background-media":"","overlay-type":"","overlay-color":"","overlay-opacity":"","overlay-gradient":""},"tablet":{"background-color":"","background-image":"","background-repeat":"repeat","background-position":"center center","background-size":"auto","background-attachment":"scroll","background-type":"","background-media":"","overlay-type":"","overlay-color":"","overlay-opacity":"","overlay-gradient":""},"mobile":{"background-color":"","background-image":"","background-repeat":"repeat","background-position":"center center","background-size":"auto","background-attachment":"scroll","background-type":"","background-media":"","overlay-type":"","overlay-color":"","overlay-opacity":"","overlay-gradient":""}},"ast-content-background-meta":{"desktop":{"background-color":"var(--ast-global-color-4)","background-image":"","background-repeat":"repeat","background-position":"center center","background-size":"auto","background-attachment":"scroll","background-type":"","background-media":"","overlay-type":"","overlay-color":"","overlay-opacity":"","overlay-gradient":""},"tablet":{"background-color":"var(--ast-global-color-4)","background-image":"","background-repeat":"repeat","background-position":"center center","background-size":"auto","background-attachment":"scroll","background-type":"","background-media":"","overlay-type":"","overlay-color":"","overlay-opacity":"","overlay-gradient":""},"mobile":{"background-color":"var(--ast-global-color-4)","background-image":"","background-repeat":"repeat","background-position":"center center","background-size":"auto","background-attachment":"scroll","background-type":"","background-media":"","overlay-type":"","overlay-color":"","overlay-opacity":"","overlay-gradient":""}},"footnotes":""},"categories":[17],"tags":[],"class_list":["post-2028","post","type-post","status-publish","format-standard","has-post-thumbnail","hentry","category-elecciones-2026"],"yoast_head":"<!-- This site is optimized with the Yoast SEO plugin v26.0 - https:\/\/yoast.com\/wordpress\/plugins\/seo\/ -->\n<title>Un llamado urgente al voto consciente - MI BLOG<\/title>\n<meta name=\"robots\" content=\"index, follow, max-snippet:-1, max-image-preview:large, max-video-preview:-1\" \/>\n<link rel=\"canonical\" href=\"https:\/\/viniciojarquin.com\/blog\/un-llamado-urgente-al-voto-consciente\/\" \/>\n<meta property=\"og:locale\" content=\"es_ES\" \/>\n<meta property=\"og:type\" content=\"article\" \/>\n<meta property=\"og:title\" content=\"Un llamado urgente al voto consciente - MI BLOG\" \/>\n<meta property=\"og:description\" content=\"Querido votante de cara a las elecciones presidenciales del 2026 en Costa Rica. Mucho se ha dicho, mucho se ha [&hellip;]\" \/>\n<meta property=\"og:url\" content=\"https:\/\/viniciojarquin.com\/blog\/un-llamado-urgente-al-voto-consciente\/\" \/>\n<meta property=\"og:site_name\" content=\"MI BLOG\" \/>\n<meta property=\"article:publisher\" content=\"https:\/\/www.facebook.com\/vinicio.jarquin\" \/>\n<meta property=\"article:author\" content=\"https:\/\/www.facebook.com\/vinicio.jarquin\" \/>\n<meta property=\"article:published_time\" content=\"2025-12-27T15:04:57+00:00\" \/>\n<meta property=\"article:modified_time\" content=\"2025-12-27T15:05:01+00:00\" \/>\n<meta property=\"og:image\" content=\"https:\/\/viniciojarquin.com\/blog\/wp-content\/uploads\/2025\/12\/Un-llamado-urgente-al-voto-consciente.jpg\" \/>\n\t<meta property=\"og:image:width\" content=\"800\" \/>\n\t<meta property=\"og:image:height\" content=\"500\" \/>\n\t<meta property=\"og:image:type\" content=\"image\/jpeg\" \/>\n<meta name=\"author\" content=\"Vinicio Jarqu\u00edn\" \/>\n<meta name=\"twitter:card\" content=\"summary_large_image\" \/>\n<meta name=\"twitter:label1\" content=\"Escrito por\" \/>\n\t<meta name=\"twitter:data1\" content=\"Vinicio Jarqu\u00edn\" \/>\n\t<meta name=\"twitter:label2\" content=\"Tiempo de lectura\" \/>\n\t<meta name=\"twitter:data2\" content=\"3 minutos\" \/>\n<script type=\"application\/ld+json\" class=\"yoast-schema-graph\">{\"@context\":\"https:\/\/schema.org\",\"@graph\":[{\"@type\":\"Article\",\"@id\":\"https:\/\/viniciojarquin.com\/blog\/un-llamado-urgente-al-voto-consciente\/#article\",\"isPartOf\":{\"@id\":\"https:\/\/viniciojarquin.com\/blog\/un-llamado-urgente-al-voto-consciente\/\"},\"author\":{\"name\":\"Vinicio Jarqu\u00edn\",\"@id\":\"https:\/\/viniciojarquin.com\/blog\/#\/schema\/person\/90100c8845ae55462ec0657d3d2f8d3b\"},\"headline\":\"Un llamado urgente al voto consciente\",\"datePublished\":\"2025-12-27T15:04:57+00:00\",\"dateModified\":\"2025-12-27T15:05:01+00:00\",\"mainEntityOfPage\":{\"@id\":\"https:\/\/viniciojarquin.com\/blog\/un-llamado-urgente-al-voto-consciente\/\"},\"wordCount\":609,\"commentCount\":0,\"publisher\":{\"@id\":\"https:\/\/viniciojarquin.com\/blog\/#\/schema\/person\/90100c8845ae55462ec0657d3d2f8d3b\"},\"image\":{\"@id\":\"https:\/\/viniciojarquin.com\/blog\/un-llamado-urgente-al-voto-consciente\/#primaryimage\"},\"thumbnailUrl\":\"https:\/\/viniciojarquin.com\/blog\/wp-content\/uploads\/2025\/12\/Un-llamado-urgente-al-voto-consciente.jpg\",\"articleSection\":[\"Elecciones 2026\"],\"inLanguage\":\"es\",\"potentialAction\":[{\"@type\":\"CommentAction\",\"name\":\"Comment\",\"target\":[\"https:\/\/viniciojarquin.com\/blog\/un-llamado-urgente-al-voto-consciente\/#respond\"]}]},{\"@type\":\"WebPage\",\"@id\":\"https:\/\/viniciojarquin.com\/blog\/un-llamado-urgente-al-voto-consciente\/\",\"url\":\"https:\/\/viniciojarquin.com\/blog\/un-llamado-urgente-al-voto-consciente\/\",\"name\":\"Un llamado urgente al voto consciente - MI BLOG\",\"isPartOf\":{\"@id\":\"https:\/\/viniciojarquin.com\/blog\/#website\"},\"primaryImageOfPage\":{\"@id\":\"https:\/\/viniciojarquin.com\/blog\/un-llamado-urgente-al-voto-consciente\/#primaryimage\"},\"image\":{\"@id\":\"https:\/\/viniciojarquin.com\/blog\/un-llamado-urgente-al-voto-consciente\/#primaryimage\"},\"thumbnailUrl\":\"https:\/\/viniciojarquin.com\/blog\/wp-content\/uploads\/2025\/12\/Un-llamado-urgente-al-voto-consciente.jpg\",\"datePublished\":\"2025-12-27T15:04:57+00:00\",\"dateModified\":\"2025-12-27T15:05:01+00:00\",\"breadcrumb\":{\"@id\":\"https:\/\/viniciojarquin.com\/blog\/un-llamado-urgente-al-voto-consciente\/#breadcrumb\"},\"inLanguage\":\"es\",\"potentialAction\":[{\"@type\":\"ReadAction\",\"target\":[\"https:\/\/viniciojarquin.com\/blog\/un-llamado-urgente-al-voto-consciente\/\"]}]},{\"@type\":\"ImageObject\",\"inLanguage\":\"es\",\"@id\":\"https:\/\/viniciojarquin.com\/blog\/un-llamado-urgente-al-voto-consciente\/#primaryimage\",\"url\":\"https:\/\/viniciojarquin.com\/blog\/wp-content\/uploads\/2025\/12\/Un-llamado-urgente-al-voto-consciente.jpg\",\"contentUrl\":\"https:\/\/viniciojarquin.com\/blog\/wp-content\/uploads\/2025\/12\/Un-llamado-urgente-al-voto-consciente.jpg\",\"width\":800,\"height\":500},{\"@type\":\"BreadcrumbList\",\"@id\":\"https:\/\/viniciojarquin.com\/blog\/un-llamado-urgente-al-voto-consciente\/#breadcrumb\",\"itemListElement\":[{\"@type\":\"ListItem\",\"position\":1,\"name\":\"Portada\",\"item\":\"https:\/\/viniciojarquin.com\/blog\/\"},{\"@type\":\"ListItem\",\"position\":2,\"name\":\"Un llamado urgente al voto consciente\"}]},{\"@type\":\"WebSite\",\"@id\":\"https:\/\/viniciojarquin.com\/blog\/#website\",\"url\":\"https:\/\/viniciojarquin.com\/blog\/\",\"name\":\"Vinicio Jarqu\u00edn BLOG\",\"description\":\"\",\"publisher\":{\"@id\":\"https:\/\/viniciojarquin.com\/blog\/#\/schema\/person\/90100c8845ae55462ec0657d3d2f8d3b\"},\"potentialAction\":[{\"@type\":\"SearchAction\",\"target\":{\"@type\":\"EntryPoint\",\"urlTemplate\":\"https:\/\/viniciojarquin.com\/blog\/?s={search_term_string}\"},\"query-input\":{\"@type\":\"PropertyValueSpecification\",\"valueRequired\":true,\"valueName\":\"search_term_string\"}}],\"inLanguage\":\"es\"},{\"@type\":[\"Person\",\"Organization\"],\"@id\":\"https:\/\/viniciojarquin.com\/blog\/#\/schema\/person\/90100c8845ae55462ec0657d3d2f8d3b\",\"name\":\"Vinicio Jarqu\u00edn\",\"image\":{\"@type\":\"ImageObject\",\"inLanguage\":\"es\",\"@id\":\"https:\/\/viniciojarquin.com\/blog\/#\/schema\/person\/image\/\",\"url\":\"https:\/\/viniciojarquin.com\/blog\/wp-content\/uploads\/2024\/10\/Logo-VinicioJarquin-original-400.png\",\"contentUrl\":\"https:\/\/viniciojarquin.com\/blog\/wp-content\/uploads\/2024\/10\/Logo-VinicioJarquin-original-400.png\",\"width\":400,\"height\":130,\"caption\":\"Vinicio Jarqu\u00edn\"},\"logo\":{\"@id\":\"https:\/\/viniciojarquin.com\/blog\/#\/schema\/person\/image\/\"},\"description\":\"Empresario textil, artista pl\u00e1stico, escritor, coach de vida y fot\u00f3grafo.\",\"sameAs\":[\"https:\/\/viniciojarquin.com\/blog\",\"https:\/\/www.facebook.com\/vinicio.jarquin\",\"https:\/\/www.instagram.com\/vinicio_jarquin\/\",\"https:\/\/www.pinterest.com\/vinnyjc\/\",\"https:\/\/www.youtube.com\/@VinicioJarquin\"],\"url\":\"https:\/\/viniciojarquin.com\/blog\/author\/admin_s02au25i\/\"}]}<\/script>\n<!-- \/ Yoast SEO plugin. -->","yoast_head_json":{"title":"Un llamado urgente al voto consciente - MI BLOG","robots":{"index":"index","follow":"follow","max-snippet":"max-snippet:-1","max-image-preview":"max-image-preview:large","max-video-preview":"max-video-preview:-1"},"canonical":"https:\/\/viniciojarquin.com\/blog\/un-llamado-urgente-al-voto-consciente\/","og_locale":"es_ES","og_type":"article","og_title":"Un llamado urgente al voto consciente - MI BLOG","og_description":"Querido votante de cara a las elecciones presidenciales del 2026 en Costa Rica. Mucho se ha dicho, mucho se ha [&hellip;]","og_url":"https:\/\/viniciojarquin.com\/blog\/un-llamado-urgente-al-voto-consciente\/","og_site_name":"MI BLOG","article_publisher":"https:\/\/www.facebook.com\/vinicio.jarquin","article_author":"https:\/\/www.facebook.com\/vinicio.jarquin","article_published_time":"2025-12-27T15:04:57+00:00","article_modified_time":"2025-12-27T15:05:01+00:00","og_image":[{"width":800,"height":500,"url":"https:\/\/viniciojarquin.com\/blog\/wp-content\/uploads\/2025\/12\/Un-llamado-urgente-al-voto-consciente.jpg","type":"image\/jpeg"}],"author":"Vinicio Jarqu\u00edn","twitter_card":"summary_large_image","twitter_misc":{"Escrito por":"Vinicio Jarqu\u00edn","Tiempo de lectura":"3 minutos"},"schema":{"@context":"https:\/\/schema.org","@graph":[{"@type":"Article","@id":"https:\/\/viniciojarquin.com\/blog\/un-llamado-urgente-al-voto-consciente\/#article","isPartOf":{"@id":"https:\/\/viniciojarquin.com\/blog\/un-llamado-urgente-al-voto-consciente\/"},"author":{"name":"Vinicio Jarqu\u00edn","@id":"https:\/\/viniciojarquin.com\/blog\/#\/schema\/person\/90100c8845ae55462ec0657d3d2f8d3b"},"headline":"Un llamado urgente al voto consciente","datePublished":"2025-12-27T15:04:57+00:00","dateModified":"2025-12-27T15:05:01+00:00","mainEntityOfPage":{"@id":"https:\/\/viniciojarquin.com\/blog\/un-llamado-urgente-al-voto-consciente\/"},"wordCount":609,"commentCount":0,"publisher":{"@id":"https:\/\/viniciojarquin.com\/blog\/#\/schema\/person\/90100c8845ae55462ec0657d3d2f8d3b"},"image":{"@id":"https:\/\/viniciojarquin.com\/blog\/un-llamado-urgente-al-voto-consciente\/#primaryimage"},"thumbnailUrl":"https:\/\/viniciojarquin.com\/blog\/wp-content\/uploads\/2025\/12\/Un-llamado-urgente-al-voto-consciente.jpg","articleSection":["Elecciones 2026"],"inLanguage":"es","potentialAction":[{"@type":"CommentAction","name":"Comment","target":["https:\/\/viniciojarquin.com\/blog\/un-llamado-urgente-al-voto-consciente\/#respond"]}]},{"@type":"WebPage","@id":"https:\/\/viniciojarquin.com\/blog\/un-llamado-urgente-al-voto-consciente\/","url":"https:\/\/viniciojarquin.com\/blog\/un-llamado-urgente-al-voto-consciente\/","name":"Un llamado urgente al voto consciente - MI BLOG","isPartOf":{"@id":"https:\/\/viniciojarquin.com\/blog\/#website"},"primaryImageOfPage":{"@id":"https:\/\/viniciojarquin.com\/blog\/un-llamado-urgente-al-voto-consciente\/#primaryimage"},"image":{"@id":"https:\/\/viniciojarquin.com\/blog\/un-llamado-urgente-al-voto-consciente\/#primaryimage"},"thumbnailUrl":"https:\/\/viniciojarquin.com\/blog\/wp-content\/uploads\/2025\/12\/Un-llamado-urgente-al-voto-consciente.jpg","datePublished":"2025-12-27T15:04:57+00:00","dateModified":"2025-12-27T15:05:01+00:00","breadcrumb":{"@id":"https:\/\/viniciojarquin.com\/blog\/un-llamado-urgente-al-voto-consciente\/#breadcrumb"},"inLanguage":"es","potentialAction":[{"@type":"ReadAction","target":["https:\/\/viniciojarquin.com\/blog\/un-llamado-urgente-al-voto-consciente\/"]}]},{"@type":"ImageObject","inLanguage":"es","@id":"https:\/\/viniciojarquin.com\/blog\/un-llamado-urgente-al-voto-consciente\/#primaryimage","url":"https:\/\/viniciojarquin.com\/blog\/wp-content\/uploads\/2025\/12\/Un-llamado-urgente-al-voto-consciente.jpg","contentUrl":"https:\/\/viniciojarquin.com\/blog\/wp-content\/uploads\/2025\/12\/Un-llamado-urgente-al-voto-consciente.jpg","width":800,"height":500},{"@type":"BreadcrumbList","@id":"https:\/\/viniciojarquin.com\/blog\/un-llamado-urgente-al-voto-consciente\/#breadcrumb","itemListElement":[{"@type":"ListItem","position":1,"name":"Portada","item":"https:\/\/viniciojarquin.com\/blog\/"},{"@type":"ListItem","position":2,"name":"Un llamado urgente al voto consciente"}]},{"@type":"WebSite","@id":"https:\/\/viniciojarquin.com\/blog\/#website","url":"https:\/\/viniciojarquin.com\/blog\/","name":"Vinicio Jarqu\u00edn BLOG","description":"","publisher":{"@id":"https:\/\/viniciojarquin.com\/blog\/#\/schema\/person\/90100c8845ae55462ec0657d3d2f8d3b"},"potentialAction":[{"@type":"SearchAction","target":{"@type":"EntryPoint","urlTemplate":"https:\/\/viniciojarquin.com\/blog\/?s={search_term_string}"},"query-input":{"@type":"PropertyValueSpecification","valueRequired":true,"valueName":"search_term_string"}}],"inLanguage":"es"},{"@type":["Person","Organization"],"@id":"https:\/\/viniciojarquin.com\/blog\/#\/schema\/person\/90100c8845ae55462ec0657d3d2f8d3b","name":"Vinicio Jarqu\u00edn","image":{"@type":"ImageObject","inLanguage":"es","@id":"https:\/\/viniciojarquin.com\/blog\/#\/schema\/person\/image\/","url":"https:\/\/viniciojarquin.com\/blog\/wp-content\/uploads\/2024\/10\/Logo-VinicioJarquin-original-400.png","contentUrl":"https:\/\/viniciojarquin.com\/blog\/wp-content\/uploads\/2024\/10\/Logo-VinicioJarquin-original-400.png","width":400,"height":130,"caption":"Vinicio Jarqu\u00edn"},"logo":{"@id":"https:\/\/viniciojarquin.com\/blog\/#\/schema\/person\/image\/"},"description":"Empresario textil, artista pl\u00e1stico, escritor, coach de vida y fot\u00f3grafo.","sameAs":["https:\/\/viniciojarquin.com\/blog","https:\/\/www.facebook.com\/vinicio.jarquin","https:\/\/www.instagram.com\/vinicio_jarquin\/","https:\/\/www.pinterest.com\/vinnyjc\/","https:\/\/www.youtube.com\/@VinicioJarquin"],"url":"https:\/\/viniciojarquin.com\/blog\/author\/admin_s02au25i\/"}]}},"blog_post_layout_featured_media_urls":{"thumbnail":["https:\/\/viniciojarquin.com\/blog\/wp-content\/uploads\/2025\/12\/Un-llamado-urgente-al-voto-consciente-150x150.jpg",150,150,true],"full":["https:\/\/viniciojarquin.com\/blog\/wp-content\/uploads\/2025\/12\/Un-llamado-urgente-al-voto-consciente.jpg",800,500,false]},"categories_names":{"17":{"name":"Elecciones 2026","link":"https:\/\/viniciojarquin.com\/blog\/category\/elecciones-2026\/"}},"tags_names":[],"comments_number":"0","_links":{"self":[{"href":"https:\/\/viniciojarquin.com\/blog\/wp-json\/wp\/v2\/posts\/2028","targetHints":{"allow":["GET"]}}],"collection":[{"href":"https:\/\/viniciojarquin.com\/blog\/wp-json\/wp\/v2\/posts"}],"about":[{"href":"https:\/\/viniciojarquin.com\/blog\/wp-json\/wp\/v2\/types\/post"}],"author":[{"embeddable":true,"href":"https:\/\/viniciojarquin.com\/blog\/wp-json\/wp\/v2\/users\/1"}],"replies":[{"embeddable":true,"href":"https:\/\/viniciojarquin.com\/blog\/wp-json\/wp\/v2\/comments?post=2028"}],"version-history":[{"count":1,"href":"https:\/\/viniciojarquin.com\/blog\/wp-json\/wp\/v2\/posts\/2028\/revisions"}],"predecessor-version":[{"id":2030,"href":"https:\/\/viniciojarquin.com\/blog\/wp-json\/wp\/v2\/posts\/2028\/revisions\/2030"}],"wp:featuredmedia":[{"embeddable":true,"href":"https:\/\/viniciojarquin.com\/blog\/wp-json\/wp\/v2\/media\/2029"}],"wp:attachment":[{"href":"https:\/\/viniciojarquin.com\/blog\/wp-json\/wp\/v2\/media?parent=2028"}],"wp:term":[{"taxonomy":"category","embeddable":true,"href":"https:\/\/viniciojarquin.com\/blog\/wp-json\/wp\/v2\/categories?post=2028"},{"taxonomy":"post_tag","embeddable":true,"href":"https:\/\/viniciojarquin.com\/blog\/wp-json\/wp\/v2\/tags?post=2028"}],"curies":[{"name":"wp","href":"https:\/\/api.w.org\/{rel}","templated":true}]}}