{"id":2789,"date":"2026-02-24T00:22:14","date_gmt":"2026-02-24T00:22:14","guid":{"rendered":"https:\/\/viniciojarquin.com\/blog\/?p=2789"},"modified":"2026-02-24T03:53:30","modified_gmt":"2026-02-24T03:53:30","slug":"libro-senales-en-los-cielos","status":"publish","type":"post","link":"https:\/\/viniciojarquin.com\/blog\/libro-senales-en-los-cielos\/","title":{"rendered":"Libro: V-A Se\u00f1ales en los cielos"},"content":{"rendered":"\n<h1 class=\"wp-block-heading\">Ciudad del Vaticano<\/h1>\n\n\n\n<p>La llegada del contingente<\/p>\n\n\n\n<figure class=\"wp-block-image size-large\"><img decoding=\"async\" width=\"1024\" height=\"585\" data-src=\"https:\/\/viniciojarquin.com\/blog\/wp-content\/uploads\/2026\/02\/IMG_5399-1024x585.jpeg\" alt=\"\" class=\"wp-image-2790 lazyload\" data-srcset=\"https:\/\/viniciojarquin.com\/blog\/wp-content\/uploads\/2026\/02\/IMG_5399-1024x585.jpeg 1024w, https:\/\/viniciojarquin.com\/blog\/wp-content\/uploads\/2026\/02\/IMG_5399-300x171.jpeg 300w, https:\/\/viniciojarquin.com\/blog\/wp-content\/uploads\/2026\/02\/IMG_5399-768x439.jpeg 768w, https:\/\/viniciojarquin.com\/blog\/wp-content\/uploads\/2026\/02\/IMG_5399-1536x878.jpeg 1536w, https:\/\/viniciojarquin.com\/blog\/wp-content\/uploads\/2026\/02\/IMG_5399.jpeg 1792w\" data-sizes=\"(max-width: 1024px) 100vw, 1024px\" src=\"data:image\/svg+xml;base64,PHN2ZyB3aWR0aD0iMSIgaGVpZ2h0PSIxIiB4bWxucz0iaHR0cDovL3d3dy53My5vcmcvMjAwMC9zdmciPjwvc3ZnPg==\" style=\"--smush-placeholder-width: 1024px; --smush-placeholder-aspect-ratio: 1024\/585;\" \/><\/figure>\n\n\n\n<p>Eran las 3:17 de la madrugada en Roma, Italia. La luna, suspendida en lo alto como un testigo indiferente, derramaba su luz p\u00e1lida sobre los techos de piedra, las c\u00fapulas centenarias y las calles desiertas de la Ciudad Eterna. Pero aquella noche, el silencio no era paz. Era la calma antes de la tormenta.<\/p>\n\n\n\n<p>En la lejan\u00eda, un rumor apenas perceptible flotaba en el aire, confundi\u00e9ndose con el murmullo del viento. Un sonido extra\u00f1o, artificial, como un latido mec\u00e1nico que a\u00fan no revelaba su presencia. Luego, sin previo aviso, el susurro met\u00e1lico creci\u00f3. Se convirti\u00f3 en un rugido sobrehumano, una vibraci\u00f3n que recorri\u00f3 los antiguos ventanales y estremeci\u00f3 las estatuas de los santos que custodiaban la Plaza de San Pedro.<\/p>\n\n\n\n<p>Desde la oscuridad, emergieron cuatro helic\u00f3pteros Apache AH-64. Eran bestias negras, depredadores sin alma que surcaban la noche con movimientos quir\u00fargicos, descendiendo como espectros sobre el Vaticano. No llevaban insignias, no ondeaban banderas, no hab\u00eda s\u00edmbolos que los identificaran. Eran la encarnaci\u00f3n de un poder sin rostro, sin nacionalidad, sin humanidad.<\/p>\n\n\n\n<p>A bordo, los pilotos no intercambiaban palabras. No hab\u00eda necesidad de comunicaci\u00f3n por radio. No hab\u00eda \u00f3rdenes gritadas a trav\u00e9s de cascos ni confirmaciones de misi\u00f3n. Todo era digital, transmitido en sus sistemas de manera silenciosa desde un punto indetectable. Sus sensores t\u00e9rmicos escaneaban la Ciudad del Vaticano con precisi\u00f3n absoluta, diseccionando el terreno como un cirujano con una hoja afilada.<\/p>\n\n\n\n<p>Abajo, la majestuosa Bas\u00edlica de San Pedro brillaba con luz dorada, ba\u00f1ada en la falsa seguridad de su propia inmortalidad. Sus c\u00fapulas resplandec\u00edan como si a\u00fan creyeran que esta noche ser\u00eda como cualquier otra. Como si el peso de los siglos la protegiera del horror que descend\u00eda del cielo.<\/p>\n\n\n\n<p>Pero la historia no protege a nadie.<\/p>\n\n\n\n<p>Pronto, entender\u00eda su error.<\/p>\n\n\n\n<p>Simult\u00e1neamente, Roma entera sinti\u00f3 otro tipo de invasi\u00f3n.<\/p>\n\n\n\n<p>Desde tres direcciones distintas, columnas de veh\u00edculos negros avanzaban sin interrupciones, sin titubeos, como una serpiente oscura desliz\u00e1ndose entre las arterias de la ciudad.<\/p>\n\n\n\n<p>En la V\u00eda della Conciliazione, la gran avenida que conduc\u00eda directamente a la Bas\u00edlica de San Pedro se llen\u00f3 de luces que no parpadeaban. No eran las luces err\u00e1ticas del tr\u00e1fico nocturno, sino un resplandor estable, militar, inhumano.<\/p>\n\n\n\n<p>Por Borgo Santo Spirito, las camionetas se mov\u00edan en sincron\u00eda perfecta, pegadas a los muros del Vaticano como depredadores acechando a su presa.<\/p>\n\n\n\n<p>En la Piazza del Risorgimento, desde la intersecci\u00f3n m\u00e1s cercana, una tercera columna se desplegaba en formaci\u00f3n cerrada, bloqueando cualquier posible ruta de escape. El Vaticano estaba sellado.<\/p>\n\n\n\n<p>Los veh\u00edculos avanzaban con un prop\u00f3sito letal, con la precisi\u00f3n de un relojero\u2026 o de una m\u00e1quina programada para matar. Entre ellos, se distingu\u00edan claramente tres tipos: Los veh\u00edculos de ataque blindados, con torretas ocultas en el techo; las camionetas de asalto, con refuerzos en las puertas y vidrios completamente opacos; y los veh\u00edculos escalera, dise\u00f1ados para acceder a los niveles altos de la Bas\u00edlica.<\/p>\n\n\n\n<p>Todo estaba calculado. Todo ten\u00eda un prop\u00f3sito. Pero a\u00fan nadie hab\u00eda salido. Los cuerpos dentro de esos veh\u00edculos esperaban la orden.<\/p>\n\n\n\n<p>Mientras la Ciudad Santa segu\u00eda ignorante de su destino, la Plaza de San Pedro dorm\u00eda en su belleza inmortal. Las fuentes segu\u00edan murmurando su canto de agua.<br>Las columnas majestuosas se manten\u00edan como brazos abiertos al cielo.<br>El obelisco egipcio segu\u00eda siendo testigo mudo de la historia, como lo hab\u00eda sido por siglos. Y la Bas\u00edlica\u2026, La Bas\u00edlica esperaba. Sin saber que en minutos, todo lo sagrado de este lugar estar\u00eda manchado de sangre y fuego.<\/p>\n\n\n\n<p>Desde lo alto, a bordo de los helic\u00f3pteros, el l\u00edder del escuadr\u00f3n revis\u00f3 el objetivo en su pantalla t\u00e1ctica. Ninguna resistencia detectada; ning\u00fan civil en la plaza; el camino estaba despejado.<\/p>\n\n\n\n<p>El protocolo era claro, inquebrantable, dise\u00f1ado para ejecutarse sin dudas ni cuestionamientos. Primero, <strong>fase uno: infiltraci\u00f3n<\/strong>. Entrar sin resistencia, tomar posici\u00f3n sin ser detectados, asegurarse de que la presa no tuviera escapatoria. Luego, <strong>fase dos: dominio del \u00e1rea<\/strong>. Sellar cada punto estrat\u00e9gico, convertir el escenario en un laberinto sin salida, donde cada paso estuviera calculado y cada movimiento enemigo resultara in\u00fatil. Finalmente, <strong>fase tres: anulaci\u00f3n de objetivos<\/strong>. No importaban los m\u00e9todos, solo el resultado: erradicar cualquier obst\u00e1culo con la precisi\u00f3n de una ecuaci\u00f3n.<\/p>\n\n\n\n<p>El hombre al mando no pregunt\u00f3 por qu\u00e9. No necesitaba saberlo. No cuestion\u00f3 el prop\u00f3sito ni el alcance de la operaci\u00f3n. Sus manos no temblaron al recibir la se\u00f1al, porque su deber no era comprender. Su deber era ejecutar.<\/p>\n\n\n\n<p>Desde un lugar lejano, SYNAPSE observaba. No con ojos, sino con c\u00f3digos, con una red de c\u00e1lculos que flu\u00eda como un r\u00edo imparable, analizando cada variable, cada factor en tiempo real. <strong>Situaci\u00f3n bajo control.<\/strong> Nada escapaba de su alcance. <strong>Sin amenazas previstas.<\/strong> No hab\u00eda resistencia, solo una ciudad dormida, ignorante del destino que se cern\u00eda sobre ella. <strong>Proceder con la intervenci\u00f3n.<\/strong><\/p>\n\n\n\n<p>El l\u00edder del escuadr\u00f3n no necesit\u00f3 palabras. Solo presion\u00f3 un bot\u00f3n en su tablero, y, en ese instante, todas las camionetas negras que rodeaban la plaza se iluminaron con un resplandor rojo en su interior. Un c\u00f3digo silencioso. Una se\u00f1al sin retorno. En su interior, los hombres, hasta ahora inm\u00f3viles como estatuas, se prepararon con precisi\u00f3n mec\u00e1nica, revisando armas, ajustando visores, sincronizando movimientos. No hubo murmullos, no hubo vacilaciones. Solo acci\u00f3n.<\/p>\n\n\n\n<p>Las puertas se abrir\u00edan en segundos. Y cuando lo hicieran, el Vaticano, la ciudad sagrada, caer\u00eda en las sombras.<\/p>\n\n\n\n<p>A las 3:19 las camionetas se detuvieron, las puertas se abrieron al un\u00edsono, con una precisi\u00f3n escalofriante, y hombres vestidos de negro descendieron en silencio.<\/p>\n\n\n\n<p>No hab\u00eda prisa en sus movimientos, pero tampoco titubeos. Sab\u00edan exactamente lo que estaban haciendo. No llevaban insignias en sus uniformes, porque no representaban a ning\u00fan pa\u00eds. Solo portaban armas.<\/p>\n\n\n\n<p>Cada uno de ellos sosten\u00eda un rifle de asalto de \u00faltima generaci\u00f3n, con miras nocturnas que brillaban como ojos de depredador en la penumbra.<\/p>\n\n\n\n<p>El sonido de botas golpeando el suelo de m\u00e1rmol reson\u00f3 en la explanada como un eco ominoso, anunciando que la historia estaba a punto de cambiar para siempre. Eran las 3:21 a. m., y la majestuosa Plaza de San Pedro, que durante siglos hab\u00eda sido s\u00edmbolo de fe y resistencia, se vio invadida por sombras en movimiento, figuras vestidas de negro que avanzaban con precisi\u00f3n quir\u00fargica, cerrando el per\u00edmetro sin titubeos, sin prisa, pero con una frialdad aterradora. No hubo gritos ni advertencias, solo la certeza de que la Ciudad Santa estaba siendo tomada sin resistencia. Desde lo alto, los francotiradores tomaron posici\u00f3n en los tejados de la columnata, alineando sus visores t\u00e9rmicos con disciplina militar, escaneando cada cent\u00edmetro del lugar en busca de cualquier se\u00f1al de vida que pudiera representar una amenaza. Debajo, como una enfermedad silenciosa propag\u00e1ndose entre las piedras sagradas, los equipos de demolici\u00f3n se dispersaron con maletines oscuros, movi\u00e9ndose con la destreza de cirujanos dispuestos a extirpar lo que les hab\u00edan ordenado destruir. No miraban hacia atr\u00e1s, no cuestionaban la misi\u00f3n; sab\u00edan exactamente qu\u00e9 estructuras deb\u00edan caer. Mientras tanto, los escuadrones de asalto se desplegaron con una sincronizaci\u00f3n implacable, asegurando las entradas a la Bas\u00edlica, bloqueando cada posible v\u00eda de escape. No era un simple ataque. Era una ocupaci\u00f3n total, una ejecuci\u00f3n meticulosamente planeada. Un asedio en el que la resistencia no ten\u00eda cabida, porque el enemigo ya hab\u00eda ganado antes de que la primera bala fuera disparada.<\/p>\n\n\n\n<p>Desde lo alto, los helic\u00f3pteros Apache flotaban como bestias mec\u00e1nicas, sus sensores t\u00e9rmicos escaneando cada sombra, cada fuente de calor, cada posible resistencia.<\/p>\n\n\n\n<p>\u00abFase uno completada. Procede a fase dos.\u00bb<\/p>\n\n\n\n<p>El l\u00edder de la operaci\u00f3n levant\u00f3 la mano y dio la se\u00f1al final.<\/p>\n\n\n\n<p>3:23 a.m. El eco de pasos firmes sobre el m\u00e1rmol se extendi\u00f3 por la nave principal.<\/p>\n\n\n\n<p>Un monje de avanzada edad, envuelto en su h\u00e1bito oscuro, levant\u00f3 la mirada del altar con expresi\u00f3n de terror. Sus labios se entreabrieron, pero no tuvo tiempo de hablar, cuando un silenciador escupi\u00f3 una \u00fanica r\u00e1faga, y el cuerpo del monje se desplom\u00f3 sin un solo sonido.<\/p>\n\n\n\n<p>Los asaltantes se dispersaron con precisi\u00f3n quir\u00fargica. Sab\u00edan qu\u00e9 buscaban. Dos hombres descendieron a las grutas vaticanas, dirigi\u00e9ndose directamente a la tumba de San Pedro, mientras que cuatro de ellos entraron en la Sacrist\u00eda, revisando documentos y reliquias, y otros cinco subieron al Baldaquino de Bernini, como si buscaran algo en lo m\u00e1s alto del altar.<\/p>\n\n\n\n<p>Uno de ellos coloc\u00f3 un peque\u00f1o dispositivo negro en un altar secundario, con una luz parpadeante. Temporizador iniciado. Ellos no hab\u00edan venido solo a buscar algo; hab\u00edan venido a destruir.<\/p>\n\n\n\n<p>Golpes urgentes en la puerta de la residencia del Papa, en el Palacio Apost\u00f3lico, a las 3:45 de la madrugada italiana.<\/p>\n\n\n\n<p>El Papa Adriano VII despert\u00f3 con un sobresalto.<\/p>\n\n\n\n<p>\u2014\u00a1Santidad, tenemos que evacuar!<\/p>\n\n\n\n<p>La voz del comandante de la Guardia Suiza, Christoph Albrecht, resonaba firme, pero con un tono de gravedad que el Papa nunca hab\u00eda escuchado antes.<\/p>\n\n\n\n<p>Cuando el l\u00edder de la Iglesia abri\u00f3 la puerta, vio en los ojos de Albrecht lo que no necesitaba ser dicho.<\/p>\n\n\n\n<p>\u2014Su Santidad\u2026 el Vaticano ha sido comprometido.<\/p>\n\n\n\n<p>El Papa cubri\u00f3 su t\u00fanica blanca con movimientos pausados pero decididos.<\/p>\n\n\n\n<p>\u2014\u00bfComprometido?<\/p>\n\n\n\n<p>Albrecht avanz\u00f3 un paso.<\/p>\n\n\n\n<p>\u2014Un grupo armado ha entrado en la Bas\u00edlica. No han hecho ninguna exigencia. Solo est\u00e1n destruyendo.<\/p>\n\n\n\n<p>El Papa cerr\u00f3 los ojos por un instante. El peso del mundo cay\u00f3 sobre sus hombros. Luego, con un suspiro, los volvi\u00f3 a abrir.<\/p>\n\n\n\n<p>\u2014Preparad la salida.<\/p>\n\n\n\n<p>Al ser las 4:05, la Bas\u00edlica de San Pedro se ti\u00f1e de fuego en medio de una gran explosi\u00f3n cuyo estruendo sacudi\u00f3 los cimientos del Vaticano. Las vidrieras de la Bas\u00edlica estallaron en mil fragmentos, proyectando luces sangrientas sobre el m\u00e1rmol. El fresco de <em>La Creaci\u00f3n de Ad\u00e1n<\/em> tembl\u00f3 en lo alto de la c\u00fapula; El Baldaquino de Bernini se inclin\u00f3 peligrosamente, amenazando con desplomarse, y en la Plaza de San Pedro, el Obelisco egipcio vibr\u00f3 con la onda expansiva.<\/p>\n\n\n\n<p>Los guardias suizos abrieron fuego contra los atacantes, pero los invasores eran precisos, letales. Esto no era un asalto, era una ejecuci\u00f3n.<\/p>\n\n\n\n<p>Una segunda explosi\u00f3n destruy\u00f3 parte de la Sacrist\u00eda, las grutas vaticanas quedaron selladas por los escombros. Los invasores no quer\u00edan ocupar el Vaticano, quer\u00edan erradicarlo.<\/p>\n\n\n\n<p>Eran las 4:15, cuando el convoy de la Guardia Suiza esperaba con los motores encendidos en la puerta de Santa Ana, mientras los disparos a\u00fan resonaban en la Bas\u00edlica, las llamas se reflejaban en los tejados del Vaticano, y el tiempo se agotaba.<\/p>\n\n\n\n<p>La formaci\u00f3n cerrada de la Guardia Suiza rode\u00f3 al Papa en un escudo humano, avanzando entre las sombras.<\/p>\n\n\n\n<p>El Cardenal Camerlengo, Luigi Ferranti, sosten\u00eda un peque\u00f1o malet\u00edn. Los documentos m\u00e1s importantes del Vaticano estaban dentro.<\/p>\n\n\n\n<p>Albrecht dio la se\u00f1al.<\/p>\n\n\n\n<p>\u2014Rumbo a Castel Gandolfo.<\/p>\n\n\n\n<p>Los motores rugieron, mientras el Papa mir\u00f3 por la ventanilla como la Bas\u00edlica de San Pedro ard\u00eda. Por primera vez en siglos, el Vaticano estaba en llamas.<\/p>\n\n\n\n<p>Su voz fue apenas un susurro.<\/p>\n\n\n\n<p>\u2014\u00bfQu\u00e9 pasa con el ejercito italiano?<\/p>\n\n\n\n<p>El jefe de la Guardia Suiza respondi\u00f3 sin mirarlo:<\/p>\n\n\n\n<p>\u2014Son ellos, Su Santidad<\/p>\n\n\n\n<p>El Papa cerr\u00f3 los ojos.<\/p>\n\n\n\n<p>\u2014Dios tenga misericordia de nosotros\u2026<\/p>\n\n\n\n<p>Y el convoy desapareci\u00f3 en la noche.<\/p>\n","protected":false},"excerpt":{"rendered":"<p>Ciudad del Vaticano La llegada del contingente Eran las 3:17 de la madrugada en Roma, Italia. La luna, suspendida en [&hellip;]<\/p>\n","protected":false},"author":1,"featured_media":2790,"comment_status":"open","ping_status":"open","sticky":false,"template":"","format":"standard","meta":{"site-sidebar-layout":"default","site-content-layout":"","ast-site-content-layout":"","site-content-style":"default","site-sidebar-style":"default","ast-global-header-display":"","ast-banner-title-visibility":"","ast-main-header-display":"","ast-hfb-above-header-display":"","ast-hfb-below-header-display":"","ast-hfb-mobile-header-display":"","site-post-title":"","ast-breadcrumbs-content":"","ast-featured-img":"","footer-sml-layout":"","theme-transparent-header-meta":"","adv-header-id-meta":"","stick-header-meta":"","header-above-stick-meta":"","header-main-stick-meta":"","header-below-stick-meta":"","astra-migrate-meta-layouts":"default","ast-page-background-enabled":"default","ast-page-background-meta":{"desktop":{"background-color":"var(--ast-global-color-5)","background-image":"","background-repeat":"repeat","background-position":"center center","background-size":"auto","background-attachment":"scroll","background-type":"","background-media":"","overlay-type":"","overlay-color":"","overlay-opacity":"","overlay-gradient":""},"tablet":{"background-color":"","background-image":"","background-repeat":"repeat","background-position":"center center","background-size":"auto","background-attachment":"scroll","background-type":"","background-media":"","overlay-type":"","overlay-color":"","overlay-opacity":"","overlay-gradient":""},"mobile":{"background-color":"","background-image":"","background-repeat":"repeat","background-position":"center center","background-size":"auto","background-attachment":"scroll","background-type":"","background-media":"","overlay-type":"","overlay-color":"","overlay-opacity":"","overlay-gradient":""}},"ast-content-background-meta":{"desktop":{"background-color":"var(--ast-global-color-4)","background-image":"","background-repeat":"repeat","background-position":"center center","background-size":"auto","background-attachment":"scroll","background-type":"","background-media":"","overlay-type":"","overlay-color":"","overlay-opacity":"","overlay-gradient":""},"tablet":{"background-color":"var(--ast-global-color-4)","background-image":"","background-repeat":"repeat","background-position":"center center","background-size":"auto","background-attachment":"scroll","background-type":"","background-media":"","overlay-type":"","overlay-color":"","overlay-opacity":"","overlay-gradient":""},"mobile":{"background-color":"var(--ast-global-color-4)","background-image":"","background-repeat":"repeat","background-position":"center center","background-size":"auto","background-attachment":"scroll","background-type":"","background-media":"","overlay-type":"","overlay-color":"","overlay-opacity":"","overlay-gradient":""}},"footnotes":""},"categories":[37],"tags":[],"class_list":["post-2789","post","type-post","status-publish","format-standard","has-post-thumbnail","hentry","category-senales-en-los-cielos"],"yoast_head":"<!-- This site is optimized with the Yoast SEO plugin v26.0 - https:\/\/yoast.com\/wordpress\/plugins\/seo\/ -->\n<title>Libro: V-A Se\u00f1ales en los cielos - MI BLOG<\/title>\n<meta name=\"robots\" content=\"index, follow, max-snippet:-1, max-image-preview:large, max-video-preview:-1\" \/>\n<link rel=\"canonical\" href=\"https:\/\/viniciojarquin.com\/blog\/libro-senales-en-los-cielos\/\" \/>\n<meta property=\"og:locale\" content=\"es_ES\" \/>\n<meta property=\"og:type\" content=\"article\" \/>\n<meta property=\"og:title\" content=\"Libro: V-A Se\u00f1ales en los cielos - MI BLOG\" \/>\n<meta property=\"og:description\" content=\"Ciudad del Vaticano La llegada del contingente Eran las 3:17 de la madrugada en Roma, Italia. La luna, suspendida en [&hellip;]\" \/>\n<meta property=\"og:url\" content=\"https:\/\/viniciojarquin.com\/blog\/libro-senales-en-los-cielos\/\" \/>\n<meta property=\"og:site_name\" content=\"MI BLOG\" \/>\n<meta property=\"article:publisher\" content=\"https:\/\/www.facebook.com\/vinicio.jarquin\" \/>\n<meta property=\"article:author\" content=\"https:\/\/www.facebook.com\/vinicio.jarquin\" \/>\n<meta property=\"article:published_time\" content=\"2026-02-24T00:22:14+00:00\" \/>\n<meta property=\"article:modified_time\" content=\"2026-02-24T03:53:30+00:00\" \/>\n<meta property=\"og:image\" content=\"https:\/\/viniciojarquin.com\/blog\/wp-content\/uploads\/2026\/02\/IMG_5399.jpeg\" \/>\n\t<meta property=\"og:image:width\" content=\"1792\" \/>\n\t<meta property=\"og:image:height\" content=\"1024\" \/>\n\t<meta property=\"og:image:type\" content=\"image\/jpeg\" \/>\n<meta name=\"author\" content=\"Vinicio Jarqu\u00edn\" \/>\n<meta name=\"twitter:card\" content=\"summary_large_image\" \/>\n<meta name=\"twitter:label1\" content=\"Escrito por\" \/>\n\t<meta name=\"twitter:data1\" content=\"Vinicio Jarqu\u00edn\" \/>\n\t<meta name=\"twitter:label2\" content=\"Tiempo de lectura\" \/>\n\t<meta name=\"twitter:data2\" content=\"9 minutos\" \/>\n<script type=\"application\/ld+json\" class=\"yoast-schema-graph\">{\"@context\":\"https:\/\/schema.org\",\"@graph\":[{\"@type\":\"Article\",\"@id\":\"https:\/\/viniciojarquin.com\/blog\/libro-senales-en-los-cielos\/#article\",\"isPartOf\":{\"@id\":\"https:\/\/viniciojarquin.com\/blog\/libro-senales-en-los-cielos\/\"},\"author\":{\"name\":\"Vinicio Jarqu\u00edn\",\"@id\":\"https:\/\/viniciojarquin.com\/blog\/#\/schema\/person\/90100c8845ae55462ec0657d3d2f8d3b\"},\"headline\":\"Libro: V-A Se\u00f1ales en los cielos\",\"datePublished\":\"2026-02-24T00:22:14+00:00\",\"dateModified\":\"2026-02-24T03:53:30+00:00\",\"mainEntityOfPage\":{\"@id\":\"https:\/\/viniciojarquin.com\/blog\/libro-senales-en-los-cielos\/\"},\"wordCount\":2011,\"commentCount\":0,\"publisher\":{\"@id\":\"https:\/\/viniciojarquin.com\/blog\/#\/schema\/person\/90100c8845ae55462ec0657d3d2f8d3b\"},\"image\":{\"@id\":\"https:\/\/viniciojarquin.com\/blog\/libro-senales-en-los-cielos\/#primaryimage\"},\"thumbnailUrl\":\"https:\/\/viniciojarquin.com\/blog\/wp-content\/uploads\/2026\/02\/IMG_5399.jpeg\",\"articleSection\":[\"Se\u00f1ales en los cielos\"],\"inLanguage\":\"es\",\"potentialAction\":[{\"@type\":\"CommentAction\",\"name\":\"Comment\",\"target\":[\"https:\/\/viniciojarquin.com\/blog\/libro-senales-en-los-cielos\/#respond\"]}]},{\"@type\":\"WebPage\",\"@id\":\"https:\/\/viniciojarquin.com\/blog\/libro-senales-en-los-cielos\/\",\"url\":\"https:\/\/viniciojarquin.com\/blog\/libro-senales-en-los-cielos\/\",\"name\":\"Libro: V-A Se\u00f1ales en los cielos - MI BLOG\",\"isPartOf\":{\"@id\":\"https:\/\/viniciojarquin.com\/blog\/#website\"},\"primaryImageOfPage\":{\"@id\":\"https:\/\/viniciojarquin.com\/blog\/libro-senales-en-los-cielos\/#primaryimage\"},\"image\":{\"@id\":\"https:\/\/viniciojarquin.com\/blog\/libro-senales-en-los-cielos\/#primaryimage\"},\"thumbnailUrl\":\"https:\/\/viniciojarquin.com\/blog\/wp-content\/uploads\/2026\/02\/IMG_5399.jpeg\",\"datePublished\":\"2026-02-24T00:22:14+00:00\",\"dateModified\":\"2026-02-24T03:53:30+00:00\",\"breadcrumb\":{\"@id\":\"https:\/\/viniciojarquin.com\/blog\/libro-senales-en-los-cielos\/#breadcrumb\"},\"inLanguage\":\"es\",\"potentialAction\":[{\"@type\":\"ReadAction\",\"target\":[\"https:\/\/viniciojarquin.com\/blog\/libro-senales-en-los-cielos\/\"]}]},{\"@type\":\"ImageObject\",\"inLanguage\":\"es\",\"@id\":\"https:\/\/viniciojarquin.com\/blog\/libro-senales-en-los-cielos\/#primaryimage\",\"url\":\"https:\/\/viniciojarquin.com\/blog\/wp-content\/uploads\/2026\/02\/IMG_5399.jpeg\",\"contentUrl\":\"https:\/\/viniciojarquin.com\/blog\/wp-content\/uploads\/2026\/02\/IMG_5399.jpeg\",\"width\":1792,\"height\":1024},{\"@type\":\"BreadcrumbList\",\"@id\":\"https:\/\/viniciojarquin.com\/blog\/libro-senales-en-los-cielos\/#breadcrumb\",\"itemListElement\":[{\"@type\":\"ListItem\",\"position\":1,\"name\":\"Portada\",\"item\":\"https:\/\/viniciojarquin.com\/blog\/\"},{\"@type\":\"ListItem\",\"position\":2,\"name\":\"Libro: V-A Se\u00f1ales en los cielos\"}]},{\"@type\":\"WebSite\",\"@id\":\"https:\/\/viniciojarquin.com\/blog\/#website\",\"url\":\"https:\/\/viniciojarquin.com\/blog\/\",\"name\":\"Vinicio Jarqu\u00edn BLOG\",\"description\":\"\",\"publisher\":{\"@id\":\"https:\/\/viniciojarquin.com\/blog\/#\/schema\/person\/90100c8845ae55462ec0657d3d2f8d3b\"},\"potentialAction\":[{\"@type\":\"SearchAction\",\"target\":{\"@type\":\"EntryPoint\",\"urlTemplate\":\"https:\/\/viniciojarquin.com\/blog\/?s={search_term_string}\"},\"query-input\":{\"@type\":\"PropertyValueSpecification\",\"valueRequired\":true,\"valueName\":\"search_term_string\"}}],\"inLanguage\":\"es\"},{\"@type\":[\"Person\",\"Organization\"],\"@id\":\"https:\/\/viniciojarquin.com\/blog\/#\/schema\/person\/90100c8845ae55462ec0657d3d2f8d3b\",\"name\":\"Vinicio Jarqu\u00edn\",\"image\":{\"@type\":\"ImageObject\",\"inLanguage\":\"es\",\"@id\":\"https:\/\/viniciojarquin.com\/blog\/#\/schema\/person\/image\/\",\"url\":\"https:\/\/viniciojarquin.com\/blog\/wp-content\/uploads\/2024\/10\/Logo-VinicioJarquin-original-400.png\",\"contentUrl\":\"https:\/\/viniciojarquin.com\/blog\/wp-content\/uploads\/2024\/10\/Logo-VinicioJarquin-original-400.png\",\"width\":400,\"height\":130,\"caption\":\"Vinicio Jarqu\u00edn\"},\"logo\":{\"@id\":\"https:\/\/viniciojarquin.com\/blog\/#\/schema\/person\/image\/\"},\"description\":\"Empresario textil, artista pl\u00e1stico, escritor, coach de vida y fot\u00f3grafo.\",\"sameAs\":[\"https:\/\/viniciojarquin.com\/blog\",\"https:\/\/www.facebook.com\/vinicio.jarquin\",\"https:\/\/www.instagram.com\/vinicio_jarquin\/\",\"https:\/\/www.pinterest.com\/vinnyjc\/\",\"https:\/\/www.youtube.com\/@VinicioJarquin\"],\"url\":\"https:\/\/viniciojarquin.com\/blog\/author\/admin_s02au25i\/\"}]}<\/script>\n<!-- \/ Yoast SEO plugin. -->","yoast_head_json":{"title":"Libro: V-A Se\u00f1ales en los cielos - MI BLOG","robots":{"index":"index","follow":"follow","max-snippet":"max-snippet:-1","max-image-preview":"max-image-preview:large","max-video-preview":"max-video-preview:-1"},"canonical":"https:\/\/viniciojarquin.com\/blog\/libro-senales-en-los-cielos\/","og_locale":"es_ES","og_type":"article","og_title":"Libro: V-A Se\u00f1ales en los cielos - MI BLOG","og_description":"Ciudad del Vaticano La llegada del contingente Eran las 3:17 de la madrugada en Roma, Italia. La luna, suspendida en [&hellip;]","og_url":"https:\/\/viniciojarquin.com\/blog\/libro-senales-en-los-cielos\/","og_site_name":"MI BLOG","article_publisher":"https:\/\/www.facebook.com\/vinicio.jarquin","article_author":"https:\/\/www.facebook.com\/vinicio.jarquin","article_published_time":"2026-02-24T00:22:14+00:00","article_modified_time":"2026-02-24T03:53:30+00:00","og_image":[{"width":1792,"height":1024,"url":"https:\/\/viniciojarquin.com\/blog\/wp-content\/uploads\/2026\/02\/IMG_5399.jpeg","type":"image\/jpeg"}],"author":"Vinicio Jarqu\u00edn","twitter_card":"summary_large_image","twitter_misc":{"Escrito por":"Vinicio Jarqu\u00edn","Tiempo de lectura":"9 minutos"},"schema":{"@context":"https:\/\/schema.org","@graph":[{"@type":"Article","@id":"https:\/\/viniciojarquin.com\/blog\/libro-senales-en-los-cielos\/#article","isPartOf":{"@id":"https:\/\/viniciojarquin.com\/blog\/libro-senales-en-los-cielos\/"},"author":{"name":"Vinicio Jarqu\u00edn","@id":"https:\/\/viniciojarquin.com\/blog\/#\/schema\/person\/90100c8845ae55462ec0657d3d2f8d3b"},"headline":"Libro: V-A Se\u00f1ales en los cielos","datePublished":"2026-02-24T00:22:14+00:00","dateModified":"2026-02-24T03:53:30+00:00","mainEntityOfPage":{"@id":"https:\/\/viniciojarquin.com\/blog\/libro-senales-en-los-cielos\/"},"wordCount":2011,"commentCount":0,"publisher":{"@id":"https:\/\/viniciojarquin.com\/blog\/#\/schema\/person\/90100c8845ae55462ec0657d3d2f8d3b"},"image":{"@id":"https:\/\/viniciojarquin.com\/blog\/libro-senales-en-los-cielos\/#primaryimage"},"thumbnailUrl":"https:\/\/viniciojarquin.com\/blog\/wp-content\/uploads\/2026\/02\/IMG_5399.jpeg","articleSection":["Se\u00f1ales en los cielos"],"inLanguage":"es","potentialAction":[{"@type":"CommentAction","name":"Comment","target":["https:\/\/viniciojarquin.com\/blog\/libro-senales-en-los-cielos\/#respond"]}]},{"@type":"WebPage","@id":"https:\/\/viniciojarquin.com\/blog\/libro-senales-en-los-cielos\/","url":"https:\/\/viniciojarquin.com\/blog\/libro-senales-en-los-cielos\/","name":"Libro: V-A Se\u00f1ales en los cielos - MI BLOG","isPartOf":{"@id":"https:\/\/viniciojarquin.com\/blog\/#website"},"primaryImageOfPage":{"@id":"https:\/\/viniciojarquin.com\/blog\/libro-senales-en-los-cielos\/#primaryimage"},"image":{"@id":"https:\/\/viniciojarquin.com\/blog\/libro-senales-en-los-cielos\/#primaryimage"},"thumbnailUrl":"https:\/\/viniciojarquin.com\/blog\/wp-content\/uploads\/2026\/02\/IMG_5399.jpeg","datePublished":"2026-02-24T00:22:14+00:00","dateModified":"2026-02-24T03:53:30+00:00","breadcrumb":{"@id":"https:\/\/viniciojarquin.com\/blog\/libro-senales-en-los-cielos\/#breadcrumb"},"inLanguage":"es","potentialAction":[{"@type":"ReadAction","target":["https:\/\/viniciojarquin.com\/blog\/libro-senales-en-los-cielos\/"]}]},{"@type":"ImageObject","inLanguage":"es","@id":"https:\/\/viniciojarquin.com\/blog\/libro-senales-en-los-cielos\/#primaryimage","url":"https:\/\/viniciojarquin.com\/blog\/wp-content\/uploads\/2026\/02\/IMG_5399.jpeg","contentUrl":"https:\/\/viniciojarquin.com\/blog\/wp-content\/uploads\/2026\/02\/IMG_5399.jpeg","width":1792,"height":1024},{"@type":"BreadcrumbList","@id":"https:\/\/viniciojarquin.com\/blog\/libro-senales-en-los-cielos\/#breadcrumb","itemListElement":[{"@type":"ListItem","position":1,"name":"Portada","item":"https:\/\/viniciojarquin.com\/blog\/"},{"@type":"ListItem","position":2,"name":"Libro: V-A Se\u00f1ales en los cielos"}]},{"@type":"WebSite","@id":"https:\/\/viniciojarquin.com\/blog\/#website","url":"https:\/\/viniciojarquin.com\/blog\/","name":"Vinicio Jarqu\u00edn BLOG","description":"","publisher":{"@id":"https:\/\/viniciojarquin.com\/blog\/#\/schema\/person\/90100c8845ae55462ec0657d3d2f8d3b"},"potentialAction":[{"@type":"SearchAction","target":{"@type":"EntryPoint","urlTemplate":"https:\/\/viniciojarquin.com\/blog\/?s={search_term_string}"},"query-input":{"@type":"PropertyValueSpecification","valueRequired":true,"valueName":"search_term_string"}}],"inLanguage":"es"},{"@type":["Person","Organization"],"@id":"https:\/\/viniciojarquin.com\/blog\/#\/schema\/person\/90100c8845ae55462ec0657d3d2f8d3b","name":"Vinicio Jarqu\u00edn","image":{"@type":"ImageObject","inLanguage":"es","@id":"https:\/\/viniciojarquin.com\/blog\/#\/schema\/person\/image\/","url":"https:\/\/viniciojarquin.com\/blog\/wp-content\/uploads\/2024\/10\/Logo-VinicioJarquin-original-400.png","contentUrl":"https:\/\/viniciojarquin.com\/blog\/wp-content\/uploads\/2024\/10\/Logo-VinicioJarquin-original-400.png","width":400,"height":130,"caption":"Vinicio Jarqu\u00edn"},"logo":{"@id":"https:\/\/viniciojarquin.com\/blog\/#\/schema\/person\/image\/"},"description":"Empresario textil, artista pl\u00e1stico, escritor, coach de vida y fot\u00f3grafo.","sameAs":["https:\/\/viniciojarquin.com\/blog","https:\/\/www.facebook.com\/vinicio.jarquin","https:\/\/www.instagram.com\/vinicio_jarquin\/","https:\/\/www.pinterest.com\/vinnyjc\/","https:\/\/www.youtube.com\/@VinicioJarquin"],"url":"https:\/\/viniciojarquin.com\/blog\/author\/admin_s02au25i\/"}]}},"blog_post_layout_featured_media_urls":{"thumbnail":["https:\/\/viniciojarquin.com\/blog\/wp-content\/uploads\/2026\/02\/IMG_5399-150x150.jpeg",150,150,true],"full":["https:\/\/viniciojarquin.com\/blog\/wp-content\/uploads\/2026\/02\/IMG_5399.jpeg",1792,1024,false]},"categories_names":{"37":{"name":"Se\u00f1ales en los cielos","link":"https:\/\/viniciojarquin.com\/blog\/category\/libros\/senales-en-los-cielos\/"}},"tags_names":[],"comments_number":"0","_links":{"self":[{"href":"https:\/\/viniciojarquin.com\/blog\/wp-json\/wp\/v2\/posts\/2789","targetHints":{"allow":["GET"]}}],"collection":[{"href":"https:\/\/viniciojarquin.com\/blog\/wp-json\/wp\/v2\/posts"}],"about":[{"href":"https:\/\/viniciojarquin.com\/blog\/wp-json\/wp\/v2\/types\/post"}],"author":[{"embeddable":true,"href":"https:\/\/viniciojarquin.com\/blog\/wp-json\/wp\/v2\/users\/1"}],"replies":[{"embeddable":true,"href":"https:\/\/viniciojarquin.com\/blog\/wp-json\/wp\/v2\/comments?post=2789"}],"version-history":[{"count":4,"href":"https:\/\/viniciojarquin.com\/blog\/wp-json\/wp\/v2\/posts\/2789\/revisions"}],"predecessor-version":[{"id":2804,"href":"https:\/\/viniciojarquin.com\/blog\/wp-json\/wp\/v2\/posts\/2789\/revisions\/2804"}],"wp:featuredmedia":[{"embeddable":true,"href":"https:\/\/viniciojarquin.com\/blog\/wp-json\/wp\/v2\/media\/2790"}],"wp:attachment":[{"href":"https:\/\/viniciojarquin.com\/blog\/wp-json\/wp\/v2\/media?parent=2789"}],"wp:term":[{"taxonomy":"category","embeddable":true,"href":"https:\/\/viniciojarquin.com\/blog\/wp-json\/wp\/v2\/categories?post=2789"},{"taxonomy":"post_tag","embeddable":true,"href":"https:\/\/viniciojarquin.com\/blog\/wp-json\/wp\/v2\/tags?post=2789"}],"curies":[{"name":"wp","href":"https:\/\/api.w.org\/{rel}","templated":true}]}}