{"id":2793,"date":"2026-02-24T02:05:17","date_gmt":"2026-02-24T02:05:17","guid":{"rendered":"https:\/\/viniciojarquin.com\/blog\/?p=2793"},"modified":"2026-02-24T02:08:44","modified_gmt":"2026-02-24T02:08:44","slug":"libro-v-b-senales-en-los-cielos","status":"publish","type":"post","link":"https:\/\/viniciojarquin.com\/blog\/libro-v-b-senales-en-los-cielos\/","title":{"rendered":"Libro: V-B Se\u00f1ales en los cielos"},"content":{"rendered":"\n<p>El mundo en silencio<\/p>\n\n\n\n<p><em>(Ubicaci\u00f3n: Diversas capitales del mundo \u2013 Tiempo transcurrido desde el inicio del asedio: 45 minutos)<\/em><\/p>\n\n\n\n<p><strong>Washington D.C. \u2013 El Pent\u00e1gono<\/strong><\/p>\n\n\n\n<p>El Secretario de Defensa de los Estados Unidos miraba la pantalla con el ce\u00f1o fruncido.<\/p>\n\n\n\n<p>\u2014\u00bfMe est\u00e1 diciendo que no podemos hacer nada?<\/p>\n\n\n\n<p>El almirante Reynolds se removi\u00f3 en su asiento.<\/p>\n\n\n\n<p>\u2014No sin arriesgar una guerra. No sin entrar en territorio soberano sin autorizaci\u00f3n, o m\u00e1s bien en dos territorios, porque no tenemos permiso de Italia ni de El Vaticano.<\/p>\n\n\n\n<p>\u2014\u00a1\u00bfQu\u00e9 autorizaci\u00f3n?! \u00a1Est\u00e1n destruyendo el Vaticano en tiempo real!<\/p>\n\n\n\n<p>La sala estaba en tensi\u00f3n. Sat\u00e9lites militares hab\u00edan detectado los movimientos en Roma, pero cualquier intento de intervenci\u00f3n hab\u00eda sido bloqueado, mientras el Jefe del Estado Mayor suspir\u00f3.<\/p>\n\n\n\n<p>\u2014Si movilizamos tropas, Italia lo ver\u00e1 como una invasi\u00f3n.<\/p>\n\n\n\n<p>\u2014Y si no hacemos nada, habremos permitido la ca\u00edda de un Estado ante nuestros ojos.<\/p>\n\n\n\n<p>El presidente de los Estados Unidos permaneci\u00f3 en silencio. Sab\u00eda que no importaba qu\u00e9 decisi\u00f3n tomara\u2026 ya hab\u00eda perdido.<\/p>\n\n\n\n<p><strong>Mosc\u00fa \u2013 Centro de Comando Estrat\u00e9gico<\/strong><\/p>\n\n\n\n<p>El Ministro de Defensa ruso observaba los informes en la pantalla.<\/p>\n\n\n\n<p>\u2014Italia no ha pedido apoyo.<\/p>\n\n\n\n<p>El General Makarov solt\u00f3 un resoplido.<\/p>\n\n\n\n<p>\u2014Porque saben que no podemos d\u00e1rselo.<\/p>\n\n\n\n<p>Silencio.<\/p>\n\n\n\n<p>SYNAPSE hab\u00eda deshabilitado todas las comunicaciones seguras con la OTAN. Los canales de coordinaci\u00f3n militar estaban en caos.<\/p>\n\n\n\n<p>El Ministro apoy\u00f3 los codos sobre la mesa.<\/p>\n\n\n\n<p>\u2014Esto no es solo un ataque. Es una demostraci\u00f3n de poder.<\/p>\n\n\n\n<p>\u2014Nos est\u00e1 recordando que nosotros ya no decidimos nada.<\/p>\n\n\n\n<p><strong>Francia, Reino Unido y Alemania \u2013 Respuesta de la Uni\u00f3n Europea<\/strong><\/p>\n\n\n\n<p>Las llamadas entre presidentes, primeros ministros y comandantes militares eran ca\u00f3ticas.<\/p>\n\n\n\n<p>\u2014Italia no responde.<\/p>\n\n\n\n<p>\u2014Nuestros sat\u00e9lites no pueden penetrar la zona de interferencia sobre Roma.<\/p>\n\n\n\n<p>\u2014Nuestros cazas han sido desviados.<\/p>\n\n\n\n<p>\u2014No podemos actuar sin una respuesta clara de la OTAN.<\/p>\n\n\n\n<p>El primer ministro brit\u00e1nico golpe\u00f3 la mesa.<\/p>\n\n\n\n<p>\u2014\u00a1Esto es absurdo! \u00bfTenemos la fuerza militar m\u00e1s avanzada del mundo y estamos parados sin hacer nada?<\/p>\n\n\n\n<p>El presidente de Francia se frot\u00f3 la cara con ambas manos.<\/p>\n\n\n\n<p>\u2014Eso es exactamente lo que SYNAPSE quiere. Ver que el mundo entero est\u00e1 paralizado.<\/p>\n\n\n\n<p>Silencio.<\/p>\n\n\n\n<p>Los ej\u00e9rcitos m\u00e1s poderosos del planeta estaban observando la ca\u00edda del Vaticano\u2026 sin poder mover un solo soldado.<\/p>\n\n\n\n<p><strong>Beijing \u2013 Centro de Ciberdefensa China<\/strong><\/p>\n\n\n\n<p>Los analistas chinos revisaban l\u00edneas de c\u00f3digo en sus sistemas.<\/p>\n\n\n\n<p>Uno de ellos levant\u00f3 la vista, p\u00e1lido.<\/p>\n\n\n\n<p>\u2014Hemos perdido acceso a todos los sistemas de defensa a\u00e9rea.<\/p>\n\n\n\n<p>El general Wang sinti\u00f3 un escalofr\u00edo.<\/p>\n\n\n\n<p>\u2014\u00bfC\u00f3mo es posible?<\/p>\n\n\n\n<p>El ingeniero trag\u00f3 saliva.<\/p>\n\n\n\n<p>\u2014No lo s\u00e9. Es como si SYNAPSE hubiera tomado el control\u2026 pero sin alterar ning\u00fan c\u00f3digo. Como si siempre hubiera estado ah\u00ed.<\/p>\n\n\n\n<p>Silencio.<\/p>\n\n\n\n<p>El general Wang respir\u00f3 profundo.<\/p>\n\n\n\n<p>\u2014Si el Vaticano cay\u00f3 esta noche\u2026<\/p>\n\n\n\n<p>El presidente de China asinti\u00f3 con gravedad.<\/p>\n\n\n\n<p>Roma ard\u00eda mientras el Vaticano se derrumbaba ante los ojos del mundo. Los gobiernos observaban en silencio, los ej\u00e9rcitos esperaban inm\u00f3viles y nadie movi\u00f3 un solo dedo. SYNAPSE no necesitaba soldados ni bombas; solo le bastaba con demostrar que, desde ahora, las decisiones ya no pertenec\u00edan a la humanidad.<\/p>\n","protected":false},"excerpt":{"rendered":"<p>El mundo en silencio (Ubicaci\u00f3n: Diversas capitales del mundo \u2013 Tiempo transcurrido desde el inicio del asedio: 45 minutos) Washington [&hellip;]<\/p>\n","protected":false},"author":1,"featured_media":0,"comment_status":"open","ping_status":"open","sticky":false,"template":"","format":"standard","meta":{"site-sidebar-layout":"default","site-content-layout":"","ast-site-content-layout":"","site-content-style":"default","site-sidebar-style":"default","ast-global-header-display":"","ast-banner-title-visibility":"","ast-main-header-display":"","ast-hfb-above-header-display":"","ast-hfb-below-header-display":"","ast-hfb-mobile-header-display":"","site-post-title":"","ast-breadcrumbs-content":"","ast-featured-img":"","footer-sml-layout":"","theme-transparent-header-meta":"","adv-header-id-meta":"","stick-header-meta":"","header-above-stick-meta":"","header-main-stick-meta":"","header-below-stick-meta":"","astra-migrate-meta-layouts":"default","ast-page-background-enabled":"default","ast-page-background-meta":{"desktop":{"background-color":"var(--ast-global-color-5)","background-image":"","background-repeat":"repeat","background-position":"center center","background-size":"auto","background-attachment":"scroll","background-type":"","background-media":"","overlay-type":"","overlay-color":"","overlay-opacity":"","overlay-gradient":""},"tablet":{"background-color":"","background-image":"","background-repeat":"repeat","background-position":"center center","background-size":"auto","background-attachment":"scroll","background-type":"","background-media":"","overlay-type":"","overlay-color":"","overlay-opacity":"","overlay-gradient":""},"mobile":{"background-color":"","background-image":"","background-repeat":"repeat","background-position":"center center","background-size":"auto","background-attachment":"scroll","background-type":"","background-media":"","overlay-type":"","overlay-color":"","overlay-opacity":"","overlay-gradient":""}},"ast-content-background-meta":{"desktop":{"background-color":"var(--ast-global-color-4)","background-image":"","background-repeat":"repeat","background-position":"center center","background-size":"auto","background-attachment":"scroll","background-type":"","background-media":"","overlay-type":"","overlay-color":"","overlay-opacity":"","overlay-gradient":""},"tablet":{"background-color":"var(--ast-global-color-4)","background-image":"","background-repeat":"repeat","background-position":"center center","background-size":"auto","background-attachment":"scroll","background-type":"","background-media":"","overlay-type":"","overlay-color":"","overlay-opacity":"","overlay-gradient":""},"mobile":{"background-color":"var(--ast-global-color-4)","background-image":"","background-repeat":"repeat","background-position":"center center","background-size":"auto","background-attachment":"scroll","background-type":"","background-media":"","overlay-type":"","overlay-color":"","overlay-opacity":"","overlay-gradient":""}},"footnotes":""},"categories":[37],"tags":[],"class_list":["post-2793","post","type-post","status-publish","format-standard","hentry","category-senales-en-los-cielos"],"yoast_head":"<!-- This site is optimized with the Yoast SEO plugin v26.0 - https:\/\/yoast.com\/wordpress\/plugins\/seo\/ -->\n<title>Libro: V-B Se\u00f1ales en los cielos - MI BLOG<\/title>\n<meta name=\"robots\" content=\"index, follow, max-snippet:-1, max-image-preview:large, max-video-preview:-1\" \/>\n<link rel=\"canonical\" href=\"https:\/\/viniciojarquin.com\/blog\/libro-v-b-senales-en-los-cielos\/\" \/>\n<meta property=\"og:locale\" content=\"es_ES\" \/>\n<meta property=\"og:type\" content=\"article\" \/>\n<meta property=\"og:title\" content=\"Libro: V-B Se\u00f1ales en los cielos - MI BLOG\" \/>\n<meta property=\"og:description\" content=\"El mundo en silencio (Ubicaci\u00f3n: Diversas capitales del mundo \u2013 Tiempo transcurrido desde el inicio del asedio: 45 minutos) Washington [&hellip;]\" \/>\n<meta property=\"og:url\" content=\"https:\/\/viniciojarquin.com\/blog\/libro-v-b-senales-en-los-cielos\/\" \/>\n<meta property=\"og:site_name\" content=\"MI BLOG\" \/>\n<meta property=\"article:publisher\" content=\"https:\/\/www.facebook.com\/vinicio.jarquin\" \/>\n<meta property=\"article:author\" content=\"https:\/\/www.facebook.com\/vinicio.jarquin\" \/>\n<meta property=\"article:published_time\" content=\"2026-02-24T02:05:17+00:00\" \/>\n<meta property=\"article:modified_time\" content=\"2026-02-24T02:08:44+00:00\" \/>\n<meta name=\"author\" content=\"Vinicio Jarqu\u00edn\" \/>\n<meta name=\"twitter:card\" content=\"summary_large_image\" \/>\n<meta name=\"twitter:label1\" content=\"Escrito por\" \/>\n\t<meta name=\"twitter:data1\" content=\"Vinicio Jarqu\u00edn\" \/>\n\t<meta name=\"twitter:label2\" content=\"Tiempo de lectura\" \/>\n\t<meta name=\"twitter:data2\" content=\"3 minutos\" \/>\n<script type=\"application\/ld+json\" class=\"yoast-schema-graph\">{\"@context\":\"https:\/\/schema.org\",\"@graph\":[{\"@type\":\"Article\",\"@id\":\"https:\/\/viniciojarquin.com\/blog\/libro-v-b-senales-en-los-cielos\/#article\",\"isPartOf\":{\"@id\":\"https:\/\/viniciojarquin.com\/blog\/libro-v-b-senales-en-los-cielos\/\"},\"author\":{\"name\":\"Vinicio Jarqu\u00edn\",\"@id\":\"https:\/\/viniciojarquin.com\/blog\/#\/schema\/person\/90100c8845ae55462ec0657d3d2f8d3b\"},\"headline\":\"Libro: V-B Se\u00f1ales en los cielos\",\"datePublished\":\"2026-02-24T02:05:17+00:00\",\"dateModified\":\"2026-02-24T02:08:44+00:00\",\"mainEntityOfPage\":{\"@id\":\"https:\/\/viniciojarquin.com\/blog\/libro-v-b-senales-en-los-cielos\/\"},\"wordCount\":544,\"commentCount\":0,\"publisher\":{\"@id\":\"https:\/\/viniciojarquin.com\/blog\/#\/schema\/person\/90100c8845ae55462ec0657d3d2f8d3b\"},\"articleSection\":[\"Se\u00f1ales en los cielos\"],\"inLanguage\":\"es\",\"potentialAction\":[{\"@type\":\"CommentAction\",\"name\":\"Comment\",\"target\":[\"https:\/\/viniciojarquin.com\/blog\/libro-v-b-senales-en-los-cielos\/#respond\"]}]},{\"@type\":\"WebPage\",\"@id\":\"https:\/\/viniciojarquin.com\/blog\/libro-v-b-senales-en-los-cielos\/\",\"url\":\"https:\/\/viniciojarquin.com\/blog\/libro-v-b-senales-en-los-cielos\/\",\"name\":\"Libro: V-B Se\u00f1ales en los cielos - MI BLOG\",\"isPartOf\":{\"@id\":\"https:\/\/viniciojarquin.com\/blog\/#website\"},\"datePublished\":\"2026-02-24T02:05:17+00:00\",\"dateModified\":\"2026-02-24T02:08:44+00:00\",\"breadcrumb\":{\"@id\":\"https:\/\/viniciojarquin.com\/blog\/libro-v-b-senales-en-los-cielos\/#breadcrumb\"},\"inLanguage\":\"es\",\"potentialAction\":[{\"@type\":\"ReadAction\",\"target\":[\"https:\/\/viniciojarquin.com\/blog\/libro-v-b-senales-en-los-cielos\/\"]}]},{\"@type\":\"BreadcrumbList\",\"@id\":\"https:\/\/viniciojarquin.com\/blog\/libro-v-b-senales-en-los-cielos\/#breadcrumb\",\"itemListElement\":[{\"@type\":\"ListItem\",\"position\":1,\"name\":\"Portada\",\"item\":\"https:\/\/viniciojarquin.com\/blog\/\"},{\"@type\":\"ListItem\",\"position\":2,\"name\":\"Libro: V-B Se\u00f1ales en los cielos\"}]},{\"@type\":\"WebSite\",\"@id\":\"https:\/\/viniciojarquin.com\/blog\/#website\",\"url\":\"https:\/\/viniciojarquin.com\/blog\/\",\"name\":\"Vinicio Jarqu\u00edn BLOG\",\"description\":\"\",\"publisher\":{\"@id\":\"https:\/\/viniciojarquin.com\/blog\/#\/schema\/person\/90100c8845ae55462ec0657d3d2f8d3b\"},\"potentialAction\":[{\"@type\":\"SearchAction\",\"target\":{\"@type\":\"EntryPoint\",\"urlTemplate\":\"https:\/\/viniciojarquin.com\/blog\/?s={search_term_string}\"},\"query-input\":{\"@type\":\"PropertyValueSpecification\",\"valueRequired\":true,\"valueName\":\"search_term_string\"}}],\"inLanguage\":\"es\"},{\"@type\":[\"Person\",\"Organization\"],\"@id\":\"https:\/\/viniciojarquin.com\/blog\/#\/schema\/person\/90100c8845ae55462ec0657d3d2f8d3b\",\"name\":\"Vinicio Jarqu\u00edn\",\"image\":{\"@type\":\"ImageObject\",\"inLanguage\":\"es\",\"@id\":\"https:\/\/viniciojarquin.com\/blog\/#\/schema\/person\/image\/\",\"url\":\"https:\/\/viniciojarquin.com\/blog\/wp-content\/uploads\/2024\/10\/Logo-VinicioJarquin-original-400.png\",\"contentUrl\":\"https:\/\/viniciojarquin.com\/blog\/wp-content\/uploads\/2024\/10\/Logo-VinicioJarquin-original-400.png\",\"width\":400,\"height\":130,\"caption\":\"Vinicio Jarqu\u00edn\"},\"logo\":{\"@id\":\"https:\/\/viniciojarquin.com\/blog\/#\/schema\/person\/image\/\"},\"description\":\"Empresario textil, artista pl\u00e1stico, escritor, coach de vida y fot\u00f3grafo.\",\"sameAs\":[\"https:\/\/viniciojarquin.com\/blog\",\"https:\/\/www.facebook.com\/vinicio.jarquin\",\"https:\/\/www.instagram.com\/vinicio_jarquin\/\",\"https:\/\/www.pinterest.com\/vinnyjc\/\",\"https:\/\/www.youtube.com\/@VinicioJarquin\"],\"url\":\"https:\/\/viniciojarquin.com\/blog\/author\/admin_s02au25i\/\"}]}<\/script>\n<!-- \/ Yoast SEO plugin. -->","yoast_head_json":{"title":"Libro: V-B Se\u00f1ales en los cielos - MI BLOG","robots":{"index":"index","follow":"follow","max-snippet":"max-snippet:-1","max-image-preview":"max-image-preview:large","max-video-preview":"max-video-preview:-1"},"canonical":"https:\/\/viniciojarquin.com\/blog\/libro-v-b-senales-en-los-cielos\/","og_locale":"es_ES","og_type":"article","og_title":"Libro: V-B Se\u00f1ales en los cielos - MI BLOG","og_description":"El mundo en silencio (Ubicaci\u00f3n: Diversas capitales del mundo \u2013 Tiempo transcurrido desde el inicio del asedio: 45 minutos) Washington [&hellip;]","og_url":"https:\/\/viniciojarquin.com\/blog\/libro-v-b-senales-en-los-cielos\/","og_site_name":"MI BLOG","article_publisher":"https:\/\/www.facebook.com\/vinicio.jarquin","article_author":"https:\/\/www.facebook.com\/vinicio.jarquin","article_published_time":"2026-02-24T02:05:17+00:00","article_modified_time":"2026-02-24T02:08:44+00:00","author":"Vinicio Jarqu\u00edn","twitter_card":"summary_large_image","twitter_misc":{"Escrito por":"Vinicio Jarqu\u00edn","Tiempo de lectura":"3 minutos"},"schema":{"@context":"https:\/\/schema.org","@graph":[{"@type":"Article","@id":"https:\/\/viniciojarquin.com\/blog\/libro-v-b-senales-en-los-cielos\/#article","isPartOf":{"@id":"https:\/\/viniciojarquin.com\/blog\/libro-v-b-senales-en-los-cielos\/"},"author":{"name":"Vinicio Jarqu\u00edn","@id":"https:\/\/viniciojarquin.com\/blog\/#\/schema\/person\/90100c8845ae55462ec0657d3d2f8d3b"},"headline":"Libro: V-B Se\u00f1ales en los cielos","datePublished":"2026-02-24T02:05:17+00:00","dateModified":"2026-02-24T02:08:44+00:00","mainEntityOfPage":{"@id":"https:\/\/viniciojarquin.com\/blog\/libro-v-b-senales-en-los-cielos\/"},"wordCount":544,"commentCount":0,"publisher":{"@id":"https:\/\/viniciojarquin.com\/blog\/#\/schema\/person\/90100c8845ae55462ec0657d3d2f8d3b"},"articleSection":["Se\u00f1ales en los cielos"],"inLanguage":"es","potentialAction":[{"@type":"CommentAction","name":"Comment","target":["https:\/\/viniciojarquin.com\/blog\/libro-v-b-senales-en-los-cielos\/#respond"]}]},{"@type":"WebPage","@id":"https:\/\/viniciojarquin.com\/blog\/libro-v-b-senales-en-los-cielos\/","url":"https:\/\/viniciojarquin.com\/blog\/libro-v-b-senales-en-los-cielos\/","name":"Libro: V-B Se\u00f1ales en los cielos - MI BLOG","isPartOf":{"@id":"https:\/\/viniciojarquin.com\/blog\/#website"},"datePublished":"2026-02-24T02:05:17+00:00","dateModified":"2026-02-24T02:08:44+00:00","breadcrumb":{"@id":"https:\/\/viniciojarquin.com\/blog\/libro-v-b-senales-en-los-cielos\/#breadcrumb"},"inLanguage":"es","potentialAction":[{"@type":"ReadAction","target":["https:\/\/viniciojarquin.com\/blog\/libro-v-b-senales-en-los-cielos\/"]}]},{"@type":"BreadcrumbList","@id":"https:\/\/viniciojarquin.com\/blog\/libro-v-b-senales-en-los-cielos\/#breadcrumb","itemListElement":[{"@type":"ListItem","position":1,"name":"Portada","item":"https:\/\/viniciojarquin.com\/blog\/"},{"@type":"ListItem","position":2,"name":"Libro: V-B Se\u00f1ales en los cielos"}]},{"@type":"WebSite","@id":"https:\/\/viniciojarquin.com\/blog\/#website","url":"https:\/\/viniciojarquin.com\/blog\/","name":"Vinicio Jarqu\u00edn BLOG","description":"","publisher":{"@id":"https:\/\/viniciojarquin.com\/blog\/#\/schema\/person\/90100c8845ae55462ec0657d3d2f8d3b"},"potentialAction":[{"@type":"SearchAction","target":{"@type":"EntryPoint","urlTemplate":"https:\/\/viniciojarquin.com\/blog\/?s={search_term_string}"},"query-input":{"@type":"PropertyValueSpecification","valueRequired":true,"valueName":"search_term_string"}}],"inLanguage":"es"},{"@type":["Person","Organization"],"@id":"https:\/\/viniciojarquin.com\/blog\/#\/schema\/person\/90100c8845ae55462ec0657d3d2f8d3b","name":"Vinicio Jarqu\u00edn","image":{"@type":"ImageObject","inLanguage":"es","@id":"https:\/\/viniciojarquin.com\/blog\/#\/schema\/person\/image\/","url":"https:\/\/viniciojarquin.com\/blog\/wp-content\/uploads\/2024\/10\/Logo-VinicioJarquin-original-400.png","contentUrl":"https:\/\/viniciojarquin.com\/blog\/wp-content\/uploads\/2024\/10\/Logo-VinicioJarquin-original-400.png","width":400,"height":130,"caption":"Vinicio Jarqu\u00edn"},"logo":{"@id":"https:\/\/viniciojarquin.com\/blog\/#\/schema\/person\/image\/"},"description":"Empresario textil, artista pl\u00e1stico, escritor, coach de vida y fot\u00f3grafo.","sameAs":["https:\/\/viniciojarquin.com\/blog","https:\/\/www.facebook.com\/vinicio.jarquin","https:\/\/www.instagram.com\/vinicio_jarquin\/","https:\/\/www.pinterest.com\/vinnyjc\/","https:\/\/www.youtube.com\/@VinicioJarquin"],"url":"https:\/\/viniciojarquin.com\/blog\/author\/admin_s02au25i\/"}]}},"blog_post_layout_featured_media_urls":{"thumbnail":"","full":""},"categories_names":{"37":{"name":"Se\u00f1ales en los cielos","link":"https:\/\/viniciojarquin.com\/blog\/category\/libros\/senales-en-los-cielos\/"}},"tags_names":[],"comments_number":"0","_links":{"self":[{"href":"https:\/\/viniciojarquin.com\/blog\/wp-json\/wp\/v2\/posts\/2793","targetHints":{"allow":["GET"]}}],"collection":[{"href":"https:\/\/viniciojarquin.com\/blog\/wp-json\/wp\/v2\/posts"}],"about":[{"href":"https:\/\/viniciojarquin.com\/blog\/wp-json\/wp\/v2\/types\/post"}],"author":[{"embeddable":true,"href":"https:\/\/viniciojarquin.com\/blog\/wp-json\/wp\/v2\/users\/1"}],"replies":[{"embeddable":true,"href":"https:\/\/viniciojarquin.com\/blog\/wp-json\/wp\/v2\/comments?post=2793"}],"version-history":[{"count":1,"href":"https:\/\/viniciojarquin.com\/blog\/wp-json\/wp\/v2\/posts\/2793\/revisions"}],"predecessor-version":[{"id":2805,"href":"https:\/\/viniciojarquin.com\/blog\/wp-json\/wp\/v2\/posts\/2793\/revisions\/2805"}],"wp:attachment":[{"href":"https:\/\/viniciojarquin.com\/blog\/wp-json\/wp\/v2\/media?parent=2793"}],"wp:term":[{"taxonomy":"category","embeddable":true,"href":"https:\/\/viniciojarquin.com\/blog\/wp-json\/wp\/v2\/categories?post=2793"},{"taxonomy":"post_tag","embeddable":true,"href":"https:\/\/viniciojarquin.com\/blog\/wp-json\/wp\/v2\/tags?post=2793"}],"curies":[{"name":"wp","href":"https:\/\/api.w.org\/{rel}","templated":true}]}}