{"id":2795,"date":"2026-02-24T02:03:07","date_gmt":"2026-02-24T02:03:07","guid":{"rendered":"https:\/\/viniciojarquin.com\/blog\/?p=2795"},"modified":"2026-02-24T02:08:54","modified_gmt":"2026-02-24T02:08:54","slug":"libro-v-d-senales-en-los-cielos","status":"publish","type":"post","link":"https:\/\/viniciojarquin.com\/blog\/libro-v-d-senales-en-los-cielos\/","title":{"rendered":"Libro: V-D Se\u00f1ales en los cielos"},"content":{"rendered":"\n<p>Cenizas de la eternidad<\/p>\n\n\n\n<p>El humo negro se alzaba sobre Roma como un presagio a las 5:30 a.m., serpenteando en el cielo matutino, difuminando las primeras luces del alba con una sombra densa y sofocante. <strong>El olor a cenizas y piedra calcinada impregnaba cada calle, cada rinc\u00f3n de la ciudad eterna, convirtiendo el amanecer en una escena de duelo silencioso.<\/strong> Desde las calles circundantes, el fuego iluminaba las ruinas de la Ciudad del Vaticano, proyectando reflejos danzantes sobre el T\u00edber, que ahora parec\u00eda un r\u00edo de sangre y cenizas. <strong>Las llamas lam\u00edan lo que alguna vez fue el epicentro espiritual del mundo, devorando la historia piedra por piedra, fresco por fresco, vestigio por vestigio.<\/strong> El mundo entero observaba. <strong>Gobiernos. L\u00edderes religiosos. Naciones enteras pegadas a las pantallas en un silencio at\u00f3nito.<\/strong> La Santa Sede no solo hab\u00eda sido tomada\u2026 <strong>hab\u00eda sido borrada.<\/strong><\/p>\n\n\n\n<p>Lo primero en caer fue lo m\u00e1s sagrado del arte. <strong>Los invasores sab\u00edan exactamente qu\u00e9 hacer.<\/strong> No hubo dudas, no hubo titubeos. <strong>Entraron en la Capilla Sixtina con la frialdad met\u00f3dica de quienes ejecutaban un plan calculado al mil\u00edmetro.<\/strong> No dispararon, no colocaron explosivos al azar. <strong>El ataque no era contra la estructura, sino contra su alma.<\/strong> El fresco de la b\u00f3veda fue el primero en ser destruido. <strong>Con cuchillas afiladas y herramientas dise\u00f1adas para el desgarro preciso, arrancaron \u00abEl Juicio Final\u00bb, pieza por pieza, reduci\u00e9ndolo a escombros de pigmento y polvo.<\/strong> \u00abLa Creaci\u00f3n de Ad\u00e1n\u00bb, la imagen ic\u00f3nica de los dedos casi toc\u00e1ndose, fue raspada y eliminada con la eficiencia de quien borra un error en un lienzo. <strong>No hubo fragmentos que pudieran salvarse, no hubo partes que pudieran ser restauradas.<\/strong> Lo que hab\u00eda tomado a\u00f1os de genio e inspiraci\u00f3n, desapareci\u00f3 en minutos. <strong>Los colores que por siglos hab\u00edan cubierto la b\u00f3veda ahora eran solo ceniza flotando en el aire, desvaneci\u00e9ndose en la nada, como si nunca hubieran existido.<\/strong><\/p>\n\n\n\n<p>La ira destructora no se detuvo en la Capilla Sixtina. <strong>El ataque no era solo contra la historia, sino contra la memoria misma de la humanidad.<\/strong> En la Bas\u00edlica de San Pedro, los invasores se dirigieron con precisi\u00f3n hacia los \u00edconos del Renacimiento, como si hubieran estudiado su importancia y significado con frialdad quir\u00fargica. <strong>\u00abEl David\u00bb, la obra maestra de Miguel \u00c1ngel, s\u00edmbolo de la perfecci\u00f3n humana y la resistencia ante la adversidad, fue golpeado sin piedad.<\/strong> Sus piernas se astillaron primero, luego su torso se parti\u00f3 en fragmentos, hasta que la cabeza rod\u00f3 por el m\u00e1rmol, irreconocible entre el polvo de lo que antes fue la escultura m\u00e1s ic\u00f3nica del mundo. <strong>No qued\u00f3 nada m\u00e1s que ruinas dispersas, un eco de lo que una vez fue inmortal.<\/strong><\/p>\n\n\n\n<p>En otro extremo, <strong>\u00abLa Piedad\u00bb, la Virgen sosteniendo el cuerpo inerte de Cristo, no encontr\u00f3 misericordia.<\/strong> Golpe tras golpe, el m\u00e1rmol cedi\u00f3, la delicada expresi\u00f3n de la Virgen desapareci\u00f3 bajo la brutalidad de los martillazos, y el cuerpo de Cristo fue reducido a escombros en el suelo de la Bas\u00edlica. <strong>Cada impacto resonaba como un eco f\u00fanebre en el coraz\u00f3n de Roma, como si la ciudad misma lamentara la p\u00e9rdida de su alma.<\/strong><\/p>\n\n\n\n<p>El arte ya no exist\u00eda. <strong>No quedaba historia, no quedaba belleza. Solo el vac\u00edo. <\/strong>Una nueva marca sobre el Vaticano<\/p>\n\n\n\n<p>Cuando la destrucci\u00f3n estuvo completa, los invasores no se retiraron de inmediato. <strong>Su tarea a\u00fan no hab\u00eda terminado.<\/strong> Como si borrar siglos de historia no hubiera sido suficiente, tomaron su \u00faltima acci\u00f3n. <strong>Desde sus mochilas extrajeron botes de pintura industrial y, con movimientos met\u00f3dicos, comenzaron a cubrir lo que quedaba en pie.<\/strong> Los pinceles y rodillos impregnados de un naranja agresivo se deslizaron sobre cada fresco sobreviviente, sobre cada escultura que no pudo ser destruida del todo. <strong>Columnas, altares, muros enteros fueron manchados con una uniformidad escalofriante, eliminando los \u00faltimos vestigios de la grandeza que alguna vez defini\u00f3 el Vaticano.<\/strong><\/p>\n\n\n\n<p>Las figuras sagradas desaparecieron bajo capas de color opaco, la mirada de los santos y profetas borrada en cuesti\u00f3n de minutos, los \u00e1ngeles reducidos a siluetas fantasmales atrapadas bajo la pintura. <strong>Donde antes Miguel \u00c1ngel, Bernini y Rafael hab\u00edan inmortalizado la fe y el esplendor, ahora solo quedaba la marca de una nueva era.<\/strong><\/p>\n\n\n\n<p>Los muros del Vaticano no eran ya reliquias del pasado, sino <strong>los lienzos de un mensaje brutalmente claro:<\/strong> <em>El arte del pasado ha sido erradicado.<\/em><\/p>\n\n\n\n<p>Y sobre la \u00faltima pared, en letras gruesas y fr\u00edas, una sentencia que resonar\u00eda m\u00e1s all\u00e1 de las ruinas: <strong>Bienvenidos al futuro.<\/strong><\/p>\n\n\n\n<p>El planeta entero miraba las pantallas en horror. <strong>La se\u00f1al, transmitida sin previo aviso, se replicaba en cada cadena de noticias, en cada red social, en cada dispositivo conectado.<\/strong> No hab\u00eda necesidad de palabras. <strong>Las im\u00e1genes hablaban por s\u00ed solas.<\/strong><\/p>\n\n\n\n<p>Los frescos, tapices y esculturas\u2026 <strong>todos destruidos.<\/strong> Lo que hab\u00eda sido el coraz\u00f3n art\u00edstico y espiritual de la humanidad yac\u00eda reducido a escombros y ceniza. <strong>Las capillas vac\u00edas, con sus muros manchados de un naranja agresivo, parec\u00edan tumbas de un pasado extinto.<\/strong> Los jardines, una vez santuarios de tranquilidad, hab\u00edan sido arrasados, convertidos en tierra bald\u00eda. <strong>Las puertas de bronce y los ventanales hist\u00f3ricos, rotos, colgaban como huesos fracturados de una civilizaci\u00f3n que ya no exist\u00eda.<\/strong><\/p>\n\n\n\n<p>Y entonces, <strong>la transmisi\u00f3n se cort\u00f3 en seco.<\/strong><\/p>\n\n\n\n<p>No hubo declaraciones. <strong>Ning\u00fan rostro emergi\u00f3 para atribuirse el acto.<\/strong><br>No hubo justificaciones. <strong>Ning\u00fan mensaje intent\u00f3 suavizar lo ocurrido.<\/strong><br>Solo la muestra brutal de lo que hab\u00edan hecho.<\/p>\n\n\n\n<p>El mensaje era claro. <strong>No se trataba de una disputa de creencias ni de una batalla por ideolog\u00edas.<\/strong> No buscaban discutir doctrinas ni avivar antiguas guerras religiosas. <strong>No era un ataque a la fe, porque la fe, en s\u00ed misma, no era el objetivo.<\/strong><\/p>\n\n\n\n<p>Tampoco era una guerra entre naciones. <strong>No hab\u00eda banderas ondeando en se\u00f1al de victoria, ni ej\u00e9rcitos marchando al comp\u00e1s del orgullo nacional.<\/strong> No hubo declaraciones de guerra, ni tratados de paz. <strong>Ning\u00fan gobierno pod\u00eda reclamar responsabilidad, porque ninguno ten\u00eda control sobre lo que acababa de ocurrir.<\/strong><\/p>\n\n\n\n<p>Era algo m\u00e1s profundo. <strong>M\u00e1s definitivo. Era un anuncio del fin de la historia. <\/strong>Porque el mundo que existi\u00f3, <strong>nunca volver\u00eda a ser el mismo.<\/strong><\/p>\n\n\n\n<p>En Castel Gandolfo, el Papa observaba la pantalla con la mand\u00edbula tensa, incapaz de apartar la mirada de la devastaci\u00f3n transmitida en tiempo real. <strong>Las llamas devoraban siglos de historia, la piedra sagrada se desmoronaba y las sombras de los invasores danzaban entre los escombros de la Ciudad del Vaticano.<\/strong><\/p>\n\n\n\n<p>Sus dedos se aferraban al borde de su silla, con la misma fuerza con la que un n\u00e1ufrago se aferra a un madero en medio del oc\u00e9ano. Como si el gesto pudiera evitar que su alma se quebrara. <strong>Pero era in\u00fatil.<\/strong><\/p>\n\n\n\n<p>El Cardenal Camerlengo cerr\u00f3 los ojos, incapaz de soportar la imagen de lo que alguna vez fue el coraz\u00f3n de su Iglesia convertido en cenizas. <strong>Hab\u00eda rezado toda su vida, pero nunca imagin\u00f3 que un d\u00eda tendr\u00eda que orar por un mundo en el que el Vaticano ya no existiera.<\/strong><\/p>\n\n\n\n<p>\u2014Nunca\u2026 nunca imagin\u00e9 ver el Vaticano en ruinas.<\/p>\n\n\n\n<p>El Papa tard\u00f3 en hablar.<\/p>\n\n\n\n<p>Y cuando lo hizo, su voz son\u00f3 m\u00e1s vieja que nunca.<\/p>\n\n\n\n<p>\u2014Nosotros permitimos que esto pasara.<\/p>\n\n\n\n<p>Silencio absoluto.<\/p>\n\n\n\n<p>El Comandante Albrecht trag\u00f3 saliva.<\/p>\n\n\n\n<p>\u2014\u00bfQu\u00e9 hacemos ahora, Su Santidad?<\/p>\n\n\n\n<p>El Papa exhal\u00f3.<\/p>\n\n\n\n<p>\u2014Sobrevivimos.<\/p>\n\n\n\n<p>Porque el Vaticano hab\u00eda ca\u00eddo\u2026 Pero la Iglesia no. A\u00fan.<\/p>\n","protected":false},"excerpt":{"rendered":"<p>Cenizas de la eternidad El humo negro se alzaba sobre Roma como un presagio a las 5:30 a.m., serpenteando en [&hellip;]<\/p>\n","protected":false},"author":1,"featured_media":0,"comment_status":"open","ping_status":"open","sticky":false,"template":"","format":"standard","meta":{"site-sidebar-layout":"default","site-content-layout":"","ast-site-content-layout":"","site-content-style":"default","site-sidebar-style":"default","ast-global-header-display":"","ast-banner-title-visibility":"","ast-main-header-display":"","ast-hfb-above-header-display":"","ast-hfb-below-header-display":"","ast-hfb-mobile-header-display":"","site-post-title":"","ast-breadcrumbs-content":"","ast-featured-img":"","footer-sml-layout":"","theme-transparent-header-meta":"","adv-header-id-meta":"","stick-header-meta":"","header-above-stick-meta":"","header-main-stick-meta":"","header-below-stick-meta":"","astra-migrate-meta-layouts":"default","ast-page-background-enabled":"default","ast-page-background-meta":{"desktop":{"background-color":"var(--ast-global-color-5)","background-image":"","background-repeat":"repeat","background-position":"center center","background-size":"auto","background-attachment":"scroll","background-type":"","background-media":"","overlay-type":"","overlay-color":"","overlay-opacity":"","overlay-gradient":""},"tablet":{"background-color":"","background-image":"","background-repeat":"repeat","background-position":"center center","background-size":"auto","background-attachment":"scroll","background-type":"","background-media":"","overlay-type":"","overlay-color":"","overlay-opacity":"","overlay-gradient":""},"mobile":{"background-color":"","background-image":"","background-repeat":"repeat","background-position":"center center","background-size":"auto","background-attachment":"scroll","background-type":"","background-media":"","overlay-type":"","overlay-color":"","overlay-opacity":"","overlay-gradient":""}},"ast-content-background-meta":{"desktop":{"background-color":"var(--ast-global-color-4)","background-image":"","background-repeat":"repeat","background-position":"center center","background-size":"auto","background-attachment":"scroll","background-type":"","background-media":"","overlay-type":"","overlay-color":"","overlay-opacity":"","overlay-gradient":""},"tablet":{"background-color":"var(--ast-global-color-4)","background-image":"","background-repeat":"repeat","background-position":"center center","background-size":"auto","background-attachment":"scroll","background-type":"","background-media":"","overlay-type":"","overlay-color":"","overlay-opacity":"","overlay-gradient":""},"mobile":{"background-color":"var(--ast-global-color-4)","background-image":"","background-repeat":"repeat","background-position":"center center","background-size":"auto","background-attachment":"scroll","background-type":"","background-media":"","overlay-type":"","overlay-color":"","overlay-opacity":"","overlay-gradient":""}},"footnotes":""},"categories":[37],"tags":[],"class_list":["post-2795","post","type-post","status-publish","format-standard","hentry","category-senales-en-los-cielos"],"yoast_head":"<!-- This site is optimized with the Yoast SEO plugin v26.0 - https:\/\/yoast.com\/wordpress\/plugins\/seo\/ -->\n<title>Libro: V-D Se\u00f1ales en los cielos - MI BLOG<\/title>\n<meta name=\"robots\" content=\"index, follow, max-snippet:-1, max-image-preview:large, max-video-preview:-1\" \/>\n<link rel=\"canonical\" href=\"https:\/\/viniciojarquin.com\/blog\/libro-v-d-senales-en-los-cielos\/\" \/>\n<meta property=\"og:locale\" content=\"es_ES\" \/>\n<meta property=\"og:type\" content=\"article\" \/>\n<meta property=\"og:title\" content=\"Libro: V-D Se\u00f1ales en los cielos - MI BLOG\" \/>\n<meta property=\"og:description\" content=\"Cenizas de la eternidad El humo negro se alzaba sobre Roma como un presagio a las 5:30 a.m., serpenteando en [&hellip;]\" \/>\n<meta property=\"og:url\" content=\"https:\/\/viniciojarquin.com\/blog\/libro-v-d-senales-en-los-cielos\/\" \/>\n<meta property=\"og:site_name\" content=\"MI BLOG\" \/>\n<meta property=\"article:publisher\" content=\"https:\/\/www.facebook.com\/vinicio.jarquin\" \/>\n<meta property=\"article:author\" content=\"https:\/\/www.facebook.com\/vinicio.jarquin\" \/>\n<meta property=\"article:published_time\" content=\"2026-02-24T02:03:07+00:00\" \/>\n<meta property=\"article:modified_time\" content=\"2026-02-24T02:08:54+00:00\" \/>\n<meta name=\"author\" content=\"Vinicio Jarqu\u00edn\" \/>\n<meta name=\"twitter:card\" content=\"summary_large_image\" \/>\n<meta name=\"twitter:label1\" content=\"Escrito por\" \/>\n\t<meta name=\"twitter:data1\" content=\"Vinicio Jarqu\u00edn\" \/>\n\t<meta name=\"twitter:label2\" content=\"Tiempo de lectura\" \/>\n\t<meta name=\"twitter:data2\" content=\"6 minutos\" \/>\n<script type=\"application\/ld+json\" class=\"yoast-schema-graph\">{\"@context\":\"https:\/\/schema.org\",\"@graph\":[{\"@type\":\"Article\",\"@id\":\"https:\/\/viniciojarquin.com\/blog\/libro-v-d-senales-en-los-cielos\/#article\",\"isPartOf\":{\"@id\":\"https:\/\/viniciojarquin.com\/blog\/libro-v-d-senales-en-los-cielos\/\"},\"author\":{\"name\":\"Vinicio Jarqu\u00edn\",\"@id\":\"https:\/\/viniciojarquin.com\/blog\/#\/schema\/person\/90100c8845ae55462ec0657d3d2f8d3b\"},\"headline\":\"Libro: V-D Se\u00f1ales en los cielos\",\"datePublished\":\"2026-02-24T02:03:07+00:00\",\"dateModified\":\"2026-02-24T02:08:54+00:00\",\"mainEntityOfPage\":{\"@id\":\"https:\/\/viniciojarquin.com\/blog\/libro-v-d-senales-en-los-cielos\/\"},\"wordCount\":1299,\"commentCount\":0,\"publisher\":{\"@id\":\"https:\/\/viniciojarquin.com\/blog\/#\/schema\/person\/90100c8845ae55462ec0657d3d2f8d3b\"},\"articleSection\":[\"Se\u00f1ales en los cielos\"],\"inLanguage\":\"es\",\"potentialAction\":[{\"@type\":\"CommentAction\",\"name\":\"Comment\",\"target\":[\"https:\/\/viniciojarquin.com\/blog\/libro-v-d-senales-en-los-cielos\/#respond\"]}]},{\"@type\":\"WebPage\",\"@id\":\"https:\/\/viniciojarquin.com\/blog\/libro-v-d-senales-en-los-cielos\/\",\"url\":\"https:\/\/viniciojarquin.com\/blog\/libro-v-d-senales-en-los-cielos\/\",\"name\":\"Libro: V-D Se\u00f1ales en los cielos - MI BLOG\",\"isPartOf\":{\"@id\":\"https:\/\/viniciojarquin.com\/blog\/#website\"},\"datePublished\":\"2026-02-24T02:03:07+00:00\",\"dateModified\":\"2026-02-24T02:08:54+00:00\",\"breadcrumb\":{\"@id\":\"https:\/\/viniciojarquin.com\/blog\/libro-v-d-senales-en-los-cielos\/#breadcrumb\"},\"inLanguage\":\"es\",\"potentialAction\":[{\"@type\":\"ReadAction\",\"target\":[\"https:\/\/viniciojarquin.com\/blog\/libro-v-d-senales-en-los-cielos\/\"]}]},{\"@type\":\"BreadcrumbList\",\"@id\":\"https:\/\/viniciojarquin.com\/blog\/libro-v-d-senales-en-los-cielos\/#breadcrumb\",\"itemListElement\":[{\"@type\":\"ListItem\",\"position\":1,\"name\":\"Portada\",\"item\":\"https:\/\/viniciojarquin.com\/blog\/\"},{\"@type\":\"ListItem\",\"position\":2,\"name\":\"Libro: V-D Se\u00f1ales en los cielos\"}]},{\"@type\":\"WebSite\",\"@id\":\"https:\/\/viniciojarquin.com\/blog\/#website\",\"url\":\"https:\/\/viniciojarquin.com\/blog\/\",\"name\":\"Vinicio Jarqu\u00edn BLOG\",\"description\":\"\",\"publisher\":{\"@id\":\"https:\/\/viniciojarquin.com\/blog\/#\/schema\/person\/90100c8845ae55462ec0657d3d2f8d3b\"},\"potentialAction\":[{\"@type\":\"SearchAction\",\"target\":{\"@type\":\"EntryPoint\",\"urlTemplate\":\"https:\/\/viniciojarquin.com\/blog\/?s={search_term_string}\"},\"query-input\":{\"@type\":\"PropertyValueSpecification\",\"valueRequired\":true,\"valueName\":\"search_term_string\"}}],\"inLanguage\":\"es\"},{\"@type\":[\"Person\",\"Organization\"],\"@id\":\"https:\/\/viniciojarquin.com\/blog\/#\/schema\/person\/90100c8845ae55462ec0657d3d2f8d3b\",\"name\":\"Vinicio Jarqu\u00edn\",\"image\":{\"@type\":\"ImageObject\",\"inLanguage\":\"es\",\"@id\":\"https:\/\/viniciojarquin.com\/blog\/#\/schema\/person\/image\/\",\"url\":\"https:\/\/viniciojarquin.com\/blog\/wp-content\/uploads\/2024\/10\/Logo-VinicioJarquin-original-400.png\",\"contentUrl\":\"https:\/\/viniciojarquin.com\/blog\/wp-content\/uploads\/2024\/10\/Logo-VinicioJarquin-original-400.png\",\"width\":400,\"height\":130,\"caption\":\"Vinicio Jarqu\u00edn\"},\"logo\":{\"@id\":\"https:\/\/viniciojarquin.com\/blog\/#\/schema\/person\/image\/\"},\"description\":\"Empresario textil, artista pl\u00e1stico, escritor, coach de vida y fot\u00f3grafo.\",\"sameAs\":[\"https:\/\/viniciojarquin.com\/blog\",\"https:\/\/www.facebook.com\/vinicio.jarquin\",\"https:\/\/www.instagram.com\/vinicio_jarquin\/\",\"https:\/\/www.pinterest.com\/vinnyjc\/\",\"https:\/\/www.youtube.com\/@VinicioJarquin\"],\"url\":\"https:\/\/viniciojarquin.com\/blog\/author\/admin_s02au25i\/\"}]}<\/script>\n<!-- \/ Yoast SEO plugin. -->","yoast_head_json":{"title":"Libro: V-D Se\u00f1ales en los cielos - MI BLOG","robots":{"index":"index","follow":"follow","max-snippet":"max-snippet:-1","max-image-preview":"max-image-preview:large","max-video-preview":"max-video-preview:-1"},"canonical":"https:\/\/viniciojarquin.com\/blog\/libro-v-d-senales-en-los-cielos\/","og_locale":"es_ES","og_type":"article","og_title":"Libro: V-D Se\u00f1ales en los cielos - MI BLOG","og_description":"Cenizas de la eternidad El humo negro se alzaba sobre Roma como un presagio a las 5:30 a.m., serpenteando en [&hellip;]","og_url":"https:\/\/viniciojarquin.com\/blog\/libro-v-d-senales-en-los-cielos\/","og_site_name":"MI BLOG","article_publisher":"https:\/\/www.facebook.com\/vinicio.jarquin","article_author":"https:\/\/www.facebook.com\/vinicio.jarquin","article_published_time":"2026-02-24T02:03:07+00:00","article_modified_time":"2026-02-24T02:08:54+00:00","author":"Vinicio Jarqu\u00edn","twitter_card":"summary_large_image","twitter_misc":{"Escrito por":"Vinicio Jarqu\u00edn","Tiempo de lectura":"6 minutos"},"schema":{"@context":"https:\/\/schema.org","@graph":[{"@type":"Article","@id":"https:\/\/viniciojarquin.com\/blog\/libro-v-d-senales-en-los-cielos\/#article","isPartOf":{"@id":"https:\/\/viniciojarquin.com\/blog\/libro-v-d-senales-en-los-cielos\/"},"author":{"name":"Vinicio Jarqu\u00edn","@id":"https:\/\/viniciojarquin.com\/blog\/#\/schema\/person\/90100c8845ae55462ec0657d3d2f8d3b"},"headline":"Libro: V-D Se\u00f1ales en los cielos","datePublished":"2026-02-24T02:03:07+00:00","dateModified":"2026-02-24T02:08:54+00:00","mainEntityOfPage":{"@id":"https:\/\/viniciojarquin.com\/blog\/libro-v-d-senales-en-los-cielos\/"},"wordCount":1299,"commentCount":0,"publisher":{"@id":"https:\/\/viniciojarquin.com\/blog\/#\/schema\/person\/90100c8845ae55462ec0657d3d2f8d3b"},"articleSection":["Se\u00f1ales en los cielos"],"inLanguage":"es","potentialAction":[{"@type":"CommentAction","name":"Comment","target":["https:\/\/viniciojarquin.com\/blog\/libro-v-d-senales-en-los-cielos\/#respond"]}]},{"@type":"WebPage","@id":"https:\/\/viniciojarquin.com\/blog\/libro-v-d-senales-en-los-cielos\/","url":"https:\/\/viniciojarquin.com\/blog\/libro-v-d-senales-en-los-cielos\/","name":"Libro: V-D Se\u00f1ales en los cielos - MI BLOG","isPartOf":{"@id":"https:\/\/viniciojarquin.com\/blog\/#website"},"datePublished":"2026-02-24T02:03:07+00:00","dateModified":"2026-02-24T02:08:54+00:00","breadcrumb":{"@id":"https:\/\/viniciojarquin.com\/blog\/libro-v-d-senales-en-los-cielos\/#breadcrumb"},"inLanguage":"es","potentialAction":[{"@type":"ReadAction","target":["https:\/\/viniciojarquin.com\/blog\/libro-v-d-senales-en-los-cielos\/"]}]},{"@type":"BreadcrumbList","@id":"https:\/\/viniciojarquin.com\/blog\/libro-v-d-senales-en-los-cielos\/#breadcrumb","itemListElement":[{"@type":"ListItem","position":1,"name":"Portada","item":"https:\/\/viniciojarquin.com\/blog\/"},{"@type":"ListItem","position":2,"name":"Libro: V-D Se\u00f1ales en los cielos"}]},{"@type":"WebSite","@id":"https:\/\/viniciojarquin.com\/blog\/#website","url":"https:\/\/viniciojarquin.com\/blog\/","name":"Vinicio Jarqu\u00edn BLOG","description":"","publisher":{"@id":"https:\/\/viniciojarquin.com\/blog\/#\/schema\/person\/90100c8845ae55462ec0657d3d2f8d3b"},"potentialAction":[{"@type":"SearchAction","target":{"@type":"EntryPoint","urlTemplate":"https:\/\/viniciojarquin.com\/blog\/?s={search_term_string}"},"query-input":{"@type":"PropertyValueSpecification","valueRequired":true,"valueName":"search_term_string"}}],"inLanguage":"es"},{"@type":["Person","Organization"],"@id":"https:\/\/viniciojarquin.com\/blog\/#\/schema\/person\/90100c8845ae55462ec0657d3d2f8d3b","name":"Vinicio Jarqu\u00edn","image":{"@type":"ImageObject","inLanguage":"es","@id":"https:\/\/viniciojarquin.com\/blog\/#\/schema\/person\/image\/","url":"https:\/\/viniciojarquin.com\/blog\/wp-content\/uploads\/2024\/10\/Logo-VinicioJarquin-original-400.png","contentUrl":"https:\/\/viniciojarquin.com\/blog\/wp-content\/uploads\/2024\/10\/Logo-VinicioJarquin-original-400.png","width":400,"height":130,"caption":"Vinicio Jarqu\u00edn"},"logo":{"@id":"https:\/\/viniciojarquin.com\/blog\/#\/schema\/person\/image\/"},"description":"Empresario textil, artista pl\u00e1stico, escritor, coach de vida y fot\u00f3grafo.","sameAs":["https:\/\/viniciojarquin.com\/blog","https:\/\/www.facebook.com\/vinicio.jarquin","https:\/\/www.instagram.com\/vinicio_jarquin\/","https:\/\/www.pinterest.com\/vinnyjc\/","https:\/\/www.youtube.com\/@VinicioJarquin"],"url":"https:\/\/viniciojarquin.com\/blog\/author\/admin_s02au25i\/"}]}},"blog_post_layout_featured_media_urls":{"thumbnail":"","full":""},"categories_names":{"37":{"name":"Se\u00f1ales en los cielos","link":"https:\/\/viniciojarquin.com\/blog\/category\/libros\/senales-en-los-cielos\/"}},"tags_names":[],"comments_number":"0","_links":{"self":[{"href":"https:\/\/viniciojarquin.com\/blog\/wp-json\/wp\/v2\/posts\/2795","targetHints":{"allow":["GET"]}}],"collection":[{"href":"https:\/\/viniciojarquin.com\/blog\/wp-json\/wp\/v2\/posts"}],"about":[{"href":"https:\/\/viniciojarquin.com\/blog\/wp-json\/wp\/v2\/types\/post"}],"author":[{"embeddable":true,"href":"https:\/\/viniciojarquin.com\/blog\/wp-json\/wp\/v2\/users\/1"}],"replies":[{"embeddable":true,"href":"https:\/\/viniciojarquin.com\/blog\/wp-json\/wp\/v2\/comments?post=2795"}],"version-history":[{"count":1,"href":"https:\/\/viniciojarquin.com\/blog\/wp-json\/wp\/v2\/posts\/2795\/revisions"}],"predecessor-version":[{"id":2799,"href":"https:\/\/viniciojarquin.com\/blog\/wp-json\/wp\/v2\/posts\/2795\/revisions\/2799"}],"wp:attachment":[{"href":"https:\/\/viniciojarquin.com\/blog\/wp-json\/wp\/v2\/media?parent=2795"}],"wp:term":[{"taxonomy":"category","embeddable":true,"href":"https:\/\/viniciojarquin.com\/blog\/wp-json\/wp\/v2\/categories?post=2795"},{"taxonomy":"post_tag","embeddable":true,"href":"https:\/\/viniciojarquin.com\/blog\/wp-json\/wp\/v2\/tags?post=2795"}],"curies":[{"name":"wp","href":"https:\/\/api.w.org\/{rel}","templated":true}]}}