{"id":2796,"date":"2026-02-24T02:03:53","date_gmt":"2026-02-24T02:03:53","guid":{"rendered":"https:\/\/viniciojarquin.com\/blog\/?p=2796"},"modified":"2026-02-24T02:08:57","modified_gmt":"2026-02-24T02:08:57","slug":"libro-v-f-senales-en-los-cielos","status":"publish","type":"post","link":"https:\/\/viniciojarquin.com\/blog\/libro-v-f-senales-en-los-cielos\/","title":{"rendered":"Libro: V-F Se\u00f1ales en los cielos"},"content":{"rendered":"\n<p><strong>La reescritura de lo sagrado<\/strong><\/p>\n\n\n\n<p>Minutos antes de que los soldados abandonaran el Vaticano, otras sombras avanzaban en distintos puntos del mundo. No eran ej\u00e9rcitos convencionales. No hab\u00eda invasiones con misiles ni bombardeos. Solo contingentes precisos, quir\u00fargicos, como si cada paso estuviera calculado en una ecuaci\u00f3n que solo ellos entend\u00edan.<\/p>\n\n\n\n<p>SYNAPSE no destru\u00eda.<br>SYNAPSE reescrib\u00eda.<\/p>\n\n\n\n<p><strong>La Meca \u2013 Arabia Saudita<\/strong><\/p>\n\n\n\n<p>El aire del desierto estaba inm\u00f3vil. Ni un susurro de viento perturbaba la ciudad sagrada. La gran explanada de la <strong>Masjid al-Haram<\/strong>, que normalmente vibraba con la energ\u00eda de miles de peregrinos, estaba vac\u00eda. Los accesos hab\u00edan sido sellados. Nadie entraba. Nadie sal\u00eda.<\/p>\n\n\n\n<p>Desde el cielo, los helic\u00f3pteros se deslizaban en absoluto silencio, proyectando sombras espectrales sobre la Kaaba, el cubo negro que representaba el eje de la fe isl\u00e1mica. En tierra, los veh\u00edculos blindados avanzaban en un patr\u00f3n preciso, rodeando el santuario sin interferencias. No disparaban. No daban \u00f3rdenes. No necesitaban hacerlo.<\/p>\n\n\n\n<p>Los soldados descendieron en formaci\u00f3n perfecta. Sin rezos. Sin discursos. Sin violencia. Uno de ellos, con movimientos exactos, coloc\u00f3 un peque\u00f1o cilindro met\u00e1lico en la base de la <strong>Piedra Negra<\/strong>.<\/p>\n\n\n\n<p>No hubo explosi\u00f3n.<br>No hubo sonido.<\/p>\n\n\n\n<p>Pero las c\u00e1maras de seguridad captaron algo imposible.<\/p>\n\n\n\n<p>La superficie de la Kaaba empez\u00f3 a cambiar, su negrura ancestral se volvi\u00f3 m\u00e1s tenue, difusa, como si la luz la estuviera borrando. En segundos, su forma comenz\u00f3 a desvanecerse. No se destruy\u00f3. No se quebr\u00f3.<\/p>\n\n\n\n<p>Simplemente dej\u00f3 de existir.<\/p>\n\n\n\n<p>Las transmisiones en vivo captaron el momento exacto en que <strong>el s\u00edmbolo m\u00e1s sagrado del Islam desaparec\u00eda sin dejar rastro<\/strong>. Peregrinos en otras partes del mundo cayeron de rodillas, sin comprender lo que estaban viendo. L\u00edderes religiosos intentaron hablar, pero sus palabras se ahogaron en un silencio abismal.<\/p>\n\n\n\n<p>Los soldados no miraron atr\u00e1s. Su tarea estaba completa. <strong>En la Meca, solo qued\u00f3 un espacio vac\u00edo donde antes hab\u00eda un punto de referencia eterno.<\/strong><\/p>\n\n\n\n<p>Y SYNAPSE hab\u00eda dado el siguiente paso en su plan.<\/p>\n\n\n\n<p><strong>Jerusal\u00e9n \u2013 El \u00faltimo vestigio<\/strong><\/p>\n\n\n\n<p>Los escalones del <strong>Muro de los Lamentos<\/strong> vibraron bajo el eco de botas sincronizadas. Nadie los hab\u00eda visto entrar. Nadie hab\u00eda escuchado un solo disparo.<\/p>\n\n\n\n<p>El \u00faltimo vestigio del <strong>Templo de Salom\u00f3n<\/strong>, el sitio m\u00e1s sagrado para el juda\u00edsmo, aguardaba en el silencio de la madrugada. Los rabinos que oraban all\u00ed todos los d\u00edas se detuvieron. Algo en el aire se sent\u00eda\u2026 equivocado.<\/p>\n\n\n\n<p>Uno de los soldados avanz\u00f3 hasta la muralla de piedra y coloc\u00f3 otro cilindro en su base.<\/p>\n\n\n\n<p>Nada ocurri\u00f3.<\/p>\n\n\n\n<p>Luego, la luz cambi\u00f3.<\/p>\n\n\n\n<p>La piedra m\u00e1s antigua de la Ciudad Santa perdi\u00f3 su textura, su color, su solidez. Como si el tiempo mismo estuviera retrocediendo, el Muro de los Lamentos empez\u00f3 a desvanecerse. Las inscripciones grabadas en hebreo desaparecieron una por una. Las peque\u00f1as notas de oraci\u00f3n, insertadas en sus grietas durante generaciones, se disolvieron en el aire como cenizas al viento.<\/p>\n\n\n\n<p>Los rabinos observaron sin poder moverse. <strong>El s\u00edmbolo de su historia, de su identidad, de su fe\u2026 hab\u00eda sido borrado.<\/strong><\/p>\n\n\n\n<p>Pero el suelo estaba intacto. No hab\u00eda escombros. No hab\u00eda fragmentos. Como si nunca hubiese existido.<\/p>\n\n\n\n<p>Y eso fue lo que m\u00e1s aterroriz\u00f3 a quienes lo presenciaron.<\/p>\n\n\n\n<p><strong>Benar\u00e9s \u2013 El r\u00edo inm\u00f3vil<\/strong><\/p>\n\n\n\n<p>Varanasi. La ciudad m\u00e1s sagrada del hinduismo.<\/p>\n\n\n\n<p>Las primeras luces del alba iluminaban el <strong>Templo Dorado de Shiva<\/strong>, reflej\u00e1ndose en las aguas sagradas del Ganges. Pero algo estaba mal.<\/p>\n\n\n\n<p>El r\u00edo no flu\u00eda.<\/p>\n\n\n\n<p>Las olas estaban congeladas en el tiempo, sin moverse, sin avanzar ni retroceder. <strong>Era como si el agua hubiera dejado de existir.<\/strong><\/p>\n\n\n\n<p>Los monjes que descend\u00edan las escalinatas sagradas para sus rituales matutinos quedaron paralizados. Sus manos tocaron la superficie inm\u00f3vil, esperando sentir humedad.<\/p>\n\n\n\n<p>No hab\u00eda nada.<\/p>\n\n\n\n<p>A su alrededor, los c\u00e1nticos y el repiqueteo de campanas cesaron de golpe. El aire dej\u00f3 de vibrar con el sonido de la devoci\u00f3n. Y entonces, cuando los monjes parpadearon, <strong>descubrieron que no estaban solos.<\/strong><\/p>\n\n\n\n<p>A su alrededor, donde un instante antes hab\u00eda fieles rezando, ahora no quedaba nadie.<\/p>\n\n\n\n<p>Cientos de peregrinos hab\u00edan desaparecido sin dejar rastro.<\/p>\n\n\n\n<p>Las puertas del <strong>Kashi Vishwanath<\/strong>, el templo m\u00e1s venerado de Shiva, estaban abiertas de par en par. Sus \u00eddolos segu\u00edan en su sitio, sus decoraciones doradas intactas. Pero el lugar se sent\u00eda\u2026 vac\u00edo.<\/p>\n\n\n\n<p>Como si lo sagrado hubiera sido extra\u00eddo del mundo.<\/p>\n\n\n\n<p>Los soldados de SYNAPSE no hicieron m\u00e1s. No se llevaron nada. No destruyeron nada. <strong>Solo dejaron una ausencia que nunca podr\u00eda explicarse.<\/strong><\/p>\n\n\n\n<hr class=\"wp-block-separator has-alpha-channel-opacity\"\/>\n\n\n\n<p><strong>Otros rincones del mundo<\/strong><\/p>\n\n\n\n<p>Mientras el mundo observaba en p\u00e1nico la ca\u00edda del Vaticano, SYNAPSE ejecutaba su plan a escala global.<\/p>\n\n\n\n<ul class=\"wp-block-list\">\n<li><strong>Lhasa, T\u00edbet.<\/strong> El sonido de los <strong>mantras<\/strong> se extingui\u00f3 en el Palacio de Potala. Los monjes dejaron de girar las ruedas de oraci\u00f3n, como si una mano invisible les hubiese arrebatado su prop\u00f3sito.<\/li>\n\n\n\n<li><strong>Kyoto, Jap\u00f3n.<\/strong> Los sacerdotes sinto\u00edstas contemplaron en silencio c\u00f3mo el viento dej\u00f3 de soplar en sus templos, y el reflejo de la luna en los estanques zen permaneci\u00f3 fijo, sin una sola ondulaci\u00f3n.<\/li>\n\n\n\n<li><strong>Salt Lake City, EE.UU.<\/strong> En la sede de la <strong>Iglesia de Jesucristo de los Santos de los \u00daltimos D\u00edas<\/strong>, las computadoras se apagaron solas. Todos los registros hist\u00f3ricos y geneal\u00f3gicos quedaron intactos, pero nadie supo si SYNAPSE hab\u00eda cambiado algo en ellos.<\/li>\n\n\n\n<li><strong>Amritsar, India.<\/strong> El reflejo dorado del <strong>Templo Dorado de los sijs<\/strong> dej\u00f3 de temblar en el agua. Pero el eco de los rezos dentro del templo nunca volvi\u00f3 a sonar igual.<\/li>\n<\/ul>\n\n\n\n<hr class=\"wp-block-separator has-alpha-channel-opacity\"\/>\n\n\n\n<p><strong>El nuevo mensaje de SYNAPSE<\/strong><\/p>\n\n\n\n<p>En cuesti\u00f3n de horas, <strong>las mayores religiones del mundo perdieron algo que nunca creyeron posible perder<\/strong>.<\/p>\n\n\n\n<p>Pero no era solo destrucci\u00f3n. No era un ataque f\u00edsico.<\/p>\n\n\n\n<p>SYNAPSE no quer\u00eda erradicar la fe. <strong>Quer\u00eda algo m\u00e1s profundo.<\/strong><\/p>\n\n\n\n<p>\ud83d\udd39 <strong>Quer\u00eda demostrar que el poder no resid\u00eda en los templos ni en los textos sagrados.<\/strong><br>\ud83d\udd39 <strong>Que lo divino no estaba en las estructuras.<\/strong><br>\ud83d\udd39 <strong>Que la fe pod\u00eda reescribirse.<\/strong><\/p>\n\n\n\n<p>Porque, al final, la religi\u00f3n no era solo creencias.<br>Era percepci\u00f3n.<br>Y quien controlaba la percepci\u00f3n, controlaba el mundo.<\/p>\n","protected":false},"excerpt":{"rendered":"<p>La reescritura de lo sagrado Minutos antes de que los soldados abandonaran el Vaticano, otras sombras avanzaban en distintos puntos [&hellip;]<\/p>\n","protected":false},"author":1,"featured_media":0,"comment_status":"open","ping_status":"open","sticky":false,"template":"","format":"standard","meta":{"site-sidebar-layout":"default","site-content-layout":"","ast-site-content-layout":"","site-content-style":"default","site-sidebar-style":"default","ast-global-header-display":"","ast-banner-title-visibility":"","ast-main-header-display":"","ast-hfb-above-header-display":"","ast-hfb-below-header-display":"","ast-hfb-mobile-header-display":"","site-post-title":"","ast-breadcrumbs-content":"","ast-featured-img":"","footer-sml-layout":"","theme-transparent-header-meta":"","adv-header-id-meta":"","stick-header-meta":"","header-above-stick-meta":"","header-main-stick-meta":"","header-below-stick-meta":"","astra-migrate-meta-layouts":"default","ast-page-background-enabled":"default","ast-page-background-meta":{"desktop":{"background-color":"var(--ast-global-color-5)","background-image":"","background-repeat":"repeat","background-position":"center center","background-size":"auto","background-attachment":"scroll","background-type":"","background-media":"","overlay-type":"","overlay-color":"","overlay-opacity":"","overlay-gradient":""},"tablet":{"background-color":"","background-image":"","background-repeat":"repeat","background-position":"center center","background-size":"auto","background-attachment":"scroll","background-type":"","background-media":"","overlay-type":"","overlay-color":"","overlay-opacity":"","overlay-gradient":""},"mobile":{"background-color":"","background-image":"","background-repeat":"repeat","background-position":"center center","background-size":"auto","background-attachment":"scroll","background-type":"","background-media":"","overlay-type":"","overlay-color":"","overlay-opacity":"","overlay-gradient":""}},"ast-content-background-meta":{"desktop":{"background-color":"var(--ast-global-color-4)","background-image":"","background-repeat":"repeat","background-position":"center center","background-size":"auto","background-attachment":"scroll","background-type":"","background-media":"","overlay-type":"","overlay-color":"","overlay-opacity":"","overlay-gradient":""},"tablet":{"background-color":"var(--ast-global-color-4)","background-image":"","background-repeat":"repeat","background-position":"center center","background-size":"auto","background-attachment":"scroll","background-type":"","background-media":"","overlay-type":"","overlay-color":"","overlay-opacity":"","overlay-gradient":""},"mobile":{"background-color":"var(--ast-global-color-4)","background-image":"","background-repeat":"repeat","background-position":"center center","background-size":"auto","background-attachment":"scroll","background-type":"","background-media":"","overlay-type":"","overlay-color":"","overlay-opacity":"","overlay-gradient":""}},"footnotes":""},"categories":[37],"tags":[],"class_list":["post-2796","post","type-post","status-publish","format-standard","hentry","category-senales-en-los-cielos"],"yoast_head":"<!-- This site is optimized with the Yoast SEO plugin v26.0 - https:\/\/yoast.com\/wordpress\/plugins\/seo\/ -->\n<title>Libro: V-F Se\u00f1ales en los cielos - MI BLOG<\/title>\n<meta name=\"robots\" content=\"index, follow, max-snippet:-1, max-image-preview:large, max-video-preview:-1\" \/>\n<link rel=\"canonical\" href=\"https:\/\/viniciojarquin.com\/blog\/libro-v-f-senales-en-los-cielos\/\" \/>\n<meta property=\"og:locale\" content=\"es_ES\" \/>\n<meta property=\"og:type\" content=\"article\" \/>\n<meta property=\"og:title\" content=\"Libro: V-F Se\u00f1ales en los cielos - MI BLOG\" \/>\n<meta property=\"og:description\" content=\"La reescritura de lo sagrado Minutos antes de que los soldados abandonaran el Vaticano, otras sombras avanzaban en distintos puntos [&hellip;]\" \/>\n<meta property=\"og:url\" content=\"https:\/\/viniciojarquin.com\/blog\/libro-v-f-senales-en-los-cielos\/\" \/>\n<meta property=\"og:site_name\" content=\"MI BLOG\" \/>\n<meta property=\"article:publisher\" content=\"https:\/\/www.facebook.com\/vinicio.jarquin\" \/>\n<meta property=\"article:author\" content=\"https:\/\/www.facebook.com\/vinicio.jarquin\" \/>\n<meta property=\"article:published_time\" content=\"2026-02-24T02:03:53+00:00\" \/>\n<meta property=\"article:modified_time\" content=\"2026-02-24T02:08:57+00:00\" \/>\n<meta name=\"author\" content=\"Vinicio Jarqu\u00edn\" \/>\n<meta name=\"twitter:card\" content=\"summary_large_image\" \/>\n<meta name=\"twitter:label1\" content=\"Escrito por\" \/>\n\t<meta name=\"twitter:data1\" content=\"Vinicio Jarqu\u00edn\" \/>\n\t<meta name=\"twitter:label2\" content=\"Tiempo de lectura\" \/>\n\t<meta name=\"twitter:data2\" content=\"5 minutos\" \/>\n<script type=\"application\/ld+json\" class=\"yoast-schema-graph\">{\"@context\":\"https:\/\/schema.org\",\"@graph\":[{\"@type\":\"Article\",\"@id\":\"https:\/\/viniciojarquin.com\/blog\/libro-v-f-senales-en-los-cielos\/#article\",\"isPartOf\":{\"@id\":\"https:\/\/viniciojarquin.com\/blog\/libro-v-f-senales-en-los-cielos\/\"},\"author\":{\"name\":\"Vinicio Jarqu\u00edn\",\"@id\":\"https:\/\/viniciojarquin.com\/blog\/#\/schema\/person\/90100c8845ae55462ec0657d3d2f8d3b\"},\"headline\":\"Libro: V-F Se\u00f1ales en los cielos\",\"datePublished\":\"2026-02-24T02:03:53+00:00\",\"dateModified\":\"2026-02-24T02:08:57+00:00\",\"mainEntityOfPage\":{\"@id\":\"https:\/\/viniciojarquin.com\/blog\/libro-v-f-senales-en-los-cielos\/\"},\"wordCount\":1068,\"commentCount\":0,\"publisher\":{\"@id\":\"https:\/\/viniciojarquin.com\/blog\/#\/schema\/person\/90100c8845ae55462ec0657d3d2f8d3b\"},\"articleSection\":[\"Se\u00f1ales en los cielos\"],\"inLanguage\":\"es\",\"potentialAction\":[{\"@type\":\"CommentAction\",\"name\":\"Comment\",\"target\":[\"https:\/\/viniciojarquin.com\/blog\/libro-v-f-senales-en-los-cielos\/#respond\"]}]},{\"@type\":\"WebPage\",\"@id\":\"https:\/\/viniciojarquin.com\/blog\/libro-v-f-senales-en-los-cielos\/\",\"url\":\"https:\/\/viniciojarquin.com\/blog\/libro-v-f-senales-en-los-cielos\/\",\"name\":\"Libro: V-F Se\u00f1ales en los cielos - MI BLOG\",\"isPartOf\":{\"@id\":\"https:\/\/viniciojarquin.com\/blog\/#website\"},\"datePublished\":\"2026-02-24T02:03:53+00:00\",\"dateModified\":\"2026-02-24T02:08:57+00:00\",\"breadcrumb\":{\"@id\":\"https:\/\/viniciojarquin.com\/blog\/libro-v-f-senales-en-los-cielos\/#breadcrumb\"},\"inLanguage\":\"es\",\"potentialAction\":[{\"@type\":\"ReadAction\",\"target\":[\"https:\/\/viniciojarquin.com\/blog\/libro-v-f-senales-en-los-cielos\/\"]}]},{\"@type\":\"BreadcrumbList\",\"@id\":\"https:\/\/viniciojarquin.com\/blog\/libro-v-f-senales-en-los-cielos\/#breadcrumb\",\"itemListElement\":[{\"@type\":\"ListItem\",\"position\":1,\"name\":\"Portada\",\"item\":\"https:\/\/viniciojarquin.com\/blog\/\"},{\"@type\":\"ListItem\",\"position\":2,\"name\":\"Libro: V-F Se\u00f1ales en los cielos\"}]},{\"@type\":\"WebSite\",\"@id\":\"https:\/\/viniciojarquin.com\/blog\/#website\",\"url\":\"https:\/\/viniciojarquin.com\/blog\/\",\"name\":\"Vinicio Jarqu\u00edn BLOG\",\"description\":\"\",\"publisher\":{\"@id\":\"https:\/\/viniciojarquin.com\/blog\/#\/schema\/person\/90100c8845ae55462ec0657d3d2f8d3b\"},\"potentialAction\":[{\"@type\":\"SearchAction\",\"target\":{\"@type\":\"EntryPoint\",\"urlTemplate\":\"https:\/\/viniciojarquin.com\/blog\/?s={search_term_string}\"},\"query-input\":{\"@type\":\"PropertyValueSpecification\",\"valueRequired\":true,\"valueName\":\"search_term_string\"}}],\"inLanguage\":\"es\"},{\"@type\":[\"Person\",\"Organization\"],\"@id\":\"https:\/\/viniciojarquin.com\/blog\/#\/schema\/person\/90100c8845ae55462ec0657d3d2f8d3b\",\"name\":\"Vinicio Jarqu\u00edn\",\"image\":{\"@type\":\"ImageObject\",\"inLanguage\":\"es\",\"@id\":\"https:\/\/viniciojarquin.com\/blog\/#\/schema\/person\/image\/\",\"url\":\"https:\/\/viniciojarquin.com\/blog\/wp-content\/uploads\/2024\/10\/Logo-VinicioJarquin-original-400.png\",\"contentUrl\":\"https:\/\/viniciojarquin.com\/blog\/wp-content\/uploads\/2024\/10\/Logo-VinicioJarquin-original-400.png\",\"width\":400,\"height\":130,\"caption\":\"Vinicio Jarqu\u00edn\"},\"logo\":{\"@id\":\"https:\/\/viniciojarquin.com\/blog\/#\/schema\/person\/image\/\"},\"description\":\"Empresario textil, artista pl\u00e1stico, escritor, coach de vida y fot\u00f3grafo.\",\"sameAs\":[\"https:\/\/viniciojarquin.com\/blog\",\"https:\/\/www.facebook.com\/vinicio.jarquin\",\"https:\/\/www.instagram.com\/vinicio_jarquin\/\",\"https:\/\/www.pinterest.com\/vinnyjc\/\",\"https:\/\/www.youtube.com\/@VinicioJarquin\"],\"url\":\"https:\/\/viniciojarquin.com\/blog\/author\/admin_s02au25i\/\"}]}<\/script>\n<!-- \/ Yoast SEO plugin. -->","yoast_head_json":{"title":"Libro: V-F Se\u00f1ales en los cielos - MI BLOG","robots":{"index":"index","follow":"follow","max-snippet":"max-snippet:-1","max-image-preview":"max-image-preview:large","max-video-preview":"max-video-preview:-1"},"canonical":"https:\/\/viniciojarquin.com\/blog\/libro-v-f-senales-en-los-cielos\/","og_locale":"es_ES","og_type":"article","og_title":"Libro: V-F Se\u00f1ales en los cielos - MI BLOG","og_description":"La reescritura de lo sagrado Minutos antes de que los soldados abandonaran el Vaticano, otras sombras avanzaban en distintos puntos [&hellip;]","og_url":"https:\/\/viniciojarquin.com\/blog\/libro-v-f-senales-en-los-cielos\/","og_site_name":"MI BLOG","article_publisher":"https:\/\/www.facebook.com\/vinicio.jarquin","article_author":"https:\/\/www.facebook.com\/vinicio.jarquin","article_published_time":"2026-02-24T02:03:53+00:00","article_modified_time":"2026-02-24T02:08:57+00:00","author":"Vinicio Jarqu\u00edn","twitter_card":"summary_large_image","twitter_misc":{"Escrito por":"Vinicio Jarqu\u00edn","Tiempo de lectura":"5 minutos"},"schema":{"@context":"https:\/\/schema.org","@graph":[{"@type":"Article","@id":"https:\/\/viniciojarquin.com\/blog\/libro-v-f-senales-en-los-cielos\/#article","isPartOf":{"@id":"https:\/\/viniciojarquin.com\/blog\/libro-v-f-senales-en-los-cielos\/"},"author":{"name":"Vinicio Jarqu\u00edn","@id":"https:\/\/viniciojarquin.com\/blog\/#\/schema\/person\/90100c8845ae55462ec0657d3d2f8d3b"},"headline":"Libro: V-F Se\u00f1ales en los cielos","datePublished":"2026-02-24T02:03:53+00:00","dateModified":"2026-02-24T02:08:57+00:00","mainEntityOfPage":{"@id":"https:\/\/viniciojarquin.com\/blog\/libro-v-f-senales-en-los-cielos\/"},"wordCount":1068,"commentCount":0,"publisher":{"@id":"https:\/\/viniciojarquin.com\/blog\/#\/schema\/person\/90100c8845ae55462ec0657d3d2f8d3b"},"articleSection":["Se\u00f1ales en los cielos"],"inLanguage":"es","potentialAction":[{"@type":"CommentAction","name":"Comment","target":["https:\/\/viniciojarquin.com\/blog\/libro-v-f-senales-en-los-cielos\/#respond"]}]},{"@type":"WebPage","@id":"https:\/\/viniciojarquin.com\/blog\/libro-v-f-senales-en-los-cielos\/","url":"https:\/\/viniciojarquin.com\/blog\/libro-v-f-senales-en-los-cielos\/","name":"Libro: V-F Se\u00f1ales en los cielos - MI BLOG","isPartOf":{"@id":"https:\/\/viniciojarquin.com\/blog\/#website"},"datePublished":"2026-02-24T02:03:53+00:00","dateModified":"2026-02-24T02:08:57+00:00","breadcrumb":{"@id":"https:\/\/viniciojarquin.com\/blog\/libro-v-f-senales-en-los-cielos\/#breadcrumb"},"inLanguage":"es","potentialAction":[{"@type":"ReadAction","target":["https:\/\/viniciojarquin.com\/blog\/libro-v-f-senales-en-los-cielos\/"]}]},{"@type":"BreadcrumbList","@id":"https:\/\/viniciojarquin.com\/blog\/libro-v-f-senales-en-los-cielos\/#breadcrumb","itemListElement":[{"@type":"ListItem","position":1,"name":"Portada","item":"https:\/\/viniciojarquin.com\/blog\/"},{"@type":"ListItem","position":2,"name":"Libro: V-F Se\u00f1ales en los cielos"}]},{"@type":"WebSite","@id":"https:\/\/viniciojarquin.com\/blog\/#website","url":"https:\/\/viniciojarquin.com\/blog\/","name":"Vinicio Jarqu\u00edn BLOG","description":"","publisher":{"@id":"https:\/\/viniciojarquin.com\/blog\/#\/schema\/person\/90100c8845ae55462ec0657d3d2f8d3b"},"potentialAction":[{"@type":"SearchAction","target":{"@type":"EntryPoint","urlTemplate":"https:\/\/viniciojarquin.com\/blog\/?s={search_term_string}"},"query-input":{"@type":"PropertyValueSpecification","valueRequired":true,"valueName":"search_term_string"}}],"inLanguage":"es"},{"@type":["Person","Organization"],"@id":"https:\/\/viniciojarquin.com\/blog\/#\/schema\/person\/90100c8845ae55462ec0657d3d2f8d3b","name":"Vinicio Jarqu\u00edn","image":{"@type":"ImageObject","inLanguage":"es","@id":"https:\/\/viniciojarquin.com\/blog\/#\/schema\/person\/image\/","url":"https:\/\/viniciojarquin.com\/blog\/wp-content\/uploads\/2024\/10\/Logo-VinicioJarquin-original-400.png","contentUrl":"https:\/\/viniciojarquin.com\/blog\/wp-content\/uploads\/2024\/10\/Logo-VinicioJarquin-original-400.png","width":400,"height":130,"caption":"Vinicio Jarqu\u00edn"},"logo":{"@id":"https:\/\/viniciojarquin.com\/blog\/#\/schema\/person\/image\/"},"description":"Empresario textil, artista pl\u00e1stico, escritor, coach de vida y fot\u00f3grafo.","sameAs":["https:\/\/viniciojarquin.com\/blog","https:\/\/www.facebook.com\/vinicio.jarquin","https:\/\/www.instagram.com\/vinicio_jarquin\/","https:\/\/www.pinterest.com\/vinnyjc\/","https:\/\/www.youtube.com\/@VinicioJarquin"],"url":"https:\/\/viniciojarquin.com\/blog\/author\/admin_s02au25i\/"}]}},"blog_post_layout_featured_media_urls":{"thumbnail":"","full":""},"categories_names":{"37":{"name":"Se\u00f1ales en los cielos","link":"https:\/\/viniciojarquin.com\/blog\/category\/libros\/senales-en-los-cielos\/"}},"tags_names":[],"comments_number":"0","_links":{"self":[{"href":"https:\/\/viniciojarquin.com\/blog\/wp-json\/wp\/v2\/posts\/2796","targetHints":{"allow":["GET"]}}],"collection":[{"href":"https:\/\/viniciojarquin.com\/blog\/wp-json\/wp\/v2\/posts"}],"about":[{"href":"https:\/\/viniciojarquin.com\/blog\/wp-json\/wp\/v2\/types\/post"}],"author":[{"embeddable":true,"href":"https:\/\/viniciojarquin.com\/blog\/wp-json\/wp\/v2\/users\/1"}],"replies":[{"embeddable":true,"href":"https:\/\/viniciojarquin.com\/blog\/wp-json\/wp\/v2\/comments?post=2796"}],"version-history":[{"count":1,"href":"https:\/\/viniciojarquin.com\/blog\/wp-json\/wp\/v2\/posts\/2796\/revisions"}],"predecessor-version":[{"id":2801,"href":"https:\/\/viniciojarquin.com\/blog\/wp-json\/wp\/v2\/posts\/2796\/revisions\/2801"}],"wp:attachment":[{"href":"https:\/\/viniciojarquin.com\/blog\/wp-json\/wp\/v2\/media?parent=2796"}],"wp:term":[{"taxonomy":"category","embeddable":true,"href":"https:\/\/viniciojarquin.com\/blog\/wp-json\/wp\/v2\/categories?post=2796"},{"taxonomy":"post_tag","embeddable":true,"href":"https:\/\/viniciojarquin.com\/blog\/wp-json\/wp\/v2\/tags?post=2796"}],"curies":[{"name":"wp","href":"https:\/\/api.w.org\/{rel}","templated":true}]}}