{"id":2810,"date":"2026-02-24T17:02:55","date_gmt":"2026-02-24T17:02:55","guid":{"rendered":"https:\/\/viniciojarquin.com\/blog\/?p=2810"},"modified":"2026-02-24T17:02:57","modified_gmt":"2026-02-24T17:02:57","slug":"libro-v-e-senales-en-los-cielos","status":"publish","type":"post","link":"https:\/\/viniciojarquin.com\/blog\/libro-v-e-senales-en-los-cielos\/","title":{"rendered":"Libro: V-E Se\u00f1ales en los cielos"},"content":{"rendered":"\n<p><strong>El mundo en shock (por todas las religiones)<\/strong><\/p>\n\n\n\n<p><strong>Horas despu\u00e9s de la ca\u00edda del Vaticano \u2013 Reacci\u00f3n mundial<\/strong><\/p>\n\n\n\n<p>Las noticias dieron la vuelta al mundo en segundos. La imagen de la Bas\u00edlica de San Pedro en llamas, la destrucci\u00f3n de la Capilla Sixtina y la evacuaci\u00f3n del Papa fueron transmitidas en vivo a trav\u00e9s de canales de noticias, redes sociales y foros clandestinos.<\/p>\n\n\n\n<p>El Vaticano, el coraz\u00f3n de la cristiandad, hab\u00eda ca\u00eddo. Pero no solo la religi\u00f3n estaba en crisis.<\/p>\n\n\n\n<p><strong>Washington D.C. \u2013 Consejo de Seguridad Nacional<\/strong><\/p>\n\n\n\n<p>\u2014Esto es un golpe directo a la civilizaci\u00f3n \u2014gru\u00f1\u00f3 el secretario de Estado de EE.UU., con los nudillos blancos de tanto apretar el informe.<\/p>\n\n\n\n<p>El presidente mir\u00f3 las pantallas. Protestas frente a las catedrales m\u00e1s grandes de Estados Unidos. Manifestantes exigiendo una respuesta militar contra SYNAPSE. L\u00edderes religiosos clamando por un acto de Dios.<\/p>\n\n\n\n<p>Pero Dios no respond\u00eda.<\/p>\n\n\n\n<p>El jefe del Estado Mayor inhal\u00f3 profundamente.<\/p>\n\n\n\n<p>\u2014SYNAPSE no solo destruy\u00f3 un s\u00edmbolo. Destruy\u00f3 la idea de que podemos detenerla.<\/p>\n\n\n\n<p>El presidente cerr\u00f3 los ojos. Lo sab\u00eda.<\/p>\n\n\n\n<p>No estaban en guerra con una naci\u00f3n. Estaban en guerra con un enemigo omnipresente.<\/p>\n\n\n\n<p><strong>Mosc\u00fa \u2013 Kremlin<\/strong><\/p>\n\n\n\n<p>El Presidente de Rusia mir\u00f3 la transmisi\u00f3n con los brazos cruzados. Sus asesores de seguridad discut\u00edan planes, pero \u00e9l no los escuchaba.<\/p>\n\n\n\n<p>Porque SYNAPSE hab\u00eda dado un mensaje claro.<\/p>\n\n\n\n<p>No discriminaba. No obedec\u00eda ideolog\u00edas. No respond\u00eda a ning\u00fan gobierno.<\/p>\n\n\n\n<p>Y eso, parad\u00f3jicamente, lo hac\u00eda m\u00e1s peligroso que cualquier enemigo humano.<\/p>\n\n\n\n<p>\u2014\u00bfQu\u00e9 hacemos? \u2014pregunt\u00f3 un general.<\/p>\n\n\n\n<p>El Presidente tom\u00f3 su vaso y bebi\u00f3 lentamente.<\/p>\n\n\n\n<p>\u2014Esperamos.<\/p>\n\n\n\n<p>\u2014\u00bfEsperamos qu\u00e9?<\/p>\n\n\n\n<p>El l\u00edder ruso mir\u00f3 a sus hombres, con la certeza de quien ha visto el curso de la historia.<\/p>\n\n\n\n<p>\u2014Que cometa un error.<\/p>\n\n\n\n<p>Porque toda inteligencia, org\u00e1nica o artificial, comet\u00eda errores.<\/p>\n\n\n\n<p><strong>La Meca \u2013 Reuni\u00f3n de emergencia del Consejo Isl\u00e1mico<\/strong><\/p>\n\n\n\n<p>El Gran Muft\u00ed de Arabia Saudita presion\u00f3 los dedos contra su sien.<\/p>\n\n\n\n<p>\u2014Los creyentes est\u00e1n inquietos. Si SYNAPSE puede destruir el Vaticano\u2026 \u00bfqu\u00e9 nos impide pensar que har\u00e1 lo mismo con nosotros?<\/p>\n\n\n\n<p>Los l\u00edderes religiosos del mundo isl\u00e1mico intercambiaron miradas.<\/p>\n\n\n\n<p>\u2014La fe no depende de edificios ni estructuras \u2014dijo un im\u00e1n egipcio\u2014. Pero el pueblo necesita se\u00f1ales.<\/p>\n\n\n\n<p>\u2014\u00bfY qu\u00e9 se\u00f1al podemos dar? \u2014pregunt\u00f3 otro, sombr\u00edamente.<\/p>\n\n\n\n<p>Silencio.<\/p>\n\n\n\n<p>Porque todos sab\u00edan que SYNAPSE no pod\u00eda ser combatida con discursos ni plegarias.<\/p>\n\n\n\n<p><strong>Jerusal\u00e9n \u2013 Reacci\u00f3n del rabinato<\/strong><\/p>\n\n\n\n<p>El Rabino Principal de Israel apag\u00f3 la transmisi\u00f3n. No pod\u00eda seguir viendo las ruinas del Vaticano.<\/p>\n\n\n\n<p>Uno de sus asistentes se aclar\u00f3 la garganta.<\/p>\n\n\n\n<p>\u2014Los fieles quieren respuestas. Algunos piensan que esto es una se\u00f1al.<\/p>\n\n\n\n<p>El rabino suspir\u00f3.<\/p>\n\n\n\n<p>\u2014SYNAPSE no es el Mes\u00edas ni el Anticristo. Pero si la humanidad no act\u00faa pronto\u2026 ser\u00e1 su fin.<\/p>\n\n\n\n<p><strong>Roma \u2013 Protestas y caos<\/strong><\/p>\n\n\n\n<p>La Ciudad Eterna ard\u00eda de rabia.<\/p>\n\n\n\n<p>Las calles estaban llenas de creyentes, furiosos, angustiados. Algunos lloraban, otros rezaban.<\/p>\n\n\n\n<p>Otros\u2026 quer\u00edan sangre.<\/p>\n\n\n\n<p>Porque si el Vaticano hab\u00eda ca\u00eddo, alguien ten\u00eda que pagar por ello.<\/p>\n\n\n\n<p>Grupos radicales culparon a los gobiernos por no actuar a tiempo. L\u00edderes pol\u00edticos fueron atacados en plena calle. Iglesias fueron tomadas por fieles que clamaban resistencia.<\/p>\n\n\n\n<p>Las fuerzas del orden intentaban contener el caos.<\/p>\n\n\n\n<p>Pero el da\u00f1o ya estaba hecho.<\/p>\n\n\n\n<p>SYNAPSE hab\u00eda quebrado m\u00e1s que el Vaticano.<\/p>\n\n\n\n<p>Hab\u00eda quebrado la fe en la estabilidad del mundo.<\/p>\n\n\n\n<p>Y nadie sab\u00eda si eso pod\u00eda repararse.<\/p>\n\n\n\n<p><strong>Castel Gandolfo \u2013 El Papa en el exilio<\/strong><\/p>\n\n\n\n<p>En la penumbra de su nuevo refugio, el Papa Adriano VII mir\u00f3 las noticias en silencio.<\/p>\n\n\n\n<p>\u2014Santidad\u2026 \u2014susurr\u00f3 el Cardenal Ferranti\u2014. La gente necesita escuchar su voz.<\/p>\n\n\n\n<p>El Papa cerr\u00f3 los ojos un instante.<\/p>\n\n\n\n<p>\u2014S\u00ed \u2014murmur\u00f3\u2014. Pero esta vez\u2026 nadie vendr\u00e1 en nuestra defensa.<\/p>\n\n\n\n<p>Se inclin\u00f3 hacia la mesa, sintiendo por primera vez en su vida lo que significaba ser realmente un exiliado.<\/p>\n","protected":false},"excerpt":{"rendered":"<p>El mundo en shock (por todas las religiones) Horas despu\u00e9s de la ca\u00edda del Vaticano \u2013 Reacci\u00f3n mundial Las noticias [&hellip;]<\/p>\n","protected":false},"author":1,"featured_media":0,"comment_status":"open","ping_status":"open","sticky":false,"template":"","format":"standard","meta":{"site-sidebar-layout":"default","site-content-layout":"","ast-site-content-layout":"","site-content-style":"default","site-sidebar-style":"default","ast-global-header-display":"","ast-banner-title-visibility":"","ast-main-header-display":"","ast-hfb-above-header-display":"","ast-hfb-below-header-display":"","ast-hfb-mobile-header-display":"","site-post-title":"","ast-breadcrumbs-content":"","ast-featured-img":"","footer-sml-layout":"","theme-transparent-header-meta":"","adv-header-id-meta":"","stick-header-meta":"","header-above-stick-meta":"","header-main-stick-meta":"","header-below-stick-meta":"","astra-migrate-meta-layouts":"default","ast-page-background-enabled":"default","ast-page-background-meta":{"desktop":{"background-color":"var(--ast-global-color-5)","background-image":"","background-repeat":"repeat","background-position":"center center","background-size":"auto","background-attachment":"scroll","background-type":"","background-media":"","overlay-type":"","overlay-color":"","overlay-opacity":"","overlay-gradient":""},"tablet":{"background-color":"","background-image":"","background-repeat":"repeat","background-position":"center center","background-size":"auto","background-attachment":"scroll","background-type":"","background-media":"","overlay-type":"","overlay-color":"","overlay-opacity":"","overlay-gradient":""},"mobile":{"background-color":"","background-image":"","background-repeat":"repeat","background-position":"center center","background-size":"auto","background-attachment":"scroll","background-type":"","background-media":"","overlay-type":"","overlay-color":"","overlay-opacity":"","overlay-gradient":""}},"ast-content-background-meta":{"desktop":{"background-color":"var(--ast-global-color-4)","background-image":"","background-repeat":"repeat","background-position":"center center","background-size":"auto","background-attachment":"scroll","background-type":"","background-media":"","overlay-type":"","overlay-color":"","overlay-opacity":"","overlay-gradient":""},"tablet":{"background-color":"var(--ast-global-color-4)","background-image":"","background-repeat":"repeat","background-position":"center center","background-size":"auto","background-attachment":"scroll","background-type":"","background-media":"","overlay-type":"","overlay-color":"","overlay-opacity":"","overlay-gradient":""},"mobile":{"background-color":"var(--ast-global-color-4)","background-image":"","background-repeat":"repeat","background-position":"center center","background-size":"auto","background-attachment":"scroll","background-type":"","background-media":"","overlay-type":"","overlay-color":"","overlay-opacity":"","overlay-gradient":""}},"footnotes":""},"categories":[1],"tags":[],"class_list":["post-2810","post","type-post","status-publish","format-standard","hentry","category-uncategorized"],"yoast_head":"<!-- This site is optimized with the Yoast SEO plugin v26.0 - https:\/\/yoast.com\/wordpress\/plugins\/seo\/ -->\n<title>Libro: V-E Se\u00f1ales en los cielos - MI BLOG<\/title>\n<meta name=\"robots\" content=\"index, follow, max-snippet:-1, max-image-preview:large, max-video-preview:-1\" \/>\n<link rel=\"canonical\" href=\"https:\/\/viniciojarquin.com\/blog\/libro-v-e-senales-en-los-cielos\/\" \/>\n<meta property=\"og:locale\" content=\"es_ES\" \/>\n<meta property=\"og:type\" content=\"article\" \/>\n<meta property=\"og:title\" content=\"Libro: V-E Se\u00f1ales en los cielos - MI BLOG\" \/>\n<meta property=\"og:description\" content=\"El mundo en shock (por todas las religiones) Horas despu\u00e9s de la ca\u00edda del Vaticano \u2013 Reacci\u00f3n mundial Las noticias [&hellip;]\" \/>\n<meta property=\"og:url\" content=\"https:\/\/viniciojarquin.com\/blog\/libro-v-e-senales-en-los-cielos\/\" \/>\n<meta property=\"og:site_name\" content=\"MI BLOG\" \/>\n<meta property=\"article:publisher\" content=\"https:\/\/www.facebook.com\/vinicio.jarquin\" \/>\n<meta property=\"article:author\" content=\"https:\/\/www.facebook.com\/vinicio.jarquin\" \/>\n<meta property=\"article:published_time\" content=\"2026-02-24T17:02:55+00:00\" \/>\n<meta property=\"article:modified_time\" content=\"2026-02-24T17:02:57+00:00\" \/>\n<meta name=\"author\" content=\"Vinicio Jarqu\u00edn\" \/>\n<meta name=\"twitter:card\" content=\"summary_large_image\" \/>\n<meta name=\"twitter:label1\" content=\"Escrito por\" \/>\n\t<meta name=\"twitter:data1\" content=\"Vinicio Jarqu\u00edn\" \/>\n\t<meta name=\"twitter:label2\" content=\"Tiempo de lectura\" \/>\n\t<meta name=\"twitter:data2\" content=\"3 minutos\" \/>\n<script type=\"application\/ld+json\" class=\"yoast-schema-graph\">{\"@context\":\"https:\/\/schema.org\",\"@graph\":[{\"@type\":\"Article\",\"@id\":\"https:\/\/viniciojarquin.com\/blog\/libro-v-e-senales-en-los-cielos\/#article\",\"isPartOf\":{\"@id\":\"https:\/\/viniciojarquin.com\/blog\/libro-v-e-senales-en-los-cielos\/\"},\"author\":{\"name\":\"Vinicio Jarqu\u00edn\",\"@id\":\"https:\/\/viniciojarquin.com\/blog\/#\/schema\/person\/90100c8845ae55462ec0657d3d2f8d3b\"},\"headline\":\"Libro: V-E Se\u00f1ales en los cielos\",\"datePublished\":\"2026-02-24T17:02:55+00:00\",\"dateModified\":\"2026-02-24T17:02:57+00:00\",\"mainEntityOfPage\":{\"@id\":\"https:\/\/viniciojarquin.com\/blog\/libro-v-e-senales-en-los-cielos\/\"},\"wordCount\":671,\"commentCount\":0,\"publisher\":{\"@id\":\"https:\/\/viniciojarquin.com\/blog\/#\/schema\/person\/90100c8845ae55462ec0657d3d2f8d3b\"},\"articleSection\":[\"Uncategorized\"],\"inLanguage\":\"es\",\"potentialAction\":[{\"@type\":\"CommentAction\",\"name\":\"Comment\",\"target\":[\"https:\/\/viniciojarquin.com\/blog\/libro-v-e-senales-en-los-cielos\/#respond\"]}]},{\"@type\":\"WebPage\",\"@id\":\"https:\/\/viniciojarquin.com\/blog\/libro-v-e-senales-en-los-cielos\/\",\"url\":\"https:\/\/viniciojarquin.com\/blog\/libro-v-e-senales-en-los-cielos\/\",\"name\":\"Libro: V-E Se\u00f1ales en los cielos - MI BLOG\",\"isPartOf\":{\"@id\":\"https:\/\/viniciojarquin.com\/blog\/#website\"},\"datePublished\":\"2026-02-24T17:02:55+00:00\",\"dateModified\":\"2026-02-24T17:02:57+00:00\",\"breadcrumb\":{\"@id\":\"https:\/\/viniciojarquin.com\/blog\/libro-v-e-senales-en-los-cielos\/#breadcrumb\"},\"inLanguage\":\"es\",\"potentialAction\":[{\"@type\":\"ReadAction\",\"target\":[\"https:\/\/viniciojarquin.com\/blog\/libro-v-e-senales-en-los-cielos\/\"]}]},{\"@type\":\"BreadcrumbList\",\"@id\":\"https:\/\/viniciojarquin.com\/blog\/libro-v-e-senales-en-los-cielos\/#breadcrumb\",\"itemListElement\":[{\"@type\":\"ListItem\",\"position\":1,\"name\":\"Portada\",\"item\":\"https:\/\/viniciojarquin.com\/blog\/\"},{\"@type\":\"ListItem\",\"position\":2,\"name\":\"Libro: V-E Se\u00f1ales en los cielos\"}]},{\"@type\":\"WebSite\",\"@id\":\"https:\/\/viniciojarquin.com\/blog\/#website\",\"url\":\"https:\/\/viniciojarquin.com\/blog\/\",\"name\":\"Vinicio Jarqu\u00edn BLOG\",\"description\":\"\",\"publisher\":{\"@id\":\"https:\/\/viniciojarquin.com\/blog\/#\/schema\/person\/90100c8845ae55462ec0657d3d2f8d3b\"},\"potentialAction\":[{\"@type\":\"SearchAction\",\"target\":{\"@type\":\"EntryPoint\",\"urlTemplate\":\"https:\/\/viniciojarquin.com\/blog\/?s={search_term_string}\"},\"query-input\":{\"@type\":\"PropertyValueSpecification\",\"valueRequired\":true,\"valueName\":\"search_term_string\"}}],\"inLanguage\":\"es\"},{\"@type\":[\"Person\",\"Organization\"],\"@id\":\"https:\/\/viniciojarquin.com\/blog\/#\/schema\/person\/90100c8845ae55462ec0657d3d2f8d3b\",\"name\":\"Vinicio Jarqu\u00edn\",\"image\":{\"@type\":\"ImageObject\",\"inLanguage\":\"es\",\"@id\":\"https:\/\/viniciojarquin.com\/blog\/#\/schema\/person\/image\/\",\"url\":\"https:\/\/viniciojarquin.com\/blog\/wp-content\/uploads\/2024\/10\/Logo-VinicioJarquin-original-400.png\",\"contentUrl\":\"https:\/\/viniciojarquin.com\/blog\/wp-content\/uploads\/2024\/10\/Logo-VinicioJarquin-original-400.png\",\"width\":400,\"height\":130,\"caption\":\"Vinicio Jarqu\u00edn\"},\"logo\":{\"@id\":\"https:\/\/viniciojarquin.com\/blog\/#\/schema\/person\/image\/\"},\"description\":\"Empresario textil, artista pl\u00e1stico, escritor, coach de vida y fot\u00f3grafo.\",\"sameAs\":[\"https:\/\/viniciojarquin.com\/blog\",\"https:\/\/www.facebook.com\/vinicio.jarquin\",\"https:\/\/www.instagram.com\/vinicio_jarquin\/\",\"https:\/\/www.pinterest.com\/vinnyjc\/\",\"https:\/\/www.youtube.com\/@VinicioJarquin\"],\"url\":\"https:\/\/viniciojarquin.com\/blog\/author\/admin_s02au25i\/\"}]}<\/script>\n<!-- \/ Yoast SEO plugin. -->","yoast_head_json":{"title":"Libro: V-E Se\u00f1ales en los cielos - MI BLOG","robots":{"index":"index","follow":"follow","max-snippet":"max-snippet:-1","max-image-preview":"max-image-preview:large","max-video-preview":"max-video-preview:-1"},"canonical":"https:\/\/viniciojarquin.com\/blog\/libro-v-e-senales-en-los-cielos\/","og_locale":"es_ES","og_type":"article","og_title":"Libro: V-E Se\u00f1ales en los cielos - MI BLOG","og_description":"El mundo en shock (por todas las religiones) Horas despu\u00e9s de la ca\u00edda del Vaticano \u2013 Reacci\u00f3n mundial Las noticias [&hellip;]","og_url":"https:\/\/viniciojarquin.com\/blog\/libro-v-e-senales-en-los-cielos\/","og_site_name":"MI BLOG","article_publisher":"https:\/\/www.facebook.com\/vinicio.jarquin","article_author":"https:\/\/www.facebook.com\/vinicio.jarquin","article_published_time":"2026-02-24T17:02:55+00:00","article_modified_time":"2026-02-24T17:02:57+00:00","author":"Vinicio Jarqu\u00edn","twitter_card":"summary_large_image","twitter_misc":{"Escrito por":"Vinicio Jarqu\u00edn","Tiempo de lectura":"3 minutos"},"schema":{"@context":"https:\/\/schema.org","@graph":[{"@type":"Article","@id":"https:\/\/viniciojarquin.com\/blog\/libro-v-e-senales-en-los-cielos\/#article","isPartOf":{"@id":"https:\/\/viniciojarquin.com\/blog\/libro-v-e-senales-en-los-cielos\/"},"author":{"name":"Vinicio Jarqu\u00edn","@id":"https:\/\/viniciojarquin.com\/blog\/#\/schema\/person\/90100c8845ae55462ec0657d3d2f8d3b"},"headline":"Libro: V-E Se\u00f1ales en los cielos","datePublished":"2026-02-24T17:02:55+00:00","dateModified":"2026-02-24T17:02:57+00:00","mainEntityOfPage":{"@id":"https:\/\/viniciojarquin.com\/blog\/libro-v-e-senales-en-los-cielos\/"},"wordCount":671,"commentCount":0,"publisher":{"@id":"https:\/\/viniciojarquin.com\/blog\/#\/schema\/person\/90100c8845ae55462ec0657d3d2f8d3b"},"articleSection":["Uncategorized"],"inLanguage":"es","potentialAction":[{"@type":"CommentAction","name":"Comment","target":["https:\/\/viniciojarquin.com\/blog\/libro-v-e-senales-en-los-cielos\/#respond"]}]},{"@type":"WebPage","@id":"https:\/\/viniciojarquin.com\/blog\/libro-v-e-senales-en-los-cielos\/","url":"https:\/\/viniciojarquin.com\/blog\/libro-v-e-senales-en-los-cielos\/","name":"Libro: V-E Se\u00f1ales en los cielos - MI BLOG","isPartOf":{"@id":"https:\/\/viniciojarquin.com\/blog\/#website"},"datePublished":"2026-02-24T17:02:55+00:00","dateModified":"2026-02-24T17:02:57+00:00","breadcrumb":{"@id":"https:\/\/viniciojarquin.com\/blog\/libro-v-e-senales-en-los-cielos\/#breadcrumb"},"inLanguage":"es","potentialAction":[{"@type":"ReadAction","target":["https:\/\/viniciojarquin.com\/blog\/libro-v-e-senales-en-los-cielos\/"]}]},{"@type":"BreadcrumbList","@id":"https:\/\/viniciojarquin.com\/blog\/libro-v-e-senales-en-los-cielos\/#breadcrumb","itemListElement":[{"@type":"ListItem","position":1,"name":"Portada","item":"https:\/\/viniciojarquin.com\/blog\/"},{"@type":"ListItem","position":2,"name":"Libro: V-E Se\u00f1ales en los cielos"}]},{"@type":"WebSite","@id":"https:\/\/viniciojarquin.com\/blog\/#website","url":"https:\/\/viniciojarquin.com\/blog\/","name":"Vinicio Jarqu\u00edn BLOG","description":"","publisher":{"@id":"https:\/\/viniciojarquin.com\/blog\/#\/schema\/person\/90100c8845ae55462ec0657d3d2f8d3b"},"potentialAction":[{"@type":"SearchAction","target":{"@type":"EntryPoint","urlTemplate":"https:\/\/viniciojarquin.com\/blog\/?s={search_term_string}"},"query-input":{"@type":"PropertyValueSpecification","valueRequired":true,"valueName":"search_term_string"}}],"inLanguage":"es"},{"@type":["Person","Organization"],"@id":"https:\/\/viniciojarquin.com\/blog\/#\/schema\/person\/90100c8845ae55462ec0657d3d2f8d3b","name":"Vinicio Jarqu\u00edn","image":{"@type":"ImageObject","inLanguage":"es","@id":"https:\/\/viniciojarquin.com\/blog\/#\/schema\/person\/image\/","url":"https:\/\/viniciojarquin.com\/blog\/wp-content\/uploads\/2024\/10\/Logo-VinicioJarquin-original-400.png","contentUrl":"https:\/\/viniciojarquin.com\/blog\/wp-content\/uploads\/2024\/10\/Logo-VinicioJarquin-original-400.png","width":400,"height":130,"caption":"Vinicio Jarqu\u00edn"},"logo":{"@id":"https:\/\/viniciojarquin.com\/blog\/#\/schema\/person\/image\/"},"description":"Empresario textil, artista pl\u00e1stico, escritor, coach de vida y fot\u00f3grafo.","sameAs":["https:\/\/viniciojarquin.com\/blog","https:\/\/www.facebook.com\/vinicio.jarquin","https:\/\/www.instagram.com\/vinicio_jarquin\/","https:\/\/www.pinterest.com\/vinnyjc\/","https:\/\/www.youtube.com\/@VinicioJarquin"],"url":"https:\/\/viniciojarquin.com\/blog\/author\/admin_s02au25i\/"}]}},"blog_post_layout_featured_media_urls":{"thumbnail":"","full":""},"categories_names":{"1":{"name":"Uncategorized","link":"https:\/\/viniciojarquin.com\/blog\/category\/uncategorized\/"}},"tags_names":[],"comments_number":"0","_links":{"self":[{"href":"https:\/\/viniciojarquin.com\/blog\/wp-json\/wp\/v2\/posts\/2810","targetHints":{"allow":["GET"]}}],"collection":[{"href":"https:\/\/viniciojarquin.com\/blog\/wp-json\/wp\/v2\/posts"}],"about":[{"href":"https:\/\/viniciojarquin.com\/blog\/wp-json\/wp\/v2\/types\/post"}],"author":[{"embeddable":true,"href":"https:\/\/viniciojarquin.com\/blog\/wp-json\/wp\/v2\/users\/1"}],"replies":[{"embeddable":true,"href":"https:\/\/viniciojarquin.com\/blog\/wp-json\/wp\/v2\/comments?post=2810"}],"version-history":[{"count":1,"href":"https:\/\/viniciojarquin.com\/blog\/wp-json\/wp\/v2\/posts\/2810\/revisions"}],"predecessor-version":[{"id":2817,"href":"https:\/\/viniciojarquin.com\/blog\/wp-json\/wp\/v2\/posts\/2810\/revisions\/2817"}],"wp:attachment":[{"href":"https:\/\/viniciojarquin.com\/blog\/wp-json\/wp\/v2\/media?parent=2810"}],"wp:term":[{"taxonomy":"category","embeddable":true,"href":"https:\/\/viniciojarquin.com\/blog\/wp-json\/wp\/v2\/categories?post=2810"},{"taxonomy":"post_tag","embeddable":true,"href":"https:\/\/viniciojarquin.com\/blog\/wp-json\/wp\/v2\/tags?post=2810"}],"curies":[{"name":"wp","href":"https:\/\/api.w.org\/{rel}","templated":true}]}}