{"id":2815,"date":"2026-02-24T15:21:31","date_gmt":"2026-02-24T15:21:31","guid":{"rendered":"https:\/\/viniciojarquin.com\/blog\/?p=2815"},"modified":"2026-02-24T17:19:21","modified_gmt":"2026-02-24T17:19:21","slug":"los-therian-las-mayorias-y-la-convivencia","status":"publish","type":"post","link":"https:\/\/viniciojarquin.com\/blog\/los-therian-las-mayorias-y-la-convivencia\/","title":{"rendered":"Los therian, las mayor\u00edas y la convivencia"},"content":{"rendered":"\n<figure class=\"wp-block-image size-large\"><img decoding=\"async\" width=\"1024\" height=\"683\" data-src=\"https:\/\/viniciojarquin.com\/blog\/wp-content\/uploads\/2026\/02\/Los-therian-1024x683.jpg\" alt=\"\" class=\"wp-image-2825 lazyload\" data-srcset=\"https:\/\/viniciojarquin.com\/blog\/wp-content\/uploads\/2026\/02\/Los-therian-1024x683.jpg 1024w, https:\/\/viniciojarquin.com\/blog\/wp-content\/uploads\/2026\/02\/Los-therian-300x200.jpg 300w, https:\/\/viniciojarquin.com\/blog\/wp-content\/uploads\/2026\/02\/Los-therian-768x512.jpg 768w, https:\/\/viniciojarquin.com\/blog\/wp-content\/uploads\/2026\/02\/Los-therian-1536x1024.jpg 1536w, https:\/\/viniciojarquin.com\/blog\/wp-content\/uploads\/2026\/02\/Los-therian.jpg 1600w\" data-sizes=\"(max-width: 1024px) 100vw, 1024px\" src=\"data:image\/svg+xml;base64,PHN2ZyB3aWR0aD0iMSIgaGVpZ2h0PSIxIiB4bWxucz0iaHR0cDovL3d3dy53My5vcmcvMjAwMC9zdmciPjwvc3ZnPg==\" style=\"--smush-placeholder-width: 1024px; --smush-placeholder-aspect-ratio: 1024\/683;\" \/><\/figure>\n\n\n\n<p>No voy a fingir una certeza que no tengo. En este momento todav\u00eda no tengo una posici\u00f3n totalmente definida sobre las personas que se identifican como therian, esas personas que sienten una conexi\u00f3n profunda con un animal, que a veces se visten como \u00e9l, que a veces adoptan comportamientos simb\u00f3licos asociados a ese animal, y que para muchos resultan incomprensibles, extra\u00f1as o incluso inc\u00f3modas. No estoy aqu\u00ed para explicar qu\u00e9 les pasa, qu\u00e9 sienten o por qu\u00e9 lo hacen, porque honestamente no lo s\u00e9. Y cuando uno no sabe, lo m\u00e1s sensato no es sentenciar, sino observar, escuchar y pensar un poco m\u00e1s despacio.<\/p>\n\n\n\n<p>Lo que s\u00ed he visto \u2014y eso s\u00ed me llam\u00f3 la atenci\u00f3n\u2014 es a algunos negocios pronunci\u00e1ndose p\u00fablicamente para decir que no permitir\u00e1n la entrada de therian a sus establecimientos. Y el argumento suele sonar muy correcto, muy educado, muy presentable: que no es discriminaci\u00f3n, que es por la convivencia, por la comodidad de las familias, por mantener un ambiente agradable, por evitar situaciones inc\u00f3modas. Todo dicho con ese tono institucional que parece neutral\u2026 pero que en el fondo toma una posici\u00f3n muy clara. Porque cuando uno decide excluir a un grupo espec\u00edfico de personas por c\u00f3mo se ven, c\u00f3mo se expresan o c\u00f3mo se identifican, por m\u00e1s bonito que suene el comunicado, eso tiene un nombre bastante conocido.<\/p>\n\n\n\n<p>Y s\u00ed, me parece discriminaci\u00f3n.<\/p>\n\n\n\n<p>Lo curioso es que cuando estos anuncios aparecen en redes sociales, la reacci\u00f3n suele ser masiva a favor del establecimiento. Comentarios celebrando la medida, aplaudiendo la decisi\u00f3n, agradeciendo que \u201cpor fin alguien ponga orden\u201d. La mayor\u00eda respalda. La mayor\u00eda valida. La mayor\u00eda se siente protegida. Y ah\u00ed es donde la conversaci\u00f3n deja de ser sobre therian y empieza a ser sobre algo mucho m\u00e1s grande: c\u00f3mo funcionan las mayor\u00edas y las minor\u00edas dentro de una sociedad.<\/p>\n\n\n\n<p>Porque la historia humana est\u00e1 llena de momentos donde la mayor\u00eda decide qu\u00e9 es normal, qu\u00e9 es aceptable, qu\u00e9 es correcto\u2026 y qu\u00e9 no lo es. Y cuando algo se sale de esa norma, aunque no haga da\u00f1o real, aunque solo resulte raro, diferente o incomprensible, aparece la tentaci\u00f3n de regularlo, prohibirlo o expulsarlo del espacio com\u00fan. No necesariamente por maldad, muchas veces por miedo, por incomodidad o simplemente por falta de costumbre. Pero el resultado pr\u00e1ctico suele ser el mismo: la minor\u00eda paga el precio de no parecerse al resto.<\/p>\n\n\n\n<p>Y mientras pensaba en todo esto, record\u00e9 algo que vivimos hace apenas nada. Venimos saliendo de una elecci\u00f3n presidencial intensa, efervescente, donde los bandos se insultaban, se gritaban, se ofend\u00edan y se enfrentaban sin pudor en redes sociales, en conversaciones familiares y en espacios p\u00fablicos. La pol\u00edtica fue durante meses una fuente constante de tensi\u00f3n, discusiones y fracturas personales. Sin embargo, no vi restaurantes publicando que en sus instalaciones estaba prohibido hablar de pol\u00edtica \u201cpor la convivencia familiar\u201d, ni comercios anunciando que no aceptar\u00edan clientes que discutieran de elecciones para mantener un ambiente agradable. No ocurri\u00f3. Y no ocurri\u00f3 por una raz\u00f3n muy simple: quienes hablan de pol\u00edtica son mayor\u00eda. Y a la mayor\u00eda rara vez se le ponen reglas por ser mayor\u00eda.<\/p>\n\n\n\n<p>Tal vez ah\u00ed est\u00e1 la verdadera pregunta de fondo. No si entendemos o no a un grupo espec\u00edfico, sino por qu\u00e9 ciertas conductas se vuelven tolerables cuando las practica la multitud, pero problem\u00e1ticas cuando las encarna una minor\u00eda visible. Porque cuando la mayor\u00eda hace ruido, se llama libertad. Cuando la minor\u00eda incomoda, se llama problema. Y ese doble est\u00e1ndar \u2014silencioso, cotidiano, casi invisible\u2014 dice mucho m\u00e1s sobre nosotros como sociedad que sobre cualquier grupo particular que hoy est\u00e9 en discusi\u00f3n.<\/p>\n\n\n\n<p>No se trata de obligar a nadie a entender todo. No se trata de que todo guste. No se trata de que todo tenga que parecernos l\u00f3gico. Se trata, quiz\u00e1, de algo m\u00e1s simple y m\u00e1s dif\u00edcil al mismo tiempo: preguntarnos si la convivencia que defendemos es realmente convivencia\u2026 o solo comodidad para los que se parecen a nosotros.<\/p>\n","protected":false},"excerpt":{"rendered":"<p>No voy a fingir una certeza que no tengo. En este momento todav\u00eda no tengo una posici\u00f3n totalmente definida sobre [&hellip;]<\/p>\n","protected":false},"author":1,"featured_media":2825,"comment_status":"open","ping_status":"open","sticky":false,"template":"","format":"standard","meta":{"site-sidebar-layout":"default","site-content-layout":"","ast-site-content-layout":"","site-content-style":"default","site-sidebar-style":"default","ast-global-header-display":"","ast-banner-title-visibility":"","ast-main-header-display":"","ast-hfb-above-header-display":"","ast-hfb-below-header-display":"","ast-hfb-mobile-header-display":"","site-post-title":"","ast-breadcrumbs-content":"","ast-featured-img":"","footer-sml-layout":"","theme-transparent-header-meta":"","adv-header-id-meta":"","stick-header-meta":"","header-above-stick-meta":"","header-main-stick-meta":"","header-below-stick-meta":"","astra-migrate-meta-layouts":"default","ast-page-background-enabled":"default","ast-page-background-meta":{"desktop":{"background-color":"var(--ast-global-color-5)","background-image":"","background-repeat":"repeat","background-position":"center center","background-size":"auto","background-attachment":"scroll","background-type":"","background-media":"","overlay-type":"","overlay-color":"","overlay-opacity":"","overlay-gradient":""},"tablet":{"background-color":"","background-image":"","background-repeat":"repeat","background-position":"center center","background-size":"auto","background-attachment":"scroll","background-type":"","background-media":"","overlay-type":"","overlay-color":"","overlay-opacity":"","overlay-gradient":""},"mobile":{"background-color":"","background-image":"","background-repeat":"repeat","background-position":"center center","background-size":"auto","background-attachment":"scroll","background-type":"","background-media":"","overlay-type":"","overlay-color":"","overlay-opacity":"","overlay-gradient":""}},"ast-content-background-meta":{"desktop":{"background-color":"var(--ast-global-color-4)","background-image":"","background-repeat":"repeat","background-position":"center center","background-size":"auto","background-attachment":"scroll","background-type":"","background-media":"","overlay-type":"","overlay-color":"","overlay-opacity":"","overlay-gradient":""},"tablet":{"background-color":"var(--ast-global-color-4)","background-image":"","background-repeat":"repeat","background-position":"center center","background-size":"auto","background-attachment":"scroll","background-type":"","background-media":"","overlay-type":"","overlay-color":"","overlay-opacity":"","overlay-gradient":""},"mobile":{"background-color":"var(--ast-global-color-4)","background-image":"","background-repeat":"repeat","background-position":"center center","background-size":"auto","background-attachment":"scroll","background-type":"","background-media":"","overlay-type":"","overlay-color":"","overlay-opacity":"","overlay-gradient":""}},"footnotes":""},"categories":[9],"tags":[],"class_list":["post-2815","post","type-post","status-publish","format-standard","has-post-thumbnail","hentry","category-mis-escritos"],"yoast_head":"<!-- This site is optimized with the Yoast SEO plugin v26.0 - https:\/\/yoast.com\/wordpress\/plugins\/seo\/ -->\n<title>Los therian, las mayor\u00edas y la convivencia - MI BLOG<\/title>\n<meta name=\"robots\" content=\"index, follow, max-snippet:-1, max-image-preview:large, max-video-preview:-1\" \/>\n<link rel=\"canonical\" href=\"https:\/\/viniciojarquin.com\/blog\/los-therian-las-mayorias-y-la-convivencia\/\" \/>\n<meta property=\"og:locale\" content=\"es_ES\" \/>\n<meta property=\"og:type\" content=\"article\" \/>\n<meta property=\"og:title\" content=\"Los therian, las mayor\u00edas y la convivencia - MI BLOG\" \/>\n<meta property=\"og:description\" content=\"No voy a fingir una certeza que no tengo. En este momento todav\u00eda no tengo una posici\u00f3n totalmente definida sobre [&hellip;]\" \/>\n<meta property=\"og:url\" content=\"https:\/\/viniciojarquin.com\/blog\/los-therian-las-mayorias-y-la-convivencia\/\" \/>\n<meta property=\"og:site_name\" content=\"MI BLOG\" \/>\n<meta property=\"article:publisher\" content=\"https:\/\/www.facebook.com\/vinicio.jarquin\" \/>\n<meta property=\"article:author\" content=\"https:\/\/www.facebook.com\/vinicio.jarquin\" \/>\n<meta property=\"article:published_time\" content=\"2026-02-24T15:21:31+00:00\" \/>\n<meta property=\"article:modified_time\" content=\"2026-02-24T17:19:21+00:00\" \/>\n<meta property=\"og:image\" content=\"https:\/\/viniciojarquin.com\/blog\/wp-content\/uploads\/2026\/02\/Los-therian.jpg\" \/>\n\t<meta property=\"og:image:width\" content=\"1600\" \/>\n\t<meta property=\"og:image:height\" content=\"1067\" \/>\n\t<meta property=\"og:image:type\" content=\"image\/jpeg\" \/>\n<meta name=\"author\" content=\"Vinicio Jarqu\u00edn\" \/>\n<meta name=\"twitter:card\" content=\"summary_large_image\" \/>\n<meta name=\"twitter:label1\" content=\"Escrito por\" \/>\n\t<meta name=\"twitter:data1\" content=\"Vinicio Jarqu\u00edn\" \/>\n\t<meta name=\"twitter:label2\" content=\"Tiempo de lectura\" \/>\n\t<meta name=\"twitter:data2\" content=\"4 minutos\" \/>\n<script type=\"application\/ld+json\" class=\"yoast-schema-graph\">{\"@context\":\"https:\/\/schema.org\",\"@graph\":[{\"@type\":\"Article\",\"@id\":\"https:\/\/viniciojarquin.com\/blog\/los-therian-las-mayorias-y-la-convivencia\/#article\",\"isPartOf\":{\"@id\":\"https:\/\/viniciojarquin.com\/blog\/los-therian-las-mayorias-y-la-convivencia\/\"},\"author\":{\"name\":\"Vinicio Jarqu\u00edn\",\"@id\":\"https:\/\/viniciojarquin.com\/blog\/#\/schema\/person\/90100c8845ae55462ec0657d3d2f8d3b\"},\"headline\":\"Los therian, las mayor\u00edas y la convivencia\",\"datePublished\":\"2026-02-24T15:21:31+00:00\",\"dateModified\":\"2026-02-24T17:19:21+00:00\",\"mainEntityOfPage\":{\"@id\":\"https:\/\/viniciojarquin.com\/blog\/los-therian-las-mayorias-y-la-convivencia\/\"},\"wordCount\":726,\"commentCount\":0,\"publisher\":{\"@id\":\"https:\/\/viniciojarquin.com\/blog\/#\/schema\/person\/90100c8845ae55462ec0657d3d2f8d3b\"},\"image\":{\"@id\":\"https:\/\/viniciojarquin.com\/blog\/los-therian-las-mayorias-y-la-convivencia\/#primaryimage\"},\"thumbnailUrl\":\"https:\/\/viniciojarquin.com\/blog\/wp-content\/uploads\/2026\/02\/Los-therian.jpg\",\"articleSection\":[\"Escritos generales\"],\"inLanguage\":\"es\",\"potentialAction\":[{\"@type\":\"CommentAction\",\"name\":\"Comment\",\"target\":[\"https:\/\/viniciojarquin.com\/blog\/los-therian-las-mayorias-y-la-convivencia\/#respond\"]}]},{\"@type\":\"WebPage\",\"@id\":\"https:\/\/viniciojarquin.com\/blog\/los-therian-las-mayorias-y-la-convivencia\/\",\"url\":\"https:\/\/viniciojarquin.com\/blog\/los-therian-las-mayorias-y-la-convivencia\/\",\"name\":\"Los therian, las mayor\u00edas y la convivencia - MI BLOG\",\"isPartOf\":{\"@id\":\"https:\/\/viniciojarquin.com\/blog\/#website\"},\"primaryImageOfPage\":{\"@id\":\"https:\/\/viniciojarquin.com\/blog\/los-therian-las-mayorias-y-la-convivencia\/#primaryimage\"},\"image\":{\"@id\":\"https:\/\/viniciojarquin.com\/blog\/los-therian-las-mayorias-y-la-convivencia\/#primaryimage\"},\"thumbnailUrl\":\"https:\/\/viniciojarquin.com\/blog\/wp-content\/uploads\/2026\/02\/Los-therian.jpg\",\"datePublished\":\"2026-02-24T15:21:31+00:00\",\"dateModified\":\"2026-02-24T17:19:21+00:00\",\"breadcrumb\":{\"@id\":\"https:\/\/viniciojarquin.com\/blog\/los-therian-las-mayorias-y-la-convivencia\/#breadcrumb\"},\"inLanguage\":\"es\",\"potentialAction\":[{\"@type\":\"ReadAction\",\"target\":[\"https:\/\/viniciojarquin.com\/blog\/los-therian-las-mayorias-y-la-convivencia\/\"]}]},{\"@type\":\"ImageObject\",\"inLanguage\":\"es\",\"@id\":\"https:\/\/viniciojarquin.com\/blog\/los-therian-las-mayorias-y-la-convivencia\/#primaryimage\",\"url\":\"https:\/\/viniciojarquin.com\/blog\/wp-content\/uploads\/2026\/02\/Los-therian.jpg\",\"contentUrl\":\"https:\/\/viniciojarquin.com\/blog\/wp-content\/uploads\/2026\/02\/Los-therian.jpg\",\"width\":1600,\"height\":1067},{\"@type\":\"BreadcrumbList\",\"@id\":\"https:\/\/viniciojarquin.com\/blog\/los-therian-las-mayorias-y-la-convivencia\/#breadcrumb\",\"itemListElement\":[{\"@type\":\"ListItem\",\"position\":1,\"name\":\"Portada\",\"item\":\"https:\/\/viniciojarquin.com\/blog\/\"},{\"@type\":\"ListItem\",\"position\":2,\"name\":\"Los therian, las mayor\u00edas y la convivencia\"}]},{\"@type\":\"WebSite\",\"@id\":\"https:\/\/viniciojarquin.com\/blog\/#website\",\"url\":\"https:\/\/viniciojarquin.com\/blog\/\",\"name\":\"Vinicio Jarqu\u00edn BLOG\",\"description\":\"\",\"publisher\":{\"@id\":\"https:\/\/viniciojarquin.com\/blog\/#\/schema\/person\/90100c8845ae55462ec0657d3d2f8d3b\"},\"potentialAction\":[{\"@type\":\"SearchAction\",\"target\":{\"@type\":\"EntryPoint\",\"urlTemplate\":\"https:\/\/viniciojarquin.com\/blog\/?s={search_term_string}\"},\"query-input\":{\"@type\":\"PropertyValueSpecification\",\"valueRequired\":true,\"valueName\":\"search_term_string\"}}],\"inLanguage\":\"es\"},{\"@type\":[\"Person\",\"Organization\"],\"@id\":\"https:\/\/viniciojarquin.com\/blog\/#\/schema\/person\/90100c8845ae55462ec0657d3d2f8d3b\",\"name\":\"Vinicio Jarqu\u00edn\",\"image\":{\"@type\":\"ImageObject\",\"inLanguage\":\"es\",\"@id\":\"https:\/\/viniciojarquin.com\/blog\/#\/schema\/person\/image\/\",\"url\":\"https:\/\/viniciojarquin.com\/blog\/wp-content\/uploads\/2024\/10\/Logo-VinicioJarquin-original-400.png\",\"contentUrl\":\"https:\/\/viniciojarquin.com\/blog\/wp-content\/uploads\/2024\/10\/Logo-VinicioJarquin-original-400.png\",\"width\":400,\"height\":130,\"caption\":\"Vinicio Jarqu\u00edn\"},\"logo\":{\"@id\":\"https:\/\/viniciojarquin.com\/blog\/#\/schema\/person\/image\/\"},\"description\":\"Empresario textil, artista pl\u00e1stico, escritor, coach de vida y fot\u00f3grafo.\",\"sameAs\":[\"https:\/\/viniciojarquin.com\/blog\",\"https:\/\/www.facebook.com\/vinicio.jarquin\",\"https:\/\/www.instagram.com\/vinicio_jarquin\/\",\"https:\/\/www.pinterest.com\/vinnyjc\/\",\"https:\/\/www.youtube.com\/@VinicioJarquin\"],\"url\":\"https:\/\/viniciojarquin.com\/blog\/author\/admin_s02au25i\/\"}]}<\/script>\n<!-- \/ Yoast SEO plugin. -->","yoast_head_json":{"title":"Los therian, las mayor\u00edas y la convivencia - MI BLOG","robots":{"index":"index","follow":"follow","max-snippet":"max-snippet:-1","max-image-preview":"max-image-preview:large","max-video-preview":"max-video-preview:-1"},"canonical":"https:\/\/viniciojarquin.com\/blog\/los-therian-las-mayorias-y-la-convivencia\/","og_locale":"es_ES","og_type":"article","og_title":"Los therian, las mayor\u00edas y la convivencia - MI BLOG","og_description":"No voy a fingir una certeza que no tengo. En este momento todav\u00eda no tengo una posici\u00f3n totalmente definida sobre [&hellip;]","og_url":"https:\/\/viniciojarquin.com\/blog\/los-therian-las-mayorias-y-la-convivencia\/","og_site_name":"MI BLOG","article_publisher":"https:\/\/www.facebook.com\/vinicio.jarquin","article_author":"https:\/\/www.facebook.com\/vinicio.jarquin","article_published_time":"2026-02-24T15:21:31+00:00","article_modified_time":"2026-02-24T17:19:21+00:00","og_image":[{"width":1600,"height":1067,"url":"https:\/\/viniciojarquin.com\/blog\/wp-content\/uploads\/2026\/02\/Los-therian.jpg","type":"image\/jpeg"}],"author":"Vinicio Jarqu\u00edn","twitter_card":"summary_large_image","twitter_misc":{"Escrito por":"Vinicio Jarqu\u00edn","Tiempo de lectura":"4 minutos"},"schema":{"@context":"https:\/\/schema.org","@graph":[{"@type":"Article","@id":"https:\/\/viniciojarquin.com\/blog\/los-therian-las-mayorias-y-la-convivencia\/#article","isPartOf":{"@id":"https:\/\/viniciojarquin.com\/blog\/los-therian-las-mayorias-y-la-convivencia\/"},"author":{"name":"Vinicio Jarqu\u00edn","@id":"https:\/\/viniciojarquin.com\/blog\/#\/schema\/person\/90100c8845ae55462ec0657d3d2f8d3b"},"headline":"Los therian, las mayor\u00edas y la convivencia","datePublished":"2026-02-24T15:21:31+00:00","dateModified":"2026-02-24T17:19:21+00:00","mainEntityOfPage":{"@id":"https:\/\/viniciojarquin.com\/blog\/los-therian-las-mayorias-y-la-convivencia\/"},"wordCount":726,"commentCount":0,"publisher":{"@id":"https:\/\/viniciojarquin.com\/blog\/#\/schema\/person\/90100c8845ae55462ec0657d3d2f8d3b"},"image":{"@id":"https:\/\/viniciojarquin.com\/blog\/los-therian-las-mayorias-y-la-convivencia\/#primaryimage"},"thumbnailUrl":"https:\/\/viniciojarquin.com\/blog\/wp-content\/uploads\/2026\/02\/Los-therian.jpg","articleSection":["Escritos generales"],"inLanguage":"es","potentialAction":[{"@type":"CommentAction","name":"Comment","target":["https:\/\/viniciojarquin.com\/blog\/los-therian-las-mayorias-y-la-convivencia\/#respond"]}]},{"@type":"WebPage","@id":"https:\/\/viniciojarquin.com\/blog\/los-therian-las-mayorias-y-la-convivencia\/","url":"https:\/\/viniciojarquin.com\/blog\/los-therian-las-mayorias-y-la-convivencia\/","name":"Los therian, las mayor\u00edas y la convivencia - MI BLOG","isPartOf":{"@id":"https:\/\/viniciojarquin.com\/blog\/#website"},"primaryImageOfPage":{"@id":"https:\/\/viniciojarquin.com\/blog\/los-therian-las-mayorias-y-la-convivencia\/#primaryimage"},"image":{"@id":"https:\/\/viniciojarquin.com\/blog\/los-therian-las-mayorias-y-la-convivencia\/#primaryimage"},"thumbnailUrl":"https:\/\/viniciojarquin.com\/blog\/wp-content\/uploads\/2026\/02\/Los-therian.jpg","datePublished":"2026-02-24T15:21:31+00:00","dateModified":"2026-02-24T17:19:21+00:00","breadcrumb":{"@id":"https:\/\/viniciojarquin.com\/blog\/los-therian-las-mayorias-y-la-convivencia\/#breadcrumb"},"inLanguage":"es","potentialAction":[{"@type":"ReadAction","target":["https:\/\/viniciojarquin.com\/blog\/los-therian-las-mayorias-y-la-convivencia\/"]}]},{"@type":"ImageObject","inLanguage":"es","@id":"https:\/\/viniciojarquin.com\/blog\/los-therian-las-mayorias-y-la-convivencia\/#primaryimage","url":"https:\/\/viniciojarquin.com\/blog\/wp-content\/uploads\/2026\/02\/Los-therian.jpg","contentUrl":"https:\/\/viniciojarquin.com\/blog\/wp-content\/uploads\/2026\/02\/Los-therian.jpg","width":1600,"height":1067},{"@type":"BreadcrumbList","@id":"https:\/\/viniciojarquin.com\/blog\/los-therian-las-mayorias-y-la-convivencia\/#breadcrumb","itemListElement":[{"@type":"ListItem","position":1,"name":"Portada","item":"https:\/\/viniciojarquin.com\/blog\/"},{"@type":"ListItem","position":2,"name":"Los therian, las mayor\u00edas y la convivencia"}]},{"@type":"WebSite","@id":"https:\/\/viniciojarquin.com\/blog\/#website","url":"https:\/\/viniciojarquin.com\/blog\/","name":"Vinicio Jarqu\u00edn BLOG","description":"","publisher":{"@id":"https:\/\/viniciojarquin.com\/blog\/#\/schema\/person\/90100c8845ae55462ec0657d3d2f8d3b"},"potentialAction":[{"@type":"SearchAction","target":{"@type":"EntryPoint","urlTemplate":"https:\/\/viniciojarquin.com\/blog\/?s={search_term_string}"},"query-input":{"@type":"PropertyValueSpecification","valueRequired":true,"valueName":"search_term_string"}}],"inLanguage":"es"},{"@type":["Person","Organization"],"@id":"https:\/\/viniciojarquin.com\/blog\/#\/schema\/person\/90100c8845ae55462ec0657d3d2f8d3b","name":"Vinicio Jarqu\u00edn","image":{"@type":"ImageObject","inLanguage":"es","@id":"https:\/\/viniciojarquin.com\/blog\/#\/schema\/person\/image\/","url":"https:\/\/viniciojarquin.com\/blog\/wp-content\/uploads\/2024\/10\/Logo-VinicioJarquin-original-400.png","contentUrl":"https:\/\/viniciojarquin.com\/blog\/wp-content\/uploads\/2024\/10\/Logo-VinicioJarquin-original-400.png","width":400,"height":130,"caption":"Vinicio Jarqu\u00edn"},"logo":{"@id":"https:\/\/viniciojarquin.com\/blog\/#\/schema\/person\/image\/"},"description":"Empresario textil, artista pl\u00e1stico, escritor, coach de vida y fot\u00f3grafo.","sameAs":["https:\/\/viniciojarquin.com\/blog","https:\/\/www.facebook.com\/vinicio.jarquin","https:\/\/www.instagram.com\/vinicio_jarquin\/","https:\/\/www.pinterest.com\/vinnyjc\/","https:\/\/www.youtube.com\/@VinicioJarquin"],"url":"https:\/\/viniciojarquin.com\/blog\/author\/admin_s02au25i\/"}]}},"blog_post_layout_featured_media_urls":{"thumbnail":["https:\/\/viniciojarquin.com\/blog\/wp-content\/uploads\/2026\/02\/Los-therian-150x150.jpg",150,150,true],"full":["https:\/\/viniciojarquin.com\/blog\/wp-content\/uploads\/2026\/02\/Los-therian.jpg",1600,1067,false]},"categories_names":{"9":{"name":"Escritos generales","link":"https:\/\/viniciojarquin.com\/blog\/category\/mis-escritos\/"}},"tags_names":[],"comments_number":"0","_links":{"self":[{"href":"https:\/\/viniciojarquin.com\/blog\/wp-json\/wp\/v2\/posts\/2815","targetHints":{"allow":["GET"]}}],"collection":[{"href":"https:\/\/viniciojarquin.com\/blog\/wp-json\/wp\/v2\/posts"}],"about":[{"href":"https:\/\/viniciojarquin.com\/blog\/wp-json\/wp\/v2\/types\/post"}],"author":[{"embeddable":true,"href":"https:\/\/viniciojarquin.com\/blog\/wp-json\/wp\/v2\/users\/1"}],"replies":[{"embeddable":true,"href":"https:\/\/viniciojarquin.com\/blog\/wp-json\/wp\/v2\/comments?post=2815"}],"version-history":[{"count":2,"href":"https:\/\/viniciojarquin.com\/blog\/wp-json\/wp\/v2\/posts\/2815\/revisions"}],"predecessor-version":[{"id":2826,"href":"https:\/\/viniciojarquin.com\/blog\/wp-json\/wp\/v2\/posts\/2815\/revisions\/2826"}],"wp:featuredmedia":[{"embeddable":true,"href":"https:\/\/viniciojarquin.com\/blog\/wp-json\/wp\/v2\/media\/2825"}],"wp:attachment":[{"href":"https:\/\/viniciojarquin.com\/blog\/wp-json\/wp\/v2\/media?parent=2815"}],"wp:term":[{"taxonomy":"category","embeddable":true,"href":"https:\/\/viniciojarquin.com\/blog\/wp-json\/wp\/v2\/categories?post=2815"},{"taxonomy":"post_tag","embeddable":true,"href":"https:\/\/viniciojarquin.com\/blog\/wp-json\/wp\/v2\/tags?post=2815"}],"curies":[{"name":"wp","href":"https:\/\/api.w.org\/{rel}","templated":true}]}}