{"id":2819,"date":"2026-02-24T17:09:05","date_gmt":"2026-02-24T17:09:05","guid":{"rendered":"https:\/\/viniciojarquin.com\/blog\/?p=2819"},"modified":"2026-02-24T17:09:52","modified_gmt":"2026-02-24T17:09:52","slug":"cuando-la-libertad-de-prensa-necesita-tambien-prudencia","status":"publish","type":"post","link":"https:\/\/viniciojarquin.com\/blog\/cuando-la-libertad-de-prensa-necesita-tambien-prudencia\/","title":{"rendered":"Cuando la libertad de prensa necesita tambi\u00e9n prudencia"},"content":{"rendered":"\n<figure class=\"wp-block-image size-large\"><img decoding=\"async\" width=\"1024\" height=\"683\" data-src=\"https:\/\/viniciojarquin.com\/blog\/wp-content\/uploads\/2026\/02\/Cuando-la-libertad-de-prensa-necesita-1024x683.jpg\" alt=\"\" class=\"wp-image-2820 lazyload\" data-srcset=\"https:\/\/viniciojarquin.com\/blog\/wp-content\/uploads\/2026\/02\/Cuando-la-libertad-de-prensa-necesita-1024x683.jpg 1024w, https:\/\/viniciojarquin.com\/blog\/wp-content\/uploads\/2026\/02\/Cuando-la-libertad-de-prensa-necesita-300x200.jpg 300w, https:\/\/viniciojarquin.com\/blog\/wp-content\/uploads\/2026\/02\/Cuando-la-libertad-de-prensa-necesita-768x512.jpg 768w, https:\/\/viniciojarquin.com\/blog\/wp-content\/uploads\/2026\/02\/Cuando-la-libertad-de-prensa-necesita-1536x1024.jpg 1536w, https:\/\/viniciojarquin.com\/blog\/wp-content\/uploads\/2026\/02\/Cuando-la-libertad-de-prensa-necesita.jpg 1600w\" data-sizes=\"(max-width: 1024px) 100vw, 1024px\" src=\"data:image\/svg+xml;base64,PHN2ZyB3aWR0aD0iMSIgaGVpZ2h0PSIxIiB4bWxucz0iaHR0cDovL3d3dy53My5vcmcvMjAwMC9zdmciPjwvc3ZnPg==\" style=\"--smush-placeholder-width: 1024px; --smush-placeholder-aspect-ratio: 1024\/683;\" \/><\/figure>\n\n\n\n<p>Sobre el comentario de Freddy Serrano<\/p>\n\n\n\n<p><\/p>\n\n\n\n<p>Quiero expresar p\u00fablicamente mi apoyo al comentario del periodista Freddy Serrano respecto al manejo informativo del caso que involucra denuncias contra el director del OIJ. Me parece una intervenci\u00f3n sensata, equilibrada y necesaria en un momento donde la discusi\u00f3n p\u00fablica f\u00e1cilmente puede deslizarse hacia extremos.<\/p>\n\n\n\n<p>Serrano recuerda algo fundamental para cualquier democracia seria: la libertad de prensa es un pilar indispensable, pero no existe en el vac\u00edo. Convive con otros principios igualmente esenciales como el debido proceso, la presunci\u00f3n de inocencia y la independencia de las investigaciones penales. Defender el periodismo no significa permitir cualquier pr\u00e1ctica; significa proteger el periodismo responsable.<\/p>\n\n\n\n<p>Investigar, escuchar a presuntas v\u00edctimas, documentar y contrastar informaci\u00f3n forma parte del rol leg\u00edtimo del periodismo. Pero involucrarse activamente en din\u00e1micas que puedan influir en la obtenci\u00f3n de pruebas o en el curso de un proceso judicial es otra cosa distinta. Esa diferencia \u2014delgada pero real\u2014 es precisamente la que protege tanto la credibilidad del periodismo como la solidez de la justicia.<\/p>\n\n\n\n<p>Respaldar ese l\u00edmite no debilita la libertad de prensa. La fortalece. Porque el periodismo serio se sostiene no solo en su derecho a informar, sino tambi\u00e9n en su responsabilidad de no interferir.<\/p>\n\n\n\n<p>Por eso considero valioso el recordatorio que hace Serrano. En tiempos donde la informaci\u00f3n corre r\u00e1pido y las pasiones m\u00e1s r\u00e1pido a\u00fan, las voces que llaman a la prudencia, al respeto del proceso y a la \u00e9tica profesional no sobran. Hacen falta.<\/p>\n","protected":false},"excerpt":{"rendered":"<p>Sobre el comentario de Freddy Serrano Quiero expresar p\u00fablicamente mi apoyo al comentario del periodista Freddy Serrano respecto al manejo [&hellip;]<\/p>\n","protected":false},"author":1,"featured_media":2820,"comment_status":"open","ping_status":"open","sticky":false,"template":"","format":"standard","meta":{"site-sidebar-layout":"default","site-content-layout":"","ast-site-content-layout":"","site-content-style":"default","site-sidebar-style":"default","ast-global-header-display":"","ast-banner-title-visibility":"","ast-main-header-display":"","ast-hfb-above-header-display":"","ast-hfb-below-header-display":"","ast-hfb-mobile-header-display":"","site-post-title":"","ast-breadcrumbs-content":"","ast-featured-img":"","footer-sml-layout":"","theme-transparent-header-meta":"","adv-header-id-meta":"","stick-header-meta":"","header-above-stick-meta":"","header-main-stick-meta":"","header-below-stick-meta":"","astra-migrate-meta-layouts":"default","ast-page-background-enabled":"default","ast-page-background-meta":{"desktop":{"background-color":"var(--ast-global-color-5)","background-image":"","background-repeat":"repeat","background-position":"center center","background-size":"auto","background-attachment":"scroll","background-type":"","background-media":"","overlay-type":"","overlay-color":"","overlay-opacity":"","overlay-gradient":""},"tablet":{"background-color":"","background-image":"","background-repeat":"repeat","background-position":"center center","background-size":"auto","background-attachment":"scroll","background-type":"","background-media":"","overlay-type":"","overlay-color":"","overlay-opacity":"","overlay-gradient":""},"mobile":{"background-color":"","background-image":"","background-repeat":"repeat","background-position":"center center","background-size":"auto","background-attachment":"scroll","background-type":"","background-media":"","overlay-type":"","overlay-color":"","overlay-opacity":"","overlay-gradient":""}},"ast-content-background-meta":{"desktop":{"background-color":"var(--ast-global-color-4)","background-image":"","background-repeat":"repeat","background-position":"center center","background-size":"auto","background-attachment":"scroll","background-type":"","background-media":"","overlay-type":"","overlay-color":"","overlay-opacity":"","overlay-gradient":""},"tablet":{"background-color":"var(--ast-global-color-4)","background-image":"","background-repeat":"repeat","background-position":"center center","background-size":"auto","background-attachment":"scroll","background-type":"","background-media":"","overlay-type":"","overlay-color":"","overlay-opacity":"","overlay-gradient":""},"mobile":{"background-color":"var(--ast-global-color-4)","background-image":"","background-repeat":"repeat","background-position":"center center","background-size":"auto","background-attachment":"scroll","background-type":"","background-media":"","overlay-type":"","overlay-color":"","overlay-opacity":"","overlay-gradient":""}},"footnotes":""},"categories":[9],"tags":[],"class_list":["post-2819","post","type-post","status-publish","format-standard","has-post-thumbnail","hentry","category-mis-escritos"],"yoast_head":"<!-- This site is optimized with the Yoast SEO plugin v26.0 - https:\/\/yoast.com\/wordpress\/plugins\/seo\/ -->\n<title>Cuando la libertad de prensa necesita tambi\u00e9n prudencia - MI BLOG<\/title>\n<meta name=\"robots\" content=\"index, follow, max-snippet:-1, max-image-preview:large, max-video-preview:-1\" \/>\n<link rel=\"canonical\" href=\"https:\/\/viniciojarquin.com\/blog\/cuando-la-libertad-de-prensa-necesita-tambien-prudencia\/\" \/>\n<meta property=\"og:locale\" content=\"es_ES\" \/>\n<meta property=\"og:type\" content=\"article\" \/>\n<meta property=\"og:title\" content=\"Cuando la libertad de prensa necesita tambi\u00e9n prudencia - MI BLOG\" \/>\n<meta property=\"og:description\" content=\"Sobre el comentario de Freddy Serrano Quiero expresar p\u00fablicamente mi apoyo al comentario del periodista Freddy Serrano respecto al manejo [&hellip;]\" \/>\n<meta property=\"og:url\" content=\"https:\/\/viniciojarquin.com\/blog\/cuando-la-libertad-de-prensa-necesita-tambien-prudencia\/\" \/>\n<meta property=\"og:site_name\" content=\"MI BLOG\" \/>\n<meta property=\"article:publisher\" content=\"https:\/\/www.facebook.com\/vinicio.jarquin\" \/>\n<meta property=\"article:author\" content=\"https:\/\/www.facebook.com\/vinicio.jarquin\" \/>\n<meta property=\"article:published_time\" content=\"2026-02-24T17:09:05+00:00\" \/>\n<meta property=\"article:modified_time\" content=\"2026-02-24T17:09:52+00:00\" \/>\n<meta property=\"og:image\" content=\"https:\/\/viniciojarquin.com\/blog\/wp-content\/uploads\/2026\/02\/Cuando-la-libertad-de-prensa-necesita.jpg\" \/>\n\t<meta property=\"og:image:width\" content=\"1600\" \/>\n\t<meta property=\"og:image:height\" content=\"1067\" \/>\n\t<meta property=\"og:image:type\" content=\"image\/jpeg\" \/>\n<meta name=\"author\" content=\"Vinicio Jarqu\u00edn\" \/>\n<meta name=\"twitter:card\" content=\"summary_large_image\" \/>\n<meta name=\"twitter:label1\" content=\"Escrito por\" \/>\n\t<meta name=\"twitter:data1\" content=\"Vinicio Jarqu\u00edn\" \/>\n\t<meta name=\"twitter:label2\" content=\"Tiempo de lectura\" \/>\n\t<meta name=\"twitter:data2\" content=\"2 minutos\" \/>\n<script type=\"application\/ld+json\" class=\"yoast-schema-graph\">{\"@context\":\"https:\/\/schema.org\",\"@graph\":[{\"@type\":\"Article\",\"@id\":\"https:\/\/viniciojarquin.com\/blog\/cuando-la-libertad-de-prensa-necesita-tambien-prudencia\/#article\",\"isPartOf\":{\"@id\":\"https:\/\/viniciojarquin.com\/blog\/cuando-la-libertad-de-prensa-necesita-tambien-prudencia\/\"},\"author\":{\"name\":\"Vinicio Jarqu\u00edn\",\"@id\":\"https:\/\/viniciojarquin.com\/blog\/#\/schema\/person\/90100c8845ae55462ec0657d3d2f8d3b\"},\"headline\":\"Cuando la libertad de prensa necesita tambi\u00e9n prudencia\",\"datePublished\":\"2026-02-24T17:09:05+00:00\",\"dateModified\":\"2026-02-24T17:09:52+00:00\",\"mainEntityOfPage\":{\"@id\":\"https:\/\/viniciojarquin.com\/blog\/cuando-la-libertad-de-prensa-necesita-tambien-prudencia\/\"},\"wordCount\":272,\"commentCount\":0,\"publisher\":{\"@id\":\"https:\/\/viniciojarquin.com\/blog\/#\/schema\/person\/90100c8845ae55462ec0657d3d2f8d3b\"},\"image\":{\"@id\":\"https:\/\/viniciojarquin.com\/blog\/cuando-la-libertad-de-prensa-necesita-tambien-prudencia\/#primaryimage\"},\"thumbnailUrl\":\"https:\/\/viniciojarquin.com\/blog\/wp-content\/uploads\/2026\/02\/Cuando-la-libertad-de-prensa-necesita.jpg\",\"articleSection\":[\"Escritos generales\"],\"inLanguage\":\"es\",\"potentialAction\":[{\"@type\":\"CommentAction\",\"name\":\"Comment\",\"target\":[\"https:\/\/viniciojarquin.com\/blog\/cuando-la-libertad-de-prensa-necesita-tambien-prudencia\/#respond\"]}]},{\"@type\":\"WebPage\",\"@id\":\"https:\/\/viniciojarquin.com\/blog\/cuando-la-libertad-de-prensa-necesita-tambien-prudencia\/\",\"url\":\"https:\/\/viniciojarquin.com\/blog\/cuando-la-libertad-de-prensa-necesita-tambien-prudencia\/\",\"name\":\"Cuando la libertad de prensa necesita tambi\u00e9n prudencia - MI BLOG\",\"isPartOf\":{\"@id\":\"https:\/\/viniciojarquin.com\/blog\/#website\"},\"primaryImageOfPage\":{\"@id\":\"https:\/\/viniciojarquin.com\/blog\/cuando-la-libertad-de-prensa-necesita-tambien-prudencia\/#primaryimage\"},\"image\":{\"@id\":\"https:\/\/viniciojarquin.com\/blog\/cuando-la-libertad-de-prensa-necesita-tambien-prudencia\/#primaryimage\"},\"thumbnailUrl\":\"https:\/\/viniciojarquin.com\/blog\/wp-content\/uploads\/2026\/02\/Cuando-la-libertad-de-prensa-necesita.jpg\",\"datePublished\":\"2026-02-24T17:09:05+00:00\",\"dateModified\":\"2026-02-24T17:09:52+00:00\",\"breadcrumb\":{\"@id\":\"https:\/\/viniciojarquin.com\/blog\/cuando-la-libertad-de-prensa-necesita-tambien-prudencia\/#breadcrumb\"},\"inLanguage\":\"es\",\"potentialAction\":[{\"@type\":\"ReadAction\",\"target\":[\"https:\/\/viniciojarquin.com\/blog\/cuando-la-libertad-de-prensa-necesita-tambien-prudencia\/\"]}]},{\"@type\":\"ImageObject\",\"inLanguage\":\"es\",\"@id\":\"https:\/\/viniciojarquin.com\/blog\/cuando-la-libertad-de-prensa-necesita-tambien-prudencia\/#primaryimage\",\"url\":\"https:\/\/viniciojarquin.com\/blog\/wp-content\/uploads\/2026\/02\/Cuando-la-libertad-de-prensa-necesita.jpg\",\"contentUrl\":\"https:\/\/viniciojarquin.com\/blog\/wp-content\/uploads\/2026\/02\/Cuando-la-libertad-de-prensa-necesita.jpg\",\"width\":1600,\"height\":1067},{\"@type\":\"BreadcrumbList\",\"@id\":\"https:\/\/viniciojarquin.com\/blog\/cuando-la-libertad-de-prensa-necesita-tambien-prudencia\/#breadcrumb\",\"itemListElement\":[{\"@type\":\"ListItem\",\"position\":1,\"name\":\"Portada\",\"item\":\"https:\/\/viniciojarquin.com\/blog\/\"},{\"@type\":\"ListItem\",\"position\":2,\"name\":\"Cuando la libertad de prensa necesita tambi\u00e9n prudencia\"}]},{\"@type\":\"WebSite\",\"@id\":\"https:\/\/viniciojarquin.com\/blog\/#website\",\"url\":\"https:\/\/viniciojarquin.com\/blog\/\",\"name\":\"Vinicio Jarqu\u00edn BLOG\",\"description\":\"\",\"publisher\":{\"@id\":\"https:\/\/viniciojarquin.com\/blog\/#\/schema\/person\/90100c8845ae55462ec0657d3d2f8d3b\"},\"potentialAction\":[{\"@type\":\"SearchAction\",\"target\":{\"@type\":\"EntryPoint\",\"urlTemplate\":\"https:\/\/viniciojarquin.com\/blog\/?s={search_term_string}\"},\"query-input\":{\"@type\":\"PropertyValueSpecification\",\"valueRequired\":true,\"valueName\":\"search_term_string\"}}],\"inLanguage\":\"es\"},{\"@type\":[\"Person\",\"Organization\"],\"@id\":\"https:\/\/viniciojarquin.com\/blog\/#\/schema\/person\/90100c8845ae55462ec0657d3d2f8d3b\",\"name\":\"Vinicio Jarqu\u00edn\",\"image\":{\"@type\":\"ImageObject\",\"inLanguage\":\"es\",\"@id\":\"https:\/\/viniciojarquin.com\/blog\/#\/schema\/person\/image\/\",\"url\":\"https:\/\/viniciojarquin.com\/blog\/wp-content\/uploads\/2024\/10\/Logo-VinicioJarquin-original-400.png\",\"contentUrl\":\"https:\/\/viniciojarquin.com\/blog\/wp-content\/uploads\/2024\/10\/Logo-VinicioJarquin-original-400.png\",\"width\":400,\"height\":130,\"caption\":\"Vinicio Jarqu\u00edn\"},\"logo\":{\"@id\":\"https:\/\/viniciojarquin.com\/blog\/#\/schema\/person\/image\/\"},\"description\":\"Empresario textil, artista pl\u00e1stico, escritor, coach de vida y fot\u00f3grafo.\",\"sameAs\":[\"https:\/\/viniciojarquin.com\/blog\",\"https:\/\/www.facebook.com\/vinicio.jarquin\",\"https:\/\/www.instagram.com\/vinicio_jarquin\/\",\"https:\/\/www.pinterest.com\/vinnyjc\/\",\"https:\/\/www.youtube.com\/@VinicioJarquin\"],\"url\":\"https:\/\/viniciojarquin.com\/blog\/author\/admin_s02au25i\/\"}]}<\/script>\n<!-- \/ Yoast SEO plugin. -->","yoast_head_json":{"title":"Cuando la libertad de prensa necesita tambi\u00e9n prudencia - MI BLOG","robots":{"index":"index","follow":"follow","max-snippet":"max-snippet:-1","max-image-preview":"max-image-preview:large","max-video-preview":"max-video-preview:-1"},"canonical":"https:\/\/viniciojarquin.com\/blog\/cuando-la-libertad-de-prensa-necesita-tambien-prudencia\/","og_locale":"es_ES","og_type":"article","og_title":"Cuando la libertad de prensa necesita tambi\u00e9n prudencia - MI BLOG","og_description":"Sobre el comentario de Freddy Serrano Quiero expresar p\u00fablicamente mi apoyo al comentario del periodista Freddy Serrano respecto al manejo [&hellip;]","og_url":"https:\/\/viniciojarquin.com\/blog\/cuando-la-libertad-de-prensa-necesita-tambien-prudencia\/","og_site_name":"MI BLOG","article_publisher":"https:\/\/www.facebook.com\/vinicio.jarquin","article_author":"https:\/\/www.facebook.com\/vinicio.jarquin","article_published_time":"2026-02-24T17:09:05+00:00","article_modified_time":"2026-02-24T17:09:52+00:00","og_image":[{"width":1600,"height":1067,"url":"https:\/\/viniciojarquin.com\/blog\/wp-content\/uploads\/2026\/02\/Cuando-la-libertad-de-prensa-necesita.jpg","type":"image\/jpeg"}],"author":"Vinicio Jarqu\u00edn","twitter_card":"summary_large_image","twitter_misc":{"Escrito por":"Vinicio Jarqu\u00edn","Tiempo de lectura":"2 minutos"},"schema":{"@context":"https:\/\/schema.org","@graph":[{"@type":"Article","@id":"https:\/\/viniciojarquin.com\/blog\/cuando-la-libertad-de-prensa-necesita-tambien-prudencia\/#article","isPartOf":{"@id":"https:\/\/viniciojarquin.com\/blog\/cuando-la-libertad-de-prensa-necesita-tambien-prudencia\/"},"author":{"name":"Vinicio Jarqu\u00edn","@id":"https:\/\/viniciojarquin.com\/blog\/#\/schema\/person\/90100c8845ae55462ec0657d3d2f8d3b"},"headline":"Cuando la libertad de prensa necesita tambi\u00e9n prudencia","datePublished":"2026-02-24T17:09:05+00:00","dateModified":"2026-02-24T17:09:52+00:00","mainEntityOfPage":{"@id":"https:\/\/viniciojarquin.com\/blog\/cuando-la-libertad-de-prensa-necesita-tambien-prudencia\/"},"wordCount":272,"commentCount":0,"publisher":{"@id":"https:\/\/viniciojarquin.com\/blog\/#\/schema\/person\/90100c8845ae55462ec0657d3d2f8d3b"},"image":{"@id":"https:\/\/viniciojarquin.com\/blog\/cuando-la-libertad-de-prensa-necesita-tambien-prudencia\/#primaryimage"},"thumbnailUrl":"https:\/\/viniciojarquin.com\/blog\/wp-content\/uploads\/2026\/02\/Cuando-la-libertad-de-prensa-necesita.jpg","articleSection":["Escritos generales"],"inLanguage":"es","potentialAction":[{"@type":"CommentAction","name":"Comment","target":["https:\/\/viniciojarquin.com\/blog\/cuando-la-libertad-de-prensa-necesita-tambien-prudencia\/#respond"]}]},{"@type":"WebPage","@id":"https:\/\/viniciojarquin.com\/blog\/cuando-la-libertad-de-prensa-necesita-tambien-prudencia\/","url":"https:\/\/viniciojarquin.com\/blog\/cuando-la-libertad-de-prensa-necesita-tambien-prudencia\/","name":"Cuando la libertad de prensa necesita tambi\u00e9n prudencia - MI BLOG","isPartOf":{"@id":"https:\/\/viniciojarquin.com\/blog\/#website"},"primaryImageOfPage":{"@id":"https:\/\/viniciojarquin.com\/blog\/cuando-la-libertad-de-prensa-necesita-tambien-prudencia\/#primaryimage"},"image":{"@id":"https:\/\/viniciojarquin.com\/blog\/cuando-la-libertad-de-prensa-necesita-tambien-prudencia\/#primaryimage"},"thumbnailUrl":"https:\/\/viniciojarquin.com\/blog\/wp-content\/uploads\/2026\/02\/Cuando-la-libertad-de-prensa-necesita.jpg","datePublished":"2026-02-24T17:09:05+00:00","dateModified":"2026-02-24T17:09:52+00:00","breadcrumb":{"@id":"https:\/\/viniciojarquin.com\/blog\/cuando-la-libertad-de-prensa-necesita-tambien-prudencia\/#breadcrumb"},"inLanguage":"es","potentialAction":[{"@type":"ReadAction","target":["https:\/\/viniciojarquin.com\/blog\/cuando-la-libertad-de-prensa-necesita-tambien-prudencia\/"]}]},{"@type":"ImageObject","inLanguage":"es","@id":"https:\/\/viniciojarquin.com\/blog\/cuando-la-libertad-de-prensa-necesita-tambien-prudencia\/#primaryimage","url":"https:\/\/viniciojarquin.com\/blog\/wp-content\/uploads\/2026\/02\/Cuando-la-libertad-de-prensa-necesita.jpg","contentUrl":"https:\/\/viniciojarquin.com\/blog\/wp-content\/uploads\/2026\/02\/Cuando-la-libertad-de-prensa-necesita.jpg","width":1600,"height":1067},{"@type":"BreadcrumbList","@id":"https:\/\/viniciojarquin.com\/blog\/cuando-la-libertad-de-prensa-necesita-tambien-prudencia\/#breadcrumb","itemListElement":[{"@type":"ListItem","position":1,"name":"Portada","item":"https:\/\/viniciojarquin.com\/blog\/"},{"@type":"ListItem","position":2,"name":"Cuando la libertad de prensa necesita tambi\u00e9n prudencia"}]},{"@type":"WebSite","@id":"https:\/\/viniciojarquin.com\/blog\/#website","url":"https:\/\/viniciojarquin.com\/blog\/","name":"Vinicio Jarqu\u00edn BLOG","description":"","publisher":{"@id":"https:\/\/viniciojarquin.com\/blog\/#\/schema\/person\/90100c8845ae55462ec0657d3d2f8d3b"},"potentialAction":[{"@type":"SearchAction","target":{"@type":"EntryPoint","urlTemplate":"https:\/\/viniciojarquin.com\/blog\/?s={search_term_string}"},"query-input":{"@type":"PropertyValueSpecification","valueRequired":true,"valueName":"search_term_string"}}],"inLanguage":"es"},{"@type":["Person","Organization"],"@id":"https:\/\/viniciojarquin.com\/blog\/#\/schema\/person\/90100c8845ae55462ec0657d3d2f8d3b","name":"Vinicio Jarqu\u00edn","image":{"@type":"ImageObject","inLanguage":"es","@id":"https:\/\/viniciojarquin.com\/blog\/#\/schema\/person\/image\/","url":"https:\/\/viniciojarquin.com\/blog\/wp-content\/uploads\/2024\/10\/Logo-VinicioJarquin-original-400.png","contentUrl":"https:\/\/viniciojarquin.com\/blog\/wp-content\/uploads\/2024\/10\/Logo-VinicioJarquin-original-400.png","width":400,"height":130,"caption":"Vinicio Jarqu\u00edn"},"logo":{"@id":"https:\/\/viniciojarquin.com\/blog\/#\/schema\/person\/image\/"},"description":"Empresario textil, artista pl\u00e1stico, escritor, coach de vida y fot\u00f3grafo.","sameAs":["https:\/\/viniciojarquin.com\/blog","https:\/\/www.facebook.com\/vinicio.jarquin","https:\/\/www.instagram.com\/vinicio_jarquin\/","https:\/\/www.pinterest.com\/vinnyjc\/","https:\/\/www.youtube.com\/@VinicioJarquin"],"url":"https:\/\/viniciojarquin.com\/blog\/author\/admin_s02au25i\/"}]}},"blog_post_layout_featured_media_urls":{"thumbnail":["https:\/\/viniciojarquin.com\/blog\/wp-content\/uploads\/2026\/02\/Cuando-la-libertad-de-prensa-necesita-150x150.jpg",150,150,true],"full":["https:\/\/viniciojarquin.com\/blog\/wp-content\/uploads\/2026\/02\/Cuando-la-libertad-de-prensa-necesita.jpg",1600,1067,false]},"categories_names":{"9":{"name":"Escritos generales","link":"https:\/\/viniciojarquin.com\/blog\/category\/mis-escritos\/"}},"tags_names":[],"comments_number":"0","_links":{"self":[{"href":"https:\/\/viniciojarquin.com\/blog\/wp-json\/wp\/v2\/posts\/2819","targetHints":{"allow":["GET"]}}],"collection":[{"href":"https:\/\/viniciojarquin.com\/blog\/wp-json\/wp\/v2\/posts"}],"about":[{"href":"https:\/\/viniciojarquin.com\/blog\/wp-json\/wp\/v2\/types\/post"}],"author":[{"embeddable":true,"href":"https:\/\/viniciojarquin.com\/blog\/wp-json\/wp\/v2\/users\/1"}],"replies":[{"embeddable":true,"href":"https:\/\/viniciojarquin.com\/blog\/wp-json\/wp\/v2\/comments?post=2819"}],"version-history":[{"count":1,"href":"https:\/\/viniciojarquin.com\/blog\/wp-json\/wp\/v2\/posts\/2819\/revisions"}],"predecessor-version":[{"id":2821,"href":"https:\/\/viniciojarquin.com\/blog\/wp-json\/wp\/v2\/posts\/2819\/revisions\/2821"}],"wp:featuredmedia":[{"embeddable":true,"href":"https:\/\/viniciojarquin.com\/blog\/wp-json\/wp\/v2\/media\/2820"}],"wp:attachment":[{"href":"https:\/\/viniciojarquin.com\/blog\/wp-json\/wp\/v2\/media?parent=2819"}],"wp:term":[{"taxonomy":"category","embeddable":true,"href":"https:\/\/viniciojarquin.com\/blog\/wp-json\/wp\/v2\/categories?post=2819"},{"taxonomy":"post_tag","embeddable":true,"href":"https:\/\/viniciojarquin.com\/blog\/wp-json\/wp\/v2\/tags?post=2819"}],"curies":[{"name":"wp","href":"https:\/\/api.w.org\/{rel}","templated":true}]}}