{"id":2842,"date":"2026-03-04T02:49:23","date_gmt":"2026-03-04T02:49:23","guid":{"rendered":"https:\/\/viniciojarquin.com\/blog\/?p=2842"},"modified":"2026-03-04T02:49:24","modified_gmt":"2026-03-04T02:49:24","slug":"costa-rica-en-voz-de-mujer-y-el-poder-en-movimiento","status":"publish","type":"post","link":"https:\/\/viniciojarquin.com\/blog\/costa-rica-en-voz-de-mujer-y-el-poder-en-movimiento\/","title":{"rendered":"Costa Rica en voz de mujer, y el poder en movimiento"},"content":{"rendered":"\n<p><strong>Martes por la ma\u00f1ana<\/strong><\/p>\n\n\n\n<p>Fui invitado por In\u00e9s Revuelta S\u00e1nchez a la presentaci\u00f3n de su libro <em>Costa Rica en voz de mujer<\/em>. La actividad se realiz\u00f3 en el Sal\u00f3n de Jefes de Estado de la Asamblea Legislativa, un espacio cargado de simbolismo hist\u00f3rico, aunque en esta ocasi\u00f3n no hab\u00eda expresidentes presentes. Para m\u00ed era una buena oportunidad para acompa\u00f1ar a In\u00e9s y, al mismo tiempo, seguir observando ese entorno pol\u00edtico que se ha convertido en parte del paisaje de estos meses tan intensos.<\/p>\n\n\n\n<p>El evento tuvo un ambiente sobrio y muy bien cuidado. Hablaron la vicepresidenta de la Asamblea Legislativa, la Defensora de los Habitantes, una representante del Tribunal Supremo de Elecciones, la representante del Programa Estado de la Naci\u00f3n y la directora del Archivo Nacional. Entre intervenciones tambi\u00e9n disfrutamos algunas melod\u00edas interpretadas por un tr\u00edo de flautas, que aport\u00f3 una pausa musical muy agradable antes de escuchar finalmente a do\u00f1a In\u00e9s presentar su obra.<\/p>\n\n\n\n<p>Durante la ma\u00f1ana tambi\u00e9n tuve encuentros interesantes. Conoc\u00ed a Benji G\u00f3mez, una mujer extraordinariamente hermosa y con una presencia muy particular, quien preside la Asociaci\u00f3n Pro-Hospital San Rafael de Alajuela. Conversamos un rato y m\u00e1s tarde le ofrec\u00ed mi ayuda en lo que estuviera a mi alcance para apoyar su proyecto, que me pareci\u00f3 valioso y necesario.<\/p>\n\n\n\n<p>Por iniciativa de Benji termin\u00e9 sentado al lado de don Gustavo Guti\u00e9rrez, exrector de la Universidad de Costa Rica. Disfrut\u00e9 mucho esa conversaci\u00f3n. Su tono, su pausa al hablar y su mirada transmiten una serenidad muy particular. Lament\u00e9 que, al terminar la actividad y levantarse la gente, no lograra despedirme de \u00e9l con calma. Dichosamente nos encontramos de nuevo m\u00e1s tarde ese mismo d\u00eda en la actividad de la Galer\u00eda Talentum. Ambos segu\u00edamos vestidos exactamente igual que en la ma\u00f1ana, ninguno se hab\u00eda cambiado de ropa, lo que nos hizo reconocer de inmediato la coincidencia del d\u00eda. All\u00ed pudimos conversar con m\u00e1s tranquilidad, m\u00e1s cercanos, casi como viejos conocidos. Ojal\u00e1 pueda tenerlo cerca eventualmente; esas conversaciones valen mucho. Pero de ese encuentro les cuento m\u00e1s adelante.<\/p>\n\n\n\n<p>La ma\u00f1ana tambi\u00e9n sirvi\u00f3 para saludar a varias figuras del ambiente pol\u00edtico y acad\u00e9mico. El asesor de Natalia D\u00edaz incluso nos pidi\u00f3 tomarnos una fotograf\u00eda a Benji y a m\u00ed. No s\u00e9 si fue porque ella es muy reconocida, porque yo aparezco en muchos espacios \u00faltimamente, o simplemente porque nos vio juntos y le pareci\u00f3 una buena escena para registrar.<\/p>\n\n\n\n<p>Aprovech\u00e9 adem\u00e1s para conversar con periodistas, asesores legislativos, diputados y exdiputados. Ese tipo de encuentros siempre puede resultar \u00fatil para las funciones que hoy desempe\u00f1o dentro de Apacigua, o incluso para explorar c\u00f3mo desde Apacigua podr\u00edamos eventualmente apoyar algunos procesos ciudadanos o institucionales.<\/p>\n\n\n\n<p>Tambi\u00e9n hubo espacio para algunas fotograf\u00edas y saludos. Me tom\u00e9 fotos con do\u00f1a Claudia Dobles, exprimera dama de la Rep\u00fablica, excandidata presidencial y hoy diputada electa; con Karen Segura, excandidata a la primera vicepresidencia junto a \u00c1lvaro Ramos; con Andrea Centeno, excandidata a la primera vicepresidencia con Claudia Dobles; con Tania Molina, excandidata a la primera vicepresidencia con Eli Feinzaig; con Heilen D\u00edaz, excandidata a la vicepresidencia con Ana Virginia Calzada; con Abril Gordienko, diputada electa por el PUSC; y, por supuesto, con la anfitriona del evento, do\u00f1a In\u00e9s.<\/p>\n\n\n\n<p>Todo esto ocurre mientras avanzo en algo que ya les he contado: acabo de empezar el quinto libro que estoy escribiendo sobre estos tiempos pol\u00edticos. La mala noticia es que ya son cinco los libros que llevo a medio camino y no s\u00e9 cu\u00e1ndo podr\u00e9 avanzar en todos al ritmo que quisiera. La buena noticia es que el material sigue apareciendo y cada experiencia aporta una nueva pieza al rompecabezas.<\/p>\n\n\n\n<p>Este \u00faltimo libro lo estoy abordando desde una met\u00e1fora que he llamado \u201cf\u00e1rmaco din\u00e1mica\u201d. En medicina, la farmacodin\u00e1mica estudia c\u00f3mo act\u00faa una sustancia dentro del cuerpo y c\u00f3mo el organismo reacciona ante ella. Yo estoy utilizando esa imagen para observar c\u00f3mo el poder act\u00faa en las personas que llegan a la Asamblea Legislativa y c\u00f3mo cada una, seg\u00fan su historia, su car\u00e1cter y su contexto, reacciona ante esa dosis de poder.<\/p>\n\n\n\n<p>No es un libro partidario ni acusatorio. No es un ajuste de cuentas ni una defensa ideol\u00f3gica. Es m\u00e1s bien una mirada humana y estructural: qu\u00e9 ocurre cuando alguien pasa de ser un ciudadano com\u00fan, a ocupar una curul; c\u00f3mo influyen el edificio, el protocolo, los asesores, la visibilidad p\u00fablica; c\u00f3mo se transforma la identidad; c\u00f3mo se metaboliza la presi\u00f3n; y qu\u00e9 sucede cuando esa investidura termina.<\/p>\n\n\n\n<p>La Asamblea, que hasta hace poco era para m\u00ed un lugar distante, empieza a convertirse en un laboratorio simb\u00f3lico para observar el poder en movimiento. Y mientras algunos escriben sobre la voz de la mujer en Costa Rica \u2014con raz\u00f3n y con belleza\u2014 yo sigo intentando comprender otra dimensi\u00f3n del momento pol\u00edtico: c\u00f3mo se comporta el ser humano cuando el poder entra en su sistema.<\/p>\n\n\n\n<figure class=\"wp-block-image size-large\"><img decoding=\"async\" width=\"1024\" height=\"683\" data-src=\"https:\/\/viniciojarquin.com\/blog\/wp-content\/uploads\/2026\/03\/Martes-en-la-manana-1024x683.jpg\" alt=\"\" class=\"wp-image-2844 lazyload\" data-srcset=\"https:\/\/viniciojarquin.com\/blog\/wp-content\/uploads\/2026\/03\/Martes-en-la-manana-1024x683.jpg 1024w, https:\/\/viniciojarquin.com\/blog\/wp-content\/uploads\/2026\/03\/Martes-en-la-manana-300x200.jpg 300w, https:\/\/viniciojarquin.com\/blog\/wp-content\/uploads\/2026\/03\/Martes-en-la-manana-768x512.jpg 768w, https:\/\/viniciojarquin.com\/blog\/wp-content\/uploads\/2026\/03\/Martes-en-la-manana-1536x1024.jpg 1536w, https:\/\/viniciojarquin.com\/blog\/wp-content\/uploads\/2026\/03\/Martes-en-la-manana.jpg 1600w\" data-sizes=\"(max-width: 1024px) 100vw, 1024px\" src=\"data:image\/svg+xml;base64,PHN2ZyB3aWR0aD0iMSIgaGVpZ2h0PSIxIiB4bWxucz0iaHR0cDovL3d3dy53My5vcmcvMjAwMC9zdmciPjwvc3ZnPg==\" style=\"--smush-placeholder-width: 1024px; --smush-placeholder-aspect-ratio: 1024\/683;\" \/><\/figure>\n","protected":false},"excerpt":{"rendered":"<p>Martes por la ma\u00f1ana Fui invitado por In\u00e9s Revuelta S\u00e1nchez a la presentaci\u00f3n de su libro Costa Rica en voz [&hellip;]<\/p>\n","protected":false},"author":1,"featured_media":2844,"comment_status":"open","ping_status":"open","sticky":false,"template":"","format":"standard","meta":{"site-sidebar-layout":"default","site-content-layout":"","ast-site-content-layout":"","site-content-style":"default","site-sidebar-style":"default","ast-global-header-display":"","ast-banner-title-visibility":"","ast-main-header-display":"","ast-hfb-above-header-display":"","ast-hfb-below-header-display":"","ast-hfb-mobile-header-display":"","site-post-title":"","ast-breadcrumbs-content":"","ast-featured-img":"","footer-sml-layout":"","theme-transparent-header-meta":"","adv-header-id-meta":"","stick-header-meta":"","header-above-stick-meta":"","header-main-stick-meta":"","header-below-stick-meta":"","astra-migrate-meta-layouts":"default","ast-page-background-enabled":"default","ast-page-background-meta":{"desktop":{"background-color":"var(--ast-global-color-5)","background-image":"","background-repeat":"repeat","background-position":"center center","background-size":"auto","background-attachment":"scroll","background-type":"","background-media":"","overlay-type":"","overlay-color":"","overlay-opacity":"","overlay-gradient":""},"tablet":{"background-color":"","background-image":"","background-repeat":"repeat","background-position":"center center","background-size":"auto","background-attachment":"scroll","background-type":"","background-media":"","overlay-type":"","overlay-color":"","overlay-opacity":"","overlay-gradient":""},"mobile":{"background-color":"","background-image":"","background-repeat":"repeat","background-position":"center center","background-size":"auto","background-attachment":"scroll","background-type":"","background-media":"","overlay-type":"","overlay-color":"","overlay-opacity":"","overlay-gradient":""}},"ast-content-background-meta":{"desktop":{"background-color":"var(--ast-global-color-4)","background-image":"","background-repeat":"repeat","background-position":"center center","background-size":"auto","background-attachment":"scroll","background-type":"","background-media":"","overlay-type":"","overlay-color":"","overlay-opacity":"","overlay-gradient":""},"tablet":{"background-color":"var(--ast-global-color-4)","background-image":"","background-repeat":"repeat","background-position":"center center","background-size":"auto","background-attachment":"scroll","background-type":"","background-media":"","overlay-type":"","overlay-color":"","overlay-opacity":"","overlay-gradient":""},"mobile":{"background-color":"var(--ast-global-color-4)","background-image":"","background-repeat":"repeat","background-position":"center center","background-size":"auto","background-attachment":"scroll","background-type":"","background-media":"","overlay-type":"","overlay-color":"","overlay-opacity":"","overlay-gradient":""}},"footnotes":""},"categories":[9],"tags":[],"class_list":["post-2842","post","type-post","status-publish","format-standard","has-post-thumbnail","hentry","category-mis-escritos"],"yoast_head":"<!-- This site is optimized with the Yoast SEO plugin v26.0 - https:\/\/yoast.com\/wordpress\/plugins\/seo\/ -->\n<title>Costa Rica en voz de mujer, y el poder en movimiento - MI BLOG<\/title>\n<meta name=\"robots\" content=\"index, follow, max-snippet:-1, max-image-preview:large, max-video-preview:-1\" \/>\n<link rel=\"canonical\" href=\"https:\/\/viniciojarquin.com\/blog\/costa-rica-en-voz-de-mujer-y-el-poder-en-movimiento\/\" \/>\n<meta property=\"og:locale\" content=\"es_ES\" \/>\n<meta property=\"og:type\" content=\"article\" \/>\n<meta property=\"og:title\" content=\"Costa Rica en voz de mujer, y el poder en movimiento - MI BLOG\" \/>\n<meta property=\"og:description\" content=\"Martes por la ma\u00f1ana Fui invitado por In\u00e9s Revuelta S\u00e1nchez a la presentaci\u00f3n de su libro Costa Rica en voz [&hellip;]\" \/>\n<meta property=\"og:url\" content=\"https:\/\/viniciojarquin.com\/blog\/costa-rica-en-voz-de-mujer-y-el-poder-en-movimiento\/\" \/>\n<meta property=\"og:site_name\" content=\"MI BLOG\" \/>\n<meta property=\"article:publisher\" content=\"https:\/\/www.facebook.com\/vinicio.jarquin\" \/>\n<meta property=\"article:author\" content=\"https:\/\/www.facebook.com\/vinicio.jarquin\" \/>\n<meta property=\"article:published_time\" content=\"2026-03-04T02:49:23+00:00\" \/>\n<meta property=\"article:modified_time\" content=\"2026-03-04T02:49:24+00:00\" \/>\n<meta property=\"og:image\" content=\"https:\/\/viniciojarquin.com\/blog\/wp-content\/uploads\/2026\/03\/Martes-en-la-manana.jpg\" \/>\n\t<meta property=\"og:image:width\" content=\"1600\" \/>\n\t<meta property=\"og:image:height\" content=\"1067\" \/>\n\t<meta property=\"og:image:type\" content=\"image\/jpeg\" \/>\n<meta name=\"author\" content=\"Vinicio Jarqu\u00edn\" \/>\n<meta name=\"twitter:card\" content=\"summary_large_image\" \/>\n<meta name=\"twitter:label1\" content=\"Escrito por\" \/>\n\t<meta name=\"twitter:data1\" content=\"Vinicio Jarqu\u00edn\" \/>\n\t<meta name=\"twitter:label2\" content=\"Tiempo de lectura\" \/>\n\t<meta name=\"twitter:data2\" content=\"5 minutos\" \/>\n<script type=\"application\/ld+json\" class=\"yoast-schema-graph\">{\"@context\":\"https:\/\/schema.org\",\"@graph\":[{\"@type\":\"Article\",\"@id\":\"https:\/\/viniciojarquin.com\/blog\/costa-rica-en-voz-de-mujer-y-el-poder-en-movimiento\/#article\",\"isPartOf\":{\"@id\":\"https:\/\/viniciojarquin.com\/blog\/costa-rica-en-voz-de-mujer-y-el-poder-en-movimiento\/\"},\"author\":{\"name\":\"Vinicio Jarqu\u00edn\",\"@id\":\"https:\/\/viniciojarquin.com\/blog\/#\/schema\/person\/90100c8845ae55462ec0657d3d2f8d3b\"},\"headline\":\"Costa Rica en voz de mujer, y el poder en movimiento\",\"datePublished\":\"2026-03-04T02:49:23+00:00\",\"dateModified\":\"2026-03-04T02:49:24+00:00\",\"mainEntityOfPage\":{\"@id\":\"https:\/\/viniciojarquin.com\/blog\/costa-rica-en-voz-de-mujer-y-el-poder-en-movimiento\/\"},\"wordCount\":892,\"commentCount\":0,\"publisher\":{\"@id\":\"https:\/\/viniciojarquin.com\/blog\/#\/schema\/person\/90100c8845ae55462ec0657d3d2f8d3b\"},\"image\":{\"@id\":\"https:\/\/viniciojarquin.com\/blog\/costa-rica-en-voz-de-mujer-y-el-poder-en-movimiento\/#primaryimage\"},\"thumbnailUrl\":\"https:\/\/viniciojarquin.com\/blog\/wp-content\/uploads\/2026\/03\/Martes-en-la-manana.jpg\",\"articleSection\":[\"Escritos generales\"],\"inLanguage\":\"es\",\"potentialAction\":[{\"@type\":\"CommentAction\",\"name\":\"Comment\",\"target\":[\"https:\/\/viniciojarquin.com\/blog\/costa-rica-en-voz-de-mujer-y-el-poder-en-movimiento\/#respond\"]}]},{\"@type\":\"WebPage\",\"@id\":\"https:\/\/viniciojarquin.com\/blog\/costa-rica-en-voz-de-mujer-y-el-poder-en-movimiento\/\",\"url\":\"https:\/\/viniciojarquin.com\/blog\/costa-rica-en-voz-de-mujer-y-el-poder-en-movimiento\/\",\"name\":\"Costa Rica en voz de mujer, y el poder en movimiento - MI BLOG\",\"isPartOf\":{\"@id\":\"https:\/\/viniciojarquin.com\/blog\/#website\"},\"primaryImageOfPage\":{\"@id\":\"https:\/\/viniciojarquin.com\/blog\/costa-rica-en-voz-de-mujer-y-el-poder-en-movimiento\/#primaryimage\"},\"image\":{\"@id\":\"https:\/\/viniciojarquin.com\/blog\/costa-rica-en-voz-de-mujer-y-el-poder-en-movimiento\/#primaryimage\"},\"thumbnailUrl\":\"https:\/\/viniciojarquin.com\/blog\/wp-content\/uploads\/2026\/03\/Martes-en-la-manana.jpg\",\"datePublished\":\"2026-03-04T02:49:23+00:00\",\"dateModified\":\"2026-03-04T02:49:24+00:00\",\"breadcrumb\":{\"@id\":\"https:\/\/viniciojarquin.com\/blog\/costa-rica-en-voz-de-mujer-y-el-poder-en-movimiento\/#breadcrumb\"},\"inLanguage\":\"es\",\"potentialAction\":[{\"@type\":\"ReadAction\",\"target\":[\"https:\/\/viniciojarquin.com\/blog\/costa-rica-en-voz-de-mujer-y-el-poder-en-movimiento\/\"]}]},{\"@type\":\"ImageObject\",\"inLanguage\":\"es\",\"@id\":\"https:\/\/viniciojarquin.com\/blog\/costa-rica-en-voz-de-mujer-y-el-poder-en-movimiento\/#primaryimage\",\"url\":\"https:\/\/viniciojarquin.com\/blog\/wp-content\/uploads\/2026\/03\/Martes-en-la-manana.jpg\",\"contentUrl\":\"https:\/\/viniciojarquin.com\/blog\/wp-content\/uploads\/2026\/03\/Martes-en-la-manana.jpg\",\"width\":1600,\"height\":1067},{\"@type\":\"BreadcrumbList\",\"@id\":\"https:\/\/viniciojarquin.com\/blog\/costa-rica-en-voz-de-mujer-y-el-poder-en-movimiento\/#breadcrumb\",\"itemListElement\":[{\"@type\":\"ListItem\",\"position\":1,\"name\":\"Portada\",\"item\":\"https:\/\/viniciojarquin.com\/blog\/\"},{\"@type\":\"ListItem\",\"position\":2,\"name\":\"Costa Rica en voz de mujer, y el poder en movimiento\"}]},{\"@type\":\"WebSite\",\"@id\":\"https:\/\/viniciojarquin.com\/blog\/#website\",\"url\":\"https:\/\/viniciojarquin.com\/blog\/\",\"name\":\"Vinicio Jarqu\u00edn BLOG\",\"description\":\"\",\"publisher\":{\"@id\":\"https:\/\/viniciojarquin.com\/blog\/#\/schema\/person\/90100c8845ae55462ec0657d3d2f8d3b\"},\"potentialAction\":[{\"@type\":\"SearchAction\",\"target\":{\"@type\":\"EntryPoint\",\"urlTemplate\":\"https:\/\/viniciojarquin.com\/blog\/?s={search_term_string}\"},\"query-input\":{\"@type\":\"PropertyValueSpecification\",\"valueRequired\":true,\"valueName\":\"search_term_string\"}}],\"inLanguage\":\"es\"},{\"@type\":[\"Person\",\"Organization\"],\"@id\":\"https:\/\/viniciojarquin.com\/blog\/#\/schema\/person\/90100c8845ae55462ec0657d3d2f8d3b\",\"name\":\"Vinicio Jarqu\u00edn\",\"image\":{\"@type\":\"ImageObject\",\"inLanguage\":\"es\",\"@id\":\"https:\/\/viniciojarquin.com\/blog\/#\/schema\/person\/image\/\",\"url\":\"https:\/\/viniciojarquin.com\/blog\/wp-content\/uploads\/2024\/10\/Logo-VinicioJarquin-original-400.png\",\"contentUrl\":\"https:\/\/viniciojarquin.com\/blog\/wp-content\/uploads\/2024\/10\/Logo-VinicioJarquin-original-400.png\",\"width\":400,\"height\":130,\"caption\":\"Vinicio Jarqu\u00edn\"},\"logo\":{\"@id\":\"https:\/\/viniciojarquin.com\/blog\/#\/schema\/person\/image\/\"},\"description\":\"Empresario textil, artista pl\u00e1stico, escritor, coach de vida y fot\u00f3grafo.\",\"sameAs\":[\"https:\/\/viniciojarquin.com\/blog\",\"https:\/\/www.facebook.com\/vinicio.jarquin\",\"https:\/\/www.instagram.com\/vinicio_jarquin\/\",\"https:\/\/www.pinterest.com\/vinnyjc\/\",\"https:\/\/www.youtube.com\/@VinicioJarquin\"],\"url\":\"https:\/\/viniciojarquin.com\/blog\/author\/admin_s02au25i\/\"}]}<\/script>\n<!-- \/ Yoast SEO plugin. -->","yoast_head_json":{"title":"Costa Rica en voz de mujer, y el poder en movimiento - MI BLOG","robots":{"index":"index","follow":"follow","max-snippet":"max-snippet:-1","max-image-preview":"max-image-preview:large","max-video-preview":"max-video-preview:-1"},"canonical":"https:\/\/viniciojarquin.com\/blog\/costa-rica-en-voz-de-mujer-y-el-poder-en-movimiento\/","og_locale":"es_ES","og_type":"article","og_title":"Costa Rica en voz de mujer, y el poder en movimiento - MI BLOG","og_description":"Martes por la ma\u00f1ana Fui invitado por In\u00e9s Revuelta S\u00e1nchez a la presentaci\u00f3n de su libro Costa Rica en voz [&hellip;]","og_url":"https:\/\/viniciojarquin.com\/blog\/costa-rica-en-voz-de-mujer-y-el-poder-en-movimiento\/","og_site_name":"MI BLOG","article_publisher":"https:\/\/www.facebook.com\/vinicio.jarquin","article_author":"https:\/\/www.facebook.com\/vinicio.jarquin","article_published_time":"2026-03-04T02:49:23+00:00","article_modified_time":"2026-03-04T02:49:24+00:00","og_image":[{"width":1600,"height":1067,"url":"https:\/\/viniciojarquin.com\/blog\/wp-content\/uploads\/2026\/03\/Martes-en-la-manana.jpg","type":"image\/jpeg"}],"author":"Vinicio Jarqu\u00edn","twitter_card":"summary_large_image","twitter_misc":{"Escrito por":"Vinicio Jarqu\u00edn","Tiempo de lectura":"5 minutos"},"schema":{"@context":"https:\/\/schema.org","@graph":[{"@type":"Article","@id":"https:\/\/viniciojarquin.com\/blog\/costa-rica-en-voz-de-mujer-y-el-poder-en-movimiento\/#article","isPartOf":{"@id":"https:\/\/viniciojarquin.com\/blog\/costa-rica-en-voz-de-mujer-y-el-poder-en-movimiento\/"},"author":{"name":"Vinicio Jarqu\u00edn","@id":"https:\/\/viniciojarquin.com\/blog\/#\/schema\/person\/90100c8845ae55462ec0657d3d2f8d3b"},"headline":"Costa Rica en voz de mujer, y el poder en movimiento","datePublished":"2026-03-04T02:49:23+00:00","dateModified":"2026-03-04T02:49:24+00:00","mainEntityOfPage":{"@id":"https:\/\/viniciojarquin.com\/blog\/costa-rica-en-voz-de-mujer-y-el-poder-en-movimiento\/"},"wordCount":892,"commentCount":0,"publisher":{"@id":"https:\/\/viniciojarquin.com\/blog\/#\/schema\/person\/90100c8845ae55462ec0657d3d2f8d3b"},"image":{"@id":"https:\/\/viniciojarquin.com\/blog\/costa-rica-en-voz-de-mujer-y-el-poder-en-movimiento\/#primaryimage"},"thumbnailUrl":"https:\/\/viniciojarquin.com\/blog\/wp-content\/uploads\/2026\/03\/Martes-en-la-manana.jpg","articleSection":["Escritos generales"],"inLanguage":"es","potentialAction":[{"@type":"CommentAction","name":"Comment","target":["https:\/\/viniciojarquin.com\/blog\/costa-rica-en-voz-de-mujer-y-el-poder-en-movimiento\/#respond"]}]},{"@type":"WebPage","@id":"https:\/\/viniciojarquin.com\/blog\/costa-rica-en-voz-de-mujer-y-el-poder-en-movimiento\/","url":"https:\/\/viniciojarquin.com\/blog\/costa-rica-en-voz-de-mujer-y-el-poder-en-movimiento\/","name":"Costa Rica en voz de mujer, y el poder en movimiento - MI BLOG","isPartOf":{"@id":"https:\/\/viniciojarquin.com\/blog\/#website"},"primaryImageOfPage":{"@id":"https:\/\/viniciojarquin.com\/blog\/costa-rica-en-voz-de-mujer-y-el-poder-en-movimiento\/#primaryimage"},"image":{"@id":"https:\/\/viniciojarquin.com\/blog\/costa-rica-en-voz-de-mujer-y-el-poder-en-movimiento\/#primaryimage"},"thumbnailUrl":"https:\/\/viniciojarquin.com\/blog\/wp-content\/uploads\/2026\/03\/Martes-en-la-manana.jpg","datePublished":"2026-03-04T02:49:23+00:00","dateModified":"2026-03-04T02:49:24+00:00","breadcrumb":{"@id":"https:\/\/viniciojarquin.com\/blog\/costa-rica-en-voz-de-mujer-y-el-poder-en-movimiento\/#breadcrumb"},"inLanguage":"es","potentialAction":[{"@type":"ReadAction","target":["https:\/\/viniciojarquin.com\/blog\/costa-rica-en-voz-de-mujer-y-el-poder-en-movimiento\/"]}]},{"@type":"ImageObject","inLanguage":"es","@id":"https:\/\/viniciojarquin.com\/blog\/costa-rica-en-voz-de-mujer-y-el-poder-en-movimiento\/#primaryimage","url":"https:\/\/viniciojarquin.com\/blog\/wp-content\/uploads\/2026\/03\/Martes-en-la-manana.jpg","contentUrl":"https:\/\/viniciojarquin.com\/blog\/wp-content\/uploads\/2026\/03\/Martes-en-la-manana.jpg","width":1600,"height":1067},{"@type":"BreadcrumbList","@id":"https:\/\/viniciojarquin.com\/blog\/costa-rica-en-voz-de-mujer-y-el-poder-en-movimiento\/#breadcrumb","itemListElement":[{"@type":"ListItem","position":1,"name":"Portada","item":"https:\/\/viniciojarquin.com\/blog\/"},{"@type":"ListItem","position":2,"name":"Costa Rica en voz de mujer, y el poder en movimiento"}]},{"@type":"WebSite","@id":"https:\/\/viniciojarquin.com\/blog\/#website","url":"https:\/\/viniciojarquin.com\/blog\/","name":"Vinicio Jarqu\u00edn BLOG","description":"","publisher":{"@id":"https:\/\/viniciojarquin.com\/blog\/#\/schema\/person\/90100c8845ae55462ec0657d3d2f8d3b"},"potentialAction":[{"@type":"SearchAction","target":{"@type":"EntryPoint","urlTemplate":"https:\/\/viniciojarquin.com\/blog\/?s={search_term_string}"},"query-input":{"@type":"PropertyValueSpecification","valueRequired":true,"valueName":"search_term_string"}}],"inLanguage":"es"},{"@type":["Person","Organization"],"@id":"https:\/\/viniciojarquin.com\/blog\/#\/schema\/person\/90100c8845ae55462ec0657d3d2f8d3b","name":"Vinicio Jarqu\u00edn","image":{"@type":"ImageObject","inLanguage":"es","@id":"https:\/\/viniciojarquin.com\/blog\/#\/schema\/person\/image\/","url":"https:\/\/viniciojarquin.com\/blog\/wp-content\/uploads\/2024\/10\/Logo-VinicioJarquin-original-400.png","contentUrl":"https:\/\/viniciojarquin.com\/blog\/wp-content\/uploads\/2024\/10\/Logo-VinicioJarquin-original-400.png","width":400,"height":130,"caption":"Vinicio Jarqu\u00edn"},"logo":{"@id":"https:\/\/viniciojarquin.com\/blog\/#\/schema\/person\/image\/"},"description":"Empresario textil, artista pl\u00e1stico, escritor, coach de vida y fot\u00f3grafo.","sameAs":["https:\/\/viniciojarquin.com\/blog","https:\/\/www.facebook.com\/vinicio.jarquin","https:\/\/www.instagram.com\/vinicio_jarquin\/","https:\/\/www.pinterest.com\/vinnyjc\/","https:\/\/www.youtube.com\/@VinicioJarquin"],"url":"https:\/\/viniciojarquin.com\/blog\/author\/admin_s02au25i\/"}]}},"blog_post_layout_featured_media_urls":{"thumbnail":["https:\/\/viniciojarquin.com\/blog\/wp-content\/uploads\/2026\/03\/Martes-en-la-manana-150x150.jpg",150,150,true],"full":["https:\/\/viniciojarquin.com\/blog\/wp-content\/uploads\/2026\/03\/Martes-en-la-manana.jpg",1600,1067,false]},"categories_names":{"9":{"name":"Escritos generales","link":"https:\/\/viniciojarquin.com\/blog\/category\/mis-escritos\/"}},"tags_names":[],"comments_number":"0","_links":{"self":[{"href":"https:\/\/viniciojarquin.com\/blog\/wp-json\/wp\/v2\/posts\/2842","targetHints":{"allow":["GET"]}}],"collection":[{"href":"https:\/\/viniciojarquin.com\/blog\/wp-json\/wp\/v2\/posts"}],"about":[{"href":"https:\/\/viniciojarquin.com\/blog\/wp-json\/wp\/v2\/types\/post"}],"author":[{"embeddable":true,"href":"https:\/\/viniciojarquin.com\/blog\/wp-json\/wp\/v2\/users\/1"}],"replies":[{"embeddable":true,"href":"https:\/\/viniciojarquin.com\/blog\/wp-json\/wp\/v2\/comments?post=2842"}],"version-history":[{"count":1,"href":"https:\/\/viniciojarquin.com\/blog\/wp-json\/wp\/v2\/posts\/2842\/revisions"}],"predecessor-version":[{"id":2845,"href":"https:\/\/viniciojarquin.com\/blog\/wp-json\/wp\/v2\/posts\/2842\/revisions\/2845"}],"wp:featuredmedia":[{"embeddable":true,"href":"https:\/\/viniciojarquin.com\/blog\/wp-json\/wp\/v2\/media\/2844"}],"wp:attachment":[{"href":"https:\/\/viniciojarquin.com\/blog\/wp-json\/wp\/v2\/media?parent=2842"}],"wp:term":[{"taxonomy":"category","embeddable":true,"href":"https:\/\/viniciojarquin.com\/blog\/wp-json\/wp\/v2\/categories?post=2842"},{"taxonomy":"post_tag","embeddable":true,"href":"https:\/\/viniciojarquin.com\/blog\/wp-json\/wp\/v2\/tags?post=2842"}],"curies":[{"name":"wp","href":"https:\/\/api.w.org\/{rel}","templated":true}]}}