{"id":2850,"date":"2026-03-04T15:59:30","date_gmt":"2026-03-04T15:59:30","guid":{"rendered":"https:\/\/viniciojarquin.com\/blog\/?p=2850"},"modified":"2026-03-04T16:00:23","modified_gmt":"2026-03-04T16:00:23","slug":"hace-un-mes","status":"publish","type":"post","link":"https:\/\/viniciojarquin.com\/blog\/hace-un-mes\/","title":{"rendered":"Hace un mes"},"content":{"rendered":"\n<figure class=\"wp-block-image size-large\"><img decoding=\"async\" width=\"1024\" height=\"683\" data-src=\"https:\/\/viniciojarquin.com\/blog\/wp-content\/uploads\/2026\/03\/Hace-un-mes-1024x683.jpg\" alt=\"\" class=\"wp-image-2851 lazyload\" data-srcset=\"https:\/\/viniciojarquin.com\/blog\/wp-content\/uploads\/2026\/03\/Hace-un-mes-1024x683.jpg 1024w, https:\/\/viniciojarquin.com\/blog\/wp-content\/uploads\/2026\/03\/Hace-un-mes-300x200.jpg 300w, https:\/\/viniciojarquin.com\/blog\/wp-content\/uploads\/2026\/03\/Hace-un-mes-768x512.jpg 768w, https:\/\/viniciojarquin.com\/blog\/wp-content\/uploads\/2026\/03\/Hace-un-mes-1536x1024.jpg 1536w, https:\/\/viniciojarquin.com\/blog\/wp-content\/uploads\/2026\/03\/Hace-un-mes.jpg 1600w\" data-sizes=\"(max-width: 1024px) 100vw, 1024px\" src=\"data:image\/svg+xml;base64,PHN2ZyB3aWR0aD0iMSIgaGVpZ2h0PSIxIiB4bWxucz0iaHR0cDovL3d3dy53My5vcmcvMjAwMC9zdmciPjwvc3ZnPg==\" style=\"--smush-placeholder-width: 1024px; --smush-placeholder-aspect-ratio: 1024\/683;\" \/><\/figure>\n\n\n\n<p>Hace apenas un mes discut\u00edamos qui\u00e9n ser\u00eda el mejor presidente o la mejor presidenta para Costa Rica. Mientras tanto el mundo empezaba a incendiarse.<\/p>\n\n\n\n<p>Hace pocas semanas discut\u00edamos qui\u00e9n deb\u00eda gobernar Costa Rica. Hoy tal vez deber\u00edamos estar discutiendo algo m\u00e1s urgente:\u2028c\u00f3mo vamos a comer si el mundo entra en guerra, y est\u00e1 entrando.<\/p>\n\n\n\n<p>Analiz\u00e1bamos discursos, temperamentos, debates, promesas de campa\u00f1a. Mientras tanto, en otra parte del planeta, algo mucho m\u00e1s grande comenzaba a calentarse lentamente, casi en silencio, como cuando algo se deja en ba\u00f1o Mar\u00eda hasta que finalmente empieza a hervir.<\/p>\n\n\n\n<p>Durante semanas hablamos de econom\u00eda, de seguridad nacional, de desempleo y de muchos detalles internos que ciertamente son importantes y que todav\u00eda lo siguen siendo. Discut\u00edamos propuestas, estilos de liderazgo, capacidades de gobierno. Todo dentro de la l\u00f3gica normal de una democracia que elige qui\u00e9n llevar\u00e1 las riendas del pa\u00eds durante los pr\u00f3ximos a\u00f1os.<\/p>\n\n\n\n<p>Llegaron las elecciones y, por la distribuci\u00f3n de los votos \u2014no necesariamente por mayor\u00eda absoluta, sino por la forma en que funcionan nuestros sistemas electorales\u2014 fue elegida la persona que llevar\u00e1 las riendas de la patria. As\u00ed funcionan las cosas. Nos guste m\u00e1s o menos, as\u00ed se decide qui\u00e9n gobierna.<\/p>\n\n\n\n<p>Pero mientras aqu\u00ed discut\u00edamos nuestras decisiones internas, el mundo comenzaba a entrar en otra din\u00e1mica.<\/p>\n\n\n\n<p>Incluso antes de que la presidenta asuma formalmente el cargo, han aparecido voces hablando de bases militares en Costa Rica. Algo que durante d\u00e9cadas hubiera sido impensable en nuestra tradici\u00f3n pol\u00edtica y en nuestra identidad como pa\u00eds. Afortunadamente, quien lo menciona no parece tener fundamentos ni posibilidades reales de convertir esa idea en una pol\u00edtica concreta en el corto plazo. Por ahora, parece m\u00e1s una provocaci\u00f3n o una ocurrencia que una amenaza real.<\/p>\n\n\n\n<p>El verdadero problema est\u00e1 en otra parte.<\/p>\n\n\n\n<p>Lo verdaderamente inquietante es que estamos viendo el inicio de un conflicto enorme en una regi\u00f3n del planeta donde las negociaciones hist\u00f3ricamente han sido casi imposibles. Un conflicto marcado por factores ideol\u00f3gicos, pol\u00edticos y tambi\u00e9n religiosos, en zonas donde los siglos han ido acumulando heridas, identidades enfrentadas y memorias que nunca terminaron de reconciliarse.<\/p>\n\n\n\n<p>La gran potencia de Occidente vuelve a aparecer en el tablero, moviendo piezas como lo ha hecho tantas veces en la historia reciente del mundo. Y en pocas horas aparece tambi\u00e9n la respuesta de otra potencia, fr\u00eda, directa y sin rodeos, enviando advertencias que no se pueden ignorar\u2026 aunque quienes desean que este conflicto escale probablemente terminar\u00e1n ignor\u00e1ndolas.<\/p>\n\n\n\n<p>La guerra contin\u00faa.\u2028La escalada aumenta.\u2028El tablero global se tensiona.<\/p>\n\n\n\n<p>Y si el conflicto contin\u00faa escalando como algunos analistas temen, podr\u00edamos entrar en un escenario que el mundo ha tratado de evitar durante d\u00e9cadas: un enfrentamiento entre potencias nucleares.<\/p>\n\n\n\n<p>No lo deseo.\u2028No quiero ser un ave de mal ag\u00fcero. Pero cuando uno junta todas las noticias y observa con serenidad lo que est\u00e1 ocurriendo, el escenario empieza a dibujarse con una claridad inquietante.<\/p>\n\n\n\n<p>Hace apenas un mes est\u00e1bamos en plena efervescencia electoral. Discut\u00edamos nombres, estilos de gobierno, promesas de campa\u00f1a. Y sin embargo, si este conflicto escala, el planeta podr\u00eda enfrentar algo que cambiar\u00eda el equilibrio del mundo en cuesti\u00f3n de horas: una detonaci\u00f3n nuclear, un hongo elev\u00e1ndose en el cielo y una transformaci\u00f3n inmediata del clima global.<\/p>\n\n\n\n<p>Las temperaturas bajar\u00edan.\u2028Los ciclos agr\u00edcolas cambiar\u00edan.\u2028La vida cotidiana del planeta se alterar\u00eda.<\/p>\n\n\n\n<p>No quiero pensar desde el desapaciguamiento. No es mi estilo. Pero tampoco podemos ignorar que el mundo est\u00e1 entrando en una fase de tensi\u00f3n que no ve\u00edamos desde hace muchas d\u00e9cadas.<\/p>\n\n\n\n<p>Y es aqu\u00ed donde inevitablemente regreso al \u00e1mbito nacional.<\/p>\n\n\n\n<p>Porque frente a un escenario global as\u00ed, uno termina haci\u00e9ndose una pregunta inc\u00f3moda: si el liderazgo que escogimos es el m\u00e1s adecuado para enfrentar un mundo que podr\u00eda volverse mucho m\u00e1s incierto en muy poco tiempo.<\/p>\n\n\n\n<p>No lo digo con \u00e1nimo de confrontaci\u00f3n, sino como una reflexi\u00f3n honesta.<\/p>\n\n\n\n<p>En momentos de estabilidad, muchos liderazgos pueden funcionar razonablemente bien. Pero en momentos de crisis global \u2014cuando la geopol\u00edtica, la econom\u00eda y la seguridad internacional empiezan a moverse con fuerza\u2014 el tipo de liderazgo que conduce un pa\u00eds puede marcar una diferencia enorme.<\/p>\n\n\n\n<p>Y aqu\u00ed aparece un elemento que casi nadie est\u00e1 discutiendo con suficiente seriedad.<\/p>\n\n\n\n<p>Si el mundo entra en un escenario de conflicto global prolongado, el problema principal no ser\u00e1 la pol\u00edtica partidaria ni los discursos ideol\u00f3gicos. El problema ser\u00e1 la comida.<\/p>\n\n\n\n<p>En un escenario as\u00ed, lo \u00fanico que realmente podr\u00eda salvarnos de una hambruna ser\u00edan nuestros agricultores. Los mismos agricultores que muchas veces son insultados, subestimados o ridiculizados en discusiones p\u00fablicas. Los mismos que trabajan la tierra todos los d\u00edas mientras otros discuten sobre teor\u00edas econ\u00f3micas o acuerdos comerciales.<\/p>\n\n\n\n<p>Y es ah\u00ed donde aparece otro tema delicado. El acuerdo transpac\u00edfico.<\/p>\n\n\n\n<p>Si ese acuerdo avanza o se firma en condiciones que debiliten nuestra producci\u00f3n agr\u00edcola, podr\u00edamos estar debilitando justamente el sector que m\u00e1s necesitar\u00edamos en un escenario de crisis global.<\/p>\n\n\n\n<p>Por eso mi petici\u00f3n hoy es sencilla y directa. Protejamos a nuestros agricultores.\u2028Pero no ma\u00f1ana.\u2028No dentro de un a\u00f1o. Desde hoy.<\/p>\n\n\n\n<p>Porque ya no se trata de si tienen o no veh\u00edculos de lujo, ni de discusiones ideol\u00f3gicas sobre mercados abiertos o cerrados. Se trata de algo mucho m\u00e1s simple y mucho m\u00e1s serio.<\/p>\n\n\n\n<p>Si el mundo entra en un escenario de conflicto global, las discusiones ideol\u00f3gicas dejar\u00e1n de importar muy r\u00e1pido. Lo \u00fanico que importar\u00e1 ser\u00e1 algo mucho m\u00e1s b\u00e1sico: qui\u00e9n produce la comida. Y esos, hoy, son nuestros agricultores.<\/p>\n\n\n\n<p>Si debilitamos ese sector justo cuando el mundo se vuelve m\u00e1s incierto, el golpe que podr\u00edamos recibir ser\u00eda m\u00e1s duro que el de la pandemia.<\/p>\n\n\n\n<p>Y entonces s\u00ed\u2026 \u00a1nos llevar\u00e1 candanga!<\/p>\n\n\n\n<p>Recuerdan cuando apareci\u00f3 el COVID y las fronteras del mundo se cerraron casi de un d\u00eda para otro. En medio de tanta discusi\u00f3n sobre vacunas, teor\u00edas, creencias o dudas, hubo algo que fue completamente real: las fronteras se cerraron.<\/p>\n\n\n\n<p>Y mientras el comercio internacional se deten\u00eda, mientras el mundo entero trataba de entender lo que estaba pasando, fueron nuestros agricultores \u2014con sus verduras, sus vegetales, sus cosechas\u2014 quienes sostuvieron la mesa de este pa\u00eds.<\/p>\n\n\n\n<p>Sea usted antivacunas o no, crea o no que el virus era exactamente lo que se dijo que era, hay un hecho que nadie puede negar: cuando las fronteras se cerraron, quienes nos alimentaron fueron ellos.<\/p>\n\n\n\n<p>Si un d\u00eda aparece en el horizonte el primer hongo \u2014sea nuclear o incluso de vapor despu\u00e9s de una detonaci\u00f3n lejana\u2014 las fronteras volver\u00e1n a cerrarse. El mundo funciona as\u00ed cuando el miedo se apodera de las decisiones.<\/p>\n\n\n\n<p>Y podr\u00eda ocurrir algo profundamente ir\u00f3nico.<\/p>\n\n\n\n<p>Podr\u00eda suceder justo en el momento en que nosotros mismos hayamos debilitado a quienes sostienen nuestra comida. Justo cuando hayamos decidido matar la gallina de los huevos de oro.<\/p>\n\n\n\n<p>Por eso la decisi\u00f3n es sencilla. O hacemos algo para proteger a nuestros agricultores desde ahora\u2026 o podr\u00edamos terminar encerrados en uno de los pa\u00edses m\u00e1s hermosos del planeta,\u2028pero sin nada que poner en la mesa.<\/p>\n","protected":false},"excerpt":{"rendered":"<p>Hace apenas un mes discut\u00edamos qui\u00e9n ser\u00eda el mejor presidente o la mejor presidenta para Costa Rica. Mientras tanto el [&hellip;]<\/p>\n","protected":false},"author":1,"featured_media":2851,"comment_status":"open","ping_status":"open","sticky":false,"template":"","format":"standard","meta":{"site-sidebar-layout":"default","site-content-layout":"","ast-site-content-layout":"","site-content-style":"default","site-sidebar-style":"default","ast-global-header-display":"","ast-banner-title-visibility":"","ast-main-header-display":"","ast-hfb-above-header-display":"","ast-hfb-below-header-display":"","ast-hfb-mobile-header-display":"","site-post-title":"","ast-breadcrumbs-content":"","ast-featured-img":"","footer-sml-layout":"","theme-transparent-header-meta":"","adv-header-id-meta":"","stick-header-meta":"","header-above-stick-meta":"","header-main-stick-meta":"","header-below-stick-meta":"","astra-migrate-meta-layouts":"default","ast-page-background-enabled":"default","ast-page-background-meta":{"desktop":{"background-color":"var(--ast-global-color-5)","background-image":"","background-repeat":"repeat","background-position":"center center","background-size":"auto","background-attachment":"scroll","background-type":"","background-media":"","overlay-type":"","overlay-color":"","overlay-opacity":"","overlay-gradient":""},"tablet":{"background-color":"","background-image":"","background-repeat":"repeat","background-position":"center center","background-size":"auto","background-attachment":"scroll","background-type":"","background-media":"","overlay-type":"","overlay-color":"","overlay-opacity":"","overlay-gradient":""},"mobile":{"background-color":"","background-image":"","background-repeat":"repeat","background-position":"center center","background-size":"auto","background-attachment":"scroll","background-type":"","background-media":"","overlay-type":"","overlay-color":"","overlay-opacity":"","overlay-gradient":""}},"ast-content-background-meta":{"desktop":{"background-color":"var(--ast-global-color-4)","background-image":"","background-repeat":"repeat","background-position":"center center","background-size":"auto","background-attachment":"scroll","background-type":"","background-media":"","overlay-type":"","overlay-color":"","overlay-opacity":"","overlay-gradient":""},"tablet":{"background-color":"var(--ast-global-color-4)","background-image":"","background-repeat":"repeat","background-position":"center center","background-size":"auto","background-attachment":"scroll","background-type":"","background-media":"","overlay-type":"","overlay-color":"","overlay-opacity":"","overlay-gradient":""},"mobile":{"background-color":"var(--ast-global-color-4)","background-image":"","background-repeat":"repeat","background-position":"center center","background-size":"auto","background-attachment":"scroll","background-type":"","background-media":"","overlay-type":"","overlay-color":"","overlay-opacity":"","overlay-gradient":""}},"footnotes":""},"categories":[9],"tags":[],"class_list":["post-2850","post","type-post","status-publish","format-standard","has-post-thumbnail","hentry","category-mis-escritos"],"yoast_head":"<!-- This site is optimized with the Yoast SEO plugin v26.0 - https:\/\/yoast.com\/wordpress\/plugins\/seo\/ -->\n<title>Hace un mes - MI BLOG<\/title>\n<meta name=\"robots\" content=\"index, follow, max-snippet:-1, max-image-preview:large, max-video-preview:-1\" \/>\n<link rel=\"canonical\" href=\"https:\/\/viniciojarquin.com\/blog\/hace-un-mes\/\" \/>\n<meta property=\"og:locale\" content=\"es_ES\" \/>\n<meta property=\"og:type\" content=\"article\" \/>\n<meta property=\"og:title\" content=\"Hace un mes - MI BLOG\" \/>\n<meta property=\"og:description\" content=\"Hace apenas un mes discut\u00edamos qui\u00e9n ser\u00eda el mejor presidente o la mejor presidenta para Costa Rica. Mientras tanto el [&hellip;]\" \/>\n<meta property=\"og:url\" content=\"https:\/\/viniciojarquin.com\/blog\/hace-un-mes\/\" \/>\n<meta property=\"og:site_name\" content=\"MI BLOG\" \/>\n<meta property=\"article:publisher\" content=\"https:\/\/www.facebook.com\/vinicio.jarquin\" \/>\n<meta property=\"article:author\" content=\"https:\/\/www.facebook.com\/vinicio.jarquin\" \/>\n<meta property=\"article:published_time\" content=\"2026-03-04T15:59:30+00:00\" \/>\n<meta property=\"article:modified_time\" content=\"2026-03-04T16:00:23+00:00\" \/>\n<meta property=\"og:image\" content=\"https:\/\/viniciojarquin.com\/blog\/wp-content\/uploads\/2026\/03\/Hace-un-mes.jpg\" \/>\n\t<meta property=\"og:image:width\" content=\"1600\" \/>\n\t<meta property=\"og:image:height\" content=\"1067\" \/>\n\t<meta property=\"og:image:type\" content=\"image\/jpeg\" \/>\n<meta name=\"author\" content=\"Vinicio Jarqu\u00edn\" \/>\n<meta name=\"twitter:card\" content=\"summary_large_image\" \/>\n<meta name=\"twitter:label1\" content=\"Escrito por\" \/>\n\t<meta name=\"twitter:data1\" content=\"Vinicio Jarqu\u00edn\" \/>\n\t<meta name=\"twitter:label2\" content=\"Tiempo de lectura\" \/>\n\t<meta name=\"twitter:data2\" content=\"6 minutos\" \/>\n<script type=\"application\/ld+json\" class=\"yoast-schema-graph\">{\"@context\":\"https:\/\/schema.org\",\"@graph\":[{\"@type\":\"Article\",\"@id\":\"https:\/\/viniciojarquin.com\/blog\/hace-un-mes\/#article\",\"isPartOf\":{\"@id\":\"https:\/\/viniciojarquin.com\/blog\/hace-un-mes\/\"},\"author\":{\"name\":\"Vinicio Jarqu\u00edn\",\"@id\":\"https:\/\/viniciojarquin.com\/blog\/#\/schema\/person\/90100c8845ae55462ec0657d3d2f8d3b\"},\"headline\":\"Hace un mes\",\"datePublished\":\"2026-03-04T15:59:30+00:00\",\"dateModified\":\"2026-03-04T16:00:23+00:00\",\"mainEntityOfPage\":{\"@id\":\"https:\/\/viniciojarquin.com\/blog\/hace-un-mes\/\"},\"wordCount\":1278,\"commentCount\":1,\"publisher\":{\"@id\":\"https:\/\/viniciojarquin.com\/blog\/#\/schema\/person\/90100c8845ae55462ec0657d3d2f8d3b\"},\"image\":{\"@id\":\"https:\/\/viniciojarquin.com\/blog\/hace-un-mes\/#primaryimage\"},\"thumbnailUrl\":\"https:\/\/viniciojarquin.com\/blog\/wp-content\/uploads\/2026\/03\/Hace-un-mes.jpg\",\"articleSection\":[\"Escritos generales\"],\"inLanguage\":\"es\",\"potentialAction\":[{\"@type\":\"CommentAction\",\"name\":\"Comment\",\"target\":[\"https:\/\/viniciojarquin.com\/blog\/hace-un-mes\/#respond\"]}]},{\"@type\":\"WebPage\",\"@id\":\"https:\/\/viniciojarquin.com\/blog\/hace-un-mes\/\",\"url\":\"https:\/\/viniciojarquin.com\/blog\/hace-un-mes\/\",\"name\":\"Hace un mes - MI BLOG\",\"isPartOf\":{\"@id\":\"https:\/\/viniciojarquin.com\/blog\/#website\"},\"primaryImageOfPage\":{\"@id\":\"https:\/\/viniciojarquin.com\/blog\/hace-un-mes\/#primaryimage\"},\"image\":{\"@id\":\"https:\/\/viniciojarquin.com\/blog\/hace-un-mes\/#primaryimage\"},\"thumbnailUrl\":\"https:\/\/viniciojarquin.com\/blog\/wp-content\/uploads\/2026\/03\/Hace-un-mes.jpg\",\"datePublished\":\"2026-03-04T15:59:30+00:00\",\"dateModified\":\"2026-03-04T16:00:23+00:00\",\"breadcrumb\":{\"@id\":\"https:\/\/viniciojarquin.com\/blog\/hace-un-mes\/#breadcrumb\"},\"inLanguage\":\"es\",\"potentialAction\":[{\"@type\":\"ReadAction\",\"target\":[\"https:\/\/viniciojarquin.com\/blog\/hace-un-mes\/\"]}]},{\"@type\":\"ImageObject\",\"inLanguage\":\"es\",\"@id\":\"https:\/\/viniciojarquin.com\/blog\/hace-un-mes\/#primaryimage\",\"url\":\"https:\/\/viniciojarquin.com\/blog\/wp-content\/uploads\/2026\/03\/Hace-un-mes.jpg\",\"contentUrl\":\"https:\/\/viniciojarquin.com\/blog\/wp-content\/uploads\/2026\/03\/Hace-un-mes.jpg\",\"width\":1600,\"height\":1067},{\"@type\":\"BreadcrumbList\",\"@id\":\"https:\/\/viniciojarquin.com\/blog\/hace-un-mes\/#breadcrumb\",\"itemListElement\":[{\"@type\":\"ListItem\",\"position\":1,\"name\":\"Portada\",\"item\":\"https:\/\/viniciojarquin.com\/blog\/\"},{\"@type\":\"ListItem\",\"position\":2,\"name\":\"Hace un mes\"}]},{\"@type\":\"WebSite\",\"@id\":\"https:\/\/viniciojarquin.com\/blog\/#website\",\"url\":\"https:\/\/viniciojarquin.com\/blog\/\",\"name\":\"Vinicio Jarqu\u00edn BLOG\",\"description\":\"\",\"publisher\":{\"@id\":\"https:\/\/viniciojarquin.com\/blog\/#\/schema\/person\/90100c8845ae55462ec0657d3d2f8d3b\"},\"potentialAction\":[{\"@type\":\"SearchAction\",\"target\":{\"@type\":\"EntryPoint\",\"urlTemplate\":\"https:\/\/viniciojarquin.com\/blog\/?s={search_term_string}\"},\"query-input\":{\"@type\":\"PropertyValueSpecification\",\"valueRequired\":true,\"valueName\":\"search_term_string\"}}],\"inLanguage\":\"es\"},{\"@type\":[\"Person\",\"Organization\"],\"@id\":\"https:\/\/viniciojarquin.com\/blog\/#\/schema\/person\/90100c8845ae55462ec0657d3d2f8d3b\",\"name\":\"Vinicio Jarqu\u00edn\",\"image\":{\"@type\":\"ImageObject\",\"inLanguage\":\"es\",\"@id\":\"https:\/\/viniciojarquin.com\/blog\/#\/schema\/person\/image\/\",\"url\":\"https:\/\/viniciojarquin.com\/blog\/wp-content\/uploads\/2024\/10\/Logo-VinicioJarquin-original-400.png\",\"contentUrl\":\"https:\/\/viniciojarquin.com\/blog\/wp-content\/uploads\/2024\/10\/Logo-VinicioJarquin-original-400.png\",\"width\":400,\"height\":130,\"caption\":\"Vinicio Jarqu\u00edn\"},\"logo\":{\"@id\":\"https:\/\/viniciojarquin.com\/blog\/#\/schema\/person\/image\/\"},\"description\":\"Empresario textil, artista pl\u00e1stico, escritor, coach de vida y fot\u00f3grafo.\",\"sameAs\":[\"https:\/\/viniciojarquin.com\/blog\",\"https:\/\/www.facebook.com\/vinicio.jarquin\",\"https:\/\/www.instagram.com\/vinicio_jarquin\/\",\"https:\/\/www.pinterest.com\/vinnyjc\/\",\"https:\/\/www.youtube.com\/@VinicioJarquin\"],\"url\":\"https:\/\/viniciojarquin.com\/blog\/author\/admin_s02au25i\/\"}]}<\/script>\n<!-- \/ Yoast SEO plugin. -->","yoast_head_json":{"title":"Hace un mes - MI BLOG","robots":{"index":"index","follow":"follow","max-snippet":"max-snippet:-1","max-image-preview":"max-image-preview:large","max-video-preview":"max-video-preview:-1"},"canonical":"https:\/\/viniciojarquin.com\/blog\/hace-un-mes\/","og_locale":"es_ES","og_type":"article","og_title":"Hace un mes - MI BLOG","og_description":"Hace apenas un mes discut\u00edamos qui\u00e9n ser\u00eda el mejor presidente o la mejor presidenta para Costa Rica. Mientras tanto el [&hellip;]","og_url":"https:\/\/viniciojarquin.com\/blog\/hace-un-mes\/","og_site_name":"MI BLOG","article_publisher":"https:\/\/www.facebook.com\/vinicio.jarquin","article_author":"https:\/\/www.facebook.com\/vinicio.jarquin","article_published_time":"2026-03-04T15:59:30+00:00","article_modified_time":"2026-03-04T16:00:23+00:00","og_image":[{"width":1600,"height":1067,"url":"https:\/\/viniciojarquin.com\/blog\/wp-content\/uploads\/2026\/03\/Hace-un-mes.jpg","type":"image\/jpeg"}],"author":"Vinicio Jarqu\u00edn","twitter_card":"summary_large_image","twitter_misc":{"Escrito por":"Vinicio Jarqu\u00edn","Tiempo de lectura":"6 minutos"},"schema":{"@context":"https:\/\/schema.org","@graph":[{"@type":"Article","@id":"https:\/\/viniciojarquin.com\/blog\/hace-un-mes\/#article","isPartOf":{"@id":"https:\/\/viniciojarquin.com\/blog\/hace-un-mes\/"},"author":{"name":"Vinicio Jarqu\u00edn","@id":"https:\/\/viniciojarquin.com\/blog\/#\/schema\/person\/90100c8845ae55462ec0657d3d2f8d3b"},"headline":"Hace un mes","datePublished":"2026-03-04T15:59:30+00:00","dateModified":"2026-03-04T16:00:23+00:00","mainEntityOfPage":{"@id":"https:\/\/viniciojarquin.com\/blog\/hace-un-mes\/"},"wordCount":1278,"commentCount":1,"publisher":{"@id":"https:\/\/viniciojarquin.com\/blog\/#\/schema\/person\/90100c8845ae55462ec0657d3d2f8d3b"},"image":{"@id":"https:\/\/viniciojarquin.com\/blog\/hace-un-mes\/#primaryimage"},"thumbnailUrl":"https:\/\/viniciojarquin.com\/blog\/wp-content\/uploads\/2026\/03\/Hace-un-mes.jpg","articleSection":["Escritos generales"],"inLanguage":"es","potentialAction":[{"@type":"CommentAction","name":"Comment","target":["https:\/\/viniciojarquin.com\/blog\/hace-un-mes\/#respond"]}]},{"@type":"WebPage","@id":"https:\/\/viniciojarquin.com\/blog\/hace-un-mes\/","url":"https:\/\/viniciojarquin.com\/blog\/hace-un-mes\/","name":"Hace un mes - MI BLOG","isPartOf":{"@id":"https:\/\/viniciojarquin.com\/blog\/#website"},"primaryImageOfPage":{"@id":"https:\/\/viniciojarquin.com\/blog\/hace-un-mes\/#primaryimage"},"image":{"@id":"https:\/\/viniciojarquin.com\/blog\/hace-un-mes\/#primaryimage"},"thumbnailUrl":"https:\/\/viniciojarquin.com\/blog\/wp-content\/uploads\/2026\/03\/Hace-un-mes.jpg","datePublished":"2026-03-04T15:59:30+00:00","dateModified":"2026-03-04T16:00:23+00:00","breadcrumb":{"@id":"https:\/\/viniciojarquin.com\/blog\/hace-un-mes\/#breadcrumb"},"inLanguage":"es","potentialAction":[{"@type":"ReadAction","target":["https:\/\/viniciojarquin.com\/blog\/hace-un-mes\/"]}]},{"@type":"ImageObject","inLanguage":"es","@id":"https:\/\/viniciojarquin.com\/blog\/hace-un-mes\/#primaryimage","url":"https:\/\/viniciojarquin.com\/blog\/wp-content\/uploads\/2026\/03\/Hace-un-mes.jpg","contentUrl":"https:\/\/viniciojarquin.com\/blog\/wp-content\/uploads\/2026\/03\/Hace-un-mes.jpg","width":1600,"height":1067},{"@type":"BreadcrumbList","@id":"https:\/\/viniciojarquin.com\/blog\/hace-un-mes\/#breadcrumb","itemListElement":[{"@type":"ListItem","position":1,"name":"Portada","item":"https:\/\/viniciojarquin.com\/blog\/"},{"@type":"ListItem","position":2,"name":"Hace un mes"}]},{"@type":"WebSite","@id":"https:\/\/viniciojarquin.com\/blog\/#website","url":"https:\/\/viniciojarquin.com\/blog\/","name":"Vinicio Jarqu\u00edn BLOG","description":"","publisher":{"@id":"https:\/\/viniciojarquin.com\/blog\/#\/schema\/person\/90100c8845ae55462ec0657d3d2f8d3b"},"potentialAction":[{"@type":"SearchAction","target":{"@type":"EntryPoint","urlTemplate":"https:\/\/viniciojarquin.com\/blog\/?s={search_term_string}"},"query-input":{"@type":"PropertyValueSpecification","valueRequired":true,"valueName":"search_term_string"}}],"inLanguage":"es"},{"@type":["Person","Organization"],"@id":"https:\/\/viniciojarquin.com\/blog\/#\/schema\/person\/90100c8845ae55462ec0657d3d2f8d3b","name":"Vinicio Jarqu\u00edn","image":{"@type":"ImageObject","inLanguage":"es","@id":"https:\/\/viniciojarquin.com\/blog\/#\/schema\/person\/image\/","url":"https:\/\/viniciojarquin.com\/blog\/wp-content\/uploads\/2024\/10\/Logo-VinicioJarquin-original-400.png","contentUrl":"https:\/\/viniciojarquin.com\/blog\/wp-content\/uploads\/2024\/10\/Logo-VinicioJarquin-original-400.png","width":400,"height":130,"caption":"Vinicio Jarqu\u00edn"},"logo":{"@id":"https:\/\/viniciojarquin.com\/blog\/#\/schema\/person\/image\/"},"description":"Empresario textil, artista pl\u00e1stico, escritor, coach de vida y fot\u00f3grafo.","sameAs":["https:\/\/viniciojarquin.com\/blog","https:\/\/www.facebook.com\/vinicio.jarquin","https:\/\/www.instagram.com\/vinicio_jarquin\/","https:\/\/www.pinterest.com\/vinnyjc\/","https:\/\/www.youtube.com\/@VinicioJarquin"],"url":"https:\/\/viniciojarquin.com\/blog\/author\/admin_s02au25i\/"}]}},"blog_post_layout_featured_media_urls":{"thumbnail":["https:\/\/viniciojarquin.com\/blog\/wp-content\/uploads\/2026\/03\/Hace-un-mes-150x150.jpg",150,150,true],"full":["https:\/\/viniciojarquin.com\/blog\/wp-content\/uploads\/2026\/03\/Hace-un-mes.jpg",1600,1067,false]},"categories_names":{"9":{"name":"Escritos generales","link":"https:\/\/viniciojarquin.com\/blog\/category\/mis-escritos\/"}},"tags_names":[],"comments_number":"1","_links":{"self":[{"href":"https:\/\/viniciojarquin.com\/blog\/wp-json\/wp\/v2\/posts\/2850","targetHints":{"allow":["GET"]}}],"collection":[{"href":"https:\/\/viniciojarquin.com\/blog\/wp-json\/wp\/v2\/posts"}],"about":[{"href":"https:\/\/viniciojarquin.com\/blog\/wp-json\/wp\/v2\/types\/post"}],"author":[{"embeddable":true,"href":"https:\/\/viniciojarquin.com\/blog\/wp-json\/wp\/v2\/users\/1"}],"replies":[{"embeddable":true,"href":"https:\/\/viniciojarquin.com\/blog\/wp-json\/wp\/v2\/comments?post=2850"}],"version-history":[{"count":2,"href":"https:\/\/viniciojarquin.com\/blog\/wp-json\/wp\/v2\/posts\/2850\/revisions"}],"predecessor-version":[{"id":2853,"href":"https:\/\/viniciojarquin.com\/blog\/wp-json\/wp\/v2\/posts\/2850\/revisions\/2853"}],"wp:featuredmedia":[{"embeddable":true,"href":"https:\/\/viniciojarquin.com\/blog\/wp-json\/wp\/v2\/media\/2851"}],"wp:attachment":[{"href":"https:\/\/viniciojarquin.com\/blog\/wp-json\/wp\/v2\/media?parent=2850"}],"wp:term":[{"taxonomy":"category","embeddable":true,"href":"https:\/\/viniciojarquin.com\/blog\/wp-json\/wp\/v2\/categories?post=2850"},{"taxonomy":"post_tag","embeddable":true,"href":"https:\/\/viniciojarquin.com\/blog\/wp-json\/wp\/v2\/tags?post=2850"}],"curies":[{"name":"wp","href":"https:\/\/api.w.org\/{rel}","templated":true}]}}