{"id":2854,"date":"2026-03-04T17:10:24","date_gmt":"2026-03-04T17:10:24","guid":{"rendered":"https:\/\/viniciojarquin.com\/blog\/?p=2854"},"modified":"2026-03-04T17:16:32","modified_gmt":"2026-03-04T17:16:32","slug":"cuando-el-nombre-se-vuelve-persona","status":"publish","type":"post","link":"https:\/\/viniciojarquin.com\/blog\/cuando-el-nombre-se-vuelve-persona\/","title":{"rendered":"Cuando el nombre se vuelve persona"},"content":{"rendered":"\n<figure class=\"wp-block-image size-large\"><img decoding=\"async\" width=\"1024\" height=\"683\" data-src=\"https:\/\/viniciojarquin.com\/blog\/wp-content\/uploads\/2026\/03\/Cuando-el-nombre-se-vuelve-persona-1024x683.jpg\" alt=\"\" class=\"wp-image-2855 lazyload\" data-srcset=\"https:\/\/viniciojarquin.com\/blog\/wp-content\/uploads\/2026\/03\/Cuando-el-nombre-se-vuelve-persona-1024x683.jpg 1024w, https:\/\/viniciojarquin.com\/blog\/wp-content\/uploads\/2026\/03\/Cuando-el-nombre-se-vuelve-persona-300x200.jpg 300w, https:\/\/viniciojarquin.com\/blog\/wp-content\/uploads\/2026\/03\/Cuando-el-nombre-se-vuelve-persona-768x512.jpg 768w, https:\/\/viniciojarquin.com\/blog\/wp-content\/uploads\/2026\/03\/Cuando-el-nombre-se-vuelve-persona-1536x1024.jpg 1536w, https:\/\/viniciojarquin.com\/blog\/wp-content\/uploads\/2026\/03\/Cuando-el-nombre-se-vuelve-persona.jpg 1600w\" data-sizes=\"(max-width: 1024px) 100vw, 1024px\" src=\"data:image\/svg+xml;base64,PHN2ZyB3aWR0aD0iMSIgaGVpZ2h0PSIxIiB4bWxucz0iaHR0cDovL3d3dy53My5vcmcvMjAwMC9zdmciPjwvc3ZnPg==\" style=\"--smush-placeholder-width: 1024px; --smush-placeholder-aspect-ratio: 1024\/683;\" \/><\/figure>\n\n\n\n<p>C\u00f3mo cambian las cosas cuando uno les pone rostro, comportamiento y humanidad a las personas. Hab\u00eda escuchado de don Gustavo Guti\u00e9rrez Espeleta, exrector de la Universidad de Costa Rica, y por supuesto ten\u00eda un concepto muy amplio de \u00e9l. Seguramente, aunque no lo recuerdo con claridad, alguna vez me pregunt\u00e9 c\u00f3mo ser\u00eda. Porque eso suele pasar con esas personas que vemos desde lejos, como si estuvieran en una especie de burbuja, en un mundo que uno solo puede imaginar, o tal vez ni siquiera imaginar del todo.<\/p>\n\n\n\n<p>Algo parecido sucede con alguien como Humberto Vargas, un genio de la m\u00fasica, muy conocido y con una trayectoria enorme. Una persona de esas que, si vas a escucharlo cantar, lo \u00fanico que pod\u00e9s hacer es escuchar y disfrutar, porque est\u00e1 en su mundo, en sus cosas, en su escenario, y nosotros simplemente lo observamos desde afuera sin tener realmente idea de c\u00f3mo es en su vida cotidiana. M\u00e1s o menos lo mismo ocurre con muchas personas famosas o conocidas, o con quienes sobresalen en alg\u00fan campo muy distinto al nuestro. En ese grupo podr\u00edamos incluir a candidatos presidenciales, vicepresidenciales o a esas personas que salen constantemente en las noticias.<\/p>\n\n\n\n<p>Y para seguir incluyendo personas en esa lista \u2014y para que este art\u00edculo tenga sentido\u2014 voy a incluirme tambi\u00e9n. No lo hago con la intenci\u00f3n de pintarme como alguien sobresaliente, como s\u00ed podr\u00eda decirse de estos dos se\u00f1ores del inicio del art\u00edculo, sino simplemente como alguien que muchas personas han le\u00eddo. Personas que tal vez tienen una idea de c\u00f3mo pienso, qu\u00e9 me mueve, c\u00f3mo escribo o incluso conocen partes de mi vida por lo que he contado; pero que en realidad no me conocen, no me han escuchado en persona, no han estado frente a mis charlataner\u00edas, mis chistes, mis ademanes o mi comportamiento normal.<\/p>\n\n\n\n<p>Y esas mismas personas que me leen con regularidad y se han armado un concepto de m\u00ed probablemente me ven \u201cpor all\u00e1\u201d, del mismo modo en que yo los veo a ellos. Solo imaginando c\u00f3mo ser\u00e9 en realidad, tal vez valorando lo que hago o lo que he hecho, como algunos me lo dijeron, pero sin conocerme realmente.<\/p>\n\n\n\n<p>Todo cambia cuando uno les pone humanidad a esas personas. Eso fue lo que sucedi\u00f3 ayer, cuando tuve la oportunidad de estar frente a varios de los ejemplos que mencion\u00e9, pero especialmente en los dos encuentros que tuve con Gustavo y, m\u00e1s tarde, con Humberto. En esos momentos uno descubre a la persona que est\u00e1 detr\u00e1s del nombre, del cargo o de la actividad p\u00fablica, y queda con un sabor muy bonito despu\u00e9s de haberlos conocido de verdad.<\/p>\n\n\n\n<p>Con Humberto fue muy bonito acercarme simplemente para darme el gusto de saludarlo y luego, sin planearlo, recibir de \u00e9l comentarios muy positivos sobre lo que hago. M\u00e1s tarde volvimos a conversar un poco m\u00e1s, y quedamos ambos \u2014creo yo\u2014 con ganas de frecuentarnos en alg\u00fan momento, de expandir lo que conocimos y la forma en que nos sentimos durante esa conversaci\u00f3n.<\/p>\n\n\n\n<p>Con Gustavo ocurri\u00f3 algo parecido, aunque de una forma distinta. Por la ma\u00f1ana, en la Asamblea Legislativa, tuvimos una conversaci\u00f3n corta entre telones, casi al paso, y por la tarde, en la Galer\u00eda Talentum, un momento m\u00e1s cercano. Ah\u00ed ya no importaba tanto la distancia que da su cargo o el cargo que tuvo, ni su nivel o su vida p\u00fablica. En ese momento \u00e9ramos simplemente \u00e9l y yo, aunque hubiera m\u00e1s personas alrededor. Est\u00e1bamos mir\u00e1ndonos a los ojos, conoci\u00e9ndonos, y yo sinti\u00e9ndome muy feliz de estar viviendo esa experiencia.<\/p>\n\n\n\n<p>Y claro que uno empieza a \u201cmaquinar\u201d la posibilidad de que eso vuelva a repetirse. Porque uno quiere volver a vivir ese momento y volver a encontrarse con esa persona. Uno empieza a pensar de qu\u00e9 manera podr\u00eda suceder otra vez, c\u00f3mo podr\u00eda repetirse ese encuentro que tuvo algo tan humano.<\/p>\n\n\n\n<p>Porque quiero tener la sensibilidad de reconocer estos encuentros, de reconocer el valor que tienen. No desde lo comercial ni desde la imagen p\u00fablica, sino desde la vida y la humanidad. Quiero que esos encuentros se repitan y no se queden como momentos fugaces o pasajeros, sino que lleguen a tener un peso real en la memoria y en la vida.<\/p>\n\n\n\n<p>Solo espero que ellos piensen m\u00e1s o menos lo mismo de m\u00ed. Porque tambi\u00e9n podr\u00eda suceder lo contrario, y yo estar\u00eda entonces frente a algo que simplemente no ser\u00e1. Ellos estar\u00edan en todo su derecho de tener un buen concepto de m\u00ed o no tan bueno. Pero aunque as\u00ed fuera, ni ellos ni nadie me quitar\u00e1 lo vivido ayer, y ese es un regalito que me hago a m\u00ed mismo.<\/p>\n\n\n\n<p>Y tal vez ah\u00ed est\u00e1 una de las cosas m\u00e1s valiosas de la vida p\u00fablica, de la vida social o simplemente de la vida humana: el momento en que dejamos de ver t\u00edtulos, cargos, trayectorias o nombres conocidos, y empezamos a ver a la persona que est\u00e1 detr\u00e1s de todo eso. Porque mientras alguien est\u00e1 lejos, en un escenario, en una oficina, en un cargo o en una p\u00e1gina de noticias, uno solo puede imaginar c\u00f3mo ser\u00e1. Pero cuando aparece la conversaci\u00f3n, la mirada directa, el gesto sencillo, la risa compartida o una frase que conecta, todo cambia.<\/p>\n\n\n\n<p>Ese es el momento en que el nombre se vuelve persona. Y cuando eso sucede, la distancia desaparece un poco, la admiraci\u00f3n se vuelve m\u00e1s humana y los encuentros empiezan a tener un valor distinto. Por eso vale reconocerlos, cuidarlos y, si la vida lo permite, repetirlos.<\/p>\n\n\n\n<p><\/p>\n","protected":false},"excerpt":{"rendered":"<p>C\u00f3mo cambian las cosas cuando uno les pone rostro, comportamiento y humanidad a las personas. Hab\u00eda escuchado de don Gustavo [&hellip;]<\/p>\n","protected":false},"author":1,"featured_media":2855,"comment_status":"open","ping_status":"open","sticky":false,"template":"","format":"standard","meta":{"site-sidebar-layout":"default","site-content-layout":"","ast-site-content-layout":"","site-content-style":"default","site-sidebar-style":"default","ast-global-header-display":"","ast-banner-title-visibility":"","ast-main-header-display":"","ast-hfb-above-header-display":"","ast-hfb-below-header-display":"","ast-hfb-mobile-header-display":"","site-post-title":"","ast-breadcrumbs-content":"","ast-featured-img":"","footer-sml-layout":"","theme-transparent-header-meta":"","adv-header-id-meta":"","stick-header-meta":"","header-above-stick-meta":"","header-main-stick-meta":"","header-below-stick-meta":"","astra-migrate-meta-layouts":"default","ast-page-background-enabled":"default","ast-page-background-meta":{"desktop":{"background-color":"var(--ast-global-color-5)","background-image":"","background-repeat":"repeat","background-position":"center center","background-size":"auto","background-attachment":"scroll","background-type":"","background-media":"","overlay-type":"","overlay-color":"","overlay-opacity":"","overlay-gradient":""},"tablet":{"background-color":"","background-image":"","background-repeat":"repeat","background-position":"center center","background-size":"auto","background-attachment":"scroll","background-type":"","background-media":"","overlay-type":"","overlay-color":"","overlay-opacity":"","overlay-gradient":""},"mobile":{"background-color":"","background-image":"","background-repeat":"repeat","background-position":"center center","background-size":"auto","background-attachment":"scroll","background-type":"","background-media":"","overlay-type":"","overlay-color":"","overlay-opacity":"","overlay-gradient":""}},"ast-content-background-meta":{"desktop":{"background-color":"var(--ast-global-color-4)","background-image":"","background-repeat":"repeat","background-position":"center center","background-size":"auto","background-attachment":"scroll","background-type":"","background-media":"","overlay-type":"","overlay-color":"","overlay-opacity":"","overlay-gradient":""},"tablet":{"background-color":"var(--ast-global-color-4)","background-image":"","background-repeat":"repeat","background-position":"center center","background-size":"auto","background-attachment":"scroll","background-type":"","background-media":"","overlay-type":"","overlay-color":"","overlay-opacity":"","overlay-gradient":""},"mobile":{"background-color":"var(--ast-global-color-4)","background-image":"","background-repeat":"repeat","background-position":"center center","background-size":"auto","background-attachment":"scroll","background-type":"","background-media":"","overlay-type":"","overlay-color":"","overlay-opacity":"","overlay-gradient":""}},"footnotes":""},"categories":[1],"tags":[],"class_list":["post-2854","post","type-post","status-publish","format-standard","has-post-thumbnail","hentry","category-uncategorized"],"yoast_head":"<!-- This site is optimized with the Yoast SEO plugin v26.0 - https:\/\/yoast.com\/wordpress\/plugins\/seo\/ -->\n<title>Cuando el nombre se vuelve persona - MI BLOG<\/title>\n<meta name=\"robots\" content=\"index, follow, max-snippet:-1, max-image-preview:large, max-video-preview:-1\" \/>\n<link rel=\"canonical\" href=\"https:\/\/viniciojarquin.com\/blog\/cuando-el-nombre-se-vuelve-persona\/\" \/>\n<meta property=\"og:locale\" content=\"es_ES\" \/>\n<meta property=\"og:type\" content=\"article\" \/>\n<meta property=\"og:title\" content=\"Cuando el nombre se vuelve persona - MI BLOG\" \/>\n<meta property=\"og:description\" content=\"C\u00f3mo cambian las cosas cuando uno les pone rostro, comportamiento y humanidad a las personas. Hab\u00eda escuchado de don Gustavo [&hellip;]\" \/>\n<meta property=\"og:url\" content=\"https:\/\/viniciojarquin.com\/blog\/cuando-el-nombre-se-vuelve-persona\/\" \/>\n<meta property=\"og:site_name\" content=\"MI BLOG\" \/>\n<meta property=\"article:publisher\" content=\"https:\/\/www.facebook.com\/vinicio.jarquin\" \/>\n<meta property=\"article:author\" content=\"https:\/\/www.facebook.com\/vinicio.jarquin\" \/>\n<meta property=\"article:published_time\" content=\"2026-03-04T17:10:24+00:00\" \/>\n<meta property=\"article:modified_time\" content=\"2026-03-04T17:16:32+00:00\" \/>\n<meta property=\"og:image\" content=\"https:\/\/viniciojarquin.com\/blog\/wp-content\/uploads\/2026\/03\/Cuando-el-nombre-se-vuelve-persona.jpg\" \/>\n\t<meta property=\"og:image:width\" content=\"1600\" \/>\n\t<meta property=\"og:image:height\" content=\"1067\" \/>\n\t<meta property=\"og:image:type\" content=\"image\/jpeg\" \/>\n<meta name=\"author\" content=\"Vinicio Jarqu\u00edn\" \/>\n<meta name=\"twitter:card\" content=\"summary_large_image\" \/>\n<meta name=\"twitter:label1\" content=\"Escrito por\" \/>\n\t<meta name=\"twitter:data1\" content=\"Vinicio Jarqu\u00edn\" \/>\n\t<meta name=\"twitter:label2\" content=\"Tiempo de lectura\" \/>\n\t<meta name=\"twitter:data2\" content=\"5 minutos\" \/>\n<script type=\"application\/ld+json\" class=\"yoast-schema-graph\">{\"@context\":\"https:\/\/schema.org\",\"@graph\":[{\"@type\":\"Article\",\"@id\":\"https:\/\/viniciojarquin.com\/blog\/cuando-el-nombre-se-vuelve-persona\/#article\",\"isPartOf\":{\"@id\":\"https:\/\/viniciojarquin.com\/blog\/cuando-el-nombre-se-vuelve-persona\/\"},\"author\":{\"name\":\"Vinicio Jarqu\u00edn\",\"@id\":\"https:\/\/viniciojarquin.com\/blog\/#\/schema\/person\/90100c8845ae55462ec0657d3d2f8d3b\"},\"headline\":\"Cuando el nombre se vuelve persona\",\"datePublished\":\"2026-03-04T17:10:24+00:00\",\"dateModified\":\"2026-03-04T17:16:32+00:00\",\"mainEntityOfPage\":{\"@id\":\"https:\/\/viniciojarquin.com\/blog\/cuando-el-nombre-se-vuelve-persona\/\"},\"wordCount\":983,\"commentCount\":0,\"publisher\":{\"@id\":\"https:\/\/viniciojarquin.com\/blog\/#\/schema\/person\/90100c8845ae55462ec0657d3d2f8d3b\"},\"image\":{\"@id\":\"https:\/\/viniciojarquin.com\/blog\/cuando-el-nombre-se-vuelve-persona\/#primaryimage\"},\"thumbnailUrl\":\"https:\/\/viniciojarquin.com\/blog\/wp-content\/uploads\/2026\/03\/Cuando-el-nombre-se-vuelve-persona.jpg\",\"articleSection\":[\"Uncategorized\"],\"inLanguage\":\"es\",\"potentialAction\":[{\"@type\":\"CommentAction\",\"name\":\"Comment\",\"target\":[\"https:\/\/viniciojarquin.com\/blog\/cuando-el-nombre-se-vuelve-persona\/#respond\"]}]},{\"@type\":\"WebPage\",\"@id\":\"https:\/\/viniciojarquin.com\/blog\/cuando-el-nombre-se-vuelve-persona\/\",\"url\":\"https:\/\/viniciojarquin.com\/blog\/cuando-el-nombre-se-vuelve-persona\/\",\"name\":\"Cuando el nombre se vuelve persona - MI BLOG\",\"isPartOf\":{\"@id\":\"https:\/\/viniciojarquin.com\/blog\/#website\"},\"primaryImageOfPage\":{\"@id\":\"https:\/\/viniciojarquin.com\/blog\/cuando-el-nombre-se-vuelve-persona\/#primaryimage\"},\"image\":{\"@id\":\"https:\/\/viniciojarquin.com\/blog\/cuando-el-nombre-se-vuelve-persona\/#primaryimage\"},\"thumbnailUrl\":\"https:\/\/viniciojarquin.com\/blog\/wp-content\/uploads\/2026\/03\/Cuando-el-nombre-se-vuelve-persona.jpg\",\"datePublished\":\"2026-03-04T17:10:24+00:00\",\"dateModified\":\"2026-03-04T17:16:32+00:00\",\"breadcrumb\":{\"@id\":\"https:\/\/viniciojarquin.com\/blog\/cuando-el-nombre-se-vuelve-persona\/#breadcrumb\"},\"inLanguage\":\"es\",\"potentialAction\":[{\"@type\":\"ReadAction\",\"target\":[\"https:\/\/viniciojarquin.com\/blog\/cuando-el-nombre-se-vuelve-persona\/\"]}]},{\"@type\":\"ImageObject\",\"inLanguage\":\"es\",\"@id\":\"https:\/\/viniciojarquin.com\/blog\/cuando-el-nombre-se-vuelve-persona\/#primaryimage\",\"url\":\"https:\/\/viniciojarquin.com\/blog\/wp-content\/uploads\/2026\/03\/Cuando-el-nombre-se-vuelve-persona.jpg\",\"contentUrl\":\"https:\/\/viniciojarquin.com\/blog\/wp-content\/uploads\/2026\/03\/Cuando-el-nombre-se-vuelve-persona.jpg\",\"width\":1600,\"height\":1067},{\"@type\":\"BreadcrumbList\",\"@id\":\"https:\/\/viniciojarquin.com\/blog\/cuando-el-nombre-se-vuelve-persona\/#breadcrumb\",\"itemListElement\":[{\"@type\":\"ListItem\",\"position\":1,\"name\":\"Portada\",\"item\":\"https:\/\/viniciojarquin.com\/blog\/\"},{\"@type\":\"ListItem\",\"position\":2,\"name\":\"Cuando el nombre se vuelve persona\"}]},{\"@type\":\"WebSite\",\"@id\":\"https:\/\/viniciojarquin.com\/blog\/#website\",\"url\":\"https:\/\/viniciojarquin.com\/blog\/\",\"name\":\"Vinicio Jarqu\u00edn BLOG\",\"description\":\"\",\"publisher\":{\"@id\":\"https:\/\/viniciojarquin.com\/blog\/#\/schema\/person\/90100c8845ae55462ec0657d3d2f8d3b\"},\"potentialAction\":[{\"@type\":\"SearchAction\",\"target\":{\"@type\":\"EntryPoint\",\"urlTemplate\":\"https:\/\/viniciojarquin.com\/blog\/?s={search_term_string}\"},\"query-input\":{\"@type\":\"PropertyValueSpecification\",\"valueRequired\":true,\"valueName\":\"search_term_string\"}}],\"inLanguage\":\"es\"},{\"@type\":[\"Person\",\"Organization\"],\"@id\":\"https:\/\/viniciojarquin.com\/blog\/#\/schema\/person\/90100c8845ae55462ec0657d3d2f8d3b\",\"name\":\"Vinicio Jarqu\u00edn\",\"image\":{\"@type\":\"ImageObject\",\"inLanguage\":\"es\",\"@id\":\"https:\/\/viniciojarquin.com\/blog\/#\/schema\/person\/image\/\",\"url\":\"https:\/\/viniciojarquin.com\/blog\/wp-content\/uploads\/2024\/10\/Logo-VinicioJarquin-original-400.png\",\"contentUrl\":\"https:\/\/viniciojarquin.com\/blog\/wp-content\/uploads\/2024\/10\/Logo-VinicioJarquin-original-400.png\",\"width\":400,\"height\":130,\"caption\":\"Vinicio Jarqu\u00edn\"},\"logo\":{\"@id\":\"https:\/\/viniciojarquin.com\/blog\/#\/schema\/person\/image\/\"},\"description\":\"Empresario textil, artista pl\u00e1stico, escritor, coach de vida y fot\u00f3grafo.\",\"sameAs\":[\"https:\/\/viniciojarquin.com\/blog\",\"https:\/\/www.facebook.com\/vinicio.jarquin\",\"https:\/\/www.instagram.com\/vinicio_jarquin\/\",\"https:\/\/www.pinterest.com\/vinnyjc\/\",\"https:\/\/www.youtube.com\/@VinicioJarquin\"],\"url\":\"https:\/\/viniciojarquin.com\/blog\/author\/admin_s02au25i\/\"}]}<\/script>\n<!-- \/ Yoast SEO plugin. -->","yoast_head_json":{"title":"Cuando el nombre se vuelve persona - MI BLOG","robots":{"index":"index","follow":"follow","max-snippet":"max-snippet:-1","max-image-preview":"max-image-preview:large","max-video-preview":"max-video-preview:-1"},"canonical":"https:\/\/viniciojarquin.com\/blog\/cuando-el-nombre-se-vuelve-persona\/","og_locale":"es_ES","og_type":"article","og_title":"Cuando el nombre se vuelve persona - MI BLOG","og_description":"C\u00f3mo cambian las cosas cuando uno les pone rostro, comportamiento y humanidad a las personas. Hab\u00eda escuchado de don Gustavo [&hellip;]","og_url":"https:\/\/viniciojarquin.com\/blog\/cuando-el-nombre-se-vuelve-persona\/","og_site_name":"MI BLOG","article_publisher":"https:\/\/www.facebook.com\/vinicio.jarquin","article_author":"https:\/\/www.facebook.com\/vinicio.jarquin","article_published_time":"2026-03-04T17:10:24+00:00","article_modified_time":"2026-03-04T17:16:32+00:00","og_image":[{"width":1600,"height":1067,"url":"https:\/\/viniciojarquin.com\/blog\/wp-content\/uploads\/2026\/03\/Cuando-el-nombre-se-vuelve-persona.jpg","type":"image\/jpeg"}],"author":"Vinicio Jarqu\u00edn","twitter_card":"summary_large_image","twitter_misc":{"Escrito por":"Vinicio Jarqu\u00edn","Tiempo de lectura":"5 minutos"},"schema":{"@context":"https:\/\/schema.org","@graph":[{"@type":"Article","@id":"https:\/\/viniciojarquin.com\/blog\/cuando-el-nombre-se-vuelve-persona\/#article","isPartOf":{"@id":"https:\/\/viniciojarquin.com\/blog\/cuando-el-nombre-se-vuelve-persona\/"},"author":{"name":"Vinicio Jarqu\u00edn","@id":"https:\/\/viniciojarquin.com\/blog\/#\/schema\/person\/90100c8845ae55462ec0657d3d2f8d3b"},"headline":"Cuando el nombre se vuelve persona","datePublished":"2026-03-04T17:10:24+00:00","dateModified":"2026-03-04T17:16:32+00:00","mainEntityOfPage":{"@id":"https:\/\/viniciojarquin.com\/blog\/cuando-el-nombre-se-vuelve-persona\/"},"wordCount":983,"commentCount":0,"publisher":{"@id":"https:\/\/viniciojarquin.com\/blog\/#\/schema\/person\/90100c8845ae55462ec0657d3d2f8d3b"},"image":{"@id":"https:\/\/viniciojarquin.com\/blog\/cuando-el-nombre-se-vuelve-persona\/#primaryimage"},"thumbnailUrl":"https:\/\/viniciojarquin.com\/blog\/wp-content\/uploads\/2026\/03\/Cuando-el-nombre-se-vuelve-persona.jpg","articleSection":["Uncategorized"],"inLanguage":"es","potentialAction":[{"@type":"CommentAction","name":"Comment","target":["https:\/\/viniciojarquin.com\/blog\/cuando-el-nombre-se-vuelve-persona\/#respond"]}]},{"@type":"WebPage","@id":"https:\/\/viniciojarquin.com\/blog\/cuando-el-nombre-se-vuelve-persona\/","url":"https:\/\/viniciojarquin.com\/blog\/cuando-el-nombre-se-vuelve-persona\/","name":"Cuando el nombre se vuelve persona - MI BLOG","isPartOf":{"@id":"https:\/\/viniciojarquin.com\/blog\/#website"},"primaryImageOfPage":{"@id":"https:\/\/viniciojarquin.com\/blog\/cuando-el-nombre-se-vuelve-persona\/#primaryimage"},"image":{"@id":"https:\/\/viniciojarquin.com\/blog\/cuando-el-nombre-se-vuelve-persona\/#primaryimage"},"thumbnailUrl":"https:\/\/viniciojarquin.com\/blog\/wp-content\/uploads\/2026\/03\/Cuando-el-nombre-se-vuelve-persona.jpg","datePublished":"2026-03-04T17:10:24+00:00","dateModified":"2026-03-04T17:16:32+00:00","breadcrumb":{"@id":"https:\/\/viniciojarquin.com\/blog\/cuando-el-nombre-se-vuelve-persona\/#breadcrumb"},"inLanguage":"es","potentialAction":[{"@type":"ReadAction","target":["https:\/\/viniciojarquin.com\/blog\/cuando-el-nombre-se-vuelve-persona\/"]}]},{"@type":"ImageObject","inLanguage":"es","@id":"https:\/\/viniciojarquin.com\/blog\/cuando-el-nombre-se-vuelve-persona\/#primaryimage","url":"https:\/\/viniciojarquin.com\/blog\/wp-content\/uploads\/2026\/03\/Cuando-el-nombre-se-vuelve-persona.jpg","contentUrl":"https:\/\/viniciojarquin.com\/blog\/wp-content\/uploads\/2026\/03\/Cuando-el-nombre-se-vuelve-persona.jpg","width":1600,"height":1067},{"@type":"BreadcrumbList","@id":"https:\/\/viniciojarquin.com\/blog\/cuando-el-nombre-se-vuelve-persona\/#breadcrumb","itemListElement":[{"@type":"ListItem","position":1,"name":"Portada","item":"https:\/\/viniciojarquin.com\/blog\/"},{"@type":"ListItem","position":2,"name":"Cuando el nombre se vuelve persona"}]},{"@type":"WebSite","@id":"https:\/\/viniciojarquin.com\/blog\/#website","url":"https:\/\/viniciojarquin.com\/blog\/","name":"Vinicio Jarqu\u00edn BLOG","description":"","publisher":{"@id":"https:\/\/viniciojarquin.com\/blog\/#\/schema\/person\/90100c8845ae55462ec0657d3d2f8d3b"},"potentialAction":[{"@type":"SearchAction","target":{"@type":"EntryPoint","urlTemplate":"https:\/\/viniciojarquin.com\/blog\/?s={search_term_string}"},"query-input":{"@type":"PropertyValueSpecification","valueRequired":true,"valueName":"search_term_string"}}],"inLanguage":"es"},{"@type":["Person","Organization"],"@id":"https:\/\/viniciojarquin.com\/blog\/#\/schema\/person\/90100c8845ae55462ec0657d3d2f8d3b","name":"Vinicio Jarqu\u00edn","image":{"@type":"ImageObject","inLanguage":"es","@id":"https:\/\/viniciojarquin.com\/blog\/#\/schema\/person\/image\/","url":"https:\/\/viniciojarquin.com\/blog\/wp-content\/uploads\/2024\/10\/Logo-VinicioJarquin-original-400.png","contentUrl":"https:\/\/viniciojarquin.com\/blog\/wp-content\/uploads\/2024\/10\/Logo-VinicioJarquin-original-400.png","width":400,"height":130,"caption":"Vinicio Jarqu\u00edn"},"logo":{"@id":"https:\/\/viniciojarquin.com\/blog\/#\/schema\/person\/image\/"},"description":"Empresario textil, artista pl\u00e1stico, escritor, coach de vida y fot\u00f3grafo.","sameAs":["https:\/\/viniciojarquin.com\/blog","https:\/\/www.facebook.com\/vinicio.jarquin","https:\/\/www.instagram.com\/vinicio_jarquin\/","https:\/\/www.pinterest.com\/vinnyjc\/","https:\/\/www.youtube.com\/@VinicioJarquin"],"url":"https:\/\/viniciojarquin.com\/blog\/author\/admin_s02au25i\/"}]}},"blog_post_layout_featured_media_urls":{"thumbnail":["https:\/\/viniciojarquin.com\/blog\/wp-content\/uploads\/2026\/03\/Cuando-el-nombre-se-vuelve-persona-150x150.jpg",150,150,true],"full":["https:\/\/viniciojarquin.com\/blog\/wp-content\/uploads\/2026\/03\/Cuando-el-nombre-se-vuelve-persona.jpg",1600,1067,false]},"categories_names":{"1":{"name":"Uncategorized","link":"https:\/\/viniciojarquin.com\/blog\/category\/uncategorized\/"}},"tags_names":[],"comments_number":"0","_links":{"self":[{"href":"https:\/\/viniciojarquin.com\/blog\/wp-json\/wp\/v2\/posts\/2854","targetHints":{"allow":["GET"]}}],"collection":[{"href":"https:\/\/viniciojarquin.com\/blog\/wp-json\/wp\/v2\/posts"}],"about":[{"href":"https:\/\/viniciojarquin.com\/blog\/wp-json\/wp\/v2\/types\/post"}],"author":[{"embeddable":true,"href":"https:\/\/viniciojarquin.com\/blog\/wp-json\/wp\/v2\/users\/1"}],"replies":[{"embeddable":true,"href":"https:\/\/viniciojarquin.com\/blog\/wp-json\/wp\/v2\/comments?post=2854"}],"version-history":[{"count":3,"href":"https:\/\/viniciojarquin.com\/blog\/wp-json\/wp\/v2\/posts\/2854\/revisions"}],"predecessor-version":[{"id":2858,"href":"https:\/\/viniciojarquin.com\/blog\/wp-json\/wp\/v2\/posts\/2854\/revisions\/2858"}],"wp:featuredmedia":[{"embeddable":true,"href":"https:\/\/viniciojarquin.com\/blog\/wp-json\/wp\/v2\/media\/2855"}],"wp:attachment":[{"href":"https:\/\/viniciojarquin.com\/blog\/wp-json\/wp\/v2\/media?parent=2854"}],"wp:term":[{"taxonomy":"category","embeddable":true,"href":"https:\/\/viniciojarquin.com\/blog\/wp-json\/wp\/v2\/categories?post=2854"},{"taxonomy":"post_tag","embeddable":true,"href":"https:\/\/viniciojarquin.com\/blog\/wp-json\/wp\/v2\/tags?post=2854"}],"curies":[{"name":"wp","href":"https:\/\/api.w.org\/{rel}","templated":true}]}}