{"id":2931,"date":"2026-03-04T21:50:30","date_gmt":"2026-03-04T21:50:30","guid":{"rendered":"https:\/\/viniciojarquin.com\/blog\/?p=2931"},"modified":"2026-03-04T21:50:32","modified_gmt":"2026-03-04T21:50:32","slug":"laura-fernandez-y-el-momento-del-poder","status":"publish","type":"post","link":"https:\/\/viniciojarquin.com\/blog\/laura-fernandez-y-el-momento-del-poder\/","title":{"rendered":"Laura Fern\u00e1ndez y el momento del poder"},"content":{"rendered":"\n<p>Muchos costarricenses se est\u00e1n haciendo una pregunta sencilla, honesta y sin ning\u00fan matiz de ofensa: \u00bfqu\u00e9 va a pasar con do\u00f1a Laura Fern\u00e1ndez? No es una pregunta malintencionada, ni un cuestionamiento personal. Es una curiosidad pol\u00edtica leg\u00edtima que aparece cuando un pa\u00eds observa una transici\u00f3n institucional que no es del todo com\u00fan.<\/p>\n\n\n\n<p>Hoy Costa Rica vive una situaci\u00f3n pol\u00edtica particular. Laura Fern\u00e1ndez es la presidenta electa de la Rep\u00fablica y, al mismo tiempo, ha aceptado ocupar el puesto de ministra de la Presidencia en el gobierno de Rodrigo Chaves, un gobierno que est\u00e1 entrando en su tramo final. Esa coincidencia de roles despierta naturalmente una pregunta en la mente de muchos ciudadanos.<\/p>\n\n\n\n<p>Porque el Ministerio de la Presidencia no es un puesto cualquiera dentro de la arquitectura del poder ejecutivo. Desde ah\u00ed se coordina la relaci\u00f3n con la Asamblea Legislativa, se ordena la agenda pol\u00edtica del gobierno y se articula buena parte de las decisiones que pasan por Casa Presidencial. Es, muchas veces, la extensi\u00f3n directa del pensamiento del presidente en ejercicio, el punto donde se alinean las piezas del tablero pol\u00edtico del pa\u00eds.<\/p>\n\n\n\n<p>Entonces la duda que muchos ciudadanos expresan no es un ataque. Es simplemente una curiosidad institucional. \u00bfQu\u00e9 va a pasar con do\u00f1a Laura? Cuando llegue el momento de asumir la presidencia, \u00bfqui\u00e9n ocupar\u00e1 realmente el centro del poder pol\u00edtico del pa\u00eds? \u00bfSer\u00e1 ella quien marque el rumbo del gobierno desde el primer d\u00eda? \u00bfO seguir\u00e1 existiendo una influencia fuerte del liderazgo que hoy ocupa la presidencia?<\/p>\n\n\n\n<p>Algunos lo plantean de una forma todav\u00eda m\u00e1s gr\u00e1fica. Cuando llegue el d\u00eda de la juramentaci\u00f3n y la banda presidencial cruce su pecho, \u00bfqu\u00e9 ocurrir\u00e1 exactamente en ese instante? \u00bfSer\u00e1 simplemente una continuidad natural del poder actual? \u00bfO ser\u00e1 el momento en que Laura Fern\u00e1ndez tome plena conciencia de que ahora es ella \u2014y solo ella\u2014 la presidenta de la Rep\u00fablica?<\/p>\n\n\n\n<p>Porque hay algo que la historia pol\u00edtica demuestra una y otra vez: el poder cambia a las personas\u2026 pero tambi\u00e9n el cargo cambia la relaci\u00f3n con el poder. Muchos l\u00edderes llegan acompa\u00f1ados por figuras pol\u00edticas fuertes que los impulsan, los respaldan o los rodean durante el camino hacia la presidencia. Sin embargo, cuando finalmente se sientan en la silla presidencial ocurre algo particular: la responsabilidad deja de ser compartida y pasa a ser completamente personal.<\/p>\n\n\n\n<p>En ese momento ya no gobierna una alianza, ni una estrategia electoral, ni una relaci\u00f3n pol\u00edtica previa. Gobierna quien tiene la banda presidencial.<\/p>\n\n\n\n<p>Por eso la pregunta sobre Laura Fern\u00e1ndez no es un ataque ni una cr\u00edtica anticipada. Es una duda natural que surge cuando el pa\u00eds observa una transici\u00f3n pol\u00edtica que combina continuidad y cambio al mismo tiempo. Y esa duda, probablemente, se resolver\u00e1 en el instante m\u00e1s simple y solemne de todos: cuando llegue el momento de gobernar.<\/p>\n\n\n\n<figure class=\"wp-block-image size-large\"><img decoding=\"async\" width=\"1024\" height=\"683\" data-src=\"https:\/\/viniciojarquin.com\/blog\/wp-content\/uploads\/2026\/03\/Laura-Fernandez-y-el-momento-del-poder-1024x683.jpg\" alt=\"\" class=\"wp-image-2932 lazyload\" data-srcset=\"https:\/\/viniciojarquin.com\/blog\/wp-content\/uploads\/2026\/03\/Laura-Fernandez-y-el-momento-del-poder-1024x683.jpg 1024w, https:\/\/viniciojarquin.com\/blog\/wp-content\/uploads\/2026\/03\/Laura-Fernandez-y-el-momento-del-poder-300x200.jpg 300w, https:\/\/viniciojarquin.com\/blog\/wp-content\/uploads\/2026\/03\/Laura-Fernandez-y-el-momento-del-poder-768x512.jpg 768w, https:\/\/viniciojarquin.com\/blog\/wp-content\/uploads\/2026\/03\/Laura-Fernandez-y-el-momento-del-poder-1536x1024.jpg 1536w, https:\/\/viniciojarquin.com\/blog\/wp-content\/uploads\/2026\/03\/Laura-Fernandez-y-el-momento-del-poder.jpg 1600w\" data-sizes=\"(max-width: 1024px) 100vw, 1024px\" src=\"data:image\/svg+xml;base64,PHN2ZyB3aWR0aD0iMSIgaGVpZ2h0PSIxIiB4bWxucz0iaHR0cDovL3d3dy53My5vcmcvMjAwMC9zdmciPjwvc3ZnPg==\" style=\"--smush-placeholder-width: 1024px; --smush-placeholder-aspect-ratio: 1024\/683;\" \/><\/figure>\n","protected":false},"excerpt":{"rendered":"<p>Muchos costarricenses se est\u00e1n haciendo una pregunta sencilla, honesta y sin ning\u00fan matiz de ofensa: \u00bfqu\u00e9 va a pasar con [&hellip;]<\/p>\n","protected":false},"author":1,"featured_media":2932,"comment_status":"open","ping_status":"open","sticky":false,"template":"","format":"standard","meta":{"site-sidebar-layout":"default","site-content-layout":"","ast-site-content-layout":"","site-content-style":"default","site-sidebar-style":"default","ast-global-header-display":"","ast-banner-title-visibility":"","ast-main-header-display":"","ast-hfb-above-header-display":"","ast-hfb-below-header-display":"","ast-hfb-mobile-header-display":"","site-post-title":"","ast-breadcrumbs-content":"","ast-featured-img":"","footer-sml-layout":"","theme-transparent-header-meta":"","adv-header-id-meta":"","stick-header-meta":"","header-above-stick-meta":"","header-main-stick-meta":"","header-below-stick-meta":"","astra-migrate-meta-layouts":"default","ast-page-background-enabled":"default","ast-page-background-meta":{"desktop":{"background-color":"var(--ast-global-color-5)","background-image":"","background-repeat":"repeat","background-position":"center center","background-size":"auto","background-attachment":"scroll","background-type":"","background-media":"","overlay-type":"","overlay-color":"","overlay-opacity":"","overlay-gradient":""},"tablet":{"background-color":"","background-image":"","background-repeat":"repeat","background-position":"center center","background-size":"auto","background-attachment":"scroll","background-type":"","background-media":"","overlay-type":"","overlay-color":"","overlay-opacity":"","overlay-gradient":""},"mobile":{"background-color":"","background-image":"","background-repeat":"repeat","background-position":"center center","background-size":"auto","background-attachment":"scroll","background-type":"","background-media":"","overlay-type":"","overlay-color":"","overlay-opacity":"","overlay-gradient":""}},"ast-content-background-meta":{"desktop":{"background-color":"var(--ast-global-color-4)","background-image":"","background-repeat":"repeat","background-position":"center center","background-size":"auto","background-attachment":"scroll","background-type":"","background-media":"","overlay-type":"","overlay-color":"","overlay-opacity":"","overlay-gradient":""},"tablet":{"background-color":"var(--ast-global-color-4)","background-image":"","background-repeat":"repeat","background-position":"center center","background-size":"auto","background-attachment":"scroll","background-type":"","background-media":"","overlay-type":"","overlay-color":"","overlay-opacity":"","overlay-gradient":""},"mobile":{"background-color":"var(--ast-global-color-4)","background-image":"","background-repeat":"repeat","background-position":"center center","background-size":"auto","background-attachment":"scroll","background-type":"","background-media":"","overlay-type":"","overlay-color":"","overlay-opacity":"","overlay-gradient":""}},"footnotes":""},"categories":[17],"tags":[],"class_list":["post-2931","post","type-post","status-publish","format-standard","has-post-thumbnail","hentry","category-elecciones-2026"],"yoast_head":"<!-- This site is optimized with the Yoast SEO plugin v26.0 - https:\/\/yoast.com\/wordpress\/plugins\/seo\/ -->\n<title>Laura Fern\u00e1ndez y el momento del poder - MI BLOG<\/title>\n<meta name=\"robots\" content=\"index, follow, max-snippet:-1, max-image-preview:large, max-video-preview:-1\" \/>\n<link rel=\"canonical\" href=\"https:\/\/viniciojarquin.com\/blog\/laura-fernandez-y-el-momento-del-poder\/\" \/>\n<meta property=\"og:locale\" content=\"es_ES\" \/>\n<meta property=\"og:type\" content=\"article\" \/>\n<meta property=\"og:title\" content=\"Laura Fern\u00e1ndez y el momento del poder - MI BLOG\" \/>\n<meta property=\"og:description\" content=\"Muchos costarricenses se est\u00e1n haciendo una pregunta sencilla, honesta y sin ning\u00fan matiz de ofensa: \u00bfqu\u00e9 va a pasar con [&hellip;]\" \/>\n<meta property=\"og:url\" content=\"https:\/\/viniciojarquin.com\/blog\/laura-fernandez-y-el-momento-del-poder\/\" \/>\n<meta property=\"og:site_name\" content=\"MI BLOG\" \/>\n<meta property=\"article:publisher\" content=\"https:\/\/www.facebook.com\/vinicio.jarquin\" \/>\n<meta property=\"article:author\" content=\"https:\/\/www.facebook.com\/vinicio.jarquin\" \/>\n<meta property=\"article:published_time\" content=\"2026-03-04T21:50:30+00:00\" \/>\n<meta property=\"article:modified_time\" content=\"2026-03-04T21:50:32+00:00\" \/>\n<meta property=\"og:image\" content=\"https:\/\/viniciojarquin.com\/blog\/wp-content\/uploads\/2026\/03\/Laura-Fernandez-y-el-momento-del-poder.jpg\" \/>\n\t<meta property=\"og:image:width\" content=\"1600\" \/>\n\t<meta property=\"og:image:height\" content=\"1067\" \/>\n\t<meta property=\"og:image:type\" content=\"image\/jpeg\" \/>\n<meta name=\"author\" content=\"Vinicio Jarqu\u00edn\" \/>\n<meta name=\"twitter:card\" content=\"summary_large_image\" \/>\n<meta name=\"twitter:label1\" content=\"Escrito por\" \/>\n\t<meta name=\"twitter:data1\" content=\"Vinicio Jarqu\u00edn\" \/>\n\t<meta name=\"twitter:label2\" content=\"Tiempo de lectura\" \/>\n\t<meta name=\"twitter:data2\" content=\"3 minutos\" \/>\n<script type=\"application\/ld+json\" class=\"yoast-schema-graph\">{\"@context\":\"https:\/\/schema.org\",\"@graph\":[{\"@type\":\"Article\",\"@id\":\"https:\/\/viniciojarquin.com\/blog\/laura-fernandez-y-el-momento-del-poder\/#article\",\"isPartOf\":{\"@id\":\"https:\/\/viniciojarquin.com\/blog\/laura-fernandez-y-el-momento-del-poder\/\"},\"author\":{\"name\":\"Vinicio Jarqu\u00edn\",\"@id\":\"https:\/\/viniciojarquin.com\/blog\/#\/schema\/person\/90100c8845ae55462ec0657d3d2f8d3b\"},\"headline\":\"Laura Fern\u00e1ndez y el momento del poder\",\"datePublished\":\"2026-03-04T21:50:30+00:00\",\"dateModified\":\"2026-03-04T21:50:32+00:00\",\"mainEntityOfPage\":{\"@id\":\"https:\/\/viniciojarquin.com\/blog\/laura-fernandez-y-el-momento-del-poder\/\"},\"wordCount\":518,\"commentCount\":0,\"publisher\":{\"@id\":\"https:\/\/viniciojarquin.com\/blog\/#\/schema\/person\/90100c8845ae55462ec0657d3d2f8d3b\"},\"image\":{\"@id\":\"https:\/\/viniciojarquin.com\/blog\/laura-fernandez-y-el-momento-del-poder\/#primaryimage\"},\"thumbnailUrl\":\"https:\/\/viniciojarquin.com\/blog\/wp-content\/uploads\/2026\/03\/Laura-Fernandez-y-el-momento-del-poder.jpg\",\"articleSection\":[\"Elecciones 2026\"],\"inLanguage\":\"es\",\"potentialAction\":[{\"@type\":\"CommentAction\",\"name\":\"Comment\",\"target\":[\"https:\/\/viniciojarquin.com\/blog\/laura-fernandez-y-el-momento-del-poder\/#respond\"]}]},{\"@type\":\"WebPage\",\"@id\":\"https:\/\/viniciojarquin.com\/blog\/laura-fernandez-y-el-momento-del-poder\/\",\"url\":\"https:\/\/viniciojarquin.com\/blog\/laura-fernandez-y-el-momento-del-poder\/\",\"name\":\"Laura Fern\u00e1ndez y el momento del poder - MI BLOG\",\"isPartOf\":{\"@id\":\"https:\/\/viniciojarquin.com\/blog\/#website\"},\"primaryImageOfPage\":{\"@id\":\"https:\/\/viniciojarquin.com\/blog\/laura-fernandez-y-el-momento-del-poder\/#primaryimage\"},\"image\":{\"@id\":\"https:\/\/viniciojarquin.com\/blog\/laura-fernandez-y-el-momento-del-poder\/#primaryimage\"},\"thumbnailUrl\":\"https:\/\/viniciojarquin.com\/blog\/wp-content\/uploads\/2026\/03\/Laura-Fernandez-y-el-momento-del-poder.jpg\",\"datePublished\":\"2026-03-04T21:50:30+00:00\",\"dateModified\":\"2026-03-04T21:50:32+00:00\",\"breadcrumb\":{\"@id\":\"https:\/\/viniciojarquin.com\/blog\/laura-fernandez-y-el-momento-del-poder\/#breadcrumb\"},\"inLanguage\":\"es\",\"potentialAction\":[{\"@type\":\"ReadAction\",\"target\":[\"https:\/\/viniciojarquin.com\/blog\/laura-fernandez-y-el-momento-del-poder\/\"]}]},{\"@type\":\"ImageObject\",\"inLanguage\":\"es\",\"@id\":\"https:\/\/viniciojarquin.com\/blog\/laura-fernandez-y-el-momento-del-poder\/#primaryimage\",\"url\":\"https:\/\/viniciojarquin.com\/blog\/wp-content\/uploads\/2026\/03\/Laura-Fernandez-y-el-momento-del-poder.jpg\",\"contentUrl\":\"https:\/\/viniciojarquin.com\/blog\/wp-content\/uploads\/2026\/03\/Laura-Fernandez-y-el-momento-del-poder.jpg\",\"width\":1600,\"height\":1067},{\"@type\":\"BreadcrumbList\",\"@id\":\"https:\/\/viniciojarquin.com\/blog\/laura-fernandez-y-el-momento-del-poder\/#breadcrumb\",\"itemListElement\":[{\"@type\":\"ListItem\",\"position\":1,\"name\":\"Portada\",\"item\":\"https:\/\/viniciojarquin.com\/blog\/\"},{\"@type\":\"ListItem\",\"position\":2,\"name\":\"Laura Fern\u00e1ndez y el momento del poder\"}]},{\"@type\":\"WebSite\",\"@id\":\"https:\/\/viniciojarquin.com\/blog\/#website\",\"url\":\"https:\/\/viniciojarquin.com\/blog\/\",\"name\":\"Vinicio Jarqu\u00edn BLOG\",\"description\":\"\",\"publisher\":{\"@id\":\"https:\/\/viniciojarquin.com\/blog\/#\/schema\/person\/90100c8845ae55462ec0657d3d2f8d3b\"},\"potentialAction\":[{\"@type\":\"SearchAction\",\"target\":{\"@type\":\"EntryPoint\",\"urlTemplate\":\"https:\/\/viniciojarquin.com\/blog\/?s={search_term_string}\"},\"query-input\":{\"@type\":\"PropertyValueSpecification\",\"valueRequired\":true,\"valueName\":\"search_term_string\"}}],\"inLanguage\":\"es\"},{\"@type\":[\"Person\",\"Organization\"],\"@id\":\"https:\/\/viniciojarquin.com\/blog\/#\/schema\/person\/90100c8845ae55462ec0657d3d2f8d3b\",\"name\":\"Vinicio Jarqu\u00edn\",\"image\":{\"@type\":\"ImageObject\",\"inLanguage\":\"es\",\"@id\":\"https:\/\/viniciojarquin.com\/blog\/#\/schema\/person\/image\/\",\"url\":\"https:\/\/viniciojarquin.com\/blog\/wp-content\/uploads\/2024\/10\/Logo-VinicioJarquin-original-400.png\",\"contentUrl\":\"https:\/\/viniciojarquin.com\/blog\/wp-content\/uploads\/2024\/10\/Logo-VinicioJarquin-original-400.png\",\"width\":400,\"height\":130,\"caption\":\"Vinicio Jarqu\u00edn\"},\"logo\":{\"@id\":\"https:\/\/viniciojarquin.com\/blog\/#\/schema\/person\/image\/\"},\"description\":\"Empresario textil, artista pl\u00e1stico, escritor, coach de vida y fot\u00f3grafo.\",\"sameAs\":[\"https:\/\/viniciojarquin.com\/blog\",\"https:\/\/www.facebook.com\/vinicio.jarquin\",\"https:\/\/www.instagram.com\/vinicio_jarquin\/\",\"https:\/\/www.pinterest.com\/vinnyjc\/\",\"https:\/\/www.youtube.com\/@VinicioJarquin\"],\"url\":\"https:\/\/viniciojarquin.com\/blog\/author\/admin_s02au25i\/\"}]}<\/script>\n<!-- \/ Yoast SEO plugin. -->","yoast_head_json":{"title":"Laura Fern\u00e1ndez y el momento del poder - MI BLOG","robots":{"index":"index","follow":"follow","max-snippet":"max-snippet:-1","max-image-preview":"max-image-preview:large","max-video-preview":"max-video-preview:-1"},"canonical":"https:\/\/viniciojarquin.com\/blog\/laura-fernandez-y-el-momento-del-poder\/","og_locale":"es_ES","og_type":"article","og_title":"Laura Fern\u00e1ndez y el momento del poder - MI BLOG","og_description":"Muchos costarricenses se est\u00e1n haciendo una pregunta sencilla, honesta y sin ning\u00fan matiz de ofensa: \u00bfqu\u00e9 va a pasar con [&hellip;]","og_url":"https:\/\/viniciojarquin.com\/blog\/laura-fernandez-y-el-momento-del-poder\/","og_site_name":"MI BLOG","article_publisher":"https:\/\/www.facebook.com\/vinicio.jarquin","article_author":"https:\/\/www.facebook.com\/vinicio.jarquin","article_published_time":"2026-03-04T21:50:30+00:00","article_modified_time":"2026-03-04T21:50:32+00:00","og_image":[{"width":1600,"height":1067,"url":"https:\/\/viniciojarquin.com\/blog\/wp-content\/uploads\/2026\/03\/Laura-Fernandez-y-el-momento-del-poder.jpg","type":"image\/jpeg"}],"author":"Vinicio Jarqu\u00edn","twitter_card":"summary_large_image","twitter_misc":{"Escrito por":"Vinicio Jarqu\u00edn","Tiempo de lectura":"3 minutos"},"schema":{"@context":"https:\/\/schema.org","@graph":[{"@type":"Article","@id":"https:\/\/viniciojarquin.com\/blog\/laura-fernandez-y-el-momento-del-poder\/#article","isPartOf":{"@id":"https:\/\/viniciojarquin.com\/blog\/laura-fernandez-y-el-momento-del-poder\/"},"author":{"name":"Vinicio Jarqu\u00edn","@id":"https:\/\/viniciojarquin.com\/blog\/#\/schema\/person\/90100c8845ae55462ec0657d3d2f8d3b"},"headline":"Laura Fern\u00e1ndez y el momento del poder","datePublished":"2026-03-04T21:50:30+00:00","dateModified":"2026-03-04T21:50:32+00:00","mainEntityOfPage":{"@id":"https:\/\/viniciojarquin.com\/blog\/laura-fernandez-y-el-momento-del-poder\/"},"wordCount":518,"commentCount":0,"publisher":{"@id":"https:\/\/viniciojarquin.com\/blog\/#\/schema\/person\/90100c8845ae55462ec0657d3d2f8d3b"},"image":{"@id":"https:\/\/viniciojarquin.com\/blog\/laura-fernandez-y-el-momento-del-poder\/#primaryimage"},"thumbnailUrl":"https:\/\/viniciojarquin.com\/blog\/wp-content\/uploads\/2026\/03\/Laura-Fernandez-y-el-momento-del-poder.jpg","articleSection":["Elecciones 2026"],"inLanguage":"es","potentialAction":[{"@type":"CommentAction","name":"Comment","target":["https:\/\/viniciojarquin.com\/blog\/laura-fernandez-y-el-momento-del-poder\/#respond"]}]},{"@type":"WebPage","@id":"https:\/\/viniciojarquin.com\/blog\/laura-fernandez-y-el-momento-del-poder\/","url":"https:\/\/viniciojarquin.com\/blog\/laura-fernandez-y-el-momento-del-poder\/","name":"Laura Fern\u00e1ndez y el momento del poder - MI BLOG","isPartOf":{"@id":"https:\/\/viniciojarquin.com\/blog\/#website"},"primaryImageOfPage":{"@id":"https:\/\/viniciojarquin.com\/blog\/laura-fernandez-y-el-momento-del-poder\/#primaryimage"},"image":{"@id":"https:\/\/viniciojarquin.com\/blog\/laura-fernandez-y-el-momento-del-poder\/#primaryimage"},"thumbnailUrl":"https:\/\/viniciojarquin.com\/blog\/wp-content\/uploads\/2026\/03\/Laura-Fernandez-y-el-momento-del-poder.jpg","datePublished":"2026-03-04T21:50:30+00:00","dateModified":"2026-03-04T21:50:32+00:00","breadcrumb":{"@id":"https:\/\/viniciojarquin.com\/blog\/laura-fernandez-y-el-momento-del-poder\/#breadcrumb"},"inLanguage":"es","potentialAction":[{"@type":"ReadAction","target":["https:\/\/viniciojarquin.com\/blog\/laura-fernandez-y-el-momento-del-poder\/"]}]},{"@type":"ImageObject","inLanguage":"es","@id":"https:\/\/viniciojarquin.com\/blog\/laura-fernandez-y-el-momento-del-poder\/#primaryimage","url":"https:\/\/viniciojarquin.com\/blog\/wp-content\/uploads\/2026\/03\/Laura-Fernandez-y-el-momento-del-poder.jpg","contentUrl":"https:\/\/viniciojarquin.com\/blog\/wp-content\/uploads\/2026\/03\/Laura-Fernandez-y-el-momento-del-poder.jpg","width":1600,"height":1067},{"@type":"BreadcrumbList","@id":"https:\/\/viniciojarquin.com\/blog\/laura-fernandez-y-el-momento-del-poder\/#breadcrumb","itemListElement":[{"@type":"ListItem","position":1,"name":"Portada","item":"https:\/\/viniciojarquin.com\/blog\/"},{"@type":"ListItem","position":2,"name":"Laura Fern\u00e1ndez y el momento del poder"}]},{"@type":"WebSite","@id":"https:\/\/viniciojarquin.com\/blog\/#website","url":"https:\/\/viniciojarquin.com\/blog\/","name":"Vinicio Jarqu\u00edn BLOG","description":"","publisher":{"@id":"https:\/\/viniciojarquin.com\/blog\/#\/schema\/person\/90100c8845ae55462ec0657d3d2f8d3b"},"potentialAction":[{"@type":"SearchAction","target":{"@type":"EntryPoint","urlTemplate":"https:\/\/viniciojarquin.com\/blog\/?s={search_term_string}"},"query-input":{"@type":"PropertyValueSpecification","valueRequired":true,"valueName":"search_term_string"}}],"inLanguage":"es"},{"@type":["Person","Organization"],"@id":"https:\/\/viniciojarquin.com\/blog\/#\/schema\/person\/90100c8845ae55462ec0657d3d2f8d3b","name":"Vinicio Jarqu\u00edn","image":{"@type":"ImageObject","inLanguage":"es","@id":"https:\/\/viniciojarquin.com\/blog\/#\/schema\/person\/image\/","url":"https:\/\/viniciojarquin.com\/blog\/wp-content\/uploads\/2024\/10\/Logo-VinicioJarquin-original-400.png","contentUrl":"https:\/\/viniciojarquin.com\/blog\/wp-content\/uploads\/2024\/10\/Logo-VinicioJarquin-original-400.png","width":400,"height":130,"caption":"Vinicio Jarqu\u00edn"},"logo":{"@id":"https:\/\/viniciojarquin.com\/blog\/#\/schema\/person\/image\/"},"description":"Empresario textil, artista pl\u00e1stico, escritor, coach de vida y fot\u00f3grafo.","sameAs":["https:\/\/viniciojarquin.com\/blog","https:\/\/www.facebook.com\/vinicio.jarquin","https:\/\/www.instagram.com\/vinicio_jarquin\/","https:\/\/www.pinterest.com\/vinnyjc\/","https:\/\/www.youtube.com\/@VinicioJarquin"],"url":"https:\/\/viniciojarquin.com\/blog\/author\/admin_s02au25i\/"}]}},"blog_post_layout_featured_media_urls":{"thumbnail":["https:\/\/viniciojarquin.com\/blog\/wp-content\/uploads\/2026\/03\/Laura-Fernandez-y-el-momento-del-poder-150x150.jpg",150,150,true],"full":["https:\/\/viniciojarquin.com\/blog\/wp-content\/uploads\/2026\/03\/Laura-Fernandez-y-el-momento-del-poder.jpg",1600,1067,false]},"categories_names":{"17":{"name":"Elecciones 2026","link":"https:\/\/viniciojarquin.com\/blog\/category\/elecciones-2026\/"}},"tags_names":[],"comments_number":"0","_links":{"self":[{"href":"https:\/\/viniciojarquin.com\/blog\/wp-json\/wp\/v2\/posts\/2931","targetHints":{"allow":["GET"]}}],"collection":[{"href":"https:\/\/viniciojarquin.com\/blog\/wp-json\/wp\/v2\/posts"}],"about":[{"href":"https:\/\/viniciojarquin.com\/blog\/wp-json\/wp\/v2\/types\/post"}],"author":[{"embeddable":true,"href":"https:\/\/viniciojarquin.com\/blog\/wp-json\/wp\/v2\/users\/1"}],"replies":[{"embeddable":true,"href":"https:\/\/viniciojarquin.com\/blog\/wp-json\/wp\/v2\/comments?post=2931"}],"version-history":[{"count":1,"href":"https:\/\/viniciojarquin.com\/blog\/wp-json\/wp\/v2\/posts\/2931\/revisions"}],"predecessor-version":[{"id":2933,"href":"https:\/\/viniciojarquin.com\/blog\/wp-json\/wp\/v2\/posts\/2931\/revisions\/2933"}],"wp:featuredmedia":[{"embeddable":true,"href":"https:\/\/viniciojarquin.com\/blog\/wp-json\/wp\/v2\/media\/2932"}],"wp:attachment":[{"href":"https:\/\/viniciojarquin.com\/blog\/wp-json\/wp\/v2\/media?parent=2931"}],"wp:term":[{"taxonomy":"category","embeddable":true,"href":"https:\/\/viniciojarquin.com\/blog\/wp-json\/wp\/v2\/categories?post=2931"},{"taxonomy":"post_tag","embeddable":true,"href":"https:\/\/viniciojarquin.com\/blog\/wp-json\/wp\/v2\/tags?post=2931"}],"curies":[{"name":"wp","href":"https:\/\/api.w.org\/{rel}","templated":true}]}}