{"id":2934,"date":"2026-03-05T15:45:54","date_gmt":"2026-03-05T15:45:54","guid":{"rendered":"https:\/\/viniciojarquin.com\/blog\/?p=2934"},"modified":"2026-03-05T15:46:58","modified_gmt":"2026-03-05T15:46:58","slug":"el-llamado-del-papa-a-la-convivencia","status":"publish","type":"post","link":"https:\/\/viniciojarquin.com\/blog\/el-llamado-del-papa-a-la-convivencia\/","title":{"rendered":"El llamado del Papa a la convivencia"},"content":{"rendered":"\n<figure class=\"wp-block-image size-large\"><img decoding=\"async\" width=\"1024\" height=\"683\" data-src=\"https:\/\/viniciojarquin.com\/blog\/wp-content\/uploads\/2026\/03\/El-llamado-del-Papa-a-la-convivencia-2-1024x683.jpg\" alt=\"\" class=\"wp-image-2937 lazyload\" data-srcset=\"https:\/\/viniciojarquin.com\/blog\/wp-content\/uploads\/2026\/03\/El-llamado-del-Papa-a-la-convivencia-2-1024x683.jpg 1024w, https:\/\/viniciojarquin.com\/blog\/wp-content\/uploads\/2026\/03\/El-llamado-del-Papa-a-la-convivencia-2-300x200.jpg 300w, https:\/\/viniciojarquin.com\/blog\/wp-content\/uploads\/2026\/03\/El-llamado-del-Papa-a-la-convivencia-2-768x512.jpg 768w, https:\/\/viniciojarquin.com\/blog\/wp-content\/uploads\/2026\/03\/El-llamado-del-Papa-a-la-convivencia-2-1536x1024.jpg 1536w, https:\/\/viniciojarquin.com\/blog\/wp-content\/uploads\/2026\/03\/El-llamado-del-Papa-a-la-convivencia-2.jpg 1600w\" data-sizes=\"(max-width: 1024px) 100vw, 1024px\" src=\"data:image\/svg+xml;base64,PHN2ZyB3aWR0aD0iMSIgaGVpZ2h0PSIxIiB4bWxucz0iaHR0cDovL3d3dy53My5vcmcvMjAwMC9zdmciPjwvc3ZnPg==\" style=\"--smush-placeholder-width: 1024px; --smush-placeholder-aspect-ratio: 1024\/683;\" \/><\/figure>\n\n\n\n<p>Esta ma\u00f1ana el Papa comparti\u00f3 una oraci\u00f3n y reflexi\u00f3n que me parece profundamente oportuna para los tiempos que vivimos. La copio aqu\u00ed, porque vale la pena leerla con calma.<\/p>\n\n\n\n<p>\u201cOremos para que las sociedades en las que la convivencia parece m\u00e1s dif\u00edcil no sucumban a la tentaci\u00f3n de la confrontaci\u00f3n por razones \u00e9tnicas, pol\u00edticas, religiosas o ideol\u00f3gicas.<\/p>\n\n\n\n<p>Jes\u00fas, Se\u00f1or de nuestra historia, compa\u00f1ero fiel y presencia viva, t\u00fa que nunca te cansas de salir a nuestro encuentro, aqu\u00ed estamos, necesitados de tu paz. Vivimos tiempos de miedo y de divisi\u00f3n. A veces actuamos como si estuvi\u00e9ramos solos, levantando muros que nos separan unos de otros, olvidando que somos hermanos y hermanas.<\/p>\n\n\n\n<p>Env\u00edanos tu Esp\u00edritu, Se\u00f1or, para que reavive dentro de nosotros el deseo de comprendernos, de escucharnos, de vivir juntos con respeto y compasi\u00f3n. Danos el valor de buscar caminos de di\u00e1logo, de responder a los conflictos con gestos de fraternidad, de abrir nuestros corazones a los dem\u00e1s sin temor a las diferencias.<\/p>\n\n\n\n<p>Haznos constructores de puentes, capaces de superar fronteras e ideolog\u00edas, capaces de mirar a los dem\u00e1s con los ojos del coraz\u00f3n, reconociendo en cada persona una dignidad inviolable. Ay\u00fadanos a crear espacios donde la esperanza pueda florecer, donde la diversidad no sea una amenaza, sino una riqueza que nos hace m\u00e1s humanos.<\/p>\n\n\n\n<p>Am\u00e9n.\u201d<\/p>\n\n\n\n<p>Antes de continuar, quiero aclarar algo con total transparencia. Apacigua tu ser interior no se declara una organizaci\u00f3n ni un movimiento cat\u00f3lico o religioso. Sin embargo, tenemos la humildad de reconocer y valorar los mensajes de paz, de amor y de reconciliaci\u00f3n, vengan de donde vengan. Y m\u00e1s a\u00fan cuando provienen del l\u00edder de una comunidad de fe que ha sostenido durante siglos un mensaje de esperanza y de principios cristianos.<\/p>\n\n\n\n<p>Leo estas palabras y no puedo evitar pensar en lo que hemos vivido en los \u00faltimos meses en Costa Rica, y tambi\u00e9n en lo que ocurre en muchas partes del mundo. La conversaci\u00f3n p\u00fablica se ha ido llenando de tensi\u00f3n, de etiquetas, de sospechas. Cada vez parece m\u00e1s f\u00e1cil dividir que comprender, m\u00e1s f\u00e1cil levantar muros que tender puentes.<\/p>\n\n\n\n<p>Desde Apacigua tu ser interior hemos insistido en algo muy sencillo, pero profundamente humano: la paz social comienza dentro de cada persona. No es una idea rom\u00e1ntica ni una frase bonita para compartir en redes. Es una realidad humana. Cuando el coraz\u00f3n se llena de miedo, de enojo o de resentimiento, eso termina filtr\u00e1ndose en nuestras palabras, en nuestras decisiones y en nuestra forma de relacionarnos con los dem\u00e1s.<\/p>\n\n\n\n<p>Por eso este mensaje del Papa me parece tan pertinente. No nos est\u00e1 hablando solo de pol\u00edtica o de conflictos internacionales. Nos est\u00e1 hablando de algo m\u00e1s \u00edntimo: de la manera en que miramos a los dem\u00e1s.<\/p>\n\n\n\n<p>Cuando logramos ver a la otra persona como un ser humano completo, con su dignidad intacta, incluso cuando piensa distinto a nosotros, algo cambia. El tono baja. El di\u00e1logo se vuelve posible. Y la sociedad respira un poco mejor.<\/p>\n\n\n\n<p>Costa Rica ha sido hist\u00f3ricamente un pa\u00eds que apuesta por la convivencia. No significa que no tengamos diferencias. Las tenemos, y es natural. Pero el desaf\u00edo es aprender a sostener esas diferencias sin convertirlas en trincheras.<\/p>\n\n\n\n<p>Tal vez el verdadero trabajo de nuestro tiempo no sea ganar discusiones, sino recuperar la capacidad de convivir.<\/p>\n\n\n\n<p>Y eso empieza, siempre, en el mismo lugar: dentro de cada uno de nosotros.<\/p>\n","protected":false},"excerpt":{"rendered":"<p>Esta ma\u00f1ana el Papa comparti\u00f3 una oraci\u00f3n y reflexi\u00f3n que me parece profundamente oportuna para los tiempos que vivimos. La [&hellip;]<\/p>\n","protected":false},"author":1,"featured_media":2937,"comment_status":"open","ping_status":"open","sticky":false,"template":"","format":"standard","meta":{"site-sidebar-layout":"default","site-content-layout":"","ast-site-content-layout":"","site-content-style":"default","site-sidebar-style":"default","ast-global-header-display":"","ast-banner-title-visibility":"","ast-main-header-display":"","ast-hfb-above-header-display":"","ast-hfb-below-header-display":"","ast-hfb-mobile-header-display":"","site-post-title":"","ast-breadcrumbs-content":"","ast-featured-img":"","footer-sml-layout":"","theme-transparent-header-meta":"","adv-header-id-meta":"","stick-header-meta":"","header-above-stick-meta":"","header-main-stick-meta":"","header-below-stick-meta":"","astra-migrate-meta-layouts":"default","ast-page-background-enabled":"default","ast-page-background-meta":{"desktop":{"background-color":"var(--ast-global-color-5)","background-image":"","background-repeat":"repeat","background-position":"center center","background-size":"auto","background-attachment":"scroll","background-type":"","background-media":"","overlay-type":"","overlay-color":"","overlay-opacity":"","overlay-gradient":""},"tablet":{"background-color":"","background-image":"","background-repeat":"repeat","background-position":"center center","background-size":"auto","background-attachment":"scroll","background-type":"","background-media":"","overlay-type":"","overlay-color":"","overlay-opacity":"","overlay-gradient":""},"mobile":{"background-color":"","background-image":"","background-repeat":"repeat","background-position":"center center","background-size":"auto","background-attachment":"scroll","background-type":"","background-media":"","overlay-type":"","overlay-color":"","overlay-opacity":"","overlay-gradient":""}},"ast-content-background-meta":{"desktop":{"background-color":"var(--ast-global-color-4)","background-image":"","background-repeat":"repeat","background-position":"center center","background-size":"auto","background-attachment":"scroll","background-type":"","background-media":"","overlay-type":"","overlay-color":"","overlay-opacity":"","overlay-gradient":""},"tablet":{"background-color":"var(--ast-global-color-4)","background-image":"","background-repeat":"repeat","background-position":"center center","background-size":"auto","background-attachment":"scroll","background-type":"","background-media":"","overlay-type":"","overlay-color":"","overlay-opacity":"","overlay-gradient":""},"mobile":{"background-color":"var(--ast-global-color-4)","background-image":"","background-repeat":"repeat","background-position":"center center","background-size":"auto","background-attachment":"scroll","background-type":"","background-media":"","overlay-type":"","overlay-color":"","overlay-opacity":"","overlay-gradient":""}},"footnotes":""},"categories":[9],"tags":[],"class_list":["post-2934","post","type-post","status-publish","format-standard","has-post-thumbnail","hentry","category-mis-escritos"],"yoast_head":"<!-- This site is optimized with the Yoast SEO plugin v26.0 - https:\/\/yoast.com\/wordpress\/plugins\/seo\/ -->\n<title>El llamado del Papa a la convivencia - MI BLOG<\/title>\n<meta name=\"robots\" content=\"index, follow, max-snippet:-1, max-image-preview:large, max-video-preview:-1\" \/>\n<link rel=\"canonical\" href=\"https:\/\/viniciojarquin.com\/blog\/el-llamado-del-papa-a-la-convivencia\/\" \/>\n<meta property=\"og:locale\" content=\"es_ES\" \/>\n<meta property=\"og:type\" content=\"article\" \/>\n<meta property=\"og:title\" content=\"El llamado del Papa a la convivencia - MI BLOG\" \/>\n<meta property=\"og:description\" content=\"Esta ma\u00f1ana el Papa comparti\u00f3 una oraci\u00f3n y reflexi\u00f3n que me parece profundamente oportuna para los tiempos que vivimos. La [&hellip;]\" \/>\n<meta property=\"og:url\" content=\"https:\/\/viniciojarquin.com\/blog\/el-llamado-del-papa-a-la-convivencia\/\" \/>\n<meta property=\"og:site_name\" content=\"MI BLOG\" \/>\n<meta property=\"article:publisher\" content=\"https:\/\/www.facebook.com\/vinicio.jarquin\" \/>\n<meta property=\"article:author\" content=\"https:\/\/www.facebook.com\/vinicio.jarquin\" \/>\n<meta property=\"article:published_time\" content=\"2026-03-05T15:45:54+00:00\" \/>\n<meta property=\"article:modified_time\" content=\"2026-03-05T15:46:58+00:00\" \/>\n<meta property=\"og:image\" content=\"https:\/\/viniciojarquin.com\/blog\/wp-content\/uploads\/2026\/03\/El-llamado-del-Papa-a-la-convivencia-2.jpg\" \/>\n\t<meta property=\"og:image:width\" content=\"1600\" \/>\n\t<meta property=\"og:image:height\" content=\"1067\" \/>\n\t<meta property=\"og:image:type\" content=\"image\/jpeg\" \/>\n<meta name=\"author\" content=\"Vinicio Jarqu\u00edn\" \/>\n<meta name=\"twitter:card\" content=\"summary_large_image\" \/>\n<meta name=\"twitter:label1\" content=\"Escrito por\" \/>\n\t<meta name=\"twitter:data1\" content=\"Vinicio Jarqu\u00edn\" \/>\n\t<meta name=\"twitter:label2\" content=\"Tiempo de lectura\" \/>\n\t<meta name=\"twitter:data2\" content=\"3 minutos\" \/>\n<script type=\"application\/ld+json\" class=\"yoast-schema-graph\">{\"@context\":\"https:\/\/schema.org\",\"@graph\":[{\"@type\":\"Article\",\"@id\":\"https:\/\/viniciojarquin.com\/blog\/el-llamado-del-papa-a-la-convivencia\/#article\",\"isPartOf\":{\"@id\":\"https:\/\/viniciojarquin.com\/blog\/el-llamado-del-papa-a-la-convivencia\/\"},\"author\":{\"name\":\"Vinicio Jarqu\u00edn\",\"@id\":\"https:\/\/viniciojarquin.com\/blog\/#\/schema\/person\/90100c8845ae55462ec0657d3d2f8d3b\"},\"headline\":\"El llamado del Papa a la convivencia\",\"datePublished\":\"2026-03-05T15:45:54+00:00\",\"dateModified\":\"2026-03-05T15:46:58+00:00\",\"mainEntityOfPage\":{\"@id\":\"https:\/\/viniciojarquin.com\/blog\/el-llamado-del-papa-a-la-convivencia\/\"},\"wordCount\":617,\"commentCount\":0,\"publisher\":{\"@id\":\"https:\/\/viniciojarquin.com\/blog\/#\/schema\/person\/90100c8845ae55462ec0657d3d2f8d3b\"},\"image\":{\"@id\":\"https:\/\/viniciojarquin.com\/blog\/el-llamado-del-papa-a-la-convivencia\/#primaryimage\"},\"thumbnailUrl\":\"https:\/\/viniciojarquin.com\/blog\/wp-content\/uploads\/2026\/03\/El-llamado-del-Papa-a-la-convivencia-2.jpg\",\"articleSection\":[\"Escritos generales\"],\"inLanguage\":\"es\",\"potentialAction\":[{\"@type\":\"CommentAction\",\"name\":\"Comment\",\"target\":[\"https:\/\/viniciojarquin.com\/blog\/el-llamado-del-papa-a-la-convivencia\/#respond\"]}]},{\"@type\":\"WebPage\",\"@id\":\"https:\/\/viniciojarquin.com\/blog\/el-llamado-del-papa-a-la-convivencia\/\",\"url\":\"https:\/\/viniciojarquin.com\/blog\/el-llamado-del-papa-a-la-convivencia\/\",\"name\":\"El llamado del Papa a la convivencia - MI BLOG\",\"isPartOf\":{\"@id\":\"https:\/\/viniciojarquin.com\/blog\/#website\"},\"primaryImageOfPage\":{\"@id\":\"https:\/\/viniciojarquin.com\/blog\/el-llamado-del-papa-a-la-convivencia\/#primaryimage\"},\"image\":{\"@id\":\"https:\/\/viniciojarquin.com\/blog\/el-llamado-del-papa-a-la-convivencia\/#primaryimage\"},\"thumbnailUrl\":\"https:\/\/viniciojarquin.com\/blog\/wp-content\/uploads\/2026\/03\/El-llamado-del-Papa-a-la-convivencia-2.jpg\",\"datePublished\":\"2026-03-05T15:45:54+00:00\",\"dateModified\":\"2026-03-05T15:46:58+00:00\",\"breadcrumb\":{\"@id\":\"https:\/\/viniciojarquin.com\/blog\/el-llamado-del-papa-a-la-convivencia\/#breadcrumb\"},\"inLanguage\":\"es\",\"potentialAction\":[{\"@type\":\"ReadAction\",\"target\":[\"https:\/\/viniciojarquin.com\/blog\/el-llamado-del-papa-a-la-convivencia\/\"]}]},{\"@type\":\"ImageObject\",\"inLanguage\":\"es\",\"@id\":\"https:\/\/viniciojarquin.com\/blog\/el-llamado-del-papa-a-la-convivencia\/#primaryimage\",\"url\":\"https:\/\/viniciojarquin.com\/blog\/wp-content\/uploads\/2026\/03\/El-llamado-del-Papa-a-la-convivencia-2.jpg\",\"contentUrl\":\"https:\/\/viniciojarquin.com\/blog\/wp-content\/uploads\/2026\/03\/El-llamado-del-Papa-a-la-convivencia-2.jpg\",\"width\":1600,\"height\":1067},{\"@type\":\"BreadcrumbList\",\"@id\":\"https:\/\/viniciojarquin.com\/blog\/el-llamado-del-papa-a-la-convivencia\/#breadcrumb\",\"itemListElement\":[{\"@type\":\"ListItem\",\"position\":1,\"name\":\"Portada\",\"item\":\"https:\/\/viniciojarquin.com\/blog\/\"},{\"@type\":\"ListItem\",\"position\":2,\"name\":\"El llamado del Papa a la convivencia\"}]},{\"@type\":\"WebSite\",\"@id\":\"https:\/\/viniciojarquin.com\/blog\/#website\",\"url\":\"https:\/\/viniciojarquin.com\/blog\/\",\"name\":\"Vinicio Jarqu\u00edn BLOG\",\"description\":\"\",\"publisher\":{\"@id\":\"https:\/\/viniciojarquin.com\/blog\/#\/schema\/person\/90100c8845ae55462ec0657d3d2f8d3b\"},\"potentialAction\":[{\"@type\":\"SearchAction\",\"target\":{\"@type\":\"EntryPoint\",\"urlTemplate\":\"https:\/\/viniciojarquin.com\/blog\/?s={search_term_string}\"},\"query-input\":{\"@type\":\"PropertyValueSpecification\",\"valueRequired\":true,\"valueName\":\"search_term_string\"}}],\"inLanguage\":\"es\"},{\"@type\":[\"Person\",\"Organization\"],\"@id\":\"https:\/\/viniciojarquin.com\/blog\/#\/schema\/person\/90100c8845ae55462ec0657d3d2f8d3b\",\"name\":\"Vinicio Jarqu\u00edn\",\"image\":{\"@type\":\"ImageObject\",\"inLanguage\":\"es\",\"@id\":\"https:\/\/viniciojarquin.com\/blog\/#\/schema\/person\/image\/\",\"url\":\"https:\/\/viniciojarquin.com\/blog\/wp-content\/uploads\/2024\/10\/Logo-VinicioJarquin-original-400.png\",\"contentUrl\":\"https:\/\/viniciojarquin.com\/blog\/wp-content\/uploads\/2024\/10\/Logo-VinicioJarquin-original-400.png\",\"width\":400,\"height\":130,\"caption\":\"Vinicio Jarqu\u00edn\"},\"logo\":{\"@id\":\"https:\/\/viniciojarquin.com\/blog\/#\/schema\/person\/image\/\"},\"description\":\"Empresario textil, artista pl\u00e1stico, escritor, coach de vida y fot\u00f3grafo.\",\"sameAs\":[\"https:\/\/viniciojarquin.com\/blog\",\"https:\/\/www.facebook.com\/vinicio.jarquin\",\"https:\/\/www.instagram.com\/vinicio_jarquin\/\",\"https:\/\/www.pinterest.com\/vinnyjc\/\",\"https:\/\/www.youtube.com\/@VinicioJarquin\"],\"url\":\"https:\/\/viniciojarquin.com\/blog\/author\/admin_s02au25i\/\"}]}<\/script>\n<!-- \/ Yoast SEO plugin. -->","yoast_head_json":{"title":"El llamado del Papa a la convivencia - MI BLOG","robots":{"index":"index","follow":"follow","max-snippet":"max-snippet:-1","max-image-preview":"max-image-preview:large","max-video-preview":"max-video-preview:-1"},"canonical":"https:\/\/viniciojarquin.com\/blog\/el-llamado-del-papa-a-la-convivencia\/","og_locale":"es_ES","og_type":"article","og_title":"El llamado del Papa a la convivencia - MI BLOG","og_description":"Esta ma\u00f1ana el Papa comparti\u00f3 una oraci\u00f3n y reflexi\u00f3n que me parece profundamente oportuna para los tiempos que vivimos. La [&hellip;]","og_url":"https:\/\/viniciojarquin.com\/blog\/el-llamado-del-papa-a-la-convivencia\/","og_site_name":"MI BLOG","article_publisher":"https:\/\/www.facebook.com\/vinicio.jarquin","article_author":"https:\/\/www.facebook.com\/vinicio.jarquin","article_published_time":"2026-03-05T15:45:54+00:00","article_modified_time":"2026-03-05T15:46:58+00:00","og_image":[{"width":1600,"height":1067,"url":"https:\/\/viniciojarquin.com\/blog\/wp-content\/uploads\/2026\/03\/El-llamado-del-Papa-a-la-convivencia-2.jpg","type":"image\/jpeg"}],"author":"Vinicio Jarqu\u00edn","twitter_card":"summary_large_image","twitter_misc":{"Escrito por":"Vinicio Jarqu\u00edn","Tiempo de lectura":"3 minutos"},"schema":{"@context":"https:\/\/schema.org","@graph":[{"@type":"Article","@id":"https:\/\/viniciojarquin.com\/blog\/el-llamado-del-papa-a-la-convivencia\/#article","isPartOf":{"@id":"https:\/\/viniciojarquin.com\/blog\/el-llamado-del-papa-a-la-convivencia\/"},"author":{"name":"Vinicio Jarqu\u00edn","@id":"https:\/\/viniciojarquin.com\/blog\/#\/schema\/person\/90100c8845ae55462ec0657d3d2f8d3b"},"headline":"El llamado del Papa a la convivencia","datePublished":"2026-03-05T15:45:54+00:00","dateModified":"2026-03-05T15:46:58+00:00","mainEntityOfPage":{"@id":"https:\/\/viniciojarquin.com\/blog\/el-llamado-del-papa-a-la-convivencia\/"},"wordCount":617,"commentCount":0,"publisher":{"@id":"https:\/\/viniciojarquin.com\/blog\/#\/schema\/person\/90100c8845ae55462ec0657d3d2f8d3b"},"image":{"@id":"https:\/\/viniciojarquin.com\/blog\/el-llamado-del-papa-a-la-convivencia\/#primaryimage"},"thumbnailUrl":"https:\/\/viniciojarquin.com\/blog\/wp-content\/uploads\/2026\/03\/El-llamado-del-Papa-a-la-convivencia-2.jpg","articleSection":["Escritos generales"],"inLanguage":"es","potentialAction":[{"@type":"CommentAction","name":"Comment","target":["https:\/\/viniciojarquin.com\/blog\/el-llamado-del-papa-a-la-convivencia\/#respond"]}]},{"@type":"WebPage","@id":"https:\/\/viniciojarquin.com\/blog\/el-llamado-del-papa-a-la-convivencia\/","url":"https:\/\/viniciojarquin.com\/blog\/el-llamado-del-papa-a-la-convivencia\/","name":"El llamado del Papa a la convivencia - MI BLOG","isPartOf":{"@id":"https:\/\/viniciojarquin.com\/blog\/#website"},"primaryImageOfPage":{"@id":"https:\/\/viniciojarquin.com\/blog\/el-llamado-del-papa-a-la-convivencia\/#primaryimage"},"image":{"@id":"https:\/\/viniciojarquin.com\/blog\/el-llamado-del-papa-a-la-convivencia\/#primaryimage"},"thumbnailUrl":"https:\/\/viniciojarquin.com\/blog\/wp-content\/uploads\/2026\/03\/El-llamado-del-Papa-a-la-convivencia-2.jpg","datePublished":"2026-03-05T15:45:54+00:00","dateModified":"2026-03-05T15:46:58+00:00","breadcrumb":{"@id":"https:\/\/viniciojarquin.com\/blog\/el-llamado-del-papa-a-la-convivencia\/#breadcrumb"},"inLanguage":"es","potentialAction":[{"@type":"ReadAction","target":["https:\/\/viniciojarquin.com\/blog\/el-llamado-del-papa-a-la-convivencia\/"]}]},{"@type":"ImageObject","inLanguage":"es","@id":"https:\/\/viniciojarquin.com\/blog\/el-llamado-del-papa-a-la-convivencia\/#primaryimage","url":"https:\/\/viniciojarquin.com\/blog\/wp-content\/uploads\/2026\/03\/El-llamado-del-Papa-a-la-convivencia-2.jpg","contentUrl":"https:\/\/viniciojarquin.com\/blog\/wp-content\/uploads\/2026\/03\/El-llamado-del-Papa-a-la-convivencia-2.jpg","width":1600,"height":1067},{"@type":"BreadcrumbList","@id":"https:\/\/viniciojarquin.com\/blog\/el-llamado-del-papa-a-la-convivencia\/#breadcrumb","itemListElement":[{"@type":"ListItem","position":1,"name":"Portada","item":"https:\/\/viniciojarquin.com\/blog\/"},{"@type":"ListItem","position":2,"name":"El llamado del Papa a la convivencia"}]},{"@type":"WebSite","@id":"https:\/\/viniciojarquin.com\/blog\/#website","url":"https:\/\/viniciojarquin.com\/blog\/","name":"Vinicio Jarqu\u00edn BLOG","description":"","publisher":{"@id":"https:\/\/viniciojarquin.com\/blog\/#\/schema\/person\/90100c8845ae55462ec0657d3d2f8d3b"},"potentialAction":[{"@type":"SearchAction","target":{"@type":"EntryPoint","urlTemplate":"https:\/\/viniciojarquin.com\/blog\/?s={search_term_string}"},"query-input":{"@type":"PropertyValueSpecification","valueRequired":true,"valueName":"search_term_string"}}],"inLanguage":"es"},{"@type":["Person","Organization"],"@id":"https:\/\/viniciojarquin.com\/blog\/#\/schema\/person\/90100c8845ae55462ec0657d3d2f8d3b","name":"Vinicio Jarqu\u00edn","image":{"@type":"ImageObject","inLanguage":"es","@id":"https:\/\/viniciojarquin.com\/blog\/#\/schema\/person\/image\/","url":"https:\/\/viniciojarquin.com\/blog\/wp-content\/uploads\/2024\/10\/Logo-VinicioJarquin-original-400.png","contentUrl":"https:\/\/viniciojarquin.com\/blog\/wp-content\/uploads\/2024\/10\/Logo-VinicioJarquin-original-400.png","width":400,"height":130,"caption":"Vinicio Jarqu\u00edn"},"logo":{"@id":"https:\/\/viniciojarquin.com\/blog\/#\/schema\/person\/image\/"},"description":"Empresario textil, artista pl\u00e1stico, escritor, coach de vida y fot\u00f3grafo.","sameAs":["https:\/\/viniciojarquin.com\/blog","https:\/\/www.facebook.com\/vinicio.jarquin","https:\/\/www.instagram.com\/vinicio_jarquin\/","https:\/\/www.pinterest.com\/vinnyjc\/","https:\/\/www.youtube.com\/@VinicioJarquin"],"url":"https:\/\/viniciojarquin.com\/blog\/author\/admin_s02au25i\/"}]}},"blog_post_layout_featured_media_urls":{"thumbnail":["https:\/\/viniciojarquin.com\/blog\/wp-content\/uploads\/2026\/03\/El-llamado-del-Papa-a-la-convivencia-2-150x150.jpg",150,150,true],"full":["https:\/\/viniciojarquin.com\/blog\/wp-content\/uploads\/2026\/03\/El-llamado-del-Papa-a-la-convivencia-2.jpg",1600,1067,false]},"categories_names":{"9":{"name":"Escritos generales","link":"https:\/\/viniciojarquin.com\/blog\/category\/mis-escritos\/"}},"tags_names":[],"comments_number":"0","_links":{"self":[{"href":"https:\/\/viniciojarquin.com\/blog\/wp-json\/wp\/v2\/posts\/2934","targetHints":{"allow":["GET"]}}],"collection":[{"href":"https:\/\/viniciojarquin.com\/blog\/wp-json\/wp\/v2\/posts"}],"about":[{"href":"https:\/\/viniciojarquin.com\/blog\/wp-json\/wp\/v2\/types\/post"}],"author":[{"embeddable":true,"href":"https:\/\/viniciojarquin.com\/blog\/wp-json\/wp\/v2\/users\/1"}],"replies":[{"embeddable":true,"href":"https:\/\/viniciojarquin.com\/blog\/wp-json\/wp\/v2\/comments?post=2934"}],"version-history":[{"count":2,"href":"https:\/\/viniciojarquin.com\/blog\/wp-json\/wp\/v2\/posts\/2934\/revisions"}],"predecessor-version":[{"id":2938,"href":"https:\/\/viniciojarquin.com\/blog\/wp-json\/wp\/v2\/posts\/2934\/revisions\/2938"}],"wp:featuredmedia":[{"embeddable":true,"href":"https:\/\/viniciojarquin.com\/blog\/wp-json\/wp\/v2\/media\/2937"}],"wp:attachment":[{"href":"https:\/\/viniciojarquin.com\/blog\/wp-json\/wp\/v2\/media?parent=2934"}],"wp:term":[{"taxonomy":"category","embeddable":true,"href":"https:\/\/viniciojarquin.com\/blog\/wp-json\/wp\/v2\/categories?post=2934"},{"taxonomy":"post_tag","embeddable":true,"href":"https:\/\/viniciojarquin.com\/blog\/wp-json\/wp\/v2\/tags?post=2934"}],"curies":[{"name":"wp","href":"https:\/\/api.w.org\/{rel}","templated":true}]}}