{"id":2939,"date":"2026-03-06T20:43:12","date_gmt":"2026-03-06T20:43:12","guid":{"rendered":"https:\/\/viniciojarquin.com\/blog\/?p=2939"},"modified":"2026-03-06T20:43:14","modified_gmt":"2026-03-06T20:43:14","slug":"la-paz-por-la-fuerza","status":"publish","type":"post","link":"https:\/\/viniciojarquin.com\/blog\/la-paz-por-la-fuerza\/","title":{"rendered":"La paz por la fuerza"},"content":{"rendered":"\n<figure class=\"wp-block-image size-full\"><img decoding=\"async\" width=\"800\" height=\"533\" data-src=\"https:\/\/viniciojarquin.com\/blog\/wp-content\/uploads\/2026\/03\/La-paz-por-la-fuerza.png\" alt=\"\" class=\"wp-image-2940 lazyload\" data-srcset=\"https:\/\/viniciojarquin.com\/blog\/wp-content\/uploads\/2026\/03\/La-paz-por-la-fuerza.png 800w, https:\/\/viniciojarquin.com\/blog\/wp-content\/uploads\/2026\/03\/La-paz-por-la-fuerza-300x200.png 300w, https:\/\/viniciojarquin.com\/blog\/wp-content\/uploads\/2026\/03\/La-paz-por-la-fuerza-768x512.png 768w\" data-sizes=\"(max-width: 800px) 100vw, 800px\" src=\"data:image\/svg+xml;base64,PHN2ZyB3aWR0aD0iMSIgaGVpZ2h0PSIxIiB4bWxucz0iaHR0cDovL3d3dy53My5vcmcvMjAwMC9zdmciPjwvc3ZnPg==\" style=\"--smush-placeholder-width: 800px; --smush-placeholder-aspect-ratio: 800\/533;\" \/><\/figure>\n\n\n\n<p>Seg\u00fan informa el peri\u00f3dico La Naci\u00f3n, el gobierno de Costa Rica firm\u00f3 este jueves 5 de marzo una declaraci\u00f3n conjunta con Estados Unidos y otros quince pa\u00edses del continente americano en la que se suscribe el principio de \u201cpaz a trav\u00e9s de la fuerza\u201d para el hemisferio occidental. Por Costa Rica firm\u00f3 el ministro de Seguridad Mario Zamora, quien asisti\u00f3 a la Conferencia de las Am\u00e9ricas contra los c\u00e1rteles celebrada en Doral, Florida, un encuentro liderado por autoridades del gobierno estadounidense.<\/p>\n\n\n\n<p>M\u00e1s all\u00e1 del contexto de lucha contra el crimen organizado, la frase misma que aparece en esa declaraci\u00f3n \u2014\u201cpaz a trav\u00e9s de la fuerza\u201d\u2014 deber\u00eda encender todas las alarmas en un pa\u00eds como Costa Rica. No se trata simplemente de un tecnicismo diplom\u00e1tico ni de un lenguaje estrat\u00e9gico propio de las relaciones internacionales. Se trata de un concepto profundamente ajeno a la tradici\u00f3n hist\u00f3rica y moral de una naci\u00f3n que durante d\u00e9cadas se ha presentado ante el mundo como un ejemplo de resoluci\u00f3n pac\u00edfica de conflictos.<\/p>\n\n\n\n<p>Costa Rica no es un pa\u00eds cualquiera en este tema. Desde la abolici\u00f3n del ej\u00e9rcito en 1948, nuestra identidad internacional ha estado profundamente ligada a la idea de que la paz no se impone con fuerza militar, sino que se construye con instituciones, con di\u00e1logo, con derecho internacional y con un compromiso permanente con la diplomacia. Esa no es solo una decisi\u00f3n pol\u00edtica del pasado: es parte de la forma en que este pa\u00eds se ha entendido a s\u00ed mismo durante generaciones.<\/p>\n\n\n\n<p>Por eso resulta tan preocupante que desde el Poder Ejecutivo se est\u00e9n tomando decisiones o respaldando declaraciones que parecen caminar en direcci\u00f3n contraria a ese legado. Hablar de \u201cpaz a trav\u00e9s de la fuerza\u201d no es una frase inocente. Es una idea que nace en tradiciones geopol\u00edticas muy distintas a la nuestra, en contextos donde la proyecci\u00f3n de poder militar es vista como una herramienta natural de la pol\u00edtica exterior. Costa Rica, precisamente, ha sido durante d\u00e9cadas una excepci\u00f3n a esa l\u00f3gica.<\/p>\n\n\n\n<p>Quienes defienden este tipo de acuerdos probablemente argumentar\u00e1n que el pa\u00eds debe cooperar con otras naciones para enfrentar amenazas reales como el narcotr\u00e1fico y el crimen organizado. Nadie niega que esos desaf\u00edos existen. Nadie niega que los c\u00e1rteles representan una amenaza seria para la estabilidad regional. Pero reconocer un problema no obliga a renunciar a los principios que han definido la identidad internacional de Costa Rica.<\/p>\n\n\n\n<p>La pregunta que muchos costarricenses se hacen es sencilla: \u00bfhasta d\u00f3nde estamos dispuestos a mover los l\u00edmites de nuestra tradici\u00f3n pacifista en nombre de alianzas estrat\u00e9gicas o presiones geopol\u00edticas? Porque una cosa es colaborar en la lucha contra el crimen, y otra muy distinta es empezar a adoptar el lenguaje y la l\u00f3gica de una doctrina que se basa en la fuerza como mecanismo para garantizar la paz.<\/p>\n\n\n\n<p>Para un pa\u00eds que durante d\u00e9cadas ha sido reconocido por su compromiso con la paz, este tipo de declaraciones no pasan desapercibidas. M\u00e1s bien generan una sensaci\u00f3n de ruptura, como si poco a poco se estuviera erosionando algo que forma parte del orgullo nacional.<\/p>\n\n\n\n<p>Costa Rica no necesita redefinir su identidad internacional para enfrentar los desaf\u00edos actuales. Precisamente lo que la ha hecho respetada en el mundo ha sido su capacidad de mantenerse firme en sus principios incluso cuando otros pa\u00edses eleg\u00edan caminos distintos.<\/p>\n\n\n\n<p>Por eso, m\u00e1s all\u00e1 de la coyuntura inmediata, lo que est\u00e1 en juego aqu\u00ed es algo m\u00e1s profundo: la coherencia hist\u00f3rica de un pa\u00eds que siempre ha defendido que la paz no se impone\u2026 se construye.<\/p>\n\n\n\n<p>Y cuando un pa\u00eds empieza a firmar declaraciones que sugieren lo contrario, la reflexi\u00f3n no es opcional. Es una obligaci\u00f3n nacional.<\/p>\n","protected":false},"excerpt":{"rendered":"<p>Seg\u00fan informa el peri\u00f3dico La Naci\u00f3n, el gobierno de Costa Rica firm\u00f3 este jueves 5 de marzo una declaraci\u00f3n conjunta [&hellip;]<\/p>\n","protected":false},"author":1,"featured_media":2940,"comment_status":"open","ping_status":"open","sticky":false,"template":"","format":"standard","meta":{"site-sidebar-layout":"default","site-content-layout":"","ast-site-content-layout":"","site-content-style":"default","site-sidebar-style":"default","ast-global-header-display":"","ast-banner-title-visibility":"","ast-main-header-display":"","ast-hfb-above-header-display":"","ast-hfb-below-header-display":"","ast-hfb-mobile-header-display":"","site-post-title":"","ast-breadcrumbs-content":"","ast-featured-img":"","footer-sml-layout":"","theme-transparent-header-meta":"","adv-header-id-meta":"","stick-header-meta":"","header-above-stick-meta":"","header-main-stick-meta":"","header-below-stick-meta":"","astra-migrate-meta-layouts":"default","ast-page-background-enabled":"default","ast-page-background-meta":{"desktop":{"background-color":"var(--ast-global-color-5)","background-image":"","background-repeat":"repeat","background-position":"center center","background-size":"auto","background-attachment":"scroll","background-type":"","background-media":"","overlay-type":"","overlay-color":"","overlay-opacity":"","overlay-gradient":""},"tablet":{"background-color":"","background-image":"","background-repeat":"repeat","background-position":"center center","background-size":"auto","background-attachment":"scroll","background-type":"","background-media":"","overlay-type":"","overlay-color":"","overlay-opacity":"","overlay-gradient":""},"mobile":{"background-color":"","background-image":"","background-repeat":"repeat","background-position":"center center","background-size":"auto","background-attachment":"scroll","background-type":"","background-media":"","overlay-type":"","overlay-color":"","overlay-opacity":"","overlay-gradient":""}},"ast-content-background-meta":{"desktop":{"background-color":"var(--ast-global-color-4)","background-image":"","background-repeat":"repeat","background-position":"center center","background-size":"auto","background-attachment":"scroll","background-type":"","background-media":"","overlay-type":"","overlay-color":"","overlay-opacity":"","overlay-gradient":""},"tablet":{"background-color":"var(--ast-global-color-4)","background-image":"","background-repeat":"repeat","background-position":"center center","background-size":"auto","background-attachment":"scroll","background-type":"","background-media":"","overlay-type":"","overlay-color":"","overlay-opacity":"","overlay-gradient":""},"mobile":{"background-color":"var(--ast-global-color-4)","background-image":"","background-repeat":"repeat","background-position":"center center","background-size":"auto","background-attachment":"scroll","background-type":"","background-media":"","overlay-type":"","overlay-color":"","overlay-opacity":"","overlay-gradient":""}},"footnotes":""},"categories":[9],"tags":[],"class_list":["post-2939","post","type-post","status-publish","format-standard","has-post-thumbnail","hentry","category-mis-escritos"],"yoast_head":"<!-- This site is optimized with the Yoast SEO plugin v26.0 - https:\/\/yoast.com\/wordpress\/plugins\/seo\/ -->\n<title>La paz por la fuerza - MI BLOG<\/title>\n<meta name=\"robots\" content=\"index, follow, max-snippet:-1, max-image-preview:large, max-video-preview:-1\" \/>\n<link rel=\"canonical\" href=\"https:\/\/viniciojarquin.com\/blog\/la-paz-por-la-fuerza\/\" \/>\n<meta property=\"og:locale\" content=\"es_ES\" \/>\n<meta property=\"og:type\" content=\"article\" \/>\n<meta property=\"og:title\" content=\"La paz por la fuerza - MI BLOG\" \/>\n<meta property=\"og:description\" content=\"Seg\u00fan informa el peri\u00f3dico La Naci\u00f3n, el gobierno de Costa Rica firm\u00f3 este jueves 5 de marzo una declaraci\u00f3n conjunta [&hellip;]\" \/>\n<meta property=\"og:url\" content=\"https:\/\/viniciojarquin.com\/blog\/la-paz-por-la-fuerza\/\" \/>\n<meta property=\"og:site_name\" content=\"MI BLOG\" \/>\n<meta property=\"article:publisher\" content=\"https:\/\/www.facebook.com\/vinicio.jarquin\" \/>\n<meta property=\"article:author\" content=\"https:\/\/www.facebook.com\/vinicio.jarquin\" \/>\n<meta property=\"article:published_time\" content=\"2026-03-06T20:43:12+00:00\" \/>\n<meta property=\"article:modified_time\" content=\"2026-03-06T20:43:14+00:00\" \/>\n<meta property=\"og:image\" content=\"https:\/\/viniciojarquin.com\/blog\/wp-content\/uploads\/2026\/03\/La-paz-por-la-fuerza.png\" \/>\n\t<meta property=\"og:image:width\" content=\"800\" \/>\n\t<meta property=\"og:image:height\" content=\"533\" \/>\n\t<meta property=\"og:image:type\" content=\"image\/png\" \/>\n<meta name=\"author\" content=\"Vinicio Jarqu\u00edn\" \/>\n<meta name=\"twitter:card\" content=\"summary_large_image\" \/>\n<meta name=\"twitter:label1\" content=\"Escrito por\" \/>\n\t<meta name=\"twitter:data1\" content=\"Vinicio Jarqu\u00edn\" \/>\n\t<meta name=\"twitter:label2\" content=\"Tiempo de lectura\" \/>\n\t<meta name=\"twitter:data2\" content=\"4 minutos\" \/>\n<script type=\"application\/ld+json\" class=\"yoast-schema-graph\">{\"@context\":\"https:\/\/schema.org\",\"@graph\":[{\"@type\":\"Article\",\"@id\":\"https:\/\/viniciojarquin.com\/blog\/la-paz-por-la-fuerza\/#article\",\"isPartOf\":{\"@id\":\"https:\/\/viniciojarquin.com\/blog\/la-paz-por-la-fuerza\/\"},\"author\":{\"name\":\"Vinicio Jarqu\u00edn\",\"@id\":\"https:\/\/viniciojarquin.com\/blog\/#\/schema\/person\/90100c8845ae55462ec0657d3d2f8d3b\"},\"headline\":\"La paz por la fuerza\",\"datePublished\":\"2026-03-06T20:43:12+00:00\",\"dateModified\":\"2026-03-06T20:43:14+00:00\",\"mainEntityOfPage\":{\"@id\":\"https:\/\/viniciojarquin.com\/blog\/la-paz-por-la-fuerza\/\"},\"wordCount\":671,\"commentCount\":0,\"publisher\":{\"@id\":\"https:\/\/viniciojarquin.com\/blog\/#\/schema\/person\/90100c8845ae55462ec0657d3d2f8d3b\"},\"image\":{\"@id\":\"https:\/\/viniciojarquin.com\/blog\/la-paz-por-la-fuerza\/#primaryimage\"},\"thumbnailUrl\":\"https:\/\/viniciojarquin.com\/blog\/wp-content\/uploads\/2026\/03\/La-paz-por-la-fuerza.png\",\"articleSection\":[\"Escritos generales\"],\"inLanguage\":\"es\",\"potentialAction\":[{\"@type\":\"CommentAction\",\"name\":\"Comment\",\"target\":[\"https:\/\/viniciojarquin.com\/blog\/la-paz-por-la-fuerza\/#respond\"]}]},{\"@type\":\"WebPage\",\"@id\":\"https:\/\/viniciojarquin.com\/blog\/la-paz-por-la-fuerza\/\",\"url\":\"https:\/\/viniciojarquin.com\/blog\/la-paz-por-la-fuerza\/\",\"name\":\"La paz por la fuerza - MI BLOG\",\"isPartOf\":{\"@id\":\"https:\/\/viniciojarquin.com\/blog\/#website\"},\"primaryImageOfPage\":{\"@id\":\"https:\/\/viniciojarquin.com\/blog\/la-paz-por-la-fuerza\/#primaryimage\"},\"image\":{\"@id\":\"https:\/\/viniciojarquin.com\/blog\/la-paz-por-la-fuerza\/#primaryimage\"},\"thumbnailUrl\":\"https:\/\/viniciojarquin.com\/blog\/wp-content\/uploads\/2026\/03\/La-paz-por-la-fuerza.png\",\"datePublished\":\"2026-03-06T20:43:12+00:00\",\"dateModified\":\"2026-03-06T20:43:14+00:00\",\"breadcrumb\":{\"@id\":\"https:\/\/viniciojarquin.com\/blog\/la-paz-por-la-fuerza\/#breadcrumb\"},\"inLanguage\":\"es\",\"potentialAction\":[{\"@type\":\"ReadAction\",\"target\":[\"https:\/\/viniciojarquin.com\/blog\/la-paz-por-la-fuerza\/\"]}]},{\"@type\":\"ImageObject\",\"inLanguage\":\"es\",\"@id\":\"https:\/\/viniciojarquin.com\/blog\/la-paz-por-la-fuerza\/#primaryimage\",\"url\":\"https:\/\/viniciojarquin.com\/blog\/wp-content\/uploads\/2026\/03\/La-paz-por-la-fuerza.png\",\"contentUrl\":\"https:\/\/viniciojarquin.com\/blog\/wp-content\/uploads\/2026\/03\/La-paz-por-la-fuerza.png\",\"width\":800,\"height\":533},{\"@type\":\"BreadcrumbList\",\"@id\":\"https:\/\/viniciojarquin.com\/blog\/la-paz-por-la-fuerza\/#breadcrumb\",\"itemListElement\":[{\"@type\":\"ListItem\",\"position\":1,\"name\":\"Portada\",\"item\":\"https:\/\/viniciojarquin.com\/blog\/\"},{\"@type\":\"ListItem\",\"position\":2,\"name\":\"La paz por la fuerza\"}]},{\"@type\":\"WebSite\",\"@id\":\"https:\/\/viniciojarquin.com\/blog\/#website\",\"url\":\"https:\/\/viniciojarquin.com\/blog\/\",\"name\":\"Vinicio Jarqu\u00edn BLOG\",\"description\":\"\",\"publisher\":{\"@id\":\"https:\/\/viniciojarquin.com\/blog\/#\/schema\/person\/90100c8845ae55462ec0657d3d2f8d3b\"},\"potentialAction\":[{\"@type\":\"SearchAction\",\"target\":{\"@type\":\"EntryPoint\",\"urlTemplate\":\"https:\/\/viniciojarquin.com\/blog\/?s={search_term_string}\"},\"query-input\":{\"@type\":\"PropertyValueSpecification\",\"valueRequired\":true,\"valueName\":\"search_term_string\"}}],\"inLanguage\":\"es\"},{\"@type\":[\"Person\",\"Organization\"],\"@id\":\"https:\/\/viniciojarquin.com\/blog\/#\/schema\/person\/90100c8845ae55462ec0657d3d2f8d3b\",\"name\":\"Vinicio Jarqu\u00edn\",\"image\":{\"@type\":\"ImageObject\",\"inLanguage\":\"es\",\"@id\":\"https:\/\/viniciojarquin.com\/blog\/#\/schema\/person\/image\/\",\"url\":\"https:\/\/viniciojarquin.com\/blog\/wp-content\/uploads\/2024\/10\/Logo-VinicioJarquin-original-400.png\",\"contentUrl\":\"https:\/\/viniciojarquin.com\/blog\/wp-content\/uploads\/2024\/10\/Logo-VinicioJarquin-original-400.png\",\"width\":400,\"height\":130,\"caption\":\"Vinicio Jarqu\u00edn\"},\"logo\":{\"@id\":\"https:\/\/viniciojarquin.com\/blog\/#\/schema\/person\/image\/\"},\"description\":\"Empresario textil, artista pl\u00e1stico, escritor, coach de vida y fot\u00f3grafo.\",\"sameAs\":[\"https:\/\/viniciojarquin.com\/blog\",\"https:\/\/www.facebook.com\/vinicio.jarquin\",\"https:\/\/www.instagram.com\/vinicio_jarquin\/\",\"https:\/\/www.pinterest.com\/vinnyjc\/\",\"https:\/\/www.youtube.com\/@VinicioJarquin\"],\"url\":\"https:\/\/viniciojarquin.com\/blog\/author\/admin_s02au25i\/\"}]}<\/script>\n<!-- \/ Yoast SEO plugin. -->","yoast_head_json":{"title":"La paz por la fuerza - MI BLOG","robots":{"index":"index","follow":"follow","max-snippet":"max-snippet:-1","max-image-preview":"max-image-preview:large","max-video-preview":"max-video-preview:-1"},"canonical":"https:\/\/viniciojarquin.com\/blog\/la-paz-por-la-fuerza\/","og_locale":"es_ES","og_type":"article","og_title":"La paz por la fuerza - MI BLOG","og_description":"Seg\u00fan informa el peri\u00f3dico La Naci\u00f3n, el gobierno de Costa Rica firm\u00f3 este jueves 5 de marzo una declaraci\u00f3n conjunta [&hellip;]","og_url":"https:\/\/viniciojarquin.com\/blog\/la-paz-por-la-fuerza\/","og_site_name":"MI BLOG","article_publisher":"https:\/\/www.facebook.com\/vinicio.jarquin","article_author":"https:\/\/www.facebook.com\/vinicio.jarquin","article_published_time":"2026-03-06T20:43:12+00:00","article_modified_time":"2026-03-06T20:43:14+00:00","og_image":[{"width":800,"height":533,"url":"https:\/\/viniciojarquin.com\/blog\/wp-content\/uploads\/2026\/03\/La-paz-por-la-fuerza.png","type":"image\/png"}],"author":"Vinicio Jarqu\u00edn","twitter_card":"summary_large_image","twitter_misc":{"Escrito por":"Vinicio Jarqu\u00edn","Tiempo de lectura":"4 minutos"},"schema":{"@context":"https:\/\/schema.org","@graph":[{"@type":"Article","@id":"https:\/\/viniciojarquin.com\/blog\/la-paz-por-la-fuerza\/#article","isPartOf":{"@id":"https:\/\/viniciojarquin.com\/blog\/la-paz-por-la-fuerza\/"},"author":{"name":"Vinicio Jarqu\u00edn","@id":"https:\/\/viniciojarquin.com\/blog\/#\/schema\/person\/90100c8845ae55462ec0657d3d2f8d3b"},"headline":"La paz por la fuerza","datePublished":"2026-03-06T20:43:12+00:00","dateModified":"2026-03-06T20:43:14+00:00","mainEntityOfPage":{"@id":"https:\/\/viniciojarquin.com\/blog\/la-paz-por-la-fuerza\/"},"wordCount":671,"commentCount":0,"publisher":{"@id":"https:\/\/viniciojarquin.com\/blog\/#\/schema\/person\/90100c8845ae55462ec0657d3d2f8d3b"},"image":{"@id":"https:\/\/viniciojarquin.com\/blog\/la-paz-por-la-fuerza\/#primaryimage"},"thumbnailUrl":"https:\/\/viniciojarquin.com\/blog\/wp-content\/uploads\/2026\/03\/La-paz-por-la-fuerza.png","articleSection":["Escritos generales"],"inLanguage":"es","potentialAction":[{"@type":"CommentAction","name":"Comment","target":["https:\/\/viniciojarquin.com\/blog\/la-paz-por-la-fuerza\/#respond"]}]},{"@type":"WebPage","@id":"https:\/\/viniciojarquin.com\/blog\/la-paz-por-la-fuerza\/","url":"https:\/\/viniciojarquin.com\/blog\/la-paz-por-la-fuerza\/","name":"La paz por la fuerza - MI BLOG","isPartOf":{"@id":"https:\/\/viniciojarquin.com\/blog\/#website"},"primaryImageOfPage":{"@id":"https:\/\/viniciojarquin.com\/blog\/la-paz-por-la-fuerza\/#primaryimage"},"image":{"@id":"https:\/\/viniciojarquin.com\/blog\/la-paz-por-la-fuerza\/#primaryimage"},"thumbnailUrl":"https:\/\/viniciojarquin.com\/blog\/wp-content\/uploads\/2026\/03\/La-paz-por-la-fuerza.png","datePublished":"2026-03-06T20:43:12+00:00","dateModified":"2026-03-06T20:43:14+00:00","breadcrumb":{"@id":"https:\/\/viniciojarquin.com\/blog\/la-paz-por-la-fuerza\/#breadcrumb"},"inLanguage":"es","potentialAction":[{"@type":"ReadAction","target":["https:\/\/viniciojarquin.com\/blog\/la-paz-por-la-fuerza\/"]}]},{"@type":"ImageObject","inLanguage":"es","@id":"https:\/\/viniciojarquin.com\/blog\/la-paz-por-la-fuerza\/#primaryimage","url":"https:\/\/viniciojarquin.com\/blog\/wp-content\/uploads\/2026\/03\/La-paz-por-la-fuerza.png","contentUrl":"https:\/\/viniciojarquin.com\/blog\/wp-content\/uploads\/2026\/03\/La-paz-por-la-fuerza.png","width":800,"height":533},{"@type":"BreadcrumbList","@id":"https:\/\/viniciojarquin.com\/blog\/la-paz-por-la-fuerza\/#breadcrumb","itemListElement":[{"@type":"ListItem","position":1,"name":"Portada","item":"https:\/\/viniciojarquin.com\/blog\/"},{"@type":"ListItem","position":2,"name":"La paz por la fuerza"}]},{"@type":"WebSite","@id":"https:\/\/viniciojarquin.com\/blog\/#website","url":"https:\/\/viniciojarquin.com\/blog\/","name":"Vinicio Jarqu\u00edn BLOG","description":"","publisher":{"@id":"https:\/\/viniciojarquin.com\/blog\/#\/schema\/person\/90100c8845ae55462ec0657d3d2f8d3b"},"potentialAction":[{"@type":"SearchAction","target":{"@type":"EntryPoint","urlTemplate":"https:\/\/viniciojarquin.com\/blog\/?s={search_term_string}"},"query-input":{"@type":"PropertyValueSpecification","valueRequired":true,"valueName":"search_term_string"}}],"inLanguage":"es"},{"@type":["Person","Organization"],"@id":"https:\/\/viniciojarquin.com\/blog\/#\/schema\/person\/90100c8845ae55462ec0657d3d2f8d3b","name":"Vinicio Jarqu\u00edn","image":{"@type":"ImageObject","inLanguage":"es","@id":"https:\/\/viniciojarquin.com\/blog\/#\/schema\/person\/image\/","url":"https:\/\/viniciojarquin.com\/blog\/wp-content\/uploads\/2024\/10\/Logo-VinicioJarquin-original-400.png","contentUrl":"https:\/\/viniciojarquin.com\/blog\/wp-content\/uploads\/2024\/10\/Logo-VinicioJarquin-original-400.png","width":400,"height":130,"caption":"Vinicio Jarqu\u00edn"},"logo":{"@id":"https:\/\/viniciojarquin.com\/blog\/#\/schema\/person\/image\/"},"description":"Empresario textil, artista pl\u00e1stico, escritor, coach de vida y fot\u00f3grafo.","sameAs":["https:\/\/viniciojarquin.com\/blog","https:\/\/www.facebook.com\/vinicio.jarquin","https:\/\/www.instagram.com\/vinicio_jarquin\/","https:\/\/www.pinterest.com\/vinnyjc\/","https:\/\/www.youtube.com\/@VinicioJarquin"],"url":"https:\/\/viniciojarquin.com\/blog\/author\/admin_s02au25i\/"}]}},"blog_post_layout_featured_media_urls":{"thumbnail":["https:\/\/viniciojarquin.com\/blog\/wp-content\/uploads\/2026\/03\/La-paz-por-la-fuerza-150x150.png",150,150,true],"full":["https:\/\/viniciojarquin.com\/blog\/wp-content\/uploads\/2026\/03\/La-paz-por-la-fuerza.png",800,533,false]},"categories_names":{"9":{"name":"Escritos generales","link":"https:\/\/viniciojarquin.com\/blog\/category\/mis-escritos\/"}},"tags_names":[],"comments_number":"0","_links":{"self":[{"href":"https:\/\/viniciojarquin.com\/blog\/wp-json\/wp\/v2\/posts\/2939","targetHints":{"allow":["GET"]}}],"collection":[{"href":"https:\/\/viniciojarquin.com\/blog\/wp-json\/wp\/v2\/posts"}],"about":[{"href":"https:\/\/viniciojarquin.com\/blog\/wp-json\/wp\/v2\/types\/post"}],"author":[{"embeddable":true,"href":"https:\/\/viniciojarquin.com\/blog\/wp-json\/wp\/v2\/users\/1"}],"replies":[{"embeddable":true,"href":"https:\/\/viniciojarquin.com\/blog\/wp-json\/wp\/v2\/comments?post=2939"}],"version-history":[{"count":1,"href":"https:\/\/viniciojarquin.com\/blog\/wp-json\/wp\/v2\/posts\/2939\/revisions"}],"predecessor-version":[{"id":2941,"href":"https:\/\/viniciojarquin.com\/blog\/wp-json\/wp\/v2\/posts\/2939\/revisions\/2941"}],"wp:featuredmedia":[{"embeddable":true,"href":"https:\/\/viniciojarquin.com\/blog\/wp-json\/wp\/v2\/media\/2940"}],"wp:attachment":[{"href":"https:\/\/viniciojarquin.com\/blog\/wp-json\/wp\/v2\/media?parent=2939"}],"wp:term":[{"taxonomy":"category","embeddable":true,"href":"https:\/\/viniciojarquin.com\/blog\/wp-json\/wp\/v2\/categories?post=2939"},{"taxonomy":"post_tag","embeddable":true,"href":"https:\/\/viniciojarquin.com\/blog\/wp-json\/wp\/v2\/tags?post=2939"}],"curies":[{"name":"wp","href":"https:\/\/api.w.org\/{rel}","templated":true}]}}