{"id":2942,"date":"2026-03-06T21:34:00","date_gmt":"2026-03-06T21:34:00","guid":{"rendered":"https:\/\/viniciojarquin.com\/blog\/?p=2942"},"modified":"2026-03-06T21:34:31","modified_gmt":"2026-03-06T21:34:31","slug":"lo-que-no-debe-parecer-normal","status":"publish","type":"post","link":"https:\/\/viniciojarquin.com\/blog\/lo-que-no-debe-parecer-normal\/","title":{"rendered":"Lo que no debe parecer normal"},"content":{"rendered":"\n<figure class=\"wp-block-image size-large\"><img decoding=\"async\" width=\"1024\" height=\"512\" data-src=\"https:\/\/viniciojarquin.com\/blog\/wp-content\/uploads\/2026\/03\/Lo-que-no-debe-parecer-normal-1024x512.jpg\" alt=\"\" class=\"wp-image-2943 lazyload\" data-srcset=\"https:\/\/viniciojarquin.com\/blog\/wp-content\/uploads\/2026\/03\/Lo-que-no-debe-parecer-normal-1024x512.jpg 1024w, https:\/\/viniciojarquin.com\/blog\/wp-content\/uploads\/2026\/03\/Lo-que-no-debe-parecer-normal-300x150.jpg 300w, https:\/\/viniciojarquin.com\/blog\/wp-content\/uploads\/2026\/03\/Lo-que-no-debe-parecer-normal-768x384.jpg 768w, https:\/\/viniciojarquin.com\/blog\/wp-content\/uploads\/2026\/03\/Lo-que-no-debe-parecer-normal-1536x768.jpg 1536w, https:\/\/viniciojarquin.com\/blog\/wp-content\/uploads\/2026\/03\/Lo-que-no-debe-parecer-normal.jpg 2000w\" data-sizes=\"(max-width: 1024px) 100vw, 1024px\" src=\"data:image\/svg+xml;base64,PHN2ZyB3aWR0aD0iMSIgaGVpZ2h0PSIxIiB4bWxucz0iaHR0cDovL3d3dy53My5vcmcvMjAwMC9zdmciPjwvc3ZnPg==\" style=\"--smush-placeholder-width: 1024px; --smush-placeholder-aspect-ratio: 1024\/512;\" \/><\/figure>\n\n\n\n<p>Esta ma\u00f1ana, en la Asamblea Legislativa de Costa Rica, espec\u00edficamente en el Sal\u00f3n de Jefes de Estado, se realiz\u00f3 una actividad titulada <em>Derechos, justicia y acci\u00f3n por y para todas las mujeres y ni\u00f1as<\/em>. Fue uno de esos encuentros donde se dicen muchas cosas importantes, donde se repiten conceptos que ya conocemos sobre igualdad, dignidad y derechos, y donde, de vez en cuando, aparece una frase que logra atravesar todo ese ruido institucional y quedarse resonando en la cabeza durante horas. La frase vino de boca de do\u00f1a Dinora Barquero, diputada de la rep\u00fablica, y fue una frase breve, sencilla, pero tremendamente poderosa. Ella dijo: \u201cNi\u00f1as, no es lo normal lo de la ministra ofendida.\u201d<\/p>\n\n\n\n<p>Do\u00f1a Dinora se refer\u00eda a una noticia reciente que circul\u00f3 en los medios del pa\u00eds, donde una ministra de Estado fue reprendida p\u00fablicamente durante una conferencia de prensa desde el Poder Ejecutivo. La escena fue inc\u00f3moda para muchos que la vieron. M\u00e1s que inc\u00f3moda, fue reveladora. Mientras el rega\u00f1o ocurr\u00eda frente a c\u00e1maras, micr\u00f3fonos y periodistas, la ministra permaneci\u00f3 en silencio. No respondi\u00f3. No se defendi\u00f3. No intent\u00f3 recuperar su espacio en ese momento. Simplemente permaneci\u00f3 all\u00ed, mientras su figura era corregida, disminuida y expuesta frente al pa\u00eds entero. M\u00e1s all\u00e1 de nombres propios, de simpat\u00edas pol\u00edticas o de las explicaciones que puedan venir despu\u00e9s, lo que realmente importa es el mensaje cultural que queda flotando cuando algo as\u00ed ocurre en p\u00fablico.<\/p>\n\n\n\n<p>Y es ah\u00ed donde la frase de do\u00f1a Dinora adquiere todo su peso. Porque ella no estaba hablando para los pol\u00edticos que estaban en la sala. No estaba haciendo un an\u00e1lisis de coyuntura. No estaba dando un comentario partidario. Estaba hablando directamente para las ni\u00f1as que crecen mirando el mundo adulto e intentando entender qu\u00e9 comportamientos son normales y cu\u00e1les no lo son. Las ni\u00f1as observan mucho m\u00e1s de lo que creemos. Observan c\u00f3mo se hablan las personas en el poder, observan qui\u00e9n levanta la voz y qui\u00e9n guarda silencio, observan qui\u00e9n corrige y qui\u00e9n acepta la correcci\u00f3n sin responder. Y cuando nadie explica lo que est\u00e1 ocurriendo, los ni\u00f1os y las ni\u00f1as empiezan a interpretar esas escenas como parte natural de la vida.<\/p>\n\n\n\n<p>Por eso la advertencia de do\u00f1a Dinora es tan importante. Porque lo que ella estaba haciendo, en realidad, era marcar un l\u00edmite cultural y educativo. Decirle a las ni\u00f1as que lo que vieron no es normal. Que el hecho de que una mujer sea reprendida p\u00fablicamente por un hombre en un espacio de poder, mientras ella permanece en silencio frente al atropello, no debe convertirse en una escena aceptable ni en un modelo de comportamiento. Las ni\u00f1as necesitan escuchar esa aclaraci\u00f3n de parte de los adultos, porque si nadie la hace, la escena se normaliza silenciosamente y pasa a formar parte de la idea de c\u00f3mo funciona el poder en el mundo.<\/p>\n\n\n\n<p>Aqu\u00ed es donde entramos todos los dem\u00e1s: padres, madres, abuelos, educadores, maestros, profesores y adultos en general. Porque la educaci\u00f3n no ocurre solamente en las aulas ni en los libros. La educaci\u00f3n ocurre todos los d\u00edas cuando los ni\u00f1os observan c\u00f3mo los adultos se tratan entre s\u00ed, c\u00f3mo reaccionan frente a una injusticia, c\u00f3mo se responde cuando alguien intenta humillar o disminuir a otra persona. Educar a las ni\u00f1as \u2014y tambi\u00e9n a los ni\u00f1os\u2014 significa ense\u00f1ar algo muy simple y muy profundo al mismo tiempo: la dignidad no se negocia. Significa ense\u00f1arles a las ni\u00f1as que su voz tiene valor, que su presencia en un espacio p\u00fablico no depende de aceptar humillaciones, que el respeto no es algo que se pide con timidez, sino algo que se ejerce con firmeza.<\/p>\n\n\n\n<p>Pero tambi\u00e9n significa educar a los ni\u00f1os de una manera distinta a como muchas generaciones fueron educadas antes. Significa ense\u00f1arles que el liderazgo no se demuestra levantando la voz ni avergonzando a otros en p\u00fablico. Significa ense\u00f1arles que la autoridad verdadera no necesita humillar a nadie para hacerse respetar. Y, sobre todo, significa ense\u00f1arles que el respeto hacia las mujeres no es una concesi\u00f3n ni una cortes\u00eda especial: es una base m\u00ednima de convivencia en una sociedad que pretende llamarse justa.<\/p>\n\n\n\n<p>Una sociedad no cambia \u00fanicamente con leyes, discursos institucionales o actos oficiales. Cambia cuando en las casas se empiezan a repetir ideas claras. Cambia cuando los padres les dicen a sus hijas que nadie tiene derecho a disminuirlas. Cambia cuando las madres les dicen a sus hijos que el respeto no se negocia. Cambia cuando los adultos son capaces de mirar una escena inc\u00f3moda en la vida p\u00fablica y explicarla con honestidad, diciendo con claridad: eso que viste no es normal y no debe aceptarse.<\/p>\n\n\n\n<p>Las ni\u00f1as necesitan escuchar eso. Necesitan saber que su dignidad no depende del cargo que ocupen ni del lugar donde est\u00e9n. Necesitan saber que pueden hablar, defenderse, responder y mantenerse firmes cuando alguien intenta pasar por encima de ellas. Y los adultos necesitamos recordarlo tambi\u00e9n, porque el poder suele acostumbrarse al silencio de quienes lo rodean. Cuando el silencio se vuelve costumbre, lo anormal empieza a parecer normal.<\/p>\n\n\n\n<p>Y ah\u00ed es donde la educaci\u00f3n vuelve a convertirse en el acto m\u00e1s importante de todos. Porque educar no es solo ense\u00f1ar conocimientos. Educar tambi\u00e9n es ense\u00f1ar a reconocer la dignidad\u2026 y a no entregarla nunca.<\/p>\n","protected":false},"excerpt":{"rendered":"<p>Esta ma\u00f1ana, en la Asamblea Legislativa de Costa Rica, espec\u00edficamente en el Sal\u00f3n de Jefes de Estado, se realiz\u00f3 una [&hellip;]<\/p>\n","protected":false},"author":1,"featured_media":2943,"comment_status":"open","ping_status":"open","sticky":false,"template":"","format":"standard","meta":{"site-sidebar-layout":"default","site-content-layout":"","ast-site-content-layout":"","site-content-style":"default","site-sidebar-style":"default","ast-global-header-display":"","ast-banner-title-visibility":"","ast-main-header-display":"","ast-hfb-above-header-display":"","ast-hfb-below-header-display":"","ast-hfb-mobile-header-display":"","site-post-title":"","ast-breadcrumbs-content":"","ast-featured-img":"","footer-sml-layout":"","theme-transparent-header-meta":"","adv-header-id-meta":"","stick-header-meta":"","header-above-stick-meta":"","header-main-stick-meta":"","header-below-stick-meta":"","astra-migrate-meta-layouts":"default","ast-page-background-enabled":"default","ast-page-background-meta":{"desktop":{"background-color":"var(--ast-global-color-5)","background-image":"","background-repeat":"repeat","background-position":"center center","background-size":"auto","background-attachment":"scroll","background-type":"","background-media":"","overlay-type":"","overlay-color":"","overlay-opacity":"","overlay-gradient":""},"tablet":{"background-color":"","background-image":"","background-repeat":"repeat","background-position":"center center","background-size":"auto","background-attachment":"scroll","background-type":"","background-media":"","overlay-type":"","overlay-color":"","overlay-opacity":"","overlay-gradient":""},"mobile":{"background-color":"","background-image":"","background-repeat":"repeat","background-position":"center center","background-size":"auto","background-attachment":"scroll","background-type":"","background-media":"","overlay-type":"","overlay-color":"","overlay-opacity":"","overlay-gradient":""}},"ast-content-background-meta":{"desktop":{"background-color":"var(--ast-global-color-4)","background-image":"","background-repeat":"repeat","background-position":"center center","background-size":"auto","background-attachment":"scroll","background-type":"","background-media":"","overlay-type":"","overlay-color":"","overlay-opacity":"","overlay-gradient":""},"tablet":{"background-color":"var(--ast-global-color-4)","background-image":"","background-repeat":"repeat","background-position":"center center","background-size":"auto","background-attachment":"scroll","background-type":"","background-media":"","overlay-type":"","overlay-color":"","overlay-opacity":"","overlay-gradient":""},"mobile":{"background-color":"var(--ast-global-color-4)","background-image":"","background-repeat":"repeat","background-position":"center center","background-size":"auto","background-attachment":"scroll","background-type":"","background-media":"","overlay-type":"","overlay-color":"","overlay-opacity":"","overlay-gradient":""}},"footnotes":""},"categories":[9],"tags":[],"class_list":["post-2942","post","type-post","status-publish","format-standard","has-post-thumbnail","hentry","category-mis-escritos"],"yoast_head":"<!-- This site is optimized with the Yoast SEO plugin v26.0 - https:\/\/yoast.com\/wordpress\/plugins\/seo\/ -->\n<title>Lo que no debe parecer normal - MI BLOG<\/title>\n<meta name=\"robots\" content=\"index, follow, max-snippet:-1, max-image-preview:large, max-video-preview:-1\" \/>\n<link rel=\"canonical\" href=\"https:\/\/viniciojarquin.com\/blog\/lo-que-no-debe-parecer-normal\/\" \/>\n<meta property=\"og:locale\" content=\"es_ES\" \/>\n<meta property=\"og:type\" content=\"article\" \/>\n<meta property=\"og:title\" content=\"Lo que no debe parecer normal - MI BLOG\" \/>\n<meta property=\"og:description\" content=\"Esta ma\u00f1ana, en la Asamblea Legislativa de Costa Rica, espec\u00edficamente en el Sal\u00f3n de Jefes de Estado, se realiz\u00f3 una [&hellip;]\" \/>\n<meta property=\"og:url\" content=\"https:\/\/viniciojarquin.com\/blog\/lo-que-no-debe-parecer-normal\/\" \/>\n<meta property=\"og:site_name\" content=\"MI BLOG\" \/>\n<meta property=\"article:publisher\" content=\"https:\/\/www.facebook.com\/vinicio.jarquin\" \/>\n<meta property=\"article:author\" content=\"https:\/\/www.facebook.com\/vinicio.jarquin\" \/>\n<meta property=\"article:published_time\" content=\"2026-03-06T21:34:00+00:00\" \/>\n<meta property=\"article:modified_time\" content=\"2026-03-06T21:34:31+00:00\" \/>\n<meta property=\"og:image\" content=\"https:\/\/viniciojarquin.com\/blog\/wp-content\/uploads\/2026\/03\/Lo-que-no-debe-parecer-normal.jpg\" \/>\n\t<meta property=\"og:image:width\" content=\"2000\" \/>\n\t<meta property=\"og:image:height\" content=\"1000\" \/>\n\t<meta property=\"og:image:type\" content=\"image\/jpeg\" \/>\n<meta name=\"author\" content=\"Vinicio Jarqu\u00edn\" \/>\n<meta name=\"twitter:card\" content=\"summary_large_image\" \/>\n<meta name=\"twitter:label1\" content=\"Escrito por\" \/>\n\t<meta name=\"twitter:data1\" content=\"Vinicio Jarqu\u00edn\" \/>\n\t<meta name=\"twitter:label2\" content=\"Tiempo de lectura\" \/>\n\t<meta name=\"twitter:data2\" content=\"5 minutos\" \/>\n<script type=\"application\/ld+json\" class=\"yoast-schema-graph\">{\"@context\":\"https:\/\/schema.org\",\"@graph\":[{\"@type\":\"Article\",\"@id\":\"https:\/\/viniciojarquin.com\/blog\/lo-que-no-debe-parecer-normal\/#article\",\"isPartOf\":{\"@id\":\"https:\/\/viniciojarquin.com\/blog\/lo-que-no-debe-parecer-normal\/\"},\"author\":{\"name\":\"Vinicio Jarqu\u00edn\",\"@id\":\"https:\/\/viniciojarquin.com\/blog\/#\/schema\/person\/90100c8845ae55462ec0657d3d2f8d3b\"},\"headline\":\"Lo que no debe parecer normal\",\"datePublished\":\"2026-03-06T21:34:00+00:00\",\"dateModified\":\"2026-03-06T21:34:31+00:00\",\"mainEntityOfPage\":{\"@id\":\"https:\/\/viniciojarquin.com\/blog\/lo-que-no-debe-parecer-normal\/\"},\"wordCount\":960,\"commentCount\":0,\"publisher\":{\"@id\":\"https:\/\/viniciojarquin.com\/blog\/#\/schema\/person\/90100c8845ae55462ec0657d3d2f8d3b\"},\"image\":{\"@id\":\"https:\/\/viniciojarquin.com\/blog\/lo-que-no-debe-parecer-normal\/#primaryimage\"},\"thumbnailUrl\":\"https:\/\/viniciojarquin.com\/blog\/wp-content\/uploads\/2026\/03\/Lo-que-no-debe-parecer-normal.jpg\",\"articleSection\":[\"Escritos generales\"],\"inLanguage\":\"es\",\"potentialAction\":[{\"@type\":\"CommentAction\",\"name\":\"Comment\",\"target\":[\"https:\/\/viniciojarquin.com\/blog\/lo-que-no-debe-parecer-normal\/#respond\"]}]},{\"@type\":\"WebPage\",\"@id\":\"https:\/\/viniciojarquin.com\/blog\/lo-que-no-debe-parecer-normal\/\",\"url\":\"https:\/\/viniciojarquin.com\/blog\/lo-que-no-debe-parecer-normal\/\",\"name\":\"Lo que no debe parecer normal - MI BLOG\",\"isPartOf\":{\"@id\":\"https:\/\/viniciojarquin.com\/blog\/#website\"},\"primaryImageOfPage\":{\"@id\":\"https:\/\/viniciojarquin.com\/blog\/lo-que-no-debe-parecer-normal\/#primaryimage\"},\"image\":{\"@id\":\"https:\/\/viniciojarquin.com\/blog\/lo-que-no-debe-parecer-normal\/#primaryimage\"},\"thumbnailUrl\":\"https:\/\/viniciojarquin.com\/blog\/wp-content\/uploads\/2026\/03\/Lo-que-no-debe-parecer-normal.jpg\",\"datePublished\":\"2026-03-06T21:34:00+00:00\",\"dateModified\":\"2026-03-06T21:34:31+00:00\",\"breadcrumb\":{\"@id\":\"https:\/\/viniciojarquin.com\/blog\/lo-que-no-debe-parecer-normal\/#breadcrumb\"},\"inLanguage\":\"es\",\"potentialAction\":[{\"@type\":\"ReadAction\",\"target\":[\"https:\/\/viniciojarquin.com\/blog\/lo-que-no-debe-parecer-normal\/\"]}]},{\"@type\":\"ImageObject\",\"inLanguage\":\"es\",\"@id\":\"https:\/\/viniciojarquin.com\/blog\/lo-que-no-debe-parecer-normal\/#primaryimage\",\"url\":\"https:\/\/viniciojarquin.com\/blog\/wp-content\/uploads\/2026\/03\/Lo-que-no-debe-parecer-normal.jpg\",\"contentUrl\":\"https:\/\/viniciojarquin.com\/blog\/wp-content\/uploads\/2026\/03\/Lo-que-no-debe-parecer-normal.jpg\",\"width\":2000,\"height\":1000},{\"@type\":\"BreadcrumbList\",\"@id\":\"https:\/\/viniciojarquin.com\/blog\/lo-que-no-debe-parecer-normal\/#breadcrumb\",\"itemListElement\":[{\"@type\":\"ListItem\",\"position\":1,\"name\":\"Portada\",\"item\":\"https:\/\/viniciojarquin.com\/blog\/\"},{\"@type\":\"ListItem\",\"position\":2,\"name\":\"Lo que no debe parecer normal\"}]},{\"@type\":\"WebSite\",\"@id\":\"https:\/\/viniciojarquin.com\/blog\/#website\",\"url\":\"https:\/\/viniciojarquin.com\/blog\/\",\"name\":\"Vinicio Jarqu\u00edn BLOG\",\"description\":\"\",\"publisher\":{\"@id\":\"https:\/\/viniciojarquin.com\/blog\/#\/schema\/person\/90100c8845ae55462ec0657d3d2f8d3b\"},\"potentialAction\":[{\"@type\":\"SearchAction\",\"target\":{\"@type\":\"EntryPoint\",\"urlTemplate\":\"https:\/\/viniciojarquin.com\/blog\/?s={search_term_string}\"},\"query-input\":{\"@type\":\"PropertyValueSpecification\",\"valueRequired\":true,\"valueName\":\"search_term_string\"}}],\"inLanguage\":\"es\"},{\"@type\":[\"Person\",\"Organization\"],\"@id\":\"https:\/\/viniciojarquin.com\/blog\/#\/schema\/person\/90100c8845ae55462ec0657d3d2f8d3b\",\"name\":\"Vinicio Jarqu\u00edn\",\"image\":{\"@type\":\"ImageObject\",\"inLanguage\":\"es\",\"@id\":\"https:\/\/viniciojarquin.com\/blog\/#\/schema\/person\/image\/\",\"url\":\"https:\/\/viniciojarquin.com\/blog\/wp-content\/uploads\/2024\/10\/Logo-VinicioJarquin-original-400.png\",\"contentUrl\":\"https:\/\/viniciojarquin.com\/blog\/wp-content\/uploads\/2024\/10\/Logo-VinicioJarquin-original-400.png\",\"width\":400,\"height\":130,\"caption\":\"Vinicio Jarqu\u00edn\"},\"logo\":{\"@id\":\"https:\/\/viniciojarquin.com\/blog\/#\/schema\/person\/image\/\"},\"description\":\"Empresario textil, artista pl\u00e1stico, escritor, coach de vida y fot\u00f3grafo.\",\"sameAs\":[\"https:\/\/viniciojarquin.com\/blog\",\"https:\/\/www.facebook.com\/vinicio.jarquin\",\"https:\/\/www.instagram.com\/vinicio_jarquin\/\",\"https:\/\/www.pinterest.com\/vinnyjc\/\",\"https:\/\/www.youtube.com\/@VinicioJarquin\"],\"url\":\"https:\/\/viniciojarquin.com\/blog\/author\/admin_s02au25i\/\"}]}<\/script>\n<!-- \/ Yoast SEO plugin. -->","yoast_head_json":{"title":"Lo que no debe parecer normal - MI BLOG","robots":{"index":"index","follow":"follow","max-snippet":"max-snippet:-1","max-image-preview":"max-image-preview:large","max-video-preview":"max-video-preview:-1"},"canonical":"https:\/\/viniciojarquin.com\/blog\/lo-que-no-debe-parecer-normal\/","og_locale":"es_ES","og_type":"article","og_title":"Lo que no debe parecer normal - MI BLOG","og_description":"Esta ma\u00f1ana, en la Asamblea Legislativa de Costa Rica, espec\u00edficamente en el Sal\u00f3n de Jefes de Estado, se realiz\u00f3 una [&hellip;]","og_url":"https:\/\/viniciojarquin.com\/blog\/lo-que-no-debe-parecer-normal\/","og_site_name":"MI BLOG","article_publisher":"https:\/\/www.facebook.com\/vinicio.jarquin","article_author":"https:\/\/www.facebook.com\/vinicio.jarquin","article_published_time":"2026-03-06T21:34:00+00:00","article_modified_time":"2026-03-06T21:34:31+00:00","og_image":[{"width":2000,"height":1000,"url":"https:\/\/viniciojarquin.com\/blog\/wp-content\/uploads\/2026\/03\/Lo-que-no-debe-parecer-normal.jpg","type":"image\/jpeg"}],"author":"Vinicio Jarqu\u00edn","twitter_card":"summary_large_image","twitter_misc":{"Escrito por":"Vinicio Jarqu\u00edn","Tiempo de lectura":"5 minutos"},"schema":{"@context":"https:\/\/schema.org","@graph":[{"@type":"Article","@id":"https:\/\/viniciojarquin.com\/blog\/lo-que-no-debe-parecer-normal\/#article","isPartOf":{"@id":"https:\/\/viniciojarquin.com\/blog\/lo-que-no-debe-parecer-normal\/"},"author":{"name":"Vinicio Jarqu\u00edn","@id":"https:\/\/viniciojarquin.com\/blog\/#\/schema\/person\/90100c8845ae55462ec0657d3d2f8d3b"},"headline":"Lo que no debe parecer normal","datePublished":"2026-03-06T21:34:00+00:00","dateModified":"2026-03-06T21:34:31+00:00","mainEntityOfPage":{"@id":"https:\/\/viniciojarquin.com\/blog\/lo-que-no-debe-parecer-normal\/"},"wordCount":960,"commentCount":0,"publisher":{"@id":"https:\/\/viniciojarquin.com\/blog\/#\/schema\/person\/90100c8845ae55462ec0657d3d2f8d3b"},"image":{"@id":"https:\/\/viniciojarquin.com\/blog\/lo-que-no-debe-parecer-normal\/#primaryimage"},"thumbnailUrl":"https:\/\/viniciojarquin.com\/blog\/wp-content\/uploads\/2026\/03\/Lo-que-no-debe-parecer-normal.jpg","articleSection":["Escritos generales"],"inLanguage":"es","potentialAction":[{"@type":"CommentAction","name":"Comment","target":["https:\/\/viniciojarquin.com\/blog\/lo-que-no-debe-parecer-normal\/#respond"]}]},{"@type":"WebPage","@id":"https:\/\/viniciojarquin.com\/blog\/lo-que-no-debe-parecer-normal\/","url":"https:\/\/viniciojarquin.com\/blog\/lo-que-no-debe-parecer-normal\/","name":"Lo que no debe parecer normal - MI BLOG","isPartOf":{"@id":"https:\/\/viniciojarquin.com\/blog\/#website"},"primaryImageOfPage":{"@id":"https:\/\/viniciojarquin.com\/blog\/lo-que-no-debe-parecer-normal\/#primaryimage"},"image":{"@id":"https:\/\/viniciojarquin.com\/blog\/lo-que-no-debe-parecer-normal\/#primaryimage"},"thumbnailUrl":"https:\/\/viniciojarquin.com\/blog\/wp-content\/uploads\/2026\/03\/Lo-que-no-debe-parecer-normal.jpg","datePublished":"2026-03-06T21:34:00+00:00","dateModified":"2026-03-06T21:34:31+00:00","breadcrumb":{"@id":"https:\/\/viniciojarquin.com\/blog\/lo-que-no-debe-parecer-normal\/#breadcrumb"},"inLanguage":"es","potentialAction":[{"@type":"ReadAction","target":["https:\/\/viniciojarquin.com\/blog\/lo-que-no-debe-parecer-normal\/"]}]},{"@type":"ImageObject","inLanguage":"es","@id":"https:\/\/viniciojarquin.com\/blog\/lo-que-no-debe-parecer-normal\/#primaryimage","url":"https:\/\/viniciojarquin.com\/blog\/wp-content\/uploads\/2026\/03\/Lo-que-no-debe-parecer-normal.jpg","contentUrl":"https:\/\/viniciojarquin.com\/blog\/wp-content\/uploads\/2026\/03\/Lo-que-no-debe-parecer-normal.jpg","width":2000,"height":1000},{"@type":"BreadcrumbList","@id":"https:\/\/viniciojarquin.com\/blog\/lo-que-no-debe-parecer-normal\/#breadcrumb","itemListElement":[{"@type":"ListItem","position":1,"name":"Portada","item":"https:\/\/viniciojarquin.com\/blog\/"},{"@type":"ListItem","position":2,"name":"Lo que no debe parecer normal"}]},{"@type":"WebSite","@id":"https:\/\/viniciojarquin.com\/blog\/#website","url":"https:\/\/viniciojarquin.com\/blog\/","name":"Vinicio Jarqu\u00edn BLOG","description":"","publisher":{"@id":"https:\/\/viniciojarquin.com\/blog\/#\/schema\/person\/90100c8845ae55462ec0657d3d2f8d3b"},"potentialAction":[{"@type":"SearchAction","target":{"@type":"EntryPoint","urlTemplate":"https:\/\/viniciojarquin.com\/blog\/?s={search_term_string}"},"query-input":{"@type":"PropertyValueSpecification","valueRequired":true,"valueName":"search_term_string"}}],"inLanguage":"es"},{"@type":["Person","Organization"],"@id":"https:\/\/viniciojarquin.com\/blog\/#\/schema\/person\/90100c8845ae55462ec0657d3d2f8d3b","name":"Vinicio Jarqu\u00edn","image":{"@type":"ImageObject","inLanguage":"es","@id":"https:\/\/viniciojarquin.com\/blog\/#\/schema\/person\/image\/","url":"https:\/\/viniciojarquin.com\/blog\/wp-content\/uploads\/2024\/10\/Logo-VinicioJarquin-original-400.png","contentUrl":"https:\/\/viniciojarquin.com\/blog\/wp-content\/uploads\/2024\/10\/Logo-VinicioJarquin-original-400.png","width":400,"height":130,"caption":"Vinicio Jarqu\u00edn"},"logo":{"@id":"https:\/\/viniciojarquin.com\/blog\/#\/schema\/person\/image\/"},"description":"Empresario textil, artista pl\u00e1stico, escritor, coach de vida y fot\u00f3grafo.","sameAs":["https:\/\/viniciojarquin.com\/blog","https:\/\/www.facebook.com\/vinicio.jarquin","https:\/\/www.instagram.com\/vinicio_jarquin\/","https:\/\/www.pinterest.com\/vinnyjc\/","https:\/\/www.youtube.com\/@VinicioJarquin"],"url":"https:\/\/viniciojarquin.com\/blog\/author\/admin_s02au25i\/"}]}},"blog_post_layout_featured_media_urls":{"thumbnail":["https:\/\/viniciojarquin.com\/blog\/wp-content\/uploads\/2026\/03\/Lo-que-no-debe-parecer-normal-150x150.jpg",150,150,true],"full":["https:\/\/viniciojarquin.com\/blog\/wp-content\/uploads\/2026\/03\/Lo-que-no-debe-parecer-normal.jpg",2000,1000,false]},"categories_names":{"9":{"name":"Escritos generales","link":"https:\/\/viniciojarquin.com\/blog\/category\/mis-escritos\/"}},"tags_names":[],"comments_number":"0","_links":{"self":[{"href":"https:\/\/viniciojarquin.com\/blog\/wp-json\/wp\/v2\/posts\/2942","targetHints":{"allow":["GET"]}}],"collection":[{"href":"https:\/\/viniciojarquin.com\/blog\/wp-json\/wp\/v2\/posts"}],"about":[{"href":"https:\/\/viniciojarquin.com\/blog\/wp-json\/wp\/v2\/types\/post"}],"author":[{"embeddable":true,"href":"https:\/\/viniciojarquin.com\/blog\/wp-json\/wp\/v2\/users\/1"}],"replies":[{"embeddable":true,"href":"https:\/\/viniciojarquin.com\/blog\/wp-json\/wp\/v2\/comments?post=2942"}],"version-history":[{"count":2,"href":"https:\/\/viniciojarquin.com\/blog\/wp-json\/wp\/v2\/posts\/2942\/revisions"}],"predecessor-version":[{"id":2945,"href":"https:\/\/viniciojarquin.com\/blog\/wp-json\/wp\/v2\/posts\/2942\/revisions\/2945"}],"wp:featuredmedia":[{"embeddable":true,"href":"https:\/\/viniciojarquin.com\/blog\/wp-json\/wp\/v2\/media\/2943"}],"wp:attachment":[{"href":"https:\/\/viniciojarquin.com\/blog\/wp-json\/wp\/v2\/media?parent=2942"}],"wp:term":[{"taxonomy":"category","embeddable":true,"href":"https:\/\/viniciojarquin.com\/blog\/wp-json\/wp\/v2\/categories?post=2942"},{"taxonomy":"post_tag","embeddable":true,"href":"https:\/\/viniciojarquin.com\/blog\/wp-json\/wp\/v2\/tags?post=2942"}],"curies":[{"name":"wp","href":"https:\/\/api.w.org\/{rel}","templated":true}]}}