{"id":2949,"date":"2026-03-06T23:36:09","date_gmt":"2026-03-06T23:36:09","guid":{"rendered":"https:\/\/viniciojarquin.com\/blog\/?p=2949"},"modified":"2026-03-06T23:36:11","modified_gmt":"2026-03-06T23:36:11","slug":"hoy-en-la-asamblea","status":"publish","type":"post","link":"https:\/\/viniciojarquin.com\/blog\/hoy-en-la-asamblea\/","title":{"rendered":"Hoy en la Asamblea"},"content":{"rendered":"\n<figure class=\"wp-block-image size-large\"><img decoding=\"async\" width=\"1024\" height=\"512\" data-src=\"https:\/\/viniciojarquin.com\/blog\/wp-content\/uploads\/2026\/03\/Hoy-en-la-Asamblea-Legislativa-1024x512.jpg\" alt=\"\" class=\"wp-image-2947 lazyload\" data-srcset=\"https:\/\/viniciojarquin.com\/blog\/wp-content\/uploads\/2026\/03\/Hoy-en-la-Asamblea-Legislativa-1024x512.jpg 1024w, https:\/\/viniciojarquin.com\/blog\/wp-content\/uploads\/2026\/03\/Hoy-en-la-Asamblea-Legislativa-300x150.jpg 300w, https:\/\/viniciojarquin.com\/blog\/wp-content\/uploads\/2026\/03\/Hoy-en-la-Asamblea-Legislativa-768x384.jpg 768w, https:\/\/viniciojarquin.com\/blog\/wp-content\/uploads\/2026\/03\/Hoy-en-la-Asamblea-Legislativa-1536x768.jpg 1536w, https:\/\/viniciojarquin.com\/blog\/wp-content\/uploads\/2026\/03\/Hoy-en-la-Asamblea-Legislativa.jpg 2000w\" data-sizes=\"(max-width: 1024px) 100vw, 1024px\" src=\"data:image\/svg+xml;base64,PHN2ZyB3aWR0aD0iMSIgaGVpZ2h0PSIxIiB4bWxucz0iaHR0cDovL3d3dy53My5vcmcvMjAwMC9zdmciPjwvc3ZnPg==\" style=\"--smush-placeholder-width: 1024px; --smush-placeholder-aspect-ratio: 1024\/512;\" \/><\/figure>\n\n\n\n<p>Esta ma\u00f1ana asist\u00ed a una actividad en la Asamblea Legislativa de Costa Rica, espec\u00edficamente en el Sal\u00f3n de Jefes de Estado. El encuentro fue organizado por la diputada electa Monserrat Ruiz Guevara y llevaba como eje una conversaci\u00f3n sobre derechos, justicia y acci\u00f3n por y para todas las mujeres y ni\u00f1as. Pero m\u00e1s all\u00e1 del tema formal del conversatorio, la ma\u00f1ana termin\u00f3 siendo uno de esos momentos donde la pol\u00edtica deja de ser una estructura abstracta y se vuelve humana, cercana, llena de rostros, conversaciones y peque\u00f1os encuentros que a veces dicen mucho m\u00e1s que los discursos oficiales.<\/p>\n\n\n\n<p>Todav\u00eda sin entrar al sal\u00f3n conoc\u00ed a Alex Calder\u00f3n, quien se present\u00f3 a s\u00ed mismo con una mezcla de entusiasmo y claridad que llam\u00f3 mi atenci\u00f3n de inmediato. Alex se describe como futuro polit\u00f3logo, futuro economista, futuro abogado y \u2014seg\u00fan sus propias palabras\u2014 futuro diputado. Comenzamos a conversar antes de que iniciara la actividad y terminamos pasando pr\u00e1cticamente toda la ma\u00f1ana hablando de temas que iban desde la pol\u00edtica hasta el desarrollo personal. Es interesante cuando uno se encuentra con personas j\u00f3venes que todav\u00eda est\u00e1n en la etapa de construcci\u00f3n de su camino, pero que ya tienen una visi\u00f3n bastante clara de hacia d\u00f3nde quieren dirigir su energ\u00eda. Al final de la actividad le propuse algo que para m\u00ed tiene mucho sentido dentro del esp\u00edritu de Apacigua tu ser interior: que eventualmente pudiera colaborar o apoyar al movimiento, ya fuera en temas relacionados con el ambiente legislativo o participando en actividades de car\u00e1cter pol\u00edtico o c\u00edvico. La idea le gust\u00f3. Y es l\u00f3gico que as\u00ed sea, porque para alguien que est\u00e1 empezando en estos espacios no es lo mismo llegar a una recepci\u00f3n, una presentaci\u00f3n o un conversatorio como simple estudiante que hacerlo representando una plataforma o una causa. Para \u00e9l podr\u00eda significar una puerta de entrada interesante, y para nosotros, desde Apacigua, significa algo igualmente valioso: tener ojos y o\u00eddos atentos en actividades de este tipo, donde muchas veces se mueve informaci\u00f3n que no aparece en los titulares de los peri\u00f3dicos.<\/p>\n\n\n\n<p>Tambi\u00e9n tuve la oportunidad de conversar brevemente con don Esteban Vargas, asesor de la diputada Monserrat Ruiz. Fue una conversaci\u00f3n corta, pero muy agradable. Le coment\u00e9 que estoy trabajando en un libro que provisionalmente he titulado \u201cF\u00e1rmaco Din\u00e1mica en la Asamblea Legislativa\u201d, y le pregunt\u00e9 si en alg\u00fan momento podr\u00edamos reunirnos para conversar sobre algunos detalles del funcionamiento interno de la Asamblea que no sean confidenciales, pero que ayuden a entender mejor la din\u00e1mica pol\u00edtica que se vive dentro de ese edificio. Se mostr\u00f3 muy abierto a colaborar y con una actitud muy amigable, lo cual me dej\u00f3 una impresi\u00f3n bastante positiva. Siempre es alentador cuando personas que trabajan dentro del aparato legislativo entienden que contar c\u00f3mo funcionan las cosas \u2014sin traicionar confidencias\u2014 tambi\u00e9n es una forma de fortalecer la cultura democr\u00e1tica.<\/p>\n\n\n\n<p>El conversatorio en s\u00ed comenz\u00f3 con una presentaci\u00f3n inicial y luego deriv\u00f3 en una conversaci\u00f3n amplia sobre temas relacionados con la mujer en la pol\u00edtica y en la sociedad. La actividad organizada por Monserrat Ruiz reuni\u00f3 a varias figuras conocidas del \u00e1mbito p\u00fablico. Entre ellas estaban Nuria Mar\u00edn Desanti, esposa de Antonio \u00c1lvarez Desanti; la exvicepresidenta de la Rep\u00fablica Ana Helena Chac\u00f3n; la exprimera dama y diputada electa Claudia Dobles Camargo; la escritora y gestora cultural Vicky Ross; as\u00ed como representantes de las Naciones Unidas. Tambi\u00e9n participaron Vanessa Castro Mora y las diputadas Dinorah Barquero y Kattia Cambronero Aguiluz, entre otras personas.<\/p>\n\n\n\n<p>Con Vicky Ross tuve un encuentro particularmente agradable. Estaba acompa\u00f1ada por su amiga de muchos a\u00f1os, Marcela Guerrero Campos, y entre conversaci\u00f3n y conversaci\u00f3n terminamos quedando en algo que me parece una combinaci\u00f3n perfecta de arte y vida: reunirnos alg\u00fan d\u00eda para pintar y cafetear. Tambi\u00e9n quedaron conversaciones pendientes con Dinorah Barquero y con la propia Monserrat Ruiz, lo cual siempre es una buena se\u00f1al cuando uno sale de este tipo de encuentros.<\/p>\n\n\n\n<p>Hubo adem\u00e1s un momento que me pareci\u00f3 especialmente significativo. Cuando Dinorah Barquero termin\u00f3 su intervenci\u00f3n en el podio, camin\u00f3 hasta la cuarta fila del sal\u00f3n, donde yo estaba sentado, para presentarse y saludarme personalmente. Fue un gesto sencillo, pero muy elegante. Y debo decir que eso fue lo segundo que m\u00e1s me gust\u00f3 de ella hoy. Lo primero fue escucharla hablar. Tiene una fuerza particular cuando expresa sus ideas, una forma directa de decir lo que piensa que se siente aut\u00e9ntica. Pero el gesto de bajar del podio para acercarse a saludar revela algo que a veces se pierde en la pol\u00edtica: la humanidad detr\u00e1s del cargo. Dichosamente e tomo, al final del evento, muchos minutos para hablar conmigo, y darme la oportunidad de conocerla mejor y seguir apreciando su trabajo, juicio y vida.<\/p>\n\n\n\n<p>Durante la actividad tambi\u00e9n se aprovech\u00f3 el espacio para ofrecer una despedida cordial a do\u00f1a Marlen, quien dejaba la presidencia del Foro de Mujeres Pol\u00edticas de Costa Rica. Fue un momento breve pero c\u00e1lido, de esos que recuerdan que la pol\u00edtica tambi\u00e9n est\u00e1 hecha de ciclos, de relevos y de reconocimiento al trabajo que otros han hecho antes.<\/p>\n\n\n\n<p>En t\u00e9rminos generales, Monserrat Ruiz puede ponerse una flor en el ojal con esta actividad. Fue un encuentro bien organizado, bien acompa\u00f1ado y con una energ\u00eda bastante positiva. Y algo que tambi\u00e9n me llam\u00f3 la atenci\u00f3n fue ver a varios de sus asesores \u2014lo que yo llamo cari\u00f1osamente \u201csus pollitos\u201d\u2014 movi\u00e9ndose por el sal\u00f3n, atentos a cada detalle. Deb\u00edan ser al menos tres, aunque el \u00fanico con el que pude conversar directamente fue Esteban.<\/p>\n\n\n\n<p>Adem\u00e1s de las conversaciones y los encuentros, la ma\u00f1ana me dej\u00f3 varias notas mentales que seguramente terminar\u00e1n encontrando su lugar dentro de mi libro. Tres ideas, en particular, quedaron apuntadas casi como t\u00edtulos de futuros cap\u00edtulos. La primera: \u201cCuando el entusiasmo puede ser una debilidad, o vulnerabilidad\u2026 pero tambi\u00e9n un arma.\u201d La segunda: \u201cEl s\u00edndrome del diputado saliente.\u201d Y la tercera: \u201cEl papel de los asesores en este juego de poder, que tambi\u00e9n podr\u00edan desarrollar su propio s\u00edndrome.\u201d<\/p>\n\n\n\n<p>Son peque\u00f1as observaciones que nacen precisamente en estos espacios donde uno se sienta a observar m\u00e1s que a hablar. Porque la pol\u00edtica, cuando se mira de cerca, no es solo ideolog\u00eda o poder. Tambi\u00e9n es comportamiento humano. Y ah\u00ed es donde, para quienes nos gusta observar, empiezan a aparecer las historias m\u00e1s interesantes.<\/p>\n","protected":false},"excerpt":{"rendered":"<p>Esta ma\u00f1ana asist\u00ed a una actividad en la Asamblea Legislativa de Costa Rica, espec\u00edficamente en el Sal\u00f3n de Jefes de [&hellip;]<\/p>\n","protected":false},"author":1,"featured_media":2947,"comment_status":"open","ping_status":"open","sticky":false,"template":"","format":"standard","meta":{"site-sidebar-layout":"default","site-content-layout":"","ast-site-content-layout":"","site-content-style":"default","site-sidebar-style":"default","ast-global-header-display":"","ast-banner-title-visibility":"","ast-main-header-display":"","ast-hfb-above-header-display":"","ast-hfb-below-header-display":"","ast-hfb-mobile-header-display":"","site-post-title":"","ast-breadcrumbs-content":"","ast-featured-img":"","footer-sml-layout":"","theme-transparent-header-meta":"","adv-header-id-meta":"","stick-header-meta":"","header-above-stick-meta":"","header-main-stick-meta":"","header-below-stick-meta":"","astra-migrate-meta-layouts":"default","ast-page-background-enabled":"default","ast-page-background-meta":{"desktop":{"background-color":"var(--ast-global-color-5)","background-image":"","background-repeat":"repeat","background-position":"center center","background-size":"auto","background-attachment":"scroll","background-type":"","background-media":"","overlay-type":"","overlay-color":"","overlay-opacity":"","overlay-gradient":""},"tablet":{"background-color":"","background-image":"","background-repeat":"repeat","background-position":"center center","background-size":"auto","background-attachment":"scroll","background-type":"","background-media":"","overlay-type":"","overlay-color":"","overlay-opacity":"","overlay-gradient":""},"mobile":{"background-color":"","background-image":"","background-repeat":"repeat","background-position":"center center","background-size":"auto","background-attachment":"scroll","background-type":"","background-media":"","overlay-type":"","overlay-color":"","overlay-opacity":"","overlay-gradient":""}},"ast-content-background-meta":{"desktop":{"background-color":"var(--ast-global-color-4)","background-image":"","background-repeat":"repeat","background-position":"center center","background-size":"auto","background-attachment":"scroll","background-type":"","background-media":"","overlay-type":"","overlay-color":"","overlay-opacity":"","overlay-gradient":""},"tablet":{"background-color":"var(--ast-global-color-4)","background-image":"","background-repeat":"repeat","background-position":"center center","background-size":"auto","background-attachment":"scroll","background-type":"","background-media":"","overlay-type":"","overlay-color":"","overlay-opacity":"","overlay-gradient":""},"mobile":{"background-color":"var(--ast-global-color-4)","background-image":"","background-repeat":"repeat","background-position":"center center","background-size":"auto","background-attachment":"scroll","background-type":"","background-media":"","overlay-type":"","overlay-color":"","overlay-opacity":"","overlay-gradient":""}},"footnotes":""},"categories":[9],"tags":[],"class_list":["post-2949","post","type-post","status-publish","format-standard","has-post-thumbnail","hentry","category-mis-escritos"],"yoast_head":"<!-- This site is optimized with the Yoast SEO plugin v26.0 - https:\/\/yoast.com\/wordpress\/plugins\/seo\/ -->\n<title>Hoy en la Asamblea - MI BLOG<\/title>\n<meta name=\"robots\" content=\"index, follow, max-snippet:-1, max-image-preview:large, max-video-preview:-1\" \/>\n<link rel=\"canonical\" href=\"https:\/\/viniciojarquin.com\/blog\/hoy-en-la-asamblea\/\" \/>\n<meta property=\"og:locale\" content=\"es_ES\" \/>\n<meta property=\"og:type\" content=\"article\" \/>\n<meta property=\"og:title\" content=\"Hoy en la Asamblea - MI BLOG\" \/>\n<meta property=\"og:description\" content=\"Esta ma\u00f1ana asist\u00ed a una actividad en la Asamblea Legislativa de Costa Rica, espec\u00edficamente en el Sal\u00f3n de Jefes de [&hellip;]\" \/>\n<meta property=\"og:url\" content=\"https:\/\/viniciojarquin.com\/blog\/hoy-en-la-asamblea\/\" \/>\n<meta property=\"og:site_name\" content=\"MI BLOG\" \/>\n<meta property=\"article:publisher\" content=\"https:\/\/www.facebook.com\/vinicio.jarquin\" \/>\n<meta property=\"article:author\" content=\"https:\/\/www.facebook.com\/vinicio.jarquin\" \/>\n<meta property=\"article:published_time\" content=\"2026-03-06T23:36:09+00:00\" \/>\n<meta property=\"article:modified_time\" content=\"2026-03-06T23:36:11+00:00\" \/>\n<meta property=\"og:image\" content=\"https:\/\/viniciojarquin.com\/blog\/wp-content\/uploads\/2026\/03\/Hoy-en-la-Asamblea-Legislativa.jpg\" \/>\n\t<meta property=\"og:image:width\" content=\"2000\" \/>\n\t<meta property=\"og:image:height\" content=\"1000\" \/>\n\t<meta property=\"og:image:type\" content=\"image\/jpeg\" \/>\n<meta name=\"author\" content=\"Vinicio Jarqu\u00edn\" \/>\n<meta name=\"twitter:card\" content=\"summary_large_image\" \/>\n<meta name=\"twitter:label1\" content=\"Escrito por\" \/>\n\t<meta name=\"twitter:data1\" content=\"Vinicio Jarqu\u00edn\" \/>\n\t<meta name=\"twitter:label2\" content=\"Tiempo de lectura\" \/>\n\t<meta name=\"twitter:data2\" content=\"6 minutos\" \/>\n<script type=\"application\/ld+json\" class=\"yoast-schema-graph\">{\"@context\":\"https:\/\/schema.org\",\"@graph\":[{\"@type\":\"Article\",\"@id\":\"https:\/\/viniciojarquin.com\/blog\/hoy-en-la-asamblea\/#article\",\"isPartOf\":{\"@id\":\"https:\/\/viniciojarquin.com\/blog\/hoy-en-la-asamblea\/\"},\"author\":{\"name\":\"Vinicio Jarqu\u00edn\",\"@id\":\"https:\/\/viniciojarquin.com\/blog\/#\/schema\/person\/90100c8845ae55462ec0657d3d2f8d3b\"},\"headline\":\"Hoy en la Asamblea\",\"datePublished\":\"2026-03-06T23:36:09+00:00\",\"dateModified\":\"2026-03-06T23:36:11+00:00\",\"mainEntityOfPage\":{\"@id\":\"https:\/\/viniciojarquin.com\/blog\/hoy-en-la-asamblea\/\"},\"wordCount\":1153,\"commentCount\":0,\"publisher\":{\"@id\":\"https:\/\/viniciojarquin.com\/blog\/#\/schema\/person\/90100c8845ae55462ec0657d3d2f8d3b\"},\"image\":{\"@id\":\"https:\/\/viniciojarquin.com\/blog\/hoy-en-la-asamblea\/#primaryimage\"},\"thumbnailUrl\":\"https:\/\/viniciojarquin.com\/blog\/wp-content\/uploads\/2026\/03\/Hoy-en-la-Asamblea-Legislativa.jpg\",\"articleSection\":[\"Escritos generales\"],\"inLanguage\":\"es\",\"potentialAction\":[{\"@type\":\"CommentAction\",\"name\":\"Comment\",\"target\":[\"https:\/\/viniciojarquin.com\/blog\/hoy-en-la-asamblea\/#respond\"]}]},{\"@type\":\"WebPage\",\"@id\":\"https:\/\/viniciojarquin.com\/blog\/hoy-en-la-asamblea\/\",\"url\":\"https:\/\/viniciojarquin.com\/blog\/hoy-en-la-asamblea\/\",\"name\":\"Hoy en la Asamblea - MI BLOG\",\"isPartOf\":{\"@id\":\"https:\/\/viniciojarquin.com\/blog\/#website\"},\"primaryImageOfPage\":{\"@id\":\"https:\/\/viniciojarquin.com\/blog\/hoy-en-la-asamblea\/#primaryimage\"},\"image\":{\"@id\":\"https:\/\/viniciojarquin.com\/blog\/hoy-en-la-asamblea\/#primaryimage\"},\"thumbnailUrl\":\"https:\/\/viniciojarquin.com\/blog\/wp-content\/uploads\/2026\/03\/Hoy-en-la-Asamblea-Legislativa.jpg\",\"datePublished\":\"2026-03-06T23:36:09+00:00\",\"dateModified\":\"2026-03-06T23:36:11+00:00\",\"breadcrumb\":{\"@id\":\"https:\/\/viniciojarquin.com\/blog\/hoy-en-la-asamblea\/#breadcrumb\"},\"inLanguage\":\"es\",\"potentialAction\":[{\"@type\":\"ReadAction\",\"target\":[\"https:\/\/viniciojarquin.com\/blog\/hoy-en-la-asamblea\/\"]}]},{\"@type\":\"ImageObject\",\"inLanguage\":\"es\",\"@id\":\"https:\/\/viniciojarquin.com\/blog\/hoy-en-la-asamblea\/#primaryimage\",\"url\":\"https:\/\/viniciojarquin.com\/blog\/wp-content\/uploads\/2026\/03\/Hoy-en-la-Asamblea-Legislativa.jpg\",\"contentUrl\":\"https:\/\/viniciojarquin.com\/blog\/wp-content\/uploads\/2026\/03\/Hoy-en-la-Asamblea-Legislativa.jpg\",\"width\":2000,\"height\":1000},{\"@type\":\"BreadcrumbList\",\"@id\":\"https:\/\/viniciojarquin.com\/blog\/hoy-en-la-asamblea\/#breadcrumb\",\"itemListElement\":[{\"@type\":\"ListItem\",\"position\":1,\"name\":\"Portada\",\"item\":\"https:\/\/viniciojarquin.com\/blog\/\"},{\"@type\":\"ListItem\",\"position\":2,\"name\":\"Hoy en la Asamblea\"}]},{\"@type\":\"WebSite\",\"@id\":\"https:\/\/viniciojarquin.com\/blog\/#website\",\"url\":\"https:\/\/viniciojarquin.com\/blog\/\",\"name\":\"Vinicio Jarqu\u00edn BLOG\",\"description\":\"\",\"publisher\":{\"@id\":\"https:\/\/viniciojarquin.com\/blog\/#\/schema\/person\/90100c8845ae55462ec0657d3d2f8d3b\"},\"potentialAction\":[{\"@type\":\"SearchAction\",\"target\":{\"@type\":\"EntryPoint\",\"urlTemplate\":\"https:\/\/viniciojarquin.com\/blog\/?s={search_term_string}\"},\"query-input\":{\"@type\":\"PropertyValueSpecification\",\"valueRequired\":true,\"valueName\":\"search_term_string\"}}],\"inLanguage\":\"es\"},{\"@type\":[\"Person\",\"Organization\"],\"@id\":\"https:\/\/viniciojarquin.com\/blog\/#\/schema\/person\/90100c8845ae55462ec0657d3d2f8d3b\",\"name\":\"Vinicio Jarqu\u00edn\",\"image\":{\"@type\":\"ImageObject\",\"inLanguage\":\"es\",\"@id\":\"https:\/\/viniciojarquin.com\/blog\/#\/schema\/person\/image\/\",\"url\":\"https:\/\/viniciojarquin.com\/blog\/wp-content\/uploads\/2024\/10\/Logo-VinicioJarquin-original-400.png\",\"contentUrl\":\"https:\/\/viniciojarquin.com\/blog\/wp-content\/uploads\/2024\/10\/Logo-VinicioJarquin-original-400.png\",\"width\":400,\"height\":130,\"caption\":\"Vinicio Jarqu\u00edn\"},\"logo\":{\"@id\":\"https:\/\/viniciojarquin.com\/blog\/#\/schema\/person\/image\/\"},\"description\":\"Empresario textil, artista pl\u00e1stico, escritor, coach de vida y fot\u00f3grafo.\",\"sameAs\":[\"https:\/\/viniciojarquin.com\/blog\",\"https:\/\/www.facebook.com\/vinicio.jarquin\",\"https:\/\/www.instagram.com\/vinicio_jarquin\/\",\"https:\/\/www.pinterest.com\/vinnyjc\/\",\"https:\/\/www.youtube.com\/@VinicioJarquin\"],\"url\":\"https:\/\/viniciojarquin.com\/blog\/author\/admin_s02au25i\/\"}]}<\/script>\n<!-- \/ Yoast SEO plugin. -->","yoast_head_json":{"title":"Hoy en la Asamblea - MI BLOG","robots":{"index":"index","follow":"follow","max-snippet":"max-snippet:-1","max-image-preview":"max-image-preview:large","max-video-preview":"max-video-preview:-1"},"canonical":"https:\/\/viniciojarquin.com\/blog\/hoy-en-la-asamblea\/","og_locale":"es_ES","og_type":"article","og_title":"Hoy en la Asamblea - MI BLOG","og_description":"Esta ma\u00f1ana asist\u00ed a una actividad en la Asamblea Legislativa de Costa Rica, espec\u00edficamente en el Sal\u00f3n de Jefes de [&hellip;]","og_url":"https:\/\/viniciojarquin.com\/blog\/hoy-en-la-asamblea\/","og_site_name":"MI BLOG","article_publisher":"https:\/\/www.facebook.com\/vinicio.jarquin","article_author":"https:\/\/www.facebook.com\/vinicio.jarquin","article_published_time":"2026-03-06T23:36:09+00:00","article_modified_time":"2026-03-06T23:36:11+00:00","og_image":[{"width":2000,"height":1000,"url":"https:\/\/viniciojarquin.com\/blog\/wp-content\/uploads\/2026\/03\/Hoy-en-la-Asamblea-Legislativa.jpg","type":"image\/jpeg"}],"author":"Vinicio Jarqu\u00edn","twitter_card":"summary_large_image","twitter_misc":{"Escrito por":"Vinicio Jarqu\u00edn","Tiempo de lectura":"6 minutos"},"schema":{"@context":"https:\/\/schema.org","@graph":[{"@type":"Article","@id":"https:\/\/viniciojarquin.com\/blog\/hoy-en-la-asamblea\/#article","isPartOf":{"@id":"https:\/\/viniciojarquin.com\/blog\/hoy-en-la-asamblea\/"},"author":{"name":"Vinicio Jarqu\u00edn","@id":"https:\/\/viniciojarquin.com\/blog\/#\/schema\/person\/90100c8845ae55462ec0657d3d2f8d3b"},"headline":"Hoy en la Asamblea","datePublished":"2026-03-06T23:36:09+00:00","dateModified":"2026-03-06T23:36:11+00:00","mainEntityOfPage":{"@id":"https:\/\/viniciojarquin.com\/blog\/hoy-en-la-asamblea\/"},"wordCount":1153,"commentCount":0,"publisher":{"@id":"https:\/\/viniciojarquin.com\/blog\/#\/schema\/person\/90100c8845ae55462ec0657d3d2f8d3b"},"image":{"@id":"https:\/\/viniciojarquin.com\/blog\/hoy-en-la-asamblea\/#primaryimage"},"thumbnailUrl":"https:\/\/viniciojarquin.com\/blog\/wp-content\/uploads\/2026\/03\/Hoy-en-la-Asamblea-Legislativa.jpg","articleSection":["Escritos generales"],"inLanguage":"es","potentialAction":[{"@type":"CommentAction","name":"Comment","target":["https:\/\/viniciojarquin.com\/blog\/hoy-en-la-asamblea\/#respond"]}]},{"@type":"WebPage","@id":"https:\/\/viniciojarquin.com\/blog\/hoy-en-la-asamblea\/","url":"https:\/\/viniciojarquin.com\/blog\/hoy-en-la-asamblea\/","name":"Hoy en la Asamblea - MI BLOG","isPartOf":{"@id":"https:\/\/viniciojarquin.com\/blog\/#website"},"primaryImageOfPage":{"@id":"https:\/\/viniciojarquin.com\/blog\/hoy-en-la-asamblea\/#primaryimage"},"image":{"@id":"https:\/\/viniciojarquin.com\/blog\/hoy-en-la-asamblea\/#primaryimage"},"thumbnailUrl":"https:\/\/viniciojarquin.com\/blog\/wp-content\/uploads\/2026\/03\/Hoy-en-la-Asamblea-Legislativa.jpg","datePublished":"2026-03-06T23:36:09+00:00","dateModified":"2026-03-06T23:36:11+00:00","breadcrumb":{"@id":"https:\/\/viniciojarquin.com\/blog\/hoy-en-la-asamblea\/#breadcrumb"},"inLanguage":"es","potentialAction":[{"@type":"ReadAction","target":["https:\/\/viniciojarquin.com\/blog\/hoy-en-la-asamblea\/"]}]},{"@type":"ImageObject","inLanguage":"es","@id":"https:\/\/viniciojarquin.com\/blog\/hoy-en-la-asamblea\/#primaryimage","url":"https:\/\/viniciojarquin.com\/blog\/wp-content\/uploads\/2026\/03\/Hoy-en-la-Asamblea-Legislativa.jpg","contentUrl":"https:\/\/viniciojarquin.com\/blog\/wp-content\/uploads\/2026\/03\/Hoy-en-la-Asamblea-Legislativa.jpg","width":2000,"height":1000},{"@type":"BreadcrumbList","@id":"https:\/\/viniciojarquin.com\/blog\/hoy-en-la-asamblea\/#breadcrumb","itemListElement":[{"@type":"ListItem","position":1,"name":"Portada","item":"https:\/\/viniciojarquin.com\/blog\/"},{"@type":"ListItem","position":2,"name":"Hoy en la Asamblea"}]},{"@type":"WebSite","@id":"https:\/\/viniciojarquin.com\/blog\/#website","url":"https:\/\/viniciojarquin.com\/blog\/","name":"Vinicio Jarqu\u00edn BLOG","description":"","publisher":{"@id":"https:\/\/viniciojarquin.com\/blog\/#\/schema\/person\/90100c8845ae55462ec0657d3d2f8d3b"},"potentialAction":[{"@type":"SearchAction","target":{"@type":"EntryPoint","urlTemplate":"https:\/\/viniciojarquin.com\/blog\/?s={search_term_string}"},"query-input":{"@type":"PropertyValueSpecification","valueRequired":true,"valueName":"search_term_string"}}],"inLanguage":"es"},{"@type":["Person","Organization"],"@id":"https:\/\/viniciojarquin.com\/blog\/#\/schema\/person\/90100c8845ae55462ec0657d3d2f8d3b","name":"Vinicio Jarqu\u00edn","image":{"@type":"ImageObject","inLanguage":"es","@id":"https:\/\/viniciojarquin.com\/blog\/#\/schema\/person\/image\/","url":"https:\/\/viniciojarquin.com\/blog\/wp-content\/uploads\/2024\/10\/Logo-VinicioJarquin-original-400.png","contentUrl":"https:\/\/viniciojarquin.com\/blog\/wp-content\/uploads\/2024\/10\/Logo-VinicioJarquin-original-400.png","width":400,"height":130,"caption":"Vinicio Jarqu\u00edn"},"logo":{"@id":"https:\/\/viniciojarquin.com\/blog\/#\/schema\/person\/image\/"},"description":"Empresario textil, artista pl\u00e1stico, escritor, coach de vida y fot\u00f3grafo.","sameAs":["https:\/\/viniciojarquin.com\/blog","https:\/\/www.facebook.com\/vinicio.jarquin","https:\/\/www.instagram.com\/vinicio_jarquin\/","https:\/\/www.pinterest.com\/vinnyjc\/","https:\/\/www.youtube.com\/@VinicioJarquin"],"url":"https:\/\/viniciojarquin.com\/blog\/author\/admin_s02au25i\/"}]}},"blog_post_layout_featured_media_urls":{"thumbnail":["https:\/\/viniciojarquin.com\/blog\/wp-content\/uploads\/2026\/03\/Hoy-en-la-Asamblea-Legislativa-150x150.jpg",150,150,true],"full":["https:\/\/viniciojarquin.com\/blog\/wp-content\/uploads\/2026\/03\/Hoy-en-la-Asamblea-Legislativa.jpg",2000,1000,false]},"categories_names":{"9":{"name":"Escritos generales","link":"https:\/\/viniciojarquin.com\/blog\/category\/mis-escritos\/"}},"tags_names":[],"comments_number":"0","_links":{"self":[{"href":"https:\/\/viniciojarquin.com\/blog\/wp-json\/wp\/v2\/posts\/2949","targetHints":{"allow":["GET"]}}],"collection":[{"href":"https:\/\/viniciojarquin.com\/blog\/wp-json\/wp\/v2\/posts"}],"about":[{"href":"https:\/\/viniciojarquin.com\/blog\/wp-json\/wp\/v2\/types\/post"}],"author":[{"embeddable":true,"href":"https:\/\/viniciojarquin.com\/blog\/wp-json\/wp\/v2\/users\/1"}],"replies":[{"embeddable":true,"href":"https:\/\/viniciojarquin.com\/blog\/wp-json\/wp\/v2\/comments?post=2949"}],"version-history":[{"count":1,"href":"https:\/\/viniciojarquin.com\/blog\/wp-json\/wp\/v2\/posts\/2949\/revisions"}],"predecessor-version":[{"id":2950,"href":"https:\/\/viniciojarquin.com\/blog\/wp-json\/wp\/v2\/posts\/2949\/revisions\/2950"}],"wp:featuredmedia":[{"embeddable":true,"href":"https:\/\/viniciojarquin.com\/blog\/wp-json\/wp\/v2\/media\/2947"}],"wp:attachment":[{"href":"https:\/\/viniciojarquin.com\/blog\/wp-json\/wp\/v2\/media?parent=2949"}],"wp:term":[{"taxonomy":"category","embeddable":true,"href":"https:\/\/viniciojarquin.com\/blog\/wp-json\/wp\/v2\/categories?post=2949"},{"taxonomy":"post_tag","embeddable":true,"href":"https:\/\/viniciojarquin.com\/blog\/wp-json\/wp\/v2\/tags?post=2949"}],"curies":[{"name":"wp","href":"https:\/\/api.w.org\/{rel}","templated":true}]}}