{"id":2951,"date":"2026-03-09T06:02:53","date_gmt":"2026-03-09T06:02:53","guid":{"rendered":"https:\/\/viniciojarquin.com\/blog\/?p=2951"},"modified":"2026-03-10T06:35:57","modified_gmt":"2026-03-10T06:35:57","slug":"una-conversacion-sobre-la-constitucion","status":"publish","type":"post","link":"https:\/\/viniciojarquin.com\/blog\/una-conversacion-sobre-la-constitucion\/","title":{"rendered":"Una conversaci\u00f3n sobre la Constituci\u00f3n"},"content":{"rendered":"\n<p>Hablaba hace poco con alguien sobre uno de los temas que hoy se escuchan cada vez con m\u00e1s frecuencia en el pa\u00eds: la posibilidad de que Costa Rica se suscriba a acuerdos de car\u00e1cter militar con otras naciones. La conversaci\u00f3n fue tranquila, sin gritos ni insultos, simplemente un intercambio de ideas como deber\u00edan ser la mayor\u00eda de los debates p\u00fablicos. Yo le coment\u00e9 algo que para m\u00ed es bastante claro: Costa Rica no puede suscribirse a acuerdos militares de ese tipo porque nuestra propia Constituci\u00f3n Pol\u00edtica de Costa Rica no lo permite. No lo permite ni aunque fuera por temas humanitarios.&nbsp;<\/p>\n\n\n\n<p>No lo permite por una raz\u00f3n hist\u00f3rica muy concreta: la decisi\u00f3n que tom\u00f3 el pa\u00eds de abolir el ej\u00e9rcito y de construir una identidad internacional basada en la paz y en la neutralidad.<\/p>\n\n\n\n<p>Mi interlocutor respondi\u00f3 con un argumento que tambi\u00e9n se escucha mucho en estos d\u00edas. Me dijo que el hampa y el narcotr\u00e1fico est\u00e1n demasiado metidos en el pa\u00eds, que el problema es grave y que frente a esa realidad deber\u00edan poderse hacer ese tipo de acuerdos. Le respond\u00ed que en eso ten\u00eda raz\u00f3n. El problema del crimen organizado es serio, real y no se puede minimizar. Pero una cosa es reconocer un problema y otra muy distinta es ignorar el marco legal dentro del cual funciona el pa\u00eds. Y en este momento, nos guste o no, la Constituci\u00f3n simplemente no permite que Costa Rica se suscriba a acuerdos militares de esa naturaleza.<\/p>\n\n\n\n<p>Entonces vino el siguiente argumento. Me dijo que la Constituci\u00f3n es muy vieja, que est\u00e1 desactualizada, que el pa\u00eds ha cambiado y que el mundo tambi\u00e9n ha cambiado. Le respond\u00ed algo parecido a lo anterior: tal vez tenga raz\u00f3n. Es perfectamente posible que algunas partes de la Constituci\u00f3n necesiten revisarse o actualizarse despu\u00e9s de tantas d\u00e9cadas. Muchas constituciones del mundo han pasado por procesos de reforma precisamente por esa raz\u00f3n. Pero incluso si aceptamos esa premisa, hay algo que sigue siendo cierto: mientras la Constituci\u00f3n no se modifique formalmente, sigue siendo la ley suprema del pa\u00eds.<\/p>\n\n\n\n<p>Mi interlocutor insisti\u00f3 en que entonces habr\u00eda que actualizarla. Y otra vez le respond\u00ed que tambi\u00e9n en eso podr\u00eda tener raz\u00f3n. Si el pa\u00eds decide democr\u00e1ticamente que ciertas reglas deben cambiar, existen mecanismos institucionales para hacerlo. Pero mientras esos cambios no ocurran, la Constituci\u00f3n sigue siendo el marco que limita lo que un gobierno puede o no puede hacer.<\/p>\n\n\n\n<p>En ese punto la conversaci\u00f3n tom\u00f3 un giro interesante. Me dijo que el presidente deber\u00eda poder hacerlo de todas maneras, porque cuenta con el apoyo del pueblo y mantiene un nivel alto de popularidad. Le respond\u00ed que, una vez m\u00e1s, su argumento ten\u00eda una l\u00f3gica pol\u00edtica comprensible. Un presidente con respaldo popular tiene m\u00e1s fuerza pol\u00edtica para impulsar sus ideas. Pero tambi\u00e9n le record\u00e9 algo que a veces se olvida en medio de la pasi\u00f3n pol\u00edtica: la popularidad no reemplaza a la Constituci\u00f3n.<\/p>\n\n\n\n<p>Las elecciones recientes fueron claras en algo muy espec\u00edfico. El pueblo vot\u00f3 por un liderazgo pol\u00edtico determinado. Le dio votos para gobernar. Le dio votos para continuar un proyecto pol\u00edtico. Pero no le dio los votos necesarios para convocar una Asamblea Constituyente ni para modificar las bases constitucionales del pa\u00eds. Es decir, el pa\u00eds pudo haber dicho: \u201cqueremos que gobierne\u201d, pero no dijo: \u201cqueremos que cambie las reglas fundamentales del sistema\u201d.<\/p>\n\n\n\n<p>Y esa diferencia es esencial en una democracia.<\/p>\n\n\n\n<p>Porque una cosa es elegir a un presidente dentro de las reglas existentes, y otra muy distinta es darle el poder para cambiar esas reglas. Son dos decisiones completamente distintas y requieren niveles de respaldo distintos.<\/p>\n\n\n\n<p>As\u00ed que al final le resum\u00ed mi posici\u00f3n de la forma m\u00e1s simple posible. La Constituci\u00f3n podr\u00eda necesitar reformas. Es una conversaci\u00f3n leg\u00edtima que el pa\u00eds puede tener. Pero mientras esas reformas no ocurran, el pa\u00eds no puede actuar como si ya hubieran sucedido. Y en las elecciones recientes, la mayor\u00eda que vot\u00f3 por el presidente no le dio un mandato para modificar o actualizar la Constituci\u00f3n.<\/p>\n\n\n\n<p>Entonces le hice una pregunta muy sencilla.<\/p>\n\n\n\n<p>Le dije: si la Constituci\u00f3n no lo permite, si el pueblo no autoriz\u00f3 cambiarla y si los acuerdos que se discuten chocan directamente con ese marco constitucional\u2026 \u00bfqu\u00e9 sugiere usted?<\/p>\n\n\n\n<p>Porque la \u00fanica alternativa ser\u00eda ignorarla.<\/p>\n\n\n\n<p>Y eso, simplemente, no es posible en un pa\u00eds que todav\u00eda quiere llamarse democracia.<\/p>\n\n\n\n<figure class=\"wp-block-image size-large\"><img decoding=\"async\" width=\"1024\" height=\"683\" data-src=\"https:\/\/viniciojarquin.com\/blog\/wp-content\/uploads\/2026\/03\/Una-converacion-1024x683.jpg\" alt=\"\" class=\"wp-image-2968 lazyload\" data-srcset=\"https:\/\/viniciojarquin.com\/blog\/wp-content\/uploads\/2026\/03\/Una-converacion-1024x683.jpg 1024w, https:\/\/viniciojarquin.com\/blog\/wp-content\/uploads\/2026\/03\/Una-converacion-300x200.jpg 300w, https:\/\/viniciojarquin.com\/blog\/wp-content\/uploads\/2026\/03\/Una-converacion-768x512.jpg 768w, https:\/\/viniciojarquin.com\/blog\/wp-content\/uploads\/2026\/03\/Una-converacion.jpg 1536w\" data-sizes=\"(max-width: 1024px) 100vw, 1024px\" src=\"data:image\/svg+xml;base64,PHN2ZyB3aWR0aD0iMSIgaGVpZ2h0PSIxIiB4bWxucz0iaHR0cDovL3d3dy53My5vcmcvMjAwMC9zdmciPjwvc3ZnPg==\" style=\"--smush-placeholder-width: 1024px; --smush-placeholder-aspect-ratio: 1024\/683;\" \/><\/figure>\n","protected":false},"excerpt":{"rendered":"<p>Hablaba hace poco con alguien sobre uno de los temas que hoy se escuchan cada vez con m\u00e1s frecuencia en [&hellip;]<\/p>\n","protected":false},"author":1,"featured_media":2968,"comment_status":"open","ping_status":"open","sticky":false,"template":"","format":"standard","meta":{"site-sidebar-layout":"default","site-content-layout":"","ast-site-content-layout":"","site-content-style":"default","site-sidebar-style":"default","ast-global-header-display":"","ast-banner-title-visibility":"","ast-main-header-display":"","ast-hfb-above-header-display":"","ast-hfb-below-header-display":"","ast-hfb-mobile-header-display":"","site-post-title":"","ast-breadcrumbs-content":"","ast-featured-img":"","footer-sml-layout":"","theme-transparent-header-meta":"","adv-header-id-meta":"","stick-header-meta":"","header-above-stick-meta":"","header-main-stick-meta":"","header-below-stick-meta":"","astra-migrate-meta-layouts":"default","ast-page-background-enabled":"default","ast-page-background-meta":{"desktop":{"background-color":"var(--ast-global-color-5)","background-image":"","background-repeat":"repeat","background-position":"center center","background-size":"auto","background-attachment":"scroll","background-type":"","background-media":"","overlay-type":"","overlay-color":"","overlay-opacity":"","overlay-gradient":""},"tablet":{"background-color":"","background-image":"","background-repeat":"repeat","background-position":"center center","background-size":"auto","background-attachment":"scroll","background-type":"","background-media":"","overlay-type":"","overlay-color":"","overlay-opacity":"","overlay-gradient":""},"mobile":{"background-color":"","background-image":"","background-repeat":"repeat","background-position":"center center","background-size":"auto","background-attachment":"scroll","background-type":"","background-media":"","overlay-type":"","overlay-color":"","overlay-opacity":"","overlay-gradient":""}},"ast-content-background-meta":{"desktop":{"background-color":"var(--ast-global-color-4)","background-image":"","background-repeat":"repeat","background-position":"center center","background-size":"auto","background-attachment":"scroll","background-type":"","background-media":"","overlay-type":"","overlay-color":"","overlay-opacity":"","overlay-gradient":""},"tablet":{"background-color":"var(--ast-global-color-4)","background-image":"","background-repeat":"repeat","background-position":"center center","background-size":"auto","background-attachment":"scroll","background-type":"","background-media":"","overlay-type":"","overlay-color":"","overlay-opacity":"","overlay-gradient":""},"mobile":{"background-color":"var(--ast-global-color-4)","background-image":"","background-repeat":"repeat","background-position":"center center","background-size":"auto","background-attachment":"scroll","background-type":"","background-media":"","overlay-type":"","overlay-color":"","overlay-opacity":"","overlay-gradient":""}},"footnotes":""},"categories":[12],"tags":[],"class_list":["post-2951","post","type-post","status-publish","format-standard","has-post-thumbnail","hentry","category-politica-o-gobierno"],"yoast_head":"<!-- This site is optimized with the Yoast SEO plugin v26.0 - https:\/\/yoast.com\/wordpress\/plugins\/seo\/ -->\n<title>Una conversaci\u00f3n sobre la Constituci\u00f3n - MI BLOG<\/title>\n<meta name=\"robots\" content=\"index, follow, max-snippet:-1, max-image-preview:large, max-video-preview:-1\" \/>\n<link rel=\"canonical\" href=\"https:\/\/viniciojarquin.com\/blog\/una-conversacion-sobre-la-constitucion\/\" \/>\n<meta property=\"og:locale\" content=\"es_ES\" \/>\n<meta property=\"og:type\" content=\"article\" \/>\n<meta property=\"og:title\" content=\"Una conversaci\u00f3n sobre la Constituci\u00f3n - MI BLOG\" \/>\n<meta property=\"og:description\" content=\"Hablaba hace poco con alguien sobre uno de los temas que hoy se escuchan cada vez con m\u00e1s frecuencia en [&hellip;]\" \/>\n<meta property=\"og:url\" content=\"https:\/\/viniciojarquin.com\/blog\/una-conversacion-sobre-la-constitucion\/\" \/>\n<meta property=\"og:site_name\" content=\"MI BLOG\" \/>\n<meta property=\"article:publisher\" content=\"https:\/\/www.facebook.com\/vinicio.jarquin\" \/>\n<meta property=\"article:author\" content=\"https:\/\/www.facebook.com\/vinicio.jarquin\" \/>\n<meta property=\"article:published_time\" content=\"2026-03-09T06:02:53+00:00\" \/>\n<meta property=\"article:modified_time\" content=\"2026-03-10T06:35:57+00:00\" \/>\n<meta property=\"og:image\" content=\"https:\/\/viniciojarquin.com\/blog\/wp-content\/uploads\/2026\/03\/Una-converacion.jpg\" \/>\n\t<meta property=\"og:image:width\" content=\"1536\" \/>\n\t<meta property=\"og:image:height\" content=\"1024\" \/>\n\t<meta property=\"og:image:type\" content=\"image\/jpeg\" \/>\n<meta name=\"author\" content=\"Vinicio Jarqu\u00edn\" \/>\n<meta name=\"twitter:card\" content=\"summary_large_image\" \/>\n<meta name=\"twitter:label1\" content=\"Escrito por\" \/>\n\t<meta name=\"twitter:data1\" content=\"Vinicio Jarqu\u00edn\" \/>\n\t<meta name=\"twitter:label2\" content=\"Tiempo de lectura\" \/>\n\t<meta name=\"twitter:data2\" content=\"4 minutos\" \/>\n<script type=\"application\/ld+json\" class=\"yoast-schema-graph\">{\"@context\":\"https:\/\/schema.org\",\"@graph\":[{\"@type\":\"Article\",\"@id\":\"https:\/\/viniciojarquin.com\/blog\/una-conversacion-sobre-la-constitucion\/#article\",\"isPartOf\":{\"@id\":\"https:\/\/viniciojarquin.com\/blog\/una-conversacion-sobre-la-constitucion\/\"},\"author\":{\"name\":\"Vinicio Jarqu\u00edn\",\"@id\":\"https:\/\/viniciojarquin.com\/blog\/#\/schema\/person\/90100c8845ae55462ec0657d3d2f8d3b\"},\"headline\":\"Una conversaci\u00f3n sobre la Constituci\u00f3n\",\"datePublished\":\"2026-03-09T06:02:53+00:00\",\"dateModified\":\"2026-03-10T06:35:57+00:00\",\"mainEntityOfPage\":{\"@id\":\"https:\/\/viniciojarquin.com\/blog\/una-conversacion-sobre-la-constitucion\/\"},\"wordCount\":803,\"commentCount\":0,\"publisher\":{\"@id\":\"https:\/\/viniciojarquin.com\/blog\/#\/schema\/person\/90100c8845ae55462ec0657d3d2f8d3b\"},\"image\":{\"@id\":\"https:\/\/viniciojarquin.com\/blog\/una-conversacion-sobre-la-constitucion\/#primaryimage\"},\"thumbnailUrl\":\"https:\/\/viniciojarquin.com\/blog\/wp-content\/uploads\/2026\/03\/Una-converacion.jpg\",\"articleSection\":[\"Pol\u00edtica varios\"],\"inLanguage\":\"es\",\"potentialAction\":[{\"@type\":\"CommentAction\",\"name\":\"Comment\",\"target\":[\"https:\/\/viniciojarquin.com\/blog\/una-conversacion-sobre-la-constitucion\/#respond\"]}]},{\"@type\":\"WebPage\",\"@id\":\"https:\/\/viniciojarquin.com\/blog\/una-conversacion-sobre-la-constitucion\/\",\"url\":\"https:\/\/viniciojarquin.com\/blog\/una-conversacion-sobre-la-constitucion\/\",\"name\":\"Una conversaci\u00f3n sobre la Constituci\u00f3n - MI BLOG\",\"isPartOf\":{\"@id\":\"https:\/\/viniciojarquin.com\/blog\/#website\"},\"primaryImageOfPage\":{\"@id\":\"https:\/\/viniciojarquin.com\/blog\/una-conversacion-sobre-la-constitucion\/#primaryimage\"},\"image\":{\"@id\":\"https:\/\/viniciojarquin.com\/blog\/una-conversacion-sobre-la-constitucion\/#primaryimage\"},\"thumbnailUrl\":\"https:\/\/viniciojarquin.com\/blog\/wp-content\/uploads\/2026\/03\/Una-converacion.jpg\",\"datePublished\":\"2026-03-09T06:02:53+00:00\",\"dateModified\":\"2026-03-10T06:35:57+00:00\",\"breadcrumb\":{\"@id\":\"https:\/\/viniciojarquin.com\/blog\/una-conversacion-sobre-la-constitucion\/#breadcrumb\"},\"inLanguage\":\"es\",\"potentialAction\":[{\"@type\":\"ReadAction\",\"target\":[\"https:\/\/viniciojarquin.com\/blog\/una-conversacion-sobre-la-constitucion\/\"]}]},{\"@type\":\"ImageObject\",\"inLanguage\":\"es\",\"@id\":\"https:\/\/viniciojarquin.com\/blog\/una-conversacion-sobre-la-constitucion\/#primaryimage\",\"url\":\"https:\/\/viniciojarquin.com\/blog\/wp-content\/uploads\/2026\/03\/Una-converacion.jpg\",\"contentUrl\":\"https:\/\/viniciojarquin.com\/blog\/wp-content\/uploads\/2026\/03\/Una-converacion.jpg\",\"width\":1536,\"height\":1024},{\"@type\":\"BreadcrumbList\",\"@id\":\"https:\/\/viniciojarquin.com\/blog\/una-conversacion-sobre-la-constitucion\/#breadcrumb\",\"itemListElement\":[{\"@type\":\"ListItem\",\"position\":1,\"name\":\"Portada\",\"item\":\"https:\/\/viniciojarquin.com\/blog\/\"},{\"@type\":\"ListItem\",\"position\":2,\"name\":\"Una conversaci\u00f3n sobre la Constituci\u00f3n\"}]},{\"@type\":\"WebSite\",\"@id\":\"https:\/\/viniciojarquin.com\/blog\/#website\",\"url\":\"https:\/\/viniciojarquin.com\/blog\/\",\"name\":\"Vinicio Jarqu\u00edn BLOG\",\"description\":\"\",\"publisher\":{\"@id\":\"https:\/\/viniciojarquin.com\/blog\/#\/schema\/person\/90100c8845ae55462ec0657d3d2f8d3b\"},\"potentialAction\":[{\"@type\":\"SearchAction\",\"target\":{\"@type\":\"EntryPoint\",\"urlTemplate\":\"https:\/\/viniciojarquin.com\/blog\/?s={search_term_string}\"},\"query-input\":{\"@type\":\"PropertyValueSpecification\",\"valueRequired\":true,\"valueName\":\"search_term_string\"}}],\"inLanguage\":\"es\"},{\"@type\":[\"Person\",\"Organization\"],\"@id\":\"https:\/\/viniciojarquin.com\/blog\/#\/schema\/person\/90100c8845ae55462ec0657d3d2f8d3b\",\"name\":\"Vinicio Jarqu\u00edn\",\"image\":{\"@type\":\"ImageObject\",\"inLanguage\":\"es\",\"@id\":\"https:\/\/viniciojarquin.com\/blog\/#\/schema\/person\/image\/\",\"url\":\"https:\/\/viniciojarquin.com\/blog\/wp-content\/uploads\/2024\/10\/Logo-VinicioJarquin-original-400.png\",\"contentUrl\":\"https:\/\/viniciojarquin.com\/blog\/wp-content\/uploads\/2024\/10\/Logo-VinicioJarquin-original-400.png\",\"width\":400,\"height\":130,\"caption\":\"Vinicio Jarqu\u00edn\"},\"logo\":{\"@id\":\"https:\/\/viniciojarquin.com\/blog\/#\/schema\/person\/image\/\"},\"description\":\"Empresario textil, artista pl\u00e1stico, escritor, coach de vida y fot\u00f3grafo.\",\"sameAs\":[\"https:\/\/viniciojarquin.com\/blog\",\"https:\/\/www.facebook.com\/vinicio.jarquin\",\"https:\/\/www.instagram.com\/vinicio_jarquin\/\",\"https:\/\/www.pinterest.com\/vinnyjc\/\",\"https:\/\/www.youtube.com\/@VinicioJarquin\"],\"url\":\"https:\/\/viniciojarquin.com\/blog\/author\/admin_s02au25i\/\"}]}<\/script>\n<!-- \/ Yoast SEO plugin. -->","yoast_head_json":{"title":"Una conversaci\u00f3n sobre la Constituci\u00f3n - MI BLOG","robots":{"index":"index","follow":"follow","max-snippet":"max-snippet:-1","max-image-preview":"max-image-preview:large","max-video-preview":"max-video-preview:-1"},"canonical":"https:\/\/viniciojarquin.com\/blog\/una-conversacion-sobre-la-constitucion\/","og_locale":"es_ES","og_type":"article","og_title":"Una conversaci\u00f3n sobre la Constituci\u00f3n - MI BLOG","og_description":"Hablaba hace poco con alguien sobre uno de los temas que hoy se escuchan cada vez con m\u00e1s frecuencia en [&hellip;]","og_url":"https:\/\/viniciojarquin.com\/blog\/una-conversacion-sobre-la-constitucion\/","og_site_name":"MI BLOG","article_publisher":"https:\/\/www.facebook.com\/vinicio.jarquin","article_author":"https:\/\/www.facebook.com\/vinicio.jarquin","article_published_time":"2026-03-09T06:02:53+00:00","article_modified_time":"2026-03-10T06:35:57+00:00","og_image":[{"width":1536,"height":1024,"url":"https:\/\/viniciojarquin.com\/blog\/wp-content\/uploads\/2026\/03\/Una-converacion.jpg","type":"image\/jpeg"}],"author":"Vinicio Jarqu\u00edn","twitter_card":"summary_large_image","twitter_misc":{"Escrito por":"Vinicio Jarqu\u00edn","Tiempo de lectura":"4 minutos"},"schema":{"@context":"https:\/\/schema.org","@graph":[{"@type":"Article","@id":"https:\/\/viniciojarquin.com\/blog\/una-conversacion-sobre-la-constitucion\/#article","isPartOf":{"@id":"https:\/\/viniciojarquin.com\/blog\/una-conversacion-sobre-la-constitucion\/"},"author":{"name":"Vinicio Jarqu\u00edn","@id":"https:\/\/viniciojarquin.com\/blog\/#\/schema\/person\/90100c8845ae55462ec0657d3d2f8d3b"},"headline":"Una conversaci\u00f3n sobre la Constituci\u00f3n","datePublished":"2026-03-09T06:02:53+00:00","dateModified":"2026-03-10T06:35:57+00:00","mainEntityOfPage":{"@id":"https:\/\/viniciojarquin.com\/blog\/una-conversacion-sobre-la-constitucion\/"},"wordCount":803,"commentCount":0,"publisher":{"@id":"https:\/\/viniciojarquin.com\/blog\/#\/schema\/person\/90100c8845ae55462ec0657d3d2f8d3b"},"image":{"@id":"https:\/\/viniciojarquin.com\/blog\/una-conversacion-sobre-la-constitucion\/#primaryimage"},"thumbnailUrl":"https:\/\/viniciojarquin.com\/blog\/wp-content\/uploads\/2026\/03\/Una-converacion.jpg","articleSection":["Pol\u00edtica varios"],"inLanguage":"es","potentialAction":[{"@type":"CommentAction","name":"Comment","target":["https:\/\/viniciojarquin.com\/blog\/una-conversacion-sobre-la-constitucion\/#respond"]}]},{"@type":"WebPage","@id":"https:\/\/viniciojarquin.com\/blog\/una-conversacion-sobre-la-constitucion\/","url":"https:\/\/viniciojarquin.com\/blog\/una-conversacion-sobre-la-constitucion\/","name":"Una conversaci\u00f3n sobre la Constituci\u00f3n - MI BLOG","isPartOf":{"@id":"https:\/\/viniciojarquin.com\/blog\/#website"},"primaryImageOfPage":{"@id":"https:\/\/viniciojarquin.com\/blog\/una-conversacion-sobre-la-constitucion\/#primaryimage"},"image":{"@id":"https:\/\/viniciojarquin.com\/blog\/una-conversacion-sobre-la-constitucion\/#primaryimage"},"thumbnailUrl":"https:\/\/viniciojarquin.com\/blog\/wp-content\/uploads\/2026\/03\/Una-converacion.jpg","datePublished":"2026-03-09T06:02:53+00:00","dateModified":"2026-03-10T06:35:57+00:00","breadcrumb":{"@id":"https:\/\/viniciojarquin.com\/blog\/una-conversacion-sobre-la-constitucion\/#breadcrumb"},"inLanguage":"es","potentialAction":[{"@type":"ReadAction","target":["https:\/\/viniciojarquin.com\/blog\/una-conversacion-sobre-la-constitucion\/"]}]},{"@type":"ImageObject","inLanguage":"es","@id":"https:\/\/viniciojarquin.com\/blog\/una-conversacion-sobre-la-constitucion\/#primaryimage","url":"https:\/\/viniciojarquin.com\/blog\/wp-content\/uploads\/2026\/03\/Una-converacion.jpg","contentUrl":"https:\/\/viniciojarquin.com\/blog\/wp-content\/uploads\/2026\/03\/Una-converacion.jpg","width":1536,"height":1024},{"@type":"BreadcrumbList","@id":"https:\/\/viniciojarquin.com\/blog\/una-conversacion-sobre-la-constitucion\/#breadcrumb","itemListElement":[{"@type":"ListItem","position":1,"name":"Portada","item":"https:\/\/viniciojarquin.com\/blog\/"},{"@type":"ListItem","position":2,"name":"Una conversaci\u00f3n sobre la Constituci\u00f3n"}]},{"@type":"WebSite","@id":"https:\/\/viniciojarquin.com\/blog\/#website","url":"https:\/\/viniciojarquin.com\/blog\/","name":"Vinicio Jarqu\u00edn BLOG","description":"","publisher":{"@id":"https:\/\/viniciojarquin.com\/blog\/#\/schema\/person\/90100c8845ae55462ec0657d3d2f8d3b"},"potentialAction":[{"@type":"SearchAction","target":{"@type":"EntryPoint","urlTemplate":"https:\/\/viniciojarquin.com\/blog\/?s={search_term_string}"},"query-input":{"@type":"PropertyValueSpecification","valueRequired":true,"valueName":"search_term_string"}}],"inLanguage":"es"},{"@type":["Person","Organization"],"@id":"https:\/\/viniciojarquin.com\/blog\/#\/schema\/person\/90100c8845ae55462ec0657d3d2f8d3b","name":"Vinicio Jarqu\u00edn","image":{"@type":"ImageObject","inLanguage":"es","@id":"https:\/\/viniciojarquin.com\/blog\/#\/schema\/person\/image\/","url":"https:\/\/viniciojarquin.com\/blog\/wp-content\/uploads\/2024\/10\/Logo-VinicioJarquin-original-400.png","contentUrl":"https:\/\/viniciojarquin.com\/blog\/wp-content\/uploads\/2024\/10\/Logo-VinicioJarquin-original-400.png","width":400,"height":130,"caption":"Vinicio Jarqu\u00edn"},"logo":{"@id":"https:\/\/viniciojarquin.com\/blog\/#\/schema\/person\/image\/"},"description":"Empresario textil, artista pl\u00e1stico, escritor, coach de vida y fot\u00f3grafo.","sameAs":["https:\/\/viniciojarquin.com\/blog","https:\/\/www.facebook.com\/vinicio.jarquin","https:\/\/www.instagram.com\/vinicio_jarquin\/","https:\/\/www.pinterest.com\/vinnyjc\/","https:\/\/www.youtube.com\/@VinicioJarquin"],"url":"https:\/\/viniciojarquin.com\/blog\/author\/admin_s02au25i\/"}]}},"blog_post_layout_featured_media_urls":{"thumbnail":["https:\/\/viniciojarquin.com\/blog\/wp-content\/uploads\/2026\/03\/Una-converacion-150x150.jpg",150,150,true],"full":["https:\/\/viniciojarquin.com\/blog\/wp-content\/uploads\/2026\/03\/Una-converacion.jpg",1536,1024,false]},"categories_names":{"12":{"name":"Pol\u00edtica varios","link":"https:\/\/viniciojarquin.com\/blog\/category\/politica-o-gobierno\/"}},"tags_names":[],"comments_number":"0","_links":{"self":[{"href":"https:\/\/viniciojarquin.com\/blog\/wp-json\/wp\/v2\/posts\/2951","targetHints":{"allow":["GET"]}}],"collection":[{"href":"https:\/\/viniciojarquin.com\/blog\/wp-json\/wp\/v2\/posts"}],"about":[{"href":"https:\/\/viniciojarquin.com\/blog\/wp-json\/wp\/v2\/types\/post"}],"author":[{"embeddable":true,"href":"https:\/\/viniciojarquin.com\/blog\/wp-json\/wp\/v2\/users\/1"}],"replies":[{"embeddable":true,"href":"https:\/\/viniciojarquin.com\/blog\/wp-json\/wp\/v2\/comments?post=2951"}],"version-history":[{"count":2,"href":"https:\/\/viniciojarquin.com\/blog\/wp-json\/wp\/v2\/posts\/2951\/revisions"}],"predecessor-version":[{"id":2969,"href":"https:\/\/viniciojarquin.com\/blog\/wp-json\/wp\/v2\/posts\/2951\/revisions\/2969"}],"wp:featuredmedia":[{"embeddable":true,"href":"https:\/\/viniciojarquin.com\/blog\/wp-json\/wp\/v2\/media\/2968"}],"wp:attachment":[{"href":"https:\/\/viniciojarquin.com\/blog\/wp-json\/wp\/v2\/media?parent=2951"}],"wp:term":[{"taxonomy":"category","embeddable":true,"href":"https:\/\/viniciojarquin.com\/blog\/wp-json\/wp\/v2\/categories?post=2951"},{"taxonomy":"post_tag","embeddable":true,"href":"https:\/\/viniciojarquin.com\/blog\/wp-json\/wp\/v2\/tags?post=2951"}],"curies":[{"name":"wp","href":"https:\/\/api.w.org\/{rel}","templated":true}]}}