{"id":2953,"date":"2026-03-09T06:12:59","date_gmt":"2026-03-09T06:12:59","guid":{"rendered":"https:\/\/viniciojarquin.com\/blog\/?p=2953"},"modified":"2026-03-10T06:35:11","modified_gmt":"2026-03-10T06:35:11","slug":"cuando-el-ruido-intenta-reemplazar-a-la-republica","status":"publish","type":"post","link":"https:\/\/viniciojarquin.com\/blog\/cuando-el-ruido-intenta-reemplazar-a-la-republica\/","title":{"rendered":"Cuando el ruido intenta reemplazar a la Rep\u00fablica"},"content":{"rendered":"\n<p>Triste ver c\u00f3mo algunos costarricenses comienzan a inclinarse hacia el discurso vulgar, hacia la descalificaci\u00f3n f\u00e1cil, hacia ese tono agresivo que poco a poco intenta reemplazar el di\u00e1logo por el grito. Lo m\u00e1s preocupante no es solo la vulgaridad del lenguaje, sino el tipo de ideas que vienen acompa\u00f1\u00e1ndolo. Hoy vemos con demasiada frecuencia a personas defendiendo ataques directos contra nuestras instituciones, celebrando que se agreda verbalmente a los poderes de la Rep\u00fablica, sembrando dudas sobre la legitimidad del Tribunal Supremo de Elecciones, atacando emisoras de radio, desacreditando la Sala Constitucional de Costa Rica, cuestionando la propia Constituci\u00f3n Pol\u00edtica de Costa Rica, y disparando cr\u00edticas destructivas contra instituciones como la Contralor\u00eda General de la Rep\u00fablica. Como si eso fuera poco, tambi\u00e9n se empieza a escuchar con naturalidad el desprecio hacia los agricultores del pa\u00eds, y ahora incluso aparece un discurso que empieza a justificar conflictos b\u00e9licos, hablar de \u201cpaz por la fuerza\u201d o normalizar la idea de acuerdos militares en un pa\u00eds que hist\u00f3ricamente ha construido su identidad alrededor de la paz.<\/p>\n\n\n\n<p>Cuando uno observa todo eso junto, a ratos la sensaci\u00f3n es abrumadora. Hay momentos en los que pareciera que el virus del odio y de la confrontaci\u00f3n se ha expandido demasiado r\u00e1pido, tocando demasiados espacios al mismo tiempo. Uno abre redes sociales, escucha algunas conversaciones p\u00fablicas o revisa ciertos comentarios y la impresi\u00f3n es que el clima del pa\u00eds se ha vuelto \u00e1spero, tenso, saturado de resentimiento. Y en medio de ese ambiente, no es extra\u00f1o que por momentos aparezca una tentaci\u00f3n peligrosa: tirar la toalla, retirarse del debate, dejar que el ruido siga su curso.<\/p>\n\n\n\n<p>Pero no lo vamos a hacer.<\/p>\n\n\n\n<p>Porque rendirse frente a ese clima ser\u00eda exactamente lo que ese clima busca provocar. Cuando la vulgaridad domina el espacio p\u00fablico, lo primero que intenta expulsar es la serenidad. Cuando el insulto se vuelve rutina, lo primero que intenta callar es la reflexi\u00f3n. Y cuando la pol\u00edtica se llena de gritos, lo que intenta desaparecer es precisamente la voz de quienes quieren discutir con argumentos y no con rabia.<\/p>\n\n\n\n<p>Por eso vamos a intentar m\u00e1s. Un poco m\u00e1s.<\/p>\n\n\n\n<p>Y lo vamos a hacer principalmente desde el espacio que hemos construido con&nbsp;<strong>Apacigua tu ser interior<\/strong>. No porque creamos ingenuamente que todo se resuelve con palabras suaves, sino porque creemos que el pa\u00eds necesita recuperar algo que se est\u00e1 perdiendo: el tono, el equilibrio, la capacidad de discutir sin destruirnos y la capacidad de defender las instituciones sin caer en el fanatismo ni en la agresi\u00f3n permanente.<\/p>\n\n\n\n<p>Apaciguar no significa quedarse callado. Apaciguar tampoco significa aceptar todo. Significa hablar desde la serenidad cuando otros quieren imponer el caos. Significa sostener la conversaci\u00f3n cuando otros quieren romperla.<\/p>\n\n\n\n<p>Y aqu\u00ed quiero decir algo con mucha honestidad.<\/p>\n\n\n\n<p>Durante mucho tiempo me he resistido \u2014con bastante modestia\u2014 a aceptar una afirmaci\u00f3n que varias personas han repetido en distintos espacios. Algunos analistas, observadores y personas que siguen de cerca la pol\u00edtica nacional han se\u00f1alado que gracias al movimiento&nbsp;<strong>Apacigua tu ser interior<\/strong>&nbsp;se logr\u00f3 influir en el clima pol\u00edtico de tal forma que entre dos y tres diputados democr\u00e1ticos terminaron llegando a la Asamblea Legislativa.<\/p>\n\n\n\n<p>Durante mucho tiempo me negu\u00e9 a asumir eso como un logro propio. Me parec\u00eda exagerado. Me parec\u00eda injusto atribuirle al movimiento un resultado que siempre es producto del esfuerzo de muchas personas, de muchos ciudadanos y de muchos factores que se cruzan en un proceso electoral.<\/p>\n\n\n\n<p>Pero cuando uno empieza a escuchar lo mismo una y otra vez \u2014no en conversaciones casuales, sino en foros serios, en an\u00e1lisis pol\u00edticos y en boca de personas que saben muy bien de lo que est\u00e1n hablando\u2014 llega un momento en que uno tiene que abrirse a la posibilidad de que algo de eso sea cierto.<\/p>\n\n\n\n<p>Y si lo es, entonces hay algo que vale la pena reconocer con serenidad.<\/p>\n\n\n\n<p>El esfuerzo s\u00ed vali\u00f3 la pena.<\/p>\n\n\n\n<p>Porque a veces no se trata de ganar todo. A veces se trata de evitar que se pierda todo. Y si entre todo lo que se hizo, se dijo y se trabaj\u00f3 logramos ayudar a que dos o tres voces democr\u00e1ticas llegaran a la Asamblea Legislativa, entonces el camino recorrido ya tiene un sentido profundo.<\/p>\n\n\n\n<p>Eso no es arrogancia.<\/p>\n\n\n\n<p>Eso es reconocer que incluso los esfuerzos ciudadanos, cuando se hacen con convicci\u00f3n, pueden mover peque\u00f1as piezas en el tablero de la historia. Y a veces esas peque\u00f1as piezas terminan siendo m\u00e1s importantes de lo que imagin\u00e1bamos al principio.<\/p>\n\n\n\n<p>Y s\u00ed, repito: no ganamos todo; pero logramos no perderlo todo.<br>Y hay semillas que germinar\u00e1n luego de este incendio.<\/p>\n\n\n\n<figure class=\"wp-block-image size-full\"><img decoding=\"async\" width=\"810\" height=\"540\" data-src=\"https:\/\/viniciojarquin.com\/blog\/wp-content\/uploads\/2026\/03\/Cuadno-el-ruido.jpg\" alt=\"\" class=\"wp-image-2965 lazyload\" data-srcset=\"https:\/\/viniciojarquin.com\/blog\/wp-content\/uploads\/2026\/03\/Cuadno-el-ruido.jpg 810w, https:\/\/viniciojarquin.com\/blog\/wp-content\/uploads\/2026\/03\/Cuadno-el-ruido-300x200.jpg 300w, https:\/\/viniciojarquin.com\/blog\/wp-content\/uploads\/2026\/03\/Cuadno-el-ruido-768x512.jpg 768w\" data-sizes=\"(max-width: 810px) 100vw, 810px\" src=\"data:image\/svg+xml;base64,PHN2ZyB3aWR0aD0iMSIgaGVpZ2h0PSIxIiB4bWxucz0iaHR0cDovL3d3dy53My5vcmcvMjAwMC9zdmciPjwvc3ZnPg==\" style=\"--smush-placeholder-width: 810px; --smush-placeholder-aspect-ratio: 810\/540;\" \/><\/figure>\n","protected":false},"excerpt":{"rendered":"<p>Triste ver c\u00f3mo algunos costarricenses comienzan a inclinarse hacia el discurso vulgar, hacia la descalificaci\u00f3n f\u00e1cil, hacia ese tono agresivo [&hellip;]<\/p>\n","protected":false},"author":1,"featured_media":2965,"comment_status":"open","ping_status":"open","sticky":false,"template":"","format":"standard","meta":{"site-sidebar-layout":"default","site-content-layout":"","ast-site-content-layout":"","site-content-style":"default","site-sidebar-style":"default","ast-global-header-display":"","ast-banner-title-visibility":"","ast-main-header-display":"","ast-hfb-above-header-display":"","ast-hfb-below-header-display":"","ast-hfb-mobile-header-display":"","site-post-title":"","ast-breadcrumbs-content":"","ast-featured-img":"","footer-sml-layout":"","theme-transparent-header-meta":"","adv-header-id-meta":"","stick-header-meta":"","header-above-stick-meta":"","header-main-stick-meta":"","header-below-stick-meta":"","astra-migrate-meta-layouts":"default","ast-page-background-enabled":"default","ast-page-background-meta":{"desktop":{"background-color":"var(--ast-global-color-5)","background-image":"","background-repeat":"repeat","background-position":"center center","background-size":"auto","background-attachment":"scroll","background-type":"","background-media":"","overlay-type":"","overlay-color":"","overlay-opacity":"","overlay-gradient":""},"tablet":{"background-color":"","background-image":"","background-repeat":"repeat","background-position":"center center","background-size":"auto","background-attachment":"scroll","background-type":"","background-media":"","overlay-type":"","overlay-color":"","overlay-opacity":"","overlay-gradient":""},"mobile":{"background-color":"","background-image":"","background-repeat":"repeat","background-position":"center center","background-size":"auto","background-attachment":"scroll","background-type":"","background-media":"","overlay-type":"","overlay-color":"","overlay-opacity":"","overlay-gradient":""}},"ast-content-background-meta":{"desktop":{"background-color":"var(--ast-global-color-4)","background-image":"","background-repeat":"repeat","background-position":"center center","background-size":"auto","background-attachment":"scroll","background-type":"","background-media":"","overlay-type":"","overlay-color":"","overlay-opacity":"","overlay-gradient":""},"tablet":{"background-color":"var(--ast-global-color-4)","background-image":"","background-repeat":"repeat","background-position":"center center","background-size":"auto","background-attachment":"scroll","background-type":"","background-media":"","overlay-type":"","overlay-color":"","overlay-opacity":"","overlay-gradient":""},"mobile":{"background-color":"var(--ast-global-color-4)","background-image":"","background-repeat":"repeat","background-position":"center center","background-size":"auto","background-attachment":"scroll","background-type":"","background-media":"","overlay-type":"","overlay-color":"","overlay-opacity":"","overlay-gradient":""}},"footnotes":""},"categories":[12],"tags":[],"class_list":["post-2953","post","type-post","status-publish","format-standard","has-post-thumbnail","hentry","category-politica-o-gobierno"],"yoast_head":"<!-- This site is optimized with the Yoast SEO plugin v26.0 - https:\/\/yoast.com\/wordpress\/plugins\/seo\/ -->\n<title>Cuando el ruido intenta reemplazar a la Rep\u00fablica - MI BLOG<\/title>\n<meta name=\"robots\" content=\"index, follow, max-snippet:-1, max-image-preview:large, max-video-preview:-1\" \/>\n<link rel=\"canonical\" href=\"https:\/\/viniciojarquin.com\/blog\/cuando-el-ruido-intenta-reemplazar-a-la-republica\/\" \/>\n<meta property=\"og:locale\" content=\"es_ES\" \/>\n<meta property=\"og:type\" content=\"article\" \/>\n<meta property=\"og:title\" content=\"Cuando el ruido intenta reemplazar a la Rep\u00fablica - MI BLOG\" \/>\n<meta property=\"og:description\" content=\"Triste ver c\u00f3mo algunos costarricenses comienzan a inclinarse hacia el discurso vulgar, hacia la descalificaci\u00f3n f\u00e1cil, hacia ese tono agresivo [&hellip;]\" \/>\n<meta property=\"og:url\" content=\"https:\/\/viniciojarquin.com\/blog\/cuando-el-ruido-intenta-reemplazar-a-la-republica\/\" \/>\n<meta property=\"og:site_name\" content=\"MI BLOG\" \/>\n<meta property=\"article:publisher\" content=\"https:\/\/www.facebook.com\/vinicio.jarquin\" \/>\n<meta property=\"article:author\" content=\"https:\/\/www.facebook.com\/vinicio.jarquin\" \/>\n<meta property=\"article:published_time\" content=\"2026-03-09T06:12:59+00:00\" \/>\n<meta property=\"article:modified_time\" content=\"2026-03-10T06:35:11+00:00\" \/>\n<meta property=\"og:image\" content=\"https:\/\/viniciojarquin.com\/blog\/wp-content\/uploads\/2026\/03\/Cuadno-el-ruido.jpg\" \/>\n\t<meta property=\"og:image:width\" content=\"810\" \/>\n\t<meta property=\"og:image:height\" content=\"540\" \/>\n\t<meta property=\"og:image:type\" content=\"image\/jpeg\" \/>\n<meta name=\"author\" content=\"Vinicio Jarqu\u00edn\" \/>\n<meta name=\"twitter:card\" content=\"summary_large_image\" \/>\n<meta name=\"twitter:label1\" content=\"Escrito por\" \/>\n\t<meta name=\"twitter:data1\" content=\"Vinicio Jarqu\u00edn\" \/>\n\t<meta name=\"twitter:label2\" content=\"Tiempo de lectura\" \/>\n\t<meta name=\"twitter:data2\" content=\"4 minutos\" \/>\n<script type=\"application\/ld+json\" class=\"yoast-schema-graph\">{\"@context\":\"https:\/\/schema.org\",\"@graph\":[{\"@type\":\"Article\",\"@id\":\"https:\/\/viniciojarquin.com\/blog\/cuando-el-ruido-intenta-reemplazar-a-la-republica\/#article\",\"isPartOf\":{\"@id\":\"https:\/\/viniciojarquin.com\/blog\/cuando-el-ruido-intenta-reemplazar-a-la-republica\/\"},\"author\":{\"name\":\"Vinicio Jarqu\u00edn\",\"@id\":\"https:\/\/viniciojarquin.com\/blog\/#\/schema\/person\/90100c8845ae55462ec0657d3d2f8d3b\"},\"headline\":\"Cuando el ruido intenta reemplazar a la Rep\u00fablica\",\"datePublished\":\"2026-03-09T06:12:59+00:00\",\"dateModified\":\"2026-03-10T06:35:11+00:00\",\"mainEntityOfPage\":{\"@id\":\"https:\/\/viniciojarquin.com\/blog\/cuando-el-ruido-intenta-reemplazar-a-la-republica\/\"},\"wordCount\":826,\"commentCount\":0,\"publisher\":{\"@id\":\"https:\/\/viniciojarquin.com\/blog\/#\/schema\/person\/90100c8845ae55462ec0657d3d2f8d3b\"},\"image\":{\"@id\":\"https:\/\/viniciojarquin.com\/blog\/cuando-el-ruido-intenta-reemplazar-a-la-republica\/#primaryimage\"},\"thumbnailUrl\":\"https:\/\/viniciojarquin.com\/blog\/wp-content\/uploads\/2026\/03\/Cuadno-el-ruido.jpg\",\"articleSection\":[\"Pol\u00edtica varios\"],\"inLanguage\":\"es\",\"potentialAction\":[{\"@type\":\"CommentAction\",\"name\":\"Comment\",\"target\":[\"https:\/\/viniciojarquin.com\/blog\/cuando-el-ruido-intenta-reemplazar-a-la-republica\/#respond\"]}]},{\"@type\":\"WebPage\",\"@id\":\"https:\/\/viniciojarquin.com\/blog\/cuando-el-ruido-intenta-reemplazar-a-la-republica\/\",\"url\":\"https:\/\/viniciojarquin.com\/blog\/cuando-el-ruido-intenta-reemplazar-a-la-republica\/\",\"name\":\"Cuando el ruido intenta reemplazar a la Rep\u00fablica - MI BLOG\",\"isPartOf\":{\"@id\":\"https:\/\/viniciojarquin.com\/blog\/#website\"},\"primaryImageOfPage\":{\"@id\":\"https:\/\/viniciojarquin.com\/blog\/cuando-el-ruido-intenta-reemplazar-a-la-republica\/#primaryimage\"},\"image\":{\"@id\":\"https:\/\/viniciojarquin.com\/blog\/cuando-el-ruido-intenta-reemplazar-a-la-republica\/#primaryimage\"},\"thumbnailUrl\":\"https:\/\/viniciojarquin.com\/blog\/wp-content\/uploads\/2026\/03\/Cuadno-el-ruido.jpg\",\"datePublished\":\"2026-03-09T06:12:59+00:00\",\"dateModified\":\"2026-03-10T06:35:11+00:00\",\"breadcrumb\":{\"@id\":\"https:\/\/viniciojarquin.com\/blog\/cuando-el-ruido-intenta-reemplazar-a-la-republica\/#breadcrumb\"},\"inLanguage\":\"es\",\"potentialAction\":[{\"@type\":\"ReadAction\",\"target\":[\"https:\/\/viniciojarquin.com\/blog\/cuando-el-ruido-intenta-reemplazar-a-la-republica\/\"]}]},{\"@type\":\"ImageObject\",\"inLanguage\":\"es\",\"@id\":\"https:\/\/viniciojarquin.com\/blog\/cuando-el-ruido-intenta-reemplazar-a-la-republica\/#primaryimage\",\"url\":\"https:\/\/viniciojarquin.com\/blog\/wp-content\/uploads\/2026\/03\/Cuadno-el-ruido.jpg\",\"contentUrl\":\"https:\/\/viniciojarquin.com\/blog\/wp-content\/uploads\/2026\/03\/Cuadno-el-ruido.jpg\",\"width\":810,\"height\":540},{\"@type\":\"BreadcrumbList\",\"@id\":\"https:\/\/viniciojarquin.com\/blog\/cuando-el-ruido-intenta-reemplazar-a-la-republica\/#breadcrumb\",\"itemListElement\":[{\"@type\":\"ListItem\",\"position\":1,\"name\":\"Portada\",\"item\":\"https:\/\/viniciojarquin.com\/blog\/\"},{\"@type\":\"ListItem\",\"position\":2,\"name\":\"Cuando el ruido intenta reemplazar a la Rep\u00fablica\"}]},{\"@type\":\"WebSite\",\"@id\":\"https:\/\/viniciojarquin.com\/blog\/#website\",\"url\":\"https:\/\/viniciojarquin.com\/blog\/\",\"name\":\"Vinicio Jarqu\u00edn BLOG\",\"description\":\"\",\"publisher\":{\"@id\":\"https:\/\/viniciojarquin.com\/blog\/#\/schema\/person\/90100c8845ae55462ec0657d3d2f8d3b\"},\"potentialAction\":[{\"@type\":\"SearchAction\",\"target\":{\"@type\":\"EntryPoint\",\"urlTemplate\":\"https:\/\/viniciojarquin.com\/blog\/?s={search_term_string}\"},\"query-input\":{\"@type\":\"PropertyValueSpecification\",\"valueRequired\":true,\"valueName\":\"search_term_string\"}}],\"inLanguage\":\"es\"},{\"@type\":[\"Person\",\"Organization\"],\"@id\":\"https:\/\/viniciojarquin.com\/blog\/#\/schema\/person\/90100c8845ae55462ec0657d3d2f8d3b\",\"name\":\"Vinicio Jarqu\u00edn\",\"image\":{\"@type\":\"ImageObject\",\"inLanguage\":\"es\",\"@id\":\"https:\/\/viniciojarquin.com\/blog\/#\/schema\/person\/image\/\",\"url\":\"https:\/\/viniciojarquin.com\/blog\/wp-content\/uploads\/2024\/10\/Logo-VinicioJarquin-original-400.png\",\"contentUrl\":\"https:\/\/viniciojarquin.com\/blog\/wp-content\/uploads\/2024\/10\/Logo-VinicioJarquin-original-400.png\",\"width\":400,\"height\":130,\"caption\":\"Vinicio Jarqu\u00edn\"},\"logo\":{\"@id\":\"https:\/\/viniciojarquin.com\/blog\/#\/schema\/person\/image\/\"},\"description\":\"Empresario textil, artista pl\u00e1stico, escritor, coach de vida y fot\u00f3grafo.\",\"sameAs\":[\"https:\/\/viniciojarquin.com\/blog\",\"https:\/\/www.facebook.com\/vinicio.jarquin\",\"https:\/\/www.instagram.com\/vinicio_jarquin\/\",\"https:\/\/www.pinterest.com\/vinnyjc\/\",\"https:\/\/www.youtube.com\/@VinicioJarquin\"],\"url\":\"https:\/\/viniciojarquin.com\/blog\/author\/admin_s02au25i\/\"}]}<\/script>\n<!-- \/ Yoast SEO plugin. -->","yoast_head_json":{"title":"Cuando el ruido intenta reemplazar a la Rep\u00fablica - MI BLOG","robots":{"index":"index","follow":"follow","max-snippet":"max-snippet:-1","max-image-preview":"max-image-preview:large","max-video-preview":"max-video-preview:-1"},"canonical":"https:\/\/viniciojarquin.com\/blog\/cuando-el-ruido-intenta-reemplazar-a-la-republica\/","og_locale":"es_ES","og_type":"article","og_title":"Cuando el ruido intenta reemplazar a la Rep\u00fablica - MI BLOG","og_description":"Triste ver c\u00f3mo algunos costarricenses comienzan a inclinarse hacia el discurso vulgar, hacia la descalificaci\u00f3n f\u00e1cil, hacia ese tono agresivo [&hellip;]","og_url":"https:\/\/viniciojarquin.com\/blog\/cuando-el-ruido-intenta-reemplazar-a-la-republica\/","og_site_name":"MI BLOG","article_publisher":"https:\/\/www.facebook.com\/vinicio.jarquin","article_author":"https:\/\/www.facebook.com\/vinicio.jarquin","article_published_time":"2026-03-09T06:12:59+00:00","article_modified_time":"2026-03-10T06:35:11+00:00","og_image":[{"width":810,"height":540,"url":"https:\/\/viniciojarquin.com\/blog\/wp-content\/uploads\/2026\/03\/Cuadno-el-ruido.jpg","type":"image\/jpeg"}],"author":"Vinicio Jarqu\u00edn","twitter_card":"summary_large_image","twitter_misc":{"Escrito por":"Vinicio Jarqu\u00edn","Tiempo de lectura":"4 minutos"},"schema":{"@context":"https:\/\/schema.org","@graph":[{"@type":"Article","@id":"https:\/\/viniciojarquin.com\/blog\/cuando-el-ruido-intenta-reemplazar-a-la-republica\/#article","isPartOf":{"@id":"https:\/\/viniciojarquin.com\/blog\/cuando-el-ruido-intenta-reemplazar-a-la-republica\/"},"author":{"name":"Vinicio Jarqu\u00edn","@id":"https:\/\/viniciojarquin.com\/blog\/#\/schema\/person\/90100c8845ae55462ec0657d3d2f8d3b"},"headline":"Cuando el ruido intenta reemplazar a la Rep\u00fablica","datePublished":"2026-03-09T06:12:59+00:00","dateModified":"2026-03-10T06:35:11+00:00","mainEntityOfPage":{"@id":"https:\/\/viniciojarquin.com\/blog\/cuando-el-ruido-intenta-reemplazar-a-la-republica\/"},"wordCount":826,"commentCount":0,"publisher":{"@id":"https:\/\/viniciojarquin.com\/blog\/#\/schema\/person\/90100c8845ae55462ec0657d3d2f8d3b"},"image":{"@id":"https:\/\/viniciojarquin.com\/blog\/cuando-el-ruido-intenta-reemplazar-a-la-republica\/#primaryimage"},"thumbnailUrl":"https:\/\/viniciojarquin.com\/blog\/wp-content\/uploads\/2026\/03\/Cuadno-el-ruido.jpg","articleSection":["Pol\u00edtica varios"],"inLanguage":"es","potentialAction":[{"@type":"CommentAction","name":"Comment","target":["https:\/\/viniciojarquin.com\/blog\/cuando-el-ruido-intenta-reemplazar-a-la-republica\/#respond"]}]},{"@type":"WebPage","@id":"https:\/\/viniciojarquin.com\/blog\/cuando-el-ruido-intenta-reemplazar-a-la-republica\/","url":"https:\/\/viniciojarquin.com\/blog\/cuando-el-ruido-intenta-reemplazar-a-la-republica\/","name":"Cuando el ruido intenta reemplazar a la Rep\u00fablica - MI BLOG","isPartOf":{"@id":"https:\/\/viniciojarquin.com\/blog\/#website"},"primaryImageOfPage":{"@id":"https:\/\/viniciojarquin.com\/blog\/cuando-el-ruido-intenta-reemplazar-a-la-republica\/#primaryimage"},"image":{"@id":"https:\/\/viniciojarquin.com\/blog\/cuando-el-ruido-intenta-reemplazar-a-la-republica\/#primaryimage"},"thumbnailUrl":"https:\/\/viniciojarquin.com\/blog\/wp-content\/uploads\/2026\/03\/Cuadno-el-ruido.jpg","datePublished":"2026-03-09T06:12:59+00:00","dateModified":"2026-03-10T06:35:11+00:00","breadcrumb":{"@id":"https:\/\/viniciojarquin.com\/blog\/cuando-el-ruido-intenta-reemplazar-a-la-republica\/#breadcrumb"},"inLanguage":"es","potentialAction":[{"@type":"ReadAction","target":["https:\/\/viniciojarquin.com\/blog\/cuando-el-ruido-intenta-reemplazar-a-la-republica\/"]}]},{"@type":"ImageObject","inLanguage":"es","@id":"https:\/\/viniciojarquin.com\/blog\/cuando-el-ruido-intenta-reemplazar-a-la-republica\/#primaryimage","url":"https:\/\/viniciojarquin.com\/blog\/wp-content\/uploads\/2026\/03\/Cuadno-el-ruido.jpg","contentUrl":"https:\/\/viniciojarquin.com\/blog\/wp-content\/uploads\/2026\/03\/Cuadno-el-ruido.jpg","width":810,"height":540},{"@type":"BreadcrumbList","@id":"https:\/\/viniciojarquin.com\/blog\/cuando-el-ruido-intenta-reemplazar-a-la-republica\/#breadcrumb","itemListElement":[{"@type":"ListItem","position":1,"name":"Portada","item":"https:\/\/viniciojarquin.com\/blog\/"},{"@type":"ListItem","position":2,"name":"Cuando el ruido intenta reemplazar a la Rep\u00fablica"}]},{"@type":"WebSite","@id":"https:\/\/viniciojarquin.com\/blog\/#website","url":"https:\/\/viniciojarquin.com\/blog\/","name":"Vinicio Jarqu\u00edn BLOG","description":"","publisher":{"@id":"https:\/\/viniciojarquin.com\/blog\/#\/schema\/person\/90100c8845ae55462ec0657d3d2f8d3b"},"potentialAction":[{"@type":"SearchAction","target":{"@type":"EntryPoint","urlTemplate":"https:\/\/viniciojarquin.com\/blog\/?s={search_term_string}"},"query-input":{"@type":"PropertyValueSpecification","valueRequired":true,"valueName":"search_term_string"}}],"inLanguage":"es"},{"@type":["Person","Organization"],"@id":"https:\/\/viniciojarquin.com\/blog\/#\/schema\/person\/90100c8845ae55462ec0657d3d2f8d3b","name":"Vinicio Jarqu\u00edn","image":{"@type":"ImageObject","inLanguage":"es","@id":"https:\/\/viniciojarquin.com\/blog\/#\/schema\/person\/image\/","url":"https:\/\/viniciojarquin.com\/blog\/wp-content\/uploads\/2024\/10\/Logo-VinicioJarquin-original-400.png","contentUrl":"https:\/\/viniciojarquin.com\/blog\/wp-content\/uploads\/2024\/10\/Logo-VinicioJarquin-original-400.png","width":400,"height":130,"caption":"Vinicio Jarqu\u00edn"},"logo":{"@id":"https:\/\/viniciojarquin.com\/blog\/#\/schema\/person\/image\/"},"description":"Empresario textil, artista pl\u00e1stico, escritor, coach de vida y fot\u00f3grafo.","sameAs":["https:\/\/viniciojarquin.com\/blog","https:\/\/www.facebook.com\/vinicio.jarquin","https:\/\/www.instagram.com\/vinicio_jarquin\/","https:\/\/www.pinterest.com\/vinnyjc\/","https:\/\/www.youtube.com\/@VinicioJarquin"],"url":"https:\/\/viniciojarquin.com\/blog\/author\/admin_s02au25i\/"}]}},"blog_post_layout_featured_media_urls":{"thumbnail":["https:\/\/viniciojarquin.com\/blog\/wp-content\/uploads\/2026\/03\/Cuadno-el-ruido-150x150.jpg",150,150,true],"full":["https:\/\/viniciojarquin.com\/blog\/wp-content\/uploads\/2026\/03\/Cuadno-el-ruido.jpg",810,540,false]},"categories_names":{"12":{"name":"Pol\u00edtica varios","link":"https:\/\/viniciojarquin.com\/blog\/category\/politica-o-gobierno\/"}},"tags_names":[],"comments_number":"0","_links":{"self":[{"href":"https:\/\/viniciojarquin.com\/blog\/wp-json\/wp\/v2\/posts\/2953","targetHints":{"allow":["GET"]}}],"collection":[{"href":"https:\/\/viniciojarquin.com\/blog\/wp-json\/wp\/v2\/posts"}],"about":[{"href":"https:\/\/viniciojarquin.com\/blog\/wp-json\/wp\/v2\/types\/post"}],"author":[{"embeddable":true,"href":"https:\/\/viniciojarquin.com\/blog\/wp-json\/wp\/v2\/users\/1"}],"replies":[{"embeddable":true,"href":"https:\/\/viniciojarquin.com\/blog\/wp-json\/wp\/v2\/comments?post=2953"}],"version-history":[{"count":2,"href":"https:\/\/viniciojarquin.com\/blog\/wp-json\/wp\/v2\/posts\/2953\/revisions"}],"predecessor-version":[{"id":2966,"href":"https:\/\/viniciojarquin.com\/blog\/wp-json\/wp\/v2\/posts\/2953\/revisions\/2966"}],"wp:featuredmedia":[{"embeddable":true,"href":"https:\/\/viniciojarquin.com\/blog\/wp-json\/wp\/v2\/media\/2965"}],"wp:attachment":[{"href":"https:\/\/viniciojarquin.com\/blog\/wp-json\/wp\/v2\/media?parent=2953"}],"wp:term":[{"taxonomy":"category","embeddable":true,"href":"https:\/\/viniciojarquin.com\/blog\/wp-json\/wp\/v2\/categories?post=2953"},{"taxonomy":"post_tag","embeddable":true,"href":"https:\/\/viniciojarquin.com\/blog\/wp-json\/wp\/v2\/tags?post=2953"}],"curies":[{"name":"wp","href":"https:\/\/api.w.org\/{rel}","templated":true}]}}