{"id":2955,"date":"2026-03-09T06:23:18","date_gmt":"2026-03-09T06:23:18","guid":{"rendered":"https:\/\/viniciojarquin.com\/blog\/?p=2955"},"modified":"2026-03-10T06:35:08","modified_gmt":"2026-03-10T06:35:08","slug":"posicion-del-movimiento-apacigua-ante-el-nuevo-gobierno","status":"publish","type":"post","link":"https:\/\/viniciojarquin.com\/blog\/posicion-del-movimiento-apacigua-ante-el-nuevo-gobierno\/","title":{"rendered":"Posici\u00f3n del movimiento Apacigua ante el nuevo gobierno"},"content":{"rendered":"\n<p>Queridos seguidores, amigos y costarricenses en general:<\/p>\n\n\n\n<p>Recientemente escrib\u00ed un texto dando mi apoyo a do\u00f1a Laura Fern\u00e1ndez Delgado a ra\u00edz de una noticia que circula sobre una aparente buena negociaci\u00f3n con el Banco Centroamericano de Integraci\u00f3n Econ\u00f3mica, que seg\u00fan se informa podr\u00eda representar una rebaja importante en los intereses de un financiamiento. Como ciudadano, y como alguien que observa la vida p\u00fablica con atenci\u00f3n, decid\u00ed asumir que la noticia es cierta mientras no se demuestre lo contrario. Y si lo es, corresponde reconocer que se trata de algo positivo para el pa\u00eds. De la misma manera, desde&nbsp;<strong>Apacigua Radio<\/strong>&nbsp;tambi\u00e9n se emiten mensajes de apoyo y buenos deseos para que Costa Rica tenga una buena administraci\u00f3n durante los pr\u00f3ximos cuatro a\u00f1os. Porque, m\u00e1s all\u00e1 de las posiciones pol\u00edticas que cada quien haya tenido durante el proceso electoral, lo cierto es que todos vivimos en el mismo pa\u00eds, todos dependemos del rumbo que tome Costa Rica y todos queremos, en el fondo, que las cosas salgan bien.<\/p>\n\n\n\n<p>Quiero aclarar mi posici\u00f3n, aunque probablemente no ser\u00eda necesario, porque el movimiento&nbsp;<strong>Apacigua tu ser interior<\/strong>, desde su propio nombre, habla por s\u00ed mismo. No vot\u00e9 por el continuismo y, en el uso pleno de mi derecho como costarricense, expres\u00e9 mis ideas y trat\u00e9 de que el resultado electoral fuera distinto. Eso forma parte de la democracia y del derecho que cada ciudadano tiene de participar, opinar y tratar de influir en el rumbo del pa\u00eds. Sin embargo, una vez que el proceso electoral termina y el pa\u00eds ha tomado una decisi\u00f3n, la responsabilidad c\u00edvica tambi\u00e9n cambia de tono. En ese momento, m\u00e1s all\u00e1 de nuestras preferencias personales, lo \u00fanico que queda es desearle lo mejor al gobierno que asumir\u00e1 la conducci\u00f3n del pa\u00eds. No porque uno haya cambiado de opini\u00f3n, sino porque el bienestar de Costa Rica est\u00e1 por encima de cualquier preferencia electoral individual.<\/p>\n\n\n\n<p>Durante los pr\u00f3ximos cuatro a\u00f1os no creo llegar a trabajar con el gobierno, y si alguna vez llegara a ocurrir algo en ese sentido lo informar\u00eda con total transparencia, como siempre lo he hecho. Pero independientemente de eso, como costarricense tengo que desearles lo mejor para nuestro bien com\u00fan. Eso no significa que renuncie a ser cr\u00edtico cuando algo no me parezca correcto. Significa, simplemente, que mi cr\u00edtica seguir\u00e1 teniendo el mismo enfoque que he tratado de mantener hasta ahora: una cr\u00edtica desde el respeto, desde el an\u00e1lisis y desde la b\u00fasqueda de algo mejor para el pa\u00eds. Mi pluma seguir\u00e1 activa cuando considere que hay asuntos que deben se\u00f1alarse, pero siempre procurando mantener un tono que no alimente el odio ni el enfrentamiento innecesario.<\/p>\n\n\n\n<p>Porque apaciguar \u2014o vivir apaciguado\u2014 no significa aceptar todo ni bajar la cabeza. No significa renunciar a pensar ni dejar de se\u00f1alar aquello que uno considera equivocado. Apaciguar es otra cosa. Es un tono al hablar. Es una forma de enfrentar las diferencias sin caer en la agresi\u00f3n permanente. Es mantener la calma incluso cuando el entorno se llena de ruido. Es recordar que la firmeza no necesita gritos y que la cr\u00edtica no necesita insultos.<\/p>\n\n\n\n<p>Para m\u00ed, apaciguar tambi\u00e9n significa mantenerme en paz, pase lo que pase. Significa entender que aquello que puede cambiarse requiere nuestro esfuerzo, nuestra participaci\u00f3n y nuestra voz. Pero tambi\u00e9n significa aceptar que hay cosas que no dependen de nosotros y que, cuando eso ocurre, lo que corresponde no es vivir en una pelea permanente, sino buscar rutas alternas, construir desde otros espacios y seguir aportando desde donde s\u00ed podemos hacerlo.<\/p>\n\n\n\n<p>Ese ha sido el esp\u00edritu del movimiento&nbsp;<strong>Apacigua tu ser interior<\/strong>, y ese seguir\u00e1 siendo el esp\u00edritu que gu\u00ede mis palabras, mis art\u00edculos y mis acciones durante los pr\u00f3ximos a\u00f1os. Porque al final, m\u00e1s all\u00e1 de los gobiernos que pasan y de los ciclos pol\u00edticos que cambian, el pa\u00eds sigue siendo de todos. Y Costa Rica siempre valdr\u00e1 la pena cuidarla con serenidad.<\/p>\n\n\n\n<p><\/p>\n\n\n\n<figure class=\"wp-block-image size-full\"><img decoding=\"async\" width=\"810\" height=\"540\" data-src=\"https:\/\/viniciojarquin.com\/blog\/wp-content\/uploads\/2026\/03\/Posicion-del-movimiento.jpg\" alt=\"\" class=\"wp-image-2963 lazyload\" data-srcset=\"https:\/\/viniciojarquin.com\/blog\/wp-content\/uploads\/2026\/03\/Posicion-del-movimiento.jpg 810w, https:\/\/viniciojarquin.com\/blog\/wp-content\/uploads\/2026\/03\/Posicion-del-movimiento-300x200.jpg 300w, https:\/\/viniciojarquin.com\/blog\/wp-content\/uploads\/2026\/03\/Posicion-del-movimiento-768x512.jpg 768w\" data-sizes=\"(max-width: 810px) 100vw, 810px\" src=\"data:image\/svg+xml;base64,PHN2ZyB3aWR0aD0iMSIgaGVpZ2h0PSIxIiB4bWxucz0iaHR0cDovL3d3dy53My5vcmcvMjAwMC9zdmciPjwvc3ZnPg==\" style=\"--smush-placeholder-width: 810px; --smush-placeholder-aspect-ratio: 810\/540;\" \/><\/figure>\n","protected":false},"excerpt":{"rendered":"<p>Queridos seguidores, amigos y costarricenses en general: Recientemente escrib\u00ed un texto dando mi apoyo a do\u00f1a Laura Fern\u00e1ndez Delgado a [&hellip;]<\/p>\n","protected":false},"author":1,"featured_media":2963,"comment_status":"open","ping_status":"open","sticky":false,"template":"","format":"standard","meta":{"site-sidebar-layout":"default","site-content-layout":"","ast-site-content-layout":"","site-content-style":"default","site-sidebar-style":"default","ast-global-header-display":"","ast-banner-title-visibility":"","ast-main-header-display":"","ast-hfb-above-header-display":"","ast-hfb-below-header-display":"","ast-hfb-mobile-header-display":"","site-post-title":"","ast-breadcrumbs-content":"","ast-featured-img":"","footer-sml-layout":"","theme-transparent-header-meta":"","adv-header-id-meta":"","stick-header-meta":"","header-above-stick-meta":"","header-main-stick-meta":"","header-below-stick-meta":"","astra-migrate-meta-layouts":"default","ast-page-background-enabled":"default","ast-page-background-meta":{"desktop":{"background-color":"var(--ast-global-color-5)","background-image":"","background-repeat":"repeat","background-position":"center center","background-size":"auto","background-attachment":"scroll","background-type":"","background-media":"","overlay-type":"","overlay-color":"","overlay-opacity":"","overlay-gradient":""},"tablet":{"background-color":"","background-image":"","background-repeat":"repeat","background-position":"center center","background-size":"auto","background-attachment":"scroll","background-type":"","background-media":"","overlay-type":"","overlay-color":"","overlay-opacity":"","overlay-gradient":""},"mobile":{"background-color":"","background-image":"","background-repeat":"repeat","background-position":"center center","background-size":"auto","background-attachment":"scroll","background-type":"","background-media":"","overlay-type":"","overlay-color":"","overlay-opacity":"","overlay-gradient":""}},"ast-content-background-meta":{"desktop":{"background-color":"var(--ast-global-color-4)","background-image":"","background-repeat":"repeat","background-position":"center center","background-size":"auto","background-attachment":"scroll","background-type":"","background-media":"","overlay-type":"","overlay-color":"","overlay-opacity":"","overlay-gradient":""},"tablet":{"background-color":"var(--ast-global-color-4)","background-image":"","background-repeat":"repeat","background-position":"center center","background-size":"auto","background-attachment":"scroll","background-type":"","background-media":"","overlay-type":"","overlay-color":"","overlay-opacity":"","overlay-gradient":""},"mobile":{"background-color":"var(--ast-global-color-4)","background-image":"","background-repeat":"repeat","background-position":"center center","background-size":"auto","background-attachment":"scroll","background-type":"","background-media":"","overlay-type":"","overlay-color":"","overlay-opacity":"","overlay-gradient":""}},"footnotes":""},"categories":[12],"tags":[],"class_list":["post-2955","post","type-post","status-publish","format-standard","has-post-thumbnail","hentry","category-politica-o-gobierno"],"yoast_head":"<!-- This site is optimized with the Yoast SEO plugin v26.0 - https:\/\/yoast.com\/wordpress\/plugins\/seo\/ -->\n<title>Posici\u00f3n del movimiento Apacigua ante el nuevo gobierno - MI BLOG<\/title>\n<meta name=\"robots\" content=\"index, follow, max-snippet:-1, max-image-preview:large, max-video-preview:-1\" \/>\n<link rel=\"canonical\" href=\"https:\/\/viniciojarquin.com\/blog\/posicion-del-movimiento-apacigua-ante-el-nuevo-gobierno\/\" \/>\n<meta property=\"og:locale\" content=\"es_ES\" \/>\n<meta property=\"og:type\" content=\"article\" \/>\n<meta property=\"og:title\" content=\"Posici\u00f3n del movimiento Apacigua ante el nuevo gobierno - MI BLOG\" \/>\n<meta property=\"og:description\" content=\"Queridos seguidores, amigos y costarricenses en general: Recientemente escrib\u00ed un texto dando mi apoyo a do\u00f1a Laura Fern\u00e1ndez Delgado a [&hellip;]\" \/>\n<meta property=\"og:url\" content=\"https:\/\/viniciojarquin.com\/blog\/posicion-del-movimiento-apacigua-ante-el-nuevo-gobierno\/\" \/>\n<meta property=\"og:site_name\" content=\"MI BLOG\" \/>\n<meta property=\"article:publisher\" content=\"https:\/\/www.facebook.com\/vinicio.jarquin\" \/>\n<meta property=\"article:author\" content=\"https:\/\/www.facebook.com\/vinicio.jarquin\" \/>\n<meta property=\"article:published_time\" content=\"2026-03-09T06:23:18+00:00\" \/>\n<meta property=\"article:modified_time\" content=\"2026-03-10T06:35:08+00:00\" \/>\n<meta property=\"og:image\" content=\"https:\/\/viniciojarquin.com\/blog\/wp-content\/uploads\/2026\/03\/Posicion-del-movimiento.jpg\" \/>\n\t<meta property=\"og:image:width\" content=\"810\" \/>\n\t<meta property=\"og:image:height\" content=\"540\" \/>\n\t<meta property=\"og:image:type\" content=\"image\/jpeg\" \/>\n<meta name=\"author\" content=\"Vinicio Jarqu\u00edn\" \/>\n<meta name=\"twitter:card\" content=\"summary_large_image\" \/>\n<meta name=\"twitter:label1\" content=\"Escrito por\" \/>\n\t<meta name=\"twitter:data1\" content=\"Vinicio Jarqu\u00edn\" \/>\n\t<meta name=\"twitter:label2\" content=\"Tiempo de lectura\" \/>\n\t<meta name=\"twitter:data2\" content=\"4 minutos\" \/>\n<script type=\"application\/ld+json\" class=\"yoast-schema-graph\">{\"@context\":\"https:\/\/schema.org\",\"@graph\":[{\"@type\":\"Article\",\"@id\":\"https:\/\/viniciojarquin.com\/blog\/posicion-del-movimiento-apacigua-ante-el-nuevo-gobierno\/#article\",\"isPartOf\":{\"@id\":\"https:\/\/viniciojarquin.com\/blog\/posicion-del-movimiento-apacigua-ante-el-nuevo-gobierno\/\"},\"author\":{\"name\":\"Vinicio Jarqu\u00edn\",\"@id\":\"https:\/\/viniciojarquin.com\/blog\/#\/schema\/person\/90100c8845ae55462ec0657d3d2f8d3b\"},\"headline\":\"Posici\u00f3n del movimiento Apacigua ante el nuevo gobierno\",\"datePublished\":\"2026-03-09T06:23:18+00:00\",\"dateModified\":\"2026-03-10T06:35:08+00:00\",\"mainEntityOfPage\":{\"@id\":\"https:\/\/viniciojarquin.com\/blog\/posicion-del-movimiento-apacigua-ante-el-nuevo-gobierno\/\"},\"wordCount\":715,\"commentCount\":0,\"publisher\":{\"@id\":\"https:\/\/viniciojarquin.com\/blog\/#\/schema\/person\/90100c8845ae55462ec0657d3d2f8d3b\"},\"image\":{\"@id\":\"https:\/\/viniciojarquin.com\/blog\/posicion-del-movimiento-apacigua-ante-el-nuevo-gobierno\/#primaryimage\"},\"thumbnailUrl\":\"https:\/\/viniciojarquin.com\/blog\/wp-content\/uploads\/2026\/03\/Posicion-del-movimiento.jpg\",\"articleSection\":[\"Pol\u00edtica varios\"],\"inLanguage\":\"es\",\"potentialAction\":[{\"@type\":\"CommentAction\",\"name\":\"Comment\",\"target\":[\"https:\/\/viniciojarquin.com\/blog\/posicion-del-movimiento-apacigua-ante-el-nuevo-gobierno\/#respond\"]}]},{\"@type\":\"WebPage\",\"@id\":\"https:\/\/viniciojarquin.com\/blog\/posicion-del-movimiento-apacigua-ante-el-nuevo-gobierno\/\",\"url\":\"https:\/\/viniciojarquin.com\/blog\/posicion-del-movimiento-apacigua-ante-el-nuevo-gobierno\/\",\"name\":\"Posici\u00f3n del movimiento Apacigua ante el nuevo gobierno - MI BLOG\",\"isPartOf\":{\"@id\":\"https:\/\/viniciojarquin.com\/blog\/#website\"},\"primaryImageOfPage\":{\"@id\":\"https:\/\/viniciojarquin.com\/blog\/posicion-del-movimiento-apacigua-ante-el-nuevo-gobierno\/#primaryimage\"},\"image\":{\"@id\":\"https:\/\/viniciojarquin.com\/blog\/posicion-del-movimiento-apacigua-ante-el-nuevo-gobierno\/#primaryimage\"},\"thumbnailUrl\":\"https:\/\/viniciojarquin.com\/blog\/wp-content\/uploads\/2026\/03\/Posicion-del-movimiento.jpg\",\"datePublished\":\"2026-03-09T06:23:18+00:00\",\"dateModified\":\"2026-03-10T06:35:08+00:00\",\"breadcrumb\":{\"@id\":\"https:\/\/viniciojarquin.com\/blog\/posicion-del-movimiento-apacigua-ante-el-nuevo-gobierno\/#breadcrumb\"},\"inLanguage\":\"es\",\"potentialAction\":[{\"@type\":\"ReadAction\",\"target\":[\"https:\/\/viniciojarquin.com\/blog\/posicion-del-movimiento-apacigua-ante-el-nuevo-gobierno\/\"]}]},{\"@type\":\"ImageObject\",\"inLanguage\":\"es\",\"@id\":\"https:\/\/viniciojarquin.com\/blog\/posicion-del-movimiento-apacigua-ante-el-nuevo-gobierno\/#primaryimage\",\"url\":\"https:\/\/viniciojarquin.com\/blog\/wp-content\/uploads\/2026\/03\/Posicion-del-movimiento.jpg\",\"contentUrl\":\"https:\/\/viniciojarquin.com\/blog\/wp-content\/uploads\/2026\/03\/Posicion-del-movimiento.jpg\",\"width\":810,\"height\":540},{\"@type\":\"BreadcrumbList\",\"@id\":\"https:\/\/viniciojarquin.com\/blog\/posicion-del-movimiento-apacigua-ante-el-nuevo-gobierno\/#breadcrumb\",\"itemListElement\":[{\"@type\":\"ListItem\",\"position\":1,\"name\":\"Portada\",\"item\":\"https:\/\/viniciojarquin.com\/blog\/\"},{\"@type\":\"ListItem\",\"position\":2,\"name\":\"Posici\u00f3n del movimiento Apacigua ante el nuevo gobierno\"}]},{\"@type\":\"WebSite\",\"@id\":\"https:\/\/viniciojarquin.com\/blog\/#website\",\"url\":\"https:\/\/viniciojarquin.com\/blog\/\",\"name\":\"Vinicio Jarqu\u00edn BLOG\",\"description\":\"\",\"publisher\":{\"@id\":\"https:\/\/viniciojarquin.com\/blog\/#\/schema\/person\/90100c8845ae55462ec0657d3d2f8d3b\"},\"potentialAction\":[{\"@type\":\"SearchAction\",\"target\":{\"@type\":\"EntryPoint\",\"urlTemplate\":\"https:\/\/viniciojarquin.com\/blog\/?s={search_term_string}\"},\"query-input\":{\"@type\":\"PropertyValueSpecification\",\"valueRequired\":true,\"valueName\":\"search_term_string\"}}],\"inLanguage\":\"es\"},{\"@type\":[\"Person\",\"Organization\"],\"@id\":\"https:\/\/viniciojarquin.com\/blog\/#\/schema\/person\/90100c8845ae55462ec0657d3d2f8d3b\",\"name\":\"Vinicio Jarqu\u00edn\",\"image\":{\"@type\":\"ImageObject\",\"inLanguage\":\"es\",\"@id\":\"https:\/\/viniciojarquin.com\/blog\/#\/schema\/person\/image\/\",\"url\":\"https:\/\/viniciojarquin.com\/blog\/wp-content\/uploads\/2024\/10\/Logo-VinicioJarquin-original-400.png\",\"contentUrl\":\"https:\/\/viniciojarquin.com\/blog\/wp-content\/uploads\/2024\/10\/Logo-VinicioJarquin-original-400.png\",\"width\":400,\"height\":130,\"caption\":\"Vinicio Jarqu\u00edn\"},\"logo\":{\"@id\":\"https:\/\/viniciojarquin.com\/blog\/#\/schema\/person\/image\/\"},\"description\":\"Empresario textil, artista pl\u00e1stico, escritor, coach de vida y fot\u00f3grafo.\",\"sameAs\":[\"https:\/\/viniciojarquin.com\/blog\",\"https:\/\/www.facebook.com\/vinicio.jarquin\",\"https:\/\/www.instagram.com\/vinicio_jarquin\/\",\"https:\/\/www.pinterest.com\/vinnyjc\/\",\"https:\/\/www.youtube.com\/@VinicioJarquin\"],\"url\":\"https:\/\/viniciojarquin.com\/blog\/author\/admin_s02au25i\/\"}]}<\/script>\n<!-- \/ Yoast SEO plugin. -->","yoast_head_json":{"title":"Posici\u00f3n del movimiento Apacigua ante el nuevo gobierno - MI BLOG","robots":{"index":"index","follow":"follow","max-snippet":"max-snippet:-1","max-image-preview":"max-image-preview:large","max-video-preview":"max-video-preview:-1"},"canonical":"https:\/\/viniciojarquin.com\/blog\/posicion-del-movimiento-apacigua-ante-el-nuevo-gobierno\/","og_locale":"es_ES","og_type":"article","og_title":"Posici\u00f3n del movimiento Apacigua ante el nuevo gobierno - MI BLOG","og_description":"Queridos seguidores, amigos y costarricenses en general: Recientemente escrib\u00ed un texto dando mi apoyo a do\u00f1a Laura Fern\u00e1ndez Delgado a [&hellip;]","og_url":"https:\/\/viniciojarquin.com\/blog\/posicion-del-movimiento-apacigua-ante-el-nuevo-gobierno\/","og_site_name":"MI BLOG","article_publisher":"https:\/\/www.facebook.com\/vinicio.jarquin","article_author":"https:\/\/www.facebook.com\/vinicio.jarquin","article_published_time":"2026-03-09T06:23:18+00:00","article_modified_time":"2026-03-10T06:35:08+00:00","og_image":[{"width":810,"height":540,"url":"https:\/\/viniciojarquin.com\/blog\/wp-content\/uploads\/2026\/03\/Posicion-del-movimiento.jpg","type":"image\/jpeg"}],"author":"Vinicio Jarqu\u00edn","twitter_card":"summary_large_image","twitter_misc":{"Escrito por":"Vinicio Jarqu\u00edn","Tiempo de lectura":"4 minutos"},"schema":{"@context":"https:\/\/schema.org","@graph":[{"@type":"Article","@id":"https:\/\/viniciojarquin.com\/blog\/posicion-del-movimiento-apacigua-ante-el-nuevo-gobierno\/#article","isPartOf":{"@id":"https:\/\/viniciojarquin.com\/blog\/posicion-del-movimiento-apacigua-ante-el-nuevo-gobierno\/"},"author":{"name":"Vinicio Jarqu\u00edn","@id":"https:\/\/viniciojarquin.com\/blog\/#\/schema\/person\/90100c8845ae55462ec0657d3d2f8d3b"},"headline":"Posici\u00f3n del movimiento Apacigua ante el nuevo gobierno","datePublished":"2026-03-09T06:23:18+00:00","dateModified":"2026-03-10T06:35:08+00:00","mainEntityOfPage":{"@id":"https:\/\/viniciojarquin.com\/blog\/posicion-del-movimiento-apacigua-ante-el-nuevo-gobierno\/"},"wordCount":715,"commentCount":0,"publisher":{"@id":"https:\/\/viniciojarquin.com\/blog\/#\/schema\/person\/90100c8845ae55462ec0657d3d2f8d3b"},"image":{"@id":"https:\/\/viniciojarquin.com\/blog\/posicion-del-movimiento-apacigua-ante-el-nuevo-gobierno\/#primaryimage"},"thumbnailUrl":"https:\/\/viniciojarquin.com\/blog\/wp-content\/uploads\/2026\/03\/Posicion-del-movimiento.jpg","articleSection":["Pol\u00edtica varios"],"inLanguage":"es","potentialAction":[{"@type":"CommentAction","name":"Comment","target":["https:\/\/viniciojarquin.com\/blog\/posicion-del-movimiento-apacigua-ante-el-nuevo-gobierno\/#respond"]}]},{"@type":"WebPage","@id":"https:\/\/viniciojarquin.com\/blog\/posicion-del-movimiento-apacigua-ante-el-nuevo-gobierno\/","url":"https:\/\/viniciojarquin.com\/blog\/posicion-del-movimiento-apacigua-ante-el-nuevo-gobierno\/","name":"Posici\u00f3n del movimiento Apacigua ante el nuevo gobierno - MI BLOG","isPartOf":{"@id":"https:\/\/viniciojarquin.com\/blog\/#website"},"primaryImageOfPage":{"@id":"https:\/\/viniciojarquin.com\/blog\/posicion-del-movimiento-apacigua-ante-el-nuevo-gobierno\/#primaryimage"},"image":{"@id":"https:\/\/viniciojarquin.com\/blog\/posicion-del-movimiento-apacigua-ante-el-nuevo-gobierno\/#primaryimage"},"thumbnailUrl":"https:\/\/viniciojarquin.com\/blog\/wp-content\/uploads\/2026\/03\/Posicion-del-movimiento.jpg","datePublished":"2026-03-09T06:23:18+00:00","dateModified":"2026-03-10T06:35:08+00:00","breadcrumb":{"@id":"https:\/\/viniciojarquin.com\/blog\/posicion-del-movimiento-apacigua-ante-el-nuevo-gobierno\/#breadcrumb"},"inLanguage":"es","potentialAction":[{"@type":"ReadAction","target":["https:\/\/viniciojarquin.com\/blog\/posicion-del-movimiento-apacigua-ante-el-nuevo-gobierno\/"]}]},{"@type":"ImageObject","inLanguage":"es","@id":"https:\/\/viniciojarquin.com\/blog\/posicion-del-movimiento-apacigua-ante-el-nuevo-gobierno\/#primaryimage","url":"https:\/\/viniciojarquin.com\/blog\/wp-content\/uploads\/2026\/03\/Posicion-del-movimiento.jpg","contentUrl":"https:\/\/viniciojarquin.com\/blog\/wp-content\/uploads\/2026\/03\/Posicion-del-movimiento.jpg","width":810,"height":540},{"@type":"BreadcrumbList","@id":"https:\/\/viniciojarquin.com\/blog\/posicion-del-movimiento-apacigua-ante-el-nuevo-gobierno\/#breadcrumb","itemListElement":[{"@type":"ListItem","position":1,"name":"Portada","item":"https:\/\/viniciojarquin.com\/blog\/"},{"@type":"ListItem","position":2,"name":"Posici\u00f3n del movimiento Apacigua ante el nuevo gobierno"}]},{"@type":"WebSite","@id":"https:\/\/viniciojarquin.com\/blog\/#website","url":"https:\/\/viniciojarquin.com\/blog\/","name":"Vinicio Jarqu\u00edn BLOG","description":"","publisher":{"@id":"https:\/\/viniciojarquin.com\/blog\/#\/schema\/person\/90100c8845ae55462ec0657d3d2f8d3b"},"potentialAction":[{"@type":"SearchAction","target":{"@type":"EntryPoint","urlTemplate":"https:\/\/viniciojarquin.com\/blog\/?s={search_term_string}"},"query-input":{"@type":"PropertyValueSpecification","valueRequired":true,"valueName":"search_term_string"}}],"inLanguage":"es"},{"@type":["Person","Organization"],"@id":"https:\/\/viniciojarquin.com\/blog\/#\/schema\/person\/90100c8845ae55462ec0657d3d2f8d3b","name":"Vinicio Jarqu\u00edn","image":{"@type":"ImageObject","inLanguage":"es","@id":"https:\/\/viniciojarquin.com\/blog\/#\/schema\/person\/image\/","url":"https:\/\/viniciojarquin.com\/blog\/wp-content\/uploads\/2024\/10\/Logo-VinicioJarquin-original-400.png","contentUrl":"https:\/\/viniciojarquin.com\/blog\/wp-content\/uploads\/2024\/10\/Logo-VinicioJarquin-original-400.png","width":400,"height":130,"caption":"Vinicio Jarqu\u00edn"},"logo":{"@id":"https:\/\/viniciojarquin.com\/blog\/#\/schema\/person\/image\/"},"description":"Empresario textil, artista pl\u00e1stico, escritor, coach de vida y fot\u00f3grafo.","sameAs":["https:\/\/viniciojarquin.com\/blog","https:\/\/www.facebook.com\/vinicio.jarquin","https:\/\/www.instagram.com\/vinicio_jarquin\/","https:\/\/www.pinterest.com\/vinnyjc\/","https:\/\/www.youtube.com\/@VinicioJarquin"],"url":"https:\/\/viniciojarquin.com\/blog\/author\/admin_s02au25i\/"}]}},"blog_post_layout_featured_media_urls":{"thumbnail":["https:\/\/viniciojarquin.com\/blog\/wp-content\/uploads\/2026\/03\/Posicion-del-movimiento-150x150.jpg",150,150,true],"full":["https:\/\/viniciojarquin.com\/blog\/wp-content\/uploads\/2026\/03\/Posicion-del-movimiento.jpg",810,540,false]},"categories_names":{"12":{"name":"Pol\u00edtica varios","link":"https:\/\/viniciojarquin.com\/blog\/category\/politica-o-gobierno\/"}},"tags_names":[],"comments_number":"0","_links":{"self":[{"href":"https:\/\/viniciojarquin.com\/blog\/wp-json\/wp\/v2\/posts\/2955","targetHints":{"allow":["GET"]}}],"collection":[{"href":"https:\/\/viniciojarquin.com\/blog\/wp-json\/wp\/v2\/posts"}],"about":[{"href":"https:\/\/viniciojarquin.com\/blog\/wp-json\/wp\/v2\/types\/post"}],"author":[{"embeddable":true,"href":"https:\/\/viniciojarquin.com\/blog\/wp-json\/wp\/v2\/users\/1"}],"replies":[{"embeddable":true,"href":"https:\/\/viniciojarquin.com\/blog\/wp-json\/wp\/v2\/comments?post=2955"}],"version-history":[{"count":2,"href":"https:\/\/viniciojarquin.com\/blog\/wp-json\/wp\/v2\/posts\/2955\/revisions"}],"predecessor-version":[{"id":2964,"href":"https:\/\/viniciojarquin.com\/blog\/wp-json\/wp\/v2\/posts\/2955\/revisions\/2964"}],"wp:featuredmedia":[{"embeddable":true,"href":"https:\/\/viniciojarquin.com\/blog\/wp-json\/wp\/v2\/media\/2963"}],"wp:attachment":[{"href":"https:\/\/viniciojarquin.com\/blog\/wp-json\/wp\/v2\/media?parent=2955"}],"wp:term":[{"taxonomy":"category","embeddable":true,"href":"https:\/\/viniciojarquin.com\/blog\/wp-json\/wp\/v2\/categories?post=2955"},{"taxonomy":"post_tag","embeddable":true,"href":"https:\/\/viniciojarquin.com\/blog\/wp-json\/wp\/v2\/tags?post=2955"}],"curies":[{"name":"wp","href":"https:\/\/api.w.org\/{rel}","templated":true}]}}