{"id":2977,"date":"2026-03-11T01:44:50","date_gmt":"2026-03-11T01:44:50","guid":{"rendered":"https:\/\/viniciojarquin.com\/blog\/?p=2977"},"modified":"2026-03-11T01:44:51","modified_gmt":"2026-03-11T01:44:51","slug":"caracter-forte-prologo","status":"publish","type":"post","link":"https:\/\/viniciojarquin.com\/blog\/caracter-forte-prologo\/","title":{"rendered":"Car\u00e1cter forte \u2013 Pr\u00f3logo"},"content":{"rendered":"\n<p>Introdu\u00e7\u00e3o \u00e0 ideia de for\u00e7a real vs. for\u00e7a aparente<\/p>\n\n\n\n<p><\/p>\n\n\n\n<p>Ao longo da nossa vida, ensinaram-nos que ser forte significa levantar a voz, impor-se sobre os outros e reagir com rapidez e agressividade. Desde pequenos fomos testemunhas de exemplos em que a for\u00e7a parece estar associada ao ru\u00eddo, ao dom\u00ednio e a uma presen\u00e7a que se imp\u00f5e sem deixar d\u00favidas. Disseram-nos que quem grita mais alto, quem imp\u00f5e a sua vontade, \u00e9 quem realmente tem poder. Mas ser\u00e1 essa, de facto, a ess\u00eancia da fortaleza?<\/p>\n\n\n\n<p>Na vida quotidiana, esta cren\u00e7a errada sobre a for\u00e7a reflete-se em muitas das intera\u00e7\u00f5es que temos com os outros. Imagina uma discuss\u00e3o, por exemplo. Duas pessoas enfrentam-se: uma com a voz elevada, gestos r\u00e1pidos e palavras carregadas de intensidade. A outra, por\u00e9m, mant\u00e9m-se calma, escuta com aten\u00e7\u00e3o e escolhe cuidadosamente as suas palavras. Visto de fora, quem grita parece ter mais controlo, mais poder. A tens\u00e3o da situa\u00e7\u00e3o quase se pode cortar com uma faca, e quem se mostra mais rude parece estar a ganhar terreno.<\/p>\n\n\n\n<p>Mas, se observarmos com mais aten\u00e7\u00e3o, veremos que o que realmente est\u00e1 a acontecer \u00e9 exatamente o contr\u00e1rio. O poder n\u00e3o reside na explos\u00e3o emocional, mas na capacidade de manter a compostura, de escolher como reagir, de dar um passo atr\u00e1s antes de responder impulsivamente. Quem grita est\u00e1 a mostrar vulnerabilidade, est\u00e1 a perder o controlo e, de certa forma, est\u00e1 a permitir que a sua pr\u00f3pria emocionalidade conduza os seus atos. A verdadeira fortaleza, pelo contr\u00e1rio, reside na capacidade de conter esses impulsos, de estar consciente das emo\u00e7\u00f5es e, em vez de se deixar arrastar por elas, responder a partir de um lugar de calma e reflex\u00e3o.<\/p>\n\n\n\n<p>Este \u00e9 apenas um dos muitos exemplos em que confundimos agressividade com for\u00e7a. A sociedade, desde muito cedo, ensinou-nos a associar o descontrolo emocional ao poder, \u00e0 fortaleza. Disseram-nos que quem grita, quem se imp\u00f5e, \u00e9 quem est\u00e1 \u201ca ganhar\u201d. Mas o que na realidade acontece \u00e9 que estamos a aprender a perder o controlo, a reagir sem pensar, a n\u00e3o reconhecer que aquilo que realmente torna uma pessoa forte n\u00e3o \u00e9 a for\u00e7a bruta, mas a for\u00e7a interior que lhe permite manter a estabilidade no meio do caos.<\/p>\n\n\n\n<p>Este conceito de \u201cfor\u00e7a aparente\u201d tornou-se t\u00e3o internalizado que o vemos como norma. E isso reflete-se nos meios de comunica\u00e7\u00e3o, nos l\u00edderes pol\u00edticos, nas figuras p\u00fablicas e no ambiente familiar. A ideia de que ser forte \u00e9 \u201cn\u00e3o se deixar pisar\u201d, \u201cn\u00e3o mostrar fraqueza\u201d, \u201cfalar mais alto para ser ouvido\u201d repetiu-se tantas vezes que se tornou quase um mandato cultural. No entanto, a verdadeira fortaleza n\u00e3o se encontra nessas manifesta\u00e7\u00f5es externas, mas em algo muito mais profundo e silencioso: a capacidade de se dominar a si pr\u00f3prio.<\/p>\n\n\n\n<p>A verdadeira fortaleza encontra-se na capacidade de responder conscientemente \u00e0s situa\u00e7\u00f5es, n\u00e3o em reagir impulsivamente. N\u00e3o \u00e9 a for\u00e7a da explos\u00e3o, mas a da paci\u00eancia, da sabedoria e da resili\u00eancia. \u00c9 saber quando falar e quando calar, quando agir e quando esperar. \u00c9 compreender que, embora n\u00e3o possamos controlar o que acontece \u00e0 nossa volta, podemos controlar a forma como reagimos a isso. \u00c9 aceitar que a calma n\u00e3o \u00e9 sinal de fraqueza, mas de poder genu\u00edno.<\/p>\n\n\n\n<p>Ao longo destas publica\u00e7\u00f5es, convido-te a questionar essa no\u00e7\u00e3o superficial de for\u00e7a, a desafiar aquilo que a sociedade te ensinou e a descobrir o que significa realmente ter um car\u00e1cter forte. Este \u00e9 um caminho de autoconhecimento, de compreens\u00e3o de que a verdadeira for\u00e7a est\u00e1 na consci\u00eancia, na autorregula\u00e7\u00e3o, na liga\u00e7\u00e3o consigo mesmo e com os outros. E, acima de tudo, na capacidade de escolher, todos os dias, como queremos viver a nossa vida: a partir da rea\u00e7\u00e3o ou da reflex\u00e3o consciente.<\/p>\n\n\n\n<p>Como a sociedade nos ensinou conceitos errados sobre o car\u00e1cter forte<\/p>\n\n\n\n<p>Desde pequenos, as frases que ouvimos diariamente d\u00e3o-nos uma ideia equivocada do que significa ser forte. \u201cQuem grita mais alto \u00e9 quem manda\u201d, \u201cSe n\u00e3o te defendes, passam por cima de ti\u201d, \u201cQuem n\u00e3o imp\u00f5e respeito \u00e9 pisado.\u201d Estas express\u00f5es, transmitidas de gera\u00e7\u00e3o em gera\u00e7\u00e3o, tornaram-se um conjunto de cren\u00e7as comuns que definem, consciente ou inconscientemente, aquilo que consideramos ser um \u201ccar\u00e1cter forte\u201d. Mas at\u00e9 que ponto estas afirma\u00e7\u00f5es s\u00e3o verdadeiras? Refletem realmente a ess\u00eancia do que significa ser forte?<\/p>\n\n\n\n<p>Estas frases, na sua forma mais simplificada, ensinam-nos a associar for\u00e7a ao ru\u00eddo, \u00e0 agress\u00e3o e ao dom\u00ednio. Dizem-nos que quem grita mais alto tem mais poder, que quem imp\u00f5e a sua vontade pela for\u00e7a ser\u00e1 respeitado, que quem n\u00e3o se defende com firmeza \u00e9 fraco e vulner\u00e1vel. Mas, se aprofundarmos estas ideias, veremos que a mensagem subjacente \u00e9 uma distor\u00e7\u00e3o do que realmente significa ter um car\u00e1cter forte. Ensinam-nos que ser forte \u00e9 dominar os outros, ter sempre o controlo em situa\u00e7\u00f5es dif\u00edceis e nunca mostrar fraqueza ou vulnerabilidade.<\/p>\n\n\n\n<p>Contudo, quando olhamos com uma perspetiva mais ampla, come\u00e7amos a perceber a desconex\u00e3o entre essas cren\u00e7as e a realidade do que significa possuir uma fortaleza interior aut\u00eantica. A vida n\u00e3o se trata de impor a nossa vontade sobre os outros, mas de aprender a navegar pelas emo\u00e7\u00f5es, pelos conflitos e pelas circunst\u00e2ncias com um sentido de controlo e de autocompreens\u00e3o. O car\u00e1cter forte n\u00e3o se define pelo volume da nossa voz, mas pela capacidade de manter a nossa paz interior perante a adversidade.<\/p>\n\n\n\n<p>Ao longo da hist\u00f3ria, fomos testemunhas de figuras p\u00fablicas que parecem representar a for\u00e7a. L\u00edderes que gritam, que batem na mesa para serem ouvidos, empres\u00e1rios que imp\u00f5em a sua vontade sem considera\u00e7\u00e3o pelos outros, pol\u00edticos que utilizam a agressividade como ferramenta de intimida\u00e7\u00e3o. Esses exemplos, embora vis\u00edveis e poderosos, apresentam-nos uma vis\u00e3o distorcida do que realmente significa ser forte.<\/p>\n\n\n\n<p>Tomemos, por exemplo, alguns personagens hist\u00f3ricos considerados exemplos de \u201cfor\u00e7a\u201d. Figuras como Napole\u00e3o Bonaparte, ou certos l\u00edderes militares, foram aclamadas pela sua capacidade de controlar as massas, pelo dom\u00ednio sobre os outros e pela firmeza nas decis\u00f5es. No entanto, se examinarmos as suas vidas com mais profundidade, descobrimos que o seu poder nem sempre se baseava no autocontrolo ou numa verdadeira fortaleza emocional. Muitas vezes, a sua for\u00e7a vinha da imposi\u00e7\u00e3o externa, do uso da viol\u00eancia ou do medo para obter o que queriam. E embora, sem d\u00favida, tenham tido impacto na hist\u00f3ria, vemos que esse tipo de \u201cfor\u00e7a\u201d era apenas superficial e, em muitos casos, destrutivo.<\/p>\n\n\n\n<p>Napole\u00e3o, por exemplo, \u00e9 conhecido n\u00e3o s\u00f3 pelo seu g\u00e9nio estrat\u00e9gico, mas tamb\u00e9m pelo seu temperamento vol\u00e1til, pelo desejo de controlo absoluto e pela sua atitude autorit\u00e1ria. Apesar de ser uma das figuras mais poderosas do seu tempo, a sua vida foi marcada por conflitos internos, inseguran\u00e7as e uma necessidade constante de impor a sua vontade sobre os outros. Em vez de um poder interior baseado na autocompreens\u00e3o e no autocontrolo, a sua for\u00e7a manifestava-se atrav\u00e9s da agress\u00e3o e da conquista. O mesmo acontece com muitos outros l\u00edderes hist\u00f3ricos que, embora considerados poderosos na sua \u00e9poca, nos ensinaram a associar \u201cfor\u00e7a\u201d ao dom\u00ednio, \u00e0 agressividade e \u00e0 implacabilidade, em vez de \u00e0 paz interior, \u00e0 empatia e ao controlo emocional.<\/p>\n\n\n\n<p>Ainda hoje esta perce\u00e7\u00e3o errada continua presente. No plano pessoal, vemos que muitas pessoas tendem a considerar \u201cfortes\u201d aqueles que n\u00e3o mostram vulnerabilidade, aqueles que parecem estar sempre \u201cno controlo\u201d das suas emo\u00e7\u00f5es e comportamentos. No entanto, essa imagem de for\u00e7a \u00e9 muitas vezes apenas uma fachada. O verdadeiro car\u00e1cter forte n\u00e3o se baseia no controlo dos outros nem na incapacidade de mostrar emo\u00e7\u00f5es. Pelo contr\u00e1rio, trata-se de estar consciente das pr\u00f3prias emo\u00e7\u00f5es e ter a coragem de enfrent\u00e1-las sem se deixar arrastar por elas. Ser forte n\u00e3o \u00e9 suprimir o que sentimos, mas aprender a gerir essas emo\u00e7\u00f5es de forma eficaz.<\/p>\n\n\n\n<p>O que quero convidar-te a fazer com estas publica\u00e7\u00f5es \u00e9 questionar essa perce\u00e7\u00e3o errada de \u201cfor\u00e7a\u201d. Est\u00e1 na hora de deixarmos de pensar que a verdadeira fortaleza est\u00e1 no ru\u00eddo, na imposi\u00e7\u00e3o ou no descontrolo emocional. A verdadeira fortaleza est\u00e1 na capacidade de decidir como responder \u00e0s situa\u00e7\u00f5es, de ter controlo sobre as nossas rea\u00e7\u00f5es e, acima de tudo, de sermos suficientemente corajosos para mostrar a nossa vulnerabilidade sem medo. A verdadeira for\u00e7a n\u00e3o reside na agressividade nem na imposi\u00e7\u00e3o, mas na calma interior, na autocompreens\u00e3o e na capacidade de manter a paz mesmo no meio do caos.<\/p>\n\n\n\n<p>Estas publica\u00e7\u00f5es s\u00e3o um convite para repensar o que significa ter um car\u00e1cter forte, para desafiar as cren\u00e7as limitantes que nos foram impostas e para descobrir uma fortaleza que nasce de dentro. Est\u00e1 na hora de libertarmos a nossa ideia de \u201cfor\u00e7a\u201d das limita\u00e7\u00f5es impostas pela sociedade e abra\u00e7armos uma nova vis\u00e3o do que significa ser verdadeiramente forte: a fortaleza de escolher conscientemente como viver, como reagir e como nos relacionarmos connosco pr\u00f3prios e com os outros.<\/p>\n\n\n\n<p>O prop\u00f3sito das publica\u00e7\u00f5es<\/p>\n\n\n\n<p>Estas publica\u00e7\u00f5es n\u00e3o t\u00eam apenas como objetivo desafiar as cren\u00e7as limitantes que nos foram impostas, mas tamb\u00e9m oferecer-te ferramentas para come\u00e7ares a praticar e a desenvolver uma verdadeira fortaleza interior. Desde muito cedo ensinaram-nos que ser forte significa ser firme, dominante, inquebr\u00e1vel perante as adversidades, mas a realidade \u00e9 que essa vis\u00e3o da for\u00e7a est\u00e1 incompleta. Ao longo destas publica\u00e7\u00f5es, exploraremos juntos como a autocompreens\u00e3o, o autocontrolo e a consci\u00eancia das nossas emo\u00e7\u00f5es s\u00e3o a chave para descobrir uma forma de ser mais forte do que alguma vez imagin\u00e1mos.<\/p>\n\n\n\n<p>Em cada cap\u00edtulo descobrir\u00e1s que a verdadeira fortaleza n\u00e3o reside naquilo que os outros veem em ti, mas na forma como te v\u00eas a ti pr\u00f3prio e em como escolhes reagir perante as circunst\u00e2ncias da vida. A sociedade ensinou-nos a associar for\u00e7a \u00e0 capacidade de impor a nossa vontade ou de sobressair sobre os outros, mas muitas vezes esse tipo de for\u00e7a \u00e9 superficial, passageiro e, em muitos casos, destrutivo. Ser\u00e1 essa a for\u00e7a que queres cultivar? Ou ser\u00e1 poss\u00edvel que exista outro tipo de fortaleza, mais profunda e duradoura, que te permita ser tu mesmo na tua forma mais aut\u00eantica?<\/p>\n\n\n\n<p>Convido-te a abrir a mente a uma nova perspetiva. N\u00e3o se trata de uma for\u00e7a que se imp\u00f5e, nem de uma for\u00e7a que nasce da agressividade ou da luta constante. Trata-se de uma for\u00e7a escolhida conscientemente, uma for\u00e7a que surge do interior quando decidimos assumir o controlo das nossas emo\u00e7\u00f5es, das nossas rea\u00e7\u00f5es e das nossas a\u00e7\u00f5es. A verdadeira fortaleza est\u00e1 na capacidade de manter a calma quando tudo \u00e0 nossa volta parece desmoronar-se, na capacidade de sermos donos do nosso car\u00e1cter sem cair no caos emocional.<\/p>\n\n\n\n<p>Ao longo desta jornada aprender\u00e1s que a verdadeira fortaleza n\u00e3o depende das circunst\u00e2ncias externas nem daquilo que os outros pensam de ti. N\u00e3o se trata de exercer poder sobre os outros, mas de possuir o poder de decidir como responder aos desafios da vida. Aprender\u00e1s a ser o observador das tuas pr\u00f3prias emo\u00e7\u00f5es, aquele que consegue identificar quando est\u00e1 a reagir a partir do medo, da raiva ou do impulso, e quando pode escolher um caminho mais s\u00e1bio, mais calmo e mais consciente. Aprender\u00e1s que a fortaleza n\u00e3o se encontra na rea\u00e7\u00e3o imediata, mas na resposta consciente, na reflex\u00e3o antes da a\u00e7\u00e3o.<\/p>\n\n\n\n<p>Estas publica\u00e7\u00f5es foram concebidas para te ajudar a dar o primeiro passo rumo a uma transforma\u00e7\u00e3o pessoal profunda. Trata-se de desaprender antigas cren\u00e7as que j\u00e1 n\u00e3o te servem, de questionar aquilo que nos ensinaram sobre car\u00e1cter, poder e for\u00e7a. S\u00f3 quando libertamos as ideias limitantes sobre o que significa ser forte \u00e9 que podemos come\u00e7ar a descobrir a nossa verdadeira capacidade de viver de forma mais plena e em paz connosco pr\u00f3prios.<\/p>\n\n\n\n<p>A promessa destas publica\u00e7\u00f5es \u00e9 oferecer-te as ferramentas necess\u00e1rias para que, no final desta jornada, possas come\u00e7ar a aplicar estes conceitos na tua vida quotidiana. Atrav\u00e9s da pr\u00e1tica da autocompreens\u00e3o, do autocontrolo e da consci\u00eancia emocional, poder\u00e1s cultivar uma fortaleza que n\u00e3o depende da agressividade ou do medo, mas da paz interior, da capacidade de escolher com sabedoria e da coragem de nos mostrarmos vulner\u00e1veis sem temor. A verdadeira fortaleza \u00e9 aquela que te permite manter a calma no meio do caos, escolher a resposta em vez da rea\u00e7\u00e3o, construir em vez de destruir e, acima de tudo, ser dono da tua vida e do teu destino.<\/p>\n\n\n\n<p>Este \u00e9 o momento de abra\u00e7ar uma nova forma de ser, de ir al\u00e9m das ideias que nos limitaram e come\u00e7ar a reconhecer que a verdadeira for\u00e7a vem de dentro. J\u00e1 n\u00e3o se trata de ser forte para os outros, nem de impressionar quem te rodeia, mas de ser forte para ti mesmo, de manter a paz, de dominar aquilo que sentes e, sobretudo, de seres dono das tuas pr\u00f3prias decis\u00f5es e da tua vida. Est\u00e1 na hora de seres a melhor vers\u00e3o de ti mesmo, a vers\u00e3o mais consciente, a vers\u00e3o mais forte.<\/p>\n\n\n\n<p>\u00c9 uma viagem em dire\u00e7\u00e3o \u00e0 autenticidade, \u00e0 paz interior e \u00e0 verdadeira fortaleza. E, se decidires dar o primeiro passo, ver\u00e1s que n\u00e3o s\u00f3 transformar\u00e1s a tua vida, como tamb\u00e9m a forma como interages com o mundo.<\/p>\n","protected":false},"excerpt":{"rendered":"<p>Introdu\u00e7\u00e3o \u00e0 ideia de for\u00e7a real vs. for\u00e7a aparente Ao longo da nossa vida, ensinaram-nos que ser forte significa levantar [&hellip;]<\/p>\n","protected":false},"author":1,"featured_media":0,"comment_status":"open","ping_status":"open","sticky":false,"template":"","format":"standard","meta":{"site-sidebar-layout":"default","site-content-layout":"","ast-site-content-layout":"","site-content-style":"default","site-sidebar-style":"default","ast-global-header-display":"","ast-banner-title-visibility":"","ast-main-header-display":"","ast-hfb-above-header-display":"","ast-hfb-below-header-display":"","ast-hfb-mobile-header-display":"","site-post-title":"","ast-breadcrumbs-content":"","ast-featured-img":"","footer-sml-layout":"","theme-transparent-header-meta":"","adv-header-id-meta":"","stick-header-meta":"","header-above-stick-meta":"","header-main-stick-meta":"","header-below-stick-meta":"","astra-migrate-meta-layouts":"default","ast-page-background-enabled":"default","ast-page-background-meta":{"desktop":{"background-color":"var(--ast-global-color-5)","background-image":"","background-repeat":"repeat","background-position":"center center","background-size":"auto","background-attachment":"scroll","background-type":"","background-media":"","overlay-type":"","overlay-color":"","overlay-opacity":"","overlay-gradient":""},"tablet":{"background-color":"","background-image":"","background-repeat":"repeat","background-position":"center center","background-size":"auto","background-attachment":"scroll","background-type":"","background-media":"","overlay-type":"","overlay-color":"","overlay-opacity":"","overlay-gradient":""},"mobile":{"background-color":"","background-image":"","background-repeat":"repeat","background-position":"center center","background-size":"auto","background-attachment":"scroll","background-type":"","background-media":"","overlay-type":"","overlay-color":"","overlay-opacity":"","overlay-gradient":""}},"ast-content-background-meta":{"desktop":{"background-color":"var(--ast-global-color-4)","background-image":"","background-repeat":"repeat","background-position":"center center","background-size":"auto","background-attachment":"scroll","background-type":"","background-media":"","overlay-type":"","overlay-color":"","overlay-opacity":"","overlay-gradient":""},"tablet":{"background-color":"var(--ast-global-color-4)","background-image":"","background-repeat":"repeat","background-position":"center center","background-size":"auto","background-attachment":"scroll","background-type":"","background-media":"","overlay-type":"","overlay-color":"","overlay-opacity":"","overlay-gradient":""},"mobile":{"background-color":"var(--ast-global-color-4)","background-image":"","background-repeat":"repeat","background-position":"center center","background-size":"auto","background-attachment":"scroll","background-type":"","background-media":"","overlay-type":"","overlay-color":"","overlay-opacity":"","overlay-gradient":""}},"footnotes":""},"categories":[38,39],"tags":[],"class_list":["post-2977","post","type-post","status-publish","format-standard","hentry","category-apacigua-portugal","category-caracter-forte"],"yoast_head":"<!-- This site is optimized with the Yoast SEO plugin v26.0 - https:\/\/yoast.com\/wordpress\/plugins\/seo\/ -->\n<title>Car\u00e1cter forte \u2013 Pr\u00f3logo - MI BLOG<\/title>\n<meta name=\"robots\" content=\"index, follow, max-snippet:-1, max-image-preview:large, max-video-preview:-1\" \/>\n<link rel=\"canonical\" href=\"https:\/\/viniciojarquin.com\/blog\/caracter-forte-prologo\/\" \/>\n<meta property=\"og:locale\" content=\"es_ES\" \/>\n<meta property=\"og:type\" content=\"article\" \/>\n<meta property=\"og:title\" content=\"Car\u00e1cter forte \u2013 Pr\u00f3logo - MI BLOG\" \/>\n<meta property=\"og:description\" content=\"Introdu\u00e7\u00e3o \u00e0 ideia de for\u00e7a real vs. for\u00e7a aparente Ao longo da nossa vida, ensinaram-nos que ser forte significa levantar [&hellip;]\" \/>\n<meta property=\"og:url\" content=\"https:\/\/viniciojarquin.com\/blog\/caracter-forte-prologo\/\" \/>\n<meta property=\"og:site_name\" content=\"MI BLOG\" \/>\n<meta property=\"article:publisher\" content=\"https:\/\/www.facebook.com\/vinicio.jarquin\" \/>\n<meta property=\"article:author\" content=\"https:\/\/www.facebook.com\/vinicio.jarquin\" \/>\n<meta property=\"article:published_time\" content=\"2026-03-11T01:44:50+00:00\" \/>\n<meta property=\"article:modified_time\" content=\"2026-03-11T01:44:51+00:00\" \/>\n<meta name=\"author\" content=\"Vinicio Jarqu\u00edn\" \/>\n<meta name=\"twitter:card\" content=\"summary_large_image\" \/>\n<meta name=\"twitter:label1\" content=\"Escrito por\" \/>\n\t<meta name=\"twitter:data1\" content=\"Vinicio Jarqu\u00edn\" \/>\n\t<meta name=\"twitter:label2\" content=\"Tiempo de lectura\" \/>\n\t<meta name=\"twitter:data2\" content=\"10 minutos\" \/>\n<script type=\"application\/ld+json\" class=\"yoast-schema-graph\">{\"@context\":\"https:\/\/schema.org\",\"@graph\":[{\"@type\":\"Article\",\"@id\":\"https:\/\/viniciojarquin.com\/blog\/caracter-forte-prologo\/#article\",\"isPartOf\":{\"@id\":\"https:\/\/viniciojarquin.com\/blog\/caracter-forte-prologo\/\"},\"author\":{\"name\":\"Vinicio Jarqu\u00edn\",\"@id\":\"https:\/\/viniciojarquin.com\/blog\/#\/schema\/person\/90100c8845ae55462ec0657d3d2f8d3b\"},\"headline\":\"Car\u00e1cter forte \u2013 Pr\u00f3logo\",\"datePublished\":\"2026-03-11T01:44:50+00:00\",\"dateModified\":\"2026-03-11T01:44:51+00:00\",\"mainEntityOfPage\":{\"@id\":\"https:\/\/viniciojarquin.com\/blog\/caracter-forte-prologo\/\"},\"wordCount\":2357,\"commentCount\":0,\"publisher\":{\"@id\":\"https:\/\/viniciojarquin.com\/blog\/#\/schema\/person\/90100c8845ae55462ec0657d3d2f8d3b\"},\"articleSection\":[\"Apacigua - Portugal\",\"Car\u00e1cter forte\"],\"inLanguage\":\"es\",\"potentialAction\":[{\"@type\":\"CommentAction\",\"name\":\"Comment\",\"target\":[\"https:\/\/viniciojarquin.com\/blog\/caracter-forte-prologo\/#respond\"]}]},{\"@type\":\"WebPage\",\"@id\":\"https:\/\/viniciojarquin.com\/blog\/caracter-forte-prologo\/\",\"url\":\"https:\/\/viniciojarquin.com\/blog\/caracter-forte-prologo\/\",\"name\":\"Car\u00e1cter forte \u2013 Pr\u00f3logo - MI BLOG\",\"isPartOf\":{\"@id\":\"https:\/\/viniciojarquin.com\/blog\/#website\"},\"datePublished\":\"2026-03-11T01:44:50+00:00\",\"dateModified\":\"2026-03-11T01:44:51+00:00\",\"breadcrumb\":{\"@id\":\"https:\/\/viniciojarquin.com\/blog\/caracter-forte-prologo\/#breadcrumb\"},\"inLanguage\":\"es\",\"potentialAction\":[{\"@type\":\"ReadAction\",\"target\":[\"https:\/\/viniciojarquin.com\/blog\/caracter-forte-prologo\/\"]}]},{\"@type\":\"BreadcrumbList\",\"@id\":\"https:\/\/viniciojarquin.com\/blog\/caracter-forte-prologo\/#breadcrumb\",\"itemListElement\":[{\"@type\":\"ListItem\",\"position\":1,\"name\":\"Portada\",\"item\":\"https:\/\/viniciojarquin.com\/blog\/\"},{\"@type\":\"ListItem\",\"position\":2,\"name\":\"Car\u00e1cter forte \u2013 Pr\u00f3logo\"}]},{\"@type\":\"WebSite\",\"@id\":\"https:\/\/viniciojarquin.com\/blog\/#website\",\"url\":\"https:\/\/viniciojarquin.com\/blog\/\",\"name\":\"Vinicio Jarqu\u00edn BLOG\",\"description\":\"\",\"publisher\":{\"@id\":\"https:\/\/viniciojarquin.com\/blog\/#\/schema\/person\/90100c8845ae55462ec0657d3d2f8d3b\"},\"potentialAction\":[{\"@type\":\"SearchAction\",\"target\":{\"@type\":\"EntryPoint\",\"urlTemplate\":\"https:\/\/viniciojarquin.com\/blog\/?s={search_term_string}\"},\"query-input\":{\"@type\":\"PropertyValueSpecification\",\"valueRequired\":true,\"valueName\":\"search_term_string\"}}],\"inLanguage\":\"es\"},{\"@type\":[\"Person\",\"Organization\"],\"@id\":\"https:\/\/viniciojarquin.com\/blog\/#\/schema\/person\/90100c8845ae55462ec0657d3d2f8d3b\",\"name\":\"Vinicio Jarqu\u00edn\",\"image\":{\"@type\":\"ImageObject\",\"inLanguage\":\"es\",\"@id\":\"https:\/\/viniciojarquin.com\/blog\/#\/schema\/person\/image\/\",\"url\":\"https:\/\/viniciojarquin.com\/blog\/wp-content\/uploads\/2024\/10\/Logo-VinicioJarquin-original-400.png\",\"contentUrl\":\"https:\/\/viniciojarquin.com\/blog\/wp-content\/uploads\/2024\/10\/Logo-VinicioJarquin-original-400.png\",\"width\":400,\"height\":130,\"caption\":\"Vinicio Jarqu\u00edn\"},\"logo\":{\"@id\":\"https:\/\/viniciojarquin.com\/blog\/#\/schema\/person\/image\/\"},\"description\":\"Empresario textil, artista pl\u00e1stico, escritor, coach de vida y fot\u00f3grafo.\",\"sameAs\":[\"https:\/\/viniciojarquin.com\/blog\",\"https:\/\/www.facebook.com\/vinicio.jarquin\",\"https:\/\/www.instagram.com\/vinicio_jarquin\/\",\"https:\/\/www.pinterest.com\/vinnyjc\/\",\"https:\/\/www.youtube.com\/@VinicioJarquin\"],\"url\":\"https:\/\/viniciojarquin.com\/blog\/author\/admin_s02au25i\/\"}]}<\/script>\n<!-- \/ Yoast SEO plugin. -->","yoast_head_json":{"title":"Car\u00e1cter forte \u2013 Pr\u00f3logo - MI BLOG","robots":{"index":"index","follow":"follow","max-snippet":"max-snippet:-1","max-image-preview":"max-image-preview:large","max-video-preview":"max-video-preview:-1"},"canonical":"https:\/\/viniciojarquin.com\/blog\/caracter-forte-prologo\/","og_locale":"es_ES","og_type":"article","og_title":"Car\u00e1cter forte \u2013 Pr\u00f3logo - MI BLOG","og_description":"Introdu\u00e7\u00e3o \u00e0 ideia de for\u00e7a real vs. for\u00e7a aparente Ao longo da nossa vida, ensinaram-nos que ser forte significa levantar [&hellip;]","og_url":"https:\/\/viniciojarquin.com\/blog\/caracter-forte-prologo\/","og_site_name":"MI BLOG","article_publisher":"https:\/\/www.facebook.com\/vinicio.jarquin","article_author":"https:\/\/www.facebook.com\/vinicio.jarquin","article_published_time":"2026-03-11T01:44:50+00:00","article_modified_time":"2026-03-11T01:44:51+00:00","author":"Vinicio Jarqu\u00edn","twitter_card":"summary_large_image","twitter_misc":{"Escrito por":"Vinicio Jarqu\u00edn","Tiempo de lectura":"10 minutos"},"schema":{"@context":"https:\/\/schema.org","@graph":[{"@type":"Article","@id":"https:\/\/viniciojarquin.com\/blog\/caracter-forte-prologo\/#article","isPartOf":{"@id":"https:\/\/viniciojarquin.com\/blog\/caracter-forte-prologo\/"},"author":{"name":"Vinicio Jarqu\u00edn","@id":"https:\/\/viniciojarquin.com\/blog\/#\/schema\/person\/90100c8845ae55462ec0657d3d2f8d3b"},"headline":"Car\u00e1cter forte \u2013 Pr\u00f3logo","datePublished":"2026-03-11T01:44:50+00:00","dateModified":"2026-03-11T01:44:51+00:00","mainEntityOfPage":{"@id":"https:\/\/viniciojarquin.com\/blog\/caracter-forte-prologo\/"},"wordCount":2357,"commentCount":0,"publisher":{"@id":"https:\/\/viniciojarquin.com\/blog\/#\/schema\/person\/90100c8845ae55462ec0657d3d2f8d3b"},"articleSection":["Apacigua - Portugal","Car\u00e1cter forte"],"inLanguage":"es","potentialAction":[{"@type":"CommentAction","name":"Comment","target":["https:\/\/viniciojarquin.com\/blog\/caracter-forte-prologo\/#respond"]}]},{"@type":"WebPage","@id":"https:\/\/viniciojarquin.com\/blog\/caracter-forte-prologo\/","url":"https:\/\/viniciojarquin.com\/blog\/caracter-forte-prologo\/","name":"Car\u00e1cter forte \u2013 Pr\u00f3logo - MI BLOG","isPartOf":{"@id":"https:\/\/viniciojarquin.com\/blog\/#website"},"datePublished":"2026-03-11T01:44:50+00:00","dateModified":"2026-03-11T01:44:51+00:00","breadcrumb":{"@id":"https:\/\/viniciojarquin.com\/blog\/caracter-forte-prologo\/#breadcrumb"},"inLanguage":"es","potentialAction":[{"@type":"ReadAction","target":["https:\/\/viniciojarquin.com\/blog\/caracter-forte-prologo\/"]}]},{"@type":"BreadcrumbList","@id":"https:\/\/viniciojarquin.com\/blog\/caracter-forte-prologo\/#breadcrumb","itemListElement":[{"@type":"ListItem","position":1,"name":"Portada","item":"https:\/\/viniciojarquin.com\/blog\/"},{"@type":"ListItem","position":2,"name":"Car\u00e1cter forte \u2013 Pr\u00f3logo"}]},{"@type":"WebSite","@id":"https:\/\/viniciojarquin.com\/blog\/#website","url":"https:\/\/viniciojarquin.com\/blog\/","name":"Vinicio Jarqu\u00edn BLOG","description":"","publisher":{"@id":"https:\/\/viniciojarquin.com\/blog\/#\/schema\/person\/90100c8845ae55462ec0657d3d2f8d3b"},"potentialAction":[{"@type":"SearchAction","target":{"@type":"EntryPoint","urlTemplate":"https:\/\/viniciojarquin.com\/blog\/?s={search_term_string}"},"query-input":{"@type":"PropertyValueSpecification","valueRequired":true,"valueName":"search_term_string"}}],"inLanguage":"es"},{"@type":["Person","Organization"],"@id":"https:\/\/viniciojarquin.com\/blog\/#\/schema\/person\/90100c8845ae55462ec0657d3d2f8d3b","name":"Vinicio Jarqu\u00edn","image":{"@type":"ImageObject","inLanguage":"es","@id":"https:\/\/viniciojarquin.com\/blog\/#\/schema\/person\/image\/","url":"https:\/\/viniciojarquin.com\/blog\/wp-content\/uploads\/2024\/10\/Logo-VinicioJarquin-original-400.png","contentUrl":"https:\/\/viniciojarquin.com\/blog\/wp-content\/uploads\/2024\/10\/Logo-VinicioJarquin-original-400.png","width":400,"height":130,"caption":"Vinicio Jarqu\u00edn"},"logo":{"@id":"https:\/\/viniciojarquin.com\/blog\/#\/schema\/person\/image\/"},"description":"Empresario textil, artista pl\u00e1stico, escritor, coach de vida y fot\u00f3grafo.","sameAs":["https:\/\/viniciojarquin.com\/blog","https:\/\/www.facebook.com\/vinicio.jarquin","https:\/\/www.instagram.com\/vinicio_jarquin\/","https:\/\/www.pinterest.com\/vinnyjc\/","https:\/\/www.youtube.com\/@VinicioJarquin"],"url":"https:\/\/viniciojarquin.com\/blog\/author\/admin_s02au25i\/"}]}},"blog_post_layout_featured_media_urls":{"thumbnail":"","full":""},"categories_names":{"38":{"name":"Apacigua - Portugal","link":"https:\/\/viniciojarquin.com\/blog\/category\/apacigua-portugal\/"},"39":{"name":"Car\u00e1cter forte","link":"https:\/\/viniciojarquin.com\/blog\/category\/apacigua-portugal\/caracter-forte\/"}},"tags_names":[],"comments_number":"0","_links":{"self":[{"href":"https:\/\/viniciojarquin.com\/blog\/wp-json\/wp\/v2\/posts\/2977","targetHints":{"allow":["GET"]}}],"collection":[{"href":"https:\/\/viniciojarquin.com\/blog\/wp-json\/wp\/v2\/posts"}],"about":[{"href":"https:\/\/viniciojarquin.com\/blog\/wp-json\/wp\/v2\/types\/post"}],"author":[{"embeddable":true,"href":"https:\/\/viniciojarquin.com\/blog\/wp-json\/wp\/v2\/users\/1"}],"replies":[{"embeddable":true,"href":"https:\/\/viniciojarquin.com\/blog\/wp-json\/wp\/v2\/comments?post=2977"}],"version-history":[{"count":1,"href":"https:\/\/viniciojarquin.com\/blog\/wp-json\/wp\/v2\/posts\/2977\/revisions"}],"predecessor-version":[{"id":2978,"href":"https:\/\/viniciojarquin.com\/blog\/wp-json\/wp\/v2\/posts\/2977\/revisions\/2978"}],"wp:attachment":[{"href":"https:\/\/viniciojarquin.com\/blog\/wp-json\/wp\/v2\/media?parent=2977"}],"wp:term":[{"taxonomy":"category","embeddable":true,"href":"https:\/\/viniciojarquin.com\/blog\/wp-json\/wp\/v2\/categories?post=2977"},{"taxonomy":"post_tag","embeddable":true,"href":"https:\/\/viniciojarquin.com\/blog\/wp-json\/wp\/v2\/tags?post=2977"}],"curies":[{"name":"wp","href":"https:\/\/api.w.org\/{rel}","templated":true}]}}