{"id":2979,"date":"2026-03-11T01:48:46","date_gmt":"2026-03-11T01:48:46","guid":{"rendered":"https:\/\/viniciojarquin.com\/blog\/?p=2979"},"modified":"2026-03-11T01:48:48","modified_gmt":"2026-03-11T01:48:48","slug":"caracter-forte-introducao","status":"publish","type":"post","link":"https:\/\/viniciojarquin.com\/blog\/caracter-forte-introducao\/","title":{"rendered":"Car\u00e1cter forte \u2013 Introdu\u00e7\u00e3o"},"content":{"rendered":"\n<p>Desde pequenos, ensinaram-nos muitas coisas sobre a fortaleza. Disseram-nos que uma pessoa de \u201ccar\u00e1cter forte\u201d \u00e9 aquela que imp\u00f5e a sua vontade, que n\u00e3o se deixa pisar, que reage com rapidez e que n\u00e3o mostra fraqueza. Crescemos com a ideia de que a raiva \u00e9 sin\u00f3nimo de poder, que gritar \u00e9 uma forma de nos fazermos ouvir e que dominar os outros \u00e9 a \u00fanica maneira de evitar ser dominado.<\/p>\n\n\n\n<p>Mas e se tudo isso estiver errado?<\/p>\n\n\n\n<p>Ao longo da vida, muitas pessoas adotaram um temperamento explosivo acreditando que assim projetam autoridade e respeito. No entanto, com o tempo descobrem que, longe de as fortalecer, essa atitude afasta-as dos outros, enfraquece as suas rela\u00e7\u00f5es e gera mais conflitos do que aqueles que resolve. Aquilo a que durante anos se chamou car\u00e1cter forte n\u00e3o passa, na realidade, de um car\u00e1cter descontrolado.<\/p>\n\n\n\n<p>O verdadeiro car\u00e1cter forte n\u00e3o \u00e9 o de quem imp\u00f5e a sua voz acima dos outros, mas o de quem sabe manter a calma mesmo quando tudo \u00e0 sua volta parece empurr\u00e1-lo para o descontrolo. N\u00e3o \u00e9 o de quem grita mais alto numa discuss\u00e3o, mas o de quem escuta, reflete e responde com intelig\u00eancia. N\u00e3o \u00e9 o de quem reage com ira, mas o de quem escolhe agir com consci\u00eancia.<\/p>\n\n\n\n<p>Estas publica\u00e7\u00f5es s\u00e3o um convite para romper com as cren\u00e7as erradas sobre o que significa ser forte. N\u00e3o se trata de reprimir as emo\u00e7\u00f5es nem de se tornar indiferente, mas de aprender a geri-las com maturidade, de construir rela\u00e7\u00f5es mais saud\u00e1veis e de desenvolver uma verdadeira autoridade baseada no respeito e na confian\u00e7a, em vez do medo e da agressividade.<\/p>\n\n\n\n<p>Ao longo destas p\u00e1ginas, exploraremos como o car\u00e1cter explosivo afeta tanto quem o possui como aqueles que o rodeiam. Analisaremos por que raz\u00e3o tantas pessoas confundem agressividade com fortaleza e como podemos desaprender os mandatos da inf\u00e2ncia que nos ensinaram a reagir em vez de responder. Veremos tamb\u00e9m como o autocontrolo n\u00e3o s\u00f3 nos beneficia a n\u00edvel pessoal, como nos transforma em pessoas mais respeitadas, mais influentes e emocionalmente equilibradas.<\/p>\n\n\n\n<p>Se alguma vez te sentiste preso nas tuas pr\u00f3prias rea\u00e7\u00f5es, se j\u00e1 notaste que a raiva ou a frustra\u00e7\u00e3o te dominam mais do que gostarias, se viste como o teu temperamento afetou as tuas rela\u00e7\u00f5es e queres encontrar uma forma mais saud\u00e1vel de te expressares sem perder a tua ess\u00eancia, ent\u00e3o estas publica\u00e7\u00f5es s\u00e3o para ti.<\/p>\n\n\n\n<p>Este \u00e9 um caminho de aprendizagem, de transforma\u00e7\u00e3o e de liberta\u00e7\u00e3o. N\u00e3o se trata de mudar quem \u00e9s, mas de descobrir a melhor vers\u00e3o de ti pr\u00f3prio \u2014 aquela que n\u00e3o precisa levantar a voz para ser ouvida nem impor-se para ser respeitada.<\/p>\n\n\n\n<p>A verdadeira fortaleza n\u00e3o est\u00e1 na rea\u00e7\u00e3o impulsiva, mas na capacidade de escolher como responder perante a vida.<\/p>\n","protected":false},"excerpt":{"rendered":"<p>Desde pequenos, ensinaram-nos muitas coisas sobre a fortaleza. Disseram-nos que uma pessoa de \u201ccar\u00e1cter forte\u201d \u00e9 aquela que imp\u00f5e a [&hellip;]<\/p>\n","protected":false},"author":1,"featured_media":0,"comment_status":"open","ping_status":"open","sticky":false,"template":"","format":"standard","meta":{"site-sidebar-layout":"default","site-content-layout":"","ast-site-content-layout":"","site-content-style":"default","site-sidebar-style":"default","ast-global-header-display":"","ast-banner-title-visibility":"","ast-main-header-display":"","ast-hfb-above-header-display":"","ast-hfb-below-header-display":"","ast-hfb-mobile-header-display":"","site-post-title":"","ast-breadcrumbs-content":"","ast-featured-img":"","footer-sml-layout":"","theme-transparent-header-meta":"","adv-header-id-meta":"","stick-header-meta":"","header-above-stick-meta":"","header-main-stick-meta":"","header-below-stick-meta":"","astra-migrate-meta-layouts":"default","ast-page-background-enabled":"default","ast-page-background-meta":{"desktop":{"background-color":"var(--ast-global-color-5)","background-image":"","background-repeat":"repeat","background-position":"center center","background-size":"auto","background-attachment":"scroll","background-type":"","background-media":"","overlay-type":"","overlay-color":"","overlay-opacity":"","overlay-gradient":""},"tablet":{"background-color":"","background-image":"","background-repeat":"repeat","background-position":"center center","background-size":"auto","background-attachment":"scroll","background-type":"","background-media":"","overlay-type":"","overlay-color":"","overlay-opacity":"","overlay-gradient":""},"mobile":{"background-color":"","background-image":"","background-repeat":"repeat","background-position":"center center","background-size":"auto","background-attachment":"scroll","background-type":"","background-media":"","overlay-type":"","overlay-color":"","overlay-opacity":"","overlay-gradient":""}},"ast-content-background-meta":{"desktop":{"background-color":"var(--ast-global-color-4)","background-image":"","background-repeat":"repeat","background-position":"center center","background-size":"auto","background-attachment":"scroll","background-type":"","background-media":"","overlay-type":"","overlay-color":"","overlay-opacity":"","overlay-gradient":""},"tablet":{"background-color":"var(--ast-global-color-4)","background-image":"","background-repeat":"repeat","background-position":"center center","background-size":"auto","background-attachment":"scroll","background-type":"","background-media":"","overlay-type":"","overlay-color":"","overlay-opacity":"","overlay-gradient":""},"mobile":{"background-color":"var(--ast-global-color-4)","background-image":"","background-repeat":"repeat","background-position":"center center","background-size":"auto","background-attachment":"scroll","background-type":"","background-media":"","overlay-type":"","overlay-color":"","overlay-opacity":"","overlay-gradient":""}},"footnotes":""},"categories":[38,39],"tags":[],"class_list":["post-2979","post","type-post","status-publish","format-standard","hentry","category-apacigua-portugal","category-caracter-forte"],"yoast_head":"<!-- This site is optimized with the Yoast SEO plugin v26.0 - https:\/\/yoast.com\/wordpress\/plugins\/seo\/ -->\n<title>Car\u00e1cter forte \u2013 Introdu\u00e7\u00e3o - MI BLOG<\/title>\n<meta name=\"robots\" content=\"index, follow, max-snippet:-1, max-image-preview:large, max-video-preview:-1\" \/>\n<link rel=\"canonical\" href=\"https:\/\/viniciojarquin.com\/blog\/caracter-forte-introducao\/\" \/>\n<meta property=\"og:locale\" content=\"es_ES\" \/>\n<meta property=\"og:type\" content=\"article\" \/>\n<meta property=\"og:title\" content=\"Car\u00e1cter forte \u2013 Introdu\u00e7\u00e3o - MI BLOG\" \/>\n<meta property=\"og:description\" content=\"Desde pequenos, ensinaram-nos muitas coisas sobre a fortaleza. Disseram-nos que uma pessoa de \u201ccar\u00e1cter forte\u201d \u00e9 aquela que imp\u00f5e a [&hellip;]\" \/>\n<meta property=\"og:url\" content=\"https:\/\/viniciojarquin.com\/blog\/caracter-forte-introducao\/\" \/>\n<meta property=\"og:site_name\" content=\"MI BLOG\" \/>\n<meta property=\"article:publisher\" content=\"https:\/\/www.facebook.com\/vinicio.jarquin\" \/>\n<meta property=\"article:author\" content=\"https:\/\/www.facebook.com\/vinicio.jarquin\" \/>\n<meta property=\"article:published_time\" content=\"2026-03-11T01:48:46+00:00\" \/>\n<meta property=\"article:modified_time\" content=\"2026-03-11T01:48:48+00:00\" \/>\n<meta name=\"author\" content=\"Vinicio Jarqu\u00edn\" \/>\n<meta name=\"twitter:card\" content=\"summary_large_image\" \/>\n<meta name=\"twitter:label1\" content=\"Escrito por\" \/>\n\t<meta name=\"twitter:data1\" content=\"Vinicio Jarqu\u00edn\" \/>\n\t<meta name=\"twitter:label2\" content=\"Tiempo de lectura\" \/>\n\t<meta name=\"twitter:data2\" content=\"3 minutos\" \/>\n<script type=\"application\/ld+json\" class=\"yoast-schema-graph\">{\"@context\":\"https:\/\/schema.org\",\"@graph\":[{\"@type\":\"Article\",\"@id\":\"https:\/\/viniciojarquin.com\/blog\/caracter-forte-introducao\/#article\",\"isPartOf\":{\"@id\":\"https:\/\/viniciojarquin.com\/blog\/caracter-forte-introducao\/\"},\"author\":{\"name\":\"Vinicio Jarqu\u00edn\",\"@id\":\"https:\/\/viniciojarquin.com\/blog\/#\/schema\/person\/90100c8845ae55462ec0657d3d2f8d3b\"},\"headline\":\"Car\u00e1cter forte \u2013 Introdu\u00e7\u00e3o\",\"datePublished\":\"2026-03-11T01:48:46+00:00\",\"dateModified\":\"2026-03-11T01:48:48+00:00\",\"mainEntityOfPage\":{\"@id\":\"https:\/\/viniciojarquin.com\/blog\/caracter-forte-introducao\/\"},\"wordCount\":503,\"commentCount\":0,\"publisher\":{\"@id\":\"https:\/\/viniciojarquin.com\/blog\/#\/schema\/person\/90100c8845ae55462ec0657d3d2f8d3b\"},\"articleSection\":[\"Apacigua - Portugal\",\"Car\u00e1cter forte\"],\"inLanguage\":\"es\",\"potentialAction\":[{\"@type\":\"CommentAction\",\"name\":\"Comment\",\"target\":[\"https:\/\/viniciojarquin.com\/blog\/caracter-forte-introducao\/#respond\"]}]},{\"@type\":\"WebPage\",\"@id\":\"https:\/\/viniciojarquin.com\/blog\/caracter-forte-introducao\/\",\"url\":\"https:\/\/viniciojarquin.com\/blog\/caracter-forte-introducao\/\",\"name\":\"Car\u00e1cter forte \u2013 Introdu\u00e7\u00e3o - MI BLOG\",\"isPartOf\":{\"@id\":\"https:\/\/viniciojarquin.com\/blog\/#website\"},\"datePublished\":\"2026-03-11T01:48:46+00:00\",\"dateModified\":\"2026-03-11T01:48:48+00:00\",\"breadcrumb\":{\"@id\":\"https:\/\/viniciojarquin.com\/blog\/caracter-forte-introducao\/#breadcrumb\"},\"inLanguage\":\"es\",\"potentialAction\":[{\"@type\":\"ReadAction\",\"target\":[\"https:\/\/viniciojarquin.com\/blog\/caracter-forte-introducao\/\"]}]},{\"@type\":\"BreadcrumbList\",\"@id\":\"https:\/\/viniciojarquin.com\/blog\/caracter-forte-introducao\/#breadcrumb\",\"itemListElement\":[{\"@type\":\"ListItem\",\"position\":1,\"name\":\"Portada\",\"item\":\"https:\/\/viniciojarquin.com\/blog\/\"},{\"@type\":\"ListItem\",\"position\":2,\"name\":\"Car\u00e1cter forte \u2013 Introdu\u00e7\u00e3o\"}]},{\"@type\":\"WebSite\",\"@id\":\"https:\/\/viniciojarquin.com\/blog\/#website\",\"url\":\"https:\/\/viniciojarquin.com\/blog\/\",\"name\":\"Vinicio Jarqu\u00edn BLOG\",\"description\":\"\",\"publisher\":{\"@id\":\"https:\/\/viniciojarquin.com\/blog\/#\/schema\/person\/90100c8845ae55462ec0657d3d2f8d3b\"},\"potentialAction\":[{\"@type\":\"SearchAction\",\"target\":{\"@type\":\"EntryPoint\",\"urlTemplate\":\"https:\/\/viniciojarquin.com\/blog\/?s={search_term_string}\"},\"query-input\":{\"@type\":\"PropertyValueSpecification\",\"valueRequired\":true,\"valueName\":\"search_term_string\"}}],\"inLanguage\":\"es\"},{\"@type\":[\"Person\",\"Organization\"],\"@id\":\"https:\/\/viniciojarquin.com\/blog\/#\/schema\/person\/90100c8845ae55462ec0657d3d2f8d3b\",\"name\":\"Vinicio Jarqu\u00edn\",\"image\":{\"@type\":\"ImageObject\",\"inLanguage\":\"es\",\"@id\":\"https:\/\/viniciojarquin.com\/blog\/#\/schema\/person\/image\/\",\"url\":\"https:\/\/viniciojarquin.com\/blog\/wp-content\/uploads\/2024\/10\/Logo-VinicioJarquin-original-400.png\",\"contentUrl\":\"https:\/\/viniciojarquin.com\/blog\/wp-content\/uploads\/2024\/10\/Logo-VinicioJarquin-original-400.png\",\"width\":400,\"height\":130,\"caption\":\"Vinicio Jarqu\u00edn\"},\"logo\":{\"@id\":\"https:\/\/viniciojarquin.com\/blog\/#\/schema\/person\/image\/\"},\"description\":\"Empresario textil, artista pl\u00e1stico, escritor, coach de vida y fot\u00f3grafo.\",\"sameAs\":[\"https:\/\/viniciojarquin.com\/blog\",\"https:\/\/www.facebook.com\/vinicio.jarquin\",\"https:\/\/www.instagram.com\/vinicio_jarquin\/\",\"https:\/\/www.pinterest.com\/vinnyjc\/\",\"https:\/\/www.youtube.com\/@VinicioJarquin\"],\"url\":\"https:\/\/viniciojarquin.com\/blog\/author\/admin_s02au25i\/\"}]}<\/script>\n<!-- \/ Yoast SEO plugin. -->","yoast_head_json":{"title":"Car\u00e1cter forte \u2013 Introdu\u00e7\u00e3o - MI BLOG","robots":{"index":"index","follow":"follow","max-snippet":"max-snippet:-1","max-image-preview":"max-image-preview:large","max-video-preview":"max-video-preview:-1"},"canonical":"https:\/\/viniciojarquin.com\/blog\/caracter-forte-introducao\/","og_locale":"es_ES","og_type":"article","og_title":"Car\u00e1cter forte \u2013 Introdu\u00e7\u00e3o - MI BLOG","og_description":"Desde pequenos, ensinaram-nos muitas coisas sobre a fortaleza. Disseram-nos que uma pessoa de \u201ccar\u00e1cter forte\u201d \u00e9 aquela que imp\u00f5e a [&hellip;]","og_url":"https:\/\/viniciojarquin.com\/blog\/caracter-forte-introducao\/","og_site_name":"MI BLOG","article_publisher":"https:\/\/www.facebook.com\/vinicio.jarquin","article_author":"https:\/\/www.facebook.com\/vinicio.jarquin","article_published_time":"2026-03-11T01:48:46+00:00","article_modified_time":"2026-03-11T01:48:48+00:00","author":"Vinicio Jarqu\u00edn","twitter_card":"summary_large_image","twitter_misc":{"Escrito por":"Vinicio Jarqu\u00edn","Tiempo de lectura":"3 minutos"},"schema":{"@context":"https:\/\/schema.org","@graph":[{"@type":"Article","@id":"https:\/\/viniciojarquin.com\/blog\/caracter-forte-introducao\/#article","isPartOf":{"@id":"https:\/\/viniciojarquin.com\/blog\/caracter-forte-introducao\/"},"author":{"name":"Vinicio Jarqu\u00edn","@id":"https:\/\/viniciojarquin.com\/blog\/#\/schema\/person\/90100c8845ae55462ec0657d3d2f8d3b"},"headline":"Car\u00e1cter forte \u2013 Introdu\u00e7\u00e3o","datePublished":"2026-03-11T01:48:46+00:00","dateModified":"2026-03-11T01:48:48+00:00","mainEntityOfPage":{"@id":"https:\/\/viniciojarquin.com\/blog\/caracter-forte-introducao\/"},"wordCount":503,"commentCount":0,"publisher":{"@id":"https:\/\/viniciojarquin.com\/blog\/#\/schema\/person\/90100c8845ae55462ec0657d3d2f8d3b"},"articleSection":["Apacigua - Portugal","Car\u00e1cter forte"],"inLanguage":"es","potentialAction":[{"@type":"CommentAction","name":"Comment","target":["https:\/\/viniciojarquin.com\/blog\/caracter-forte-introducao\/#respond"]}]},{"@type":"WebPage","@id":"https:\/\/viniciojarquin.com\/blog\/caracter-forte-introducao\/","url":"https:\/\/viniciojarquin.com\/blog\/caracter-forte-introducao\/","name":"Car\u00e1cter forte \u2013 Introdu\u00e7\u00e3o - MI BLOG","isPartOf":{"@id":"https:\/\/viniciojarquin.com\/blog\/#website"},"datePublished":"2026-03-11T01:48:46+00:00","dateModified":"2026-03-11T01:48:48+00:00","breadcrumb":{"@id":"https:\/\/viniciojarquin.com\/blog\/caracter-forte-introducao\/#breadcrumb"},"inLanguage":"es","potentialAction":[{"@type":"ReadAction","target":["https:\/\/viniciojarquin.com\/blog\/caracter-forte-introducao\/"]}]},{"@type":"BreadcrumbList","@id":"https:\/\/viniciojarquin.com\/blog\/caracter-forte-introducao\/#breadcrumb","itemListElement":[{"@type":"ListItem","position":1,"name":"Portada","item":"https:\/\/viniciojarquin.com\/blog\/"},{"@type":"ListItem","position":2,"name":"Car\u00e1cter forte \u2013 Introdu\u00e7\u00e3o"}]},{"@type":"WebSite","@id":"https:\/\/viniciojarquin.com\/blog\/#website","url":"https:\/\/viniciojarquin.com\/blog\/","name":"Vinicio Jarqu\u00edn BLOG","description":"","publisher":{"@id":"https:\/\/viniciojarquin.com\/blog\/#\/schema\/person\/90100c8845ae55462ec0657d3d2f8d3b"},"potentialAction":[{"@type":"SearchAction","target":{"@type":"EntryPoint","urlTemplate":"https:\/\/viniciojarquin.com\/blog\/?s={search_term_string}"},"query-input":{"@type":"PropertyValueSpecification","valueRequired":true,"valueName":"search_term_string"}}],"inLanguage":"es"},{"@type":["Person","Organization"],"@id":"https:\/\/viniciojarquin.com\/blog\/#\/schema\/person\/90100c8845ae55462ec0657d3d2f8d3b","name":"Vinicio Jarqu\u00edn","image":{"@type":"ImageObject","inLanguage":"es","@id":"https:\/\/viniciojarquin.com\/blog\/#\/schema\/person\/image\/","url":"https:\/\/viniciojarquin.com\/blog\/wp-content\/uploads\/2024\/10\/Logo-VinicioJarquin-original-400.png","contentUrl":"https:\/\/viniciojarquin.com\/blog\/wp-content\/uploads\/2024\/10\/Logo-VinicioJarquin-original-400.png","width":400,"height":130,"caption":"Vinicio Jarqu\u00edn"},"logo":{"@id":"https:\/\/viniciojarquin.com\/blog\/#\/schema\/person\/image\/"},"description":"Empresario textil, artista pl\u00e1stico, escritor, coach de vida y fot\u00f3grafo.","sameAs":["https:\/\/viniciojarquin.com\/blog","https:\/\/www.facebook.com\/vinicio.jarquin","https:\/\/www.instagram.com\/vinicio_jarquin\/","https:\/\/www.pinterest.com\/vinnyjc\/","https:\/\/www.youtube.com\/@VinicioJarquin"],"url":"https:\/\/viniciojarquin.com\/blog\/author\/admin_s02au25i\/"}]}},"blog_post_layout_featured_media_urls":{"thumbnail":"","full":""},"categories_names":{"38":{"name":"Apacigua - Portugal","link":"https:\/\/viniciojarquin.com\/blog\/category\/apacigua-portugal\/"},"39":{"name":"Car\u00e1cter forte","link":"https:\/\/viniciojarquin.com\/blog\/category\/apacigua-portugal\/caracter-forte\/"}},"tags_names":[],"comments_number":"0","_links":{"self":[{"href":"https:\/\/viniciojarquin.com\/blog\/wp-json\/wp\/v2\/posts\/2979","targetHints":{"allow":["GET"]}}],"collection":[{"href":"https:\/\/viniciojarquin.com\/blog\/wp-json\/wp\/v2\/posts"}],"about":[{"href":"https:\/\/viniciojarquin.com\/blog\/wp-json\/wp\/v2\/types\/post"}],"author":[{"embeddable":true,"href":"https:\/\/viniciojarquin.com\/blog\/wp-json\/wp\/v2\/users\/1"}],"replies":[{"embeddable":true,"href":"https:\/\/viniciojarquin.com\/blog\/wp-json\/wp\/v2\/comments?post=2979"}],"version-history":[{"count":1,"href":"https:\/\/viniciojarquin.com\/blog\/wp-json\/wp\/v2\/posts\/2979\/revisions"}],"predecessor-version":[{"id":2980,"href":"https:\/\/viniciojarquin.com\/blog\/wp-json\/wp\/v2\/posts\/2979\/revisions\/2980"}],"wp:attachment":[{"href":"https:\/\/viniciojarquin.com\/blog\/wp-json\/wp\/v2\/media?parent=2979"}],"wp:term":[{"taxonomy":"category","embeddable":true,"href":"https:\/\/viniciojarquin.com\/blog\/wp-json\/wp\/v2\/categories?post=2979"},{"taxonomy":"post_tag","embeddable":true,"href":"https:\/\/viniciojarquin.com\/blog\/wp-json\/wp\/v2\/tags?post=2979"}],"curies":[{"name":"wp","href":"https:\/\/api.w.org\/{rel}","templated":true}]}}