{"id":2981,"date":"2026-03-11T01:53:58","date_gmt":"2026-03-11T01:53:58","guid":{"rendered":"https:\/\/viniciojarquin.com\/blog\/?p=2981"},"modified":"2026-03-11T01:53:59","modified_gmt":"2026-03-11T01:53:59","slug":"caracter-forte-a-armadilha-do-caracter-explosivo","status":"publish","type":"post","link":"https:\/\/viniciojarquin.com\/blog\/caracter-forte-a-armadilha-do-caracter-explosivo\/","title":{"rendered":"Car\u00e1cter forte \u2013 A armadilha do car\u00e1cter explosivo"},"content":{"rendered":"\n<p>Por que confundimos a raiva com fortaleza?<\/p>\n\n\n\n<p>Cap\u00edtulo 1<\/p>\n\n\n\n<p>A raiva \u00e9 uma emo\u00e7\u00e3o humana natural, mas, ao longo dos anos, tem sido mal interpretada como um sinal de fortaleza. Esta confus\u00e3o \u00e9 uma das armadilhas mais comuns em que ca\u00edmos na vida quotidiana. Desde a inf\u00e2ncia ensinam-nos que quem tem um car\u00e1cter forte \u00e9 quem \u201cn\u00e3o se deixa pisar\u201d, quem reage com firmeza \u00e0s provoca\u00e7\u00f5es, quem responde com agressividade quando \u00e9 desafiado. Dizem-nos que quem \u201cse zanga\u201d demonstra ter controlo sobre a situa\u00e7\u00e3o, que quem n\u00e3o mostra a sua raiva \u00e9 fraco, temeroso ou at\u00e9 passivo. Mas, na realidade, a raiva, longe de ser um sinal de fortaleza, \u00e9 antes uma manifesta\u00e7\u00e3o de falta de controlo interior, uma rea\u00e7\u00e3o impulsiva que, na maioria dos casos, n\u00e3o resolve o conflito de forma eficaz, mas sim o agrava.<\/p>\n\n\n\n<p>A raiva est\u00e1 muitas vezes ligada \u00e0 frustra\u00e7\u00e3o, ao sentimento de impot\u00eancia ou \u00e0 sensa\u00e7\u00e3o de que as nossas expectativas n\u00e3o est\u00e3o a ser cumpridas. Quando estamos zangados, a nossa mente tende a bloquear a racionalidade, e as emo\u00e7\u00f5es tomam conta das nossas decis\u00f5es e comportamentos. A \u201cfor\u00e7a\u201d que acreditamos demonstrar ao expressar essa raiva \u00e9, na realidade, uma ilus\u00e3o. Porque, se observarmos com aten\u00e7\u00e3o, a raiva n\u00e3o resolve o problema; simplesmente intensifica-o.<\/p>\n\n\n\n<p>De facto, a raiva, enquanto emo\u00e7\u00e3o, tem uma fun\u00e7\u00e3o adaptativa em algumas situa\u00e7\u00f5es, ajudando-nos a estabelecer limites ou a expressar descontentamento quando algo nos fere ou amea\u00e7a. No entanto, o problema surge quando esse sentimento se transforma numa resposta autom\u00e1tica, numa forma de nos defendermos de tudo aquilo que n\u00e3o nos agrada ou nos faz sentir desconfort\u00e1veis. \u00c9 aqui que a confus\u00e3o se instala: acreditamos que zangarmo-nos \u00e9 um ato de poder, quando na verdade estamos a entregar o controlo \u00e0 emo\u00e7\u00e3o em vez de a gerir.<\/p>\n\n\n\n<p>Se olharmos para as rela\u00e7\u00f5es pessoais, profissionais ou mesmo pol\u00edticas, vemos como a raiva se manifesta em forma de gritos, acusa\u00e7\u00f5es e hostilidade. E, embora por vezes esse comportamento seja visto como sinal de autoridade ou firmeza, na realidade o que revela \u00e9 uma incapacidade de gerir as emo\u00e7\u00f5es de forma eficaz. As pessoas que tendem a explodir em momentos de tens\u00e3o, em vez de resolverem o conflito de forma construtiva, est\u00e3o simplesmente a demonstrar que n\u00e3o possuem as ferramentas necess\u00e1rias para gerir as suas emo\u00e7\u00f5es.<\/p>\n\n\n\n<p>Quando dizemos que algu\u00e9m tem \u201cum car\u00e1cter explosivo\u201d, estamos a descrev\u00ea-lo como algu\u00e9m que explode sem aviso, que se deixa levar pelo impulso da emo\u00e7\u00e3o sem pensar. Essa \u201cfor\u00e7a\u201d que vemos no exterior esconde, na realidade, uma grande fragilidade interior. Algu\u00e9m que n\u00e3o consegue controlar o seu temperamento est\u00e1, muitas vezes, a lidar com inseguran\u00e7as ou medos internos que n\u00e3o sabe como gerir. Em vez de ser forte, a pessoa que reage constantemente com raiva \u00e9, de certa forma, fr\u00e1gil, porque permite que o ambiente e as emo\u00e7\u00f5es a arrastem sem ter verdadeiro controlo sobre a situa\u00e7\u00e3o.<\/p>\n\n\n\n<p>Um exemplo claro disto pode ser observado no contexto profissional. Em muitas culturas empresariais, as figuras de lideran\u00e7a s\u00e3o vistas como fortes quando s\u00e3o autorit\u00e1rias e exigentes, quando imp\u00f5em a sua vontade atrav\u00e9s de gritos ou amea\u00e7as. Mas ser\u00e1 essa realmente uma forma eficaz de lideran\u00e7a? Ter\u00e1 essa pessoa realmente mais controlo sobre a situa\u00e7\u00e3o ou ter\u00e1 simplesmente criado um ambiente de medo que bloqueia a coopera\u00e7\u00e3o e a criatividade dos outros? Na maioria dos casos, o que acontece \u00e9 que a raiva e a agressividade no ambiente de trabalho geram apenas tens\u00f5es desnecess\u00e1rias, criando um ambiente t\u00f3xico que limita a produtividade e o bem-estar emocional de todos os envolvidos.<\/p>\n\n\n\n<p>O mesmo acontece nas rela\u00e7\u00f5es pessoais. Quantas vezes vimos casais ou amigos resolverem os seus desacordos atrav\u00e9s de discuss\u00f5es explosivas, onde a raiva se torna protagonista e as palavras se transformam em armas afiadas. Embora pare\u00e7a que a raiva serve para \u201cesclarecer as coisas\u201d, o que realmente acontece \u00e9 que o conflito n\u00e3o \u00e9 resolvido na sua raiz. As palavras feridas n\u00e3o eliminam o problema; apenas aprofundam o dano. Esta \u00e9 uma das raz\u00f5es pelas quais as pessoas muitas vezes se sentem vazias ou insatisfeitas depois de uma discuss\u00e3o: n\u00e3o alcan\u00e7aram uma solu\u00e7\u00e3o real, apenas uma liberta\u00e7\u00e3o moment\u00e2nea da tens\u00e3o emocional.<\/p>\n\n\n\n<p>Ent\u00e3o, por que continuamos a confundir a raiva com fortaleza? A resposta reside, em grande parte, nas cren\u00e7as que nos foram ensinadas desde pequenos. Como j\u00e1 mencion\u00e1mos, frases como \u201cquem grita mais alto tem o poder\u201d, \u201cquem n\u00e3o se zanga \u00e9 fraco\u201d ou \u201cquem se defende com f\u00faria \u00e9 quem manda\u201d foram transmitidas de gera\u00e7\u00e3o em gera\u00e7\u00e3o. Estas ideias ficaram t\u00e3o enraizadas no nosso subconsciente que muitas vezes as vemos como verdades indiscut\u00edveis, sem as questionar. Esta vis\u00e3o distorcida da for\u00e7a perpetuou-se porque, culturalmente, a raiva foi vista como uma forma de expressar poder. No entanto, \u00e9 importante percebermos que a verdadeira fortaleza n\u00e3o \u00e9 um grito nem uma explos\u00e3o emocional; \u00e9 a capacidade de manter a calma, de escolher como reagir e de agir de forma coerente com os nossos valores e objetivos.<\/p>\n\n\n\n<p>O desafio que temos diante de n\u00f3s \u00e9 substituir essa conce\u00e7\u00e3o errada por uma vis\u00e3o mais realista. Ser forte n\u00e3o significa ser impenetr\u00e1vel nem perder o controlo a cada frustra\u00e7\u00e3o. A verdadeira fortaleza reside em sermos capazes de manter a nossa paz interior, de gerir as nossas emo\u00e7\u00f5es de forma saud\u00e1vel e de responder \u00e0s situa\u00e7\u00f5es com uma atitude reflexiva. Isso n\u00e3o significa reprimir o que sentimos, mas sim aprender a reconhecer essas emo\u00e7\u00f5es e agir a partir de um lugar de sabedoria interior.<\/p>\n\n\n\n<p>Da pr\u00f3xima vez que sentires o impulso de explodir de raiva, convido-te a fazer uma pausa. Respira, toma consci\u00eancia do que est\u00e1 a acontecer dentro de ti e escolhe como responder. Essa \u00e9 a verdadeira fortaleza: a capacidade de n\u00e3o te deixares arrastar pelo impulso, de manter o controlo e de transformar uma rea\u00e7\u00e3o impulsiva numa resposta consciente.<\/p>\n\n\n\n<p>O mito do \u201cassim sou eu\u201d e a resist\u00eancia \u00e0 mudan\u00e7a<\/p>\n\n\n\n<p>Um dos mitos mais comuns em torno da fortaleza emocional \u00e9 a cren\u00e7a de que o nosso car\u00e1cter \u00e9 algo fixo, algo que n\u00e3o pode mudar. Muitas vezes ouvimos frases como \u201cAssim sou eu\u201d ou \u201cEu n\u00e3o posso mudar\u201d, como se a nossa forma de ser estivesse gravada em pedra. Este mito, no entanto, \u00e9 uma das principais barreiras que nos impede de crescer e de desenvolver uma verdadeira fortaleza interior.<\/p>\n\n\n\n<p>Quando algu\u00e9m diz \u201cAssim sou eu\u201d, est\u00e1 muitas vezes a justificar o seu comportamento sem reconhecer que tem a capacidade de evoluir. Esse \u201cassim sou eu\u201d transforma-se numa desculpa, numa forma de evitar a responsabilidade pelas pr\u00f3prias a\u00e7\u00f5es. \u00c9 mais f\u00e1cil dizer que n\u00e3o se pode mudar do que admitir que, na verdade, a mudan\u00e7a \u00e9 uma escolha que depende de n\u00f3s. Esta cren\u00e7a conduz-nos a uma postura passiva, em que nos sentimos impotentes perante as nossas emo\u00e7\u00f5es, como se estiv\u00e9ssemos \u00e0 merc\u00ea do nosso car\u00e1cter ou da nossa natureza, sem possibilidade de transforma\u00e7\u00e3o.<\/p>\n\n\n\n<p>Este mito do \u201cassim sou eu\u201d apresenta-se frequentemente como uma defesa do ego. Faz-nos sentir confort\u00e1veis, porque nos liberta da necessidade de questionar ou melhorar. Mas, na realidade, o que est\u00e1 por tr\u00e1s dessa cren\u00e7a \u00e9 uma falta de autocompreens\u00e3o e uma resist\u00eancia \u00e0 mudan\u00e7a. \u00c9 verdade que todos temos padr\u00f5es de comportamento que aprendemos ao longo dos anos, muitos deles inconscientes ou herdados. No entanto, isso n\u00e3o significa que estejamos condenados a viver com eles para sempre.<\/p>\n\n\n\n<p>A resist\u00eancia \u00e0 mudan\u00e7a \u00e9 natural. Como seres humanos, procuramos o conforto, e mudar implica sair dessa zona conhecida, enfrentar a incerteza e, muitas vezes, a incomodidade emocional. Temos medo de abandonar velhas cren\u00e7as ou atitudes, porque a mudan\u00e7a exige esfor\u00e7o consciente e constante. O verdadeiro problema \u00e9 que, ao agarrarmo-nos ao \u201cassim sou eu\u201d, estamos a negar a possibilidade de viver uma vida mais plena, mais aut\u00eantica e mais forte.<\/p>\n\n\n\n<p>Imagina que, ao enfrentar uma situa\u00e7\u00e3o de conflito, escolhes reagir como sempre fizeste: com raiva, gritos ou afastamento. Dizer \u201cassim sou eu\u201d permite justificar essa rea\u00e7\u00e3o, mas n\u00e3o te d\u00e1 a oportunidade de ver que existe uma forma mais saud\u00e1vel de responder, de transformar essa emo\u00e7\u00e3o em algo construtivo. Mudar n\u00e3o significa deixar de ser quem \u00e9s, mas tornar-te consciente de que as rea\u00e7\u00f5es autom\u00e1ticas muitas vezes n\u00e3o te servem e decidir agir a partir de uma compreens\u00e3o mais profunda de ti pr\u00f3prio.<\/p>\n\n\n\n<p>\u00c9 essencial compreender que a mudan\u00e7a \u00e9 um processo cont\u00ednuo. Ningu\u00e9m muda de um dia para o outro, mas cada vez que escolhemos tornar-nos conscientes das nossas emo\u00e7\u00f5es e rea\u00e7\u00f5es damos um passo em dire\u00e7\u00e3o a um maior dom\u00ednio do nosso car\u00e1cter. A verdadeira fortaleza est\u00e1 em reconhecer que h\u00e1 sempre algo que podemos aprender, em questionar as cren\u00e7as limitantes e em melhorar a forma como nos relacionamos connosco e com os outros.<\/p>\n\n\n\n<p>O mito do \u201cassim sou eu\u201d tamb\u00e9m est\u00e1 profundamente ligado ao medo do fracasso. Muitas vezes tememos mudar porque nos confrontamos com a possibilidade de n\u00e3o conseguir, de falhar na tentativa. Mas o verdadeiro fracasso n\u00e3o est\u00e1 em n\u00e3o mudar imediatamente, mas em n\u00e3o tentar sequer. O simples ato de tentar modificar uma atitude ou uma rea\u00e7\u00e3o j\u00e1 \u00e9 um sinal de crescimento. N\u00e3o se trata de o fazer de forma perfeita, mas de estar disposto a sair da zona de conforto e trabalhar no processo de transforma\u00e7\u00e3o.<\/p>\n\n\n\n<p>Al\u00e9m disso, aceitar que a mudan\u00e7a \u00e9 poss\u00edvel d\u00e1-nos a oportunidade de nos libertarmos das cren\u00e7as limitantes impostas pela sociedade ou pela nossa pr\u00f3pria hist\u00f3ria pessoal. Permite-nos deixar para tr\u00e1s as etiquetas com que fomos marcados \u2014 \u201c\u00e9s impaciente\u201d, \u201c\u00e9s introvertido\u201d, \u201c\u00e9s reativo\u201d \u2014 e come\u00e7ar a definir-nos de forma mais aut\u00eantica e livre. Aceitar que a mudan\u00e7a \u00e9 poss\u00edvel \u00e9 um ato de coragem, \u00e9 reconhecer que podemos criar a vida que realmente desejamos, sem ficarmos presos a padr\u00f5es antigos que j\u00e1 n\u00e3o nos servem.<\/p>\n\n\n\n<p>Em vez de nos agarrarmos ao \u201cassim sou eu\u201d como forma de evitar o esfor\u00e7o, podemos come\u00e7ar a ver-nos como seres em constante evolu\u00e7\u00e3o, capazes de aprender, desaprender e transformar a nossa vida. Quando deixamos de justificar os nossos comportamentos com essa desculpa, damos o primeiro passo rumo \u00e0 verdadeira fortaleza: a capacidade de sermos flex\u00edveis, de nos adaptarmos e de melhorar a cada dia. \u00c9 nessa adaptabilidade, nessa disposi\u00e7\u00e3o para mudar, que reside o verdadeiro poder.<\/p>\n\n\n\n<p>Este cap\u00edtulo convida-te n\u00e3o apenas a questionar o mito do \u201cassim sou eu\u201d, mas tamb\u00e9m a ver a mudan\u00e7a como uma oportunidade e n\u00e3o como uma amea\u00e7a. A mudan\u00e7a n\u00e3o \u00e9 algo a temer, mas algo que pode ser abra\u00e7ado como parte do processo de crescimento. A verdadeira fortaleza n\u00e3o est\u00e1 em resistir \u00e0 mudan\u00e7a, mas em ter a coragem de aceitar que, ao mudar, podemos tornar-nos mais livres, mais completos e, sobretudo, mais fortes.<\/p>\n\n\n\n<p>A diferen\u00e7a entre reagir impulsivamente e responder conscientemente<\/p>\n\n\n\n<p>A distin\u00e7\u00e3o entre reagir impulsivamente e responder conscientemente \u00e9 uma das chaves para compreender a verdadeira fortaleza. Embora ambas sejam respostas emocionais aos est\u00edmulos do ambiente, a diferen\u00e7a fundamental est\u00e1 no controlo e na reflex\u00e3o que existem antes de agir. Reagir impulsivamente e responder conscientemente representam duas formas opostas de lidar com as situa\u00e7\u00f5es que a vida nos apresenta.<\/p>\n\n\n\n<p>Reagir impulsivamente: a armadilha do automatismo<\/p>\n\n\n\n<p>A rea\u00e7\u00e3o impulsiva \u00e9 a resposta autom\u00e1tica e visceral a um est\u00edmulo. \u00c9 o comportamento que surge imediatamente, sem passar pelo filtro da mente consciente. Reagir impulsivamente baseia-se na emo\u00e7\u00e3o imediata: algo nos incomoda, provoca medo, raiva ou frustra\u00e7\u00e3o, e a nossa resposta surge de forma autom\u00e1tica. Neste tipo de resposta, as emo\u00e7\u00f5es governam as nossas a\u00e7\u00f5es e \u00e9 muito f\u00e1cil cair em padr\u00f5es destrutivos, como gritar, atacar verbalmente, fugir ou fechar-se emocionalmente perante os outros.<\/p>\n\n\n\n<p>Este tipo de rea\u00e7\u00e3o \u00e9 desencadeado em grande parte pelos nossos instintos mais primitivos, que foram \u00fateis para a sobreviv\u00eancia em tempos de perigo f\u00edsico, mas que, no contexto da vida moderna, nem sempre s\u00e3o \u00fateis nem produtivos. A rea\u00e7\u00e3o impulsiva caracteriza-se pela falta de consci\u00eancia: n\u00e3o refletimos sobre as consequ\u00eancias da nossa resposta, simplesmente agimos de acordo com o que sentimos naquele momento.<\/p>\n\n\n\n<p>Por exemplo, imagina que algu\u00e9m te interrompe a meio de uma conversa importante. Se reagires impulsivamente, poder\u00e1s sentir frustra\u00e7\u00e3o e, num instante, responder com sarcasmo ou levantar a voz para mostrar \u00e0 outra pessoa que te incomodou. Nesse momento, a irrita\u00e7\u00e3o toma conta de ti e a reflex\u00e3o desaparece. No entanto, esse tipo de rea\u00e7\u00e3o raramente resolve o conflito e, na maioria das vezes, agrava-o, porque o foco deixa de ser a resolu\u00e7\u00e3o da situa\u00e7\u00e3o e passa a ser o confronto emocional.<\/p>\n\n\n\n<p>Responder conscientemente: o poder da escolha<\/p>\n\n\n\n<p>Responder conscientemente, pelo contr\u00e1rio, implica dar um passo atr\u00e1s antes de reagir. \u00c9 uma decis\u00e3o ponderada que n\u00e3o se baseia apenas na emo\u00e7\u00e3o do momento, mas na forma como queremos agir e no resultado que desejamos alcan\u00e7ar. A resposta consciente permite-nos observar aquilo que sentimos, reconhecer as nossas emo\u00e7\u00f5es e decidir como canalizar essa energia.<\/p>\n\n\n\n<p>Esta resposta baseia-se na reflex\u00e3o. Em vez de permitir que as emo\u00e7\u00f5es dominem as nossas a\u00e7\u00f5es, somos capazes de observar as nossas rea\u00e7\u00f5es e escolher uma resposta alinhada com os nossos valores, com a nossa calma interior e com aquilo que realmente queremos alcan\u00e7ar. Quando respondemos conscientemente, fazemos uma pausa, consideramos as consequ\u00eancias e escolhemos agir de forma mais equilibrada.<\/p>\n\n\n\n<p>Voltando ao exemplo da conversa interrompida, responder conscientemente poderia significar respirar fundo, reconhecer o inc\u00f3modo e depois expressar a situa\u00e7\u00e3o de forma calma e assertiva. Poderias dizer: \u201cPercebo que queres intervir, mas gostaria de terminar a minha ideia. Podemos falar a seguir?\u201d Esta resposta \u00e9 firme, mas n\u00e3o nasce da raiva; nasce do desejo de resolver a situa\u00e7\u00e3o de forma respeitosa e construtiva.<\/p>\n\n\n\n<p>A diferen\u00e7a essencial entre reagir impulsivamente e responder conscientemente \u00e9 que a segunda op\u00e7\u00e3o nos devolve o poder de escolha. D\u00e1-nos a possibilidade de decidir como queremos agir, como queremos gerir as nossas emo\u00e7\u00f5es e como desejamos relacionar-nos com os outros. A consci\u00eancia \u00e9 a ponte entre o impulso e a reflex\u00e3o.<\/p>\n\n\n\n<p>Neste processo, o autocontrolo desempenha um papel fundamental. \u00c0 medida que aprendemos a ser mais conscientes, tornamo-nos capazes de filtrar as emo\u00e7\u00f5es intensas antes que elas se transformem em rea\u00e7\u00f5es destrutivas. Isso n\u00e3o significa reprimir o que sentimos, mas permitir-nos sentir essas emo\u00e7\u00f5es sem que elas nos dominem.<\/p>\n\n\n\n<p>A import\u00e2ncia da reflex\u00e3o e do autocuidado<\/p>\n\n\n\n<p>Refletir antes de agir n\u00e3o \u00e9 apenas uma forma de manter o controlo; \u00e9 tamb\u00e9m um ato de autocuidado. Fazer uma pausa permite-nos evitar comportamentos de que mais tarde nos possamos arrepender. \u00c9 uma forma de respeito por n\u00f3s pr\u00f3prios, de reconhecer que somos mais do que as nossas emo\u00e7\u00f5es moment\u00e2neas.<\/p>\n\n\n\n<p>Aprender a responder conscientemente ajuda-nos a criar uma vida mais equilibrada, porque deixamos de viver em modo autom\u00e1tico e come\u00e7amos a viver de forma intencional, guiados pelos nossos valores e pelos nossos objetivos mais profundos.<\/p>\n\n\n\n<p>\u00c9 importante lembrar que responder conscientemente n\u00e3o significa ter sempre a resposta perfeita. Todos estamos a aprender e, por vezes, cometeremos erros. No entanto, o que distingue quem responde conscientemente de quem reage impulsivamente \u00e9 a disposi\u00e7\u00e3o para aprender com esses erros e ajustar o comportamento no futuro.<\/p>\n\n\n\n<p>A pr\u00e1tica da resposta consciente pode ser desenvolvida com o tempo. \u00c0 medida que aprendemos a observar os nossos pensamentos e emo\u00e7\u00f5es sem nos identificarmos totalmente com eles, tornamo-nos mais capazes de escolher como responder em qualquer situa\u00e7\u00e3o.<\/p>\n\n\n\n<p>Em resumo:<\/p>\n\n\n\n<p>A verdadeira fortaleza reside na capacidade de n\u00e3o nos deixarmos arrastar pelas emo\u00e7\u00f5es moment\u00e2neas, mas de assumir o controlo e responder de forma consciente. Reagir impulsivamente conduz-nos ao descontrolo; responder conscientemente d\u00e1-nos o poder de escolher as nossas respostas, manter a calma e agir de acordo com a nossa melhor vers\u00e3o. \u00c9 nesse espa\u00e7o de reflex\u00e3o que reside a verdadeira for\u00e7a.<\/p>\n\n\n\n<p>Exerc\u00edcio: identificar momentos em que reagimos sem pensar e analisar alternativas<\/p>\n\n\n\n<p>Este exerc\u00edcio tem como objetivo ajudar-te a identificar momentos da tua vida em que reagiste impulsivamente e, depois, explorar alternativas mais conscientes e construtivas. \u00c0 medida que praticares este exerc\u00edcio, come\u00e7ar\u00e1s a reconhecer os teus padr\u00f5es de rea\u00e7\u00e3o e a desenvolver a capacidade de tomar decis\u00f5es mais equilibradas.<\/p>\n\n\n\n<p>Passo 1: reflete sobre um momento recente em que reagiste impulsivamente<\/p>\n\n\n\n<p>Reserva alguns minutos para recordar uma situa\u00e7\u00e3o recente em que reagiste de forma impulsiva. Pode ter sido no trabalho, com amigos, com familiares ou at\u00e9 contigo pr\u00f3prio. Pergunta-te:<br>Houve alguma situa\u00e7\u00e3o em que me senti muito frustrado, zangado ou incomodado?<br>Reagi rapidamente sem pensar nas consequ\u00eancias das minhas palavras ou a\u00e7\u00f5es?<br>Senti arrependimento depois da minha rea\u00e7\u00e3o?<\/p>\n\n\n\n<p>\u00c9 importante seres honesto contigo pr\u00f3prio. Este exerc\u00edcio serve para autocompreens\u00e3o e crescimento pessoal.<\/p>\n\n\n\n<p>Passo 2: descreve a situa\u00e7\u00e3o<\/p>\n\n\n\n<p>Depois de identificares o momento em que reagiste impulsivamente, escreve um pequeno resumo da situa\u00e7\u00e3o. Tenta incluir:<br>O que aconteceu exatamente?<br>Como te sentiste naquele momento?<br>Qual foi a tua rea\u00e7\u00e3o imediata?<br>Que consequ\u00eancias teve essa rea\u00e7\u00e3o?<\/p>\n\n\n\n<p>Passo 3: analisa alternativas<\/p>\n\n\n\n<p>Agora reflete sobre como poderias ter lidado com a situa\u00e7\u00e3o de forma diferente. Pergunta-te:<br>O que poderia ter feito para me acalmar antes de responder?<br>Como poderia ter expressado o meu desconforto sem agressividade?<br>Que palavras poderiam ter sido mais construtivas?<br>Como me teria sentido depois de uma resposta mais consciente?<\/p>\n\n\n\n<p>Passo 4: imagina uma resposta alternativa e visualiza-a<\/p>\n\n\n\n<p>Imagina agora a mesma situa\u00e7\u00e3o, mas com uma resposta mais calma e consciente. Visualiza-te a agir com serenidade, clareza e respeito. Observa como isso mudaria a din\u00e2mica da situa\u00e7\u00e3o.<\/p>\n\n\n\n<p>Passo 5: compromete-te a praticar<\/p>\n\n\n\n<p>O \u00faltimo passo \u00e9 assumir um compromisso contigo pr\u00f3prio. Escolhe uma situa\u00e7\u00e3o futura em que possas praticar uma resposta mais consciente. Pergunta-te:<br>Que passos concretos posso dar para responder com mais consci\u00eancia?<br>Como posso lembrar-me de fazer uma pausa antes de reagir?<\/p>\n\n\n\n<p>A ideia \u00e9 come\u00e7ar a integrar esta pr\u00e1tica na tua vida di\u00e1ria. N\u00e3o se trata de ser perfeito, mas de te tornares cada vez mais consciente da forma como escolhes responder \u00e0 vida.<\/p>\n","protected":false},"excerpt":{"rendered":"<p>Por que confundimos a raiva com fortaleza? Cap\u00edtulo 1 A raiva \u00e9 uma emo\u00e7\u00e3o humana natural, mas, ao longo dos [&hellip;]<\/p>\n","protected":false},"author":1,"featured_media":0,"comment_status":"open","ping_status":"open","sticky":false,"template":"","format":"standard","meta":{"site-sidebar-layout":"default","site-content-layout":"","ast-site-content-layout":"","site-content-style":"default","site-sidebar-style":"default","ast-global-header-display":"","ast-banner-title-visibility":"","ast-main-header-display":"","ast-hfb-above-header-display":"","ast-hfb-below-header-display":"","ast-hfb-mobile-header-display":"","site-post-title":"","ast-breadcrumbs-content":"","ast-featured-img":"","footer-sml-layout":"","theme-transparent-header-meta":"","adv-header-id-meta":"","stick-header-meta":"","header-above-stick-meta":"","header-main-stick-meta":"","header-below-stick-meta":"","astra-migrate-meta-layouts":"default","ast-page-background-enabled":"default","ast-page-background-meta":{"desktop":{"background-color":"var(--ast-global-color-5)","background-image":"","background-repeat":"repeat","background-position":"center center","background-size":"auto","background-attachment":"scroll","background-type":"","background-media":"","overlay-type":"","overlay-color":"","overlay-opacity":"","overlay-gradient":""},"tablet":{"background-color":"","background-image":"","background-repeat":"repeat","background-position":"center center","background-size":"auto","background-attachment":"scroll","background-type":"","background-media":"","overlay-type":"","overlay-color":"","overlay-opacity":"","overlay-gradient":""},"mobile":{"background-color":"","background-image":"","background-repeat":"repeat","background-position":"center center","background-size":"auto","background-attachment":"scroll","background-type":"","background-media":"","overlay-type":"","overlay-color":"","overlay-opacity":"","overlay-gradient":""}},"ast-content-background-meta":{"desktop":{"background-color":"var(--ast-global-color-4)","background-image":"","background-repeat":"repeat","background-position":"center center","background-size":"auto","background-attachment":"scroll","background-type":"","background-media":"","overlay-type":"","overlay-color":"","overlay-opacity":"","overlay-gradient":""},"tablet":{"background-color":"var(--ast-global-color-4)","background-image":"","background-repeat":"repeat","background-position":"center center","background-size":"auto","background-attachment":"scroll","background-type":"","background-media":"","overlay-type":"","overlay-color":"","overlay-opacity":"","overlay-gradient":""},"mobile":{"background-color":"var(--ast-global-color-4)","background-image":"","background-repeat":"repeat","background-position":"center center","background-size":"auto","background-attachment":"scroll","background-type":"","background-media":"","overlay-type":"","overlay-color":"","overlay-opacity":"","overlay-gradient":""}},"footnotes":""},"categories":[38,39],"tags":[],"class_list":["post-2981","post","type-post","status-publish","format-standard","hentry","category-apacigua-portugal","category-caracter-forte"],"yoast_head":"<!-- This site is optimized with the Yoast SEO plugin v26.0 - https:\/\/yoast.com\/wordpress\/plugins\/seo\/ -->\n<title>Car\u00e1cter forte \u2013 A armadilha do car\u00e1cter explosivo - MI BLOG<\/title>\n<meta name=\"robots\" content=\"index, follow, max-snippet:-1, max-image-preview:large, max-video-preview:-1\" \/>\n<link rel=\"canonical\" href=\"https:\/\/viniciojarquin.com\/blog\/caracter-forte-a-armadilha-do-caracter-explosivo\/\" \/>\n<meta property=\"og:locale\" content=\"es_ES\" \/>\n<meta property=\"og:type\" content=\"article\" \/>\n<meta property=\"og:title\" content=\"Car\u00e1cter forte \u2013 A armadilha do car\u00e1cter explosivo - MI BLOG\" \/>\n<meta property=\"og:description\" content=\"Por que confundimos a raiva com fortaleza? Cap\u00edtulo 1 A raiva \u00e9 uma emo\u00e7\u00e3o humana natural, mas, ao longo dos [&hellip;]\" \/>\n<meta property=\"og:url\" content=\"https:\/\/viniciojarquin.com\/blog\/caracter-forte-a-armadilha-do-caracter-explosivo\/\" \/>\n<meta property=\"og:site_name\" content=\"MI BLOG\" \/>\n<meta property=\"article:publisher\" content=\"https:\/\/www.facebook.com\/vinicio.jarquin\" \/>\n<meta property=\"article:author\" content=\"https:\/\/www.facebook.com\/vinicio.jarquin\" \/>\n<meta property=\"article:published_time\" content=\"2026-03-11T01:53:58+00:00\" \/>\n<meta property=\"article:modified_time\" content=\"2026-03-11T01:53:59+00:00\" \/>\n<meta name=\"author\" content=\"Vinicio Jarqu\u00edn\" \/>\n<meta name=\"twitter:card\" content=\"summary_large_image\" \/>\n<meta name=\"twitter:label1\" content=\"Escrito por\" \/>\n\t<meta name=\"twitter:data1\" content=\"Vinicio Jarqu\u00edn\" \/>\n\t<meta name=\"twitter:label2\" content=\"Tiempo de lectura\" \/>\n\t<meta name=\"twitter:data2\" content=\"14 minutos\" \/>\n<script type=\"application\/ld+json\" class=\"yoast-schema-graph\">{\"@context\":\"https:\/\/schema.org\",\"@graph\":[{\"@type\":\"Article\",\"@id\":\"https:\/\/viniciojarquin.com\/blog\/caracter-forte-a-armadilha-do-caracter-explosivo\/#article\",\"isPartOf\":{\"@id\":\"https:\/\/viniciojarquin.com\/blog\/caracter-forte-a-armadilha-do-caracter-explosivo\/\"},\"author\":{\"name\":\"Vinicio Jarqu\u00edn\",\"@id\":\"https:\/\/viniciojarquin.com\/blog\/#\/schema\/person\/90100c8845ae55462ec0657d3d2f8d3b\"},\"headline\":\"Car\u00e1cter forte \u2013 A armadilha do car\u00e1cter explosivo\",\"datePublished\":\"2026-03-11T01:53:58+00:00\",\"dateModified\":\"2026-03-11T01:53:59+00:00\",\"mainEntityOfPage\":{\"@id\":\"https:\/\/viniciojarquin.com\/blog\/caracter-forte-a-armadilha-do-caracter-explosivo\/\"},\"wordCount\":3194,\"commentCount\":0,\"publisher\":{\"@id\":\"https:\/\/viniciojarquin.com\/blog\/#\/schema\/person\/90100c8845ae55462ec0657d3d2f8d3b\"},\"articleSection\":[\"Apacigua - Portugal\",\"Car\u00e1cter forte\"],\"inLanguage\":\"es\",\"potentialAction\":[{\"@type\":\"CommentAction\",\"name\":\"Comment\",\"target\":[\"https:\/\/viniciojarquin.com\/blog\/caracter-forte-a-armadilha-do-caracter-explosivo\/#respond\"]}]},{\"@type\":\"WebPage\",\"@id\":\"https:\/\/viniciojarquin.com\/blog\/caracter-forte-a-armadilha-do-caracter-explosivo\/\",\"url\":\"https:\/\/viniciojarquin.com\/blog\/caracter-forte-a-armadilha-do-caracter-explosivo\/\",\"name\":\"Car\u00e1cter forte \u2013 A armadilha do car\u00e1cter explosivo - MI BLOG\",\"isPartOf\":{\"@id\":\"https:\/\/viniciojarquin.com\/blog\/#website\"},\"datePublished\":\"2026-03-11T01:53:58+00:00\",\"dateModified\":\"2026-03-11T01:53:59+00:00\",\"breadcrumb\":{\"@id\":\"https:\/\/viniciojarquin.com\/blog\/caracter-forte-a-armadilha-do-caracter-explosivo\/#breadcrumb\"},\"inLanguage\":\"es\",\"potentialAction\":[{\"@type\":\"ReadAction\",\"target\":[\"https:\/\/viniciojarquin.com\/blog\/caracter-forte-a-armadilha-do-caracter-explosivo\/\"]}]},{\"@type\":\"BreadcrumbList\",\"@id\":\"https:\/\/viniciojarquin.com\/blog\/caracter-forte-a-armadilha-do-caracter-explosivo\/#breadcrumb\",\"itemListElement\":[{\"@type\":\"ListItem\",\"position\":1,\"name\":\"Portada\",\"item\":\"https:\/\/viniciojarquin.com\/blog\/\"},{\"@type\":\"ListItem\",\"position\":2,\"name\":\"Car\u00e1cter forte \u2013 A armadilha do car\u00e1cter explosivo\"}]},{\"@type\":\"WebSite\",\"@id\":\"https:\/\/viniciojarquin.com\/blog\/#website\",\"url\":\"https:\/\/viniciojarquin.com\/blog\/\",\"name\":\"Vinicio Jarqu\u00edn BLOG\",\"description\":\"\",\"publisher\":{\"@id\":\"https:\/\/viniciojarquin.com\/blog\/#\/schema\/person\/90100c8845ae55462ec0657d3d2f8d3b\"},\"potentialAction\":[{\"@type\":\"SearchAction\",\"target\":{\"@type\":\"EntryPoint\",\"urlTemplate\":\"https:\/\/viniciojarquin.com\/blog\/?s={search_term_string}\"},\"query-input\":{\"@type\":\"PropertyValueSpecification\",\"valueRequired\":true,\"valueName\":\"search_term_string\"}}],\"inLanguage\":\"es\"},{\"@type\":[\"Person\",\"Organization\"],\"@id\":\"https:\/\/viniciojarquin.com\/blog\/#\/schema\/person\/90100c8845ae55462ec0657d3d2f8d3b\",\"name\":\"Vinicio Jarqu\u00edn\",\"image\":{\"@type\":\"ImageObject\",\"inLanguage\":\"es\",\"@id\":\"https:\/\/viniciojarquin.com\/blog\/#\/schema\/person\/image\/\",\"url\":\"https:\/\/viniciojarquin.com\/blog\/wp-content\/uploads\/2024\/10\/Logo-VinicioJarquin-original-400.png\",\"contentUrl\":\"https:\/\/viniciojarquin.com\/blog\/wp-content\/uploads\/2024\/10\/Logo-VinicioJarquin-original-400.png\",\"width\":400,\"height\":130,\"caption\":\"Vinicio Jarqu\u00edn\"},\"logo\":{\"@id\":\"https:\/\/viniciojarquin.com\/blog\/#\/schema\/person\/image\/\"},\"description\":\"Empresario textil, artista pl\u00e1stico, escritor, coach de vida y fot\u00f3grafo.\",\"sameAs\":[\"https:\/\/viniciojarquin.com\/blog\",\"https:\/\/www.facebook.com\/vinicio.jarquin\",\"https:\/\/www.instagram.com\/vinicio_jarquin\/\",\"https:\/\/www.pinterest.com\/vinnyjc\/\",\"https:\/\/www.youtube.com\/@VinicioJarquin\"],\"url\":\"https:\/\/viniciojarquin.com\/blog\/author\/admin_s02au25i\/\"}]}<\/script>\n<!-- \/ Yoast SEO plugin. -->","yoast_head_json":{"title":"Car\u00e1cter forte \u2013 A armadilha do car\u00e1cter explosivo - MI BLOG","robots":{"index":"index","follow":"follow","max-snippet":"max-snippet:-1","max-image-preview":"max-image-preview:large","max-video-preview":"max-video-preview:-1"},"canonical":"https:\/\/viniciojarquin.com\/blog\/caracter-forte-a-armadilha-do-caracter-explosivo\/","og_locale":"es_ES","og_type":"article","og_title":"Car\u00e1cter forte \u2013 A armadilha do car\u00e1cter explosivo - MI BLOG","og_description":"Por que confundimos a raiva com fortaleza? Cap\u00edtulo 1 A raiva \u00e9 uma emo\u00e7\u00e3o humana natural, mas, ao longo dos [&hellip;]","og_url":"https:\/\/viniciojarquin.com\/blog\/caracter-forte-a-armadilha-do-caracter-explosivo\/","og_site_name":"MI BLOG","article_publisher":"https:\/\/www.facebook.com\/vinicio.jarquin","article_author":"https:\/\/www.facebook.com\/vinicio.jarquin","article_published_time":"2026-03-11T01:53:58+00:00","article_modified_time":"2026-03-11T01:53:59+00:00","author":"Vinicio Jarqu\u00edn","twitter_card":"summary_large_image","twitter_misc":{"Escrito por":"Vinicio Jarqu\u00edn","Tiempo de lectura":"14 minutos"},"schema":{"@context":"https:\/\/schema.org","@graph":[{"@type":"Article","@id":"https:\/\/viniciojarquin.com\/blog\/caracter-forte-a-armadilha-do-caracter-explosivo\/#article","isPartOf":{"@id":"https:\/\/viniciojarquin.com\/blog\/caracter-forte-a-armadilha-do-caracter-explosivo\/"},"author":{"name":"Vinicio Jarqu\u00edn","@id":"https:\/\/viniciojarquin.com\/blog\/#\/schema\/person\/90100c8845ae55462ec0657d3d2f8d3b"},"headline":"Car\u00e1cter forte \u2013 A armadilha do car\u00e1cter explosivo","datePublished":"2026-03-11T01:53:58+00:00","dateModified":"2026-03-11T01:53:59+00:00","mainEntityOfPage":{"@id":"https:\/\/viniciojarquin.com\/blog\/caracter-forte-a-armadilha-do-caracter-explosivo\/"},"wordCount":3194,"commentCount":0,"publisher":{"@id":"https:\/\/viniciojarquin.com\/blog\/#\/schema\/person\/90100c8845ae55462ec0657d3d2f8d3b"},"articleSection":["Apacigua - Portugal","Car\u00e1cter forte"],"inLanguage":"es","potentialAction":[{"@type":"CommentAction","name":"Comment","target":["https:\/\/viniciojarquin.com\/blog\/caracter-forte-a-armadilha-do-caracter-explosivo\/#respond"]}]},{"@type":"WebPage","@id":"https:\/\/viniciojarquin.com\/blog\/caracter-forte-a-armadilha-do-caracter-explosivo\/","url":"https:\/\/viniciojarquin.com\/blog\/caracter-forte-a-armadilha-do-caracter-explosivo\/","name":"Car\u00e1cter forte \u2013 A armadilha do car\u00e1cter explosivo - MI BLOG","isPartOf":{"@id":"https:\/\/viniciojarquin.com\/blog\/#website"},"datePublished":"2026-03-11T01:53:58+00:00","dateModified":"2026-03-11T01:53:59+00:00","breadcrumb":{"@id":"https:\/\/viniciojarquin.com\/blog\/caracter-forte-a-armadilha-do-caracter-explosivo\/#breadcrumb"},"inLanguage":"es","potentialAction":[{"@type":"ReadAction","target":["https:\/\/viniciojarquin.com\/blog\/caracter-forte-a-armadilha-do-caracter-explosivo\/"]}]},{"@type":"BreadcrumbList","@id":"https:\/\/viniciojarquin.com\/blog\/caracter-forte-a-armadilha-do-caracter-explosivo\/#breadcrumb","itemListElement":[{"@type":"ListItem","position":1,"name":"Portada","item":"https:\/\/viniciojarquin.com\/blog\/"},{"@type":"ListItem","position":2,"name":"Car\u00e1cter forte \u2013 A armadilha do car\u00e1cter explosivo"}]},{"@type":"WebSite","@id":"https:\/\/viniciojarquin.com\/blog\/#website","url":"https:\/\/viniciojarquin.com\/blog\/","name":"Vinicio Jarqu\u00edn BLOG","description":"","publisher":{"@id":"https:\/\/viniciojarquin.com\/blog\/#\/schema\/person\/90100c8845ae55462ec0657d3d2f8d3b"},"potentialAction":[{"@type":"SearchAction","target":{"@type":"EntryPoint","urlTemplate":"https:\/\/viniciojarquin.com\/blog\/?s={search_term_string}"},"query-input":{"@type":"PropertyValueSpecification","valueRequired":true,"valueName":"search_term_string"}}],"inLanguage":"es"},{"@type":["Person","Organization"],"@id":"https:\/\/viniciojarquin.com\/blog\/#\/schema\/person\/90100c8845ae55462ec0657d3d2f8d3b","name":"Vinicio Jarqu\u00edn","image":{"@type":"ImageObject","inLanguage":"es","@id":"https:\/\/viniciojarquin.com\/blog\/#\/schema\/person\/image\/","url":"https:\/\/viniciojarquin.com\/blog\/wp-content\/uploads\/2024\/10\/Logo-VinicioJarquin-original-400.png","contentUrl":"https:\/\/viniciojarquin.com\/blog\/wp-content\/uploads\/2024\/10\/Logo-VinicioJarquin-original-400.png","width":400,"height":130,"caption":"Vinicio Jarqu\u00edn"},"logo":{"@id":"https:\/\/viniciojarquin.com\/blog\/#\/schema\/person\/image\/"},"description":"Empresario textil, artista pl\u00e1stico, escritor, coach de vida y fot\u00f3grafo.","sameAs":["https:\/\/viniciojarquin.com\/blog","https:\/\/www.facebook.com\/vinicio.jarquin","https:\/\/www.instagram.com\/vinicio_jarquin\/","https:\/\/www.pinterest.com\/vinnyjc\/","https:\/\/www.youtube.com\/@VinicioJarquin"],"url":"https:\/\/viniciojarquin.com\/blog\/author\/admin_s02au25i\/"}]}},"blog_post_layout_featured_media_urls":{"thumbnail":"","full":""},"categories_names":{"38":{"name":"Apacigua - Portugal","link":"https:\/\/viniciojarquin.com\/blog\/category\/apacigua-portugal\/"},"39":{"name":"Car\u00e1cter forte","link":"https:\/\/viniciojarquin.com\/blog\/category\/apacigua-portugal\/caracter-forte\/"}},"tags_names":[],"comments_number":"0","_links":{"self":[{"href":"https:\/\/viniciojarquin.com\/blog\/wp-json\/wp\/v2\/posts\/2981","targetHints":{"allow":["GET"]}}],"collection":[{"href":"https:\/\/viniciojarquin.com\/blog\/wp-json\/wp\/v2\/posts"}],"about":[{"href":"https:\/\/viniciojarquin.com\/blog\/wp-json\/wp\/v2\/types\/post"}],"author":[{"embeddable":true,"href":"https:\/\/viniciojarquin.com\/blog\/wp-json\/wp\/v2\/users\/1"}],"replies":[{"embeddable":true,"href":"https:\/\/viniciojarquin.com\/blog\/wp-json\/wp\/v2\/comments?post=2981"}],"version-history":[{"count":1,"href":"https:\/\/viniciojarquin.com\/blog\/wp-json\/wp\/v2\/posts\/2981\/revisions"}],"predecessor-version":[{"id":2982,"href":"https:\/\/viniciojarquin.com\/blog\/wp-json\/wp\/v2\/posts\/2981\/revisions\/2982"}],"wp:attachment":[{"href":"https:\/\/viniciojarquin.com\/blog\/wp-json\/wp\/v2\/media?parent=2981"}],"wp:term":[{"taxonomy":"category","embeddable":true,"href":"https:\/\/viniciojarquin.com\/blog\/wp-json\/wp\/v2\/categories?post=2981"},{"taxonomy":"post_tag","embeddable":true,"href":"https:\/\/viniciojarquin.com\/blog\/wp-json\/wp\/v2\/tags?post=2981"}],"curies":[{"name":"wp","href":"https:\/\/api.w.org\/{rel}","templated":true}]}}