{"id":3003,"date":"2026-03-11T22:54:08","date_gmt":"2026-03-11T22:54:08","guid":{"rendered":"https:\/\/viniciojarquin.com\/blog\/?p=3003"},"modified":"2026-03-11T23:00:58","modified_gmt":"2026-03-11T23:00:58","slug":"la-sala-constitucional-pide-explicaciones-al-gobierno","status":"publish","type":"post","link":"https:\/\/viniciojarquin.com\/blog\/la-sala-constitucional-pide-explicaciones-al-gobierno\/","title":{"rendered":"La Sala Constitucional pide explicaciones al Gobierno"},"content":{"rendered":"\n<figure class=\"wp-block-image size-full\"><img decoding=\"async\" width=\"800\" height=\"533\" data-src=\"https:\/\/viniciojarquin.com\/blog\/wp-content\/uploads\/2026\/03\/Llamado-a-cuentas.png\" alt=\"\" class=\"wp-image-3006 lazyload\" data-srcset=\"https:\/\/viniciojarquin.com\/blog\/wp-content\/uploads\/2026\/03\/Llamado-a-cuentas.png 800w, https:\/\/viniciojarquin.com\/blog\/wp-content\/uploads\/2026\/03\/Llamado-a-cuentas-300x200.png 300w, https:\/\/viniciojarquin.com\/blog\/wp-content\/uploads\/2026\/03\/Llamado-a-cuentas-768x512.png 768w\" data-sizes=\"(max-width: 800px) 100vw, 800px\" src=\"data:image\/svg+xml;base64,PHN2ZyB3aWR0aD0iMSIgaGVpZ2h0PSIxIiB4bWxucz0iaHR0cDovL3d3dy53My5vcmcvMjAwMC9zdmciPjwvc3ZnPg==\" style=\"--smush-placeholder-width: 800px; --smush-placeholder-aspect-ratio: 800\/533;\" \/><\/figure>\n\n\n\n<p>En medio de la discusi\u00f3n nacional sobre la reciente firma de una declaraci\u00f3n de seguridad en Estados Unidos, la Sala Constitucional de la Corte Suprema de Justicia \u2014la conocida Sala IV\u2014 decidi\u00f3 intervenir para pedir explicaciones al Gobierno de la Rep\u00fablica.<\/p>\n\n\n\n<p>Lo que hizo la Sala no fue resolver todav\u00eda el tema, pero s\u00ed dar un paso importante: acept\u00f3 estudiar un recurso de amparo presentado por varios ciudadanos y orden\u00f3 al Gobierno que explique con claridad qu\u00e9 fue exactamente lo que se firm\u00f3 y cu\u00e1les son sus implicaciones para Costa Rica.<\/p>\n\n\n\n<p>Los magistrados le dieron un plazo de tres d\u00edas h\u00e1biles al ministro de Seguridad P\u00fablica, Mario Zamora, y a la ministra de la Presidencia, Laura Fern\u00e1ndez, para que entreguen un informe detallado sobre la llamada declaraci\u00f3n \u201cEscudo de las Am\u00e9ricas\u201d, firmada el pasado 5 de marzo en Doral, Florida, durante una conferencia internacional contra el narcotr\u00e1fico.<\/p>\n\n\n\n<p>\u00bfPor qu\u00e9 se est\u00e1 cuestionando ese acuerdo?<\/p>\n\n\n\n<p>El recurso presentado ante la Sala IV plantea varias preocupaciones que tienen que ver con la forma en que Costa Rica se relaciona con alianzas de seguridad o defensa en el continente.<\/p>\n\n\n\n<p>Uno de los puntos centrales es que, seg\u00fan los ciudadanos que presentaron el recurso, el ministro de Seguridad podr\u00eda no tener la competencia legal para firmar acuerdos que tengan implicaciones geopol\u00edticas o de pol\u00edtica exterior. Ese tipo de decisiones, en principio, corresponden al Poder Ejecutivo como un todo y suelen involucrar tambi\u00e9n a la Canciller\u00eda y, en algunos casos, a la Asamblea Legislativa.<\/p>\n\n\n\n<p>Otro de los argumentos tiene que ver con la tradici\u00f3n hist\u00f3rica de neutralidad de Costa Rica. Nuestro pa\u00eds aboli\u00f3 el ej\u00e9rcito en 1948 y, d\u00e9cadas despu\u00e9s, reafirm\u00f3 su neutralidad perpetua mediante una ley que busca evitar que Costa Rica se alinee con coaliciones militares o con doctrinas de car\u00e1cter militarista.<\/p>\n\n\n\n<p>Seg\u00fan el recurso, la declaraci\u00f3n firmada en Estados Unidos promueve una visi\u00f3n de seguridad basada en la idea de \u201cpaz a trav\u00e9s de la fuerza\u201d, algo que algunos consideran incompatible con el esp\u00edritu pacifista que ha caracterizado la pol\u00edtica internacional costarricense durante muchos a\u00f1os.<\/p>\n\n\n\n<p>Tambi\u00e9n se se\u00f1ala que la firma de esa declaraci\u00f3n no habr\u00eda sido consultada previamente ni con la Asamblea Legislativa ni con el Ministerio de Relaciones Exteriores, lo cual abre una discusi\u00f3n sobre los procedimientos institucionales que deben seguirse cuando el pa\u00eds asume compromisos de este tipo.<\/p>\n\n\n\n<p>\u00bfQu\u00e9 pasar\u00e1 ahora?<\/p>\n\n\n\n<p>Por el momento, la Sala Constitucional no ha tomado una decisi\u00f3n sobre el fondo del asunto. Lo que hizo fue solicitar explicaciones formales al Gobierno para poder analizar el caso con mayor detalle.<\/p>\n\n\n\n<p>El informe que deber\u00e1n presentar los jerarcas del Ejecutivo ser\u00e1 considerado bajo juramento, lo que significa que la informaci\u00f3n entregada debe ser veraz y completa. Una vez recibida esa explicaci\u00f3n, los magistrados estudiar\u00e1n el caso y decidir\u00e1n si el recurso tiene fundamento o no.<\/p>\n\n\n\n<p>Mientras tanto, la discusi\u00f3n contin\u00faa abierta.<\/p>\n\n\n\n<p>M\u00e1s all\u00e1 de las posiciones pol\u00edticas que cada persona pueda tener sobre el tema, este episodio vuelve a recordarnos algo importante: en una democracia, las decisiones del poder siempre pueden ser revisadas por las instituciones.<\/p>\n\n\n\n<p>Y eso, lejos de ser un problema, es precisamente una de las garant\u00edas que sostienen el equilibrio de la Rep\u00fablica.<\/p>\n\n\n\n<p>Fuente: CambioPolitico .com<\/p>\n","protected":false},"excerpt":{"rendered":"<p>En medio de la discusi\u00f3n nacional sobre la reciente firma de una declaraci\u00f3n de seguridad en Estados Unidos, la Sala [&hellip;]<\/p>\n","protected":false},"author":1,"featured_media":3006,"comment_status":"open","ping_status":"open","sticky":false,"template":"","format":"standard","meta":{"site-sidebar-layout":"default","site-content-layout":"","ast-site-content-layout":"","site-content-style":"default","site-sidebar-style":"default","ast-global-header-display":"","ast-banner-title-visibility":"","ast-main-header-display":"","ast-hfb-above-header-display":"","ast-hfb-below-header-display":"","ast-hfb-mobile-header-display":"","site-post-title":"","ast-breadcrumbs-content":"","ast-featured-img":"","footer-sml-layout":"","theme-transparent-header-meta":"","adv-header-id-meta":"","stick-header-meta":"","header-above-stick-meta":"","header-main-stick-meta":"","header-below-stick-meta":"","astra-migrate-meta-layouts":"default","ast-page-background-enabled":"default","ast-page-background-meta":{"desktop":{"background-color":"var(--ast-global-color-5)","background-image":"","background-repeat":"repeat","background-position":"center center","background-size":"auto","background-attachment":"scroll","background-type":"","background-media":"","overlay-type":"","overlay-color":"","overlay-opacity":"","overlay-gradient":""},"tablet":{"background-color":"","background-image":"","background-repeat":"repeat","background-position":"center center","background-size":"auto","background-attachment":"scroll","background-type":"","background-media":"","overlay-type":"","overlay-color":"","overlay-opacity":"","overlay-gradient":""},"mobile":{"background-color":"","background-image":"","background-repeat":"repeat","background-position":"center center","background-size":"auto","background-attachment":"scroll","background-type":"","background-media":"","overlay-type":"","overlay-color":"","overlay-opacity":"","overlay-gradient":""}},"ast-content-background-meta":{"desktop":{"background-color":"var(--ast-global-color-4)","background-image":"","background-repeat":"repeat","background-position":"center center","background-size":"auto","background-attachment":"scroll","background-type":"","background-media":"","overlay-type":"","overlay-color":"","overlay-opacity":"","overlay-gradient":""},"tablet":{"background-color":"var(--ast-global-color-4)","background-image":"","background-repeat":"repeat","background-position":"center center","background-size":"auto","background-attachment":"scroll","background-type":"","background-media":"","overlay-type":"","overlay-color":"","overlay-opacity":"","overlay-gradient":""},"mobile":{"background-color":"var(--ast-global-color-4)","background-image":"","background-repeat":"repeat","background-position":"center center","background-size":"auto","background-attachment":"scroll","background-type":"","background-media":"","overlay-type":"","overlay-color":"","overlay-opacity":"","overlay-gradient":""}},"footnotes":""},"categories":[12],"tags":[],"class_list":["post-3003","post","type-post","status-publish","format-standard","has-post-thumbnail","hentry","category-politica-o-gobierno"],"yoast_head":"<!-- This site is optimized with the Yoast SEO plugin v26.0 - https:\/\/yoast.com\/wordpress\/plugins\/seo\/ -->\n<title>La Sala Constitucional pide explicaciones al Gobierno - MI BLOG<\/title>\n<meta name=\"robots\" content=\"index, follow, max-snippet:-1, max-image-preview:large, max-video-preview:-1\" \/>\n<link rel=\"canonical\" href=\"https:\/\/viniciojarquin.com\/blog\/la-sala-constitucional-pide-explicaciones-al-gobierno\/\" \/>\n<meta property=\"og:locale\" content=\"es_ES\" \/>\n<meta property=\"og:type\" content=\"article\" \/>\n<meta property=\"og:title\" content=\"La Sala Constitucional pide explicaciones al Gobierno - MI BLOG\" \/>\n<meta property=\"og:description\" content=\"En medio de la discusi\u00f3n nacional sobre la reciente firma de una declaraci\u00f3n de seguridad en Estados Unidos, la Sala [&hellip;]\" \/>\n<meta property=\"og:url\" content=\"https:\/\/viniciojarquin.com\/blog\/la-sala-constitucional-pide-explicaciones-al-gobierno\/\" \/>\n<meta property=\"og:site_name\" content=\"MI BLOG\" \/>\n<meta property=\"article:publisher\" content=\"https:\/\/www.facebook.com\/vinicio.jarquin\" \/>\n<meta property=\"article:author\" content=\"https:\/\/www.facebook.com\/vinicio.jarquin\" \/>\n<meta property=\"article:published_time\" content=\"2026-03-11T22:54:08+00:00\" \/>\n<meta property=\"article:modified_time\" content=\"2026-03-11T23:00:58+00:00\" \/>\n<meta property=\"og:image\" content=\"https:\/\/viniciojarquin.com\/blog\/wp-content\/uploads\/2026\/03\/Llamado-a-cuentas.png\" \/>\n\t<meta property=\"og:image:width\" content=\"800\" \/>\n\t<meta property=\"og:image:height\" content=\"533\" \/>\n\t<meta property=\"og:image:type\" content=\"image\/png\" \/>\n<meta name=\"author\" content=\"Vinicio Jarqu\u00edn\" \/>\n<meta name=\"twitter:card\" content=\"summary_large_image\" \/>\n<meta name=\"twitter:label1\" content=\"Escrito por\" \/>\n\t<meta name=\"twitter:data1\" content=\"Vinicio Jarqu\u00edn\" \/>\n\t<meta name=\"twitter:label2\" content=\"Tiempo de lectura\" \/>\n\t<meta name=\"twitter:data2\" content=\"3 minutos\" \/>\n<script type=\"application\/ld+json\" class=\"yoast-schema-graph\">{\"@context\":\"https:\/\/schema.org\",\"@graph\":[{\"@type\":\"Article\",\"@id\":\"https:\/\/viniciojarquin.com\/blog\/la-sala-constitucional-pide-explicaciones-al-gobierno\/#article\",\"isPartOf\":{\"@id\":\"https:\/\/viniciojarquin.com\/blog\/la-sala-constitucional-pide-explicaciones-al-gobierno\/\"},\"author\":{\"name\":\"Vinicio Jarqu\u00edn\",\"@id\":\"https:\/\/viniciojarquin.com\/blog\/#\/schema\/person\/90100c8845ae55462ec0657d3d2f8d3b\"},\"headline\":\"La Sala Constitucional pide explicaciones al Gobierno\",\"datePublished\":\"2026-03-11T22:54:08+00:00\",\"dateModified\":\"2026-03-11T23:00:58+00:00\",\"mainEntityOfPage\":{\"@id\":\"https:\/\/viniciojarquin.com\/blog\/la-sala-constitucional-pide-explicaciones-al-gobierno\/\"},\"wordCount\":588,\"commentCount\":0,\"publisher\":{\"@id\":\"https:\/\/viniciojarquin.com\/blog\/#\/schema\/person\/90100c8845ae55462ec0657d3d2f8d3b\"},\"image\":{\"@id\":\"https:\/\/viniciojarquin.com\/blog\/la-sala-constitucional-pide-explicaciones-al-gobierno\/#primaryimage\"},\"thumbnailUrl\":\"https:\/\/viniciojarquin.com\/blog\/wp-content\/uploads\/2026\/03\/Llamado-a-cuentas.png\",\"articleSection\":[\"Pol\u00edtica varios\"],\"inLanguage\":\"es\",\"potentialAction\":[{\"@type\":\"CommentAction\",\"name\":\"Comment\",\"target\":[\"https:\/\/viniciojarquin.com\/blog\/la-sala-constitucional-pide-explicaciones-al-gobierno\/#respond\"]}]},{\"@type\":\"WebPage\",\"@id\":\"https:\/\/viniciojarquin.com\/blog\/la-sala-constitucional-pide-explicaciones-al-gobierno\/\",\"url\":\"https:\/\/viniciojarquin.com\/blog\/la-sala-constitucional-pide-explicaciones-al-gobierno\/\",\"name\":\"La Sala Constitucional pide explicaciones al Gobierno - MI BLOG\",\"isPartOf\":{\"@id\":\"https:\/\/viniciojarquin.com\/blog\/#website\"},\"primaryImageOfPage\":{\"@id\":\"https:\/\/viniciojarquin.com\/blog\/la-sala-constitucional-pide-explicaciones-al-gobierno\/#primaryimage\"},\"image\":{\"@id\":\"https:\/\/viniciojarquin.com\/blog\/la-sala-constitucional-pide-explicaciones-al-gobierno\/#primaryimage\"},\"thumbnailUrl\":\"https:\/\/viniciojarquin.com\/blog\/wp-content\/uploads\/2026\/03\/Llamado-a-cuentas.png\",\"datePublished\":\"2026-03-11T22:54:08+00:00\",\"dateModified\":\"2026-03-11T23:00:58+00:00\",\"breadcrumb\":{\"@id\":\"https:\/\/viniciojarquin.com\/blog\/la-sala-constitucional-pide-explicaciones-al-gobierno\/#breadcrumb\"},\"inLanguage\":\"es\",\"potentialAction\":[{\"@type\":\"ReadAction\",\"target\":[\"https:\/\/viniciojarquin.com\/blog\/la-sala-constitucional-pide-explicaciones-al-gobierno\/\"]}]},{\"@type\":\"ImageObject\",\"inLanguage\":\"es\",\"@id\":\"https:\/\/viniciojarquin.com\/blog\/la-sala-constitucional-pide-explicaciones-al-gobierno\/#primaryimage\",\"url\":\"https:\/\/viniciojarquin.com\/blog\/wp-content\/uploads\/2026\/03\/Llamado-a-cuentas.png\",\"contentUrl\":\"https:\/\/viniciojarquin.com\/blog\/wp-content\/uploads\/2026\/03\/Llamado-a-cuentas.png\",\"width\":800,\"height\":533},{\"@type\":\"BreadcrumbList\",\"@id\":\"https:\/\/viniciojarquin.com\/blog\/la-sala-constitucional-pide-explicaciones-al-gobierno\/#breadcrumb\",\"itemListElement\":[{\"@type\":\"ListItem\",\"position\":1,\"name\":\"Portada\",\"item\":\"https:\/\/viniciojarquin.com\/blog\/\"},{\"@type\":\"ListItem\",\"position\":2,\"name\":\"La Sala Constitucional pide explicaciones al Gobierno\"}]},{\"@type\":\"WebSite\",\"@id\":\"https:\/\/viniciojarquin.com\/blog\/#website\",\"url\":\"https:\/\/viniciojarquin.com\/blog\/\",\"name\":\"Vinicio Jarqu\u00edn BLOG\",\"description\":\"\",\"publisher\":{\"@id\":\"https:\/\/viniciojarquin.com\/blog\/#\/schema\/person\/90100c8845ae55462ec0657d3d2f8d3b\"},\"potentialAction\":[{\"@type\":\"SearchAction\",\"target\":{\"@type\":\"EntryPoint\",\"urlTemplate\":\"https:\/\/viniciojarquin.com\/blog\/?s={search_term_string}\"},\"query-input\":{\"@type\":\"PropertyValueSpecification\",\"valueRequired\":true,\"valueName\":\"search_term_string\"}}],\"inLanguage\":\"es\"},{\"@type\":[\"Person\",\"Organization\"],\"@id\":\"https:\/\/viniciojarquin.com\/blog\/#\/schema\/person\/90100c8845ae55462ec0657d3d2f8d3b\",\"name\":\"Vinicio Jarqu\u00edn\",\"image\":{\"@type\":\"ImageObject\",\"inLanguage\":\"es\",\"@id\":\"https:\/\/viniciojarquin.com\/blog\/#\/schema\/person\/image\/\",\"url\":\"https:\/\/viniciojarquin.com\/blog\/wp-content\/uploads\/2024\/10\/Logo-VinicioJarquin-original-400.png\",\"contentUrl\":\"https:\/\/viniciojarquin.com\/blog\/wp-content\/uploads\/2024\/10\/Logo-VinicioJarquin-original-400.png\",\"width\":400,\"height\":130,\"caption\":\"Vinicio Jarqu\u00edn\"},\"logo\":{\"@id\":\"https:\/\/viniciojarquin.com\/blog\/#\/schema\/person\/image\/\"},\"description\":\"Empresario textil, artista pl\u00e1stico, escritor, coach de vida y fot\u00f3grafo.\",\"sameAs\":[\"https:\/\/viniciojarquin.com\/blog\",\"https:\/\/www.facebook.com\/vinicio.jarquin\",\"https:\/\/www.instagram.com\/vinicio_jarquin\/\",\"https:\/\/www.pinterest.com\/vinnyjc\/\",\"https:\/\/www.youtube.com\/@VinicioJarquin\"],\"url\":\"https:\/\/viniciojarquin.com\/blog\/author\/admin_s02au25i\/\"}]}<\/script>\n<!-- \/ Yoast SEO plugin. -->","yoast_head_json":{"title":"La Sala Constitucional pide explicaciones al Gobierno - MI BLOG","robots":{"index":"index","follow":"follow","max-snippet":"max-snippet:-1","max-image-preview":"max-image-preview:large","max-video-preview":"max-video-preview:-1"},"canonical":"https:\/\/viniciojarquin.com\/blog\/la-sala-constitucional-pide-explicaciones-al-gobierno\/","og_locale":"es_ES","og_type":"article","og_title":"La Sala Constitucional pide explicaciones al Gobierno - MI BLOG","og_description":"En medio de la discusi\u00f3n nacional sobre la reciente firma de una declaraci\u00f3n de seguridad en Estados Unidos, la Sala [&hellip;]","og_url":"https:\/\/viniciojarquin.com\/blog\/la-sala-constitucional-pide-explicaciones-al-gobierno\/","og_site_name":"MI BLOG","article_publisher":"https:\/\/www.facebook.com\/vinicio.jarquin","article_author":"https:\/\/www.facebook.com\/vinicio.jarquin","article_published_time":"2026-03-11T22:54:08+00:00","article_modified_time":"2026-03-11T23:00:58+00:00","og_image":[{"width":800,"height":533,"url":"https:\/\/viniciojarquin.com\/blog\/wp-content\/uploads\/2026\/03\/Llamado-a-cuentas.png","type":"image\/png"}],"author":"Vinicio Jarqu\u00edn","twitter_card":"summary_large_image","twitter_misc":{"Escrito por":"Vinicio Jarqu\u00edn","Tiempo de lectura":"3 minutos"},"schema":{"@context":"https:\/\/schema.org","@graph":[{"@type":"Article","@id":"https:\/\/viniciojarquin.com\/blog\/la-sala-constitucional-pide-explicaciones-al-gobierno\/#article","isPartOf":{"@id":"https:\/\/viniciojarquin.com\/blog\/la-sala-constitucional-pide-explicaciones-al-gobierno\/"},"author":{"name":"Vinicio Jarqu\u00edn","@id":"https:\/\/viniciojarquin.com\/blog\/#\/schema\/person\/90100c8845ae55462ec0657d3d2f8d3b"},"headline":"La Sala Constitucional pide explicaciones al Gobierno","datePublished":"2026-03-11T22:54:08+00:00","dateModified":"2026-03-11T23:00:58+00:00","mainEntityOfPage":{"@id":"https:\/\/viniciojarquin.com\/blog\/la-sala-constitucional-pide-explicaciones-al-gobierno\/"},"wordCount":588,"commentCount":0,"publisher":{"@id":"https:\/\/viniciojarquin.com\/blog\/#\/schema\/person\/90100c8845ae55462ec0657d3d2f8d3b"},"image":{"@id":"https:\/\/viniciojarquin.com\/blog\/la-sala-constitucional-pide-explicaciones-al-gobierno\/#primaryimage"},"thumbnailUrl":"https:\/\/viniciojarquin.com\/blog\/wp-content\/uploads\/2026\/03\/Llamado-a-cuentas.png","articleSection":["Pol\u00edtica varios"],"inLanguage":"es","potentialAction":[{"@type":"CommentAction","name":"Comment","target":["https:\/\/viniciojarquin.com\/blog\/la-sala-constitucional-pide-explicaciones-al-gobierno\/#respond"]}]},{"@type":"WebPage","@id":"https:\/\/viniciojarquin.com\/blog\/la-sala-constitucional-pide-explicaciones-al-gobierno\/","url":"https:\/\/viniciojarquin.com\/blog\/la-sala-constitucional-pide-explicaciones-al-gobierno\/","name":"La Sala Constitucional pide explicaciones al Gobierno - MI BLOG","isPartOf":{"@id":"https:\/\/viniciojarquin.com\/blog\/#website"},"primaryImageOfPage":{"@id":"https:\/\/viniciojarquin.com\/blog\/la-sala-constitucional-pide-explicaciones-al-gobierno\/#primaryimage"},"image":{"@id":"https:\/\/viniciojarquin.com\/blog\/la-sala-constitucional-pide-explicaciones-al-gobierno\/#primaryimage"},"thumbnailUrl":"https:\/\/viniciojarquin.com\/blog\/wp-content\/uploads\/2026\/03\/Llamado-a-cuentas.png","datePublished":"2026-03-11T22:54:08+00:00","dateModified":"2026-03-11T23:00:58+00:00","breadcrumb":{"@id":"https:\/\/viniciojarquin.com\/blog\/la-sala-constitucional-pide-explicaciones-al-gobierno\/#breadcrumb"},"inLanguage":"es","potentialAction":[{"@type":"ReadAction","target":["https:\/\/viniciojarquin.com\/blog\/la-sala-constitucional-pide-explicaciones-al-gobierno\/"]}]},{"@type":"ImageObject","inLanguage":"es","@id":"https:\/\/viniciojarquin.com\/blog\/la-sala-constitucional-pide-explicaciones-al-gobierno\/#primaryimage","url":"https:\/\/viniciojarquin.com\/blog\/wp-content\/uploads\/2026\/03\/Llamado-a-cuentas.png","contentUrl":"https:\/\/viniciojarquin.com\/blog\/wp-content\/uploads\/2026\/03\/Llamado-a-cuentas.png","width":800,"height":533},{"@type":"BreadcrumbList","@id":"https:\/\/viniciojarquin.com\/blog\/la-sala-constitucional-pide-explicaciones-al-gobierno\/#breadcrumb","itemListElement":[{"@type":"ListItem","position":1,"name":"Portada","item":"https:\/\/viniciojarquin.com\/blog\/"},{"@type":"ListItem","position":2,"name":"La Sala Constitucional pide explicaciones al Gobierno"}]},{"@type":"WebSite","@id":"https:\/\/viniciojarquin.com\/blog\/#website","url":"https:\/\/viniciojarquin.com\/blog\/","name":"Vinicio Jarqu\u00edn BLOG","description":"","publisher":{"@id":"https:\/\/viniciojarquin.com\/blog\/#\/schema\/person\/90100c8845ae55462ec0657d3d2f8d3b"},"potentialAction":[{"@type":"SearchAction","target":{"@type":"EntryPoint","urlTemplate":"https:\/\/viniciojarquin.com\/blog\/?s={search_term_string}"},"query-input":{"@type":"PropertyValueSpecification","valueRequired":true,"valueName":"search_term_string"}}],"inLanguage":"es"},{"@type":["Person","Organization"],"@id":"https:\/\/viniciojarquin.com\/blog\/#\/schema\/person\/90100c8845ae55462ec0657d3d2f8d3b","name":"Vinicio Jarqu\u00edn","image":{"@type":"ImageObject","inLanguage":"es","@id":"https:\/\/viniciojarquin.com\/blog\/#\/schema\/person\/image\/","url":"https:\/\/viniciojarquin.com\/blog\/wp-content\/uploads\/2024\/10\/Logo-VinicioJarquin-original-400.png","contentUrl":"https:\/\/viniciojarquin.com\/blog\/wp-content\/uploads\/2024\/10\/Logo-VinicioJarquin-original-400.png","width":400,"height":130,"caption":"Vinicio Jarqu\u00edn"},"logo":{"@id":"https:\/\/viniciojarquin.com\/blog\/#\/schema\/person\/image\/"},"description":"Empresario textil, artista pl\u00e1stico, escritor, coach de vida y fot\u00f3grafo.","sameAs":["https:\/\/viniciojarquin.com\/blog","https:\/\/www.facebook.com\/vinicio.jarquin","https:\/\/www.instagram.com\/vinicio_jarquin\/","https:\/\/www.pinterest.com\/vinnyjc\/","https:\/\/www.youtube.com\/@VinicioJarquin"],"url":"https:\/\/viniciojarquin.com\/blog\/author\/admin_s02au25i\/"}]}},"blog_post_layout_featured_media_urls":{"thumbnail":["https:\/\/viniciojarquin.com\/blog\/wp-content\/uploads\/2026\/03\/Llamado-a-cuentas-150x150.png",150,150,true],"full":["https:\/\/viniciojarquin.com\/blog\/wp-content\/uploads\/2026\/03\/Llamado-a-cuentas.png",800,533,false]},"categories_names":{"12":{"name":"Pol\u00edtica varios","link":"https:\/\/viniciojarquin.com\/blog\/category\/politica-o-gobierno\/"}},"tags_names":[],"comments_number":"0","_links":{"self":[{"href":"https:\/\/viniciojarquin.com\/blog\/wp-json\/wp\/v2\/posts\/3003","targetHints":{"allow":["GET"]}}],"collection":[{"href":"https:\/\/viniciojarquin.com\/blog\/wp-json\/wp\/v2\/posts"}],"about":[{"href":"https:\/\/viniciojarquin.com\/blog\/wp-json\/wp\/v2\/types\/post"}],"author":[{"embeddable":true,"href":"https:\/\/viniciojarquin.com\/blog\/wp-json\/wp\/v2\/users\/1"}],"replies":[{"embeddable":true,"href":"https:\/\/viniciojarquin.com\/blog\/wp-json\/wp\/v2\/comments?post=3003"}],"version-history":[{"count":2,"href":"https:\/\/viniciojarquin.com\/blog\/wp-json\/wp\/v2\/posts\/3003\/revisions"}],"predecessor-version":[{"id":3008,"href":"https:\/\/viniciojarquin.com\/blog\/wp-json\/wp\/v2\/posts\/3003\/revisions\/3008"}],"wp:featuredmedia":[{"embeddable":true,"href":"https:\/\/viniciojarquin.com\/blog\/wp-json\/wp\/v2\/media\/3006"}],"wp:attachment":[{"href":"https:\/\/viniciojarquin.com\/blog\/wp-json\/wp\/v2\/media?parent=3003"}],"wp:term":[{"taxonomy":"category","embeddable":true,"href":"https:\/\/viniciojarquin.com\/blog\/wp-json\/wp\/v2\/categories?post=3003"},{"taxonomy":"post_tag","embeddable":true,"href":"https:\/\/viniciojarquin.com\/blog\/wp-json\/wp\/v2\/tags?post=3003"}],"curies":[{"name":"wp","href":"https:\/\/api.w.org\/{rel}","templated":true}]}}