{"id":3009,"date":"2026-03-12T05:47:47","date_gmt":"2026-03-12T05:47:47","guid":{"rendered":"https:\/\/viniciojarquin.com\/blog\/?p=3009"},"modified":"2026-03-12T07:34:21","modified_gmt":"2026-03-12T07:34:21","slug":"carta-a-mi-papa-en-el-cielo","status":"publish","type":"post","link":"https:\/\/viniciojarquin.com\/blog\/carta-a-mi-papa-en-el-cielo\/","title":{"rendered":"Pon\u00e9 tu mano en mi cuello"},"content":{"rendered":"\n<figure class=\"wp-block-image size-full\"><img decoding=\"async\" width=\"800\" height=\"533\" data-src=\"https:\/\/viniciojarquin.com\/blog\/wp-content\/uploads\/2026\/03\/pa.png\" alt=\"\" class=\"wp-image-3010 lazyload\" data-srcset=\"https:\/\/viniciojarquin.com\/blog\/wp-content\/uploads\/2026\/03\/pa.png 800w, https:\/\/viniciojarquin.com\/blog\/wp-content\/uploads\/2026\/03\/pa-300x200.png 300w, https:\/\/viniciojarquin.com\/blog\/wp-content\/uploads\/2026\/03\/pa-768x512.png 768w\" data-sizes=\"(max-width: 800px) 100vw, 800px\" src=\"data:image\/svg+xml;base64,PHN2ZyB3aWR0aD0iMSIgaGVpZ2h0PSIxIiB4bWxucz0iaHR0cDovL3d3dy53My5vcmcvMjAwMC9zdmciPjwvc3ZnPg==\" style=\"--smush-placeholder-width: 800px; --smush-placeholder-aspect-ratio: 800\/533;\" \/><\/figure>\n\n\n\n<p>Aqu\u00ed estoy otra vez, p\u00e1, como tantas otras veces que vengo a escribirte una carta desde que te fuiste al cielo. Siempre vengo con buenas noticias; nunca hay malas. Es curioso, porque aunque la vida siempre trae golpes, de alguna manera uno aprende a contarte solo lo que va bien, lo que sigue creciendo, lo que sigue caminando. Poco a poco voy saliendo de trajines, creciendo, super\u00e1ndome al d\u00eda anterior, tratando de ser digno de seguir en bendici\u00f3n. Tratando, sobre todo, de ser \u00edntegro entre lo que pienso que soy, lo que otros creen que soy y lo que en realidad soy cuando nadie est\u00e1 mirando. Y en ese intento sigo aqu\u00ed, caminando, aprendiendo, cay\u00e9ndome y levant\u00e1ndome, como si todav\u00eda estuviera tratando de demostrarte que voy bien.<\/p>\n\n\n\n<p>Aqu\u00ed sigo, p\u00e1. Cada calendario me golpea fuerte. Cada a\u00f1o que pasa pesa un poco m\u00e1s que el anterior, como si el tiempo fuera un martillo silencioso que nos recuerda que estamos avanzando hacia algo que no sabemos bien qu\u00e9 es. Cada vez voy dejando m\u00e1s atr\u00e1s la juventud, y cada vez estoy m\u00e1s cerca de la edad que ten\u00edas cuando te fuiste. A veces eso me asusta un poco, no te voy a mentir. Porque entonces me doy cuenta de lo joven que eras cuando la vida te solt\u00f3 la mano, y de lo mucho que te hubiera gustado ver todo lo que ha pasado despu\u00e9s.<\/p>\n\n\n\n<p>Sigo viviendo feliz, en gozo, con mi mam\u00e1, cuidando a los chicos, mis chicos, mis sobrinos, que en mucho se han vuelto mi raz\u00f3n de vivir. Y cada vez que puedo les cuento lo que se perdieron de no haberte conocido, de no haber tenido la oportunidad de caminar a tu lado, de sentir esa fuerza tuya que llenaba los espacios. Les hablo de vos con orgullo, como quien habla de un gigante que pas\u00f3 por la vida dejando huellas profundas.<\/p>\n\n\n\n<p>\u00a1Ay p\u00e1! Han pasado tantas cosas desde la \u00faltima carta que ni s\u00e9 por d\u00f3nde empezar. Y menos hoy, que estoy aqu\u00ed sentado en el patio, llorando. Y la verdad es que no s\u00e9 bien por qu\u00e9 lloro. Tal vez porque al recordarte algo se rompe adentro. Tal vez porque cuando uno se queda quieto, en silencio, aparecen todos los pensamientos que durante el d\u00eda se esconden detr\u00e1s de las ocupaciones.<\/p>\n\n\n\n<p>Tal vez lloro al ver la patria escap\u00e1ndose de nuestras manos, y siendo esas manos, muchas veces, las m\u00edas, intentando sostener algo que parece demasiado grande para una sola persona. Intentando hacer lo que se puede, aunque a veces uno sienta que lo que hace es apenas un grano de arena frente a una monta\u00f1a.<\/p>\n\n\n\n<p>Creo que lloro \u2014y no por estar desapaciguado, alg\u00fan d\u00eda te contar\u00e9 qu\u00e9 significa eso\u2014. Creo que lloro porque hoy me hicieron una cirug\u00eda donde el dentista, y el cachetito est\u00e1 resentido. Puede parecer una tonter\u00eda, pero a veces los dolores peque\u00f1os abren la puerta a dolores m\u00e1s grandes, a esos que uno viene cargando en silencio desde hace tiempo.<\/p>\n\n\n\n<p>Creo que lloro porque llevo meses cargando en mi espalda una responsabilidad nacional que yo mismo asum\u00ed, sin que nadie me obligara, sin que nadie me lo pidiera. La necesidad y el compromiso de guiar a algunos por un camino en el que yo mismo tropiezo. Y aunque a ratos mis rodillas sangran, tengo que decirles que todo est\u00e1 bien, que vamos bien, que hay que seguir adelante.<\/p>\n\n\n\n<p>Creo que lloro porque a ratos siento que las fuerzas de un movimiento que lidero se me escapan entre los dedos, como agua que uno intenta sostener con las manos abiertas. Y aunque no las tenga, sigo. Porque es lo que hay que hacer. Porque alguien tiene que hacerlo.<\/p>\n\n\n\n<p>Un d\u00eda te contar\u00e9 todo esto con m\u00e1s calma.<\/p>\n\n\n\n<p>Aunque, si te soy sincero, creo que lloro por todo y por nada. Tan solo porque quiero manguerear el alma, vaciar lo que pesa, para poder amanecer ma\u00f1ana listo y seguir caminando.<\/p>\n\n\n\n<p>Y es que vieras, p\u00e1\u2026 son miles los que me siguen y me acompa\u00f1an, y tambi\u00e9n me apoyan; me motivan y me ofrecen su ayuda. Pero al final del d\u00eda el camino es tan solitario. Tan solitario que a veces el silencio pesa m\u00e1s que cualquier discusi\u00f3n.<\/p>\n\n\n\n<p>Algunas veces voy para una reuni\u00f3n, y aunque en su momento estoy bien y enfocado, el ir y venir es un trayecto solo conmigo mismo. Solo con mis pensamientos. Solo con las preguntas que uno no sabe a qui\u00e9n hacerle.<\/p>\n\n\n\n<p>En esos momentos no s\u00e9 bien qu\u00e9 quiero o qu\u00e9 necesito; pero s\u00ed s\u00e9 c\u00f3mo me siento. Y lo curioso es que tampoco s\u00e9 c\u00f3mo cambiarlo.<\/p>\n\n\n\n<p>Aunque si estuvieras aqu\u00ed, nada de esto estar\u00eda pasando. Porque recuerdo lo poderoso que eras, lo fuerte que fuiste, y de qu\u00e9 manera te comiste al mundo. Y tambi\u00e9n recuerdo cuando camin\u00e1bamos juntos, de ni\u00f1o, y tu mano siempre descansaba en mi cuello, como quien lleva un tim\u00f3n, como quien gu\u00eda un barco en medio del mar. Desde ah\u00ed me dec\u00edas si a la derecha, a la izquierda, recto o paremos a saludar.<\/p>\n\n\n\n<p>Si hoy pudiera sentir tu mano otra vez en mi cuello, dici\u00e9ndome hacia d\u00f3nde coger, cu\u00e1nto avanzar y en qu\u00e9 momento detenerme, tendr\u00eda una gu\u00eda. Y s\u00ed\u2026 no estar\u00eda solo. No estar\u00eda llorando.<\/p>\n\n\n\n<p>Ay p\u00e1\u2026 me he metido en esto en lo que estoy a un nivel que creo que nadie sabe. He ayudado a resolver dos que tres problemas nacionales sin que nadie se entere. Cosas de seguridad nacional, recursos de amparo, mantener candidatos en la carrera presidencial y lograr paz entre poderes del Estado. Cosas que pasan en silencio, lejos de los aplausos, lejos de las c\u00e1maras.<\/p>\n\n\n\n<p>Y para muchos, p\u00e1, solo soy el que escribe bonito.<\/p>\n\n\n\n<p>Aunque vieras que esto te va a gustar. Un d\u00eda de estos un candidato presidenciable me dijo: \u201cYo pens\u00e9 que usted no exist\u00eda. Tiene un nombre tan bonito y de fantas\u00eda que pens\u00e9 que era inventado.\u201d Ya ves, p\u00e1\u2026 tu apellido.<\/p>\n\n\n\n<p>As\u00ed est\u00e1n las cosas.<\/p>\n\n\n\n<p>Sigo aqu\u00ed en el patio y hace fr\u00edo. Y si no me despido ahora, me acurrucar\u00e9 en el zacate, junto a los anturios y bajo los cachos de venado, y amanecer\u00e9 congelado y el cachetito dolido.<\/p>\n\n\n\n<p>Buenas noches, p\u00e1.<\/p>\n\n\n\n<p>Tengo un pa\u00eds que salvar\u2026 y a muchos que apapachar.<\/p>\n\n\n\n<p>Y no es broma.<\/p>\n\n\n\n<p>Bye.<\/p>\n","protected":false},"excerpt":{"rendered":"<p>Aqu\u00ed estoy otra vez, p\u00e1, como tantas otras veces que vengo a escribirte una carta desde que te fuiste al [&hellip;]<\/p>\n","protected":false},"author":1,"featured_media":3010,"comment_status":"open","ping_status":"open","sticky":false,"template":"","format":"standard","meta":{"site-sidebar-layout":"default","site-content-layout":"","ast-site-content-layout":"","site-content-style":"default","site-sidebar-style":"default","ast-global-header-display":"","ast-banner-title-visibility":"","ast-main-header-display":"","ast-hfb-above-header-display":"","ast-hfb-below-header-display":"","ast-hfb-mobile-header-display":"","site-post-title":"","ast-breadcrumbs-content":"","ast-featured-img":"","footer-sml-layout":"","theme-transparent-header-meta":"","adv-header-id-meta":"","stick-header-meta":"","header-above-stick-meta":"","header-main-stick-meta":"","header-below-stick-meta":"","astra-migrate-meta-layouts":"default","ast-page-background-enabled":"default","ast-page-background-meta":{"desktop":{"background-color":"var(--ast-global-color-5)","background-image":"","background-repeat":"repeat","background-position":"center center","background-size":"auto","background-attachment":"scroll","background-type":"","background-media":"","overlay-type":"","overlay-color":"","overlay-opacity":"","overlay-gradient":""},"tablet":{"background-color":"","background-image":"","background-repeat":"repeat","background-position":"center center","background-size":"auto","background-attachment":"scroll","background-type":"","background-media":"","overlay-type":"","overlay-color":"","overlay-opacity":"","overlay-gradient":""},"mobile":{"background-color":"","background-image":"","background-repeat":"repeat","background-position":"center center","background-size":"auto","background-attachment":"scroll","background-type":"","background-media":"","overlay-type":"","overlay-color":"","overlay-opacity":"","overlay-gradient":""}},"ast-content-background-meta":{"desktop":{"background-color":"var(--ast-global-color-4)","background-image":"","background-repeat":"repeat","background-position":"center center","background-size":"auto","background-attachment":"scroll","background-type":"","background-media":"","overlay-type":"","overlay-color":"","overlay-opacity":"","overlay-gradient":""},"tablet":{"background-color":"var(--ast-global-color-4)","background-image":"","background-repeat":"repeat","background-position":"center center","background-size":"auto","background-attachment":"scroll","background-type":"","background-media":"","overlay-type":"","overlay-color":"","overlay-opacity":"","overlay-gradient":""},"mobile":{"background-color":"var(--ast-global-color-4)","background-image":"","background-repeat":"repeat","background-position":"center center","background-size":"auto","background-attachment":"scroll","background-type":"","background-media":"","overlay-type":"","overlay-color":"","overlay-opacity":"","overlay-gradient":""}},"footnotes":""},"categories":[9],"tags":[],"class_list":["post-3009","post","type-post","status-publish","format-standard","has-post-thumbnail","hentry","category-mis-escritos"],"yoast_head":"<!-- This site is optimized with the Yoast SEO plugin v26.0 - https:\/\/yoast.com\/wordpress\/plugins\/seo\/ -->\n<title>Pon\u00e9 tu mano en mi cuello - MI BLOG<\/title>\n<meta name=\"robots\" content=\"index, follow, max-snippet:-1, max-image-preview:large, max-video-preview:-1\" \/>\n<link rel=\"canonical\" href=\"https:\/\/viniciojarquin.com\/blog\/carta-a-mi-papa-en-el-cielo\/\" \/>\n<meta property=\"og:locale\" content=\"es_ES\" \/>\n<meta property=\"og:type\" content=\"article\" \/>\n<meta property=\"og:title\" content=\"Pon\u00e9 tu mano en mi cuello - MI BLOG\" \/>\n<meta property=\"og:description\" content=\"Aqu\u00ed estoy otra vez, p\u00e1, como tantas otras veces que vengo a escribirte una carta desde que te fuiste al [&hellip;]\" \/>\n<meta property=\"og:url\" content=\"https:\/\/viniciojarquin.com\/blog\/carta-a-mi-papa-en-el-cielo\/\" \/>\n<meta property=\"og:site_name\" content=\"MI BLOG\" \/>\n<meta property=\"article:publisher\" content=\"https:\/\/www.facebook.com\/vinicio.jarquin\" \/>\n<meta property=\"article:author\" content=\"https:\/\/www.facebook.com\/vinicio.jarquin\" \/>\n<meta property=\"article:published_time\" content=\"2026-03-12T05:47:47+00:00\" \/>\n<meta property=\"article:modified_time\" content=\"2026-03-12T07:34:21+00:00\" \/>\n<meta property=\"og:image\" content=\"https:\/\/viniciojarquin.com\/blog\/wp-content\/uploads\/2026\/03\/pa.png\" \/>\n\t<meta property=\"og:image:width\" content=\"800\" \/>\n\t<meta property=\"og:image:height\" content=\"533\" \/>\n\t<meta property=\"og:image:type\" content=\"image\/png\" \/>\n<meta name=\"author\" content=\"Vinicio Jarqu\u00edn\" \/>\n<meta name=\"twitter:card\" content=\"summary_large_image\" \/>\n<meta name=\"twitter:label1\" content=\"Escrito por\" \/>\n\t<meta name=\"twitter:data1\" content=\"Vinicio Jarqu\u00edn\" \/>\n\t<meta name=\"twitter:label2\" content=\"Tiempo de lectura\" \/>\n\t<meta name=\"twitter:data2\" content=\"6 minutos\" \/>\n<script type=\"application\/ld+json\" class=\"yoast-schema-graph\">{\"@context\":\"https:\/\/schema.org\",\"@graph\":[{\"@type\":\"Article\",\"@id\":\"https:\/\/viniciojarquin.com\/blog\/carta-a-mi-papa-en-el-cielo\/#article\",\"isPartOf\":{\"@id\":\"https:\/\/viniciojarquin.com\/blog\/carta-a-mi-papa-en-el-cielo\/\"},\"author\":{\"name\":\"Vinicio Jarqu\u00edn\",\"@id\":\"https:\/\/viniciojarquin.com\/blog\/#\/schema\/person\/90100c8845ae55462ec0657d3d2f8d3b\"},\"headline\":\"Pon\u00e9 tu mano en mi cuello\",\"datePublished\":\"2026-03-12T05:47:47+00:00\",\"dateModified\":\"2026-03-12T07:34:21+00:00\",\"mainEntityOfPage\":{\"@id\":\"https:\/\/viniciojarquin.com\/blog\/carta-a-mi-papa-en-el-cielo\/\"},\"wordCount\":1118,\"commentCount\":0,\"publisher\":{\"@id\":\"https:\/\/viniciojarquin.com\/blog\/#\/schema\/person\/90100c8845ae55462ec0657d3d2f8d3b\"},\"image\":{\"@id\":\"https:\/\/viniciojarquin.com\/blog\/carta-a-mi-papa-en-el-cielo\/#primaryimage\"},\"thumbnailUrl\":\"https:\/\/viniciojarquin.com\/blog\/wp-content\/uploads\/2026\/03\/pa.png\",\"articleSection\":[\"Escritos generales\"],\"inLanguage\":\"es\",\"potentialAction\":[{\"@type\":\"CommentAction\",\"name\":\"Comment\",\"target\":[\"https:\/\/viniciojarquin.com\/blog\/carta-a-mi-papa-en-el-cielo\/#respond\"]}]},{\"@type\":\"WebPage\",\"@id\":\"https:\/\/viniciojarquin.com\/blog\/carta-a-mi-papa-en-el-cielo\/\",\"url\":\"https:\/\/viniciojarquin.com\/blog\/carta-a-mi-papa-en-el-cielo\/\",\"name\":\"Pon\u00e9 tu mano en mi cuello - MI BLOG\",\"isPartOf\":{\"@id\":\"https:\/\/viniciojarquin.com\/blog\/#website\"},\"primaryImageOfPage\":{\"@id\":\"https:\/\/viniciojarquin.com\/blog\/carta-a-mi-papa-en-el-cielo\/#primaryimage\"},\"image\":{\"@id\":\"https:\/\/viniciojarquin.com\/blog\/carta-a-mi-papa-en-el-cielo\/#primaryimage\"},\"thumbnailUrl\":\"https:\/\/viniciojarquin.com\/blog\/wp-content\/uploads\/2026\/03\/pa.png\",\"datePublished\":\"2026-03-12T05:47:47+00:00\",\"dateModified\":\"2026-03-12T07:34:21+00:00\",\"breadcrumb\":{\"@id\":\"https:\/\/viniciojarquin.com\/blog\/carta-a-mi-papa-en-el-cielo\/#breadcrumb\"},\"inLanguage\":\"es\",\"potentialAction\":[{\"@type\":\"ReadAction\",\"target\":[\"https:\/\/viniciojarquin.com\/blog\/carta-a-mi-papa-en-el-cielo\/\"]}]},{\"@type\":\"ImageObject\",\"inLanguage\":\"es\",\"@id\":\"https:\/\/viniciojarquin.com\/blog\/carta-a-mi-papa-en-el-cielo\/#primaryimage\",\"url\":\"https:\/\/viniciojarquin.com\/blog\/wp-content\/uploads\/2026\/03\/pa.png\",\"contentUrl\":\"https:\/\/viniciojarquin.com\/blog\/wp-content\/uploads\/2026\/03\/pa.png\",\"width\":800,\"height\":533},{\"@type\":\"BreadcrumbList\",\"@id\":\"https:\/\/viniciojarquin.com\/blog\/carta-a-mi-papa-en-el-cielo\/#breadcrumb\",\"itemListElement\":[{\"@type\":\"ListItem\",\"position\":1,\"name\":\"Portada\",\"item\":\"https:\/\/viniciojarquin.com\/blog\/\"},{\"@type\":\"ListItem\",\"position\":2,\"name\":\"Pon\u00e9 tu mano en mi cuello\"}]},{\"@type\":\"WebSite\",\"@id\":\"https:\/\/viniciojarquin.com\/blog\/#website\",\"url\":\"https:\/\/viniciojarquin.com\/blog\/\",\"name\":\"Vinicio Jarqu\u00edn BLOG\",\"description\":\"\",\"publisher\":{\"@id\":\"https:\/\/viniciojarquin.com\/blog\/#\/schema\/person\/90100c8845ae55462ec0657d3d2f8d3b\"},\"potentialAction\":[{\"@type\":\"SearchAction\",\"target\":{\"@type\":\"EntryPoint\",\"urlTemplate\":\"https:\/\/viniciojarquin.com\/blog\/?s={search_term_string}\"},\"query-input\":{\"@type\":\"PropertyValueSpecification\",\"valueRequired\":true,\"valueName\":\"search_term_string\"}}],\"inLanguage\":\"es\"},{\"@type\":[\"Person\",\"Organization\"],\"@id\":\"https:\/\/viniciojarquin.com\/blog\/#\/schema\/person\/90100c8845ae55462ec0657d3d2f8d3b\",\"name\":\"Vinicio Jarqu\u00edn\",\"image\":{\"@type\":\"ImageObject\",\"inLanguage\":\"es\",\"@id\":\"https:\/\/viniciojarquin.com\/blog\/#\/schema\/person\/image\/\",\"url\":\"https:\/\/viniciojarquin.com\/blog\/wp-content\/uploads\/2024\/10\/Logo-VinicioJarquin-original-400.png\",\"contentUrl\":\"https:\/\/viniciojarquin.com\/blog\/wp-content\/uploads\/2024\/10\/Logo-VinicioJarquin-original-400.png\",\"width\":400,\"height\":130,\"caption\":\"Vinicio Jarqu\u00edn\"},\"logo\":{\"@id\":\"https:\/\/viniciojarquin.com\/blog\/#\/schema\/person\/image\/\"},\"description\":\"Empresario textil, artista pl\u00e1stico, escritor, coach de vida y fot\u00f3grafo.\",\"sameAs\":[\"https:\/\/viniciojarquin.com\/blog\",\"https:\/\/www.facebook.com\/vinicio.jarquin\",\"https:\/\/www.instagram.com\/vinicio_jarquin\/\",\"https:\/\/www.pinterest.com\/vinnyjc\/\",\"https:\/\/www.youtube.com\/@VinicioJarquin\"],\"url\":\"https:\/\/viniciojarquin.com\/blog\/author\/admin_s02au25i\/\"}]}<\/script>\n<!-- \/ Yoast SEO plugin. -->","yoast_head_json":{"title":"Pon\u00e9 tu mano en mi cuello - MI BLOG","robots":{"index":"index","follow":"follow","max-snippet":"max-snippet:-1","max-image-preview":"max-image-preview:large","max-video-preview":"max-video-preview:-1"},"canonical":"https:\/\/viniciojarquin.com\/blog\/carta-a-mi-papa-en-el-cielo\/","og_locale":"es_ES","og_type":"article","og_title":"Pon\u00e9 tu mano en mi cuello - MI BLOG","og_description":"Aqu\u00ed estoy otra vez, p\u00e1, como tantas otras veces que vengo a escribirte una carta desde que te fuiste al [&hellip;]","og_url":"https:\/\/viniciojarquin.com\/blog\/carta-a-mi-papa-en-el-cielo\/","og_site_name":"MI BLOG","article_publisher":"https:\/\/www.facebook.com\/vinicio.jarquin","article_author":"https:\/\/www.facebook.com\/vinicio.jarquin","article_published_time":"2026-03-12T05:47:47+00:00","article_modified_time":"2026-03-12T07:34:21+00:00","og_image":[{"width":800,"height":533,"url":"https:\/\/viniciojarquin.com\/blog\/wp-content\/uploads\/2026\/03\/pa.png","type":"image\/png"}],"author":"Vinicio Jarqu\u00edn","twitter_card":"summary_large_image","twitter_misc":{"Escrito por":"Vinicio Jarqu\u00edn","Tiempo de lectura":"6 minutos"},"schema":{"@context":"https:\/\/schema.org","@graph":[{"@type":"Article","@id":"https:\/\/viniciojarquin.com\/blog\/carta-a-mi-papa-en-el-cielo\/#article","isPartOf":{"@id":"https:\/\/viniciojarquin.com\/blog\/carta-a-mi-papa-en-el-cielo\/"},"author":{"name":"Vinicio Jarqu\u00edn","@id":"https:\/\/viniciojarquin.com\/blog\/#\/schema\/person\/90100c8845ae55462ec0657d3d2f8d3b"},"headline":"Pon\u00e9 tu mano en mi cuello","datePublished":"2026-03-12T05:47:47+00:00","dateModified":"2026-03-12T07:34:21+00:00","mainEntityOfPage":{"@id":"https:\/\/viniciojarquin.com\/blog\/carta-a-mi-papa-en-el-cielo\/"},"wordCount":1118,"commentCount":0,"publisher":{"@id":"https:\/\/viniciojarquin.com\/blog\/#\/schema\/person\/90100c8845ae55462ec0657d3d2f8d3b"},"image":{"@id":"https:\/\/viniciojarquin.com\/blog\/carta-a-mi-papa-en-el-cielo\/#primaryimage"},"thumbnailUrl":"https:\/\/viniciojarquin.com\/blog\/wp-content\/uploads\/2026\/03\/pa.png","articleSection":["Escritos generales"],"inLanguage":"es","potentialAction":[{"@type":"CommentAction","name":"Comment","target":["https:\/\/viniciojarquin.com\/blog\/carta-a-mi-papa-en-el-cielo\/#respond"]}]},{"@type":"WebPage","@id":"https:\/\/viniciojarquin.com\/blog\/carta-a-mi-papa-en-el-cielo\/","url":"https:\/\/viniciojarquin.com\/blog\/carta-a-mi-papa-en-el-cielo\/","name":"Pon\u00e9 tu mano en mi cuello - MI BLOG","isPartOf":{"@id":"https:\/\/viniciojarquin.com\/blog\/#website"},"primaryImageOfPage":{"@id":"https:\/\/viniciojarquin.com\/blog\/carta-a-mi-papa-en-el-cielo\/#primaryimage"},"image":{"@id":"https:\/\/viniciojarquin.com\/blog\/carta-a-mi-papa-en-el-cielo\/#primaryimage"},"thumbnailUrl":"https:\/\/viniciojarquin.com\/blog\/wp-content\/uploads\/2026\/03\/pa.png","datePublished":"2026-03-12T05:47:47+00:00","dateModified":"2026-03-12T07:34:21+00:00","breadcrumb":{"@id":"https:\/\/viniciojarquin.com\/blog\/carta-a-mi-papa-en-el-cielo\/#breadcrumb"},"inLanguage":"es","potentialAction":[{"@type":"ReadAction","target":["https:\/\/viniciojarquin.com\/blog\/carta-a-mi-papa-en-el-cielo\/"]}]},{"@type":"ImageObject","inLanguage":"es","@id":"https:\/\/viniciojarquin.com\/blog\/carta-a-mi-papa-en-el-cielo\/#primaryimage","url":"https:\/\/viniciojarquin.com\/blog\/wp-content\/uploads\/2026\/03\/pa.png","contentUrl":"https:\/\/viniciojarquin.com\/blog\/wp-content\/uploads\/2026\/03\/pa.png","width":800,"height":533},{"@type":"BreadcrumbList","@id":"https:\/\/viniciojarquin.com\/blog\/carta-a-mi-papa-en-el-cielo\/#breadcrumb","itemListElement":[{"@type":"ListItem","position":1,"name":"Portada","item":"https:\/\/viniciojarquin.com\/blog\/"},{"@type":"ListItem","position":2,"name":"Pon\u00e9 tu mano en mi cuello"}]},{"@type":"WebSite","@id":"https:\/\/viniciojarquin.com\/blog\/#website","url":"https:\/\/viniciojarquin.com\/blog\/","name":"Vinicio Jarqu\u00edn BLOG","description":"","publisher":{"@id":"https:\/\/viniciojarquin.com\/blog\/#\/schema\/person\/90100c8845ae55462ec0657d3d2f8d3b"},"potentialAction":[{"@type":"SearchAction","target":{"@type":"EntryPoint","urlTemplate":"https:\/\/viniciojarquin.com\/blog\/?s={search_term_string}"},"query-input":{"@type":"PropertyValueSpecification","valueRequired":true,"valueName":"search_term_string"}}],"inLanguage":"es"},{"@type":["Person","Organization"],"@id":"https:\/\/viniciojarquin.com\/blog\/#\/schema\/person\/90100c8845ae55462ec0657d3d2f8d3b","name":"Vinicio Jarqu\u00edn","image":{"@type":"ImageObject","inLanguage":"es","@id":"https:\/\/viniciojarquin.com\/blog\/#\/schema\/person\/image\/","url":"https:\/\/viniciojarquin.com\/blog\/wp-content\/uploads\/2024\/10\/Logo-VinicioJarquin-original-400.png","contentUrl":"https:\/\/viniciojarquin.com\/blog\/wp-content\/uploads\/2024\/10\/Logo-VinicioJarquin-original-400.png","width":400,"height":130,"caption":"Vinicio Jarqu\u00edn"},"logo":{"@id":"https:\/\/viniciojarquin.com\/blog\/#\/schema\/person\/image\/"},"description":"Empresario textil, artista pl\u00e1stico, escritor, coach de vida y fot\u00f3grafo.","sameAs":["https:\/\/viniciojarquin.com\/blog","https:\/\/www.facebook.com\/vinicio.jarquin","https:\/\/www.instagram.com\/vinicio_jarquin\/","https:\/\/www.pinterest.com\/vinnyjc\/","https:\/\/www.youtube.com\/@VinicioJarquin"],"url":"https:\/\/viniciojarquin.com\/blog\/author\/admin_s02au25i\/"}]}},"blog_post_layout_featured_media_urls":{"thumbnail":["https:\/\/viniciojarquin.com\/blog\/wp-content\/uploads\/2026\/03\/pa-150x150.png",150,150,true],"full":["https:\/\/viniciojarquin.com\/blog\/wp-content\/uploads\/2026\/03\/pa.png",800,533,false]},"categories_names":{"9":{"name":"Escritos generales","link":"https:\/\/viniciojarquin.com\/blog\/category\/mis-escritos\/"}},"tags_names":[],"comments_number":"0","_links":{"self":[{"href":"https:\/\/viniciojarquin.com\/blog\/wp-json\/wp\/v2\/posts\/3009","targetHints":{"allow":["GET"]}}],"collection":[{"href":"https:\/\/viniciojarquin.com\/blog\/wp-json\/wp\/v2\/posts"}],"about":[{"href":"https:\/\/viniciojarquin.com\/blog\/wp-json\/wp\/v2\/types\/post"}],"author":[{"embeddable":true,"href":"https:\/\/viniciojarquin.com\/blog\/wp-json\/wp\/v2\/users\/1"}],"replies":[{"embeddable":true,"href":"https:\/\/viniciojarquin.com\/blog\/wp-json\/wp\/v2\/comments?post=3009"}],"version-history":[{"count":2,"href":"https:\/\/viniciojarquin.com\/blog\/wp-json\/wp\/v2\/posts\/3009\/revisions"}],"predecessor-version":[{"id":3013,"href":"https:\/\/viniciojarquin.com\/blog\/wp-json\/wp\/v2\/posts\/3009\/revisions\/3013"}],"wp:featuredmedia":[{"embeddable":true,"href":"https:\/\/viniciojarquin.com\/blog\/wp-json\/wp\/v2\/media\/3010"}],"wp:attachment":[{"href":"https:\/\/viniciojarquin.com\/blog\/wp-json\/wp\/v2\/media?parent=3009"}],"wp:term":[{"taxonomy":"category","embeddable":true,"href":"https:\/\/viniciojarquin.com\/blog\/wp-json\/wp\/v2\/categories?post=3009"},{"taxonomy":"post_tag","embeddable":true,"href":"https:\/\/viniciojarquin.com\/blog\/wp-json\/wp\/v2\/tags?post=3009"}],"curies":[{"name":"wp","href":"https:\/\/api.w.org\/{rel}","templated":true}]}}