{"id":3015,"date":"2026-03-13T02:36:50","date_gmt":"2026-03-13T02:36:50","guid":{"rendered":"https:\/\/viniciojarquin.com\/blog\/?p=3015"},"modified":"2026-03-13T02:36:52","modified_gmt":"2026-03-13T02:36:52","slug":"la-luz-que-alguien-decide-proteger","status":"publish","type":"post","link":"https:\/\/viniciojarquin.com\/blog\/la-luz-que-alguien-decide-proteger\/","title":{"rendered":"La luz que alguien decide proteger"},"content":{"rendered":"\n<figure class=\"wp-block-image size-large\"><img decoding=\"async\" width=\"683\" height=\"1024\" data-src=\"https:\/\/viniciojarquin.com\/blog\/wp-content\/uploads\/2026\/03\/La-luz-683x1024.png\" alt=\"\" class=\"wp-image-3016 lazyload\" data-srcset=\"https:\/\/viniciojarquin.com\/blog\/wp-content\/uploads\/2026\/03\/La-luz-683x1024.png 683w, https:\/\/viniciojarquin.com\/blog\/wp-content\/uploads\/2026\/03\/La-luz-200x300.png 200w, https:\/\/viniciojarquin.com\/blog\/wp-content\/uploads\/2026\/03\/La-luz-768x1152.png 768w, https:\/\/viniciojarquin.com\/blog\/wp-content\/uploads\/2026\/03\/La-luz.png 800w\" data-sizes=\"(max-width: 683px) 100vw, 683px\" src=\"data:image\/svg+xml;base64,PHN2ZyB3aWR0aD0iMSIgaGVpZ2h0PSIxIiB4bWxucz0iaHR0cDovL3d3dy53My5vcmcvMjAwMC9zdmciPjwvc3ZnPg==\" style=\"--smush-placeholder-width: 683px; --smush-placeholder-aspect-ratio: 683\/1024;\" \/><\/figure>\n\n\n\n<p>A partir de las palabras de Gaz\u00fa Garc\u00eda, facilitador de Seminarios Insight, quisiera compartir una reflexi\u00f3n con ustedes. Una reflexi\u00f3n que, curiosamente, cae muy bien en estos momentos nacionales que estamos viviendo. Momentos que, de alguna manera, parecen tiempos no solo inciertos, sino tambi\u00e9n oscuros.<\/p>\n\n\n\n<p>Porque aunque la campa\u00f1a electoral fue fuerte y agresiva \u2014como lo han sido tambi\u00e9n muchos momentos de los \u00faltimos a\u00f1os, y tal vez como lo ser\u00e1n algunos de los que vienen\u2014, es precisamente ahora cuando m\u00e1s se necesita algo distinto. Es ahora cuando se necesita del equipo de apaciguados, de las personas que han decidido cuidar su conciencia, para ayudar a iluminar un poco el ambiente que nos rodea.<\/p>\n\n\n\n<p>Vivimos tiempos extra\u00f1os. Estamos haciendo alianzas con pa\u00edses con los que quiz\u00e1s no deber\u00edamos estar aline\u00e1ndonos, mientras al mismo tiempo convertimos en enemigos a otros que ni lo merecen ni nos conviene tenerlos como tales. Y, paralelamente, aparecen grupos de fan\u00e1ticos que aplauden todo cuanto escuchan, siempre que venga de cierto grupo o de cierta figura, sin criterio, sin l\u00f3gica y sin ese amor pacifista por la patria que deber\u00eda guiarnos.<\/p>\n\n\n\n<p>Y en medio de todo eso aparece una pregunta importante: \u00bfc\u00f3mo reaccionamos ante la oscuridad?<\/p>\n\n\n\n<p>Cuando se va la luz, los puntos de referencia desaparecen. Y de alguna manera \u2014como parece ser la tendencia natural del ser humano\u2014 empezamos a buscar d\u00f3nde est\u00e1n las fuentes de luz. Eso es natural. Sin embargo, si te das cuenta, mientras m\u00e1s pasa el tiempo, m\u00e1s nos podemos acostumbrar a la oscuridad. Al principio apenas distinguimos algo, pero poco a poco empezamos a ver sombras, contornos\u2026 y con suficiente tiempo incluso podr\u00edamos llegar a vivir en un lugar as\u00ed.<\/p>\n\n\n\n<p>El ser humano tiene una capacidad extraordinaria para adaptarse. Puede adaptarse a todo, incluso a aquello que le duele o que no le funciona. Y cuando eso ocurre, cuando terminamos acostumbr\u00e1ndonos a lo que no deber\u00eda ser normal, aparece algo muy delicado: una oscuridad de conciencia.<\/p>\n\n\n\n<p>Esa oscuridad tambi\u00e9n se manifiesta en lo m\u00e1s \u00edntimo de nuestras vidas. En la familia, por ejemplo. En lugar de compartir el amor que nos une, a veces terminamos compartiendo juicios, comparaciones, resentimientos, culpas, rechazos o enojos. Y lo m\u00e1s inquietante es que lo vivimos todos los d\u00edas. Nos encontramos, convivimos, hablamos\u2026 pero muchas veces ni siquiera miramos lo que no est\u00e1 funcionando.<\/p>\n\n\n\n<p>Y entonces ocurre algo curioso. Casi siempre aparece alguien que no se adapta del todo a esa oscuridad. Siempre hay alg\u00fan rebelde, alguna oveja negra, alguien que dice: \u201cEsto no deber\u00eda ser as\u00ed\u201d.<\/p>\n\n\n\n<p>Esa persona, muchas veces, termina saliendo del reba\u00f1o. Y probablemente el reba\u00f1o lo siga juzgando. Tal vez lo critiquen, tal vez lo miren con desconfianza. Pero en su conciencia esa persona sabe que hubo un momento en que algo despert\u00f3 dentro de s\u00ed.<\/p>\n\n\n\n<p>Y cuando eso ocurre empieza a aparecer algo muy poderoso: hambre. Hambre de buscar lo bueno para vos. Hambre de caminar paso a paso construyendo la vida que realmente quer\u00e9s vivir.<\/p>\n\n\n\n<p>En ese camino no siempre todo ser\u00e1 claro. Nadie sabe exactamente qu\u00e9 aparecer\u00e1 m\u00e1s adelante. Habr\u00e1 tropiezos, dudas, ca\u00eddas. Pero si sosten\u00e9s el compromiso, la disposici\u00f3n, el coraz\u00f3n despierto y abierto, algo empieza a consolidarse dentro de vos.<\/p>\n\n\n\n<p>\u00bfY qu\u00e9 es lo que pod\u00e9s terminar encontrando al final?<\/p>\n\n\n\n<p>Tal vez tu amor. Tal vez tu paz. Tal vez tu equilibrio. Tal vez tu valent\u00eda. Tal vez tu expansi\u00f3n. Quiz\u00e1s, simplemente, tu propia existencia.<\/p>\n\n\n\n<p>Y aun as\u00ed aparece el miedo. \u00bfQu\u00e9 pasa si me equivoco? \u00bfQu\u00e9 pasa si tropiezo y me caigo? \u00bfQu\u00e9 van a decir de m\u00ed? \u00bfMe van a juzgar? \u00bfMe van a rechazar? Ese miedo es real, porque salir del reba\u00f1o casi siempre tiene un costo.<\/p>\n\n\n\n<p>Pero cuando alguien protege esa peque\u00f1a luz que descubri\u00f3 dentro de s\u00ed, cuando la cuida y la sostiene con compromiso, empieza a descubrir algo importante: esa luz funciona. Y funciona tan bien\u2026 que termina iluminando el camino.<\/p>\n\n\n\n<p>Y quiz\u00e1s por eso, en estos meses siendo parte de Apacigua, ya descubriste algo importante: la luz que existe dentro de vos.<\/p>\n\n\n\n<p>No es una luz perfecta. No es una luz que nunca titubea. A veces es apenas una llama peque\u00f1a, fr\u00e1gil, que el viento parece querer apagar. Pero est\u00e1 ah\u00ed. Y cuando alguien reconoce su propia luz, algo cambia para siempre.<\/p>\n\n\n\n<p>Tal vez ahora lleg\u00f3 el momento de salir. Salir a la calle como una vela. No para iluminarlo todo \u2014nadie puede hacerlo\u2014, sino para intentar encender al menos alguna candelilla perdida, alguna peque\u00f1a llama que se haya apagado en el coraz\u00f3n de alguien m\u00e1s.<\/p>\n\n\n\n<p>Porque hoy, m\u00e1s que nunca, no nos queda otra opci\u00f3n que ser fuente de luz y de calor.<\/p>\n\n\n\n<p>Y si cada uno de nosotros decide resurgir individualmente, si cada uno decide cuidar su propia llama, entonces algo hermoso puede suceder. Resurgiremos tambi\u00e9n como sociedad.<\/p>\n\n\n\n<p>Yo soy Vinicio Jarqu\u00edn, y te invito a que manteng\u00e1s la llama encendida.<\/p>\n","protected":false},"excerpt":{"rendered":"<p>A partir de las palabras de Gaz\u00fa Garc\u00eda, facilitador de Seminarios Insight, quisiera compartir una reflexi\u00f3n con ustedes. Una reflexi\u00f3n [&hellip;]<\/p>\n","protected":false},"author":1,"featured_media":3016,"comment_status":"open","ping_status":"open","sticky":false,"template":"","format":"standard","meta":{"site-sidebar-layout":"default","site-content-layout":"","ast-site-content-layout":"","site-content-style":"default","site-sidebar-style":"default","ast-global-header-display":"","ast-banner-title-visibility":"","ast-main-header-display":"","ast-hfb-above-header-display":"","ast-hfb-below-header-display":"","ast-hfb-mobile-header-display":"","site-post-title":"","ast-breadcrumbs-content":"","ast-featured-img":"","footer-sml-layout":"","theme-transparent-header-meta":"","adv-header-id-meta":"","stick-header-meta":"","header-above-stick-meta":"","header-main-stick-meta":"","header-below-stick-meta":"","astra-migrate-meta-layouts":"default","ast-page-background-enabled":"default","ast-page-background-meta":{"desktop":{"background-color":"var(--ast-global-color-5)","background-image":"","background-repeat":"repeat","background-position":"center center","background-size":"auto","background-attachment":"scroll","background-type":"","background-media":"","overlay-type":"","overlay-color":"","overlay-opacity":"","overlay-gradient":""},"tablet":{"background-color":"","background-image":"","background-repeat":"repeat","background-position":"center center","background-size":"auto","background-attachment":"scroll","background-type":"","background-media":"","overlay-type":"","overlay-color":"","overlay-opacity":"","overlay-gradient":""},"mobile":{"background-color":"","background-image":"","background-repeat":"repeat","background-position":"center center","background-size":"auto","background-attachment":"scroll","background-type":"","background-media":"","overlay-type":"","overlay-color":"","overlay-opacity":"","overlay-gradient":""}},"ast-content-background-meta":{"desktop":{"background-color":"var(--ast-global-color-4)","background-image":"","background-repeat":"repeat","background-position":"center center","background-size":"auto","background-attachment":"scroll","background-type":"","background-media":"","overlay-type":"","overlay-color":"","overlay-opacity":"","overlay-gradient":""},"tablet":{"background-color":"var(--ast-global-color-4)","background-image":"","background-repeat":"repeat","background-position":"center center","background-size":"auto","background-attachment":"scroll","background-type":"","background-media":"","overlay-type":"","overlay-color":"","overlay-opacity":"","overlay-gradient":""},"mobile":{"background-color":"var(--ast-global-color-4)","background-image":"","background-repeat":"repeat","background-position":"center center","background-size":"auto","background-attachment":"scroll","background-type":"","background-media":"","overlay-type":"","overlay-color":"","overlay-opacity":"","overlay-gradient":""}},"footnotes":""},"categories":[9],"tags":[],"class_list":["post-3015","post","type-post","status-publish","format-standard","has-post-thumbnail","hentry","category-mis-escritos"],"yoast_head":"<!-- This site is optimized with the Yoast SEO plugin v26.0 - https:\/\/yoast.com\/wordpress\/plugins\/seo\/ -->\n<title>La luz que alguien decide proteger - MI BLOG<\/title>\n<meta name=\"robots\" content=\"index, follow, max-snippet:-1, max-image-preview:large, max-video-preview:-1\" \/>\n<link rel=\"canonical\" href=\"https:\/\/viniciojarquin.com\/blog\/la-luz-que-alguien-decide-proteger\/\" \/>\n<meta property=\"og:locale\" content=\"es_ES\" \/>\n<meta property=\"og:type\" content=\"article\" \/>\n<meta property=\"og:title\" content=\"La luz que alguien decide proteger - MI BLOG\" \/>\n<meta property=\"og:description\" content=\"A partir de las palabras de Gaz\u00fa Garc\u00eda, facilitador de Seminarios Insight, quisiera compartir una reflexi\u00f3n con ustedes. Una reflexi\u00f3n [&hellip;]\" \/>\n<meta property=\"og:url\" content=\"https:\/\/viniciojarquin.com\/blog\/la-luz-que-alguien-decide-proteger\/\" \/>\n<meta property=\"og:site_name\" content=\"MI BLOG\" \/>\n<meta property=\"article:publisher\" content=\"https:\/\/www.facebook.com\/vinicio.jarquin\" \/>\n<meta property=\"article:author\" content=\"https:\/\/www.facebook.com\/vinicio.jarquin\" \/>\n<meta property=\"article:published_time\" content=\"2026-03-13T02:36:50+00:00\" \/>\n<meta property=\"article:modified_time\" content=\"2026-03-13T02:36:52+00:00\" \/>\n<meta property=\"og:image\" content=\"https:\/\/viniciojarquin.com\/blog\/wp-content\/uploads\/2026\/03\/La-luz.png\" \/>\n\t<meta property=\"og:image:width\" content=\"800\" \/>\n\t<meta property=\"og:image:height\" content=\"1200\" \/>\n\t<meta property=\"og:image:type\" content=\"image\/png\" \/>\n<meta name=\"author\" content=\"Vinicio Jarqu\u00edn\" \/>\n<meta name=\"twitter:card\" content=\"summary_large_image\" \/>\n<meta name=\"twitter:label1\" content=\"Escrito por\" \/>\n\t<meta name=\"twitter:data1\" content=\"Vinicio Jarqu\u00edn\" \/>\n\t<meta name=\"twitter:label2\" content=\"Tiempo de lectura\" \/>\n\t<meta name=\"twitter:data2\" content=\"5 minutos\" \/>\n<script type=\"application\/ld+json\" class=\"yoast-schema-graph\">{\"@context\":\"https:\/\/schema.org\",\"@graph\":[{\"@type\":\"Article\",\"@id\":\"https:\/\/viniciojarquin.com\/blog\/la-luz-que-alguien-decide-proteger\/#article\",\"isPartOf\":{\"@id\":\"https:\/\/viniciojarquin.com\/blog\/la-luz-que-alguien-decide-proteger\/\"},\"author\":{\"name\":\"Vinicio Jarqu\u00edn\",\"@id\":\"https:\/\/viniciojarquin.com\/blog\/#\/schema\/person\/90100c8845ae55462ec0657d3d2f8d3b\"},\"headline\":\"La luz que alguien decide proteger\",\"datePublished\":\"2026-03-13T02:36:50+00:00\",\"dateModified\":\"2026-03-13T02:36:52+00:00\",\"mainEntityOfPage\":{\"@id\":\"https:\/\/viniciojarquin.com\/blog\/la-luz-que-alguien-decide-proteger\/\"},\"wordCount\":876,\"commentCount\":0,\"publisher\":{\"@id\":\"https:\/\/viniciojarquin.com\/blog\/#\/schema\/person\/90100c8845ae55462ec0657d3d2f8d3b\"},\"image\":{\"@id\":\"https:\/\/viniciojarquin.com\/blog\/la-luz-que-alguien-decide-proteger\/#primaryimage\"},\"thumbnailUrl\":\"https:\/\/viniciojarquin.com\/blog\/wp-content\/uploads\/2026\/03\/La-luz.png\",\"articleSection\":[\"Escritos generales\"],\"inLanguage\":\"es\",\"potentialAction\":[{\"@type\":\"CommentAction\",\"name\":\"Comment\",\"target\":[\"https:\/\/viniciojarquin.com\/blog\/la-luz-que-alguien-decide-proteger\/#respond\"]}]},{\"@type\":\"WebPage\",\"@id\":\"https:\/\/viniciojarquin.com\/blog\/la-luz-que-alguien-decide-proteger\/\",\"url\":\"https:\/\/viniciojarquin.com\/blog\/la-luz-que-alguien-decide-proteger\/\",\"name\":\"La luz que alguien decide proteger - MI BLOG\",\"isPartOf\":{\"@id\":\"https:\/\/viniciojarquin.com\/blog\/#website\"},\"primaryImageOfPage\":{\"@id\":\"https:\/\/viniciojarquin.com\/blog\/la-luz-que-alguien-decide-proteger\/#primaryimage\"},\"image\":{\"@id\":\"https:\/\/viniciojarquin.com\/blog\/la-luz-que-alguien-decide-proteger\/#primaryimage\"},\"thumbnailUrl\":\"https:\/\/viniciojarquin.com\/blog\/wp-content\/uploads\/2026\/03\/La-luz.png\",\"datePublished\":\"2026-03-13T02:36:50+00:00\",\"dateModified\":\"2026-03-13T02:36:52+00:00\",\"breadcrumb\":{\"@id\":\"https:\/\/viniciojarquin.com\/blog\/la-luz-que-alguien-decide-proteger\/#breadcrumb\"},\"inLanguage\":\"es\",\"potentialAction\":[{\"@type\":\"ReadAction\",\"target\":[\"https:\/\/viniciojarquin.com\/blog\/la-luz-que-alguien-decide-proteger\/\"]}]},{\"@type\":\"ImageObject\",\"inLanguage\":\"es\",\"@id\":\"https:\/\/viniciojarquin.com\/blog\/la-luz-que-alguien-decide-proteger\/#primaryimage\",\"url\":\"https:\/\/viniciojarquin.com\/blog\/wp-content\/uploads\/2026\/03\/La-luz.png\",\"contentUrl\":\"https:\/\/viniciojarquin.com\/blog\/wp-content\/uploads\/2026\/03\/La-luz.png\",\"width\":800,\"height\":1200},{\"@type\":\"BreadcrumbList\",\"@id\":\"https:\/\/viniciojarquin.com\/blog\/la-luz-que-alguien-decide-proteger\/#breadcrumb\",\"itemListElement\":[{\"@type\":\"ListItem\",\"position\":1,\"name\":\"Portada\",\"item\":\"https:\/\/viniciojarquin.com\/blog\/\"},{\"@type\":\"ListItem\",\"position\":2,\"name\":\"La luz que alguien decide proteger\"}]},{\"@type\":\"WebSite\",\"@id\":\"https:\/\/viniciojarquin.com\/blog\/#website\",\"url\":\"https:\/\/viniciojarquin.com\/blog\/\",\"name\":\"Vinicio Jarqu\u00edn BLOG\",\"description\":\"\",\"publisher\":{\"@id\":\"https:\/\/viniciojarquin.com\/blog\/#\/schema\/person\/90100c8845ae55462ec0657d3d2f8d3b\"},\"potentialAction\":[{\"@type\":\"SearchAction\",\"target\":{\"@type\":\"EntryPoint\",\"urlTemplate\":\"https:\/\/viniciojarquin.com\/blog\/?s={search_term_string}\"},\"query-input\":{\"@type\":\"PropertyValueSpecification\",\"valueRequired\":true,\"valueName\":\"search_term_string\"}}],\"inLanguage\":\"es\"},{\"@type\":[\"Person\",\"Organization\"],\"@id\":\"https:\/\/viniciojarquin.com\/blog\/#\/schema\/person\/90100c8845ae55462ec0657d3d2f8d3b\",\"name\":\"Vinicio Jarqu\u00edn\",\"image\":{\"@type\":\"ImageObject\",\"inLanguage\":\"es\",\"@id\":\"https:\/\/viniciojarquin.com\/blog\/#\/schema\/person\/image\/\",\"url\":\"https:\/\/viniciojarquin.com\/blog\/wp-content\/uploads\/2024\/10\/Logo-VinicioJarquin-original-400.png\",\"contentUrl\":\"https:\/\/viniciojarquin.com\/blog\/wp-content\/uploads\/2024\/10\/Logo-VinicioJarquin-original-400.png\",\"width\":400,\"height\":130,\"caption\":\"Vinicio Jarqu\u00edn\"},\"logo\":{\"@id\":\"https:\/\/viniciojarquin.com\/blog\/#\/schema\/person\/image\/\"},\"description\":\"Empresario textil, artista pl\u00e1stico, escritor, coach de vida y fot\u00f3grafo.\",\"sameAs\":[\"https:\/\/viniciojarquin.com\/blog\",\"https:\/\/www.facebook.com\/vinicio.jarquin\",\"https:\/\/www.instagram.com\/vinicio_jarquin\/\",\"https:\/\/www.pinterest.com\/vinnyjc\/\",\"https:\/\/www.youtube.com\/@VinicioJarquin\"],\"url\":\"https:\/\/viniciojarquin.com\/blog\/author\/admin_s02au25i\/\"}]}<\/script>\n<!-- \/ Yoast SEO plugin. -->","yoast_head_json":{"title":"La luz que alguien decide proteger - MI BLOG","robots":{"index":"index","follow":"follow","max-snippet":"max-snippet:-1","max-image-preview":"max-image-preview:large","max-video-preview":"max-video-preview:-1"},"canonical":"https:\/\/viniciojarquin.com\/blog\/la-luz-que-alguien-decide-proteger\/","og_locale":"es_ES","og_type":"article","og_title":"La luz que alguien decide proteger - MI BLOG","og_description":"A partir de las palabras de Gaz\u00fa Garc\u00eda, facilitador de Seminarios Insight, quisiera compartir una reflexi\u00f3n con ustedes. Una reflexi\u00f3n [&hellip;]","og_url":"https:\/\/viniciojarquin.com\/blog\/la-luz-que-alguien-decide-proteger\/","og_site_name":"MI BLOG","article_publisher":"https:\/\/www.facebook.com\/vinicio.jarquin","article_author":"https:\/\/www.facebook.com\/vinicio.jarquin","article_published_time":"2026-03-13T02:36:50+00:00","article_modified_time":"2026-03-13T02:36:52+00:00","og_image":[{"width":800,"height":1200,"url":"https:\/\/viniciojarquin.com\/blog\/wp-content\/uploads\/2026\/03\/La-luz.png","type":"image\/png"}],"author":"Vinicio Jarqu\u00edn","twitter_card":"summary_large_image","twitter_misc":{"Escrito por":"Vinicio Jarqu\u00edn","Tiempo de lectura":"5 minutos"},"schema":{"@context":"https:\/\/schema.org","@graph":[{"@type":"Article","@id":"https:\/\/viniciojarquin.com\/blog\/la-luz-que-alguien-decide-proteger\/#article","isPartOf":{"@id":"https:\/\/viniciojarquin.com\/blog\/la-luz-que-alguien-decide-proteger\/"},"author":{"name":"Vinicio Jarqu\u00edn","@id":"https:\/\/viniciojarquin.com\/blog\/#\/schema\/person\/90100c8845ae55462ec0657d3d2f8d3b"},"headline":"La luz que alguien decide proteger","datePublished":"2026-03-13T02:36:50+00:00","dateModified":"2026-03-13T02:36:52+00:00","mainEntityOfPage":{"@id":"https:\/\/viniciojarquin.com\/blog\/la-luz-que-alguien-decide-proteger\/"},"wordCount":876,"commentCount":0,"publisher":{"@id":"https:\/\/viniciojarquin.com\/blog\/#\/schema\/person\/90100c8845ae55462ec0657d3d2f8d3b"},"image":{"@id":"https:\/\/viniciojarquin.com\/blog\/la-luz-que-alguien-decide-proteger\/#primaryimage"},"thumbnailUrl":"https:\/\/viniciojarquin.com\/blog\/wp-content\/uploads\/2026\/03\/La-luz.png","articleSection":["Escritos generales"],"inLanguage":"es","potentialAction":[{"@type":"CommentAction","name":"Comment","target":["https:\/\/viniciojarquin.com\/blog\/la-luz-que-alguien-decide-proteger\/#respond"]}]},{"@type":"WebPage","@id":"https:\/\/viniciojarquin.com\/blog\/la-luz-que-alguien-decide-proteger\/","url":"https:\/\/viniciojarquin.com\/blog\/la-luz-que-alguien-decide-proteger\/","name":"La luz que alguien decide proteger - MI BLOG","isPartOf":{"@id":"https:\/\/viniciojarquin.com\/blog\/#website"},"primaryImageOfPage":{"@id":"https:\/\/viniciojarquin.com\/blog\/la-luz-que-alguien-decide-proteger\/#primaryimage"},"image":{"@id":"https:\/\/viniciojarquin.com\/blog\/la-luz-que-alguien-decide-proteger\/#primaryimage"},"thumbnailUrl":"https:\/\/viniciojarquin.com\/blog\/wp-content\/uploads\/2026\/03\/La-luz.png","datePublished":"2026-03-13T02:36:50+00:00","dateModified":"2026-03-13T02:36:52+00:00","breadcrumb":{"@id":"https:\/\/viniciojarquin.com\/blog\/la-luz-que-alguien-decide-proteger\/#breadcrumb"},"inLanguage":"es","potentialAction":[{"@type":"ReadAction","target":["https:\/\/viniciojarquin.com\/blog\/la-luz-que-alguien-decide-proteger\/"]}]},{"@type":"ImageObject","inLanguage":"es","@id":"https:\/\/viniciojarquin.com\/blog\/la-luz-que-alguien-decide-proteger\/#primaryimage","url":"https:\/\/viniciojarquin.com\/blog\/wp-content\/uploads\/2026\/03\/La-luz.png","contentUrl":"https:\/\/viniciojarquin.com\/blog\/wp-content\/uploads\/2026\/03\/La-luz.png","width":800,"height":1200},{"@type":"BreadcrumbList","@id":"https:\/\/viniciojarquin.com\/blog\/la-luz-que-alguien-decide-proteger\/#breadcrumb","itemListElement":[{"@type":"ListItem","position":1,"name":"Portada","item":"https:\/\/viniciojarquin.com\/blog\/"},{"@type":"ListItem","position":2,"name":"La luz que alguien decide proteger"}]},{"@type":"WebSite","@id":"https:\/\/viniciojarquin.com\/blog\/#website","url":"https:\/\/viniciojarquin.com\/blog\/","name":"Vinicio Jarqu\u00edn BLOG","description":"","publisher":{"@id":"https:\/\/viniciojarquin.com\/blog\/#\/schema\/person\/90100c8845ae55462ec0657d3d2f8d3b"},"potentialAction":[{"@type":"SearchAction","target":{"@type":"EntryPoint","urlTemplate":"https:\/\/viniciojarquin.com\/blog\/?s={search_term_string}"},"query-input":{"@type":"PropertyValueSpecification","valueRequired":true,"valueName":"search_term_string"}}],"inLanguage":"es"},{"@type":["Person","Organization"],"@id":"https:\/\/viniciojarquin.com\/blog\/#\/schema\/person\/90100c8845ae55462ec0657d3d2f8d3b","name":"Vinicio Jarqu\u00edn","image":{"@type":"ImageObject","inLanguage":"es","@id":"https:\/\/viniciojarquin.com\/blog\/#\/schema\/person\/image\/","url":"https:\/\/viniciojarquin.com\/blog\/wp-content\/uploads\/2024\/10\/Logo-VinicioJarquin-original-400.png","contentUrl":"https:\/\/viniciojarquin.com\/blog\/wp-content\/uploads\/2024\/10\/Logo-VinicioJarquin-original-400.png","width":400,"height":130,"caption":"Vinicio Jarqu\u00edn"},"logo":{"@id":"https:\/\/viniciojarquin.com\/blog\/#\/schema\/person\/image\/"},"description":"Empresario textil, artista pl\u00e1stico, escritor, coach de vida y fot\u00f3grafo.","sameAs":["https:\/\/viniciojarquin.com\/blog","https:\/\/www.facebook.com\/vinicio.jarquin","https:\/\/www.instagram.com\/vinicio_jarquin\/","https:\/\/www.pinterest.com\/vinnyjc\/","https:\/\/www.youtube.com\/@VinicioJarquin"],"url":"https:\/\/viniciojarquin.com\/blog\/author\/admin_s02au25i\/"}]}},"blog_post_layout_featured_media_urls":{"thumbnail":["https:\/\/viniciojarquin.com\/blog\/wp-content\/uploads\/2026\/03\/La-luz-150x150.png",150,150,true],"full":["https:\/\/viniciojarquin.com\/blog\/wp-content\/uploads\/2026\/03\/La-luz.png",800,1200,false]},"categories_names":{"9":{"name":"Escritos generales","link":"https:\/\/viniciojarquin.com\/blog\/category\/mis-escritos\/"}},"tags_names":[],"comments_number":"0","_links":{"self":[{"href":"https:\/\/viniciojarquin.com\/blog\/wp-json\/wp\/v2\/posts\/3015","targetHints":{"allow":["GET"]}}],"collection":[{"href":"https:\/\/viniciojarquin.com\/blog\/wp-json\/wp\/v2\/posts"}],"about":[{"href":"https:\/\/viniciojarquin.com\/blog\/wp-json\/wp\/v2\/types\/post"}],"author":[{"embeddable":true,"href":"https:\/\/viniciojarquin.com\/blog\/wp-json\/wp\/v2\/users\/1"}],"replies":[{"embeddable":true,"href":"https:\/\/viniciojarquin.com\/blog\/wp-json\/wp\/v2\/comments?post=3015"}],"version-history":[{"count":1,"href":"https:\/\/viniciojarquin.com\/blog\/wp-json\/wp\/v2\/posts\/3015\/revisions"}],"predecessor-version":[{"id":3017,"href":"https:\/\/viniciojarquin.com\/blog\/wp-json\/wp\/v2\/posts\/3015\/revisions\/3017"}],"wp:featuredmedia":[{"embeddable":true,"href":"https:\/\/viniciojarquin.com\/blog\/wp-json\/wp\/v2\/media\/3016"}],"wp:attachment":[{"href":"https:\/\/viniciojarquin.com\/blog\/wp-json\/wp\/v2\/media?parent=3015"}],"wp:term":[{"taxonomy":"category","embeddable":true,"href":"https:\/\/viniciojarquin.com\/blog\/wp-json\/wp\/v2\/categories?post=3015"},{"taxonomy":"post_tag","embeddable":true,"href":"https:\/\/viniciojarquin.com\/blog\/wp-json\/wp\/v2\/tags?post=3015"}],"curies":[{"name":"wp","href":"https:\/\/api.w.org\/{rel}","templated":true}]}}