{"id":3018,"date":"2026-03-13T03:18:49","date_gmt":"2026-03-13T03:18:49","guid":{"rendered":"https:\/\/viniciojarquin.com\/blog\/?p=3018"},"modified":"2026-03-13T03:21:50","modified_gmt":"2026-03-13T03:21:50","slug":"los-limites-del-poder-y-el-respeto-a-la-republica","status":"publish","type":"post","link":"https:\/\/viniciojarquin.com\/blog\/los-limites-del-poder-y-el-respeto-a-la-republica\/","title":{"rendered":"Los l\u00edmites del poder y el respeto a la Rep\u00fablica"},"content":{"rendered":"\n<figure class=\"wp-block-image size-full\"><img decoding=\"async\" width=\"800\" height=\"533\" data-src=\"https:\/\/viniciojarquin.com\/blog\/wp-content\/uploads\/2026\/03\/Poder-Judicial.png\" alt=\"\" class=\"wp-image-3020 lazyload\" data-srcset=\"https:\/\/viniciojarquin.com\/blog\/wp-content\/uploads\/2026\/03\/Poder-Judicial.png 800w, https:\/\/viniciojarquin.com\/blog\/wp-content\/uploads\/2026\/03\/Poder-Judicial-300x200.png 300w, https:\/\/viniciojarquin.com\/blog\/wp-content\/uploads\/2026\/03\/Poder-Judicial-768x512.png 768w\" data-sizes=\"(max-width: 800px) 100vw, 800px\" src=\"data:image\/svg+xml;base64,PHN2ZyB3aWR0aD0iMSIgaGVpZ2h0PSIxIiB4bWxucz0iaHR0cDovL3d3dy53My5vcmcvMjAwMC9zdmciPjwvc3ZnPg==\" style=\"--smush-placeholder-width: 800px; --smush-placeholder-aspect-ratio: 800\/533;\" \/><\/figure>\n\n\n\n<p>En los \u00faltimos d\u00edas se ha informado que el presidente Rodrigo Chaves ha manifestado su intenci\u00f3n de trabajar junto con Estados Unidos y otros pa\u00edses del continente para evitar que los poderes judiciales se conviertan en instrumentos politiqueros. Seg\u00fan se ha indicado, el tema habr\u00eda surgido durante la cumbre vinculada a la iniciativa conocida como \u201cEscudo de las Am\u00e9ricas\u201d, en la que se discutieron asuntos relacionados con narcotr\u00e1fico, miner\u00eda ilegal y cooperaci\u00f3n regional.<\/p>\n\n\n\n<p>M\u00e1s all\u00e1 de las interpretaciones pol\u00edticas que cada persona pueda hacer sobre estas declaraciones, hay dos elementos que conviene recordar con serenidad.<\/p>\n\n\n\n<p>El primero es temporal y pol\u00edtico. A esta administraci\u00f3n le queda muy poco tiempo en el poder. En cuesti\u00f3n de semanas el pa\u00eds estar\u00e1 entrando en una nueva etapa institucional, encabezada por un nuevo gobierno elegido democr\u00e1ticamente. En una democracia madura, los gobiernos tienen un inicio y un final, y es natural que en la recta final de un mandato el margen para impulsar iniciativas estructurales sea limitado. Las decisiones de fondo, especialmente aquellas que podr\u00edan tener implicaciones institucionales profundas, corresponder\u00e1n en gran medida a la pr\u00f3xima administraci\u00f3n.<\/p>\n\n\n\n<p>El segundo elemento es a\u00fan m\u00e1s importante y tiene que ver con la estructura misma del Estado costarricense.<\/p>\n\n\n\n<p>Costa Rica es una rep\u00fablica con separaci\u00f3n de poderes. El Poder Ejecutivo, el Poder Legislativo y el Poder Judicial tienen funciones distintas y l\u00edmites claramente establecidos. Esa separaci\u00f3n no es un detalle menor del sistema pol\u00edtico: es una de las bases de la democracia costarricense.<\/p>\n\n\n\n<p>Por esa raz\u00f3n, ning\u00fan poder del Estado puede intervenir en las funciones de otro. El Poder Ejecutivo no tiene injerencia sobre el Poder Judicial, as\u00ed como el Poder Judicial no dirige las decisiones del Ejecutivo. Esa distancia institucional existe precisamente para evitar abusos de poder y para garantizar que la justicia funcione con independencia.<\/p>\n\n\n\n<p>Desde esa perspectiva, cualquier discusi\u00f3n sobre el funcionamiento del sistema judicial costarricense debe darse dentro de nuestros propios mecanismos institucionales. Las reformas, las cr\u00edticas o los ajustes que el pa\u00eds considere necesarios deben surgir del debate democr\u00e1tico interno, del trabajo de nuestras instituciones y de los procedimientos establecidos por la Constituci\u00f3n.<\/p>\n\n\n\n<p>Costa Rica ha construido durante d\u00e9cadas una reputaci\u00f3n internacional basada precisamente en esa institucionalidad: en el respeto a la ley, en la independencia de los poderes del Estado y en la capacidad de resolver los conflictos dentro de su propio marco democr\u00e1tico.<\/p>\n\n\n\n<p>Por eso, cuando se habla del futuro del Poder Judicial costarricense, conviene recordar algo fundamental: las decisiones sobre nuestras instituciones le corresponden al propio pa\u00eds. A su Constituci\u00f3n, a sus leyes y a sus ciudadanos.<\/p>\n\n\n\n<p>Esa es, al final, una de las fortalezas m\u00e1s importantes de nuestra democracia.<\/p>\n","protected":false},"excerpt":{"rendered":"<p>En los \u00faltimos d\u00edas se ha informado que el presidente Rodrigo Chaves ha manifestado su intenci\u00f3n de trabajar junto con [&hellip;]<\/p>\n","protected":false},"author":1,"featured_media":3020,"comment_status":"open","ping_status":"open","sticky":false,"template":"","format":"standard","meta":{"site-sidebar-layout":"default","site-content-layout":"","ast-site-content-layout":"","site-content-style":"default","site-sidebar-style":"default","ast-global-header-display":"","ast-banner-title-visibility":"","ast-main-header-display":"","ast-hfb-above-header-display":"","ast-hfb-below-header-display":"","ast-hfb-mobile-header-display":"","site-post-title":"","ast-breadcrumbs-content":"","ast-featured-img":"","footer-sml-layout":"","theme-transparent-header-meta":"","adv-header-id-meta":"","stick-header-meta":"","header-above-stick-meta":"","header-main-stick-meta":"","header-below-stick-meta":"","astra-migrate-meta-layouts":"default","ast-page-background-enabled":"default","ast-page-background-meta":{"desktop":{"background-color":"var(--ast-global-color-5)","background-image":"","background-repeat":"repeat","background-position":"center center","background-size":"auto","background-attachment":"scroll","background-type":"","background-media":"","overlay-type":"","overlay-color":"","overlay-opacity":"","overlay-gradient":""},"tablet":{"background-color":"","background-image":"","background-repeat":"repeat","background-position":"center center","background-size":"auto","background-attachment":"scroll","background-type":"","background-media":"","overlay-type":"","overlay-color":"","overlay-opacity":"","overlay-gradient":""},"mobile":{"background-color":"","background-image":"","background-repeat":"repeat","background-position":"center center","background-size":"auto","background-attachment":"scroll","background-type":"","background-media":"","overlay-type":"","overlay-color":"","overlay-opacity":"","overlay-gradient":""}},"ast-content-background-meta":{"desktop":{"background-color":"var(--ast-global-color-4)","background-image":"","background-repeat":"repeat","background-position":"center center","background-size":"auto","background-attachment":"scroll","background-type":"","background-media":"","overlay-type":"","overlay-color":"","overlay-opacity":"","overlay-gradient":""},"tablet":{"background-color":"var(--ast-global-color-4)","background-image":"","background-repeat":"repeat","background-position":"center center","background-size":"auto","background-attachment":"scroll","background-type":"","background-media":"","overlay-type":"","overlay-color":"","overlay-opacity":"","overlay-gradient":""},"mobile":{"background-color":"var(--ast-global-color-4)","background-image":"","background-repeat":"repeat","background-position":"center center","background-size":"auto","background-attachment":"scroll","background-type":"","background-media":"","overlay-type":"","overlay-color":"","overlay-opacity":"","overlay-gradient":""}},"footnotes":""},"categories":[12],"tags":[],"class_list":["post-3018","post","type-post","status-publish","format-standard","has-post-thumbnail","hentry","category-politica-o-gobierno"],"yoast_head":"<!-- This site is optimized with the Yoast SEO plugin v26.0 - https:\/\/yoast.com\/wordpress\/plugins\/seo\/ -->\n<title>Los l\u00edmites del poder y el respeto a la Rep\u00fablica - MI BLOG<\/title>\n<meta name=\"robots\" content=\"index, follow, max-snippet:-1, max-image-preview:large, max-video-preview:-1\" \/>\n<link rel=\"canonical\" href=\"https:\/\/viniciojarquin.com\/blog\/los-limites-del-poder-y-el-respeto-a-la-republica\/\" \/>\n<meta property=\"og:locale\" content=\"es_ES\" \/>\n<meta property=\"og:type\" content=\"article\" \/>\n<meta property=\"og:title\" content=\"Los l\u00edmites del poder y el respeto a la Rep\u00fablica - MI BLOG\" \/>\n<meta property=\"og:description\" content=\"En los \u00faltimos d\u00edas se ha informado que el presidente Rodrigo Chaves ha manifestado su intenci\u00f3n de trabajar junto con [&hellip;]\" \/>\n<meta property=\"og:url\" content=\"https:\/\/viniciojarquin.com\/blog\/los-limites-del-poder-y-el-respeto-a-la-republica\/\" \/>\n<meta property=\"og:site_name\" content=\"MI BLOG\" \/>\n<meta property=\"article:publisher\" content=\"https:\/\/www.facebook.com\/vinicio.jarquin\" \/>\n<meta property=\"article:author\" content=\"https:\/\/www.facebook.com\/vinicio.jarquin\" \/>\n<meta property=\"article:published_time\" content=\"2026-03-13T03:18:49+00:00\" \/>\n<meta property=\"article:modified_time\" content=\"2026-03-13T03:21:50+00:00\" \/>\n<meta property=\"og:image\" content=\"https:\/\/viniciojarquin.com\/blog\/wp-content\/uploads\/2026\/03\/Poder-Judicial.png\" \/>\n\t<meta property=\"og:image:width\" content=\"800\" \/>\n\t<meta property=\"og:image:height\" content=\"533\" \/>\n\t<meta property=\"og:image:type\" content=\"image\/png\" \/>\n<meta name=\"author\" content=\"Vinicio Jarqu\u00edn\" \/>\n<meta name=\"twitter:card\" content=\"summary_large_image\" \/>\n<meta name=\"twitter:label1\" content=\"Escrito por\" \/>\n\t<meta name=\"twitter:data1\" content=\"Vinicio Jarqu\u00edn\" \/>\n\t<meta name=\"twitter:label2\" content=\"Tiempo de lectura\" \/>\n\t<meta name=\"twitter:data2\" content=\"3 minutos\" \/>\n<script type=\"application\/ld+json\" class=\"yoast-schema-graph\">{\"@context\":\"https:\/\/schema.org\",\"@graph\":[{\"@type\":\"Article\",\"@id\":\"https:\/\/viniciojarquin.com\/blog\/los-limites-del-poder-y-el-respeto-a-la-republica\/#article\",\"isPartOf\":{\"@id\":\"https:\/\/viniciojarquin.com\/blog\/los-limites-del-poder-y-el-respeto-a-la-republica\/\"},\"author\":{\"name\":\"Vinicio Jarqu\u00edn\",\"@id\":\"https:\/\/viniciojarquin.com\/blog\/#\/schema\/person\/90100c8845ae55462ec0657d3d2f8d3b\"},\"headline\":\"Los l\u00edmites del poder y el respeto a la Rep\u00fablica\",\"datePublished\":\"2026-03-13T03:18:49+00:00\",\"dateModified\":\"2026-03-13T03:21:50+00:00\",\"mainEntityOfPage\":{\"@id\":\"https:\/\/viniciojarquin.com\/blog\/los-limites-del-poder-y-el-respeto-a-la-republica\/\"},\"wordCount\":493,\"commentCount\":0,\"publisher\":{\"@id\":\"https:\/\/viniciojarquin.com\/blog\/#\/schema\/person\/90100c8845ae55462ec0657d3d2f8d3b\"},\"image\":{\"@id\":\"https:\/\/viniciojarquin.com\/blog\/los-limites-del-poder-y-el-respeto-a-la-republica\/#primaryimage\"},\"thumbnailUrl\":\"https:\/\/viniciojarquin.com\/blog\/wp-content\/uploads\/2026\/03\/Poder-Judicial.png\",\"articleSection\":[\"Pol\u00edtica varios\"],\"inLanguage\":\"es\",\"potentialAction\":[{\"@type\":\"CommentAction\",\"name\":\"Comment\",\"target\":[\"https:\/\/viniciojarquin.com\/blog\/los-limites-del-poder-y-el-respeto-a-la-republica\/#respond\"]}]},{\"@type\":\"WebPage\",\"@id\":\"https:\/\/viniciojarquin.com\/blog\/los-limites-del-poder-y-el-respeto-a-la-republica\/\",\"url\":\"https:\/\/viniciojarquin.com\/blog\/los-limites-del-poder-y-el-respeto-a-la-republica\/\",\"name\":\"Los l\u00edmites del poder y el respeto a la Rep\u00fablica - MI BLOG\",\"isPartOf\":{\"@id\":\"https:\/\/viniciojarquin.com\/blog\/#website\"},\"primaryImageOfPage\":{\"@id\":\"https:\/\/viniciojarquin.com\/blog\/los-limites-del-poder-y-el-respeto-a-la-republica\/#primaryimage\"},\"image\":{\"@id\":\"https:\/\/viniciojarquin.com\/blog\/los-limites-del-poder-y-el-respeto-a-la-republica\/#primaryimage\"},\"thumbnailUrl\":\"https:\/\/viniciojarquin.com\/blog\/wp-content\/uploads\/2026\/03\/Poder-Judicial.png\",\"datePublished\":\"2026-03-13T03:18:49+00:00\",\"dateModified\":\"2026-03-13T03:21:50+00:00\",\"breadcrumb\":{\"@id\":\"https:\/\/viniciojarquin.com\/blog\/los-limites-del-poder-y-el-respeto-a-la-republica\/#breadcrumb\"},\"inLanguage\":\"es\",\"potentialAction\":[{\"@type\":\"ReadAction\",\"target\":[\"https:\/\/viniciojarquin.com\/blog\/los-limites-del-poder-y-el-respeto-a-la-republica\/\"]}]},{\"@type\":\"ImageObject\",\"inLanguage\":\"es\",\"@id\":\"https:\/\/viniciojarquin.com\/blog\/los-limites-del-poder-y-el-respeto-a-la-republica\/#primaryimage\",\"url\":\"https:\/\/viniciojarquin.com\/blog\/wp-content\/uploads\/2026\/03\/Poder-Judicial.png\",\"contentUrl\":\"https:\/\/viniciojarquin.com\/blog\/wp-content\/uploads\/2026\/03\/Poder-Judicial.png\",\"width\":800,\"height\":533},{\"@type\":\"BreadcrumbList\",\"@id\":\"https:\/\/viniciojarquin.com\/blog\/los-limites-del-poder-y-el-respeto-a-la-republica\/#breadcrumb\",\"itemListElement\":[{\"@type\":\"ListItem\",\"position\":1,\"name\":\"Portada\",\"item\":\"https:\/\/viniciojarquin.com\/blog\/\"},{\"@type\":\"ListItem\",\"position\":2,\"name\":\"Los l\u00edmites del poder y el respeto a la Rep\u00fablica\"}]},{\"@type\":\"WebSite\",\"@id\":\"https:\/\/viniciojarquin.com\/blog\/#website\",\"url\":\"https:\/\/viniciojarquin.com\/blog\/\",\"name\":\"Vinicio Jarqu\u00edn BLOG\",\"description\":\"\",\"publisher\":{\"@id\":\"https:\/\/viniciojarquin.com\/blog\/#\/schema\/person\/90100c8845ae55462ec0657d3d2f8d3b\"},\"potentialAction\":[{\"@type\":\"SearchAction\",\"target\":{\"@type\":\"EntryPoint\",\"urlTemplate\":\"https:\/\/viniciojarquin.com\/blog\/?s={search_term_string}\"},\"query-input\":{\"@type\":\"PropertyValueSpecification\",\"valueRequired\":true,\"valueName\":\"search_term_string\"}}],\"inLanguage\":\"es\"},{\"@type\":[\"Person\",\"Organization\"],\"@id\":\"https:\/\/viniciojarquin.com\/blog\/#\/schema\/person\/90100c8845ae55462ec0657d3d2f8d3b\",\"name\":\"Vinicio Jarqu\u00edn\",\"image\":{\"@type\":\"ImageObject\",\"inLanguage\":\"es\",\"@id\":\"https:\/\/viniciojarquin.com\/blog\/#\/schema\/person\/image\/\",\"url\":\"https:\/\/viniciojarquin.com\/blog\/wp-content\/uploads\/2024\/10\/Logo-VinicioJarquin-original-400.png\",\"contentUrl\":\"https:\/\/viniciojarquin.com\/blog\/wp-content\/uploads\/2024\/10\/Logo-VinicioJarquin-original-400.png\",\"width\":400,\"height\":130,\"caption\":\"Vinicio Jarqu\u00edn\"},\"logo\":{\"@id\":\"https:\/\/viniciojarquin.com\/blog\/#\/schema\/person\/image\/\"},\"description\":\"Empresario textil, artista pl\u00e1stico, escritor, coach de vida y fot\u00f3grafo.\",\"sameAs\":[\"https:\/\/viniciojarquin.com\/blog\",\"https:\/\/www.facebook.com\/vinicio.jarquin\",\"https:\/\/www.instagram.com\/vinicio_jarquin\/\",\"https:\/\/www.pinterest.com\/vinnyjc\/\",\"https:\/\/www.youtube.com\/@VinicioJarquin\"],\"url\":\"https:\/\/viniciojarquin.com\/blog\/author\/admin_s02au25i\/\"}]}<\/script>\n<!-- \/ Yoast SEO plugin. -->","yoast_head_json":{"title":"Los l\u00edmites del poder y el respeto a la Rep\u00fablica - MI BLOG","robots":{"index":"index","follow":"follow","max-snippet":"max-snippet:-1","max-image-preview":"max-image-preview:large","max-video-preview":"max-video-preview:-1"},"canonical":"https:\/\/viniciojarquin.com\/blog\/los-limites-del-poder-y-el-respeto-a-la-republica\/","og_locale":"es_ES","og_type":"article","og_title":"Los l\u00edmites del poder y el respeto a la Rep\u00fablica - MI BLOG","og_description":"En los \u00faltimos d\u00edas se ha informado que el presidente Rodrigo Chaves ha manifestado su intenci\u00f3n de trabajar junto con [&hellip;]","og_url":"https:\/\/viniciojarquin.com\/blog\/los-limites-del-poder-y-el-respeto-a-la-republica\/","og_site_name":"MI BLOG","article_publisher":"https:\/\/www.facebook.com\/vinicio.jarquin","article_author":"https:\/\/www.facebook.com\/vinicio.jarquin","article_published_time":"2026-03-13T03:18:49+00:00","article_modified_time":"2026-03-13T03:21:50+00:00","og_image":[{"width":800,"height":533,"url":"https:\/\/viniciojarquin.com\/blog\/wp-content\/uploads\/2026\/03\/Poder-Judicial.png","type":"image\/png"}],"author":"Vinicio Jarqu\u00edn","twitter_card":"summary_large_image","twitter_misc":{"Escrito por":"Vinicio Jarqu\u00edn","Tiempo de lectura":"3 minutos"},"schema":{"@context":"https:\/\/schema.org","@graph":[{"@type":"Article","@id":"https:\/\/viniciojarquin.com\/blog\/los-limites-del-poder-y-el-respeto-a-la-republica\/#article","isPartOf":{"@id":"https:\/\/viniciojarquin.com\/blog\/los-limites-del-poder-y-el-respeto-a-la-republica\/"},"author":{"name":"Vinicio Jarqu\u00edn","@id":"https:\/\/viniciojarquin.com\/blog\/#\/schema\/person\/90100c8845ae55462ec0657d3d2f8d3b"},"headline":"Los l\u00edmites del poder y el respeto a la Rep\u00fablica","datePublished":"2026-03-13T03:18:49+00:00","dateModified":"2026-03-13T03:21:50+00:00","mainEntityOfPage":{"@id":"https:\/\/viniciojarquin.com\/blog\/los-limites-del-poder-y-el-respeto-a-la-republica\/"},"wordCount":493,"commentCount":0,"publisher":{"@id":"https:\/\/viniciojarquin.com\/blog\/#\/schema\/person\/90100c8845ae55462ec0657d3d2f8d3b"},"image":{"@id":"https:\/\/viniciojarquin.com\/blog\/los-limites-del-poder-y-el-respeto-a-la-republica\/#primaryimage"},"thumbnailUrl":"https:\/\/viniciojarquin.com\/blog\/wp-content\/uploads\/2026\/03\/Poder-Judicial.png","articleSection":["Pol\u00edtica varios"],"inLanguage":"es","potentialAction":[{"@type":"CommentAction","name":"Comment","target":["https:\/\/viniciojarquin.com\/blog\/los-limites-del-poder-y-el-respeto-a-la-republica\/#respond"]}]},{"@type":"WebPage","@id":"https:\/\/viniciojarquin.com\/blog\/los-limites-del-poder-y-el-respeto-a-la-republica\/","url":"https:\/\/viniciojarquin.com\/blog\/los-limites-del-poder-y-el-respeto-a-la-republica\/","name":"Los l\u00edmites del poder y el respeto a la Rep\u00fablica - MI BLOG","isPartOf":{"@id":"https:\/\/viniciojarquin.com\/blog\/#website"},"primaryImageOfPage":{"@id":"https:\/\/viniciojarquin.com\/blog\/los-limites-del-poder-y-el-respeto-a-la-republica\/#primaryimage"},"image":{"@id":"https:\/\/viniciojarquin.com\/blog\/los-limites-del-poder-y-el-respeto-a-la-republica\/#primaryimage"},"thumbnailUrl":"https:\/\/viniciojarquin.com\/blog\/wp-content\/uploads\/2026\/03\/Poder-Judicial.png","datePublished":"2026-03-13T03:18:49+00:00","dateModified":"2026-03-13T03:21:50+00:00","breadcrumb":{"@id":"https:\/\/viniciojarquin.com\/blog\/los-limites-del-poder-y-el-respeto-a-la-republica\/#breadcrumb"},"inLanguage":"es","potentialAction":[{"@type":"ReadAction","target":["https:\/\/viniciojarquin.com\/blog\/los-limites-del-poder-y-el-respeto-a-la-republica\/"]}]},{"@type":"ImageObject","inLanguage":"es","@id":"https:\/\/viniciojarquin.com\/blog\/los-limites-del-poder-y-el-respeto-a-la-republica\/#primaryimage","url":"https:\/\/viniciojarquin.com\/blog\/wp-content\/uploads\/2026\/03\/Poder-Judicial.png","contentUrl":"https:\/\/viniciojarquin.com\/blog\/wp-content\/uploads\/2026\/03\/Poder-Judicial.png","width":800,"height":533},{"@type":"BreadcrumbList","@id":"https:\/\/viniciojarquin.com\/blog\/los-limites-del-poder-y-el-respeto-a-la-republica\/#breadcrumb","itemListElement":[{"@type":"ListItem","position":1,"name":"Portada","item":"https:\/\/viniciojarquin.com\/blog\/"},{"@type":"ListItem","position":2,"name":"Los l\u00edmites del poder y el respeto a la Rep\u00fablica"}]},{"@type":"WebSite","@id":"https:\/\/viniciojarquin.com\/blog\/#website","url":"https:\/\/viniciojarquin.com\/blog\/","name":"Vinicio Jarqu\u00edn BLOG","description":"","publisher":{"@id":"https:\/\/viniciojarquin.com\/blog\/#\/schema\/person\/90100c8845ae55462ec0657d3d2f8d3b"},"potentialAction":[{"@type":"SearchAction","target":{"@type":"EntryPoint","urlTemplate":"https:\/\/viniciojarquin.com\/blog\/?s={search_term_string}"},"query-input":{"@type":"PropertyValueSpecification","valueRequired":true,"valueName":"search_term_string"}}],"inLanguage":"es"},{"@type":["Person","Organization"],"@id":"https:\/\/viniciojarquin.com\/blog\/#\/schema\/person\/90100c8845ae55462ec0657d3d2f8d3b","name":"Vinicio Jarqu\u00edn","image":{"@type":"ImageObject","inLanguage":"es","@id":"https:\/\/viniciojarquin.com\/blog\/#\/schema\/person\/image\/","url":"https:\/\/viniciojarquin.com\/blog\/wp-content\/uploads\/2024\/10\/Logo-VinicioJarquin-original-400.png","contentUrl":"https:\/\/viniciojarquin.com\/blog\/wp-content\/uploads\/2024\/10\/Logo-VinicioJarquin-original-400.png","width":400,"height":130,"caption":"Vinicio Jarqu\u00edn"},"logo":{"@id":"https:\/\/viniciojarquin.com\/blog\/#\/schema\/person\/image\/"},"description":"Empresario textil, artista pl\u00e1stico, escritor, coach de vida y fot\u00f3grafo.","sameAs":["https:\/\/viniciojarquin.com\/blog","https:\/\/www.facebook.com\/vinicio.jarquin","https:\/\/www.instagram.com\/vinicio_jarquin\/","https:\/\/www.pinterest.com\/vinnyjc\/","https:\/\/www.youtube.com\/@VinicioJarquin"],"url":"https:\/\/viniciojarquin.com\/blog\/author\/admin_s02au25i\/"}]}},"blog_post_layout_featured_media_urls":{"thumbnail":["https:\/\/viniciojarquin.com\/blog\/wp-content\/uploads\/2026\/03\/Poder-Judicial-150x150.png",150,150,true],"full":["https:\/\/viniciojarquin.com\/blog\/wp-content\/uploads\/2026\/03\/Poder-Judicial.png",800,533,false]},"categories_names":{"12":{"name":"Pol\u00edtica varios","link":"https:\/\/viniciojarquin.com\/blog\/category\/politica-o-gobierno\/"}},"tags_names":[],"comments_number":"0","_links":{"self":[{"href":"https:\/\/viniciojarquin.com\/blog\/wp-json\/wp\/v2\/posts\/3018","targetHints":{"allow":["GET"]}}],"collection":[{"href":"https:\/\/viniciojarquin.com\/blog\/wp-json\/wp\/v2\/posts"}],"about":[{"href":"https:\/\/viniciojarquin.com\/blog\/wp-json\/wp\/v2\/types\/post"}],"author":[{"embeddable":true,"href":"https:\/\/viniciojarquin.com\/blog\/wp-json\/wp\/v2\/users\/1"}],"replies":[{"embeddable":true,"href":"https:\/\/viniciojarquin.com\/blog\/wp-json\/wp\/v2\/comments?post=3018"}],"version-history":[{"count":2,"href":"https:\/\/viniciojarquin.com\/blog\/wp-json\/wp\/v2\/posts\/3018\/revisions"}],"predecessor-version":[{"id":3021,"href":"https:\/\/viniciojarquin.com\/blog\/wp-json\/wp\/v2\/posts\/3018\/revisions\/3021"}],"wp:featuredmedia":[{"embeddable":true,"href":"https:\/\/viniciojarquin.com\/blog\/wp-json\/wp\/v2\/media\/3020"}],"wp:attachment":[{"href":"https:\/\/viniciojarquin.com\/blog\/wp-json\/wp\/v2\/media?parent=3018"}],"wp:term":[{"taxonomy":"category","embeddable":true,"href":"https:\/\/viniciojarquin.com\/blog\/wp-json\/wp\/v2\/categories?post=3018"},{"taxonomy":"post_tag","embeddable":true,"href":"https:\/\/viniciojarquin.com\/blog\/wp-json\/wp\/v2\/tags?post=3018"}],"curies":[{"name":"wp","href":"https:\/\/api.w.org\/{rel}","templated":true}]}}