{"id":3022,"date":"2026-03-16T18:25:20","date_gmt":"2026-03-16T18:25:20","guid":{"rendered":"https:\/\/viniciojarquin.com\/blog\/?p=3022"},"modified":"2026-03-16T18:25:22","modified_gmt":"2026-03-16T18:25:22","slug":"la-farmacodinamica-del-poder","status":"publish","type":"post","link":"https:\/\/viniciojarquin.com\/blog\/la-farmacodinamica-del-poder\/","title":{"rendered":"La farmacodin\u00e1mica del poder"},"content":{"rendered":"\n<p>C\u00f3mo act\u00faa el poder en los diputados<\/p>\n\n\n\n<p>En farmacolog\u00eda existe un concepto llamado farmacodin\u00e1mica. Es la parte de la ciencia que estudia c\u00f3mo act\u00faa una sustancia dentro del organismo. No todos los cuerpos reaccionan igual ante un mismo medicamento. Algunos lo absorben r\u00e1pido, otros lentamente. En algunos produce alivio inmediato; en otros genera efectos secundarios inesperados. La sustancia es la misma, pero el organismo que la recibe determina el resultado final.<\/p>\n\n\n\n<p>En las \u00faltimas semanas, mientras converso con diputados actuales, diputados electos, asesores y funcionarios de la Asamblea Legislativa, no he podido evitar pensar que algo muy parecido ocurre con el poder. El poder pol\u00edtico funciona como una sustancia.<\/p>\n\n\n\n<p>La Asamblea Legislativa podr\u00eda verse, en ese sentido, como una especie de laboratorio institucional donde esa sustancia se administra cada cuatro a\u00f1os a un grupo de cincuenta y siete personas que llegan desde realidades muy distintas del pa\u00eds. Cada uno trae su historia personal, su car\u00e1cter, sus convicciones, sus ambiciones, sus inseguridades y su forma particular de entender el servicio p\u00fablico.<\/p>\n\n\n\n<p>Y cuando esa sustancia entra en contacto con cada organismo, los efectos no siempre son iguales.<\/p>\n\n\n\n<p>Hay diputados a quienes el poder parece modificar visiblemente. La exposici\u00f3n p\u00fablica, la capacidad de tomar decisiones, la influencia que adquiere su voz dentro del debate nacional puede producir cambios en la forma en que se relacionan con los dem\u00e1s. El cargo puede generar seguridad, autoridad o incluso una sensaci\u00f3n de importancia que no siempre es f\u00e1cil de manejar. Pero tambi\u00e9n ocurre lo contrario.<\/p>\n\n\n\n<p>En algunas personas el poder parece pasar sin alterar demasiado su estructura interna. Contin\u00faan siendo, en esencia, los mismos que eran antes de ocupar una curul. Escuchan, conversan, dudan, se equivocan y siguen viendo el cargo como una responsabilidad temporal m\u00e1s que como una identidad permanente.<\/p>\n\n\n\n<p>Esa diferencia es precisamente lo que la farmacodin\u00e1mica intenta explicar en medicina: la sustancia no es lo \u00fanico que importa. El organismo que la recibe tambi\u00e9n determina el efecto. En la pol\u00edtica ocurre algo similar.<\/p>\n\n\n\n<p>Un diputado que llega al Congreso despu\u00e9s de haber vivido a\u00f1os de trabajo comunitario, docencia o liderazgo social probablemente metaboliza el poder de una manera distinta a alguien que ha pasado la mayor parte de su carrera dentro de estructuras partidarias o espacios de influencia pol\u00edtica. Las motivaciones, la formaci\u00f3n personal y las experiencias previas influyen en la manera en que el cargo se integra a la vida de la persona. Incluso la geograf\u00eda influye.<\/p>\n\n\n\n<p>No es lo mismo representar un cant\u00f3n cercano al Valle Central que venir de territorios m\u00e1s alejados como Lim\u00f3n, Talamanca o Coto Brus. Las distancias f\u00edsicas entre el territorio representado y el edificio legislativo tambi\u00e9n moldean la experiencia del poder. Algunos diputados viven el Congreso como una extensi\u00f3n natural de su entorno cotidiano; otros lo experimentan como un centro pol\u00edtico distante al que deben viajar constantemente para que su voz sea escuchada. La sustancia es la misma. El contexto no.<\/p>\n\n\n\n<p>Tambi\u00e9n existen factores simb\u00f3licos que influyen en este proceso. El edificio legislativo, con su arquitectura de concreto, sus corredores amplios y su ambiente institucional, produce una atm\u00f3sfera particular. Las oficinas, los carn\u00e9s de acceso, las sesiones del plenario y los rituales parlamentarios act\u00faan como est\u00edmulos que refuerzan la presencia del poder en el d\u00eda a d\u00eda de quienes trabajan all\u00ed. Pero incluso dentro de ese mismo entorno, los efectos siguen siendo distintos.<\/p>\n\n\n\n<p>Algunos diputados desarrollan una relaci\u00f3n muy intensa con el cargo. Otros lo viven con cierta serenidad, como una etapa m\u00e1s dentro de su trayectoria personal. Y tambi\u00e9n est\u00e1n quienes parecen resistirse a que la sustancia del poder se convierta en el eje central de su identidad.<\/p>\n\n\n\n<p>Quiz\u00e1s por eso uno de los fen\u00f3menos m\u00e1s interesantes dentro de la vida legislativa es lo que algunos llaman el s\u00edndrome del diputado saliente. Cuando el per\u00edodo termina y llega el momento de devolver carn\u00e9s, accesos y privilegios institucionales, algunas personas experimentan una sensaci\u00f3n muy particular. Es el instante en que la sustancia deja de circular por el organismo pol\u00edtico y el cuerpo debe reajustarse a una vida sin ese est\u00edmulo constante. Para algunos el proceso es natural. Para otros no tanto.<\/p>\n\n\n\n<p>Observar estas din\u00e1micas desde cerca permite entender que el poder no es una fuerza uniforme que act\u00faa igual en todos. Es m\u00e1s bien una sustancia compleja cuyo efecto depende tanto del entorno institucional como de la estructura interior de quien lo recibe.<\/p>\n\n\n\n<p>En ese sentido, la Asamblea Legislativa no es solamente un espacio donde se discuten leyes. Tambi\u00e9n es un laboratorio humano. Un lugar donde cincuenta y siete organismos distintos reciben la misma dosis de poder y reaccionan de maneras sorprendentemente diferentes. Y quiz\u00e1s entender esa farmacodin\u00e1mica pol\u00edtica sea una de las claves para comprender mejor c\u00f3mo funciona, realmente, la democracia.<\/p>\n","protected":false},"excerpt":{"rendered":"<p>C\u00f3mo act\u00faa el poder en los diputados En farmacolog\u00eda existe un concepto llamado farmacodin\u00e1mica. Es la parte de la ciencia [&hellip;]<\/p>\n","protected":false},"author":1,"featured_media":0,"comment_status":"open","ping_status":"open","sticky":false,"template":"","format":"standard","meta":{"site-sidebar-layout":"default","site-content-layout":"","ast-site-content-layout":"","site-content-style":"default","site-sidebar-style":"default","ast-global-header-display":"","ast-banner-title-visibility":"","ast-main-header-display":"","ast-hfb-above-header-display":"","ast-hfb-below-header-display":"","ast-hfb-mobile-header-display":"","site-post-title":"","ast-breadcrumbs-content":"","ast-featured-img":"","footer-sml-layout":"","theme-transparent-header-meta":"","adv-header-id-meta":"","stick-header-meta":"","header-above-stick-meta":"","header-main-stick-meta":"","header-below-stick-meta":"","astra-migrate-meta-layouts":"default","ast-page-background-enabled":"default","ast-page-background-meta":{"desktop":{"background-color":"var(--ast-global-color-5)","background-image":"","background-repeat":"repeat","background-position":"center center","background-size":"auto","background-attachment":"scroll","background-type":"","background-media":"","overlay-type":"","overlay-color":"","overlay-opacity":"","overlay-gradient":""},"tablet":{"background-color":"","background-image":"","background-repeat":"repeat","background-position":"center center","background-size":"auto","background-attachment":"scroll","background-type":"","background-media":"","overlay-type":"","overlay-color":"","overlay-opacity":"","overlay-gradient":""},"mobile":{"background-color":"","background-image":"","background-repeat":"repeat","background-position":"center center","background-size":"auto","background-attachment":"scroll","background-type":"","background-media":"","overlay-type":"","overlay-color":"","overlay-opacity":"","overlay-gradient":""}},"ast-content-background-meta":{"desktop":{"background-color":"var(--ast-global-color-4)","background-image":"","background-repeat":"repeat","background-position":"center center","background-size":"auto","background-attachment":"scroll","background-type":"","background-media":"","overlay-type":"","overlay-color":"","overlay-opacity":"","overlay-gradient":""},"tablet":{"background-color":"var(--ast-global-color-4)","background-image":"","background-repeat":"repeat","background-position":"center center","background-size":"auto","background-attachment":"scroll","background-type":"","background-media":"","overlay-type":"","overlay-color":"","overlay-opacity":"","overlay-gradient":""},"mobile":{"background-color":"var(--ast-global-color-4)","background-image":"","background-repeat":"repeat","background-position":"center center","background-size":"auto","background-attachment":"scroll","background-type":"","background-media":"","overlay-type":"","overlay-color":"","overlay-opacity":"","overlay-gradient":""}},"footnotes":""},"categories":[12],"tags":[],"class_list":["post-3022","post","type-post","status-publish","format-standard","hentry","category-politica-o-gobierno"],"yoast_head":"<!-- This site is optimized with the Yoast SEO plugin v26.0 - https:\/\/yoast.com\/wordpress\/plugins\/seo\/ -->\n<title>La farmacodin\u00e1mica del poder - MI BLOG<\/title>\n<meta name=\"robots\" content=\"index, follow, max-snippet:-1, max-image-preview:large, max-video-preview:-1\" \/>\n<link rel=\"canonical\" href=\"https:\/\/viniciojarquin.com\/blog\/la-farmacodinamica-del-poder\/\" \/>\n<meta property=\"og:locale\" content=\"es_ES\" \/>\n<meta property=\"og:type\" content=\"article\" \/>\n<meta property=\"og:title\" content=\"La farmacodin\u00e1mica del poder - MI BLOG\" \/>\n<meta property=\"og:description\" content=\"C\u00f3mo act\u00faa el poder en los diputados En farmacolog\u00eda existe un concepto llamado farmacodin\u00e1mica. Es la parte de la ciencia [&hellip;]\" \/>\n<meta property=\"og:url\" content=\"https:\/\/viniciojarquin.com\/blog\/la-farmacodinamica-del-poder\/\" \/>\n<meta property=\"og:site_name\" content=\"MI BLOG\" \/>\n<meta property=\"article:publisher\" content=\"https:\/\/www.facebook.com\/vinicio.jarquin\" \/>\n<meta property=\"article:author\" content=\"https:\/\/www.facebook.com\/vinicio.jarquin\" \/>\n<meta property=\"article:published_time\" content=\"2026-03-16T18:25:20+00:00\" \/>\n<meta property=\"article:modified_time\" content=\"2026-03-16T18:25:22+00:00\" \/>\n<meta name=\"author\" content=\"Vinicio Jarqu\u00edn\" \/>\n<meta name=\"twitter:card\" content=\"summary_large_image\" \/>\n<meta name=\"twitter:label1\" content=\"Escrito por\" \/>\n\t<meta name=\"twitter:data1\" content=\"Vinicio Jarqu\u00edn\" \/>\n\t<meta name=\"twitter:label2\" content=\"Tiempo de lectura\" \/>\n\t<meta name=\"twitter:data2\" content=\"4 minutos\" \/>\n<script type=\"application\/ld+json\" class=\"yoast-schema-graph\">{\"@context\":\"https:\/\/schema.org\",\"@graph\":[{\"@type\":\"Article\",\"@id\":\"https:\/\/viniciojarquin.com\/blog\/la-farmacodinamica-del-poder\/#article\",\"isPartOf\":{\"@id\":\"https:\/\/viniciojarquin.com\/blog\/la-farmacodinamica-del-poder\/\"},\"author\":{\"name\":\"Vinicio Jarqu\u00edn\",\"@id\":\"https:\/\/viniciojarquin.com\/blog\/#\/schema\/person\/90100c8845ae55462ec0657d3d2f8d3b\"},\"headline\":\"La farmacodin\u00e1mica del poder\",\"datePublished\":\"2026-03-16T18:25:20+00:00\",\"dateModified\":\"2026-03-16T18:25:22+00:00\",\"mainEntityOfPage\":{\"@id\":\"https:\/\/viniciojarquin.com\/blog\/la-farmacodinamica-del-poder\/\"},\"wordCount\":857,\"commentCount\":0,\"publisher\":{\"@id\":\"https:\/\/viniciojarquin.com\/blog\/#\/schema\/person\/90100c8845ae55462ec0657d3d2f8d3b\"},\"articleSection\":[\"Pol\u00edtica varios\"],\"inLanguage\":\"es\",\"potentialAction\":[{\"@type\":\"CommentAction\",\"name\":\"Comment\",\"target\":[\"https:\/\/viniciojarquin.com\/blog\/la-farmacodinamica-del-poder\/#respond\"]}]},{\"@type\":\"WebPage\",\"@id\":\"https:\/\/viniciojarquin.com\/blog\/la-farmacodinamica-del-poder\/\",\"url\":\"https:\/\/viniciojarquin.com\/blog\/la-farmacodinamica-del-poder\/\",\"name\":\"La farmacodin\u00e1mica del poder - MI BLOG\",\"isPartOf\":{\"@id\":\"https:\/\/viniciojarquin.com\/blog\/#website\"},\"datePublished\":\"2026-03-16T18:25:20+00:00\",\"dateModified\":\"2026-03-16T18:25:22+00:00\",\"breadcrumb\":{\"@id\":\"https:\/\/viniciojarquin.com\/blog\/la-farmacodinamica-del-poder\/#breadcrumb\"},\"inLanguage\":\"es\",\"potentialAction\":[{\"@type\":\"ReadAction\",\"target\":[\"https:\/\/viniciojarquin.com\/blog\/la-farmacodinamica-del-poder\/\"]}]},{\"@type\":\"BreadcrumbList\",\"@id\":\"https:\/\/viniciojarquin.com\/blog\/la-farmacodinamica-del-poder\/#breadcrumb\",\"itemListElement\":[{\"@type\":\"ListItem\",\"position\":1,\"name\":\"Portada\",\"item\":\"https:\/\/viniciojarquin.com\/blog\/\"},{\"@type\":\"ListItem\",\"position\":2,\"name\":\"La farmacodin\u00e1mica del poder\"}]},{\"@type\":\"WebSite\",\"@id\":\"https:\/\/viniciojarquin.com\/blog\/#website\",\"url\":\"https:\/\/viniciojarquin.com\/blog\/\",\"name\":\"Vinicio Jarqu\u00edn BLOG\",\"description\":\"\",\"publisher\":{\"@id\":\"https:\/\/viniciojarquin.com\/blog\/#\/schema\/person\/90100c8845ae55462ec0657d3d2f8d3b\"},\"potentialAction\":[{\"@type\":\"SearchAction\",\"target\":{\"@type\":\"EntryPoint\",\"urlTemplate\":\"https:\/\/viniciojarquin.com\/blog\/?s={search_term_string}\"},\"query-input\":{\"@type\":\"PropertyValueSpecification\",\"valueRequired\":true,\"valueName\":\"search_term_string\"}}],\"inLanguage\":\"es\"},{\"@type\":[\"Person\",\"Organization\"],\"@id\":\"https:\/\/viniciojarquin.com\/blog\/#\/schema\/person\/90100c8845ae55462ec0657d3d2f8d3b\",\"name\":\"Vinicio Jarqu\u00edn\",\"image\":{\"@type\":\"ImageObject\",\"inLanguage\":\"es\",\"@id\":\"https:\/\/viniciojarquin.com\/blog\/#\/schema\/person\/image\/\",\"url\":\"https:\/\/viniciojarquin.com\/blog\/wp-content\/uploads\/2024\/10\/Logo-VinicioJarquin-original-400.png\",\"contentUrl\":\"https:\/\/viniciojarquin.com\/blog\/wp-content\/uploads\/2024\/10\/Logo-VinicioJarquin-original-400.png\",\"width\":400,\"height\":130,\"caption\":\"Vinicio Jarqu\u00edn\"},\"logo\":{\"@id\":\"https:\/\/viniciojarquin.com\/blog\/#\/schema\/person\/image\/\"},\"description\":\"Empresario textil, artista pl\u00e1stico, escritor, coach de vida y fot\u00f3grafo.\",\"sameAs\":[\"https:\/\/viniciojarquin.com\/blog\",\"https:\/\/www.facebook.com\/vinicio.jarquin\",\"https:\/\/www.instagram.com\/vinicio_jarquin\/\",\"https:\/\/www.pinterest.com\/vinnyjc\/\",\"https:\/\/www.youtube.com\/@VinicioJarquin\"],\"url\":\"https:\/\/viniciojarquin.com\/blog\/author\/admin_s02au25i\/\"}]}<\/script>\n<!-- \/ Yoast SEO plugin. -->","yoast_head_json":{"title":"La farmacodin\u00e1mica del poder - MI BLOG","robots":{"index":"index","follow":"follow","max-snippet":"max-snippet:-1","max-image-preview":"max-image-preview:large","max-video-preview":"max-video-preview:-1"},"canonical":"https:\/\/viniciojarquin.com\/blog\/la-farmacodinamica-del-poder\/","og_locale":"es_ES","og_type":"article","og_title":"La farmacodin\u00e1mica del poder - MI BLOG","og_description":"C\u00f3mo act\u00faa el poder en los diputados En farmacolog\u00eda existe un concepto llamado farmacodin\u00e1mica. Es la parte de la ciencia [&hellip;]","og_url":"https:\/\/viniciojarquin.com\/blog\/la-farmacodinamica-del-poder\/","og_site_name":"MI BLOG","article_publisher":"https:\/\/www.facebook.com\/vinicio.jarquin","article_author":"https:\/\/www.facebook.com\/vinicio.jarquin","article_published_time":"2026-03-16T18:25:20+00:00","article_modified_time":"2026-03-16T18:25:22+00:00","author":"Vinicio Jarqu\u00edn","twitter_card":"summary_large_image","twitter_misc":{"Escrito por":"Vinicio Jarqu\u00edn","Tiempo de lectura":"4 minutos"},"schema":{"@context":"https:\/\/schema.org","@graph":[{"@type":"Article","@id":"https:\/\/viniciojarquin.com\/blog\/la-farmacodinamica-del-poder\/#article","isPartOf":{"@id":"https:\/\/viniciojarquin.com\/blog\/la-farmacodinamica-del-poder\/"},"author":{"name":"Vinicio Jarqu\u00edn","@id":"https:\/\/viniciojarquin.com\/blog\/#\/schema\/person\/90100c8845ae55462ec0657d3d2f8d3b"},"headline":"La farmacodin\u00e1mica del poder","datePublished":"2026-03-16T18:25:20+00:00","dateModified":"2026-03-16T18:25:22+00:00","mainEntityOfPage":{"@id":"https:\/\/viniciojarquin.com\/blog\/la-farmacodinamica-del-poder\/"},"wordCount":857,"commentCount":0,"publisher":{"@id":"https:\/\/viniciojarquin.com\/blog\/#\/schema\/person\/90100c8845ae55462ec0657d3d2f8d3b"},"articleSection":["Pol\u00edtica varios"],"inLanguage":"es","potentialAction":[{"@type":"CommentAction","name":"Comment","target":["https:\/\/viniciojarquin.com\/blog\/la-farmacodinamica-del-poder\/#respond"]}]},{"@type":"WebPage","@id":"https:\/\/viniciojarquin.com\/blog\/la-farmacodinamica-del-poder\/","url":"https:\/\/viniciojarquin.com\/blog\/la-farmacodinamica-del-poder\/","name":"La farmacodin\u00e1mica del poder - MI BLOG","isPartOf":{"@id":"https:\/\/viniciojarquin.com\/blog\/#website"},"datePublished":"2026-03-16T18:25:20+00:00","dateModified":"2026-03-16T18:25:22+00:00","breadcrumb":{"@id":"https:\/\/viniciojarquin.com\/blog\/la-farmacodinamica-del-poder\/#breadcrumb"},"inLanguage":"es","potentialAction":[{"@type":"ReadAction","target":["https:\/\/viniciojarquin.com\/blog\/la-farmacodinamica-del-poder\/"]}]},{"@type":"BreadcrumbList","@id":"https:\/\/viniciojarquin.com\/blog\/la-farmacodinamica-del-poder\/#breadcrumb","itemListElement":[{"@type":"ListItem","position":1,"name":"Portada","item":"https:\/\/viniciojarquin.com\/blog\/"},{"@type":"ListItem","position":2,"name":"La farmacodin\u00e1mica del poder"}]},{"@type":"WebSite","@id":"https:\/\/viniciojarquin.com\/blog\/#website","url":"https:\/\/viniciojarquin.com\/blog\/","name":"Vinicio Jarqu\u00edn BLOG","description":"","publisher":{"@id":"https:\/\/viniciojarquin.com\/blog\/#\/schema\/person\/90100c8845ae55462ec0657d3d2f8d3b"},"potentialAction":[{"@type":"SearchAction","target":{"@type":"EntryPoint","urlTemplate":"https:\/\/viniciojarquin.com\/blog\/?s={search_term_string}"},"query-input":{"@type":"PropertyValueSpecification","valueRequired":true,"valueName":"search_term_string"}}],"inLanguage":"es"},{"@type":["Person","Organization"],"@id":"https:\/\/viniciojarquin.com\/blog\/#\/schema\/person\/90100c8845ae55462ec0657d3d2f8d3b","name":"Vinicio Jarqu\u00edn","image":{"@type":"ImageObject","inLanguage":"es","@id":"https:\/\/viniciojarquin.com\/blog\/#\/schema\/person\/image\/","url":"https:\/\/viniciojarquin.com\/blog\/wp-content\/uploads\/2024\/10\/Logo-VinicioJarquin-original-400.png","contentUrl":"https:\/\/viniciojarquin.com\/blog\/wp-content\/uploads\/2024\/10\/Logo-VinicioJarquin-original-400.png","width":400,"height":130,"caption":"Vinicio Jarqu\u00edn"},"logo":{"@id":"https:\/\/viniciojarquin.com\/blog\/#\/schema\/person\/image\/"},"description":"Empresario textil, artista pl\u00e1stico, escritor, coach de vida y fot\u00f3grafo.","sameAs":["https:\/\/viniciojarquin.com\/blog","https:\/\/www.facebook.com\/vinicio.jarquin","https:\/\/www.instagram.com\/vinicio_jarquin\/","https:\/\/www.pinterest.com\/vinnyjc\/","https:\/\/www.youtube.com\/@VinicioJarquin"],"url":"https:\/\/viniciojarquin.com\/blog\/author\/admin_s02au25i\/"}]}},"blog_post_layout_featured_media_urls":{"thumbnail":"","full":""},"categories_names":{"12":{"name":"Pol\u00edtica varios","link":"https:\/\/viniciojarquin.com\/blog\/category\/politica-o-gobierno\/"}},"tags_names":[],"comments_number":"0","_links":{"self":[{"href":"https:\/\/viniciojarquin.com\/blog\/wp-json\/wp\/v2\/posts\/3022","targetHints":{"allow":["GET"]}}],"collection":[{"href":"https:\/\/viniciojarquin.com\/blog\/wp-json\/wp\/v2\/posts"}],"about":[{"href":"https:\/\/viniciojarquin.com\/blog\/wp-json\/wp\/v2\/types\/post"}],"author":[{"embeddable":true,"href":"https:\/\/viniciojarquin.com\/blog\/wp-json\/wp\/v2\/users\/1"}],"replies":[{"embeddable":true,"href":"https:\/\/viniciojarquin.com\/blog\/wp-json\/wp\/v2\/comments?post=3022"}],"version-history":[{"count":1,"href":"https:\/\/viniciojarquin.com\/blog\/wp-json\/wp\/v2\/posts\/3022\/revisions"}],"predecessor-version":[{"id":3023,"href":"https:\/\/viniciojarquin.com\/blog\/wp-json\/wp\/v2\/posts\/3022\/revisions\/3023"}],"wp:attachment":[{"href":"https:\/\/viniciojarquin.com\/blog\/wp-json\/wp\/v2\/media?parent=3022"}],"wp:term":[{"taxonomy":"category","embeddable":true,"href":"https:\/\/viniciojarquin.com\/blog\/wp-json\/wp\/v2\/categories?post=3022"},{"taxonomy":"post_tag","embeddable":true,"href":"https:\/\/viniciojarquin.com\/blog\/wp-json\/wp\/v2\/tags?post=3022"}],"curies":[{"name":"wp","href":"https:\/\/api.w.org\/{rel}","templated":true}]}}