{"id":3024,"date":"2026-03-17T01:34:58","date_gmt":"2026-03-17T01:34:58","guid":{"rendered":"https:\/\/viniciojarquin.com\/blog\/?p=3024"},"modified":"2026-03-17T02:40:07","modified_gmt":"2026-03-17T02:40:07","slug":"cuando-las-palabras-de-un-gobierno-tensionan-la-amistad-entre-pueblos","status":"publish","type":"post","link":"https:\/\/viniciojarquin.com\/blog\/cuando-las-palabras-de-un-gobierno-tensionan-la-amistad-entre-pueblos\/","title":{"rendered":"Cuando las palabras de un gobierno tensionan la amistad entre pueblos"},"content":{"rendered":"\n<p>Disculpas a China<\/p>\n\n\n\n<figure class=\"wp-block-image size-full\"><img decoding=\"async\" width=\"800\" height=\"533\" data-src=\"https:\/\/viniciojarquin.com\/blog\/wp-content\/uploads\/2026\/03\/Costa-Rica-y-China.png\" alt=\"\" class=\"wp-image-3037 lazyload\" data-srcset=\"https:\/\/viniciojarquin.com\/blog\/wp-content\/uploads\/2026\/03\/Costa-Rica-y-China.png 800w, https:\/\/viniciojarquin.com\/blog\/wp-content\/uploads\/2026\/03\/Costa-Rica-y-China-300x200.png 300w, https:\/\/viniciojarquin.com\/blog\/wp-content\/uploads\/2026\/03\/Costa-Rica-y-China-768x512.png 768w\" data-sizes=\"(max-width: 800px) 100vw, 800px\" src=\"data:image\/svg+xml;base64,PHN2ZyB3aWR0aD0iMSIgaGVpZ2h0PSIxIiB4bWxucz0iaHR0cDovL3d3dy53My5vcmcvMjAwMC9zdmciPjwvc3ZnPg==\" style=\"--smush-placeholder-width: 800px; --smush-placeholder-aspect-ratio: 800\/533;\" \/><\/figure>\n\n\n\n<p>En las \u00faltimas horas, las relaciones entre Costa Rica y la <strong>Rep\u00fablica Popular China<\/strong> han experimentado un momento de tensi\u00f3n p\u00fablica luego de declaraciones emitidas por funcionarios del gobierno costarricense en relaci\u00f3n con un presunto caso de ciber espionaje vinculado al Instituto Costarricense de Electricidad.<\/p>\n\n\n\n<p>Hasta donde se conoce p\u00fablicamente, tales afirmaciones se realizaron sin que se hayan presentado pruebas concluyentes que las respalden. Cuando una acusaci\u00f3n de esa naturaleza surge desde la voz de un gobierno \u2014y m\u00e1s a\u00fan cuando proviene del propio presidente de la Rep\u00fablica\u2014 deja de ser una simple opini\u00f3n pol\u00edtica y pasa a convertirse, inevitablemente, en una declaraci\u00f3n oficial del Estado.<\/p>\n\n\n\n<p>Por esa raz\u00f3n resulta comprensible que el gobierno de la Rep\u00fablica Popular China, encabezado por su presidente <strong>Xi Jinping<\/strong>, haya reaccionado con sorpresa, molestia y solicitud de explicaciones.<\/p>\n\n\n\n<p>No se trata de un detalle menor.<\/p>\n\n\n\n<p>En un mundo que atraviesa momentos de creciente tensi\u00f3n geopol\u00edtica, donde cada palabra diplom\u00e1tica puede inclinar percepciones y alterar equilibrios delicados, las acusaciones p\u00fablicas entre Estados no son simples intercambios ret\u00f3ricos. Son actos que pueden afectar relaciones comerciales, confianza mutua y a\u00f1os de cooperaci\u00f3n construida entre pueblos.<\/p>\n\n\n\n<p>Costa Rica, adem\u00e1s, se encuentra en un momento particularmente sensible, despu\u00e9s de haber firmado recientemente acuerdos de cooperaci\u00f3n con los <strong>Estados Unidos<\/strong> que algunos han interpretado como de naturaleza estrat\u00e9gica o incluso militar. En ese contexto, cualquier se\u00f1al que sugiera alineamientos o acusaciones hacia otras potencias inevitablemente adquiere un peso mayor del que tendr\u00eda en circunstancias ordinarias.<\/p>\n\n\n\n<p>Corresponder\u00e1 ahora al gobierno costarricense aclarar formalmente sus palabras, presentar las pruebas que respalden sus afirmaciones o, si corresponde, rectificar lo dicho. Eso es parte del funcionamiento normal de las relaciones entre Estados soberanos.<\/p>\n\n\n\n<p>Pero mientras ese proceso institucional ocurre, tambi\u00e9n existe algo que pertenece al \u00e1mbito humano y ciudadano.<\/p>\n\n\n\n<p>Porque las relaciones entre pa\u00edses no est\u00e1n hechas \u00fanicamente de gobiernos. Est\u00e1n hechas tambi\u00e9n de pueblos, de estudiantes que viajan, de empresas que comercian, de familias que trabajan juntas, de d\u00e9cadas de cooperaci\u00f3n cultural y econ\u00f3mica.<\/p>\n\n\n\n<p>China ha sido durante a\u00f1os un socio comercial importante para Costa Rica, y millones de ciudadanos chinos forman parte de una civilizaci\u00f3n milenaria que merece respeto en cualquier conversaci\u00f3n internacional.<\/p>\n\n\n\n<p>Por esa raz\u00f3n, aun sabiendo que no tengo autoridad oficial para hacerlo, ni representaci\u00f3n diplom\u00e1tica alguna, quiero expresar algo desde un lugar distinto: desde la sociedad civil.<\/p>\n\n\n\n<p>Quiero decir, con toda claridad y con toda sinceridad, que muchos costarricenses creemos en el valor del respeto entre naciones.<\/p>\n\n\n\n<p>Y que cuando una acusaci\u00f3n se formula sin pruebas p\u00fablicas, tambi\u00e9n sentimos la responsabilidad moral de reconocer que las palabras pueden haber causado incomodidad o agravio.<\/p>\n\n\n\n<p>Por ello, desde mi condici\u00f3n de ciudadano \u2014sin cargo, sin mandato y sin m\u00e1s autoridad que mi propia conciencia\u2014 deseo ofrecer una disculpa respetuosa al gobierno de la Rep\u00fablica Popular China y a su pueblo, si las declaraciones recientes provenientes de nuestro pa\u00eds han resultado ofensivas o injustas.<\/p>\n\n\n\n<p>Conf\u00edo, al mismo tiempo, en la sabidur\u00eda del gobierno chino para comprender algo que tambi\u00e9n es parte de nuestra realidad democr\u00e1tica: los gobiernos pasan.<\/p>\n\n\n\n<p>Los pueblos permanecen.<\/p>\n\n\n\n<p>Costa Rica se encuentra a poca distancia de un cambio de administraci\u00f3n, y muchas de las palabras que hoy generan controversia quedar\u00e1n pronto en el pasado pol\u00edtico inmediato.<\/p>\n\n\n\n<p>Por eso espero que, m\u00e1s all\u00e1 del ruido moment\u00e1neo de la pol\u00edtica, prevalezca la paciencia, la prudencia diplom\u00e1tica y la voluntad de cuidar una relaci\u00f3n que durante a\u00f1os ha sido de beneficio mutuo.<\/p>\n\n\n\n<p>Las naciones verdaderamente sabias no reaccionan \u00fanicamente a los gestos del momento.<\/p>\n\n\n\n<p>Tambi\u00e9n saben mirar el horizonte m\u00e1s largo de la historia.<\/p>\n\n\n\n<p>Y en ese horizonte, estoy seguro de que Costa Rica y China todav\u00eda tienen mucho camino por recorrer como socios, como interlocutores y, sobre todo, como pueblos que se respetan.<\/p>\n","protected":false},"excerpt":{"rendered":"<p>Disculpas a China En las \u00faltimas horas, las relaciones entre Costa Rica y la Rep\u00fablica Popular China han experimentado un [&hellip;]<\/p>\n","protected":false},"author":1,"featured_media":3037,"comment_status":"open","ping_status":"open","sticky":false,"template":"","format":"standard","meta":{"site-sidebar-layout":"default","site-content-layout":"","ast-site-content-layout":"","site-content-style":"default","site-sidebar-style":"default","ast-global-header-display":"","ast-banner-title-visibility":"","ast-main-header-display":"","ast-hfb-above-header-display":"","ast-hfb-below-header-display":"","ast-hfb-mobile-header-display":"","site-post-title":"","ast-breadcrumbs-content":"","ast-featured-img":"","footer-sml-layout":"","theme-transparent-header-meta":"","adv-header-id-meta":"","stick-header-meta":"","header-above-stick-meta":"","header-main-stick-meta":"","header-below-stick-meta":"","astra-migrate-meta-layouts":"default","ast-page-background-enabled":"default","ast-page-background-meta":{"desktop":{"background-color":"var(--ast-global-color-5)","background-image":"","background-repeat":"repeat","background-position":"center center","background-size":"auto","background-attachment":"scroll","background-type":"","background-media":"","overlay-type":"","overlay-color":"","overlay-opacity":"","overlay-gradient":""},"tablet":{"background-color":"","background-image":"","background-repeat":"repeat","background-position":"center center","background-size":"auto","background-attachment":"scroll","background-type":"","background-media":"","overlay-type":"","overlay-color":"","overlay-opacity":"","overlay-gradient":""},"mobile":{"background-color":"","background-image":"","background-repeat":"repeat","background-position":"center center","background-size":"auto","background-attachment":"scroll","background-type":"","background-media":"","overlay-type":"","overlay-color":"","overlay-opacity":"","overlay-gradient":""}},"ast-content-background-meta":{"desktop":{"background-color":"var(--ast-global-color-4)","background-image":"","background-repeat":"repeat","background-position":"center center","background-size":"auto","background-attachment":"scroll","background-type":"","background-media":"","overlay-type":"","overlay-color":"","overlay-opacity":"","overlay-gradient":""},"tablet":{"background-color":"var(--ast-global-color-4)","background-image":"","background-repeat":"repeat","background-position":"center center","background-size":"auto","background-attachment":"scroll","background-type":"","background-media":"","overlay-type":"","overlay-color":"","overlay-opacity":"","overlay-gradient":""},"mobile":{"background-color":"var(--ast-global-color-4)","background-image":"","background-repeat":"repeat","background-position":"center center","background-size":"auto","background-attachment":"scroll","background-type":"","background-media":"","overlay-type":"","overlay-color":"","overlay-opacity":"","overlay-gradient":""}},"footnotes":""},"categories":[12],"tags":[],"class_list":["post-3024","post","type-post","status-publish","format-standard","has-post-thumbnail","hentry","category-politica-o-gobierno"],"yoast_head":"<!-- This site is optimized with the Yoast SEO plugin v26.0 - https:\/\/yoast.com\/wordpress\/plugins\/seo\/ -->\n<title>Cuando las palabras de un gobierno tensionan la amistad entre pueblos - MI BLOG<\/title>\n<meta name=\"robots\" content=\"index, follow, max-snippet:-1, max-image-preview:large, max-video-preview:-1\" \/>\n<link rel=\"canonical\" href=\"https:\/\/viniciojarquin.com\/blog\/cuando-las-palabras-de-un-gobierno-tensionan-la-amistad-entre-pueblos\/\" \/>\n<meta property=\"og:locale\" content=\"es_ES\" \/>\n<meta property=\"og:type\" content=\"article\" \/>\n<meta property=\"og:title\" content=\"Cuando las palabras de un gobierno tensionan la amistad entre pueblos - MI BLOG\" \/>\n<meta property=\"og:description\" content=\"Disculpas a China En las \u00faltimas horas, las relaciones entre Costa Rica y la Rep\u00fablica Popular China han experimentado un [&hellip;]\" \/>\n<meta property=\"og:url\" content=\"https:\/\/viniciojarquin.com\/blog\/cuando-las-palabras-de-un-gobierno-tensionan-la-amistad-entre-pueblos\/\" \/>\n<meta property=\"og:site_name\" content=\"MI BLOG\" \/>\n<meta property=\"article:publisher\" content=\"https:\/\/www.facebook.com\/vinicio.jarquin\" \/>\n<meta property=\"article:author\" content=\"https:\/\/www.facebook.com\/vinicio.jarquin\" \/>\n<meta property=\"article:published_time\" content=\"2026-03-17T01:34:58+00:00\" \/>\n<meta property=\"article:modified_time\" content=\"2026-03-17T02:40:07+00:00\" \/>\n<meta property=\"og:image\" content=\"https:\/\/viniciojarquin.com\/blog\/wp-content\/uploads\/2026\/03\/Costa-Rica-y-China.png\" \/>\n\t<meta property=\"og:image:width\" content=\"800\" \/>\n\t<meta property=\"og:image:height\" content=\"533\" \/>\n\t<meta property=\"og:image:type\" content=\"image\/png\" \/>\n<meta name=\"author\" content=\"Vinicio Jarqu\u00edn\" \/>\n<meta name=\"twitter:card\" content=\"summary_large_image\" \/>\n<meta name=\"twitter:label1\" content=\"Escrito por\" \/>\n\t<meta name=\"twitter:data1\" content=\"Vinicio Jarqu\u00edn\" \/>\n\t<meta name=\"twitter:label2\" content=\"Tiempo de lectura\" \/>\n\t<meta name=\"twitter:data2\" content=\"4 minutos\" \/>\n<script type=\"application\/ld+json\" class=\"yoast-schema-graph\">{\"@context\":\"https:\/\/schema.org\",\"@graph\":[{\"@type\":\"Article\",\"@id\":\"https:\/\/viniciojarquin.com\/blog\/cuando-las-palabras-de-un-gobierno-tensionan-la-amistad-entre-pueblos\/#article\",\"isPartOf\":{\"@id\":\"https:\/\/viniciojarquin.com\/blog\/cuando-las-palabras-de-un-gobierno-tensionan-la-amistad-entre-pueblos\/\"},\"author\":{\"name\":\"Vinicio Jarqu\u00edn\",\"@id\":\"https:\/\/viniciojarquin.com\/blog\/#\/schema\/person\/90100c8845ae55462ec0657d3d2f8d3b\"},\"headline\":\"Cuando las palabras de un gobierno tensionan la amistad entre pueblos\",\"datePublished\":\"2026-03-17T01:34:58+00:00\",\"dateModified\":\"2026-03-17T02:40:07+00:00\",\"mainEntityOfPage\":{\"@id\":\"https:\/\/viniciojarquin.com\/blog\/cuando-las-palabras-de-un-gobierno-tensionan-la-amistad-entre-pueblos\/\"},\"wordCount\":700,\"commentCount\":0,\"publisher\":{\"@id\":\"https:\/\/viniciojarquin.com\/blog\/#\/schema\/person\/90100c8845ae55462ec0657d3d2f8d3b\"},\"image\":{\"@id\":\"https:\/\/viniciojarquin.com\/blog\/cuando-las-palabras-de-un-gobierno-tensionan-la-amistad-entre-pueblos\/#primaryimage\"},\"thumbnailUrl\":\"https:\/\/viniciojarquin.com\/blog\/wp-content\/uploads\/2026\/03\/Costa-Rica-y-China.png\",\"articleSection\":[\"Pol\u00edtica varios\"],\"inLanguage\":\"es\",\"potentialAction\":[{\"@type\":\"CommentAction\",\"name\":\"Comment\",\"target\":[\"https:\/\/viniciojarquin.com\/blog\/cuando-las-palabras-de-un-gobierno-tensionan-la-amistad-entre-pueblos\/#respond\"]}]},{\"@type\":\"WebPage\",\"@id\":\"https:\/\/viniciojarquin.com\/blog\/cuando-las-palabras-de-un-gobierno-tensionan-la-amistad-entre-pueblos\/\",\"url\":\"https:\/\/viniciojarquin.com\/blog\/cuando-las-palabras-de-un-gobierno-tensionan-la-amistad-entre-pueblos\/\",\"name\":\"Cuando las palabras de un gobierno tensionan la amistad entre pueblos - MI BLOG\",\"isPartOf\":{\"@id\":\"https:\/\/viniciojarquin.com\/blog\/#website\"},\"primaryImageOfPage\":{\"@id\":\"https:\/\/viniciojarquin.com\/blog\/cuando-las-palabras-de-un-gobierno-tensionan-la-amistad-entre-pueblos\/#primaryimage\"},\"image\":{\"@id\":\"https:\/\/viniciojarquin.com\/blog\/cuando-las-palabras-de-un-gobierno-tensionan-la-amistad-entre-pueblos\/#primaryimage\"},\"thumbnailUrl\":\"https:\/\/viniciojarquin.com\/blog\/wp-content\/uploads\/2026\/03\/Costa-Rica-y-China.png\",\"datePublished\":\"2026-03-17T01:34:58+00:00\",\"dateModified\":\"2026-03-17T02:40:07+00:00\",\"breadcrumb\":{\"@id\":\"https:\/\/viniciojarquin.com\/blog\/cuando-las-palabras-de-un-gobierno-tensionan-la-amistad-entre-pueblos\/#breadcrumb\"},\"inLanguage\":\"es\",\"potentialAction\":[{\"@type\":\"ReadAction\",\"target\":[\"https:\/\/viniciojarquin.com\/blog\/cuando-las-palabras-de-un-gobierno-tensionan-la-amistad-entre-pueblos\/\"]}]},{\"@type\":\"ImageObject\",\"inLanguage\":\"es\",\"@id\":\"https:\/\/viniciojarquin.com\/blog\/cuando-las-palabras-de-un-gobierno-tensionan-la-amistad-entre-pueblos\/#primaryimage\",\"url\":\"https:\/\/viniciojarquin.com\/blog\/wp-content\/uploads\/2026\/03\/Costa-Rica-y-China.png\",\"contentUrl\":\"https:\/\/viniciojarquin.com\/blog\/wp-content\/uploads\/2026\/03\/Costa-Rica-y-China.png\",\"width\":800,\"height\":533},{\"@type\":\"BreadcrumbList\",\"@id\":\"https:\/\/viniciojarquin.com\/blog\/cuando-las-palabras-de-un-gobierno-tensionan-la-amistad-entre-pueblos\/#breadcrumb\",\"itemListElement\":[{\"@type\":\"ListItem\",\"position\":1,\"name\":\"Portada\",\"item\":\"https:\/\/viniciojarquin.com\/blog\/\"},{\"@type\":\"ListItem\",\"position\":2,\"name\":\"Cuando las palabras de un gobierno tensionan la amistad entre pueblos\"}]},{\"@type\":\"WebSite\",\"@id\":\"https:\/\/viniciojarquin.com\/blog\/#website\",\"url\":\"https:\/\/viniciojarquin.com\/blog\/\",\"name\":\"Vinicio Jarqu\u00edn BLOG\",\"description\":\"\",\"publisher\":{\"@id\":\"https:\/\/viniciojarquin.com\/blog\/#\/schema\/person\/90100c8845ae55462ec0657d3d2f8d3b\"},\"potentialAction\":[{\"@type\":\"SearchAction\",\"target\":{\"@type\":\"EntryPoint\",\"urlTemplate\":\"https:\/\/viniciojarquin.com\/blog\/?s={search_term_string}\"},\"query-input\":{\"@type\":\"PropertyValueSpecification\",\"valueRequired\":true,\"valueName\":\"search_term_string\"}}],\"inLanguage\":\"es\"},{\"@type\":[\"Person\",\"Organization\"],\"@id\":\"https:\/\/viniciojarquin.com\/blog\/#\/schema\/person\/90100c8845ae55462ec0657d3d2f8d3b\",\"name\":\"Vinicio Jarqu\u00edn\",\"image\":{\"@type\":\"ImageObject\",\"inLanguage\":\"es\",\"@id\":\"https:\/\/viniciojarquin.com\/blog\/#\/schema\/person\/image\/\",\"url\":\"https:\/\/viniciojarquin.com\/blog\/wp-content\/uploads\/2024\/10\/Logo-VinicioJarquin-original-400.png\",\"contentUrl\":\"https:\/\/viniciojarquin.com\/blog\/wp-content\/uploads\/2024\/10\/Logo-VinicioJarquin-original-400.png\",\"width\":400,\"height\":130,\"caption\":\"Vinicio Jarqu\u00edn\"},\"logo\":{\"@id\":\"https:\/\/viniciojarquin.com\/blog\/#\/schema\/person\/image\/\"},\"description\":\"Empresario textil, artista pl\u00e1stico, escritor, coach de vida y fot\u00f3grafo.\",\"sameAs\":[\"https:\/\/viniciojarquin.com\/blog\",\"https:\/\/www.facebook.com\/vinicio.jarquin\",\"https:\/\/www.instagram.com\/vinicio_jarquin\/\",\"https:\/\/www.pinterest.com\/vinnyjc\/\",\"https:\/\/www.youtube.com\/@VinicioJarquin\"],\"url\":\"https:\/\/viniciojarquin.com\/blog\/author\/admin_s02au25i\/\"}]}<\/script>\n<!-- \/ Yoast SEO plugin. -->","yoast_head_json":{"title":"Cuando las palabras de un gobierno tensionan la amistad entre pueblos - MI BLOG","robots":{"index":"index","follow":"follow","max-snippet":"max-snippet:-1","max-image-preview":"max-image-preview:large","max-video-preview":"max-video-preview:-1"},"canonical":"https:\/\/viniciojarquin.com\/blog\/cuando-las-palabras-de-un-gobierno-tensionan-la-amistad-entre-pueblos\/","og_locale":"es_ES","og_type":"article","og_title":"Cuando las palabras de un gobierno tensionan la amistad entre pueblos - MI BLOG","og_description":"Disculpas a China En las \u00faltimas horas, las relaciones entre Costa Rica y la Rep\u00fablica Popular China han experimentado un [&hellip;]","og_url":"https:\/\/viniciojarquin.com\/blog\/cuando-las-palabras-de-un-gobierno-tensionan-la-amistad-entre-pueblos\/","og_site_name":"MI BLOG","article_publisher":"https:\/\/www.facebook.com\/vinicio.jarquin","article_author":"https:\/\/www.facebook.com\/vinicio.jarquin","article_published_time":"2026-03-17T01:34:58+00:00","article_modified_time":"2026-03-17T02:40:07+00:00","og_image":[{"width":800,"height":533,"url":"https:\/\/viniciojarquin.com\/blog\/wp-content\/uploads\/2026\/03\/Costa-Rica-y-China.png","type":"image\/png"}],"author":"Vinicio Jarqu\u00edn","twitter_card":"summary_large_image","twitter_misc":{"Escrito por":"Vinicio Jarqu\u00edn","Tiempo de lectura":"4 minutos"},"schema":{"@context":"https:\/\/schema.org","@graph":[{"@type":"Article","@id":"https:\/\/viniciojarquin.com\/blog\/cuando-las-palabras-de-un-gobierno-tensionan-la-amistad-entre-pueblos\/#article","isPartOf":{"@id":"https:\/\/viniciojarquin.com\/blog\/cuando-las-palabras-de-un-gobierno-tensionan-la-amistad-entre-pueblos\/"},"author":{"name":"Vinicio Jarqu\u00edn","@id":"https:\/\/viniciojarquin.com\/blog\/#\/schema\/person\/90100c8845ae55462ec0657d3d2f8d3b"},"headline":"Cuando las palabras de un gobierno tensionan la amistad entre pueblos","datePublished":"2026-03-17T01:34:58+00:00","dateModified":"2026-03-17T02:40:07+00:00","mainEntityOfPage":{"@id":"https:\/\/viniciojarquin.com\/blog\/cuando-las-palabras-de-un-gobierno-tensionan-la-amistad-entre-pueblos\/"},"wordCount":700,"commentCount":0,"publisher":{"@id":"https:\/\/viniciojarquin.com\/blog\/#\/schema\/person\/90100c8845ae55462ec0657d3d2f8d3b"},"image":{"@id":"https:\/\/viniciojarquin.com\/blog\/cuando-las-palabras-de-un-gobierno-tensionan-la-amistad-entre-pueblos\/#primaryimage"},"thumbnailUrl":"https:\/\/viniciojarquin.com\/blog\/wp-content\/uploads\/2026\/03\/Costa-Rica-y-China.png","articleSection":["Pol\u00edtica varios"],"inLanguage":"es","potentialAction":[{"@type":"CommentAction","name":"Comment","target":["https:\/\/viniciojarquin.com\/blog\/cuando-las-palabras-de-un-gobierno-tensionan-la-amistad-entre-pueblos\/#respond"]}]},{"@type":"WebPage","@id":"https:\/\/viniciojarquin.com\/blog\/cuando-las-palabras-de-un-gobierno-tensionan-la-amistad-entre-pueblos\/","url":"https:\/\/viniciojarquin.com\/blog\/cuando-las-palabras-de-un-gobierno-tensionan-la-amistad-entre-pueblos\/","name":"Cuando las palabras de un gobierno tensionan la amistad entre pueblos - MI BLOG","isPartOf":{"@id":"https:\/\/viniciojarquin.com\/blog\/#website"},"primaryImageOfPage":{"@id":"https:\/\/viniciojarquin.com\/blog\/cuando-las-palabras-de-un-gobierno-tensionan-la-amistad-entre-pueblos\/#primaryimage"},"image":{"@id":"https:\/\/viniciojarquin.com\/blog\/cuando-las-palabras-de-un-gobierno-tensionan-la-amistad-entre-pueblos\/#primaryimage"},"thumbnailUrl":"https:\/\/viniciojarquin.com\/blog\/wp-content\/uploads\/2026\/03\/Costa-Rica-y-China.png","datePublished":"2026-03-17T01:34:58+00:00","dateModified":"2026-03-17T02:40:07+00:00","breadcrumb":{"@id":"https:\/\/viniciojarquin.com\/blog\/cuando-las-palabras-de-un-gobierno-tensionan-la-amistad-entre-pueblos\/#breadcrumb"},"inLanguage":"es","potentialAction":[{"@type":"ReadAction","target":["https:\/\/viniciojarquin.com\/blog\/cuando-las-palabras-de-un-gobierno-tensionan-la-amistad-entre-pueblos\/"]}]},{"@type":"ImageObject","inLanguage":"es","@id":"https:\/\/viniciojarquin.com\/blog\/cuando-las-palabras-de-un-gobierno-tensionan-la-amistad-entre-pueblos\/#primaryimage","url":"https:\/\/viniciojarquin.com\/blog\/wp-content\/uploads\/2026\/03\/Costa-Rica-y-China.png","contentUrl":"https:\/\/viniciojarquin.com\/blog\/wp-content\/uploads\/2026\/03\/Costa-Rica-y-China.png","width":800,"height":533},{"@type":"BreadcrumbList","@id":"https:\/\/viniciojarquin.com\/blog\/cuando-las-palabras-de-un-gobierno-tensionan-la-amistad-entre-pueblos\/#breadcrumb","itemListElement":[{"@type":"ListItem","position":1,"name":"Portada","item":"https:\/\/viniciojarquin.com\/blog\/"},{"@type":"ListItem","position":2,"name":"Cuando las palabras de un gobierno tensionan la amistad entre pueblos"}]},{"@type":"WebSite","@id":"https:\/\/viniciojarquin.com\/blog\/#website","url":"https:\/\/viniciojarquin.com\/blog\/","name":"Vinicio Jarqu\u00edn BLOG","description":"","publisher":{"@id":"https:\/\/viniciojarquin.com\/blog\/#\/schema\/person\/90100c8845ae55462ec0657d3d2f8d3b"},"potentialAction":[{"@type":"SearchAction","target":{"@type":"EntryPoint","urlTemplate":"https:\/\/viniciojarquin.com\/blog\/?s={search_term_string}"},"query-input":{"@type":"PropertyValueSpecification","valueRequired":true,"valueName":"search_term_string"}}],"inLanguage":"es"},{"@type":["Person","Organization"],"@id":"https:\/\/viniciojarquin.com\/blog\/#\/schema\/person\/90100c8845ae55462ec0657d3d2f8d3b","name":"Vinicio Jarqu\u00edn","image":{"@type":"ImageObject","inLanguage":"es","@id":"https:\/\/viniciojarquin.com\/blog\/#\/schema\/person\/image\/","url":"https:\/\/viniciojarquin.com\/blog\/wp-content\/uploads\/2024\/10\/Logo-VinicioJarquin-original-400.png","contentUrl":"https:\/\/viniciojarquin.com\/blog\/wp-content\/uploads\/2024\/10\/Logo-VinicioJarquin-original-400.png","width":400,"height":130,"caption":"Vinicio Jarqu\u00edn"},"logo":{"@id":"https:\/\/viniciojarquin.com\/blog\/#\/schema\/person\/image\/"},"description":"Empresario textil, artista pl\u00e1stico, escritor, coach de vida y fot\u00f3grafo.","sameAs":["https:\/\/viniciojarquin.com\/blog","https:\/\/www.facebook.com\/vinicio.jarquin","https:\/\/www.instagram.com\/vinicio_jarquin\/","https:\/\/www.pinterest.com\/vinnyjc\/","https:\/\/www.youtube.com\/@VinicioJarquin"],"url":"https:\/\/viniciojarquin.com\/blog\/author\/admin_s02au25i\/"}]}},"blog_post_layout_featured_media_urls":{"thumbnail":["https:\/\/viniciojarquin.com\/blog\/wp-content\/uploads\/2026\/03\/Costa-Rica-y-China-150x150.png",150,150,true],"full":["https:\/\/viniciojarquin.com\/blog\/wp-content\/uploads\/2026\/03\/Costa-Rica-y-China.png",800,533,false]},"categories_names":{"12":{"name":"Pol\u00edtica varios","link":"https:\/\/viniciojarquin.com\/blog\/category\/politica-o-gobierno\/"}},"tags_names":[],"comments_number":"0","_links":{"self":[{"href":"https:\/\/viniciojarquin.com\/blog\/wp-json\/wp\/v2\/posts\/3024","targetHints":{"allow":["GET"]}}],"collection":[{"href":"https:\/\/viniciojarquin.com\/blog\/wp-json\/wp\/v2\/posts"}],"about":[{"href":"https:\/\/viniciojarquin.com\/blog\/wp-json\/wp\/v2\/types\/post"}],"author":[{"embeddable":true,"href":"https:\/\/viniciojarquin.com\/blog\/wp-json\/wp\/v2\/users\/1"}],"replies":[{"embeddable":true,"href":"https:\/\/viniciojarquin.com\/blog\/wp-json\/wp\/v2\/comments?post=3024"}],"version-history":[{"count":2,"href":"https:\/\/viniciojarquin.com\/blog\/wp-json\/wp\/v2\/posts\/3024\/revisions"}],"predecessor-version":[{"id":3038,"href":"https:\/\/viniciojarquin.com\/blog\/wp-json\/wp\/v2\/posts\/3024\/revisions\/3038"}],"wp:featuredmedia":[{"embeddable":true,"href":"https:\/\/viniciojarquin.com\/blog\/wp-json\/wp\/v2\/media\/3037"}],"wp:attachment":[{"href":"https:\/\/viniciojarquin.com\/blog\/wp-json\/wp\/v2\/media?parent=3024"}],"wp:term":[{"taxonomy":"category","embeddable":true,"href":"https:\/\/viniciojarquin.com\/blog\/wp-json\/wp\/v2\/categories?post=3024"},{"taxonomy":"post_tag","embeddable":true,"href":"https:\/\/viniciojarquin.com\/blog\/wp-json\/wp\/v2\/tags?post=3024"}],"curies":[{"name":"wp","href":"https:\/\/api.w.org\/{rel}","templated":true}]}}