{"id":3026,"date":"2026-03-17T01:37:10","date_gmt":"2026-03-17T01:37:10","guid":{"rendered":"https:\/\/viniciojarquin.com\/blog\/?p=3026"},"modified":"2026-03-17T02:50:28","modified_gmt":"2026-03-17T02:50:28","slug":"la-guerra-y-el-humo-que-no-vemos","status":"publish","type":"post","link":"https:\/\/viniciojarquin.com\/blog\/la-guerra-y-el-humo-que-no-vemos\/","title":{"rendered":"La guerra y el humo que no vemos"},"content":{"rendered":"\n<figure class=\"wp-block-image size-full\"><img decoding=\"async\" width=\"800\" height=\"800\" data-src=\"https:\/\/viniciojarquin.com\/blog\/wp-content\/uploads\/2026\/03\/La-guerra-y-el-humo-que-no-vemos.png\" alt=\"\" class=\"wp-image-3041 lazyload\" data-srcset=\"https:\/\/viniciojarquin.com\/blog\/wp-content\/uploads\/2026\/03\/La-guerra-y-el-humo-que-no-vemos.png 800w, https:\/\/viniciojarquin.com\/blog\/wp-content\/uploads\/2026\/03\/La-guerra-y-el-humo-que-no-vemos-300x300.png 300w, https:\/\/viniciojarquin.com\/blog\/wp-content\/uploads\/2026\/03\/La-guerra-y-el-humo-que-no-vemos-150x150.png 150w, https:\/\/viniciojarquin.com\/blog\/wp-content\/uploads\/2026\/03\/La-guerra-y-el-humo-que-no-vemos-768x768.png 768w\" data-sizes=\"(max-width: 800px) 100vw, 800px\" src=\"data:image\/svg+xml;base64,PHN2ZyB3aWR0aD0iMSIgaGVpZ2h0PSIxIiB4bWxucz0iaHR0cDovL3d3dy53My5vcmcvMjAwMC9zdmciPjwvc3ZnPg==\" style=\"--smush-placeholder-width: 800px; --smush-placeholder-aspect-ratio: 800\/800;\" \/><\/figure>\n\n\n\n<p>Hay una escena curiosa que se repite todos los d\u00edas en muchos pa\u00edses del mundo. En una casa cualquiera, una persona separa una botella de pl\u00e1stico, dobla un cart\u00f3n, limpia un envase para ponerlo en el recipiente del reciclaje. Lo hace con buena intenci\u00f3n, con la esperanza de que ese peque\u00f1o gesto ayude a que el planeta respire un poco mejor. No es un acto espectacular. Nadie lo aplaude. Nadie lo ve. Pero millones de personas lo hacen con la convicci\u00f3n de que cada peque\u00f1o esfuerzo suma.<\/p>\n\n\n\n<p>Al mismo tiempo, en otra parte del planeta, un misil despega hacia el cielo.<\/p>\n\n\n\n<p>No hace falta que uno sea experto en ingenier\u00eda militar ni en qu\u00edmica atmosf\u00e9rica para entender que ese objeto que asciende entre fuego y humo est\u00e1 quemando combustible, liberando gases, part\u00edculas, metales y una mezcla de residuos que no terminar\u00e1n en ninguna planta de reciclaje. Se disuelven en la atm\u00f3sfera. Se mezclan con el aire. Y desaparecen de nuestra vista. Pero no desaparecen del planeta.<\/p>\n\n\n\n<p>La pregunta que surge entonces es inevitable. \u00bfCu\u00e1nto contamina realmente una guerra? \u00bfCu\u00e1nto humo producen esos conflictos que observamos desde lejos como si fueran simplemente noticias en una pantalla?<\/p>\n\n\n\n<p>Los estudios que han intentado medirlo ofrecen una respuesta inquietante. No porque un misil individual sea el gran villano del clima mundial, sino porque una guerra no se compone de un misil. Se compone de miles. Y no solo de misiles. Tambi\u00e9n de aviones de combate que consumen enormes cantidades de combustible, de tanques que recorren kil\u00f3metros, de barcos militares que navegan durante meses, de explosiones que incendian dep\u00f3sitos de combustible, refiner\u00edas, f\u00e1bricas, edificios y ciudades enteras. Y, despu\u00e9s de la destrucci\u00f3n, viene algo que tambi\u00e9n contamina: la reconstrucci\u00f3n.<\/p>\n\n\n\n<p>Las estimaciones realizadas sobre conflictos recientes ayudan a dimensionar el fen\u00f3meno. Investigaciones sobre la guerra en Ucrania han calculado que el conflicto gener\u00f3 decenas de millones de toneladas de emisiones de di\u00f3xido de carbono en poco m\u00e1s de un a\u00f1o. En algunos an\u00e1lisis m\u00e1s amplios, la cifra acumulada podr\u00eda superar los trescientos millones de toneladas de CO\u2082 equivalente cuando se consideran todos los efectos del conflicto, desde las operaciones militares hasta la reconstrucci\u00f3n posterior de infraestructura destruida.<\/p>\n\n\n\n<p>De pronto, el problema deja de verse como un asunto marginal y empieza a verse como lo que realmente es: un sistema gigantesco de emisiones.<\/p>\n\n\n\n<p>Un solo misil puede liberar apenas unas pocas toneladas de di\u00f3xido de carbono, dependiendo de su tama\u00f1o y del combustible que utilice. Pero cuando se lanzan cientos o miles de misiles, cuando despegan aviones de combate todos los d\u00edas, cuando arden dep\u00f3sitos de combustible o instalaciones industriales, el impacto deja de ser peque\u00f1o. Se convierte en un fen\u00f3meno clim\u00e1tico.<\/p>\n\n\n\n<p>Y ah\u00ed aparece un contraste inc\u00f3modo.<\/p>\n\n\n\n<p>Mientras en muchas partes del mundo los ciudadanos intentan reducir su huella ambiental separando residuos, usando menos pl\u00e1stico, reciclando papel o compostando restos org\u00e1nicos, en las zonas de guerra se liberan cantidades enormes de contaminantes en cuesti\u00f3n de semanas o meses. Lo que a una sociedad le toma a\u00f1os intentar reducir puede regresar a la atm\u00f3sfera en una sola campa\u00f1a militar.<\/p>\n\n\n\n<p>Esto no significa que los esfuerzos ambientales sean in\u00fatiles. Al contrario. Son necesarios y urgentes. Pero tambi\u00e9n revela una paradoja que rara vez se menciona cuando hablamos de cambio clim\u00e1tico.<\/p>\n\n\n\n<p>La conversaci\u00f3n global sobre el clima suele centrarse en autom\u00f3viles, bolsas pl\u00e1sticas, electricidad dom\u00e9stica o h\u00e1bitos individuales. Mucho menos frecuente es escuchar una discusi\u00f3n profunda sobre el impacto ambiental de las guerras, de la industria armamentista o de los sistemas militares que operan permanentemente alrededor del mundo.<\/p>\n\n\n\n<p>Sin embargo, algunos an\u00e1lisis estiman que las fuerzas armadas globales podr\u00edan ser responsables de una fracci\u00f3n significativa de las emisiones mundiales de gases de efecto invernadero. Cuando se suman el combustible utilizado por veh\u00edculos militares, la log\u00edstica de transporte, la fabricaci\u00f3n de armas, las bases militares y las operaciones de guerra, el resultado es una huella clim\u00e1tica que rara vez aparece en las conversaciones cotidianas sobre sostenibilidad.<\/p>\n\n\n\n<p>Tal vez porque es un tema inc\u00f3modo.<\/p>\n\n\n\n<p>Es m\u00e1s f\u00e1cil pedirle a un ciudadano que recicle una botella que preguntarse cu\u00e1nto contamina un conflicto armado. Es m\u00e1s sencillo hablar de pajillas pl\u00e1sticas que mirar hacia los cielos donde vuelan aviones de combate consumiendo miles de litros de combustible en cada misi\u00f3n.<\/p>\n\n\n\n<p>Y, sin embargo, el humo de la guerra tambi\u00e9n entra en la atm\u00f3sfera que todos respiramos.<\/p>\n\n\n\n<p>Cuando uno observa ese contraste, no se trata de despreciar los peque\u00f1os esfuerzos ambientales. Esos esfuerzos siguen siendo valiosos. Lo que cambia es la perspectiva. De pronto entendemos que el problema ambiental del planeta no depende \u00fanicamente de lo que hacemos en nuestras casas, sino tambi\u00e9n de las decisiones que toman los gobiernos, de los conflictos que se desatan entre pa\u00edses y de las enormes estructuras militares que sostienen esas guerras.<\/p>\n\n\n\n<p>Mientras alguien lava un envase para ponerlo en el reciclaje, en alg\u00fan lugar del mundo un misil vuelve a despegar.<\/p>\n\n\n\n<p>Y el humo, silenciosamente, vuelve a subir hacia el mismo cielo que compartimos todos.<\/p>\n","protected":false},"excerpt":{"rendered":"<p>Hay una escena curiosa que se repite todos los d\u00edas en muchos pa\u00edses del mundo. En una casa cualquiera, una [&hellip;]<\/p>\n","protected":false},"author":1,"featured_media":3041,"comment_status":"open","ping_status":"open","sticky":false,"template":"","format":"standard","meta":{"site-sidebar-layout":"default","site-content-layout":"","ast-site-content-layout":"","site-content-style":"default","site-sidebar-style":"default","ast-global-header-display":"","ast-banner-title-visibility":"","ast-main-header-display":"","ast-hfb-above-header-display":"","ast-hfb-below-header-display":"","ast-hfb-mobile-header-display":"","site-post-title":"","ast-breadcrumbs-content":"","ast-featured-img":"","footer-sml-layout":"","theme-transparent-header-meta":"","adv-header-id-meta":"","stick-header-meta":"","header-above-stick-meta":"","header-main-stick-meta":"","header-below-stick-meta":"","astra-migrate-meta-layouts":"default","ast-page-background-enabled":"default","ast-page-background-meta":{"desktop":{"background-color":"var(--ast-global-color-5)","background-image":"","background-repeat":"repeat","background-position":"center center","background-size":"auto","background-attachment":"scroll","background-type":"","background-media":"","overlay-type":"","overlay-color":"","overlay-opacity":"","overlay-gradient":""},"tablet":{"background-color":"","background-image":"","background-repeat":"repeat","background-position":"center center","background-size":"auto","background-attachment":"scroll","background-type":"","background-media":"","overlay-type":"","overlay-color":"","overlay-opacity":"","overlay-gradient":""},"mobile":{"background-color":"","background-image":"","background-repeat":"repeat","background-position":"center center","background-size":"auto","background-attachment":"scroll","background-type":"","background-media":"","overlay-type":"","overlay-color":"","overlay-opacity":"","overlay-gradient":""}},"ast-content-background-meta":{"desktop":{"background-color":"var(--ast-global-color-4)","background-image":"","background-repeat":"repeat","background-position":"center center","background-size":"auto","background-attachment":"scroll","background-type":"","background-media":"","overlay-type":"","overlay-color":"","overlay-opacity":"","overlay-gradient":""},"tablet":{"background-color":"var(--ast-global-color-4)","background-image":"","background-repeat":"repeat","background-position":"center center","background-size":"auto","background-attachment":"scroll","background-type":"","background-media":"","overlay-type":"","overlay-color":"","overlay-opacity":"","overlay-gradient":""},"mobile":{"background-color":"var(--ast-global-color-4)","background-image":"","background-repeat":"repeat","background-position":"center center","background-size":"auto","background-attachment":"scroll","background-type":"","background-media":"","overlay-type":"","overlay-color":"","overlay-opacity":"","overlay-gradient":""}},"footnotes":""},"categories":[12],"tags":[],"class_list":["post-3026","post","type-post","status-publish","format-standard","has-post-thumbnail","hentry","category-politica-o-gobierno"],"yoast_head":"<!-- This site is optimized with the Yoast SEO plugin v26.0 - https:\/\/yoast.com\/wordpress\/plugins\/seo\/ -->\n<title>La guerra y el humo que no vemos - MI BLOG<\/title>\n<meta name=\"robots\" content=\"index, follow, max-snippet:-1, max-image-preview:large, max-video-preview:-1\" \/>\n<link rel=\"canonical\" href=\"https:\/\/viniciojarquin.com\/blog\/la-guerra-y-el-humo-que-no-vemos\/\" \/>\n<meta property=\"og:locale\" content=\"es_ES\" \/>\n<meta property=\"og:type\" content=\"article\" \/>\n<meta property=\"og:title\" content=\"La guerra y el humo que no vemos - MI BLOG\" \/>\n<meta property=\"og:description\" content=\"Hay una escena curiosa que se repite todos los d\u00edas en muchos pa\u00edses del mundo. En una casa cualquiera, una [&hellip;]\" \/>\n<meta property=\"og:url\" content=\"https:\/\/viniciojarquin.com\/blog\/la-guerra-y-el-humo-que-no-vemos\/\" \/>\n<meta property=\"og:site_name\" content=\"MI BLOG\" \/>\n<meta property=\"article:publisher\" content=\"https:\/\/www.facebook.com\/vinicio.jarquin\" \/>\n<meta property=\"article:author\" content=\"https:\/\/www.facebook.com\/vinicio.jarquin\" \/>\n<meta property=\"article:published_time\" content=\"2026-03-17T01:37:10+00:00\" \/>\n<meta property=\"article:modified_time\" content=\"2026-03-17T02:50:28+00:00\" \/>\n<meta property=\"og:image\" content=\"https:\/\/viniciojarquin.com\/blog\/wp-content\/uploads\/2026\/03\/La-guerra-y-el-humo-que-no-vemos.png\" \/>\n\t<meta property=\"og:image:width\" content=\"800\" \/>\n\t<meta property=\"og:image:height\" content=\"800\" \/>\n\t<meta property=\"og:image:type\" content=\"image\/png\" \/>\n<meta name=\"author\" content=\"Vinicio Jarqu\u00edn\" \/>\n<meta name=\"twitter:card\" content=\"summary_large_image\" \/>\n<meta name=\"twitter:label1\" content=\"Escrito por\" \/>\n\t<meta name=\"twitter:data1\" content=\"Vinicio Jarqu\u00edn\" \/>\n\t<meta name=\"twitter:label2\" content=\"Tiempo de lectura\" \/>\n\t<meta name=\"twitter:data2\" content=\"5 minutos\" \/>\n<script type=\"application\/ld+json\" class=\"yoast-schema-graph\">{\"@context\":\"https:\/\/schema.org\",\"@graph\":[{\"@type\":\"Article\",\"@id\":\"https:\/\/viniciojarquin.com\/blog\/la-guerra-y-el-humo-que-no-vemos\/#article\",\"isPartOf\":{\"@id\":\"https:\/\/viniciojarquin.com\/blog\/la-guerra-y-el-humo-que-no-vemos\/\"},\"author\":{\"name\":\"Vinicio Jarqu\u00edn\",\"@id\":\"https:\/\/viniciojarquin.com\/blog\/#\/schema\/person\/90100c8845ae55462ec0657d3d2f8d3b\"},\"headline\":\"La guerra y el humo que no vemos\",\"datePublished\":\"2026-03-17T01:37:10+00:00\",\"dateModified\":\"2026-03-17T02:50:28+00:00\",\"mainEntityOfPage\":{\"@id\":\"https:\/\/viniciojarquin.com\/blog\/la-guerra-y-el-humo-que-no-vemos\/\"},\"wordCount\":912,\"commentCount\":0,\"publisher\":{\"@id\":\"https:\/\/viniciojarquin.com\/blog\/#\/schema\/person\/90100c8845ae55462ec0657d3d2f8d3b\"},\"image\":{\"@id\":\"https:\/\/viniciojarquin.com\/blog\/la-guerra-y-el-humo-que-no-vemos\/#primaryimage\"},\"thumbnailUrl\":\"https:\/\/viniciojarquin.com\/blog\/wp-content\/uploads\/2026\/03\/La-guerra-y-el-humo-que-no-vemos.png\",\"articleSection\":[\"Pol\u00edtica varios\"],\"inLanguage\":\"es\",\"potentialAction\":[{\"@type\":\"CommentAction\",\"name\":\"Comment\",\"target\":[\"https:\/\/viniciojarquin.com\/blog\/la-guerra-y-el-humo-que-no-vemos\/#respond\"]}]},{\"@type\":\"WebPage\",\"@id\":\"https:\/\/viniciojarquin.com\/blog\/la-guerra-y-el-humo-que-no-vemos\/\",\"url\":\"https:\/\/viniciojarquin.com\/blog\/la-guerra-y-el-humo-que-no-vemos\/\",\"name\":\"La guerra y el humo que no vemos - MI BLOG\",\"isPartOf\":{\"@id\":\"https:\/\/viniciojarquin.com\/blog\/#website\"},\"primaryImageOfPage\":{\"@id\":\"https:\/\/viniciojarquin.com\/blog\/la-guerra-y-el-humo-que-no-vemos\/#primaryimage\"},\"image\":{\"@id\":\"https:\/\/viniciojarquin.com\/blog\/la-guerra-y-el-humo-que-no-vemos\/#primaryimage\"},\"thumbnailUrl\":\"https:\/\/viniciojarquin.com\/blog\/wp-content\/uploads\/2026\/03\/La-guerra-y-el-humo-que-no-vemos.png\",\"datePublished\":\"2026-03-17T01:37:10+00:00\",\"dateModified\":\"2026-03-17T02:50:28+00:00\",\"breadcrumb\":{\"@id\":\"https:\/\/viniciojarquin.com\/blog\/la-guerra-y-el-humo-que-no-vemos\/#breadcrumb\"},\"inLanguage\":\"es\",\"potentialAction\":[{\"@type\":\"ReadAction\",\"target\":[\"https:\/\/viniciojarquin.com\/blog\/la-guerra-y-el-humo-que-no-vemos\/\"]}]},{\"@type\":\"ImageObject\",\"inLanguage\":\"es\",\"@id\":\"https:\/\/viniciojarquin.com\/blog\/la-guerra-y-el-humo-que-no-vemos\/#primaryimage\",\"url\":\"https:\/\/viniciojarquin.com\/blog\/wp-content\/uploads\/2026\/03\/La-guerra-y-el-humo-que-no-vemos.png\",\"contentUrl\":\"https:\/\/viniciojarquin.com\/blog\/wp-content\/uploads\/2026\/03\/La-guerra-y-el-humo-que-no-vemos.png\",\"width\":800,\"height\":800},{\"@type\":\"BreadcrumbList\",\"@id\":\"https:\/\/viniciojarquin.com\/blog\/la-guerra-y-el-humo-que-no-vemos\/#breadcrumb\",\"itemListElement\":[{\"@type\":\"ListItem\",\"position\":1,\"name\":\"Portada\",\"item\":\"https:\/\/viniciojarquin.com\/blog\/\"},{\"@type\":\"ListItem\",\"position\":2,\"name\":\"La guerra y el humo que no vemos\"}]},{\"@type\":\"WebSite\",\"@id\":\"https:\/\/viniciojarquin.com\/blog\/#website\",\"url\":\"https:\/\/viniciojarquin.com\/blog\/\",\"name\":\"Vinicio Jarqu\u00edn BLOG\",\"description\":\"\",\"publisher\":{\"@id\":\"https:\/\/viniciojarquin.com\/blog\/#\/schema\/person\/90100c8845ae55462ec0657d3d2f8d3b\"},\"potentialAction\":[{\"@type\":\"SearchAction\",\"target\":{\"@type\":\"EntryPoint\",\"urlTemplate\":\"https:\/\/viniciojarquin.com\/blog\/?s={search_term_string}\"},\"query-input\":{\"@type\":\"PropertyValueSpecification\",\"valueRequired\":true,\"valueName\":\"search_term_string\"}}],\"inLanguage\":\"es\"},{\"@type\":[\"Person\",\"Organization\"],\"@id\":\"https:\/\/viniciojarquin.com\/blog\/#\/schema\/person\/90100c8845ae55462ec0657d3d2f8d3b\",\"name\":\"Vinicio Jarqu\u00edn\",\"image\":{\"@type\":\"ImageObject\",\"inLanguage\":\"es\",\"@id\":\"https:\/\/viniciojarquin.com\/blog\/#\/schema\/person\/image\/\",\"url\":\"https:\/\/viniciojarquin.com\/blog\/wp-content\/uploads\/2024\/10\/Logo-VinicioJarquin-original-400.png\",\"contentUrl\":\"https:\/\/viniciojarquin.com\/blog\/wp-content\/uploads\/2024\/10\/Logo-VinicioJarquin-original-400.png\",\"width\":400,\"height\":130,\"caption\":\"Vinicio Jarqu\u00edn\"},\"logo\":{\"@id\":\"https:\/\/viniciojarquin.com\/blog\/#\/schema\/person\/image\/\"},\"description\":\"Empresario textil, artista pl\u00e1stico, escritor, coach de vida y fot\u00f3grafo.\",\"sameAs\":[\"https:\/\/viniciojarquin.com\/blog\",\"https:\/\/www.facebook.com\/vinicio.jarquin\",\"https:\/\/www.instagram.com\/vinicio_jarquin\/\",\"https:\/\/www.pinterest.com\/vinnyjc\/\",\"https:\/\/www.youtube.com\/@VinicioJarquin\"],\"url\":\"https:\/\/viniciojarquin.com\/blog\/author\/admin_s02au25i\/\"}]}<\/script>\n<!-- \/ Yoast SEO plugin. -->","yoast_head_json":{"title":"La guerra y el humo que no vemos - MI BLOG","robots":{"index":"index","follow":"follow","max-snippet":"max-snippet:-1","max-image-preview":"max-image-preview:large","max-video-preview":"max-video-preview:-1"},"canonical":"https:\/\/viniciojarquin.com\/blog\/la-guerra-y-el-humo-que-no-vemos\/","og_locale":"es_ES","og_type":"article","og_title":"La guerra y el humo que no vemos - MI BLOG","og_description":"Hay una escena curiosa que se repite todos los d\u00edas en muchos pa\u00edses del mundo. En una casa cualquiera, una [&hellip;]","og_url":"https:\/\/viniciojarquin.com\/blog\/la-guerra-y-el-humo-que-no-vemos\/","og_site_name":"MI BLOG","article_publisher":"https:\/\/www.facebook.com\/vinicio.jarquin","article_author":"https:\/\/www.facebook.com\/vinicio.jarquin","article_published_time":"2026-03-17T01:37:10+00:00","article_modified_time":"2026-03-17T02:50:28+00:00","og_image":[{"width":800,"height":800,"url":"https:\/\/viniciojarquin.com\/blog\/wp-content\/uploads\/2026\/03\/La-guerra-y-el-humo-que-no-vemos.png","type":"image\/png"}],"author":"Vinicio Jarqu\u00edn","twitter_card":"summary_large_image","twitter_misc":{"Escrito por":"Vinicio Jarqu\u00edn","Tiempo de lectura":"5 minutos"},"schema":{"@context":"https:\/\/schema.org","@graph":[{"@type":"Article","@id":"https:\/\/viniciojarquin.com\/blog\/la-guerra-y-el-humo-que-no-vemos\/#article","isPartOf":{"@id":"https:\/\/viniciojarquin.com\/blog\/la-guerra-y-el-humo-que-no-vemos\/"},"author":{"name":"Vinicio Jarqu\u00edn","@id":"https:\/\/viniciojarquin.com\/blog\/#\/schema\/person\/90100c8845ae55462ec0657d3d2f8d3b"},"headline":"La guerra y el humo que no vemos","datePublished":"2026-03-17T01:37:10+00:00","dateModified":"2026-03-17T02:50:28+00:00","mainEntityOfPage":{"@id":"https:\/\/viniciojarquin.com\/blog\/la-guerra-y-el-humo-que-no-vemos\/"},"wordCount":912,"commentCount":0,"publisher":{"@id":"https:\/\/viniciojarquin.com\/blog\/#\/schema\/person\/90100c8845ae55462ec0657d3d2f8d3b"},"image":{"@id":"https:\/\/viniciojarquin.com\/blog\/la-guerra-y-el-humo-que-no-vemos\/#primaryimage"},"thumbnailUrl":"https:\/\/viniciojarquin.com\/blog\/wp-content\/uploads\/2026\/03\/La-guerra-y-el-humo-que-no-vemos.png","articleSection":["Pol\u00edtica varios"],"inLanguage":"es","potentialAction":[{"@type":"CommentAction","name":"Comment","target":["https:\/\/viniciojarquin.com\/blog\/la-guerra-y-el-humo-que-no-vemos\/#respond"]}]},{"@type":"WebPage","@id":"https:\/\/viniciojarquin.com\/blog\/la-guerra-y-el-humo-que-no-vemos\/","url":"https:\/\/viniciojarquin.com\/blog\/la-guerra-y-el-humo-que-no-vemos\/","name":"La guerra y el humo que no vemos - MI BLOG","isPartOf":{"@id":"https:\/\/viniciojarquin.com\/blog\/#website"},"primaryImageOfPage":{"@id":"https:\/\/viniciojarquin.com\/blog\/la-guerra-y-el-humo-que-no-vemos\/#primaryimage"},"image":{"@id":"https:\/\/viniciojarquin.com\/blog\/la-guerra-y-el-humo-que-no-vemos\/#primaryimage"},"thumbnailUrl":"https:\/\/viniciojarquin.com\/blog\/wp-content\/uploads\/2026\/03\/La-guerra-y-el-humo-que-no-vemos.png","datePublished":"2026-03-17T01:37:10+00:00","dateModified":"2026-03-17T02:50:28+00:00","breadcrumb":{"@id":"https:\/\/viniciojarquin.com\/blog\/la-guerra-y-el-humo-que-no-vemos\/#breadcrumb"},"inLanguage":"es","potentialAction":[{"@type":"ReadAction","target":["https:\/\/viniciojarquin.com\/blog\/la-guerra-y-el-humo-que-no-vemos\/"]}]},{"@type":"ImageObject","inLanguage":"es","@id":"https:\/\/viniciojarquin.com\/blog\/la-guerra-y-el-humo-que-no-vemos\/#primaryimage","url":"https:\/\/viniciojarquin.com\/blog\/wp-content\/uploads\/2026\/03\/La-guerra-y-el-humo-que-no-vemos.png","contentUrl":"https:\/\/viniciojarquin.com\/blog\/wp-content\/uploads\/2026\/03\/La-guerra-y-el-humo-que-no-vemos.png","width":800,"height":800},{"@type":"BreadcrumbList","@id":"https:\/\/viniciojarquin.com\/blog\/la-guerra-y-el-humo-que-no-vemos\/#breadcrumb","itemListElement":[{"@type":"ListItem","position":1,"name":"Portada","item":"https:\/\/viniciojarquin.com\/blog\/"},{"@type":"ListItem","position":2,"name":"La guerra y el humo que no vemos"}]},{"@type":"WebSite","@id":"https:\/\/viniciojarquin.com\/blog\/#website","url":"https:\/\/viniciojarquin.com\/blog\/","name":"Vinicio Jarqu\u00edn BLOG","description":"","publisher":{"@id":"https:\/\/viniciojarquin.com\/blog\/#\/schema\/person\/90100c8845ae55462ec0657d3d2f8d3b"},"potentialAction":[{"@type":"SearchAction","target":{"@type":"EntryPoint","urlTemplate":"https:\/\/viniciojarquin.com\/blog\/?s={search_term_string}"},"query-input":{"@type":"PropertyValueSpecification","valueRequired":true,"valueName":"search_term_string"}}],"inLanguage":"es"},{"@type":["Person","Organization"],"@id":"https:\/\/viniciojarquin.com\/blog\/#\/schema\/person\/90100c8845ae55462ec0657d3d2f8d3b","name":"Vinicio Jarqu\u00edn","image":{"@type":"ImageObject","inLanguage":"es","@id":"https:\/\/viniciojarquin.com\/blog\/#\/schema\/person\/image\/","url":"https:\/\/viniciojarquin.com\/blog\/wp-content\/uploads\/2024\/10\/Logo-VinicioJarquin-original-400.png","contentUrl":"https:\/\/viniciojarquin.com\/blog\/wp-content\/uploads\/2024\/10\/Logo-VinicioJarquin-original-400.png","width":400,"height":130,"caption":"Vinicio Jarqu\u00edn"},"logo":{"@id":"https:\/\/viniciojarquin.com\/blog\/#\/schema\/person\/image\/"},"description":"Empresario textil, artista pl\u00e1stico, escritor, coach de vida y fot\u00f3grafo.","sameAs":["https:\/\/viniciojarquin.com\/blog","https:\/\/www.facebook.com\/vinicio.jarquin","https:\/\/www.instagram.com\/vinicio_jarquin\/","https:\/\/www.pinterest.com\/vinnyjc\/","https:\/\/www.youtube.com\/@VinicioJarquin"],"url":"https:\/\/viniciojarquin.com\/blog\/author\/admin_s02au25i\/"}]}},"blog_post_layout_featured_media_urls":{"thumbnail":["https:\/\/viniciojarquin.com\/blog\/wp-content\/uploads\/2026\/03\/La-guerra-y-el-humo-que-no-vemos-150x150.png",150,150,true],"full":["https:\/\/viniciojarquin.com\/blog\/wp-content\/uploads\/2026\/03\/La-guerra-y-el-humo-que-no-vemos.png",800,800,false]},"categories_names":{"12":{"name":"Pol\u00edtica varios","link":"https:\/\/viniciojarquin.com\/blog\/category\/politica-o-gobierno\/"}},"tags_names":[],"comments_number":"0","_links":{"self":[{"href":"https:\/\/viniciojarquin.com\/blog\/wp-json\/wp\/v2\/posts\/3026","targetHints":{"allow":["GET"]}}],"collection":[{"href":"https:\/\/viniciojarquin.com\/blog\/wp-json\/wp\/v2\/posts"}],"about":[{"href":"https:\/\/viniciojarquin.com\/blog\/wp-json\/wp\/v2\/types\/post"}],"author":[{"embeddable":true,"href":"https:\/\/viniciojarquin.com\/blog\/wp-json\/wp\/v2\/users\/1"}],"replies":[{"embeddable":true,"href":"https:\/\/viniciojarquin.com\/blog\/wp-json\/wp\/v2\/comments?post=3026"}],"version-history":[{"count":2,"href":"https:\/\/viniciojarquin.com\/blog\/wp-json\/wp\/v2\/posts\/3026\/revisions"}],"predecessor-version":[{"id":3043,"href":"https:\/\/viniciojarquin.com\/blog\/wp-json\/wp\/v2\/posts\/3026\/revisions\/3043"}],"wp:featuredmedia":[{"embeddable":true,"href":"https:\/\/viniciojarquin.com\/blog\/wp-json\/wp\/v2\/media\/3041"}],"wp:attachment":[{"href":"https:\/\/viniciojarquin.com\/blog\/wp-json\/wp\/v2\/media?parent=3026"}],"wp:term":[{"taxonomy":"category","embeddable":true,"href":"https:\/\/viniciojarquin.com\/blog\/wp-json\/wp\/v2\/categories?post=3026"},{"taxonomy":"post_tag","embeddable":true,"href":"https:\/\/viniciojarquin.com\/blog\/wp-json\/wp\/v2\/tags?post=3026"}],"curies":[{"name":"wp","href":"https:\/\/api.w.org\/{rel}","templated":true}]}}