{"id":3027,"date":"2026-03-17T01:38:27","date_gmt":"2026-03-17T01:38:27","guid":{"rendered":"https:\/\/viniciojarquin.com\/blog\/?p=3027"},"modified":"2026-03-17T02:46:36","modified_gmt":"2026-03-17T02:46:36","slug":"cuando-intentar-entender-la-guerra-se-vuelve-un-laberinto","status":"publish","type":"post","link":"https:\/\/viniciojarquin.com\/blog\/cuando-intentar-entender-la-guerra-se-vuelve-un-laberinto\/","title":{"rendered":"Cuando intentar entender la guerra se vuelve un laberinto"},"content":{"rendered":"\n<figure class=\"wp-block-image size-full\"><img decoding=\"async\" width=\"800\" height=\"800\" data-src=\"https:\/\/viniciojarquin.com\/blog\/wp-content\/uploads\/2026\/03\/Cuando-intentar-entender-la-guerra.png\" alt=\"\" class=\"wp-image-3039 lazyload\" data-srcset=\"https:\/\/viniciojarquin.com\/blog\/wp-content\/uploads\/2026\/03\/Cuando-intentar-entender-la-guerra.png 800w, https:\/\/viniciojarquin.com\/blog\/wp-content\/uploads\/2026\/03\/Cuando-intentar-entender-la-guerra-300x300.png 300w, https:\/\/viniciojarquin.com\/blog\/wp-content\/uploads\/2026\/03\/Cuando-intentar-entender-la-guerra-150x150.png 150w, https:\/\/viniciojarquin.com\/blog\/wp-content\/uploads\/2026\/03\/Cuando-intentar-entender-la-guerra-768x768.png 768w\" data-sizes=\"(max-width: 800px) 100vw, 800px\" src=\"data:image\/svg+xml;base64,PHN2ZyB3aWR0aD0iMSIgaGVpZ2h0PSIxIiB4bWxucz0iaHR0cDovL3d3dy53My5vcmcvMjAwMC9zdmciPjwvc3ZnPg==\" style=\"--smush-placeholder-width: 800px; --smush-placeholder-aspect-ratio: 800\/800;\" \/><\/figure>\n\n\n\n<p>Hay guerras que se comprenden r\u00e1pido. Al menos en apariencia. Alguien invade, alguien se defiende, y la narrativa parece ordenarse sola dentro de la cabeza.<\/p>\n\n\n\n<p>Pero hay otras guerras que, mientras m\u00e1s intentas entenderlas, m\u00e1s se convierten en un laberinto.<\/p>\n\n\n\n<p>Lo que est\u00e1 ocurriendo en esa regi\u00f3n del planeta que solemos llamar Medio Oriente es uno de esos casos. No solo porque participan varios pa\u00edses, sino porque la historia, la memoria y el dolor de muchas generaciones se mezclan en cada noticia que aparece.<\/p>\n\n\n\n<p>Durante d\u00e9cadas, gran parte del mundo ha cargado con una profunda herida moral por lo que ocurri\u00f3 con el pueblo jud\u00edo durante el nazismo. Lo que hicieron los nazis contra los jud\u00edos en Europa fue una de las p\u00e1ginas m\u00e1s oscuras de la historia humana. Millones de personas exterminadas, perseguidas, despojadas de todo lo que eran.<\/p>\n\n\n\n<p>Esa memoria qued\u00f3 grabada en la conciencia del mundo.<\/p>\n\n\n\n<p>Pero al mismo tiempo, en las \u00faltimas d\u00e9cadas tambi\u00e9n llegan im\u00e1genes y relatos de lo que el Estado de Israel hace contra los palestinos. Bombardeos, ocupaci\u00f3n, desplazamientos, una tensi\u00f3n permanente que parece no terminar nunca.<\/p>\n\n\n\n<p>Y entonces aparece una incomodidad dif\u00edcil de explicar.<\/p>\n\n\n\n<p>Porque dentro de uno surge una pregunta inevitable: \u00bfc\u00f3mo es posible que un pueblo que sufri\u00f3 tanto pueda terminar siendo acusado de hacer cosas parecidas a las que un d\u00eda le hicieron?<\/p>\n\n\n\n<p>Pero apenas aparece esa pregunta, tambi\u00e9n surge otra.<\/p>\n\n\n\n<p>Porque del otro lado aparecen los ataques contra Israel, los grupos armados palestinos, las redes clandestinas, los atentados, la violencia que tambi\u00e9n golpea a la poblaci\u00f3n israel\u00ed.<\/p>\n\n\n\n<p>Y entonces la mente vuelve a confundirse.<\/p>\n\n\n\n<p>De pronto alguien dice que Israel es injusto con los palestinos. Pero luego otro recuerda que muchos ataques contra Israel nacen desde esos mismos territorios.<\/p>\n\n\n\n<p>Y cuando el mapa parec\u00eda ya suficientemente complicado, aparece otro actor poderoso en la escena: Ir\u00e1n.<\/p>\n\n\n\n<p>Ir\u00e1n desaf\u00eda a Israel, se enfrenta a sus aliados, lanza amenazas, desarrolla capacidades militares que preocupan al mundo. Israel responde, ataca, intenta neutralizar amenazas antes de que crezcan demasiado.<\/p>\n\n\n\n<p>Durante a\u00f1os Israel confi\u00f3 en su famoso sistema de defensa a\u00e9rea, el llamado \u201cescudo de hierro\u201d, capaz de interceptar misiles antes de que toquen tierra. Pero tambi\u00e9n durante a\u00f1os sus adversarios estudiaron c\u00f3mo superar esas defensas.<\/p>\n\n\n\n<p>Mientras tanto, una potencia que nunca est\u00e1 demasiado lejos de los conflictos globales aparece inevitablemente en el escenario: Estados Unidos.<\/p>\n\n\n\n<p>Y entonces el tablero se vuelve todav\u00eda m\u00e1s complejo.<\/p>\n\n\n\n<p>Porque ya no se trata solo de una disputa entre dos pueblos o dos pa\u00edses. Aparecen alianzas, estrategias globales, intereses geopol\u00edticos que van mucho m\u00e1s all\u00e1 de las fronteras de la regi\u00f3n.<\/p>\n\n\n\n<p>En medio de todo esto, uno intenta entender. Y a ratos se sorprende pensando cosas que parecen contradictorias.<\/p>\n\n\n\n<p>Qu\u00e9 barbaridad lo que los nazis le hicieron al pueblo jud\u00edo. Pero tambi\u00e9n qu\u00e9 barbaridad lo que hoy se dice que el Estado de Israel hace con los palestinos.<\/p>\n\n\n\n<p>Qu\u00e9 barbaridad los ataques contra Israel. Pero tambi\u00e9n qu\u00e9 barbaridad la vida que muchos palestinos tienen que vivir.<\/p>\n\n\n\n<p>Qu\u00e9 barbaridad las amenazas que salen de Ir\u00e1n. Pero tambi\u00e9n qu\u00e9 barbaridad las guerras preventivas que se desatan contra Ir\u00e1n.<\/p>\n\n\n\n<p>Y entonces uno descubre algo inc\u00f3modo. Que tal vez este conflicto no cabe dentro de las categor\u00edas simples de buenos y malos que tanto nos gusta usar para entender el mundo.<\/p>\n\n\n\n<p>Tal vez lo que estamos viendo es una tragedia hist\u00f3rica en la que demasiados pueblos arrastran heridas, miedos, resentimientos y ambiciones al mismo tiempo.<\/p>\n\n\n\n<p>Y cuando tantas historias chocan en el mismo lugar del planeta, la verdad se vuelve m\u00e1s dif\u00edcil de encontrar. Y el juicio moral, m\u00e1s incierto.<\/p>\n","protected":false},"excerpt":{"rendered":"<p>Hay guerras que se comprenden r\u00e1pido. Al menos en apariencia. Alguien invade, alguien se defiende, y la narrativa parece ordenarse [&hellip;]<\/p>\n","protected":false},"author":1,"featured_media":3039,"comment_status":"open","ping_status":"open","sticky":false,"template":"","format":"standard","meta":{"site-sidebar-layout":"default","site-content-layout":"","ast-site-content-layout":"","site-content-style":"default","site-sidebar-style":"default","ast-global-header-display":"","ast-banner-title-visibility":"","ast-main-header-display":"","ast-hfb-above-header-display":"","ast-hfb-below-header-display":"","ast-hfb-mobile-header-display":"","site-post-title":"","ast-breadcrumbs-content":"","ast-featured-img":"","footer-sml-layout":"","theme-transparent-header-meta":"","adv-header-id-meta":"","stick-header-meta":"","header-above-stick-meta":"","header-main-stick-meta":"","header-below-stick-meta":"","astra-migrate-meta-layouts":"default","ast-page-background-enabled":"default","ast-page-background-meta":{"desktop":{"background-color":"var(--ast-global-color-5)","background-image":"","background-repeat":"repeat","background-position":"center center","background-size":"auto","background-attachment":"scroll","background-type":"","background-media":"","overlay-type":"","overlay-color":"","overlay-opacity":"","overlay-gradient":""},"tablet":{"background-color":"","background-image":"","background-repeat":"repeat","background-position":"center center","background-size":"auto","background-attachment":"scroll","background-type":"","background-media":"","overlay-type":"","overlay-color":"","overlay-opacity":"","overlay-gradient":""},"mobile":{"background-color":"","background-image":"","background-repeat":"repeat","background-position":"center center","background-size":"auto","background-attachment":"scroll","background-type":"","background-media":"","overlay-type":"","overlay-color":"","overlay-opacity":"","overlay-gradient":""}},"ast-content-background-meta":{"desktop":{"background-color":"var(--ast-global-color-4)","background-image":"","background-repeat":"repeat","background-position":"center center","background-size":"auto","background-attachment":"scroll","background-type":"","background-media":"","overlay-type":"","overlay-color":"","overlay-opacity":"","overlay-gradient":""},"tablet":{"background-color":"var(--ast-global-color-4)","background-image":"","background-repeat":"repeat","background-position":"center center","background-size":"auto","background-attachment":"scroll","background-type":"","background-media":"","overlay-type":"","overlay-color":"","overlay-opacity":"","overlay-gradient":""},"mobile":{"background-color":"var(--ast-global-color-4)","background-image":"","background-repeat":"repeat","background-position":"center center","background-size":"auto","background-attachment":"scroll","background-type":"","background-media":"","overlay-type":"","overlay-color":"","overlay-opacity":"","overlay-gradient":""}},"footnotes":""},"categories":[12],"tags":[],"class_list":["post-3027","post","type-post","status-publish","format-standard","has-post-thumbnail","hentry","category-politica-o-gobierno"],"yoast_head":"<!-- This site is optimized with the Yoast SEO plugin v26.0 - https:\/\/yoast.com\/wordpress\/plugins\/seo\/ -->\n<title>Cuando intentar entender la guerra se vuelve un laberinto - MI BLOG<\/title>\n<meta name=\"robots\" content=\"index, follow, max-snippet:-1, max-image-preview:large, max-video-preview:-1\" \/>\n<link rel=\"canonical\" href=\"https:\/\/viniciojarquin.com\/blog\/cuando-intentar-entender-la-guerra-se-vuelve-un-laberinto\/\" \/>\n<meta property=\"og:locale\" content=\"es_ES\" \/>\n<meta property=\"og:type\" content=\"article\" \/>\n<meta property=\"og:title\" content=\"Cuando intentar entender la guerra se vuelve un laberinto - MI BLOG\" \/>\n<meta property=\"og:description\" content=\"Hay guerras que se comprenden r\u00e1pido. Al menos en apariencia. Alguien invade, alguien se defiende, y la narrativa parece ordenarse [&hellip;]\" \/>\n<meta property=\"og:url\" content=\"https:\/\/viniciojarquin.com\/blog\/cuando-intentar-entender-la-guerra-se-vuelve-un-laberinto\/\" \/>\n<meta property=\"og:site_name\" content=\"MI BLOG\" \/>\n<meta property=\"article:publisher\" content=\"https:\/\/www.facebook.com\/vinicio.jarquin\" \/>\n<meta property=\"article:author\" content=\"https:\/\/www.facebook.com\/vinicio.jarquin\" \/>\n<meta property=\"article:published_time\" content=\"2026-03-17T01:38:27+00:00\" \/>\n<meta property=\"article:modified_time\" content=\"2026-03-17T02:46:36+00:00\" \/>\n<meta property=\"og:image\" content=\"https:\/\/viniciojarquin.com\/blog\/wp-content\/uploads\/2026\/03\/Cuando-intentar-entender-la-guerra.png\" \/>\n\t<meta property=\"og:image:width\" content=\"800\" \/>\n\t<meta property=\"og:image:height\" content=\"800\" \/>\n\t<meta property=\"og:image:type\" content=\"image\/png\" \/>\n<meta name=\"author\" content=\"Vinicio Jarqu\u00edn\" \/>\n<meta name=\"twitter:card\" content=\"summary_large_image\" \/>\n<meta name=\"twitter:label1\" content=\"Escrito por\" \/>\n\t<meta name=\"twitter:data1\" content=\"Vinicio Jarqu\u00edn\" \/>\n\t<meta name=\"twitter:label2\" content=\"Tiempo de lectura\" \/>\n\t<meta name=\"twitter:data2\" content=\"4 minutos\" \/>\n<script type=\"application\/ld+json\" class=\"yoast-schema-graph\">{\"@context\":\"https:\/\/schema.org\",\"@graph\":[{\"@type\":\"Article\",\"@id\":\"https:\/\/viniciojarquin.com\/blog\/cuando-intentar-entender-la-guerra-se-vuelve-un-laberinto\/#article\",\"isPartOf\":{\"@id\":\"https:\/\/viniciojarquin.com\/blog\/cuando-intentar-entender-la-guerra-se-vuelve-un-laberinto\/\"},\"author\":{\"name\":\"Vinicio Jarqu\u00edn\",\"@id\":\"https:\/\/viniciojarquin.com\/blog\/#\/schema\/person\/90100c8845ae55462ec0657d3d2f8d3b\"},\"headline\":\"Cuando intentar entender la guerra se vuelve un laberinto\",\"datePublished\":\"2026-03-17T01:38:27+00:00\",\"dateModified\":\"2026-03-17T02:46:36+00:00\",\"mainEntityOfPage\":{\"@id\":\"https:\/\/viniciojarquin.com\/blog\/cuando-intentar-entender-la-guerra-se-vuelve-un-laberinto\/\"},\"wordCount\":655,\"commentCount\":0,\"publisher\":{\"@id\":\"https:\/\/viniciojarquin.com\/blog\/#\/schema\/person\/90100c8845ae55462ec0657d3d2f8d3b\"},\"image\":{\"@id\":\"https:\/\/viniciojarquin.com\/blog\/cuando-intentar-entender-la-guerra-se-vuelve-un-laberinto\/#primaryimage\"},\"thumbnailUrl\":\"https:\/\/viniciojarquin.com\/blog\/wp-content\/uploads\/2026\/03\/Cuando-intentar-entender-la-guerra.png\",\"articleSection\":[\"Pol\u00edtica varios\"],\"inLanguage\":\"es\",\"potentialAction\":[{\"@type\":\"CommentAction\",\"name\":\"Comment\",\"target\":[\"https:\/\/viniciojarquin.com\/blog\/cuando-intentar-entender-la-guerra-se-vuelve-un-laberinto\/#respond\"]}]},{\"@type\":\"WebPage\",\"@id\":\"https:\/\/viniciojarquin.com\/blog\/cuando-intentar-entender-la-guerra-se-vuelve-un-laberinto\/\",\"url\":\"https:\/\/viniciojarquin.com\/blog\/cuando-intentar-entender-la-guerra-se-vuelve-un-laberinto\/\",\"name\":\"Cuando intentar entender la guerra se vuelve un laberinto - MI BLOG\",\"isPartOf\":{\"@id\":\"https:\/\/viniciojarquin.com\/blog\/#website\"},\"primaryImageOfPage\":{\"@id\":\"https:\/\/viniciojarquin.com\/blog\/cuando-intentar-entender-la-guerra-se-vuelve-un-laberinto\/#primaryimage\"},\"image\":{\"@id\":\"https:\/\/viniciojarquin.com\/blog\/cuando-intentar-entender-la-guerra-se-vuelve-un-laberinto\/#primaryimage\"},\"thumbnailUrl\":\"https:\/\/viniciojarquin.com\/blog\/wp-content\/uploads\/2026\/03\/Cuando-intentar-entender-la-guerra.png\",\"datePublished\":\"2026-03-17T01:38:27+00:00\",\"dateModified\":\"2026-03-17T02:46:36+00:00\",\"breadcrumb\":{\"@id\":\"https:\/\/viniciojarquin.com\/blog\/cuando-intentar-entender-la-guerra-se-vuelve-un-laberinto\/#breadcrumb\"},\"inLanguage\":\"es\",\"potentialAction\":[{\"@type\":\"ReadAction\",\"target\":[\"https:\/\/viniciojarquin.com\/blog\/cuando-intentar-entender-la-guerra-se-vuelve-un-laberinto\/\"]}]},{\"@type\":\"ImageObject\",\"inLanguage\":\"es\",\"@id\":\"https:\/\/viniciojarquin.com\/blog\/cuando-intentar-entender-la-guerra-se-vuelve-un-laberinto\/#primaryimage\",\"url\":\"https:\/\/viniciojarquin.com\/blog\/wp-content\/uploads\/2026\/03\/Cuando-intentar-entender-la-guerra.png\",\"contentUrl\":\"https:\/\/viniciojarquin.com\/blog\/wp-content\/uploads\/2026\/03\/Cuando-intentar-entender-la-guerra.png\",\"width\":800,\"height\":800},{\"@type\":\"BreadcrumbList\",\"@id\":\"https:\/\/viniciojarquin.com\/blog\/cuando-intentar-entender-la-guerra-se-vuelve-un-laberinto\/#breadcrumb\",\"itemListElement\":[{\"@type\":\"ListItem\",\"position\":1,\"name\":\"Portada\",\"item\":\"https:\/\/viniciojarquin.com\/blog\/\"},{\"@type\":\"ListItem\",\"position\":2,\"name\":\"Cuando intentar entender la guerra se vuelve un laberinto\"}]},{\"@type\":\"WebSite\",\"@id\":\"https:\/\/viniciojarquin.com\/blog\/#website\",\"url\":\"https:\/\/viniciojarquin.com\/blog\/\",\"name\":\"Vinicio Jarqu\u00edn BLOG\",\"description\":\"\",\"publisher\":{\"@id\":\"https:\/\/viniciojarquin.com\/blog\/#\/schema\/person\/90100c8845ae55462ec0657d3d2f8d3b\"},\"potentialAction\":[{\"@type\":\"SearchAction\",\"target\":{\"@type\":\"EntryPoint\",\"urlTemplate\":\"https:\/\/viniciojarquin.com\/blog\/?s={search_term_string}\"},\"query-input\":{\"@type\":\"PropertyValueSpecification\",\"valueRequired\":true,\"valueName\":\"search_term_string\"}}],\"inLanguage\":\"es\"},{\"@type\":[\"Person\",\"Organization\"],\"@id\":\"https:\/\/viniciojarquin.com\/blog\/#\/schema\/person\/90100c8845ae55462ec0657d3d2f8d3b\",\"name\":\"Vinicio Jarqu\u00edn\",\"image\":{\"@type\":\"ImageObject\",\"inLanguage\":\"es\",\"@id\":\"https:\/\/viniciojarquin.com\/blog\/#\/schema\/person\/image\/\",\"url\":\"https:\/\/viniciojarquin.com\/blog\/wp-content\/uploads\/2024\/10\/Logo-VinicioJarquin-original-400.png\",\"contentUrl\":\"https:\/\/viniciojarquin.com\/blog\/wp-content\/uploads\/2024\/10\/Logo-VinicioJarquin-original-400.png\",\"width\":400,\"height\":130,\"caption\":\"Vinicio Jarqu\u00edn\"},\"logo\":{\"@id\":\"https:\/\/viniciojarquin.com\/blog\/#\/schema\/person\/image\/\"},\"description\":\"Empresario textil, artista pl\u00e1stico, escritor, coach de vida y fot\u00f3grafo.\",\"sameAs\":[\"https:\/\/viniciojarquin.com\/blog\",\"https:\/\/www.facebook.com\/vinicio.jarquin\",\"https:\/\/www.instagram.com\/vinicio_jarquin\/\",\"https:\/\/www.pinterest.com\/vinnyjc\/\",\"https:\/\/www.youtube.com\/@VinicioJarquin\"],\"url\":\"https:\/\/viniciojarquin.com\/blog\/author\/admin_s02au25i\/\"}]}<\/script>\n<!-- \/ Yoast SEO plugin. -->","yoast_head_json":{"title":"Cuando intentar entender la guerra se vuelve un laberinto - MI BLOG","robots":{"index":"index","follow":"follow","max-snippet":"max-snippet:-1","max-image-preview":"max-image-preview:large","max-video-preview":"max-video-preview:-1"},"canonical":"https:\/\/viniciojarquin.com\/blog\/cuando-intentar-entender-la-guerra-se-vuelve-un-laberinto\/","og_locale":"es_ES","og_type":"article","og_title":"Cuando intentar entender la guerra se vuelve un laberinto - MI BLOG","og_description":"Hay guerras que se comprenden r\u00e1pido. Al menos en apariencia. Alguien invade, alguien se defiende, y la narrativa parece ordenarse [&hellip;]","og_url":"https:\/\/viniciojarquin.com\/blog\/cuando-intentar-entender-la-guerra-se-vuelve-un-laberinto\/","og_site_name":"MI BLOG","article_publisher":"https:\/\/www.facebook.com\/vinicio.jarquin","article_author":"https:\/\/www.facebook.com\/vinicio.jarquin","article_published_time":"2026-03-17T01:38:27+00:00","article_modified_time":"2026-03-17T02:46:36+00:00","og_image":[{"width":800,"height":800,"url":"https:\/\/viniciojarquin.com\/blog\/wp-content\/uploads\/2026\/03\/Cuando-intentar-entender-la-guerra.png","type":"image\/png"}],"author":"Vinicio Jarqu\u00edn","twitter_card":"summary_large_image","twitter_misc":{"Escrito por":"Vinicio Jarqu\u00edn","Tiempo de lectura":"4 minutos"},"schema":{"@context":"https:\/\/schema.org","@graph":[{"@type":"Article","@id":"https:\/\/viniciojarquin.com\/blog\/cuando-intentar-entender-la-guerra-se-vuelve-un-laberinto\/#article","isPartOf":{"@id":"https:\/\/viniciojarquin.com\/blog\/cuando-intentar-entender-la-guerra-se-vuelve-un-laberinto\/"},"author":{"name":"Vinicio Jarqu\u00edn","@id":"https:\/\/viniciojarquin.com\/blog\/#\/schema\/person\/90100c8845ae55462ec0657d3d2f8d3b"},"headline":"Cuando intentar entender la guerra se vuelve un laberinto","datePublished":"2026-03-17T01:38:27+00:00","dateModified":"2026-03-17T02:46:36+00:00","mainEntityOfPage":{"@id":"https:\/\/viniciojarquin.com\/blog\/cuando-intentar-entender-la-guerra-se-vuelve-un-laberinto\/"},"wordCount":655,"commentCount":0,"publisher":{"@id":"https:\/\/viniciojarquin.com\/blog\/#\/schema\/person\/90100c8845ae55462ec0657d3d2f8d3b"},"image":{"@id":"https:\/\/viniciojarquin.com\/blog\/cuando-intentar-entender-la-guerra-se-vuelve-un-laberinto\/#primaryimage"},"thumbnailUrl":"https:\/\/viniciojarquin.com\/blog\/wp-content\/uploads\/2026\/03\/Cuando-intentar-entender-la-guerra.png","articleSection":["Pol\u00edtica varios"],"inLanguage":"es","potentialAction":[{"@type":"CommentAction","name":"Comment","target":["https:\/\/viniciojarquin.com\/blog\/cuando-intentar-entender-la-guerra-se-vuelve-un-laberinto\/#respond"]}]},{"@type":"WebPage","@id":"https:\/\/viniciojarquin.com\/blog\/cuando-intentar-entender-la-guerra-se-vuelve-un-laberinto\/","url":"https:\/\/viniciojarquin.com\/blog\/cuando-intentar-entender-la-guerra-se-vuelve-un-laberinto\/","name":"Cuando intentar entender la guerra se vuelve un laberinto - MI BLOG","isPartOf":{"@id":"https:\/\/viniciojarquin.com\/blog\/#website"},"primaryImageOfPage":{"@id":"https:\/\/viniciojarquin.com\/blog\/cuando-intentar-entender-la-guerra-se-vuelve-un-laberinto\/#primaryimage"},"image":{"@id":"https:\/\/viniciojarquin.com\/blog\/cuando-intentar-entender-la-guerra-se-vuelve-un-laberinto\/#primaryimage"},"thumbnailUrl":"https:\/\/viniciojarquin.com\/blog\/wp-content\/uploads\/2026\/03\/Cuando-intentar-entender-la-guerra.png","datePublished":"2026-03-17T01:38:27+00:00","dateModified":"2026-03-17T02:46:36+00:00","breadcrumb":{"@id":"https:\/\/viniciojarquin.com\/blog\/cuando-intentar-entender-la-guerra-se-vuelve-un-laberinto\/#breadcrumb"},"inLanguage":"es","potentialAction":[{"@type":"ReadAction","target":["https:\/\/viniciojarquin.com\/blog\/cuando-intentar-entender-la-guerra-se-vuelve-un-laberinto\/"]}]},{"@type":"ImageObject","inLanguage":"es","@id":"https:\/\/viniciojarquin.com\/blog\/cuando-intentar-entender-la-guerra-se-vuelve-un-laberinto\/#primaryimage","url":"https:\/\/viniciojarquin.com\/blog\/wp-content\/uploads\/2026\/03\/Cuando-intentar-entender-la-guerra.png","contentUrl":"https:\/\/viniciojarquin.com\/blog\/wp-content\/uploads\/2026\/03\/Cuando-intentar-entender-la-guerra.png","width":800,"height":800},{"@type":"BreadcrumbList","@id":"https:\/\/viniciojarquin.com\/blog\/cuando-intentar-entender-la-guerra-se-vuelve-un-laberinto\/#breadcrumb","itemListElement":[{"@type":"ListItem","position":1,"name":"Portada","item":"https:\/\/viniciojarquin.com\/blog\/"},{"@type":"ListItem","position":2,"name":"Cuando intentar entender la guerra se vuelve un laberinto"}]},{"@type":"WebSite","@id":"https:\/\/viniciojarquin.com\/blog\/#website","url":"https:\/\/viniciojarquin.com\/blog\/","name":"Vinicio Jarqu\u00edn BLOG","description":"","publisher":{"@id":"https:\/\/viniciojarquin.com\/blog\/#\/schema\/person\/90100c8845ae55462ec0657d3d2f8d3b"},"potentialAction":[{"@type":"SearchAction","target":{"@type":"EntryPoint","urlTemplate":"https:\/\/viniciojarquin.com\/blog\/?s={search_term_string}"},"query-input":{"@type":"PropertyValueSpecification","valueRequired":true,"valueName":"search_term_string"}}],"inLanguage":"es"},{"@type":["Person","Organization"],"@id":"https:\/\/viniciojarquin.com\/blog\/#\/schema\/person\/90100c8845ae55462ec0657d3d2f8d3b","name":"Vinicio Jarqu\u00edn","image":{"@type":"ImageObject","inLanguage":"es","@id":"https:\/\/viniciojarquin.com\/blog\/#\/schema\/person\/image\/","url":"https:\/\/viniciojarquin.com\/blog\/wp-content\/uploads\/2024\/10\/Logo-VinicioJarquin-original-400.png","contentUrl":"https:\/\/viniciojarquin.com\/blog\/wp-content\/uploads\/2024\/10\/Logo-VinicioJarquin-original-400.png","width":400,"height":130,"caption":"Vinicio Jarqu\u00edn"},"logo":{"@id":"https:\/\/viniciojarquin.com\/blog\/#\/schema\/person\/image\/"},"description":"Empresario textil, artista pl\u00e1stico, escritor, coach de vida y fot\u00f3grafo.","sameAs":["https:\/\/viniciojarquin.com\/blog","https:\/\/www.facebook.com\/vinicio.jarquin","https:\/\/www.instagram.com\/vinicio_jarquin\/","https:\/\/www.pinterest.com\/vinnyjc\/","https:\/\/www.youtube.com\/@VinicioJarquin"],"url":"https:\/\/viniciojarquin.com\/blog\/author\/admin_s02au25i\/"}]}},"blog_post_layout_featured_media_urls":{"thumbnail":["https:\/\/viniciojarquin.com\/blog\/wp-content\/uploads\/2026\/03\/Cuando-intentar-entender-la-guerra-150x150.png",150,150,true],"full":["https:\/\/viniciojarquin.com\/blog\/wp-content\/uploads\/2026\/03\/Cuando-intentar-entender-la-guerra.png",800,800,false]},"categories_names":{"12":{"name":"Pol\u00edtica varios","link":"https:\/\/viniciojarquin.com\/blog\/category\/politica-o-gobierno\/"}},"tags_names":[],"comments_number":"0","_links":{"self":[{"href":"https:\/\/viniciojarquin.com\/blog\/wp-json\/wp\/v2\/posts\/3027","targetHints":{"allow":["GET"]}}],"collection":[{"href":"https:\/\/viniciojarquin.com\/blog\/wp-json\/wp\/v2\/posts"}],"about":[{"href":"https:\/\/viniciojarquin.com\/blog\/wp-json\/wp\/v2\/types\/post"}],"author":[{"embeddable":true,"href":"https:\/\/viniciojarquin.com\/blog\/wp-json\/wp\/v2\/users\/1"}],"replies":[{"embeddable":true,"href":"https:\/\/viniciojarquin.com\/blog\/wp-json\/wp\/v2\/comments?post=3027"}],"version-history":[{"count":2,"href":"https:\/\/viniciojarquin.com\/blog\/wp-json\/wp\/v2\/posts\/3027\/revisions"}],"predecessor-version":[{"id":3040,"href":"https:\/\/viniciojarquin.com\/blog\/wp-json\/wp\/v2\/posts\/3027\/revisions\/3040"}],"wp:featuredmedia":[{"embeddable":true,"href":"https:\/\/viniciojarquin.com\/blog\/wp-json\/wp\/v2\/media\/3039"}],"wp:attachment":[{"href":"https:\/\/viniciojarquin.com\/blog\/wp-json\/wp\/v2\/media?parent=3027"}],"wp:term":[{"taxonomy":"category","embeddable":true,"href":"https:\/\/viniciojarquin.com\/blog\/wp-json\/wp\/v2\/categories?post=3027"},{"taxonomy":"post_tag","embeddable":true,"href":"https:\/\/viniciojarquin.com\/blog\/wp-json\/wp\/v2\/tags?post=3027"}],"curies":[{"name":"wp","href":"https:\/\/api.w.org\/{rel}","templated":true}]}}