{"id":3031,"date":"2026-03-17T02:31:57","date_gmt":"2026-03-17T02:31:57","guid":{"rendered":"https:\/\/viniciojarquin.com\/blog\/?p=3031"},"modified":"2026-03-17T02:34:36","modified_gmt":"2026-03-17T02:34:36","slug":"fui-el-21-y-ahora-me-toca-ser-el-58","status":"publish","type":"post","link":"https:\/\/viniciojarquin.com\/blog\/fui-el-21-y-ahora-me-toca-ser-el-58\/","title":{"rendered":"Fui el 21 y ahora me toca ser el 58"},"content":{"rendered":"\n<figure class=\"wp-block-image size-full\"><img decoding=\"async\" width=\"800\" height=\"533\" data-src=\"https:\/\/viniciojarquin.com\/blog\/wp-content\/uploads\/2026\/03\/Del-21-al-58.png\" alt=\"\" class=\"wp-image-3034 lazyload\" data-srcset=\"https:\/\/viniciojarquin.com\/blog\/wp-content\/uploads\/2026\/03\/Del-21-al-58.png 800w, https:\/\/viniciojarquin.com\/blog\/wp-content\/uploads\/2026\/03\/Del-21-al-58-300x200.png 300w, https:\/\/viniciojarquin.com\/blog\/wp-content\/uploads\/2026\/03\/Del-21-al-58-768x512.png 768w\" data-sizes=\"(max-width: 800px) 100vw, 800px\" src=\"data:image\/svg+xml;base64,PHN2ZyB3aWR0aD0iMSIgaGVpZ2h0PSIxIiB4bWxucz0iaHR0cDovL3d3dy53My5vcmcvMjAwMC9zdmciPjwvc3ZnPg==\" style=\"--smush-placeholder-width: 800px; --smush-placeholder-aspect-ratio: 800\/533;\" \/><\/figure>\n\n\n\n<p>Durante la pasada campa\u00f1a electoral ocurri\u00f3 algo curioso, algo que no estaba en las papeletas, ni en las encuestas, ni en los debates oficiales. Mientras veinte candidatos recorr\u00edan el pa\u00eds pidiendo votos, yo decid\u00ed presentarme de otra manera. Me autoproclam\u00e9, medio en broma y medio en serio, como el candidato n\u00famero 21.<\/p>\n\n\n\n<p>No ten\u00eda partido pol\u00edtico. No ten\u00eda papeleta. No ped\u00eda votos. Pero s\u00ed ten\u00eda algo que me parec\u00eda importante defender: la democracia.<\/p>\n\n\n\n<p>As\u00ed que empec\u00e9 a decirlo con naturalidad: si hay veinte candidatos, entonces yo soy el veintiuno. El candidato de la democracia. No porque los dem\u00e1s no lo fueran \u2014muchos de ellos, sin duda, tambi\u00e9n lo eran\u2014 sino porque alguien ten\u00eda que recordarlo con claridad en medio de una campa\u00f1a que, por momentos, parec\u00eda olvidar por qu\u00e9 existe la democracia en primer lugar.<\/p>\n\n\n\n<p>Y como todo candidato, tambi\u00e9n hice campa\u00f1a. Habl\u00e9 con la gente, escrib\u00ed art\u00edculos, publiqu\u00e9 reflexiones, convers\u00e9 en redes sociales, me reun\u00ed con ciudadanos y trat\u00e9 de mantener viva una idea sencilla: que la democracia no es solamente un sistema pol\u00edtico, sino una responsabilidad cotidiana de quienes vivimos dentro de ella.<\/p>\n\n\n\n<p>Incluso tuve mi propio cierre de campa\u00f1a.<\/p>\n\n\n\n<p>Lo hicimos en la Fiesta de Blanco, rodeados de gente tranquila, m\u00fasica, conversaci\u00f3n y ese ambiente que a veces aparece cuando la pol\u00edtica deja de ser un campo de batalla y vuelve a ser un espacio humano donde las personas se encuentran. No hubo tarimas gigantes ni promesas imposibles. Hubo algo m\u00e1s sencillo: ciudadanos hablando de su pa\u00eds.<\/p>\n\n\n\n<p>Tambi\u00e9n fui a Cartago a conversar con personas que quer\u00edan reflexionar sobre el momento que estaba viviendo Costa Rica. Curiosamente, cuando llegaron los resultados electorales, ocurri\u00f3 algo que me llam\u00f3 la atenci\u00f3n. Cartago vot\u00f3 por la democracia. Y dentro de Cartago, dos lugares muy concretos parec\u00edan confirmarlo con especial claridad: Pacayas y Capellades.<\/p>\n\n\n\n<p>Aquellas comunidades, con su forma tranquila y directa de ver la vida, reflejaron en las urnas algo que muchos hab\u00edamos estado conversando durante esos d\u00edas: que m\u00e1s all\u00e1 de los nombres, de las banderas y de las campa\u00f1as, lo que estaba en juego era la forma en que quer\u00edamos convivir como pa\u00eds.<\/p>\n\n\n\n<p>Por eso, aunque nadie vot\u00f3 por m\u00ed, puedo decir \u2014al menos con una sonrisa\u2014 que yo gan\u00e9 en Cartago.<\/p>\n\n\n\n<p>Durante esos meses ocurri\u00f3 adem\u00e1s algo interesante en el mundo digital. Si se sumaban las interacciones de los veinte candidatos juntos en seis redes sociales diferentes, el total rondaba las 550 mil interacciones. Mientras tanto, solo en Facebook, mis publicaciones acumulaban cerca de 920 mil interacciones.<\/p>\n\n\n\n<p>Aquello significaba que ese \u201ccandidato n\u00famero 21\u201d estaba siendo le\u00eddo \u2014o por lo menos visto\u2014 casi el doble que todos los candidatos juntos.<\/p>\n\n\n\n<p>Era, por supuesto, una comparaci\u00f3n curiosa, m\u00e1s simb\u00f3lica que electoral, pero serv\u00eda para ilustrar algo importante: que la conversaci\u00f3n ciudadana tambi\u00e9n estaba ocurriendo fuera de las estructuras tradicionales de la pol\u00edtica.<\/p>\n\n\n\n<p>Al finalizar la campa\u00f1a, la candidata ganadora obtuvo cerca de 1.200.000 votos, el segundo lugar alrededor de 800.000, y yo hab\u00eda tenido aproximadamente 675.000 lectores. Un n\u00famero que, en mi imaginaci\u00f3n \u2014y solo en mi imaginaci\u00f3n\u2014 me convert\u00eda en la tercera fuerza pol\u00edtica \/ no pol\u00edtica de Costa Rica.<\/p>\n\n\n\n<p>Era una forma provocadora de decir algo m\u00e1s profundo: que en una democracia no solo participan los pol\u00edticos. Tambi\u00e9n participan los ciudadanos que piensan, escriben, conversan, cuestionan y tratan de cuidar el clima democr\u00e1tico del pa\u00eds.<\/p>\n\n\n\n<p>Durante un tiempo, ese fue mi papel: el del candidato sin candidatura. Pero las campa\u00f1as terminan. Las papeletas se guardan. Los gobiernos cambian. Y ahora siento que mi papel tambi\u00e9n podr\u00eda cambiar. Porque si durante la campa\u00f1a fui el 21, ahora me pregunto si me toca ser el 58. El diputado n\u00famero 58<\/p>\n\n\n\n<p>Costa Rica tiene 57 diputados en la Asamblea Legislativa. Son quienes ocupan oficialmente las curules, presentan proyectos, debaten leyes y toman decisiones que afectan la vida del pa\u00eds.<\/p>\n\n\n\n<p>Yo no soy uno de ellos, ni pretendo serlo. No tengo partido, no tengo curul y no tengo voto legislativo. Pero s\u00ed podr\u00eda ocupar otro lugar. El lugar simb\u00f3lico del diputado n\u00famero 58.<\/p>\n\n\n\n<p>Un diputado que no legisla desde un escritorio en Cuesta de Moras, sino desde la ciudadan\u00eda. Un diputado que no llega a la Asamblea por una papeleta, sino por la responsabilidad personal de participar en la conversaci\u00f3n p\u00fablica.<\/p>\n\n\n\n<p>El diputado 58 no tiene fracci\u00f3n, no tiene asesores pagados y no tiene carro oficial. Pero s\u00ed tiene algo que muchas veces hace falta en la pol\u00edtica: libertad para decir lo que piensa sin tener que calcular votos, alianzas o conveniencias partidarias.<\/p>\n\n\n\n<p>Desde ese lugar imaginario el trabajo es sencillo: observar, pensar y explicar.<\/p>\n\n\n\n<p>Mientras los 57 diputados discuten proyectos de ley, negocian acuerdos y toman decisiones dentro del sistema pol\u00edtico, el diputado 58 cumple otra funci\u00f3n: ayudar a la ciudadan\u00eda a entender lo que est\u00e1 pasando.<\/p>\n\n\n\n<p>A veces eso significa explicar un tema complicado con palabras sencillas. A veces significa recordar por qu\u00e9 existen las instituciones. A veces significa se\u00f1alar cuando algo parece no estar funcionando bien. Y otras veces simplemente significa invitar a bajar el tono de la conversaci\u00f3n y volver a hablar como pa\u00eds.<\/p>\n\n\n\n<p>El diputado 58 no vota leyes, pero puede ayudar a formar criterio. No firma proyectos, pero puede poner preguntas sobre la mesa. No dirige comisiones, pero puede acompa\u00f1ar a los ciudadanos que quieren entender mejor lo que ocurre dentro de la pol\u00edtica.<\/p>\n\n\n\n<p>Y sobre todo, el diputado 58 tiene una tarea que no siempre aparece en el reglamento legislativo: cuidar el clima democr\u00e1tico.<\/p>\n\n\n\n<p>Porque las democracias no se sostienen \u00fanicamente con leyes. Tambi\u00e9n se sostienen con conversaciones sanas, con pensamiento cr\u00edtico y con ciudadanos que deciden no dejar la pol\u00edtica exclusivamente en manos de los pol\u00edticos. Pero un movimiento no se sigue: se construye<\/p>\n\n\n\n<p>Ahora quiero hacerte una pregunta directa.<\/p>\n\n\n\n<p>Si durante la campa\u00f1a fui \u2014al menos en mi imaginaci\u00f3n\u2014 el 21, \u00bfcrees que podr\u00eda convertirme tambi\u00e9n en el 58?<\/p>\n\n\n\n<p>No desde una curul. No desde un partido. Sino desde aqu\u00ed: desde mi escritorio, desde mis letras, desde los videos, desde la radio, desde YouTube, desde las conversaciones que hemos ido construyendo juntos.<\/p>\n\n\n\n<p>\u00bfCrees que desde ese lugar se puede aportar? Y si crees que s\u00ed, entonces hay algo importante que decir con claridad. Esto no puede ser solamente una persona escribiendo. Un movimiento no se construye siguiendo a alguien. Se construye participando.<\/p>\n\n\n\n<p>Apoyar no significa dar palmaditas en la espalda. Significa estar presente. Leer los art\u00edculos. Entrar a la radio. Escuchar las reflexiones. Compartir cuando algo hace sentido. Conversar con otros. Aportar ideas. Hacer sentir que la ciudadan\u00eda est\u00e1 viva y que existe un compromiso real con la democracia.<\/p>\n\n\n\n<p>Porque si esta idea del diputado n\u00famero 58 va a existir, no puede existir solo en mi cabeza. Tiene que existir tambi\u00e9n en la comunidad que la acompa\u00f1a. Y si ese apoyo no aparece, tampoco pasa nada.<\/p>\n\n\n\n<p>Entonces me quedar\u00e9 tranquilamente en el 21, como aquel candidato simb\u00f3lico que apareci\u00f3 durante la campa\u00f1a electoral y que simplemente quiso aportar algo al pa\u00eds.<\/p>\n\n\n\n<p>Pero si crees que esto es posible\u2026 entonces tal vez podamos caminar juntos hacia el 58.<\/p>\n\n\n\n<p>Un abrazo a todos.<\/p>\n","protected":false},"excerpt":{"rendered":"<p>Durante la pasada campa\u00f1a electoral ocurri\u00f3 algo curioso, algo que no estaba en las papeletas, ni en las encuestas, ni [&hellip;]<\/p>\n","protected":false},"author":1,"featured_media":3034,"comment_status":"open","ping_status":"open","sticky":false,"template":"","format":"standard","meta":{"site-sidebar-layout":"default","site-content-layout":"","ast-site-content-layout":"","site-content-style":"default","site-sidebar-style":"default","ast-global-header-display":"","ast-banner-title-visibility":"","ast-main-header-display":"","ast-hfb-above-header-display":"","ast-hfb-below-header-display":"","ast-hfb-mobile-header-display":"","site-post-title":"","ast-breadcrumbs-content":"","ast-featured-img":"","footer-sml-layout":"","theme-transparent-header-meta":"","adv-header-id-meta":"","stick-header-meta":"","header-above-stick-meta":"","header-main-stick-meta":"","header-below-stick-meta":"","astra-migrate-meta-layouts":"default","ast-page-background-enabled":"default","ast-page-background-meta":{"desktop":{"background-color":"var(--ast-global-color-5)","background-image":"","background-repeat":"repeat","background-position":"center center","background-size":"auto","background-attachment":"scroll","background-type":"","background-media":"","overlay-type":"","overlay-color":"","overlay-opacity":"","overlay-gradient":""},"tablet":{"background-color":"","background-image":"","background-repeat":"repeat","background-position":"center center","background-size":"auto","background-attachment":"scroll","background-type":"","background-media":"","overlay-type":"","overlay-color":"","overlay-opacity":"","overlay-gradient":""},"mobile":{"background-color":"","background-image":"","background-repeat":"repeat","background-position":"center center","background-size":"auto","background-attachment":"scroll","background-type":"","background-media":"","overlay-type":"","overlay-color":"","overlay-opacity":"","overlay-gradient":""}},"ast-content-background-meta":{"desktop":{"background-color":"var(--ast-global-color-4)","background-image":"","background-repeat":"repeat","background-position":"center center","background-size":"auto","background-attachment":"scroll","background-type":"","background-media":"","overlay-type":"","overlay-color":"","overlay-opacity":"","overlay-gradient":""},"tablet":{"background-color":"var(--ast-global-color-4)","background-image":"","background-repeat":"repeat","background-position":"center center","background-size":"auto","background-attachment":"scroll","background-type":"","background-media":"","overlay-type":"","overlay-color":"","overlay-opacity":"","overlay-gradient":""},"mobile":{"background-color":"var(--ast-global-color-4)","background-image":"","background-repeat":"repeat","background-position":"center center","background-size":"auto","background-attachment":"scroll","background-type":"","background-media":"","overlay-type":"","overlay-color":"","overlay-opacity":"","overlay-gradient":""}},"footnotes":""},"categories":[12],"tags":[],"class_list":["post-3031","post","type-post","status-publish","format-standard","has-post-thumbnail","hentry","category-politica-o-gobierno"],"yoast_head":"<!-- This site is optimized with the Yoast SEO plugin v26.0 - https:\/\/yoast.com\/wordpress\/plugins\/seo\/ -->\n<title>Fui el 21 y ahora me toca ser el 58 - MI BLOG<\/title>\n<meta name=\"robots\" content=\"index, follow, max-snippet:-1, max-image-preview:large, max-video-preview:-1\" \/>\n<link rel=\"canonical\" href=\"https:\/\/viniciojarquin.com\/blog\/fui-el-21-y-ahora-me-toca-ser-el-58\/\" \/>\n<meta property=\"og:locale\" content=\"es_ES\" \/>\n<meta property=\"og:type\" content=\"article\" \/>\n<meta property=\"og:title\" content=\"Fui el 21 y ahora me toca ser el 58 - MI BLOG\" \/>\n<meta property=\"og:description\" content=\"Durante la pasada campa\u00f1a electoral ocurri\u00f3 algo curioso, algo que no estaba en las papeletas, ni en las encuestas, ni [&hellip;]\" \/>\n<meta property=\"og:url\" content=\"https:\/\/viniciojarquin.com\/blog\/fui-el-21-y-ahora-me-toca-ser-el-58\/\" \/>\n<meta property=\"og:site_name\" content=\"MI BLOG\" \/>\n<meta property=\"article:publisher\" content=\"https:\/\/www.facebook.com\/vinicio.jarquin\" \/>\n<meta property=\"article:author\" content=\"https:\/\/www.facebook.com\/vinicio.jarquin\" \/>\n<meta property=\"article:published_time\" content=\"2026-03-17T02:31:57+00:00\" \/>\n<meta property=\"article:modified_time\" content=\"2026-03-17T02:34:36+00:00\" \/>\n<meta property=\"og:image\" content=\"https:\/\/viniciojarquin.com\/blog\/wp-content\/uploads\/2026\/03\/Del-21-al-58.png\" \/>\n\t<meta property=\"og:image:width\" content=\"800\" \/>\n\t<meta property=\"og:image:height\" content=\"533\" \/>\n\t<meta property=\"og:image:type\" content=\"image\/png\" \/>\n<meta name=\"author\" content=\"Vinicio Jarqu\u00edn\" \/>\n<meta name=\"twitter:card\" content=\"summary_large_image\" \/>\n<meta name=\"twitter:label1\" content=\"Escrito por\" \/>\n\t<meta name=\"twitter:data1\" content=\"Vinicio Jarqu\u00edn\" \/>\n\t<meta name=\"twitter:label2\" content=\"Tiempo de lectura\" \/>\n\t<meta name=\"twitter:data2\" content=\"6 minutos\" \/>\n<script type=\"application\/ld+json\" class=\"yoast-schema-graph\">{\"@context\":\"https:\/\/schema.org\",\"@graph\":[{\"@type\":\"Article\",\"@id\":\"https:\/\/viniciojarquin.com\/blog\/fui-el-21-y-ahora-me-toca-ser-el-58\/#article\",\"isPartOf\":{\"@id\":\"https:\/\/viniciojarquin.com\/blog\/fui-el-21-y-ahora-me-toca-ser-el-58\/\"},\"author\":{\"name\":\"Vinicio Jarqu\u00edn\",\"@id\":\"https:\/\/viniciojarquin.com\/blog\/#\/schema\/person\/90100c8845ae55462ec0657d3d2f8d3b\"},\"headline\":\"Fui el 21 y ahora me toca ser el 58\",\"datePublished\":\"2026-03-17T02:31:57+00:00\",\"dateModified\":\"2026-03-17T02:34:36+00:00\",\"mainEntityOfPage\":{\"@id\":\"https:\/\/viniciojarquin.com\/blog\/fui-el-21-y-ahora-me-toca-ser-el-58\/\"},\"wordCount\":1262,\"commentCount\":0,\"publisher\":{\"@id\":\"https:\/\/viniciojarquin.com\/blog\/#\/schema\/person\/90100c8845ae55462ec0657d3d2f8d3b\"},\"image\":{\"@id\":\"https:\/\/viniciojarquin.com\/blog\/fui-el-21-y-ahora-me-toca-ser-el-58\/#primaryimage\"},\"thumbnailUrl\":\"https:\/\/viniciojarquin.com\/blog\/wp-content\/uploads\/2026\/03\/Del-21-al-58.png\",\"articleSection\":[\"Pol\u00edtica varios\"],\"inLanguage\":\"es\",\"potentialAction\":[{\"@type\":\"CommentAction\",\"name\":\"Comment\",\"target\":[\"https:\/\/viniciojarquin.com\/blog\/fui-el-21-y-ahora-me-toca-ser-el-58\/#respond\"]}]},{\"@type\":\"WebPage\",\"@id\":\"https:\/\/viniciojarquin.com\/blog\/fui-el-21-y-ahora-me-toca-ser-el-58\/\",\"url\":\"https:\/\/viniciojarquin.com\/blog\/fui-el-21-y-ahora-me-toca-ser-el-58\/\",\"name\":\"Fui el 21 y ahora me toca ser el 58 - MI BLOG\",\"isPartOf\":{\"@id\":\"https:\/\/viniciojarquin.com\/blog\/#website\"},\"primaryImageOfPage\":{\"@id\":\"https:\/\/viniciojarquin.com\/blog\/fui-el-21-y-ahora-me-toca-ser-el-58\/#primaryimage\"},\"image\":{\"@id\":\"https:\/\/viniciojarquin.com\/blog\/fui-el-21-y-ahora-me-toca-ser-el-58\/#primaryimage\"},\"thumbnailUrl\":\"https:\/\/viniciojarquin.com\/blog\/wp-content\/uploads\/2026\/03\/Del-21-al-58.png\",\"datePublished\":\"2026-03-17T02:31:57+00:00\",\"dateModified\":\"2026-03-17T02:34:36+00:00\",\"breadcrumb\":{\"@id\":\"https:\/\/viniciojarquin.com\/blog\/fui-el-21-y-ahora-me-toca-ser-el-58\/#breadcrumb\"},\"inLanguage\":\"es\",\"potentialAction\":[{\"@type\":\"ReadAction\",\"target\":[\"https:\/\/viniciojarquin.com\/blog\/fui-el-21-y-ahora-me-toca-ser-el-58\/\"]}]},{\"@type\":\"ImageObject\",\"inLanguage\":\"es\",\"@id\":\"https:\/\/viniciojarquin.com\/blog\/fui-el-21-y-ahora-me-toca-ser-el-58\/#primaryimage\",\"url\":\"https:\/\/viniciojarquin.com\/blog\/wp-content\/uploads\/2026\/03\/Del-21-al-58.png\",\"contentUrl\":\"https:\/\/viniciojarquin.com\/blog\/wp-content\/uploads\/2026\/03\/Del-21-al-58.png\",\"width\":800,\"height\":533},{\"@type\":\"BreadcrumbList\",\"@id\":\"https:\/\/viniciojarquin.com\/blog\/fui-el-21-y-ahora-me-toca-ser-el-58\/#breadcrumb\",\"itemListElement\":[{\"@type\":\"ListItem\",\"position\":1,\"name\":\"Portada\",\"item\":\"https:\/\/viniciojarquin.com\/blog\/\"},{\"@type\":\"ListItem\",\"position\":2,\"name\":\"Fui el 21 y ahora me toca ser el 58\"}]},{\"@type\":\"WebSite\",\"@id\":\"https:\/\/viniciojarquin.com\/blog\/#website\",\"url\":\"https:\/\/viniciojarquin.com\/blog\/\",\"name\":\"Vinicio Jarqu\u00edn BLOG\",\"description\":\"\",\"publisher\":{\"@id\":\"https:\/\/viniciojarquin.com\/blog\/#\/schema\/person\/90100c8845ae55462ec0657d3d2f8d3b\"},\"potentialAction\":[{\"@type\":\"SearchAction\",\"target\":{\"@type\":\"EntryPoint\",\"urlTemplate\":\"https:\/\/viniciojarquin.com\/blog\/?s={search_term_string}\"},\"query-input\":{\"@type\":\"PropertyValueSpecification\",\"valueRequired\":true,\"valueName\":\"search_term_string\"}}],\"inLanguage\":\"es\"},{\"@type\":[\"Person\",\"Organization\"],\"@id\":\"https:\/\/viniciojarquin.com\/blog\/#\/schema\/person\/90100c8845ae55462ec0657d3d2f8d3b\",\"name\":\"Vinicio Jarqu\u00edn\",\"image\":{\"@type\":\"ImageObject\",\"inLanguage\":\"es\",\"@id\":\"https:\/\/viniciojarquin.com\/blog\/#\/schema\/person\/image\/\",\"url\":\"https:\/\/viniciojarquin.com\/blog\/wp-content\/uploads\/2024\/10\/Logo-VinicioJarquin-original-400.png\",\"contentUrl\":\"https:\/\/viniciojarquin.com\/blog\/wp-content\/uploads\/2024\/10\/Logo-VinicioJarquin-original-400.png\",\"width\":400,\"height\":130,\"caption\":\"Vinicio Jarqu\u00edn\"},\"logo\":{\"@id\":\"https:\/\/viniciojarquin.com\/blog\/#\/schema\/person\/image\/\"},\"description\":\"Empresario textil, artista pl\u00e1stico, escritor, coach de vida y fot\u00f3grafo.\",\"sameAs\":[\"https:\/\/viniciojarquin.com\/blog\",\"https:\/\/www.facebook.com\/vinicio.jarquin\",\"https:\/\/www.instagram.com\/vinicio_jarquin\/\",\"https:\/\/www.pinterest.com\/vinnyjc\/\",\"https:\/\/www.youtube.com\/@VinicioJarquin\"],\"url\":\"https:\/\/viniciojarquin.com\/blog\/author\/admin_s02au25i\/\"}]}<\/script>\n<!-- \/ Yoast SEO plugin. -->","yoast_head_json":{"title":"Fui el 21 y ahora me toca ser el 58 - MI BLOG","robots":{"index":"index","follow":"follow","max-snippet":"max-snippet:-1","max-image-preview":"max-image-preview:large","max-video-preview":"max-video-preview:-1"},"canonical":"https:\/\/viniciojarquin.com\/blog\/fui-el-21-y-ahora-me-toca-ser-el-58\/","og_locale":"es_ES","og_type":"article","og_title":"Fui el 21 y ahora me toca ser el 58 - MI BLOG","og_description":"Durante la pasada campa\u00f1a electoral ocurri\u00f3 algo curioso, algo que no estaba en las papeletas, ni en las encuestas, ni [&hellip;]","og_url":"https:\/\/viniciojarquin.com\/blog\/fui-el-21-y-ahora-me-toca-ser-el-58\/","og_site_name":"MI BLOG","article_publisher":"https:\/\/www.facebook.com\/vinicio.jarquin","article_author":"https:\/\/www.facebook.com\/vinicio.jarquin","article_published_time":"2026-03-17T02:31:57+00:00","article_modified_time":"2026-03-17T02:34:36+00:00","og_image":[{"width":800,"height":533,"url":"https:\/\/viniciojarquin.com\/blog\/wp-content\/uploads\/2026\/03\/Del-21-al-58.png","type":"image\/png"}],"author":"Vinicio Jarqu\u00edn","twitter_card":"summary_large_image","twitter_misc":{"Escrito por":"Vinicio Jarqu\u00edn","Tiempo de lectura":"6 minutos"},"schema":{"@context":"https:\/\/schema.org","@graph":[{"@type":"Article","@id":"https:\/\/viniciojarquin.com\/blog\/fui-el-21-y-ahora-me-toca-ser-el-58\/#article","isPartOf":{"@id":"https:\/\/viniciojarquin.com\/blog\/fui-el-21-y-ahora-me-toca-ser-el-58\/"},"author":{"name":"Vinicio Jarqu\u00edn","@id":"https:\/\/viniciojarquin.com\/blog\/#\/schema\/person\/90100c8845ae55462ec0657d3d2f8d3b"},"headline":"Fui el 21 y ahora me toca ser el 58","datePublished":"2026-03-17T02:31:57+00:00","dateModified":"2026-03-17T02:34:36+00:00","mainEntityOfPage":{"@id":"https:\/\/viniciojarquin.com\/blog\/fui-el-21-y-ahora-me-toca-ser-el-58\/"},"wordCount":1262,"commentCount":0,"publisher":{"@id":"https:\/\/viniciojarquin.com\/blog\/#\/schema\/person\/90100c8845ae55462ec0657d3d2f8d3b"},"image":{"@id":"https:\/\/viniciojarquin.com\/blog\/fui-el-21-y-ahora-me-toca-ser-el-58\/#primaryimage"},"thumbnailUrl":"https:\/\/viniciojarquin.com\/blog\/wp-content\/uploads\/2026\/03\/Del-21-al-58.png","articleSection":["Pol\u00edtica varios"],"inLanguage":"es","potentialAction":[{"@type":"CommentAction","name":"Comment","target":["https:\/\/viniciojarquin.com\/blog\/fui-el-21-y-ahora-me-toca-ser-el-58\/#respond"]}]},{"@type":"WebPage","@id":"https:\/\/viniciojarquin.com\/blog\/fui-el-21-y-ahora-me-toca-ser-el-58\/","url":"https:\/\/viniciojarquin.com\/blog\/fui-el-21-y-ahora-me-toca-ser-el-58\/","name":"Fui el 21 y ahora me toca ser el 58 - MI BLOG","isPartOf":{"@id":"https:\/\/viniciojarquin.com\/blog\/#website"},"primaryImageOfPage":{"@id":"https:\/\/viniciojarquin.com\/blog\/fui-el-21-y-ahora-me-toca-ser-el-58\/#primaryimage"},"image":{"@id":"https:\/\/viniciojarquin.com\/blog\/fui-el-21-y-ahora-me-toca-ser-el-58\/#primaryimage"},"thumbnailUrl":"https:\/\/viniciojarquin.com\/blog\/wp-content\/uploads\/2026\/03\/Del-21-al-58.png","datePublished":"2026-03-17T02:31:57+00:00","dateModified":"2026-03-17T02:34:36+00:00","breadcrumb":{"@id":"https:\/\/viniciojarquin.com\/blog\/fui-el-21-y-ahora-me-toca-ser-el-58\/#breadcrumb"},"inLanguage":"es","potentialAction":[{"@type":"ReadAction","target":["https:\/\/viniciojarquin.com\/blog\/fui-el-21-y-ahora-me-toca-ser-el-58\/"]}]},{"@type":"ImageObject","inLanguage":"es","@id":"https:\/\/viniciojarquin.com\/blog\/fui-el-21-y-ahora-me-toca-ser-el-58\/#primaryimage","url":"https:\/\/viniciojarquin.com\/blog\/wp-content\/uploads\/2026\/03\/Del-21-al-58.png","contentUrl":"https:\/\/viniciojarquin.com\/blog\/wp-content\/uploads\/2026\/03\/Del-21-al-58.png","width":800,"height":533},{"@type":"BreadcrumbList","@id":"https:\/\/viniciojarquin.com\/blog\/fui-el-21-y-ahora-me-toca-ser-el-58\/#breadcrumb","itemListElement":[{"@type":"ListItem","position":1,"name":"Portada","item":"https:\/\/viniciojarquin.com\/blog\/"},{"@type":"ListItem","position":2,"name":"Fui el 21 y ahora me toca ser el 58"}]},{"@type":"WebSite","@id":"https:\/\/viniciojarquin.com\/blog\/#website","url":"https:\/\/viniciojarquin.com\/blog\/","name":"Vinicio Jarqu\u00edn BLOG","description":"","publisher":{"@id":"https:\/\/viniciojarquin.com\/blog\/#\/schema\/person\/90100c8845ae55462ec0657d3d2f8d3b"},"potentialAction":[{"@type":"SearchAction","target":{"@type":"EntryPoint","urlTemplate":"https:\/\/viniciojarquin.com\/blog\/?s={search_term_string}"},"query-input":{"@type":"PropertyValueSpecification","valueRequired":true,"valueName":"search_term_string"}}],"inLanguage":"es"},{"@type":["Person","Organization"],"@id":"https:\/\/viniciojarquin.com\/blog\/#\/schema\/person\/90100c8845ae55462ec0657d3d2f8d3b","name":"Vinicio Jarqu\u00edn","image":{"@type":"ImageObject","inLanguage":"es","@id":"https:\/\/viniciojarquin.com\/blog\/#\/schema\/person\/image\/","url":"https:\/\/viniciojarquin.com\/blog\/wp-content\/uploads\/2024\/10\/Logo-VinicioJarquin-original-400.png","contentUrl":"https:\/\/viniciojarquin.com\/blog\/wp-content\/uploads\/2024\/10\/Logo-VinicioJarquin-original-400.png","width":400,"height":130,"caption":"Vinicio Jarqu\u00edn"},"logo":{"@id":"https:\/\/viniciojarquin.com\/blog\/#\/schema\/person\/image\/"},"description":"Empresario textil, artista pl\u00e1stico, escritor, coach de vida y fot\u00f3grafo.","sameAs":["https:\/\/viniciojarquin.com\/blog","https:\/\/www.facebook.com\/vinicio.jarquin","https:\/\/www.instagram.com\/vinicio_jarquin\/","https:\/\/www.pinterest.com\/vinnyjc\/","https:\/\/www.youtube.com\/@VinicioJarquin"],"url":"https:\/\/viniciojarquin.com\/blog\/author\/admin_s02au25i\/"}]}},"blog_post_layout_featured_media_urls":{"thumbnail":["https:\/\/viniciojarquin.com\/blog\/wp-content\/uploads\/2026\/03\/Del-21-al-58-150x150.png",150,150,true],"full":["https:\/\/viniciojarquin.com\/blog\/wp-content\/uploads\/2026\/03\/Del-21-al-58.png",800,533,false]},"categories_names":{"12":{"name":"Pol\u00edtica varios","link":"https:\/\/viniciojarquin.com\/blog\/category\/politica-o-gobierno\/"}},"tags_names":[],"comments_number":"0","_links":{"self":[{"href":"https:\/\/viniciojarquin.com\/blog\/wp-json\/wp\/v2\/posts\/3031","targetHints":{"allow":["GET"]}}],"collection":[{"href":"https:\/\/viniciojarquin.com\/blog\/wp-json\/wp\/v2\/posts"}],"about":[{"href":"https:\/\/viniciojarquin.com\/blog\/wp-json\/wp\/v2\/types\/post"}],"author":[{"embeddable":true,"href":"https:\/\/viniciojarquin.com\/blog\/wp-json\/wp\/v2\/users\/1"}],"replies":[{"embeddable":true,"href":"https:\/\/viniciojarquin.com\/blog\/wp-json\/wp\/v2\/comments?post=3031"}],"version-history":[{"count":3,"href":"https:\/\/viniciojarquin.com\/blog\/wp-json\/wp\/v2\/posts\/3031\/revisions"}],"predecessor-version":[{"id":3036,"href":"https:\/\/viniciojarquin.com\/blog\/wp-json\/wp\/v2\/posts\/3031\/revisions\/3036"}],"wp:featuredmedia":[{"embeddable":true,"href":"https:\/\/viniciojarquin.com\/blog\/wp-json\/wp\/v2\/media\/3034"}],"wp:attachment":[{"href":"https:\/\/viniciojarquin.com\/blog\/wp-json\/wp\/v2\/media?parent=3031"}],"wp:term":[{"taxonomy":"category","embeddable":true,"href":"https:\/\/viniciojarquin.com\/blog\/wp-json\/wp\/v2\/categories?post=3031"},{"taxonomy":"post_tag","embeddable":true,"href":"https:\/\/viniciojarquin.com\/blog\/wp-json\/wp\/v2\/tags?post=3031"}],"curies":[{"name":"wp","href":"https:\/\/api.w.org\/{rel}","templated":true}]}}