{"id":3047,"date":"2026-03-18T06:09:23","date_gmt":"2026-03-18T06:09:23","guid":{"rendered":"https:\/\/viniciojarquin.com\/blog\/?p=3047"},"modified":"2026-03-18T06:11:45","modified_gmt":"2026-03-18T06:11:45","slug":"seguir-aqui-tambien-es-una-forma-de-hablar","status":"publish","type":"post","link":"https:\/\/viniciojarquin.com\/blog\/seguir-aqui-tambien-es-una-forma-de-hablar\/","title":{"rendered":"Seguir aqu\u00ed tambi\u00e9n es una forma de hablar"},"content":{"rendered":"\n<figure class=\"wp-block-image size-full\"><img decoding=\"async\" width=\"800\" height=\"265\" data-src=\"https:\/\/viniciojarquin.com\/blog\/wp-content\/uploads\/2026\/03\/Logo-acuarela-sombras-copia.png\" alt=\"\" class=\"wp-image-3051 lazyload\" data-srcset=\"https:\/\/viniciojarquin.com\/blog\/wp-content\/uploads\/2026\/03\/Logo-acuarela-sombras-copia.png 800w, https:\/\/viniciojarquin.com\/blog\/wp-content\/uploads\/2026\/03\/Logo-acuarela-sombras-copia-300x99.png 300w, https:\/\/viniciojarquin.com\/blog\/wp-content\/uploads\/2026\/03\/Logo-acuarela-sombras-copia-768x254.png 768w\" data-sizes=\"(max-width: 800px) 100vw, 800px\" src=\"data:image\/svg+xml;base64,PHN2ZyB3aWR0aD0iMSIgaGVpZ2h0PSIxIiB4bWxucz0iaHR0cDovL3d3dy53My5vcmcvMjAwMC9zdmciPjwvc3ZnPg==\" style=\"--smush-placeholder-width: 800px; --smush-placeholder-aspect-ratio: 800\/265;\" \/><\/figure>\n\n\n\n<p>En medio de algunas interpretaciones recientes \u2014no siempre amables\u2014 sobre este movimiento, siento necesario compartir esto desde la claridad y la paz.<\/p>\n\n\n\n<p>La historia siempre termina mostrando algo que no se puede ocultar: qui\u00e9nes se quedan cuando las cosas se ponen dif\u00edciles\u2026 y qui\u00e9nes, cuando el viento cambia, toman distancia y luego reinterpretan lo que otros hacen.<\/p>\n\n\n\n<p>No todos reaccionan igual ante la adversidad. Algunos sostienen su posici\u00f3n con coherencia, incluso cuando el resultado no les favorece. Otros cambian el tono, el lugar o el discurso\u2026 y desde ah\u00ed intentan explicar lo que no construyeron.<\/p>\n\n\n\n<p>Yo sigo aqu\u00ed.<\/p>\n\n\n\n<p>Desde el inicio, mi posici\u00f3n fue clara. No fue un secreto para nadie. Estuve en contra del continuismo, s\u00ed, pero desde mi derecho como costarricense, sin ataques, sin ofensas, sin descalificar a quienes pensaban distinto. Eleg\u00ed un mensaje de apaciguamiento cuando lo m\u00e1s f\u00e1cil era polarizar.<\/p>\n\n\n\n<p>Perdimos. As\u00ed funciona la democracia. Y la respeto.<\/p>\n\n\n\n<p>Hoy me pongo a disposici\u00f3n como ciudadano, porque mi compromiso no era con un resultado, era con una forma de hacer las cosas. Si desde la ciudadan\u00eda puedo aportar, incluso colaborando con quienes hoy lideran, lo har\u00e9. Sin contradicci\u00f3n. Sin doble discurso.<\/p>\n\n\n\n<p>No me vend\u00ed. Nunca lo hice.<\/p>\n\n\n\n<p>Y tampoco tengo que justificar lo que ha sido transparente desde el inicio. Este movimiento se ha sostenido con mis propios recursos y con el apoyo voluntario de quienes creen en esto. No hay nada oculto. No hay nada negociado. No hay adhesiones compradas ni compromisos escondidos.<\/p>\n\n\n\n<p>Y aun as\u00ed, con o sin apoyo, esto contin\u00faa. Porque no es un negocio. Es una convicci\u00f3n.<\/p>\n\n\n\n<p>Tal vez yo tenga menos seguidores que algunos. Pero hay algo importante que decir con claridad: yo no soy un influencer. Yo dirijo un movimiento.<\/p>\n\n\n\n<p>Y eso implica una responsabilidad distinta. Implica sostener una l\u00ednea, una coherencia, una forma de comunicarse que no cambia seg\u00fan el momento ni seg\u00fan a qui\u00e9n se tenga enfrente.<\/p>\n\n\n\n<p>Yo no tuve que esconderme. No tuve que moverme de lugar. No tuve que adaptarme a nuevas circunstancias para sostener un discurso. Porque nunca me vend\u00ed a nadie, ni a un lado ni a otro.<\/p>\n\n\n\n<p>Y tambi\u00e9n hay algo m\u00e1s que para m\u00ed es fundamental: ninguna de las personas que me sigue lo hace por morbo, por esc\u00e1ndalo o por vulgaridad. Nunca fue necesario recurrir a eso. Nunca us\u00e9 una mala palabra para crecer, ni para posicionarme, ni para generar atenci\u00f3n.<\/p>\n\n\n\n<p>Y eso tiene una consecuencia natural: hoy puedo caminar tranquilo, puedo dar la cara, puedo sostener conversaciones en cualquier espacio \u2014pol\u00edtico, acad\u00e9mico o ciudadano\u2014 con el mismo respeto con el que he hablado siempre.<\/p>\n\n\n\n<p>Yo no construyo desde el miedo. Construyo desde la luz.<\/p>\n\n\n\n<p>No es negaci\u00f3n. No es ataque. Es construcci\u00f3n.<\/p>\n\n\n\n<p>No destruyo por ego ni por estrategia de comunicaci\u00f3n. Yo construyo\u2026 incluso cuando el ego aparece, porque tambi\u00e9n forma parte de lo humano, pero no dirige el rumbo.<\/p>\n\n\n\n<p>Aqu\u00ed nadie fue obligado. A nadie se le cerraron espacios por pensar distinto. Siempre hubo libertad para participar, para opinar, para disentir.<\/p>\n\n\n\n<p>Nunca bloque\u00e9 personas por su posici\u00f3n pol\u00edtica. No bloque\u00e9 chavistas ni antichavistas. Lo \u00fanico que se bloque\u00f3 \u2014y se seguir\u00e1 bloqueando\u2014 es la vulgaridad, venga de donde venga.<\/p>\n\n\n\n<p>Porque esto no se trata de bandos. Se trata de c\u00f3mo nos hablamos.<\/p>\n\n\n\n<p>Yo eleg\u00ed construir desde un lugar seguro, donde se pueda pensar diferente sin miedo a ser atacado. Y eso, en medio del ruido, incomoda. No a todos\u2026 pero s\u00ed a algunos.<\/p>\n\n\n\n<p>Desde afuera siempre habr\u00e1 interpretaciones. Algunas nacen desde la incomodidad de no haber sostenido, otras desde la necesidad de justificar silencios o cambios de postura.<\/p>\n\n\n\n<p>Pero yo sigo tranquilo.<\/p>\n\n\n\n<p>Porque no enfrent\u00e9 personas. No destru\u00ed a nadie. No aliment\u00e9 el conflicto para crecer.<\/p>\n\n\n\n<p>Eleg\u00ed algo m\u00e1s dif\u00edcil: sostener la paz cuando el entorno empuja hacia lo contrario.<\/p>\n\n\n\n<p>Y eso, aunque no siempre sea lo m\u00e1s visible, es lo que hoy me permite seguir aqu\u00ed\u2026 exactamente en el mismo lugar donde empec\u00e9.<\/p>\n\n\n\n<p>Al final, no se trata de qui\u00e9n habla m\u00e1s fuerte.<\/p>\n\n\n\n<p>Se trata de qui\u00e9n se queda.<\/p>\n","protected":false},"excerpt":{"rendered":"<p>En medio de algunas interpretaciones recientes \u2014no siempre amables\u2014 sobre este movimiento, siento necesario compartir esto desde la claridad y [&hellip;]<\/p>\n","protected":false},"author":1,"featured_media":3051,"comment_status":"open","ping_status":"open","sticky":false,"template":"","format":"standard","meta":{"site-sidebar-layout":"default","site-content-layout":"","ast-site-content-layout":"","site-content-style":"default","site-sidebar-style":"default","ast-global-header-display":"","ast-banner-title-visibility":"","ast-main-header-display":"","ast-hfb-above-header-display":"","ast-hfb-below-header-display":"","ast-hfb-mobile-header-display":"","site-post-title":"","ast-breadcrumbs-content":"","ast-featured-img":"","footer-sml-layout":"","theme-transparent-header-meta":"","adv-header-id-meta":"","stick-header-meta":"","header-above-stick-meta":"","header-main-stick-meta":"","header-below-stick-meta":"","astra-migrate-meta-layouts":"default","ast-page-background-enabled":"default","ast-page-background-meta":{"desktop":{"background-color":"var(--ast-global-color-5)","background-image":"","background-repeat":"repeat","background-position":"center center","background-size":"auto","background-attachment":"scroll","background-type":"","background-media":"","overlay-type":"","overlay-color":"","overlay-opacity":"","overlay-gradient":""},"tablet":{"background-color":"","background-image":"","background-repeat":"repeat","background-position":"center center","background-size":"auto","background-attachment":"scroll","background-type":"","background-media":"","overlay-type":"","overlay-color":"","overlay-opacity":"","overlay-gradient":""},"mobile":{"background-color":"","background-image":"","background-repeat":"repeat","background-position":"center center","background-size":"auto","background-attachment":"scroll","background-type":"","background-media":"","overlay-type":"","overlay-color":"","overlay-opacity":"","overlay-gradient":""}},"ast-content-background-meta":{"desktop":{"background-color":"var(--ast-global-color-4)","background-image":"","background-repeat":"repeat","background-position":"center center","background-size":"auto","background-attachment":"scroll","background-type":"","background-media":"","overlay-type":"","overlay-color":"","overlay-opacity":"","overlay-gradient":""},"tablet":{"background-color":"var(--ast-global-color-4)","background-image":"","background-repeat":"repeat","background-position":"center center","background-size":"auto","background-attachment":"scroll","background-type":"","background-media":"","overlay-type":"","overlay-color":"","overlay-opacity":"","overlay-gradient":""},"mobile":{"background-color":"var(--ast-global-color-4)","background-image":"","background-repeat":"repeat","background-position":"center center","background-size":"auto","background-attachment":"scroll","background-type":"","background-media":"","overlay-type":"","overlay-color":"","overlay-opacity":"","overlay-gradient":""}},"footnotes":""},"categories":[9],"tags":[],"class_list":["post-3047","post","type-post","status-publish","format-standard","has-post-thumbnail","hentry","category-mis-escritos"],"yoast_head":"<!-- This site is optimized with the Yoast SEO plugin v26.0 - https:\/\/yoast.com\/wordpress\/plugins\/seo\/ -->\n<title>Seguir aqu\u00ed tambi\u00e9n es una forma de hablar - MI BLOG<\/title>\n<meta name=\"robots\" content=\"index, follow, max-snippet:-1, max-image-preview:large, max-video-preview:-1\" \/>\n<link rel=\"canonical\" href=\"https:\/\/viniciojarquin.com\/blog\/seguir-aqui-tambien-es-una-forma-de-hablar\/\" \/>\n<meta property=\"og:locale\" content=\"es_ES\" \/>\n<meta property=\"og:type\" content=\"article\" \/>\n<meta property=\"og:title\" content=\"Seguir aqu\u00ed tambi\u00e9n es una forma de hablar - MI BLOG\" \/>\n<meta property=\"og:description\" content=\"En medio de algunas interpretaciones recientes \u2014no siempre amables\u2014 sobre este movimiento, siento necesario compartir esto desde la claridad y [&hellip;]\" \/>\n<meta property=\"og:url\" content=\"https:\/\/viniciojarquin.com\/blog\/seguir-aqui-tambien-es-una-forma-de-hablar\/\" \/>\n<meta property=\"og:site_name\" content=\"MI BLOG\" \/>\n<meta property=\"article:publisher\" content=\"https:\/\/www.facebook.com\/vinicio.jarquin\" \/>\n<meta property=\"article:author\" content=\"https:\/\/www.facebook.com\/vinicio.jarquin\" \/>\n<meta property=\"article:published_time\" content=\"2026-03-18T06:09:23+00:00\" \/>\n<meta property=\"article:modified_time\" content=\"2026-03-18T06:11:45+00:00\" \/>\n<meta property=\"og:image\" content=\"https:\/\/viniciojarquin.com\/blog\/wp-content\/uploads\/2026\/03\/Logo-acuarela-sombras-copia.png\" \/>\n\t<meta property=\"og:image:width\" content=\"800\" \/>\n\t<meta property=\"og:image:height\" content=\"265\" \/>\n\t<meta property=\"og:image:type\" content=\"image\/png\" \/>\n<meta name=\"author\" content=\"Vinicio Jarqu\u00edn\" \/>\n<meta name=\"twitter:card\" content=\"summary_large_image\" \/>\n<meta name=\"twitter:label1\" content=\"Escrito por\" \/>\n\t<meta name=\"twitter:data1\" content=\"Vinicio Jarqu\u00edn\" \/>\n\t<meta name=\"twitter:label2\" content=\"Tiempo de lectura\" \/>\n\t<meta name=\"twitter:data2\" content=\"4 minutos\" \/>\n<script type=\"application\/ld+json\" class=\"yoast-schema-graph\">{\"@context\":\"https:\/\/schema.org\",\"@graph\":[{\"@type\":\"Article\",\"@id\":\"https:\/\/viniciojarquin.com\/blog\/seguir-aqui-tambien-es-una-forma-de-hablar\/#article\",\"isPartOf\":{\"@id\":\"https:\/\/viniciojarquin.com\/blog\/seguir-aqui-tambien-es-una-forma-de-hablar\/\"},\"author\":{\"name\":\"Vinicio Jarqu\u00edn\",\"@id\":\"https:\/\/viniciojarquin.com\/blog\/#\/schema\/person\/90100c8845ae55462ec0657d3d2f8d3b\"},\"headline\":\"Seguir aqu\u00ed tambi\u00e9n es una forma de hablar\",\"datePublished\":\"2026-03-18T06:09:23+00:00\",\"dateModified\":\"2026-03-18T06:11:45+00:00\",\"mainEntityOfPage\":{\"@id\":\"https:\/\/viniciojarquin.com\/blog\/seguir-aqui-tambien-es-una-forma-de-hablar\/\"},\"wordCount\":714,\"commentCount\":0,\"publisher\":{\"@id\":\"https:\/\/viniciojarquin.com\/blog\/#\/schema\/person\/90100c8845ae55462ec0657d3d2f8d3b\"},\"image\":{\"@id\":\"https:\/\/viniciojarquin.com\/blog\/seguir-aqui-tambien-es-una-forma-de-hablar\/#primaryimage\"},\"thumbnailUrl\":\"https:\/\/viniciojarquin.com\/blog\/wp-content\/uploads\/2026\/03\/Logo-acuarela-sombras-copia.png\",\"articleSection\":[\"Escritos generales\"],\"inLanguage\":\"es\",\"potentialAction\":[{\"@type\":\"CommentAction\",\"name\":\"Comment\",\"target\":[\"https:\/\/viniciojarquin.com\/blog\/seguir-aqui-tambien-es-una-forma-de-hablar\/#respond\"]}]},{\"@type\":\"WebPage\",\"@id\":\"https:\/\/viniciojarquin.com\/blog\/seguir-aqui-tambien-es-una-forma-de-hablar\/\",\"url\":\"https:\/\/viniciojarquin.com\/blog\/seguir-aqui-tambien-es-una-forma-de-hablar\/\",\"name\":\"Seguir aqu\u00ed tambi\u00e9n es una forma de hablar - MI BLOG\",\"isPartOf\":{\"@id\":\"https:\/\/viniciojarquin.com\/blog\/#website\"},\"primaryImageOfPage\":{\"@id\":\"https:\/\/viniciojarquin.com\/blog\/seguir-aqui-tambien-es-una-forma-de-hablar\/#primaryimage\"},\"image\":{\"@id\":\"https:\/\/viniciojarquin.com\/blog\/seguir-aqui-tambien-es-una-forma-de-hablar\/#primaryimage\"},\"thumbnailUrl\":\"https:\/\/viniciojarquin.com\/blog\/wp-content\/uploads\/2026\/03\/Logo-acuarela-sombras-copia.png\",\"datePublished\":\"2026-03-18T06:09:23+00:00\",\"dateModified\":\"2026-03-18T06:11:45+00:00\",\"breadcrumb\":{\"@id\":\"https:\/\/viniciojarquin.com\/blog\/seguir-aqui-tambien-es-una-forma-de-hablar\/#breadcrumb\"},\"inLanguage\":\"es\",\"potentialAction\":[{\"@type\":\"ReadAction\",\"target\":[\"https:\/\/viniciojarquin.com\/blog\/seguir-aqui-tambien-es-una-forma-de-hablar\/\"]}]},{\"@type\":\"ImageObject\",\"inLanguage\":\"es\",\"@id\":\"https:\/\/viniciojarquin.com\/blog\/seguir-aqui-tambien-es-una-forma-de-hablar\/#primaryimage\",\"url\":\"https:\/\/viniciojarquin.com\/blog\/wp-content\/uploads\/2026\/03\/Logo-acuarela-sombras-copia.png\",\"contentUrl\":\"https:\/\/viniciojarquin.com\/blog\/wp-content\/uploads\/2026\/03\/Logo-acuarela-sombras-copia.png\",\"width\":800,\"height\":265},{\"@type\":\"BreadcrumbList\",\"@id\":\"https:\/\/viniciojarquin.com\/blog\/seguir-aqui-tambien-es-una-forma-de-hablar\/#breadcrumb\",\"itemListElement\":[{\"@type\":\"ListItem\",\"position\":1,\"name\":\"Portada\",\"item\":\"https:\/\/viniciojarquin.com\/blog\/\"},{\"@type\":\"ListItem\",\"position\":2,\"name\":\"Seguir aqu\u00ed tambi\u00e9n es una forma de hablar\"}]},{\"@type\":\"WebSite\",\"@id\":\"https:\/\/viniciojarquin.com\/blog\/#website\",\"url\":\"https:\/\/viniciojarquin.com\/blog\/\",\"name\":\"Vinicio Jarqu\u00edn BLOG\",\"description\":\"\",\"publisher\":{\"@id\":\"https:\/\/viniciojarquin.com\/blog\/#\/schema\/person\/90100c8845ae55462ec0657d3d2f8d3b\"},\"potentialAction\":[{\"@type\":\"SearchAction\",\"target\":{\"@type\":\"EntryPoint\",\"urlTemplate\":\"https:\/\/viniciojarquin.com\/blog\/?s={search_term_string}\"},\"query-input\":{\"@type\":\"PropertyValueSpecification\",\"valueRequired\":true,\"valueName\":\"search_term_string\"}}],\"inLanguage\":\"es\"},{\"@type\":[\"Person\",\"Organization\"],\"@id\":\"https:\/\/viniciojarquin.com\/blog\/#\/schema\/person\/90100c8845ae55462ec0657d3d2f8d3b\",\"name\":\"Vinicio Jarqu\u00edn\",\"image\":{\"@type\":\"ImageObject\",\"inLanguage\":\"es\",\"@id\":\"https:\/\/viniciojarquin.com\/blog\/#\/schema\/person\/image\/\",\"url\":\"https:\/\/viniciojarquin.com\/blog\/wp-content\/uploads\/2024\/10\/Logo-VinicioJarquin-original-400.png\",\"contentUrl\":\"https:\/\/viniciojarquin.com\/blog\/wp-content\/uploads\/2024\/10\/Logo-VinicioJarquin-original-400.png\",\"width\":400,\"height\":130,\"caption\":\"Vinicio Jarqu\u00edn\"},\"logo\":{\"@id\":\"https:\/\/viniciojarquin.com\/blog\/#\/schema\/person\/image\/\"},\"description\":\"Empresario textil, artista pl\u00e1stico, escritor, coach de vida y fot\u00f3grafo.\",\"sameAs\":[\"https:\/\/viniciojarquin.com\/blog\",\"https:\/\/www.facebook.com\/vinicio.jarquin\",\"https:\/\/www.instagram.com\/vinicio_jarquin\/\",\"https:\/\/www.pinterest.com\/vinnyjc\/\",\"https:\/\/www.youtube.com\/@VinicioJarquin\"],\"url\":\"https:\/\/viniciojarquin.com\/blog\/author\/admin_s02au25i\/\"}]}<\/script>\n<!-- \/ Yoast SEO plugin. -->","yoast_head_json":{"title":"Seguir aqu\u00ed tambi\u00e9n es una forma de hablar - MI BLOG","robots":{"index":"index","follow":"follow","max-snippet":"max-snippet:-1","max-image-preview":"max-image-preview:large","max-video-preview":"max-video-preview:-1"},"canonical":"https:\/\/viniciojarquin.com\/blog\/seguir-aqui-tambien-es-una-forma-de-hablar\/","og_locale":"es_ES","og_type":"article","og_title":"Seguir aqu\u00ed tambi\u00e9n es una forma de hablar - MI BLOG","og_description":"En medio de algunas interpretaciones recientes \u2014no siempre amables\u2014 sobre este movimiento, siento necesario compartir esto desde la claridad y [&hellip;]","og_url":"https:\/\/viniciojarquin.com\/blog\/seguir-aqui-tambien-es-una-forma-de-hablar\/","og_site_name":"MI BLOG","article_publisher":"https:\/\/www.facebook.com\/vinicio.jarquin","article_author":"https:\/\/www.facebook.com\/vinicio.jarquin","article_published_time":"2026-03-18T06:09:23+00:00","article_modified_time":"2026-03-18T06:11:45+00:00","og_image":[{"width":800,"height":265,"url":"https:\/\/viniciojarquin.com\/blog\/wp-content\/uploads\/2026\/03\/Logo-acuarela-sombras-copia.png","type":"image\/png"}],"author":"Vinicio Jarqu\u00edn","twitter_card":"summary_large_image","twitter_misc":{"Escrito por":"Vinicio Jarqu\u00edn","Tiempo de lectura":"4 minutos"},"schema":{"@context":"https:\/\/schema.org","@graph":[{"@type":"Article","@id":"https:\/\/viniciojarquin.com\/blog\/seguir-aqui-tambien-es-una-forma-de-hablar\/#article","isPartOf":{"@id":"https:\/\/viniciojarquin.com\/blog\/seguir-aqui-tambien-es-una-forma-de-hablar\/"},"author":{"name":"Vinicio Jarqu\u00edn","@id":"https:\/\/viniciojarquin.com\/blog\/#\/schema\/person\/90100c8845ae55462ec0657d3d2f8d3b"},"headline":"Seguir aqu\u00ed tambi\u00e9n es una forma de hablar","datePublished":"2026-03-18T06:09:23+00:00","dateModified":"2026-03-18T06:11:45+00:00","mainEntityOfPage":{"@id":"https:\/\/viniciojarquin.com\/blog\/seguir-aqui-tambien-es-una-forma-de-hablar\/"},"wordCount":714,"commentCount":0,"publisher":{"@id":"https:\/\/viniciojarquin.com\/blog\/#\/schema\/person\/90100c8845ae55462ec0657d3d2f8d3b"},"image":{"@id":"https:\/\/viniciojarquin.com\/blog\/seguir-aqui-tambien-es-una-forma-de-hablar\/#primaryimage"},"thumbnailUrl":"https:\/\/viniciojarquin.com\/blog\/wp-content\/uploads\/2026\/03\/Logo-acuarela-sombras-copia.png","articleSection":["Escritos generales"],"inLanguage":"es","potentialAction":[{"@type":"CommentAction","name":"Comment","target":["https:\/\/viniciojarquin.com\/blog\/seguir-aqui-tambien-es-una-forma-de-hablar\/#respond"]}]},{"@type":"WebPage","@id":"https:\/\/viniciojarquin.com\/blog\/seguir-aqui-tambien-es-una-forma-de-hablar\/","url":"https:\/\/viniciojarquin.com\/blog\/seguir-aqui-tambien-es-una-forma-de-hablar\/","name":"Seguir aqu\u00ed tambi\u00e9n es una forma de hablar - MI BLOG","isPartOf":{"@id":"https:\/\/viniciojarquin.com\/blog\/#website"},"primaryImageOfPage":{"@id":"https:\/\/viniciojarquin.com\/blog\/seguir-aqui-tambien-es-una-forma-de-hablar\/#primaryimage"},"image":{"@id":"https:\/\/viniciojarquin.com\/blog\/seguir-aqui-tambien-es-una-forma-de-hablar\/#primaryimage"},"thumbnailUrl":"https:\/\/viniciojarquin.com\/blog\/wp-content\/uploads\/2026\/03\/Logo-acuarela-sombras-copia.png","datePublished":"2026-03-18T06:09:23+00:00","dateModified":"2026-03-18T06:11:45+00:00","breadcrumb":{"@id":"https:\/\/viniciojarquin.com\/blog\/seguir-aqui-tambien-es-una-forma-de-hablar\/#breadcrumb"},"inLanguage":"es","potentialAction":[{"@type":"ReadAction","target":["https:\/\/viniciojarquin.com\/blog\/seguir-aqui-tambien-es-una-forma-de-hablar\/"]}]},{"@type":"ImageObject","inLanguage":"es","@id":"https:\/\/viniciojarquin.com\/blog\/seguir-aqui-tambien-es-una-forma-de-hablar\/#primaryimage","url":"https:\/\/viniciojarquin.com\/blog\/wp-content\/uploads\/2026\/03\/Logo-acuarela-sombras-copia.png","contentUrl":"https:\/\/viniciojarquin.com\/blog\/wp-content\/uploads\/2026\/03\/Logo-acuarela-sombras-copia.png","width":800,"height":265},{"@type":"BreadcrumbList","@id":"https:\/\/viniciojarquin.com\/blog\/seguir-aqui-tambien-es-una-forma-de-hablar\/#breadcrumb","itemListElement":[{"@type":"ListItem","position":1,"name":"Portada","item":"https:\/\/viniciojarquin.com\/blog\/"},{"@type":"ListItem","position":2,"name":"Seguir aqu\u00ed tambi\u00e9n es una forma de hablar"}]},{"@type":"WebSite","@id":"https:\/\/viniciojarquin.com\/blog\/#website","url":"https:\/\/viniciojarquin.com\/blog\/","name":"Vinicio Jarqu\u00edn BLOG","description":"","publisher":{"@id":"https:\/\/viniciojarquin.com\/blog\/#\/schema\/person\/90100c8845ae55462ec0657d3d2f8d3b"},"potentialAction":[{"@type":"SearchAction","target":{"@type":"EntryPoint","urlTemplate":"https:\/\/viniciojarquin.com\/blog\/?s={search_term_string}"},"query-input":{"@type":"PropertyValueSpecification","valueRequired":true,"valueName":"search_term_string"}}],"inLanguage":"es"},{"@type":["Person","Organization"],"@id":"https:\/\/viniciojarquin.com\/blog\/#\/schema\/person\/90100c8845ae55462ec0657d3d2f8d3b","name":"Vinicio Jarqu\u00edn","image":{"@type":"ImageObject","inLanguage":"es","@id":"https:\/\/viniciojarquin.com\/blog\/#\/schema\/person\/image\/","url":"https:\/\/viniciojarquin.com\/blog\/wp-content\/uploads\/2024\/10\/Logo-VinicioJarquin-original-400.png","contentUrl":"https:\/\/viniciojarquin.com\/blog\/wp-content\/uploads\/2024\/10\/Logo-VinicioJarquin-original-400.png","width":400,"height":130,"caption":"Vinicio Jarqu\u00edn"},"logo":{"@id":"https:\/\/viniciojarquin.com\/blog\/#\/schema\/person\/image\/"},"description":"Empresario textil, artista pl\u00e1stico, escritor, coach de vida y fot\u00f3grafo.","sameAs":["https:\/\/viniciojarquin.com\/blog","https:\/\/www.facebook.com\/vinicio.jarquin","https:\/\/www.instagram.com\/vinicio_jarquin\/","https:\/\/www.pinterest.com\/vinnyjc\/","https:\/\/www.youtube.com\/@VinicioJarquin"],"url":"https:\/\/viniciojarquin.com\/blog\/author\/admin_s02au25i\/"}]}},"blog_post_layout_featured_media_urls":{"thumbnail":["https:\/\/viniciojarquin.com\/blog\/wp-content\/uploads\/2026\/03\/Logo-acuarela-sombras-copia-150x150.png",150,150,true],"full":["https:\/\/viniciojarquin.com\/blog\/wp-content\/uploads\/2026\/03\/Logo-acuarela-sombras-copia.png",800,265,false]},"categories_names":{"9":{"name":"Escritos generales","link":"https:\/\/viniciojarquin.com\/blog\/category\/mis-escritos\/"}},"tags_names":[],"comments_number":"0","_links":{"self":[{"href":"https:\/\/viniciojarquin.com\/blog\/wp-json\/wp\/v2\/posts\/3047","targetHints":{"allow":["GET"]}}],"collection":[{"href":"https:\/\/viniciojarquin.com\/blog\/wp-json\/wp\/v2\/posts"}],"about":[{"href":"https:\/\/viniciojarquin.com\/blog\/wp-json\/wp\/v2\/types\/post"}],"author":[{"embeddable":true,"href":"https:\/\/viniciojarquin.com\/blog\/wp-json\/wp\/v2\/users\/1"}],"replies":[{"embeddable":true,"href":"https:\/\/viniciojarquin.com\/blog\/wp-json\/wp\/v2\/comments?post=3047"}],"version-history":[{"count":2,"href":"https:\/\/viniciojarquin.com\/blog\/wp-json\/wp\/v2\/posts\/3047\/revisions"}],"predecessor-version":[{"id":3052,"href":"https:\/\/viniciojarquin.com\/blog\/wp-json\/wp\/v2\/posts\/3047\/revisions\/3052"}],"wp:featuredmedia":[{"embeddable":true,"href":"https:\/\/viniciojarquin.com\/blog\/wp-json\/wp\/v2\/media\/3051"}],"wp:attachment":[{"href":"https:\/\/viniciojarquin.com\/blog\/wp-json\/wp\/v2\/media?parent=3047"}],"wp:term":[{"taxonomy":"category","embeddable":true,"href":"https:\/\/viniciojarquin.com\/blog\/wp-json\/wp\/v2\/categories?post=3047"},{"taxonomy":"post_tag","embeddable":true,"href":"https:\/\/viniciojarquin.com\/blog\/wp-json\/wp\/v2\/tags?post=3047"}],"curies":[{"name":"wp","href":"https:\/\/api.w.org\/{rel}","templated":true}]}}