{"id":3054,"date":"2026-03-18T14:37:42","date_gmt":"2026-03-18T14:37:42","guid":{"rendered":"https:\/\/viniciojarquin.com\/blog\/?p=3054"},"modified":"2026-03-18T14:37:44","modified_gmt":"2026-03-18T14:37:44","slug":"la-noche-que-conoci-a-ariel","status":"publish","type":"post","link":"https:\/\/viniciojarquin.com\/blog\/la-noche-que-conoci-a-ariel\/","title":{"rendered":"La noche que conoc\u00ed a Ariel"},"content":{"rendered":"\n<figure class=\"wp-block-image size-large\"><img decoding=\"async\" width=\"768\" height=\"1024\" data-src=\"https:\/\/viniciojarquin.com\/blog\/wp-content\/uploads\/2026\/03\/IMG_6183-768x1024.jpeg\" alt=\"\" class=\"wp-image-3055 lazyload\" data-srcset=\"https:\/\/viniciojarquin.com\/blog\/wp-content\/uploads\/2026\/03\/IMG_6183-768x1024.jpeg 768w, https:\/\/viniciojarquin.com\/blog\/wp-content\/uploads\/2026\/03\/IMG_6183-225x300.jpeg 225w, https:\/\/viniciojarquin.com\/blog\/wp-content\/uploads\/2026\/03\/IMG_6183-1152x1536.jpeg 1152w, https:\/\/viniciojarquin.com\/blog\/wp-content\/uploads\/2026\/03\/IMG_6183.jpeg 1536w\" data-sizes=\"(max-width: 768px) 100vw, 768px\" src=\"data:image\/svg+xml;base64,PHN2ZyB3aWR0aD0iMSIgaGVpZ2h0PSIxIiB4bWxucz0iaHR0cDovL3d3dy53My5vcmcvMjAwMC9zdmciPjwvc3ZnPg==\" style=\"--smush-placeholder-width: 768px; --smush-placeholder-aspect-ratio: 768\/1024;\" \/><\/figure>\n\n\n\n<p><strong>Se sali\u00f3 de la pantalla\u2026 y termin\u00f3 en mis brazos<\/strong><\/p>\n\n\n\n<p>Cuando comenz\u00f3 la campa\u00f1a electoral y, sin darme cuenta, me vi inmiscuido en todo esto, tom\u00e9 una decisi\u00f3n: entrevistar a la mayor cantidad posible de candidatos. Quer\u00eda escuchar, entender, conocer. As\u00ed que empec\u00e9 a escribirle a uno y a otro\u2026 y, poco a poco, las respuestas fueron llegando. Casi todas. Excepto Ariel.<\/p>\n\n\n\n<p>Con \u00e9l pas\u00f3 algo curioso. Varias veces empez\u00e1bamos a chatear\u2026 y luego yo quedaba en visto. En otras ocasiones, volv\u00edamos a conversar un poco\u2026 y otra vez, en visto. Y as\u00ed, repetidamente.<\/p>\n\n\n\n<p>Hubo momentos en los que pens\u00e9: ya no lo tomar\u00e9 en cuenta, ya no me interesa. Incluso consider\u00e9 escribir un art\u00edculo diciendo que hab\u00eda intentado contactarlo sin \u00e9xito. En el fondo, era una forma elegante de hacer berrinche, de devolver el golpe, de no quedar como el que se qued\u00f3 esperando. Pero hab\u00eda algo dentro de m\u00ed que no terminaba de pelearse con Ariel. Ariel me gustaba. Era un chico agradable.<\/p>\n\n\n\n<p>Busqu\u00e9 amigos en com\u00fan. Les ped\u00ed que le dijeran que me escribiera. Que habl\u00e1ramos. La campa\u00f1a segu\u00eda avanzando\u2026 y \u00e9l tambi\u00e9n.<\/p>\n\n\n\n<p>Ariel aparec\u00eda en televisi\u00f3n, en debates, en el plenario\u2026 en\u00e9rgico, decidido, hablando fuerte, a veces incluso de manera agresiva o muy contundente. Y, sin embargo, tambi\u00e9n ten\u00eda momentos graciosos, ligeros, casi infantiles\u2026 y eso me gustaba. Eso era lo que me desarmaba.<\/p>\n\n\n\n<p>Porque s\u00ed, por un lado me molestaba \u2014\u00bfc\u00f3mo era posible que este \u201cchiquillo\u201d me estuviera ignorando? \u2014 pero, por otro lado, no me molestaba tanto\u2026 porque me ca\u00eda bien. Y eso es una combinaci\u00f3n rar\u00edsima.<\/p>\n\n\n\n<p>Los debates continuaron, \u00e9l se volv\u00eda cada vez m\u00e1s simp\u00e1tico\u2026 y yo segu\u00eda sin conocerlo. No lo pod\u00eda creer. Sent\u00eda que se me hab\u00eda escapado. Hasta que esta noche pas\u00f3 algo.<\/p>\n\n\n\n<p>En una reuni\u00f3n de alto nivel, cuando llegu\u00e9, no solo estaba \u00e9l\u2026 hab\u00eda varios candidatos presidenciales, excandidatos, gente del mundo acad\u00e9mico y pol\u00edtico. Y ah\u00ed estaba Ariel. En el parqueo.<\/p>\n\n\n\n<p>Me acerqu\u00e9 y me qued\u00e9 de pie junto a \u00e9l, como quien hace fila, esperando que termine de hablar para decirle qui\u00e9n soy. No para reclamarle. No para reprocharle nada. Solo\u2026 porque quer\u00eda conocerlo. Pero la conversaci\u00f3n en la que estaba se alargaba. Y se alargaba. Y se alargaba m\u00e1s. Y \u00e9l no volteaba ni siquiera levemente a verme, aunque yo estaba a su lado.<\/p>\n\n\n\n<p>Pens\u00e9 en irme. Pero no me fui. Me qued\u00e9. Hasta que ya era demasiado.<\/p>\n\n\n\n<p>Interrump\u00ed con respeto y dije: \u2014Disculpen, \u00bfpuedo robarle dos minutos a Ariel?<\/p>\n\n\n\n<p>Ariel volte\u00f3 y sonri\u00f3. Una sonrisa leve\u2026 como de ni\u00f1o tierno, t\u00edmido, simp\u00e1tico.<\/p>\n\n\n\n<p>Le dije mi nombre. Le pregunt\u00e9 si sab\u00eda qui\u00e9n era yo. Y me dijo que s\u00ed.<\/p>\n\n\n\n<p>Le record\u00e9 que no hab\u00edamos podido hablar, que yo lo hab\u00eda intentado varias veces. Y entonces empez\u00f3 a disculparse. Me habl\u00f3 de la agenda, de lo complicada que fue la campa\u00f1a, de procesos dif\u00edciles\u2026 todas esas cosas que uno escucha y que muchas veces suenan a excusa. Pero esta vez no. Le cre\u00ed. Y no solo le cre\u00ed\u2026 me enterneci\u00f3.<\/p>\n\n\n\n<p>En ese momento no estaba el Ariel de la televisi\u00f3n. No estaba el Ariel del plenario, el de la voz firme y el discurso contundente. Sus labios se mov\u00edan despacio. Sus palabras eran suaves, sin ese timbre fuerte al que uno est\u00e1 acostumbrado. Sus ojos, de vez en cuando, se bajaban\u2026 como quien busca dentro de s\u00ed la mejor respuesta, la mejor palabra, la m\u00e1s sensible y la m\u00e1s aut\u00e9ntica. Era otro. O tal vez\u2026 era el mismo, pero sin c\u00e1maras.<\/p>\n\n\n\n<p>Segu\u00eda explic\u00e1ndose\u2026 hasta que lo interrump\u00ed.<\/p>\n\n\n\n<p>Le dije: \u2014Ariel, te creo. Tanto as\u00ed\u2026 que lo que quiero es que me des un abrazo.<\/p>\n\n\n\n<p>Y entonces pas\u00f3 algo muy simple\u2026 pero muy bonito. Peg\u00f3 su pecho al m\u00edo. Y lo abrac\u00e9. Y me abraz\u00f3. Y se dej\u00f3 abrazar. Fue lind\u00edsimo.<\/p>\n\n\n\n<p>En ese momento, agradec\u00ed profundamente no haber escrito nada negativo sobre \u00e9l cuando estuve tentado a hacerlo. Agradec\u00ed haber esperado. Agradec\u00ed haber confiado en esa intuici\u00f3n que no quer\u00eda pelearse con alguien que, en el fondo, me ca\u00eda bien sin conocerlo; y hoy mucho m\u00e1s.<\/p>\n\n\n\n<p>Despu\u00e9s, por cortes\u00eda, quise dejarlo. Le dije que en alg\u00fan momento pod\u00edamos conversar. Pero \u00e9l insisti\u00f3: \u2014No dejes pasar el tiempo. Ll\u00e1meme.<\/p>\n\n\n\n<p>Me desped\u00ed\u2026 y me fui.<\/p>\n\n\n\n<p>Y mientras caminaba, entend\u00ed algo que se me qued\u00f3 muy adentro: Qu\u00e9 poco conocemos de la gente cuando solo la vemos en televisi\u00f3n. Y qu\u00e9 mucho podemos conocer de alguien\u2026 cuando, atrevidamente, nos permitimos darle un abrazo.<\/p>\n","protected":false},"excerpt":{"rendered":"<p>Se sali\u00f3 de la pantalla\u2026 y termin\u00f3 en mis brazos Cuando comenz\u00f3 la campa\u00f1a electoral y, sin darme cuenta, me [&hellip;]<\/p>\n","protected":false},"author":1,"featured_media":3055,"comment_status":"open","ping_status":"open","sticky":false,"template":"","format":"standard","meta":{"site-sidebar-layout":"default","site-content-layout":"","ast-site-content-layout":"","site-content-style":"default","site-sidebar-style":"default","ast-global-header-display":"","ast-banner-title-visibility":"","ast-main-header-display":"","ast-hfb-above-header-display":"","ast-hfb-below-header-display":"","ast-hfb-mobile-header-display":"","site-post-title":"","ast-breadcrumbs-content":"","ast-featured-img":"","footer-sml-layout":"","theme-transparent-header-meta":"","adv-header-id-meta":"","stick-header-meta":"","header-above-stick-meta":"","header-main-stick-meta":"","header-below-stick-meta":"","astra-migrate-meta-layouts":"default","ast-page-background-enabled":"default","ast-page-background-meta":{"desktop":{"background-color":"var(--ast-global-color-5)","background-image":"","background-repeat":"repeat","background-position":"center center","background-size":"auto","background-attachment":"scroll","background-type":"","background-media":"","overlay-type":"","overlay-color":"","overlay-opacity":"","overlay-gradient":""},"tablet":{"background-color":"","background-image":"","background-repeat":"repeat","background-position":"center center","background-size":"auto","background-attachment":"scroll","background-type":"","background-media":"","overlay-type":"","overlay-color":"","overlay-opacity":"","overlay-gradient":""},"mobile":{"background-color":"","background-image":"","background-repeat":"repeat","background-position":"center center","background-size":"auto","background-attachment":"scroll","background-type":"","background-media":"","overlay-type":"","overlay-color":"","overlay-opacity":"","overlay-gradient":""}},"ast-content-background-meta":{"desktop":{"background-color":"var(--ast-global-color-4)","background-image":"","background-repeat":"repeat","background-position":"center center","background-size":"auto","background-attachment":"scroll","background-type":"","background-media":"","overlay-type":"","overlay-color":"","overlay-opacity":"","overlay-gradient":""},"tablet":{"background-color":"var(--ast-global-color-4)","background-image":"","background-repeat":"repeat","background-position":"center center","background-size":"auto","background-attachment":"scroll","background-type":"","background-media":"","overlay-type":"","overlay-color":"","overlay-opacity":"","overlay-gradient":""},"mobile":{"background-color":"var(--ast-global-color-4)","background-image":"","background-repeat":"repeat","background-position":"center center","background-size":"auto","background-attachment":"scroll","background-type":"","background-media":"","overlay-type":"","overlay-color":"","overlay-opacity":"","overlay-gradient":""}},"footnotes":""},"categories":[12],"tags":[],"class_list":["post-3054","post","type-post","status-publish","format-standard","has-post-thumbnail","hentry","category-politica-o-gobierno"],"yoast_head":"<!-- This site is optimized with the Yoast SEO plugin v26.0 - https:\/\/yoast.com\/wordpress\/plugins\/seo\/ -->\n<title>La noche que conoc\u00ed a Ariel - MI BLOG<\/title>\n<meta name=\"robots\" content=\"index, follow, max-snippet:-1, max-image-preview:large, max-video-preview:-1\" \/>\n<link rel=\"canonical\" href=\"https:\/\/viniciojarquin.com\/blog\/la-noche-que-conoci-a-ariel\/\" \/>\n<meta property=\"og:locale\" content=\"es_ES\" \/>\n<meta property=\"og:type\" content=\"article\" \/>\n<meta property=\"og:title\" content=\"La noche que conoc\u00ed a Ariel - MI BLOG\" \/>\n<meta property=\"og:description\" content=\"Se sali\u00f3 de la pantalla\u2026 y termin\u00f3 en mis brazos Cuando comenz\u00f3 la campa\u00f1a electoral y, sin darme cuenta, me [&hellip;]\" \/>\n<meta property=\"og:url\" content=\"https:\/\/viniciojarquin.com\/blog\/la-noche-que-conoci-a-ariel\/\" \/>\n<meta property=\"og:site_name\" content=\"MI BLOG\" \/>\n<meta property=\"article:publisher\" content=\"https:\/\/www.facebook.com\/vinicio.jarquin\" \/>\n<meta property=\"article:author\" content=\"https:\/\/www.facebook.com\/vinicio.jarquin\" \/>\n<meta property=\"article:published_time\" content=\"2026-03-18T14:37:42+00:00\" \/>\n<meta property=\"article:modified_time\" content=\"2026-03-18T14:37:44+00:00\" \/>\n<meta property=\"og:image\" content=\"https:\/\/viniciojarquin.com\/blog\/wp-content\/uploads\/2026\/03\/IMG_6183.jpeg\" \/>\n\t<meta property=\"og:image:width\" content=\"1536\" \/>\n\t<meta property=\"og:image:height\" content=\"2048\" \/>\n\t<meta property=\"og:image:type\" content=\"image\/jpeg\" \/>\n<meta name=\"author\" content=\"Vinicio Jarqu\u00edn\" \/>\n<meta name=\"twitter:card\" content=\"summary_large_image\" \/>\n<meta name=\"twitter:label1\" content=\"Escrito por\" \/>\n\t<meta name=\"twitter:data1\" content=\"Vinicio Jarqu\u00edn\" \/>\n\t<meta name=\"twitter:label2\" content=\"Tiempo de lectura\" \/>\n\t<meta name=\"twitter:data2\" content=\"4 minutos\" \/>\n<script type=\"application\/ld+json\" class=\"yoast-schema-graph\">{\"@context\":\"https:\/\/schema.org\",\"@graph\":[{\"@type\":\"Article\",\"@id\":\"https:\/\/viniciojarquin.com\/blog\/la-noche-que-conoci-a-ariel\/#article\",\"isPartOf\":{\"@id\":\"https:\/\/viniciojarquin.com\/blog\/la-noche-que-conoci-a-ariel\/\"},\"author\":{\"name\":\"Vinicio Jarqu\u00edn\",\"@id\":\"https:\/\/viniciojarquin.com\/blog\/#\/schema\/person\/90100c8845ae55462ec0657d3d2f8d3b\"},\"headline\":\"La noche que conoc\u00ed a Ariel\",\"datePublished\":\"2026-03-18T14:37:42+00:00\",\"dateModified\":\"2026-03-18T14:37:44+00:00\",\"mainEntityOfPage\":{\"@id\":\"https:\/\/viniciojarquin.com\/blog\/la-noche-que-conoci-a-ariel\/\"},\"wordCount\":814,\"commentCount\":0,\"publisher\":{\"@id\":\"https:\/\/viniciojarquin.com\/blog\/#\/schema\/person\/90100c8845ae55462ec0657d3d2f8d3b\"},\"image\":{\"@id\":\"https:\/\/viniciojarquin.com\/blog\/la-noche-que-conoci-a-ariel\/#primaryimage\"},\"thumbnailUrl\":\"https:\/\/viniciojarquin.com\/blog\/wp-content\/uploads\/2026\/03\/IMG_6183.jpeg\",\"articleSection\":[\"Pol\u00edtica varios\"],\"inLanguage\":\"es\",\"potentialAction\":[{\"@type\":\"CommentAction\",\"name\":\"Comment\",\"target\":[\"https:\/\/viniciojarquin.com\/blog\/la-noche-que-conoci-a-ariel\/#respond\"]}]},{\"@type\":\"WebPage\",\"@id\":\"https:\/\/viniciojarquin.com\/blog\/la-noche-que-conoci-a-ariel\/\",\"url\":\"https:\/\/viniciojarquin.com\/blog\/la-noche-que-conoci-a-ariel\/\",\"name\":\"La noche que conoc\u00ed a Ariel - MI BLOG\",\"isPartOf\":{\"@id\":\"https:\/\/viniciojarquin.com\/blog\/#website\"},\"primaryImageOfPage\":{\"@id\":\"https:\/\/viniciojarquin.com\/blog\/la-noche-que-conoci-a-ariel\/#primaryimage\"},\"image\":{\"@id\":\"https:\/\/viniciojarquin.com\/blog\/la-noche-que-conoci-a-ariel\/#primaryimage\"},\"thumbnailUrl\":\"https:\/\/viniciojarquin.com\/blog\/wp-content\/uploads\/2026\/03\/IMG_6183.jpeg\",\"datePublished\":\"2026-03-18T14:37:42+00:00\",\"dateModified\":\"2026-03-18T14:37:44+00:00\",\"breadcrumb\":{\"@id\":\"https:\/\/viniciojarquin.com\/blog\/la-noche-que-conoci-a-ariel\/#breadcrumb\"},\"inLanguage\":\"es\",\"potentialAction\":[{\"@type\":\"ReadAction\",\"target\":[\"https:\/\/viniciojarquin.com\/blog\/la-noche-que-conoci-a-ariel\/\"]}]},{\"@type\":\"ImageObject\",\"inLanguage\":\"es\",\"@id\":\"https:\/\/viniciojarquin.com\/blog\/la-noche-que-conoci-a-ariel\/#primaryimage\",\"url\":\"https:\/\/viniciojarquin.com\/blog\/wp-content\/uploads\/2026\/03\/IMG_6183.jpeg\",\"contentUrl\":\"https:\/\/viniciojarquin.com\/blog\/wp-content\/uploads\/2026\/03\/IMG_6183.jpeg\",\"width\":1536,\"height\":2048},{\"@type\":\"BreadcrumbList\",\"@id\":\"https:\/\/viniciojarquin.com\/blog\/la-noche-que-conoci-a-ariel\/#breadcrumb\",\"itemListElement\":[{\"@type\":\"ListItem\",\"position\":1,\"name\":\"Portada\",\"item\":\"https:\/\/viniciojarquin.com\/blog\/\"},{\"@type\":\"ListItem\",\"position\":2,\"name\":\"La noche que conoc\u00ed a Ariel\"}]},{\"@type\":\"WebSite\",\"@id\":\"https:\/\/viniciojarquin.com\/blog\/#website\",\"url\":\"https:\/\/viniciojarquin.com\/blog\/\",\"name\":\"Vinicio Jarqu\u00edn BLOG\",\"description\":\"\",\"publisher\":{\"@id\":\"https:\/\/viniciojarquin.com\/blog\/#\/schema\/person\/90100c8845ae55462ec0657d3d2f8d3b\"},\"potentialAction\":[{\"@type\":\"SearchAction\",\"target\":{\"@type\":\"EntryPoint\",\"urlTemplate\":\"https:\/\/viniciojarquin.com\/blog\/?s={search_term_string}\"},\"query-input\":{\"@type\":\"PropertyValueSpecification\",\"valueRequired\":true,\"valueName\":\"search_term_string\"}}],\"inLanguage\":\"es\"},{\"@type\":[\"Person\",\"Organization\"],\"@id\":\"https:\/\/viniciojarquin.com\/blog\/#\/schema\/person\/90100c8845ae55462ec0657d3d2f8d3b\",\"name\":\"Vinicio Jarqu\u00edn\",\"image\":{\"@type\":\"ImageObject\",\"inLanguage\":\"es\",\"@id\":\"https:\/\/viniciojarquin.com\/blog\/#\/schema\/person\/image\/\",\"url\":\"https:\/\/viniciojarquin.com\/blog\/wp-content\/uploads\/2024\/10\/Logo-VinicioJarquin-original-400.png\",\"contentUrl\":\"https:\/\/viniciojarquin.com\/blog\/wp-content\/uploads\/2024\/10\/Logo-VinicioJarquin-original-400.png\",\"width\":400,\"height\":130,\"caption\":\"Vinicio Jarqu\u00edn\"},\"logo\":{\"@id\":\"https:\/\/viniciojarquin.com\/blog\/#\/schema\/person\/image\/\"},\"description\":\"Empresario textil, artista pl\u00e1stico, escritor, coach de vida y fot\u00f3grafo.\",\"sameAs\":[\"https:\/\/viniciojarquin.com\/blog\",\"https:\/\/www.facebook.com\/vinicio.jarquin\",\"https:\/\/www.instagram.com\/vinicio_jarquin\/\",\"https:\/\/www.pinterest.com\/vinnyjc\/\",\"https:\/\/www.youtube.com\/@VinicioJarquin\"],\"url\":\"https:\/\/viniciojarquin.com\/blog\/author\/admin_s02au25i\/\"}]}<\/script>\n<!-- \/ Yoast SEO plugin. -->","yoast_head_json":{"title":"La noche que conoc\u00ed a Ariel - MI BLOG","robots":{"index":"index","follow":"follow","max-snippet":"max-snippet:-1","max-image-preview":"max-image-preview:large","max-video-preview":"max-video-preview:-1"},"canonical":"https:\/\/viniciojarquin.com\/blog\/la-noche-que-conoci-a-ariel\/","og_locale":"es_ES","og_type":"article","og_title":"La noche que conoc\u00ed a Ariel - MI BLOG","og_description":"Se sali\u00f3 de la pantalla\u2026 y termin\u00f3 en mis brazos Cuando comenz\u00f3 la campa\u00f1a electoral y, sin darme cuenta, me [&hellip;]","og_url":"https:\/\/viniciojarquin.com\/blog\/la-noche-que-conoci-a-ariel\/","og_site_name":"MI BLOG","article_publisher":"https:\/\/www.facebook.com\/vinicio.jarquin","article_author":"https:\/\/www.facebook.com\/vinicio.jarquin","article_published_time":"2026-03-18T14:37:42+00:00","article_modified_time":"2026-03-18T14:37:44+00:00","og_image":[{"width":1536,"height":2048,"url":"https:\/\/viniciojarquin.com\/blog\/wp-content\/uploads\/2026\/03\/IMG_6183.jpeg","type":"image\/jpeg"}],"author":"Vinicio Jarqu\u00edn","twitter_card":"summary_large_image","twitter_misc":{"Escrito por":"Vinicio Jarqu\u00edn","Tiempo de lectura":"4 minutos"},"schema":{"@context":"https:\/\/schema.org","@graph":[{"@type":"Article","@id":"https:\/\/viniciojarquin.com\/blog\/la-noche-que-conoci-a-ariel\/#article","isPartOf":{"@id":"https:\/\/viniciojarquin.com\/blog\/la-noche-que-conoci-a-ariel\/"},"author":{"name":"Vinicio Jarqu\u00edn","@id":"https:\/\/viniciojarquin.com\/blog\/#\/schema\/person\/90100c8845ae55462ec0657d3d2f8d3b"},"headline":"La noche que conoc\u00ed a Ariel","datePublished":"2026-03-18T14:37:42+00:00","dateModified":"2026-03-18T14:37:44+00:00","mainEntityOfPage":{"@id":"https:\/\/viniciojarquin.com\/blog\/la-noche-que-conoci-a-ariel\/"},"wordCount":814,"commentCount":0,"publisher":{"@id":"https:\/\/viniciojarquin.com\/blog\/#\/schema\/person\/90100c8845ae55462ec0657d3d2f8d3b"},"image":{"@id":"https:\/\/viniciojarquin.com\/blog\/la-noche-que-conoci-a-ariel\/#primaryimage"},"thumbnailUrl":"https:\/\/viniciojarquin.com\/blog\/wp-content\/uploads\/2026\/03\/IMG_6183.jpeg","articleSection":["Pol\u00edtica varios"],"inLanguage":"es","potentialAction":[{"@type":"CommentAction","name":"Comment","target":["https:\/\/viniciojarquin.com\/blog\/la-noche-que-conoci-a-ariel\/#respond"]}]},{"@type":"WebPage","@id":"https:\/\/viniciojarquin.com\/blog\/la-noche-que-conoci-a-ariel\/","url":"https:\/\/viniciojarquin.com\/blog\/la-noche-que-conoci-a-ariel\/","name":"La noche que conoc\u00ed a Ariel - MI BLOG","isPartOf":{"@id":"https:\/\/viniciojarquin.com\/blog\/#website"},"primaryImageOfPage":{"@id":"https:\/\/viniciojarquin.com\/blog\/la-noche-que-conoci-a-ariel\/#primaryimage"},"image":{"@id":"https:\/\/viniciojarquin.com\/blog\/la-noche-que-conoci-a-ariel\/#primaryimage"},"thumbnailUrl":"https:\/\/viniciojarquin.com\/blog\/wp-content\/uploads\/2026\/03\/IMG_6183.jpeg","datePublished":"2026-03-18T14:37:42+00:00","dateModified":"2026-03-18T14:37:44+00:00","breadcrumb":{"@id":"https:\/\/viniciojarquin.com\/blog\/la-noche-que-conoci-a-ariel\/#breadcrumb"},"inLanguage":"es","potentialAction":[{"@type":"ReadAction","target":["https:\/\/viniciojarquin.com\/blog\/la-noche-que-conoci-a-ariel\/"]}]},{"@type":"ImageObject","inLanguage":"es","@id":"https:\/\/viniciojarquin.com\/blog\/la-noche-que-conoci-a-ariel\/#primaryimage","url":"https:\/\/viniciojarquin.com\/blog\/wp-content\/uploads\/2026\/03\/IMG_6183.jpeg","contentUrl":"https:\/\/viniciojarquin.com\/blog\/wp-content\/uploads\/2026\/03\/IMG_6183.jpeg","width":1536,"height":2048},{"@type":"BreadcrumbList","@id":"https:\/\/viniciojarquin.com\/blog\/la-noche-que-conoci-a-ariel\/#breadcrumb","itemListElement":[{"@type":"ListItem","position":1,"name":"Portada","item":"https:\/\/viniciojarquin.com\/blog\/"},{"@type":"ListItem","position":2,"name":"La noche que conoc\u00ed a Ariel"}]},{"@type":"WebSite","@id":"https:\/\/viniciojarquin.com\/blog\/#website","url":"https:\/\/viniciojarquin.com\/blog\/","name":"Vinicio Jarqu\u00edn BLOG","description":"","publisher":{"@id":"https:\/\/viniciojarquin.com\/blog\/#\/schema\/person\/90100c8845ae55462ec0657d3d2f8d3b"},"potentialAction":[{"@type":"SearchAction","target":{"@type":"EntryPoint","urlTemplate":"https:\/\/viniciojarquin.com\/blog\/?s={search_term_string}"},"query-input":{"@type":"PropertyValueSpecification","valueRequired":true,"valueName":"search_term_string"}}],"inLanguage":"es"},{"@type":["Person","Organization"],"@id":"https:\/\/viniciojarquin.com\/blog\/#\/schema\/person\/90100c8845ae55462ec0657d3d2f8d3b","name":"Vinicio Jarqu\u00edn","image":{"@type":"ImageObject","inLanguage":"es","@id":"https:\/\/viniciojarquin.com\/blog\/#\/schema\/person\/image\/","url":"https:\/\/viniciojarquin.com\/blog\/wp-content\/uploads\/2024\/10\/Logo-VinicioJarquin-original-400.png","contentUrl":"https:\/\/viniciojarquin.com\/blog\/wp-content\/uploads\/2024\/10\/Logo-VinicioJarquin-original-400.png","width":400,"height":130,"caption":"Vinicio Jarqu\u00edn"},"logo":{"@id":"https:\/\/viniciojarquin.com\/blog\/#\/schema\/person\/image\/"},"description":"Empresario textil, artista pl\u00e1stico, escritor, coach de vida y fot\u00f3grafo.","sameAs":["https:\/\/viniciojarquin.com\/blog","https:\/\/www.facebook.com\/vinicio.jarquin","https:\/\/www.instagram.com\/vinicio_jarquin\/","https:\/\/www.pinterest.com\/vinnyjc\/","https:\/\/www.youtube.com\/@VinicioJarquin"],"url":"https:\/\/viniciojarquin.com\/blog\/author\/admin_s02au25i\/"}]}},"blog_post_layout_featured_media_urls":{"thumbnail":["https:\/\/viniciojarquin.com\/blog\/wp-content\/uploads\/2026\/03\/IMG_6183-150x150.jpeg",150,150,true],"full":["https:\/\/viniciojarquin.com\/blog\/wp-content\/uploads\/2026\/03\/IMG_6183.jpeg",1536,2048,false]},"categories_names":{"12":{"name":"Pol\u00edtica varios","link":"https:\/\/viniciojarquin.com\/blog\/category\/politica-o-gobierno\/"}},"tags_names":[],"comments_number":"0","_links":{"self":[{"href":"https:\/\/viniciojarquin.com\/blog\/wp-json\/wp\/v2\/posts\/3054","targetHints":{"allow":["GET"]}}],"collection":[{"href":"https:\/\/viniciojarquin.com\/blog\/wp-json\/wp\/v2\/posts"}],"about":[{"href":"https:\/\/viniciojarquin.com\/blog\/wp-json\/wp\/v2\/types\/post"}],"author":[{"embeddable":true,"href":"https:\/\/viniciojarquin.com\/blog\/wp-json\/wp\/v2\/users\/1"}],"replies":[{"embeddable":true,"href":"https:\/\/viniciojarquin.com\/blog\/wp-json\/wp\/v2\/comments?post=3054"}],"version-history":[{"count":1,"href":"https:\/\/viniciojarquin.com\/blog\/wp-json\/wp\/v2\/posts\/3054\/revisions"}],"predecessor-version":[{"id":3056,"href":"https:\/\/viniciojarquin.com\/blog\/wp-json\/wp\/v2\/posts\/3054\/revisions\/3056"}],"wp:featuredmedia":[{"embeddable":true,"href":"https:\/\/viniciojarquin.com\/blog\/wp-json\/wp\/v2\/media\/3055"}],"wp:attachment":[{"href":"https:\/\/viniciojarquin.com\/blog\/wp-json\/wp\/v2\/media?parent=3054"}],"wp:term":[{"taxonomy":"category","embeddable":true,"href":"https:\/\/viniciojarquin.com\/blog\/wp-json\/wp\/v2\/categories?post=3054"},{"taxonomy":"post_tag","embeddable":true,"href":"https:\/\/viniciojarquin.com\/blog\/wp-json\/wp\/v2\/tags?post=3054"}],"curies":[{"name":"wp","href":"https:\/\/api.w.org\/{rel}","templated":true}]}}