{"id":3069,"date":"2026-03-19T15:47:59","date_gmt":"2026-03-19T15:47:59","guid":{"rendered":"https:\/\/viniciojarquin.com\/blog\/?p=3069"},"modified":"2026-03-19T15:48:01","modified_gmt":"2026-03-19T15:48:01","slug":"capitulo-42","status":"publish","type":"post","link":"https:\/\/viniciojarquin.com\/blog\/capitulo-42\/","title":{"rendered":"Cap\u00edtulo 42"},"content":{"rendered":"\n<p><strong>Los trajes que el mundo nos pone<\/strong><\/p>\n\n\n\n<p><strong>1. Claudia y yo<\/strong><\/p>\n\n\n\n<p>Hubo un momento, en medio de la campa\u00f1a, en el que me propuse algo que, visto a la distancia, suena casi ingenuo\u2026 pero profundamente honesto: entrevistar a todos los candidatos a la presidencia de la Rep\u00fablica, uno a uno. No como periodista. No como analista pol\u00edtico. Sino como ciudadano. Como alguien que quer\u00eda sentarse frente a cada uno y escuchar, m\u00e1s all\u00e1 del discurso. Y as\u00ed fui contactando a unos y a otros, entrando en conversaciones que, poco a poco, empezaron a tomar una vida propia.<\/p>\n\n\n\n<p>Con la mayor\u00eda, la din\u00e1mica era sencilla. Eran menores que yo, o al menos as\u00ed se sent\u00eda en la conversaci\u00f3n, y naturalmente les hablaba de vos. Hab\u00eda cercan\u00eda, una especie de horizontalidad inmediata que no necesitaba ser construida. Pero con ella no. Con Claudia Dobles algo cambiaba desde antes del primer encuentro. Hab\u00eda un t\u00edtulo que se impon\u00eda con una fuerza silenciosa: ex primera dama de la Rep\u00fablica. Y ese t\u00edtulo, al menos para m\u00ed, no pod\u00eda ser superado ni por la edad, ni por la intenci\u00f3n de cercan\u00eda. As\u00ed que le hablaba de usted. Y le dec\u00eda, con toda naturalidad, do\u00f1a Claudia.<\/p>\n\n\n\n<p>No fue f\u00e1cil lograr la entrevista. Su agenda estaba llena, como era de esperarse. Hubo intentos, coordinaciones, silencios\u2026 hasta que finalmente apareci\u00f3 un espacio. Un horario que, curiosamente, no me conven\u00eda. Y tuve que declinarlo. Pero hubo algo en ese intercambio que ya hablaba de ella: con amabilidad, me ofrecieron otra opci\u00f3n. Y esta vez s\u00ed. Y entonces nos sentamos.<\/p>\n\n\n\n<p>Tuvimos una reuni\u00f3n agradable. De esas que no necesitan adornos para ser recordadas. Est\u00e1 escrita, de hecho, en otro cap\u00edtulo, con m\u00e1s detalle. Pero lo importante aqu\u00ed no es lo que se dijo\u2026 sino lo que empez\u00f3 a construirse sin que uno lo note. Porque despu\u00e9s de eso, nos encontramos de nuevo. Una vez. Luego otra. En la Asamblea Legislativa. Encuentros breves, de pasillo, de esos que podr\u00edan quedarse en un simple saludo protocolario\u2026 pero no.<\/p>\n\n\n\n<p>Ella caminaba hasta donde yo estaba. Y eso, que podr\u00eda parecer un gesto peque\u00f1o, no lo es. En un mundo donde muchas veces las distancias se marcan con precisi\u00f3n quir\u00fargica, hay algo profundamente humano en acortarlas por decisi\u00f3n propia. Se acercaba, saludaba, sonre\u00eda. Con una amabilidad que no parec\u00eda ensayada. Y entonces, sin darme cuenta, algo cambi\u00f3.<\/p>\n\n\n\n<p>El \u201custed\u201d empez\u00f3 a quedarse atr\u00e1s. El \u201cdo\u00f1a Claudia\u201d se fue suavizando. Y un d\u00eda, simplemente, ya le hablaba de vos. Ya le dec\u00eda Claudia. No como una falta de respeto\u2026 sino como una transici\u00f3n natural hacia un lugar m\u00e1s humano, m\u00e1s cercano, m\u00e1s real. Pero hay algo m\u00e1s que empez\u00f3 a ocurrir\u2026 y eso me tom\u00f3 por sorpresa.<\/p>\n\n\n\n<p>Me ilusionaba verla. No lo esperaba. No lo estaba buscando. Pero pasaba. Estar en la Asamblea, en un pasillo cualquiera, en un espacio compartido\u2026 y de pronto verla entrar. Y sentir, sin mucho an\u00e1lisis, una especie de alegr\u00eda tranquila. Como cuando uno reconoce a alguien que le resulta bien. Que le cae bien de verdad. Y no era solo por lo que representa. Era por c\u00f3mo es.<\/p>\n\n\n\n<p>Porque Claudia \u2014m\u00e1s all\u00e1 del t\u00edtulo, m\u00e1s all\u00e1 del cargo, m\u00e1s all\u00e1 del momento\u2014 es una mujer sumamente agradable. Cercana. Risue\u00f1a. Con una calidez que no se impone, pero que se percibe. Hay en ella una combinaci\u00f3n poco com\u00fan: un temple fuerte, casi inevitable en el mundo en el que se mueve\u2026 y, al mismo tiempo, una suavidad que no desaparece detr\u00e1s de esa armadura. Es una presencia que no necesita levantar la voz para sentirse.<\/p>\n\n\n\n<p>Y s\u00ed, tambi\u00e9n es una mujer hermosa. De una belleza evidente, que en alg\u00fan momento incluso me atrev\u00ed a decirle \u2014tal vez con una insolencia que hoy podr\u00eda leerse de muchas formas\u2014, pero que en ese instante naci\u00f3 desde la honestidad m\u00e1s simple. Pero lo que realmente atrae\u2026 no es eso. Es lo otro. Ese equilibrio entre fortaleza y cercan\u00eda. Entre estructura y ternura. Entre lo que proyecta\u2026 y lo que deja entrever.<\/p>\n\n\n\n<p>La quinta vez que nos vimos fue en la funeraria Monte Sacro. Un escenario completamente distinto. M\u00e1s silencioso. M\u00e1s introspectivo. Tal vez m\u00e1s verdadero. Ah\u00ed tambi\u00e9n camin\u00f3 hasta donde yo estaba. Conversamos. Poco. Lo suficiente. Y cuando nos despedimos, not\u00e9 algo que me llam\u00f3 la atenci\u00f3n: iba sola. Sin escolta. Sin ese marco que muchas veces rodea a las figuras p\u00fablicas. Solo ella.<\/p>\n\n\n\n<p>Le ped\u00ed si me dejaba acompa\u00f1arla a la salida. Y caminamos.<\/p>\n\n\n\n<p>Caminamos hacia el parqueo. O tal vez camin\u00e1bamos ya dentro de \u00e9l, entre carros, entre luces que no terminan de iluminar del todo, en ese tipo de espacio donde las conversaciones cambian de tono sin que uno lo decida. Y entonces se lo dije. Le dije que hab\u00eda algo que me llamaba profundamente la atenci\u00f3n sobre su presencia.<\/p>\n\n\n\n<p>Que la hab\u00eda visto \u2014no solo f\u00edsicamente, sino simb\u00f3licamente\u2014 caminar por las calles del pa\u00eds en distintos momentos de su vida. Primero, cargando el t\u00edtulo de ex primera dama de la Rep\u00fablica, con todo el peso y el honor que ese t\u00edtulo representa en un pa\u00eds como el nuestro. Luego, caminando como candidata a la presidencia. Y eso es otra cosa.<\/p>\n\n\n\n<p>Ah\u00ed ya no es solo el respeto. Ah\u00ed es el juicio. La exposici\u00f3n. El cari\u00f1o de muchos\u2026 y el rechazo de otros. Los comentarios positivos. Los negativos. Las redes. Las miradas. Las expectativas. Las desilusiones. Le dije que deb\u00eda haber sido un proceso dif\u00edcil. Profundamente humano. Y ahora\u2026<\/p>\n\n\n\n<p>Ahora segu\u00eda siendo ex primera dama, s\u00ed, pero ya no era el centro de su identidad p\u00fablica. Ya no era candidata presidencial. Ahora era diputada electa de la Asamblea Legislativa. Otro escenario. Otra mirada. Otro lugar. Mientras hablaba, ella aminor\u00f3 un poco la velocidad. No me mir\u00f3. Y con una voz tranquila, como quien est\u00e1 a punto de explicar algo que ha pensado muchas veces, empez\u00f3 a decir:<\/p>\n\n\n\n<p><em>\u2014Bueno, yo creo que\u2026<\/em><\/p>\n\n\n\n<p>Pero no la dej\u00e9 terminar. La interrump\u00ed. No por falta de respeto. Sino por claridad.<\/p>\n\n\n\n<p><em>\u2014No \u2014le dije\u2014, no me expliques nada.<\/em><\/p>\n\n\n\n<p>Hubo un peque\u00f1o silencio.<\/p>\n\n\n\n<p><em>\u2014No quiero saber qu\u00e9 se siente \u2014continu\u00e9\u2014. No quiero saber c\u00f3mo manejaste ninguna de esas tres posiciones.<\/em><\/p>\n\n\n\n<p>Hice una pausa. Y entonces se lo dije como realmente lo sent\u00eda:<\/p>\n\n\n\n<p><em>\u2014Yo quiero saber c\u00f3mo te veo yo\u2026 en cualquiera de esas tres.<\/em><\/p>\n\n\n\n<p>Ah\u00ed ya no hablaba con la candidata. Ni con la ex primera dama. Ni con la diputada electa.<\/p>\n\n\n\n<p>Hablaba con Claudia.<\/p>\n\n\n\n<p><em>\u2014De eso me encargo yo \u2014le dije\u2014. De escribirlo.<\/em><\/p>\n\n\n\n<p>Y seguimos caminando.<\/p>\n\n\n\n<p><strong>2. Claudia, el proceso del cambio<\/strong><\/p>\n\n\n\n<p>Hay algo profundamente curioso en la forma en que vemos a las personas. No es solo qui\u00e9nes son\u2026 es desde d\u00f3nde las estamos mirando. Porque Claudia no cambi\u00f3 de un d\u00eda para otro. No dej\u00f3 de ser quien era para convertirse en alguien distinto. No hubo una ruptura, ni una transformaci\u00f3n abrupta que la separara en versiones inconexas de s\u00ed misma. Y sin embargo\u2026 para todos nosotros, s\u00ed cambi\u00f3.<\/p>\n\n\n\n<p>Primero fue la ex primera dama de la Rep\u00fablica. Y ese t\u00edtulo, en un pa\u00eds como el nuestro, no es menor. Tiene un peso simb\u00f3lico que se instala en la mirada colectiva. No hace falta que la persona diga nada. No hace falta que haga nada. El t\u00edtulo la antecede. La envuelve. La presenta. La gente no solo la ve\u2026 la reconoce. Y en ese reconocimiento hay respeto. Hay una forma de mirar que ya viene definida, como si el juicio ya estuviera suavemente decidido antes del encuentro.<\/p>\n\n\n\n<p>Despu\u00e9s, ese mismo cuerpo, esa misma persona, esa misma forma de caminar\u2026 se convierte en candidata a la presidencia. Y entonces todo cambia. No porque ella haya cambiado\u2026 sino porque el mundo decide mirarla distinto. Ya no es solo respeto. Ahora es opini\u00f3n. Aparecen los afectos m\u00e1s intensos\u2026 y tambi\u00e9n los rechazos m\u00e1s duros. Las redes sociales se llenan de voces. Algunas que la elevan. Otras que la cuestionan. Otras que la juzgan sin conocerla. Otras que la defienden con una pasi\u00f3n casi personal.<\/p>\n\n\n\n<p>Y en medio de todo eso\u2026 sigue siendo la misma mujer. Caminando. Respirando. Sonriendo. Sosteniendo.<\/p>\n\n\n\n<p>Debe ser un lugar extra\u00f1o ese. Ser querida por muchos\u2026 y al mismo tiempo no serlo por otros. Leer comentarios que abrazan\u2026 y otros que golpean. Sentir el apoyo\u2026 y tambi\u00e9n el peso de la cr\u00edtica constante. No como concepto. Sino en el cuerpo. Y luego\u2026 pasa algo m\u00e1s. El escenario vuelve a cambiar.<\/p>\n\n\n\n<p>Y ahora es diputada electa de la Asamblea Legislativa. Y otra vez, la mirada se reorganiza. El t\u00edtulo de ex primera dama queda atr\u00e1s, aunque no desaparece. La figura de candidata se disuelve, aunque todav\u00eda resuene en la memoria de quienes votaron\u2026 o no votaron por ella. Y aparece una nueva identidad p\u00fablica, con nuevas expectativas, nuevas formas de ser observada, nuevas maneras de ser interpretada. Pero ella\u2026 Sigue siendo ella.<\/p>\n\n\n\n<p>Y ah\u00ed es donde, tal vez, ocurre lo m\u00e1s interesante de todo. Porque mientras el mundo cambia de lentes una y otra vez\u2026 la persona que est\u00e1 siendo observada tiene que seguir habit\u00e1ndose a s\u00ed misma en medio de todas esas miradas. Como si tuviera que caminar, una y otra vez, por escenarios distintos\u2026 sin perder del todo el eje interno.<\/p>\n\n\n\n<p>Ah\u00ed es donde la met\u00e1fora empieza a tomar forma. No como algo decorativo. Sino como una forma de entender. Porque no es que Claudia haya sido una cosa\u2026 y luego otra\u2026 y luego otra distinta. Es que ha sido observada como distintas versiones de s\u00ed misma. Como si el mundo necesitara clasificarla para entenderla. Como si cada etapa fuera una especie de piel nueva\u2026 cuando en realidad, lo que cambia no siempre es la piel. A veces, lo que cambia\u2026 es la mirada.<\/p>\n\n\n\n<p>Y tal vez por eso, cuando la ve\u00eda caminar \u2014en cualquiera de esas versiones\u2014 hab\u00eda algo que no terminaba de encajar con la narrativa externa. Porque m\u00e1s all\u00e1 del t\u00edtulo\u2026 m\u00e1s all\u00e1 del rol\u2026 m\u00e1s all\u00e1 del momento pol\u00edtico\u2026 hab\u00eda una continuidad. Una forma de estar. Una manera de habitar el espacio. Una presencia que no depend\u00eda del cargo, ni del momento, ni del lugar en el que estaba siendo observada. Y eso\u2026 no es tan com\u00fan.<\/p>\n\n\n\n<p>Porque en muchos casos, los t\u00edtulos se vuelven trajes que transforman a quien los usa. Pero en otros\u2026 apenas son capas que el mundo proyecta sobre alguien que, en el fondo, sigue siendo la misma persona que camina, que sonr\u00ede, que se acerca, que saluda.<\/p>\n\n\n\n<p>Tal vez el verdadero proceso del cambio no est\u00e1 en pasar de un rol a otro. Tal vez est\u00e1 en sostenerse\u2026 mientras todo lo dem\u00e1s cambia alrededor. Y en ese sentido\u2026 la metamorfosis no siempre ocurre en quien cambia de escenario. A veces ocurre en quienes miran.<\/p>\n\n\n\n<p><strong>3. Alguien como Claudia<\/strong><\/p>\n\n\n\n<p>Hay algo que empez\u00f3 a incomodarme \u2014en el buen sentido\u2014 despu\u00e9s de esa conversaci\u00f3n. Y no ten\u00eda que ver solo con Claudia. Ten\u00eda que ver con todos nosotros. Porque mientras m\u00e1s pensaba en esos cambios de escenario \u2014ex primera dama, candidata presidencial, diputada electa\u2014 m\u00e1s evidente se volv\u00eda algo que normalmente pasamos por alto: que no somos una sola versi\u00f3n de nosotros mismos\u2026 y que tampoco somos vistos de una sola manera.<\/p>\n\n\n\n<p>Hay personas que nos conocen en un momento de la vida\u2026 y nos definen desde ah\u00ed. Otras nos encuentran en otra etapa\u2026 y construyen una imagen completamente distinta. Algunos nos admiran. Otros nos cuestionan. Otros simplemente no conectan. Y todo eso puede estar ocurriendo al mismo tiempo. Con la misma persona. Con el mismo nombre. Con la misma historia.<\/p>\n\n\n\n<p>Lo que cambia\u2026 no siempre es qui\u00e9n eres. Lo que cambia, muchas veces, es desde d\u00f3nde te est\u00e1n mirando.<\/p>\n\n\n\n<p>Hay d\u00edas en los que eres bien recibido. En los que tu presencia suma. En los que lo que dices encuentra eco. Y hay otros d\u00edas en los que no. D\u00edas en los que lo mismo que dijiste antes, ahora incomoda. En los que tu forma de ser no encaja. En los que alguien decide que no eres lo que esperaba.<\/p>\n\n\n\n<p>Y entonces, sin darte cuenta, empiezas a preguntarte si cambiaste. Si hiciste algo distinto. Si te moviste de lugar. Pero a veces no. A veces lo \u00fanico que cambi\u00f3\u2026 fue el escenario. Y con \u00e9l, la mirada de los dem\u00e1s.<\/p>\n\n\n\n<p>Tal vez por eso nos cuesta tanto transitar los cambios. No por lo que implican hacia adentro\u2026 sino por lo que provocan hacia afuera. Porque cada nueva etapa trae consigo una nueva forma de ser interpretado. Una nueva etiqueta. Una nueva narrativa. Una nueva versi\u00f3n de ti\u2026 que no necesariamente elegiste.<\/p>\n\n\n\n<p>Y en medio de todo eso\u2026 hay algo que rara vez nos ense\u00f1an. C\u00f3mo sostenernos.<\/p>\n\n\n\n<p>C\u00f3mo seguir siendo nosotros\u2026 aunque el mundo no termine de ponerse de acuerdo sobre qui\u00e9nes somos. C\u00f3mo no perdernos en la suma de opiniones, de miradas, de juicios, de expectativas. C\u00f3mo no empezar a vivir en funci\u00f3n de la versi\u00f3n que otros construyen de nosotros en cada momento.<\/p>\n\n\n\n<p>Porque si algo se vuelve evidente cuando uno observa estos procesos con atenci\u00f3n\u2026 es que el verdadero desaf\u00edo no est\u00e1 en cambiar de rol. Est\u00e1 en no confundirte con el rol. En no creerte completamente la versi\u00f3n que otros construyen de ti en cada etapa. En recordar \u2014aunque a veces cueste\u2014 que eres m\u00e1s que el momento que est\u00e1s atravesando.<\/p>\n\n\n\n<p>M\u00e1s que el t\u00edtulo que llevas. M\u00e1s que la percepci\u00f3n que alguien tiene de ti. Y tal vez ah\u00ed\u2026 sin decirlo en voz alta\u2026 es donde empieza a aparecer algo que va m\u00e1s all\u00e1 de Claudia. Algo que nos incluye a todos. Porque, en el fondo, todos hemos sido \u2014o seremos\u2014 alguien distinto para alguien m\u00e1s. Y el reto no est\u00e1 en evitarlo.<\/p>\n\n\n\n<p>Est\u00e1 en no olvidarte de qui\u00e9n eres\u2026 mientras eso ocurre.<\/p>\n\n\n\n<p><strong>4. Claudia y yo, otra vez<\/strong><\/p>\n\n\n\n<p>Hay algo que necesito decir antes de avanzar. De ninguna manera me atrever\u00eda a comparar la vida de Claudia con la m\u00eda. Ni sus procesos con los m\u00edos. Ni mucho menos sus t\u00edtulos, sus responsabilidades o los escenarios en los que ha estado. Ser\u00eda injusto. Y ser\u00eda impreciso. Pero aun as\u00ed\u2026 hay un punto en el que las historias humanas, aunque distintas en forma, empiezan a tocarse.<\/p>\n\n\n\n<p>Porque si algo se vuelve evidente cuando uno observa con detenimiento el recorrido de Claudia, es que cada una de sus etapas \u2014primera dama, ex primera dama, candidata presidencial, diputada electa\u2014 no apareci\u00f3 por accidente. Fueron decisiones. Fueron caminos elegidos, trabajados, asumidos. Cada uno de esos roles, con todo lo que implican, tiene detr\u00e1s una intenci\u00f3n. Una preparaci\u00f3n. Una disposici\u00f3n a habitar ese lugar, con todo lo que trae. Y eso cambia mucho las cosas.<\/p>\n\n\n\n<p>Porque cuando uno decide entrar en un escenario\u2026 de alguna forma tambi\u00e9n se prepara, aunque sea internamente, para lo que puede venir. Para la exposici\u00f3n. Para la mirada. Para la opini\u00f3n. Para todo lo que ese nuevo lugar activa en los dem\u00e1s.<\/p>\n\n\n\n<p>Pero hay otra forma de llegar a esos espacios. Y esa\u2026 es la que yo he vivido.<\/p>\n\n\n\n<p>Yo ven\u00eda caminando mi vida desde otros trajes. El de artista pl\u00e1stico. El de escritor publicado. El de empresario. Espacios m\u00e1s \u00edntimos. M\u00e1s controlados. M\u00e1s elegidos en t\u00e9rminos de alcance. Lugares donde uno decide hasta d\u00f3nde llega, con qui\u00e9n conecta, c\u00f3mo se muestra.<\/p>\n\n\n\n<p>Hasta que, de un momento a otro \u2014y cuando digo de un momento a otro, hablo de cuesti\u00f3n de d\u00edas, de semanas\u2014 la vida decidi\u00f3 moverme de lugar. Sin aviso. Sin preparaci\u00f3n. Sin pedir permiso. Y de pronto\u2026 estaba bajo los reflectores.<\/p>\n\n\n\n<p>De pronto, me deten\u00edan en la calle. Me saludaban personas que no conoc\u00eda. Recib\u00eda comentarios positivos, palabras de apoyo, gestos de cercan\u00eda de gente con la que nunca hab\u00eda cruzado una sola conversaci\u00f3n.<\/p>\n\n\n\n<p>Y no te voy a mentir\u2026 Me cost\u00f3. No porque fuera algo negativo. Sino porque era nuevo. Porque nadie te ense\u00f1a c\u00f3mo habitar ese lugar cuando no lo buscaste de esa forma. Cuando no lo planificaste. Cuando simplemente\u2026 ocurre.<\/p>\n\n\n\n<p>Hay algo muy particular en pasar de ser una persona que se mueve en su propio mundo\u2026 a convertirse, de pronto, en alguien observado. No necesariamente juzgado. No necesariamente cuestionado. Pero s\u00ed visto. Y eso cambia cosas.<\/p>\n\n\n\n<p>Cambia c\u00f3mo caminas. Cambia c\u00f3mo hablas. Cambia incluso c\u00f3mo te percibes a ti mismo. Empiezas a notar detalles que antes no importaban. Empiezas a ser consciente de la mirada del otro, incluso cuando no est\u00e1 presente.<\/p>\n\n\n\n<p>Y entonces, inevitablemente, me hago una pregunta. Una pregunta que no tiene respuesta simple. No s\u00e9 qu\u00e9 es m\u00e1s f\u00e1cil. No s\u00e9 si es m\u00e1s llevadero transitar esos cambios cuando han sido elegidos de previo, cuando han sido construidos paso a paso, cuando uno ha decidido \u2014conscientemente\u2014 entrar en ese tipo de escenarios.<\/p>\n\n\n\n<p>O si, de alguna forma, es m\u00e1s sencillo cuando la vida te toma por sorpresa y te coloca ah\u00ed, sin darte tiempo de pensarlo demasiado.<\/p>\n\n\n\n<p>No lo s\u00e9.<\/p>\n\n\n\n<p>Pero lo que s\u00ed s\u00e9\u2026 es que en ambos casos hay algo en com\u00fan.<\/p>\n\n\n\n<p>Y es ese momento en el que tienes que aprender, casi sobre la marcha, a habitar una versi\u00f3n de ti que antes no exist\u00eda en ese nivel. A sostener una mirada externa que no siempre controlas. A convivir con una percepci\u00f3n que ya no depende solo de qui\u00e9n eres\u2026 sino tambi\u00e9n de d\u00f3nde est\u00e1s.<\/p>\n\n\n\n<p>Y tal vez por eso\u2026 Tal vez por eso aquella conversaci\u00f3n, aquella caminata, aquella escena en un parqueo aparentemente simple\u2026 ten\u00eda m\u00e1s profundidad de la que parec\u00eda. Porque, de alguna forma, sin decirlo del todo\u2026<\/p>\n\n\n\n<p>Est\u00e1bamos hablando de lo mismo.<\/p>\n\n\n\n<p><strong>5. Claudia y la farmacodin\u00e1mica<\/strong><\/p>\n\n\n\n<p>En el libro que actualmente escribo sobre farmacodin\u00e1mica, hay una idea que me ha acompa\u00f1ado desde el inicio. La farmacodin\u00e1mica, en t\u00e9rminos sencillos, estudia qu\u00e9 hace un medicamento en el cuerpo\u2026 y c\u00f3mo reacciona el cuerpo ante ese medicamento. No es solo la sustancia. Es la interacci\u00f3n.<\/p>\n\n\n\n<p>Porque un mismo compuesto puede generar efectos distintos dependiendo del organismo que lo recibe. Del contexto. Del momento. De la dosis. De las condiciones internas. Nada ocurre en el vac\u00edo. Todo es relaci\u00f3n.<\/p>\n\n\n\n<p>Y mientras m\u00e1s avanzo en ese libro\u2026 m\u00e1s empiezo a ver esa misma l\u00f3gica fuera del cuerpo humano. M\u00e1s empiezo a verla en las personas. M\u00e1s empiezo a verla en el poder.<\/p>\n\n\n\n<p>Si lo pienso as\u00ed\u2026 Claudia hubiera sido un cap\u00edtulo perfecto. No por lo que representa\u2026 sino por lo que permite observar.<\/p>\n\n\n\n<p>Porque su recorrido reciente ofrece algo muy particular: la posibilidad de ver c\u00f3mo una misma persona \u2014con una misma esencia, una misma presencia, una misma forma de estar\u2014 genera respuestas distintas en un mismo \u201corganismo social\u201d, dependiendo del rol que ocupa. Como ex primera dama, el efecto es uno. Como candidata presidencial, el efecto cambia. Como diputada electa, vuelve a transformarse.<\/p>\n\n\n\n<p>No necesariamente porque ella haya cambiado en lo esencial\u2026 sino porque el \u201ccuerpo\u201d que la observa \u2014el pa\u00eds, la gente, las redes, la opini\u00f3n p\u00fablica\u2014 reacciona distinto seg\u00fan el contexto en el que aparece.<\/p>\n\n\n\n<p>Y ah\u00ed es donde la met\u00e1fora deja de ser met\u00e1fora\u2026 y empieza a sentirse real.<\/p>\n\n\n\n<p>Porque no estamos hablando solo de Claudia. Estamos hablando de c\u00f3mo funciona la percepci\u00f3n. De c\u00f3mo una misma presencia puede ser recibida con respeto, con entusiasmo o con rechazo\u2026 dependiendo del escenario en el que se manifieste. De c\u00f3mo el poder \u2014o la cercan\u00eda al poder\u2014 act\u00faa como una especie de \u201cdosis\u201d que modifica la respuesta del entorno.<\/p>\n\n\n\n<p>En alg\u00fan momento pens\u00e9 en desarrollar ese cap\u00edtulo. Seguirle el rastro. Observar su paso como diputada electa. Ver c\u00f3mo evoluciona esa interacci\u00f3n entre su presencia\u2026 y la reacci\u00f3n del \u201ccuerpo\u201d que la rodea.<\/p>\n\n\n\n<p>Pero luego entend\u00ed algo.<\/p>\n\n\n\n<p>Ya he tenido suficientes encuentros con ella. Est\u00e1 atravesando distintas etapas de su vida. Y tal vez no ser\u00eda lo m\u00e1s correcto convertir ese proceso en un objeto de estudio tan directo, tan expuesto, tan observado desde afuera.<\/p>\n\n\n\n<p>Y entonces, sin propon\u00e9rmelo del todo\u2026 Este texto empez\u00f3 a ocupar ese lugar. Como si, de alguna forma, hubiera decidido por s\u00ed mismo formar parte de ese libro. No como un an\u00e1lisis t\u00e9cnico. Sino como una observaci\u00f3n humana. Porque al final\u2026 la farmacodin\u00e1mica no es solo una cuesti\u00f3n de medicina.<\/p>\n\n\n\n<p>Es una forma de entender c\u00f3mo interactuamos con el mundo. C\u00f3mo somos recibidos. C\u00f3mo somos interpretados. C\u00f3mo cambiamos \u2014o parecemos cambiar\u2014 seg\u00fan el entorno en el que nos movemos.<\/p>\n\n\n\n<p>Y c\u00f3mo, muchas veces, lo que creemos que somos\u2026 no es lo mismo que los dem\u00e1s experimentan cuando entramos en escena.<\/p>\n\n\n\n<p><strong>6. El traje y la esencia<\/strong><\/p>\n\n\n\n<p>Hay algo que se vuelve evidente cuando uno mira con suficiente calma todos estos procesos. No somos una sola cosa. No somos un solo t\u00edtulo. No somos una sola etapa. No somos una sola versi\u00f3n de nosotros mismos. A lo largo de la vida vamos transitando distintos escenarios\u2026 y en cada uno de ellos parece que nos ponemos un traje distinto.<\/p>\n\n\n\n<p>Un traje que el mundo reconoce. Que el mundo nombra. Que el mundo interpreta. Y que, muchas veces, el mundo da por definitivo\u2026 aunque no lo sea.<\/p>\n\n\n\n<p>A veces ese traje viene acompa\u00f1ado de respeto. Otras veces de expectativa. Otras de cr\u00edtica. Otras de admiraci\u00f3n. Y en medio de todo eso\u2026 est\u00e1 la persona. La que sigue siendo. La que cambia\u2026 pero no se pierde del todo. La que se adapta\u2026 pero no desaparece. Tal vez el mayor desaf\u00edo no est\u00e1 en cambiar de traje. Est\u00e1 en no olvidar que el traje no eres t\u00fa.<\/p>\n\n\n\n<p>Que es solo una forma en la que el mundo decide verte en un momento determinado. Y que, tarde o temprano, ese traje cambia. Se guarda. Se transforma. Se reemplaza por otro. Pero hay algo que, si uno logra sostenerlo, permanece. Una forma de estar. Una forma de mirar. Una forma de relacionarse con los dem\u00e1s. Una esencia.<\/p>\n\n\n\n<p>Y cuando esa esencia logra atravesar los distintos escenarios sin romperse, sin endurecerse demasiado, sin perder del todo su humanidad\u2026 se vuelve visible. No importa el t\u00edtulo. No importa el rol. No importa la etapa. Se siente.<\/p>\n\n\n\n<p>Dicho todo lo anterior sobre Claudia\u2026 y tambi\u00e9n sobre m\u00ed\u2026 y aun sabiendo que, como autor de este libro, como escritor, como alguien que observa, analiza y reflexiona, podr\u00eda cerrar estas l\u00edneas desde ese lugar\u2026 decido cambiarme de traje. Y hablar, simplemente, como persona.<\/p>\n\n\n\n<p>Ciertamente, Claudia es alguien que me gusta. En todas sus etapas. Y lo digo a t\u00edtulo personal. Es alguien que me gustar\u00eda tener cerca. Es alguien que me gustar\u00eda ver con regularidad. Y es, para m\u00ed \u2014independientemente del momento en el que est\u00e9\u2014 la se\u00f1ora Primera Dama de la Rep\u00fablica.<\/p>\n","protected":false},"excerpt":{"rendered":"<p>Los trajes que el mundo nos pone 1. Claudia y yo Hubo un momento, en medio de la campa\u00f1a, en [&hellip;]<\/p>\n","protected":false},"author":1,"featured_media":0,"comment_status":"open","ping_status":"open","sticky":false,"template":"","format":"standard","meta":{"site-sidebar-layout":"default","site-content-layout":"","ast-site-content-layout":"","site-content-style":"default","site-sidebar-style":"default","ast-global-header-display":"","ast-banner-title-visibility":"","ast-main-header-display":"","ast-hfb-above-header-display":"","ast-hfb-below-header-display":"","ast-hfb-mobile-header-display":"","site-post-title":"","ast-breadcrumbs-content":"","ast-featured-img":"","footer-sml-layout":"","theme-transparent-header-meta":"","adv-header-id-meta":"","stick-header-meta":"","header-above-stick-meta":"","header-main-stick-meta":"","header-below-stick-meta":"","astra-migrate-meta-layouts":"default","ast-page-background-enabled":"default","ast-page-background-meta":{"desktop":{"background-color":"var(--ast-global-color-5)","background-image":"","background-repeat":"repeat","background-position":"center center","background-size":"auto","background-attachment":"scroll","background-type":"","background-media":"","overlay-type":"","overlay-color":"","overlay-opacity":"","overlay-gradient":""},"tablet":{"background-color":"","background-image":"","background-repeat":"repeat","background-position":"center center","background-size":"auto","background-attachment":"scroll","background-type":"","background-media":"","overlay-type":"","overlay-color":"","overlay-opacity":"","overlay-gradient":""},"mobile":{"background-color":"","background-image":"","background-repeat":"repeat","background-position":"center center","background-size":"auto","background-attachment":"scroll","background-type":"","background-media":"","overlay-type":"","overlay-color":"","overlay-opacity":"","overlay-gradient":""}},"ast-content-background-meta":{"desktop":{"background-color":"var(--ast-global-color-4)","background-image":"","background-repeat":"repeat","background-position":"center center","background-size":"auto","background-attachment":"scroll","background-type":"","background-media":"","overlay-type":"","overlay-color":"","overlay-opacity":"","overlay-gradient":""},"tablet":{"background-color":"var(--ast-global-color-4)","background-image":"","background-repeat":"repeat","background-position":"center center","background-size":"auto","background-attachment":"scroll","background-type":"","background-media":"","overlay-type":"","overlay-color":"","overlay-opacity":"","overlay-gradient":""},"mobile":{"background-color":"var(--ast-global-color-4)","background-image":"","background-repeat":"repeat","background-position":"center center","background-size":"auto","background-attachment":"scroll","background-type":"","background-media":"","overlay-type":"","overlay-color":"","overlay-opacity":"","overlay-gradient":""}},"footnotes":""},"categories":[1],"tags":[],"class_list":["post-3069","post","type-post","status-publish","format-standard","hentry","category-uncategorized"],"yoast_head":"<!-- This site is optimized with the Yoast SEO plugin v26.0 - https:\/\/yoast.com\/wordpress\/plugins\/seo\/ -->\n<title>Cap\u00edtulo 42 - MI BLOG<\/title>\n<meta name=\"robots\" content=\"index, follow, max-snippet:-1, max-image-preview:large, max-video-preview:-1\" \/>\n<link rel=\"canonical\" href=\"https:\/\/viniciojarquin.com\/blog\/capitulo-42\/\" \/>\n<meta property=\"og:locale\" content=\"es_ES\" \/>\n<meta property=\"og:type\" content=\"article\" \/>\n<meta property=\"og:title\" content=\"Cap\u00edtulo 42 - MI BLOG\" \/>\n<meta property=\"og:description\" content=\"Los trajes que el mundo nos pone 1. Claudia y yo Hubo un momento, en medio de la campa\u00f1a, en [&hellip;]\" \/>\n<meta property=\"og:url\" content=\"https:\/\/viniciojarquin.com\/blog\/capitulo-42\/\" \/>\n<meta property=\"og:site_name\" content=\"MI BLOG\" \/>\n<meta property=\"article:publisher\" content=\"https:\/\/www.facebook.com\/vinicio.jarquin\" \/>\n<meta property=\"article:author\" content=\"https:\/\/www.facebook.com\/vinicio.jarquin\" \/>\n<meta property=\"article:published_time\" content=\"2026-03-19T15:47:59+00:00\" \/>\n<meta property=\"article:modified_time\" content=\"2026-03-19T15:48:01+00:00\" \/>\n<meta name=\"author\" content=\"Vinicio Jarqu\u00edn\" \/>\n<meta name=\"twitter:card\" content=\"summary_large_image\" \/>\n<meta name=\"twitter:label1\" content=\"Escrito por\" \/>\n\t<meta name=\"twitter:data1\" content=\"Vinicio Jarqu\u00edn\" \/>\n\t<meta name=\"twitter:label2\" content=\"Tiempo de lectura\" \/>\n\t<meta name=\"twitter:data2\" content=\"18 minutos\" \/>\n<script type=\"application\/ld+json\" class=\"yoast-schema-graph\">{\"@context\":\"https:\/\/schema.org\",\"@graph\":[{\"@type\":\"Article\",\"@id\":\"https:\/\/viniciojarquin.com\/blog\/capitulo-42\/#article\",\"isPartOf\":{\"@id\":\"https:\/\/viniciojarquin.com\/blog\/capitulo-42\/\"},\"author\":{\"name\":\"Vinicio Jarqu\u00edn\",\"@id\":\"https:\/\/viniciojarquin.com\/blog\/#\/schema\/person\/90100c8845ae55462ec0657d3d2f8d3b\"},\"headline\":\"Cap\u00edtulo 42\",\"datePublished\":\"2026-03-19T15:47:59+00:00\",\"dateModified\":\"2026-03-19T15:48:01+00:00\",\"mainEntityOfPage\":{\"@id\":\"https:\/\/viniciojarquin.com\/blog\/capitulo-42\/\"},\"wordCount\":4019,\"commentCount\":0,\"publisher\":{\"@id\":\"https:\/\/viniciojarquin.com\/blog\/#\/schema\/person\/90100c8845ae55462ec0657d3d2f8d3b\"},\"articleSection\":[\"Uncategorized\"],\"inLanguage\":\"es\",\"potentialAction\":[{\"@type\":\"CommentAction\",\"name\":\"Comment\",\"target\":[\"https:\/\/viniciojarquin.com\/blog\/capitulo-42\/#respond\"]}]},{\"@type\":\"WebPage\",\"@id\":\"https:\/\/viniciojarquin.com\/blog\/capitulo-42\/\",\"url\":\"https:\/\/viniciojarquin.com\/blog\/capitulo-42\/\",\"name\":\"Cap\u00edtulo 42 - MI BLOG\",\"isPartOf\":{\"@id\":\"https:\/\/viniciojarquin.com\/blog\/#website\"},\"datePublished\":\"2026-03-19T15:47:59+00:00\",\"dateModified\":\"2026-03-19T15:48:01+00:00\",\"breadcrumb\":{\"@id\":\"https:\/\/viniciojarquin.com\/blog\/capitulo-42\/#breadcrumb\"},\"inLanguage\":\"es\",\"potentialAction\":[{\"@type\":\"ReadAction\",\"target\":[\"https:\/\/viniciojarquin.com\/blog\/capitulo-42\/\"]}]},{\"@type\":\"BreadcrumbList\",\"@id\":\"https:\/\/viniciojarquin.com\/blog\/capitulo-42\/#breadcrumb\",\"itemListElement\":[{\"@type\":\"ListItem\",\"position\":1,\"name\":\"Portada\",\"item\":\"https:\/\/viniciojarquin.com\/blog\/\"},{\"@type\":\"ListItem\",\"position\":2,\"name\":\"Cap\u00edtulo 42\"}]},{\"@type\":\"WebSite\",\"@id\":\"https:\/\/viniciojarquin.com\/blog\/#website\",\"url\":\"https:\/\/viniciojarquin.com\/blog\/\",\"name\":\"Vinicio Jarqu\u00edn BLOG\",\"description\":\"\",\"publisher\":{\"@id\":\"https:\/\/viniciojarquin.com\/blog\/#\/schema\/person\/90100c8845ae55462ec0657d3d2f8d3b\"},\"potentialAction\":[{\"@type\":\"SearchAction\",\"target\":{\"@type\":\"EntryPoint\",\"urlTemplate\":\"https:\/\/viniciojarquin.com\/blog\/?s={search_term_string}\"},\"query-input\":{\"@type\":\"PropertyValueSpecification\",\"valueRequired\":true,\"valueName\":\"search_term_string\"}}],\"inLanguage\":\"es\"},{\"@type\":[\"Person\",\"Organization\"],\"@id\":\"https:\/\/viniciojarquin.com\/blog\/#\/schema\/person\/90100c8845ae55462ec0657d3d2f8d3b\",\"name\":\"Vinicio Jarqu\u00edn\",\"image\":{\"@type\":\"ImageObject\",\"inLanguage\":\"es\",\"@id\":\"https:\/\/viniciojarquin.com\/blog\/#\/schema\/person\/image\/\",\"url\":\"https:\/\/viniciojarquin.com\/blog\/wp-content\/uploads\/2024\/10\/Logo-VinicioJarquin-original-400.png\",\"contentUrl\":\"https:\/\/viniciojarquin.com\/blog\/wp-content\/uploads\/2024\/10\/Logo-VinicioJarquin-original-400.png\",\"width\":400,\"height\":130,\"caption\":\"Vinicio Jarqu\u00edn\"},\"logo\":{\"@id\":\"https:\/\/viniciojarquin.com\/blog\/#\/schema\/person\/image\/\"},\"description\":\"Empresario textil, artista pl\u00e1stico, escritor, coach de vida y fot\u00f3grafo.\",\"sameAs\":[\"https:\/\/viniciojarquin.com\/blog\",\"https:\/\/www.facebook.com\/vinicio.jarquin\",\"https:\/\/www.instagram.com\/vinicio_jarquin\/\",\"https:\/\/www.pinterest.com\/vinnyjc\/\",\"https:\/\/www.youtube.com\/@VinicioJarquin\"],\"url\":\"https:\/\/viniciojarquin.com\/blog\/author\/admin_s02au25i\/\"}]}<\/script>\n<!-- \/ Yoast SEO plugin. -->","yoast_head_json":{"title":"Cap\u00edtulo 42 - MI BLOG","robots":{"index":"index","follow":"follow","max-snippet":"max-snippet:-1","max-image-preview":"max-image-preview:large","max-video-preview":"max-video-preview:-1"},"canonical":"https:\/\/viniciojarquin.com\/blog\/capitulo-42\/","og_locale":"es_ES","og_type":"article","og_title":"Cap\u00edtulo 42 - MI BLOG","og_description":"Los trajes que el mundo nos pone 1. Claudia y yo Hubo un momento, en medio de la campa\u00f1a, en [&hellip;]","og_url":"https:\/\/viniciojarquin.com\/blog\/capitulo-42\/","og_site_name":"MI BLOG","article_publisher":"https:\/\/www.facebook.com\/vinicio.jarquin","article_author":"https:\/\/www.facebook.com\/vinicio.jarquin","article_published_time":"2026-03-19T15:47:59+00:00","article_modified_time":"2026-03-19T15:48:01+00:00","author":"Vinicio Jarqu\u00edn","twitter_card":"summary_large_image","twitter_misc":{"Escrito por":"Vinicio Jarqu\u00edn","Tiempo de lectura":"18 minutos"},"schema":{"@context":"https:\/\/schema.org","@graph":[{"@type":"Article","@id":"https:\/\/viniciojarquin.com\/blog\/capitulo-42\/#article","isPartOf":{"@id":"https:\/\/viniciojarquin.com\/blog\/capitulo-42\/"},"author":{"name":"Vinicio Jarqu\u00edn","@id":"https:\/\/viniciojarquin.com\/blog\/#\/schema\/person\/90100c8845ae55462ec0657d3d2f8d3b"},"headline":"Cap\u00edtulo 42","datePublished":"2026-03-19T15:47:59+00:00","dateModified":"2026-03-19T15:48:01+00:00","mainEntityOfPage":{"@id":"https:\/\/viniciojarquin.com\/blog\/capitulo-42\/"},"wordCount":4019,"commentCount":0,"publisher":{"@id":"https:\/\/viniciojarquin.com\/blog\/#\/schema\/person\/90100c8845ae55462ec0657d3d2f8d3b"},"articleSection":["Uncategorized"],"inLanguage":"es","potentialAction":[{"@type":"CommentAction","name":"Comment","target":["https:\/\/viniciojarquin.com\/blog\/capitulo-42\/#respond"]}]},{"@type":"WebPage","@id":"https:\/\/viniciojarquin.com\/blog\/capitulo-42\/","url":"https:\/\/viniciojarquin.com\/blog\/capitulo-42\/","name":"Cap\u00edtulo 42 - MI BLOG","isPartOf":{"@id":"https:\/\/viniciojarquin.com\/blog\/#website"},"datePublished":"2026-03-19T15:47:59+00:00","dateModified":"2026-03-19T15:48:01+00:00","breadcrumb":{"@id":"https:\/\/viniciojarquin.com\/blog\/capitulo-42\/#breadcrumb"},"inLanguage":"es","potentialAction":[{"@type":"ReadAction","target":["https:\/\/viniciojarquin.com\/blog\/capitulo-42\/"]}]},{"@type":"BreadcrumbList","@id":"https:\/\/viniciojarquin.com\/blog\/capitulo-42\/#breadcrumb","itemListElement":[{"@type":"ListItem","position":1,"name":"Portada","item":"https:\/\/viniciojarquin.com\/blog\/"},{"@type":"ListItem","position":2,"name":"Cap\u00edtulo 42"}]},{"@type":"WebSite","@id":"https:\/\/viniciojarquin.com\/blog\/#website","url":"https:\/\/viniciojarquin.com\/blog\/","name":"Vinicio Jarqu\u00edn BLOG","description":"","publisher":{"@id":"https:\/\/viniciojarquin.com\/blog\/#\/schema\/person\/90100c8845ae55462ec0657d3d2f8d3b"},"potentialAction":[{"@type":"SearchAction","target":{"@type":"EntryPoint","urlTemplate":"https:\/\/viniciojarquin.com\/blog\/?s={search_term_string}"},"query-input":{"@type":"PropertyValueSpecification","valueRequired":true,"valueName":"search_term_string"}}],"inLanguage":"es"},{"@type":["Person","Organization"],"@id":"https:\/\/viniciojarquin.com\/blog\/#\/schema\/person\/90100c8845ae55462ec0657d3d2f8d3b","name":"Vinicio Jarqu\u00edn","image":{"@type":"ImageObject","inLanguage":"es","@id":"https:\/\/viniciojarquin.com\/blog\/#\/schema\/person\/image\/","url":"https:\/\/viniciojarquin.com\/blog\/wp-content\/uploads\/2024\/10\/Logo-VinicioJarquin-original-400.png","contentUrl":"https:\/\/viniciojarquin.com\/blog\/wp-content\/uploads\/2024\/10\/Logo-VinicioJarquin-original-400.png","width":400,"height":130,"caption":"Vinicio Jarqu\u00edn"},"logo":{"@id":"https:\/\/viniciojarquin.com\/blog\/#\/schema\/person\/image\/"},"description":"Empresario textil, artista pl\u00e1stico, escritor, coach de vida y fot\u00f3grafo.","sameAs":["https:\/\/viniciojarquin.com\/blog","https:\/\/www.facebook.com\/vinicio.jarquin","https:\/\/www.instagram.com\/vinicio_jarquin\/","https:\/\/www.pinterest.com\/vinnyjc\/","https:\/\/www.youtube.com\/@VinicioJarquin"],"url":"https:\/\/viniciojarquin.com\/blog\/author\/admin_s02au25i\/"}]}},"blog_post_layout_featured_media_urls":{"thumbnail":"","full":""},"categories_names":{"1":{"name":"Uncategorized","link":"https:\/\/viniciojarquin.com\/blog\/category\/uncategorized\/"}},"tags_names":[],"comments_number":"0","_links":{"self":[{"href":"https:\/\/viniciojarquin.com\/blog\/wp-json\/wp\/v2\/posts\/3069","targetHints":{"allow":["GET"]}}],"collection":[{"href":"https:\/\/viniciojarquin.com\/blog\/wp-json\/wp\/v2\/posts"}],"about":[{"href":"https:\/\/viniciojarquin.com\/blog\/wp-json\/wp\/v2\/types\/post"}],"author":[{"embeddable":true,"href":"https:\/\/viniciojarquin.com\/blog\/wp-json\/wp\/v2\/users\/1"}],"replies":[{"embeddable":true,"href":"https:\/\/viniciojarquin.com\/blog\/wp-json\/wp\/v2\/comments?post=3069"}],"version-history":[{"count":1,"href":"https:\/\/viniciojarquin.com\/blog\/wp-json\/wp\/v2\/posts\/3069\/revisions"}],"predecessor-version":[{"id":3070,"href":"https:\/\/viniciojarquin.com\/blog\/wp-json\/wp\/v2\/posts\/3069\/revisions\/3070"}],"wp:attachment":[{"href":"https:\/\/viniciojarquin.com\/blog\/wp-json\/wp\/v2\/media?parent=3069"}],"wp:term":[{"taxonomy":"category","embeddable":true,"href":"https:\/\/viniciojarquin.com\/blog\/wp-json\/wp\/v2\/categories?post=3069"},{"taxonomy":"post_tag","embeddable":true,"href":"https:\/\/viniciojarquin.com\/blog\/wp-json\/wp\/v2\/tags?post=3069"}],"curies":[{"name":"wp","href":"https:\/\/api.w.org\/{rel}","templated":true}]}}