{"id":3103,"date":"2026-03-21T21:12:05","date_gmt":"2026-03-21T21:12:05","guid":{"rendered":"https:\/\/viniciojarquin.com\/blog\/?p=3103"},"modified":"2026-03-21T21:12:07","modified_gmt":"2026-03-21T21:12:07","slug":"cuando-el-respeto-se-vuelve-opcional","status":"publish","type":"post","link":"https:\/\/viniciojarquin.com\/blog\/cuando-el-respeto-se-vuelve-opcional\/","title":{"rendered":"Cuando el respeto se vuelve opcional"},"content":{"rendered":"\n<figure class=\"wp-block-image size-full\"><img decoding=\"async\" width=\"800\" height=\"800\" data-src=\"https:\/\/viniciojarquin.com\/blog\/wp-content\/uploads\/2026\/03\/Cuando-el-respeto-se-vuelve-opcional.png\" alt=\"\" class=\"wp-image-3104 lazyload\" data-srcset=\"https:\/\/viniciojarquin.com\/blog\/wp-content\/uploads\/2026\/03\/Cuando-el-respeto-se-vuelve-opcional.png 800w, https:\/\/viniciojarquin.com\/blog\/wp-content\/uploads\/2026\/03\/Cuando-el-respeto-se-vuelve-opcional-300x300.png 300w, https:\/\/viniciojarquin.com\/blog\/wp-content\/uploads\/2026\/03\/Cuando-el-respeto-se-vuelve-opcional-150x150.png 150w, https:\/\/viniciojarquin.com\/blog\/wp-content\/uploads\/2026\/03\/Cuando-el-respeto-se-vuelve-opcional-768x768.png 768w\" data-sizes=\"(max-width: 800px) 100vw, 800px\" src=\"data:image\/svg+xml;base64,PHN2ZyB3aWR0aD0iMSIgaGVpZ2h0PSIxIiB4bWxucz0iaHR0cDovL3d3dy53My5vcmcvMjAwMC9zdmciPjwvc3ZnPg==\" style=\"--smush-placeholder-width: 800px; --smush-placeholder-aspect-ratio: 800\/800;\" \/><\/figure>\n\n\n\n<p>Costa Rica sigue siendo un Estado de derecho. Y esa no es una frase decorativa ni un concepto lejano. Es la base que sostiene todo lo dem\u00e1s. Es lo que permite que existan reglas claras, l\u00edmites definidos y, sobre todo, equilibrio entre los poderes y las instituciones. Por eso, cada vez que una instituci\u00f3n es irrespetada desde otro poder de la Rep\u00fablica, no es un detalle menor\u2026 es una se\u00f1al que deber\u00edas observar con atenci\u00f3n.<\/p>\n\n\n\n<p>No se trata de estar de acuerdo o en desacuerdo con una instituci\u00f3n espec\u00edfica. Se trata de entender que las instituciones, incluso las descentralizadas, no est\u00e1n ah\u00ed para agradar, sino para cumplir funciones dentro de un sistema que necesita contrapesos. Cuando un poder agrede a otro, lo que se debilita no es solo una entidad\u2026 es el principio mismo de equilibrio que protege a la ciudadan\u00eda.<\/p>\n\n\n\n<p>Y en medio de eso, tambi\u00e9n pasa algo que me preocupa. La rapidez con la que muchas personas toman partido. Como si todo fuera blanco o negro. Como si uno siempre dijera la verdad y el otro siempre mintiera. Como si pensar fuera opcional. Y entonces aparecen los insultos, las descalificaciones, la necesidad de atacar al otro no por lo que dice, sino por qui\u00e9n es o a qui\u00e9n representa.<\/p>\n\n\n\n<p>Desde mi punto de vista, cuando el Ejecutivo \u2014o cualquier otro poder\u2014 empieza a tensar las relaciones institucionales, el rol del ciudadano no es convertirse en amplificador de ese conflicto. No es elegir un bando y defenderlo ciegamente. Es, m\u00e1s bien, hacer una pausa, observar, cuestionar, entender que hay din\u00e1micas m\u00e1s complejas de lo que parecen.<\/p>\n\n\n\n<p>Porque cuando t\u00fa decides insultar, cuando eliges reaccionar en lugar de reflexionar, no est\u00e1s defendiendo la democracia. Est\u00e1s alimentando el conflicto. Est\u00e1s echando gasolina a una fogata que no sabes hasta d\u00f3nde puede crecer.<\/p>\n\n\n\n<p>Y al final, la pregunta no es qui\u00e9n gana esta discusi\u00f3n. La pregunta es qu\u00e9 tipo de ciudadan\u00eda est\u00e1s construyendo con tu forma de participar en ella.<\/p>\n","protected":false},"excerpt":{"rendered":"<p>Costa Rica sigue siendo un Estado de derecho. Y esa no es una frase decorativa ni un concepto lejano. Es [&hellip;]<\/p>\n","protected":false},"author":1,"featured_media":3104,"comment_status":"open","ping_status":"open","sticky":false,"template":"","format":"standard","meta":{"site-sidebar-layout":"default","site-content-layout":"","ast-site-content-layout":"","site-content-style":"default","site-sidebar-style":"default","ast-global-header-display":"","ast-banner-title-visibility":"","ast-main-header-display":"","ast-hfb-above-header-display":"","ast-hfb-below-header-display":"","ast-hfb-mobile-header-display":"","site-post-title":"","ast-breadcrumbs-content":"","ast-featured-img":"","footer-sml-layout":"","theme-transparent-header-meta":"","adv-header-id-meta":"","stick-header-meta":"","header-above-stick-meta":"","header-main-stick-meta":"","header-below-stick-meta":"","astra-migrate-meta-layouts":"default","ast-page-background-enabled":"default","ast-page-background-meta":{"desktop":{"background-color":"var(--ast-global-color-5)","background-image":"","background-repeat":"repeat","background-position":"center center","background-size":"auto","background-attachment":"scroll","background-type":"","background-media":"","overlay-type":"","overlay-color":"","overlay-opacity":"","overlay-gradient":""},"tablet":{"background-color":"","background-image":"","background-repeat":"repeat","background-position":"center center","background-size":"auto","background-attachment":"scroll","background-type":"","background-media":"","overlay-type":"","overlay-color":"","overlay-opacity":"","overlay-gradient":""},"mobile":{"background-color":"","background-image":"","background-repeat":"repeat","background-position":"center center","background-size":"auto","background-attachment":"scroll","background-type":"","background-media":"","overlay-type":"","overlay-color":"","overlay-opacity":"","overlay-gradient":""}},"ast-content-background-meta":{"desktop":{"background-color":"var(--ast-global-color-4)","background-image":"","background-repeat":"repeat","background-position":"center center","background-size":"auto","background-attachment":"scroll","background-type":"","background-media":"","overlay-type":"","overlay-color":"","overlay-opacity":"","overlay-gradient":""},"tablet":{"background-color":"var(--ast-global-color-4)","background-image":"","background-repeat":"repeat","background-position":"center center","background-size":"auto","background-attachment":"scroll","background-type":"","background-media":"","overlay-type":"","overlay-color":"","overlay-opacity":"","overlay-gradient":""},"mobile":{"background-color":"var(--ast-global-color-4)","background-image":"","background-repeat":"repeat","background-position":"center center","background-size":"auto","background-attachment":"scroll","background-type":"","background-media":"","overlay-type":"","overlay-color":"","overlay-opacity":"","overlay-gradient":""}},"footnotes":""},"categories":[12],"tags":[],"class_list":["post-3103","post","type-post","status-publish","format-standard","has-post-thumbnail","hentry","category-politica-o-gobierno"],"yoast_head":"<!-- This site is optimized with the Yoast SEO plugin v26.0 - https:\/\/yoast.com\/wordpress\/plugins\/seo\/ -->\n<title>Cuando el respeto se vuelve opcional - MI BLOG<\/title>\n<meta name=\"robots\" content=\"index, follow, max-snippet:-1, max-image-preview:large, max-video-preview:-1\" \/>\n<link rel=\"canonical\" href=\"https:\/\/viniciojarquin.com\/blog\/cuando-el-respeto-se-vuelve-opcional\/\" \/>\n<meta property=\"og:locale\" content=\"es_ES\" \/>\n<meta property=\"og:type\" content=\"article\" \/>\n<meta property=\"og:title\" content=\"Cuando el respeto se vuelve opcional - MI BLOG\" \/>\n<meta property=\"og:description\" content=\"Costa Rica sigue siendo un Estado de derecho. Y esa no es una frase decorativa ni un concepto lejano. Es [&hellip;]\" \/>\n<meta property=\"og:url\" content=\"https:\/\/viniciojarquin.com\/blog\/cuando-el-respeto-se-vuelve-opcional\/\" \/>\n<meta property=\"og:site_name\" content=\"MI BLOG\" \/>\n<meta property=\"article:publisher\" content=\"https:\/\/www.facebook.com\/vinicio.jarquin\" \/>\n<meta property=\"article:author\" content=\"https:\/\/www.facebook.com\/vinicio.jarquin\" \/>\n<meta property=\"article:published_time\" content=\"2026-03-21T21:12:05+00:00\" \/>\n<meta property=\"article:modified_time\" content=\"2026-03-21T21:12:07+00:00\" \/>\n<meta property=\"og:image\" content=\"https:\/\/viniciojarquin.com\/blog\/wp-content\/uploads\/2026\/03\/Cuando-el-respeto-se-vuelve-opcional.png\" \/>\n\t<meta property=\"og:image:width\" content=\"800\" \/>\n\t<meta property=\"og:image:height\" content=\"800\" \/>\n\t<meta property=\"og:image:type\" content=\"image\/png\" \/>\n<meta name=\"author\" content=\"Vinicio Jarqu\u00edn\" \/>\n<meta name=\"twitter:card\" content=\"summary_large_image\" \/>\n<meta name=\"twitter:label1\" content=\"Escrito por\" \/>\n\t<meta name=\"twitter:data1\" content=\"Vinicio Jarqu\u00edn\" \/>\n\t<meta name=\"twitter:label2\" content=\"Tiempo de lectura\" \/>\n\t<meta name=\"twitter:data2\" content=\"2 minutos\" \/>\n<script type=\"application\/ld+json\" class=\"yoast-schema-graph\">{\"@context\":\"https:\/\/schema.org\",\"@graph\":[{\"@type\":\"Article\",\"@id\":\"https:\/\/viniciojarquin.com\/blog\/cuando-el-respeto-se-vuelve-opcional\/#article\",\"isPartOf\":{\"@id\":\"https:\/\/viniciojarquin.com\/blog\/cuando-el-respeto-se-vuelve-opcional\/\"},\"author\":{\"name\":\"Vinicio Jarqu\u00edn\",\"@id\":\"https:\/\/viniciojarquin.com\/blog\/#\/schema\/person\/90100c8845ae55462ec0657d3d2f8d3b\"},\"headline\":\"Cuando el respeto se vuelve opcional\",\"datePublished\":\"2026-03-21T21:12:05+00:00\",\"dateModified\":\"2026-03-21T21:12:07+00:00\",\"mainEntityOfPage\":{\"@id\":\"https:\/\/viniciojarquin.com\/blog\/cuando-el-respeto-se-vuelve-opcional\/\"},\"wordCount\":359,\"commentCount\":0,\"publisher\":{\"@id\":\"https:\/\/viniciojarquin.com\/blog\/#\/schema\/person\/90100c8845ae55462ec0657d3d2f8d3b\"},\"image\":{\"@id\":\"https:\/\/viniciojarquin.com\/blog\/cuando-el-respeto-se-vuelve-opcional\/#primaryimage\"},\"thumbnailUrl\":\"https:\/\/viniciojarquin.com\/blog\/wp-content\/uploads\/2026\/03\/Cuando-el-respeto-se-vuelve-opcional.png\",\"articleSection\":[\"Pol\u00edtica varios\"],\"inLanguage\":\"es\",\"potentialAction\":[{\"@type\":\"CommentAction\",\"name\":\"Comment\",\"target\":[\"https:\/\/viniciojarquin.com\/blog\/cuando-el-respeto-se-vuelve-opcional\/#respond\"]}]},{\"@type\":\"WebPage\",\"@id\":\"https:\/\/viniciojarquin.com\/blog\/cuando-el-respeto-se-vuelve-opcional\/\",\"url\":\"https:\/\/viniciojarquin.com\/blog\/cuando-el-respeto-se-vuelve-opcional\/\",\"name\":\"Cuando el respeto se vuelve opcional - MI BLOG\",\"isPartOf\":{\"@id\":\"https:\/\/viniciojarquin.com\/blog\/#website\"},\"primaryImageOfPage\":{\"@id\":\"https:\/\/viniciojarquin.com\/blog\/cuando-el-respeto-se-vuelve-opcional\/#primaryimage\"},\"image\":{\"@id\":\"https:\/\/viniciojarquin.com\/blog\/cuando-el-respeto-se-vuelve-opcional\/#primaryimage\"},\"thumbnailUrl\":\"https:\/\/viniciojarquin.com\/blog\/wp-content\/uploads\/2026\/03\/Cuando-el-respeto-se-vuelve-opcional.png\",\"datePublished\":\"2026-03-21T21:12:05+00:00\",\"dateModified\":\"2026-03-21T21:12:07+00:00\",\"breadcrumb\":{\"@id\":\"https:\/\/viniciojarquin.com\/blog\/cuando-el-respeto-se-vuelve-opcional\/#breadcrumb\"},\"inLanguage\":\"es\",\"potentialAction\":[{\"@type\":\"ReadAction\",\"target\":[\"https:\/\/viniciojarquin.com\/blog\/cuando-el-respeto-se-vuelve-opcional\/\"]}]},{\"@type\":\"ImageObject\",\"inLanguage\":\"es\",\"@id\":\"https:\/\/viniciojarquin.com\/blog\/cuando-el-respeto-se-vuelve-opcional\/#primaryimage\",\"url\":\"https:\/\/viniciojarquin.com\/blog\/wp-content\/uploads\/2026\/03\/Cuando-el-respeto-se-vuelve-opcional.png\",\"contentUrl\":\"https:\/\/viniciojarquin.com\/blog\/wp-content\/uploads\/2026\/03\/Cuando-el-respeto-se-vuelve-opcional.png\",\"width\":800,\"height\":800},{\"@type\":\"BreadcrumbList\",\"@id\":\"https:\/\/viniciojarquin.com\/blog\/cuando-el-respeto-se-vuelve-opcional\/#breadcrumb\",\"itemListElement\":[{\"@type\":\"ListItem\",\"position\":1,\"name\":\"Portada\",\"item\":\"https:\/\/viniciojarquin.com\/blog\/\"},{\"@type\":\"ListItem\",\"position\":2,\"name\":\"Cuando el respeto se vuelve opcional\"}]},{\"@type\":\"WebSite\",\"@id\":\"https:\/\/viniciojarquin.com\/blog\/#website\",\"url\":\"https:\/\/viniciojarquin.com\/blog\/\",\"name\":\"Vinicio Jarqu\u00edn BLOG\",\"description\":\"\",\"publisher\":{\"@id\":\"https:\/\/viniciojarquin.com\/blog\/#\/schema\/person\/90100c8845ae55462ec0657d3d2f8d3b\"},\"potentialAction\":[{\"@type\":\"SearchAction\",\"target\":{\"@type\":\"EntryPoint\",\"urlTemplate\":\"https:\/\/viniciojarquin.com\/blog\/?s={search_term_string}\"},\"query-input\":{\"@type\":\"PropertyValueSpecification\",\"valueRequired\":true,\"valueName\":\"search_term_string\"}}],\"inLanguage\":\"es\"},{\"@type\":[\"Person\",\"Organization\"],\"@id\":\"https:\/\/viniciojarquin.com\/blog\/#\/schema\/person\/90100c8845ae55462ec0657d3d2f8d3b\",\"name\":\"Vinicio Jarqu\u00edn\",\"image\":{\"@type\":\"ImageObject\",\"inLanguage\":\"es\",\"@id\":\"https:\/\/viniciojarquin.com\/blog\/#\/schema\/person\/image\/\",\"url\":\"https:\/\/viniciojarquin.com\/blog\/wp-content\/uploads\/2024\/10\/Logo-VinicioJarquin-original-400.png\",\"contentUrl\":\"https:\/\/viniciojarquin.com\/blog\/wp-content\/uploads\/2024\/10\/Logo-VinicioJarquin-original-400.png\",\"width\":400,\"height\":130,\"caption\":\"Vinicio Jarqu\u00edn\"},\"logo\":{\"@id\":\"https:\/\/viniciojarquin.com\/blog\/#\/schema\/person\/image\/\"},\"description\":\"Empresario textil, artista pl\u00e1stico, escritor, coach de vida y fot\u00f3grafo.\",\"sameAs\":[\"https:\/\/viniciojarquin.com\/blog\",\"https:\/\/www.facebook.com\/vinicio.jarquin\",\"https:\/\/www.instagram.com\/vinicio_jarquin\/\",\"https:\/\/www.pinterest.com\/vinnyjc\/\",\"https:\/\/www.youtube.com\/@VinicioJarquin\"],\"url\":\"https:\/\/viniciojarquin.com\/blog\/author\/admin_s02au25i\/\"}]}<\/script>\n<!-- \/ Yoast SEO plugin. -->","yoast_head_json":{"title":"Cuando el respeto se vuelve opcional - MI BLOG","robots":{"index":"index","follow":"follow","max-snippet":"max-snippet:-1","max-image-preview":"max-image-preview:large","max-video-preview":"max-video-preview:-1"},"canonical":"https:\/\/viniciojarquin.com\/blog\/cuando-el-respeto-se-vuelve-opcional\/","og_locale":"es_ES","og_type":"article","og_title":"Cuando el respeto se vuelve opcional - MI BLOG","og_description":"Costa Rica sigue siendo un Estado de derecho. Y esa no es una frase decorativa ni un concepto lejano. Es [&hellip;]","og_url":"https:\/\/viniciojarquin.com\/blog\/cuando-el-respeto-se-vuelve-opcional\/","og_site_name":"MI BLOG","article_publisher":"https:\/\/www.facebook.com\/vinicio.jarquin","article_author":"https:\/\/www.facebook.com\/vinicio.jarquin","article_published_time":"2026-03-21T21:12:05+00:00","article_modified_time":"2026-03-21T21:12:07+00:00","og_image":[{"width":800,"height":800,"url":"https:\/\/viniciojarquin.com\/blog\/wp-content\/uploads\/2026\/03\/Cuando-el-respeto-se-vuelve-opcional.png","type":"image\/png"}],"author":"Vinicio Jarqu\u00edn","twitter_card":"summary_large_image","twitter_misc":{"Escrito por":"Vinicio Jarqu\u00edn","Tiempo de lectura":"2 minutos"},"schema":{"@context":"https:\/\/schema.org","@graph":[{"@type":"Article","@id":"https:\/\/viniciojarquin.com\/blog\/cuando-el-respeto-se-vuelve-opcional\/#article","isPartOf":{"@id":"https:\/\/viniciojarquin.com\/blog\/cuando-el-respeto-se-vuelve-opcional\/"},"author":{"name":"Vinicio Jarqu\u00edn","@id":"https:\/\/viniciojarquin.com\/blog\/#\/schema\/person\/90100c8845ae55462ec0657d3d2f8d3b"},"headline":"Cuando el respeto se vuelve opcional","datePublished":"2026-03-21T21:12:05+00:00","dateModified":"2026-03-21T21:12:07+00:00","mainEntityOfPage":{"@id":"https:\/\/viniciojarquin.com\/blog\/cuando-el-respeto-se-vuelve-opcional\/"},"wordCount":359,"commentCount":0,"publisher":{"@id":"https:\/\/viniciojarquin.com\/blog\/#\/schema\/person\/90100c8845ae55462ec0657d3d2f8d3b"},"image":{"@id":"https:\/\/viniciojarquin.com\/blog\/cuando-el-respeto-se-vuelve-opcional\/#primaryimage"},"thumbnailUrl":"https:\/\/viniciojarquin.com\/blog\/wp-content\/uploads\/2026\/03\/Cuando-el-respeto-se-vuelve-opcional.png","articleSection":["Pol\u00edtica varios"],"inLanguage":"es","potentialAction":[{"@type":"CommentAction","name":"Comment","target":["https:\/\/viniciojarquin.com\/blog\/cuando-el-respeto-se-vuelve-opcional\/#respond"]}]},{"@type":"WebPage","@id":"https:\/\/viniciojarquin.com\/blog\/cuando-el-respeto-se-vuelve-opcional\/","url":"https:\/\/viniciojarquin.com\/blog\/cuando-el-respeto-se-vuelve-opcional\/","name":"Cuando el respeto se vuelve opcional - MI BLOG","isPartOf":{"@id":"https:\/\/viniciojarquin.com\/blog\/#website"},"primaryImageOfPage":{"@id":"https:\/\/viniciojarquin.com\/blog\/cuando-el-respeto-se-vuelve-opcional\/#primaryimage"},"image":{"@id":"https:\/\/viniciojarquin.com\/blog\/cuando-el-respeto-se-vuelve-opcional\/#primaryimage"},"thumbnailUrl":"https:\/\/viniciojarquin.com\/blog\/wp-content\/uploads\/2026\/03\/Cuando-el-respeto-se-vuelve-opcional.png","datePublished":"2026-03-21T21:12:05+00:00","dateModified":"2026-03-21T21:12:07+00:00","breadcrumb":{"@id":"https:\/\/viniciojarquin.com\/blog\/cuando-el-respeto-se-vuelve-opcional\/#breadcrumb"},"inLanguage":"es","potentialAction":[{"@type":"ReadAction","target":["https:\/\/viniciojarquin.com\/blog\/cuando-el-respeto-se-vuelve-opcional\/"]}]},{"@type":"ImageObject","inLanguage":"es","@id":"https:\/\/viniciojarquin.com\/blog\/cuando-el-respeto-se-vuelve-opcional\/#primaryimage","url":"https:\/\/viniciojarquin.com\/blog\/wp-content\/uploads\/2026\/03\/Cuando-el-respeto-se-vuelve-opcional.png","contentUrl":"https:\/\/viniciojarquin.com\/blog\/wp-content\/uploads\/2026\/03\/Cuando-el-respeto-se-vuelve-opcional.png","width":800,"height":800},{"@type":"BreadcrumbList","@id":"https:\/\/viniciojarquin.com\/blog\/cuando-el-respeto-se-vuelve-opcional\/#breadcrumb","itemListElement":[{"@type":"ListItem","position":1,"name":"Portada","item":"https:\/\/viniciojarquin.com\/blog\/"},{"@type":"ListItem","position":2,"name":"Cuando el respeto se vuelve opcional"}]},{"@type":"WebSite","@id":"https:\/\/viniciojarquin.com\/blog\/#website","url":"https:\/\/viniciojarquin.com\/blog\/","name":"Vinicio Jarqu\u00edn BLOG","description":"","publisher":{"@id":"https:\/\/viniciojarquin.com\/blog\/#\/schema\/person\/90100c8845ae55462ec0657d3d2f8d3b"},"potentialAction":[{"@type":"SearchAction","target":{"@type":"EntryPoint","urlTemplate":"https:\/\/viniciojarquin.com\/blog\/?s={search_term_string}"},"query-input":{"@type":"PropertyValueSpecification","valueRequired":true,"valueName":"search_term_string"}}],"inLanguage":"es"},{"@type":["Person","Organization"],"@id":"https:\/\/viniciojarquin.com\/blog\/#\/schema\/person\/90100c8845ae55462ec0657d3d2f8d3b","name":"Vinicio Jarqu\u00edn","image":{"@type":"ImageObject","inLanguage":"es","@id":"https:\/\/viniciojarquin.com\/blog\/#\/schema\/person\/image\/","url":"https:\/\/viniciojarquin.com\/blog\/wp-content\/uploads\/2024\/10\/Logo-VinicioJarquin-original-400.png","contentUrl":"https:\/\/viniciojarquin.com\/blog\/wp-content\/uploads\/2024\/10\/Logo-VinicioJarquin-original-400.png","width":400,"height":130,"caption":"Vinicio Jarqu\u00edn"},"logo":{"@id":"https:\/\/viniciojarquin.com\/blog\/#\/schema\/person\/image\/"},"description":"Empresario textil, artista pl\u00e1stico, escritor, coach de vida y fot\u00f3grafo.","sameAs":["https:\/\/viniciojarquin.com\/blog","https:\/\/www.facebook.com\/vinicio.jarquin","https:\/\/www.instagram.com\/vinicio_jarquin\/","https:\/\/www.pinterest.com\/vinnyjc\/","https:\/\/www.youtube.com\/@VinicioJarquin"],"url":"https:\/\/viniciojarquin.com\/blog\/author\/admin_s02au25i\/"}]}},"blog_post_layout_featured_media_urls":{"thumbnail":["https:\/\/viniciojarquin.com\/blog\/wp-content\/uploads\/2026\/03\/Cuando-el-respeto-se-vuelve-opcional-150x150.png",150,150,true],"full":["https:\/\/viniciojarquin.com\/blog\/wp-content\/uploads\/2026\/03\/Cuando-el-respeto-se-vuelve-opcional.png",800,800,false]},"categories_names":{"12":{"name":"Pol\u00edtica varios","link":"https:\/\/viniciojarquin.com\/blog\/category\/politica-o-gobierno\/"}},"tags_names":[],"comments_number":"0","_links":{"self":[{"href":"https:\/\/viniciojarquin.com\/blog\/wp-json\/wp\/v2\/posts\/3103","targetHints":{"allow":["GET"]}}],"collection":[{"href":"https:\/\/viniciojarquin.com\/blog\/wp-json\/wp\/v2\/posts"}],"about":[{"href":"https:\/\/viniciojarquin.com\/blog\/wp-json\/wp\/v2\/types\/post"}],"author":[{"embeddable":true,"href":"https:\/\/viniciojarquin.com\/blog\/wp-json\/wp\/v2\/users\/1"}],"replies":[{"embeddable":true,"href":"https:\/\/viniciojarquin.com\/blog\/wp-json\/wp\/v2\/comments?post=3103"}],"version-history":[{"count":1,"href":"https:\/\/viniciojarquin.com\/blog\/wp-json\/wp\/v2\/posts\/3103\/revisions"}],"predecessor-version":[{"id":3105,"href":"https:\/\/viniciojarquin.com\/blog\/wp-json\/wp\/v2\/posts\/3103\/revisions\/3105"}],"wp:featuredmedia":[{"embeddable":true,"href":"https:\/\/viniciojarquin.com\/blog\/wp-json\/wp\/v2\/media\/3104"}],"wp:attachment":[{"href":"https:\/\/viniciojarquin.com\/blog\/wp-json\/wp\/v2\/media?parent=3103"}],"wp:term":[{"taxonomy":"category","embeddable":true,"href":"https:\/\/viniciojarquin.com\/blog\/wp-json\/wp\/v2\/categories?post=3103"},{"taxonomy":"post_tag","embeddable":true,"href":"https:\/\/viniciojarquin.com\/blog\/wp-json\/wp\/v2\/tags?post=3103"}],"curies":[{"name":"wp","href":"https:\/\/api.w.org\/{rel}","templated":true}]}}