{"id":3112,"date":"2026-03-22T05:19:30","date_gmt":"2026-03-22T05:19:30","guid":{"rendered":"https:\/\/viniciojarquin.com\/blog\/?p=3112"},"modified":"2026-03-22T05:20:52","modified_gmt":"2026-03-22T05:20:52","slug":"una-manana-que-tambien-pinta-por-dentro","status":"publish","type":"post","link":"https:\/\/viniciojarquin.com\/blog\/una-manana-que-tambien-pinta-por-dentro\/","title":{"rendered":"Una ma\u00f1ana que tambi\u00e9n pinta por dentro"},"content":{"rendered":"\n<figure class=\"wp-block-image size-full\"><img decoding=\"async\" width=\"800\" height=\"533\" data-src=\"https:\/\/viniciojarquin.com\/blog\/wp-content\/uploads\/2026\/03\/Una-manana-que-pinta.png\" alt=\"\" class=\"wp-image-3114 lazyload\" data-srcset=\"https:\/\/viniciojarquin.com\/blog\/wp-content\/uploads\/2026\/03\/Una-manana-que-pinta.png 800w, https:\/\/viniciojarquin.com\/blog\/wp-content\/uploads\/2026\/03\/Una-manana-que-pinta-300x200.png 300w, https:\/\/viniciojarquin.com\/blog\/wp-content\/uploads\/2026\/03\/Una-manana-que-pinta-768x512.png 768w\" data-sizes=\"(max-width: 800px) 100vw, 800px\" src=\"data:image\/svg+xml;base64,PHN2ZyB3aWR0aD0iMSIgaGVpZ2h0PSIxIiB4bWxucz0iaHR0cDovL3d3dy53My5vcmcvMjAwMC9zdmciPjwvc3ZnPg==\" style=\"--smush-placeholder-width: 800px; --smush-placeholder-aspect-ratio: 800\/533;\" \/><\/figure>\n\n\n\n<p>Y as\u00ed\u2026 concluimos la clase de los s\u00e1bados por la ma\u00f1ana, mientras unos pintaban acuarela y otros daban forma a sus alebrijes. El espacio se fue llenando de colores, de agua que corr\u00eda sobre el papel, de pinceles que al inicio dudaban y que poco a poco encontraban su ritmo, su seguridad. Hab\u00eda una energ\u00eda especial, de esas que no se explican del todo, pero que se sienten en el ambiente\u2026 como si cada persona, sin necesidad de decirlo, estuviera trabajando algo m\u00e1s profundo que la pieza que ten\u00eda enfrente.<\/p>\n\n\n\n<p>Los proyectos van quedando hermosos, s\u00ed\u2026 pero no es solo eso. Hay algo mucho m\u00e1s valioso que se va construyendo en silencio. Es la satisfacci\u00f3n de hacer algo que antes no se hab\u00eda hecho, de atreverse, de equivocarse, de volver a intentar\u2026 y de darse cuenta de que s\u00ed se puede. Y en ese proceso, casi sin notarlo, tambi\u00e9n empieza a aparecer un descubrimiento interno. Porque no solo avanzan los colores o las formas\u2026 hay algo dentro que tambi\u00e9n se mueve, que tambi\u00e9n crece.<\/p>\n\n\n\n<p>Gente que no se conoc\u00eda llega, se sienta, comparte materiales, preguntas, silencios\u2026 y poco a poco se va tejiendo algo distinto. Una conversaci\u00f3n que nace sin esfuerzo, una risa compartida, una mirada c\u00f3mplice cuando algo no sale como se esperaba. Y sin darte cuenta, te vas con algo m\u00e1s que una pintura o una figura\u2026 te vas con v\u00ednculos, con peque\u00f1as conexiones humanas que tambi\u00e9n nutren, que tambi\u00e9n sostienen.<\/p>\n\n\n\n<p>Fue una ma\u00f1ana de risas\u2026 y tambi\u00e9n de momentos que tocaron el coraz\u00f3n. En alg\u00fan punto, la conversaci\u00f3n nos llev\u00f3 a pensar en la partida de do\u00f1a Lorena Clare, y el ambiente cambi\u00f3 suavemente, como cuando una nube pasa frente al sol. No fue una tristeza pesada\u2026 fue m\u00e1s bien una pausa, un recordar, un sentir compartido. Porque incluso en medio del arte, la vida se hace presente\u2026 y te invita a vivirla completa, sin saltarte nada.<\/p>\n\n\n\n<p>Los alebrijes y las acuarelas siguen su camino, como tambi\u00e9n lo hace el propio proceso de cada uno. Y mientras se crea, mientras se mezclan colores o se da forma con las manos, algo dentro tambi\u00e9n se acomoda, se relaja, respira. Es como si, por un momento, el ruido bajara\u2026 y apareciera ese espacio en el que simplemente se puede estar, disfrutar, y recargar energ\u00eda para seguir.<\/p>\n\n\n\n<p>Gracias a todos los que vinieron hoy\u2026 porque cada uno aporta algo que no siempre se ve, pero que s\u00ed se siente. Y eso, al final, tambi\u00e9n forma parte de la obra.<\/p>\n","protected":false},"excerpt":{"rendered":"<p>Y as\u00ed\u2026 concluimos la clase de los s\u00e1bados por la ma\u00f1ana, mientras unos pintaban acuarela y otros daban forma a [&hellip;]<\/p>\n","protected":false},"author":1,"featured_media":3114,"comment_status":"open","ping_status":"open","sticky":false,"template":"","format":"standard","meta":{"site-sidebar-layout":"default","site-content-layout":"","ast-site-content-layout":"","site-content-style":"default","site-sidebar-style":"default","ast-global-header-display":"","ast-banner-title-visibility":"","ast-main-header-display":"","ast-hfb-above-header-display":"","ast-hfb-below-header-display":"","ast-hfb-mobile-header-display":"","site-post-title":"","ast-breadcrumbs-content":"","ast-featured-img":"","footer-sml-layout":"","theme-transparent-header-meta":"","adv-header-id-meta":"","stick-header-meta":"","header-above-stick-meta":"","header-main-stick-meta":"","header-below-stick-meta":"","astra-migrate-meta-layouts":"default","ast-page-background-enabled":"default","ast-page-background-meta":{"desktop":{"background-color":"var(--ast-global-color-5)","background-image":"","background-repeat":"repeat","background-position":"center center","background-size":"auto","background-attachment":"scroll","background-type":"","background-media":"","overlay-type":"","overlay-color":"","overlay-opacity":"","overlay-gradient":""},"tablet":{"background-color":"","background-image":"","background-repeat":"repeat","background-position":"center center","background-size":"auto","background-attachment":"scroll","background-type":"","background-media":"","overlay-type":"","overlay-color":"","overlay-opacity":"","overlay-gradient":""},"mobile":{"background-color":"","background-image":"","background-repeat":"repeat","background-position":"center center","background-size":"auto","background-attachment":"scroll","background-type":"","background-media":"","overlay-type":"","overlay-color":"","overlay-opacity":"","overlay-gradient":""}},"ast-content-background-meta":{"desktop":{"background-color":"var(--ast-global-color-4)","background-image":"","background-repeat":"repeat","background-position":"center center","background-size":"auto","background-attachment":"scroll","background-type":"","background-media":"","overlay-type":"","overlay-color":"","overlay-opacity":"","overlay-gradient":""},"tablet":{"background-color":"var(--ast-global-color-4)","background-image":"","background-repeat":"repeat","background-position":"center center","background-size":"auto","background-attachment":"scroll","background-type":"","background-media":"","overlay-type":"","overlay-color":"","overlay-opacity":"","overlay-gradient":""},"mobile":{"background-color":"var(--ast-global-color-4)","background-image":"","background-repeat":"repeat","background-position":"center center","background-size":"auto","background-attachment":"scroll","background-type":"","background-media":"","overlay-type":"","overlay-color":"","overlay-opacity":"","overlay-gradient":""}},"footnotes":""},"categories":[9],"tags":[],"class_list":["post-3112","post","type-post","status-publish","format-standard","has-post-thumbnail","hentry","category-mis-escritos"],"yoast_head":"<!-- This site is optimized with the Yoast SEO plugin v26.0 - https:\/\/yoast.com\/wordpress\/plugins\/seo\/ -->\n<title>Una ma\u00f1ana que tambi\u00e9n pinta por dentro - MI BLOG<\/title>\n<meta name=\"robots\" content=\"index, follow, max-snippet:-1, max-image-preview:large, max-video-preview:-1\" \/>\n<link rel=\"canonical\" href=\"https:\/\/viniciojarquin.com\/blog\/una-manana-que-tambien-pinta-por-dentro\/\" \/>\n<meta property=\"og:locale\" content=\"es_ES\" \/>\n<meta property=\"og:type\" content=\"article\" \/>\n<meta property=\"og:title\" content=\"Una ma\u00f1ana que tambi\u00e9n pinta por dentro - MI BLOG\" \/>\n<meta property=\"og:description\" content=\"Y as\u00ed\u2026 concluimos la clase de los s\u00e1bados por la ma\u00f1ana, mientras unos pintaban acuarela y otros daban forma a [&hellip;]\" \/>\n<meta property=\"og:url\" content=\"https:\/\/viniciojarquin.com\/blog\/una-manana-que-tambien-pinta-por-dentro\/\" \/>\n<meta property=\"og:site_name\" content=\"MI BLOG\" \/>\n<meta property=\"article:publisher\" content=\"https:\/\/www.facebook.com\/vinicio.jarquin\" \/>\n<meta property=\"article:author\" content=\"https:\/\/www.facebook.com\/vinicio.jarquin\" \/>\n<meta property=\"article:published_time\" content=\"2026-03-22T05:19:30+00:00\" \/>\n<meta property=\"article:modified_time\" content=\"2026-03-22T05:20:52+00:00\" \/>\n<meta property=\"og:image\" content=\"https:\/\/viniciojarquin.com\/blog\/wp-content\/uploads\/2026\/03\/Una-manana-que-pinta.png\" \/>\n\t<meta property=\"og:image:width\" content=\"800\" \/>\n\t<meta property=\"og:image:height\" content=\"533\" \/>\n\t<meta property=\"og:image:type\" content=\"image\/png\" \/>\n<meta name=\"author\" content=\"Vinicio Jarqu\u00edn\" \/>\n<meta name=\"twitter:card\" content=\"summary_large_image\" \/>\n<meta name=\"twitter:label1\" content=\"Escrito por\" \/>\n\t<meta name=\"twitter:data1\" content=\"Vinicio Jarqu\u00edn\" \/>\n\t<meta name=\"twitter:label2\" content=\"Tiempo de lectura\" \/>\n\t<meta name=\"twitter:data2\" content=\"3 minutos\" \/>\n<script type=\"application\/ld+json\" class=\"yoast-schema-graph\">{\"@context\":\"https:\/\/schema.org\",\"@graph\":[{\"@type\":\"Article\",\"@id\":\"https:\/\/viniciojarquin.com\/blog\/una-manana-que-tambien-pinta-por-dentro\/#article\",\"isPartOf\":{\"@id\":\"https:\/\/viniciojarquin.com\/blog\/una-manana-que-tambien-pinta-por-dentro\/\"},\"author\":{\"name\":\"Vinicio Jarqu\u00edn\",\"@id\":\"https:\/\/viniciojarquin.com\/blog\/#\/schema\/person\/90100c8845ae55462ec0657d3d2f8d3b\"},\"headline\":\"Una ma\u00f1ana que tambi\u00e9n pinta por dentro\",\"datePublished\":\"2026-03-22T05:19:30+00:00\",\"dateModified\":\"2026-03-22T05:20:52+00:00\",\"mainEntityOfPage\":{\"@id\":\"https:\/\/viniciojarquin.com\/blog\/una-manana-que-tambien-pinta-por-dentro\/\"},\"wordCount\":460,\"commentCount\":0,\"publisher\":{\"@id\":\"https:\/\/viniciojarquin.com\/blog\/#\/schema\/person\/90100c8845ae55462ec0657d3d2f8d3b\"},\"image\":{\"@id\":\"https:\/\/viniciojarquin.com\/blog\/una-manana-que-tambien-pinta-por-dentro\/#primaryimage\"},\"thumbnailUrl\":\"https:\/\/viniciojarquin.com\/blog\/wp-content\/uploads\/2026\/03\/Una-manana-que-pinta.png\",\"articleSection\":[\"Escritos generales\"],\"inLanguage\":\"es\",\"potentialAction\":[{\"@type\":\"CommentAction\",\"name\":\"Comment\",\"target\":[\"https:\/\/viniciojarquin.com\/blog\/una-manana-que-tambien-pinta-por-dentro\/#respond\"]}]},{\"@type\":\"WebPage\",\"@id\":\"https:\/\/viniciojarquin.com\/blog\/una-manana-que-tambien-pinta-por-dentro\/\",\"url\":\"https:\/\/viniciojarquin.com\/blog\/una-manana-que-tambien-pinta-por-dentro\/\",\"name\":\"Una ma\u00f1ana que tambi\u00e9n pinta por dentro - MI BLOG\",\"isPartOf\":{\"@id\":\"https:\/\/viniciojarquin.com\/blog\/#website\"},\"primaryImageOfPage\":{\"@id\":\"https:\/\/viniciojarquin.com\/blog\/una-manana-que-tambien-pinta-por-dentro\/#primaryimage\"},\"image\":{\"@id\":\"https:\/\/viniciojarquin.com\/blog\/una-manana-que-tambien-pinta-por-dentro\/#primaryimage\"},\"thumbnailUrl\":\"https:\/\/viniciojarquin.com\/blog\/wp-content\/uploads\/2026\/03\/Una-manana-que-pinta.png\",\"datePublished\":\"2026-03-22T05:19:30+00:00\",\"dateModified\":\"2026-03-22T05:20:52+00:00\",\"breadcrumb\":{\"@id\":\"https:\/\/viniciojarquin.com\/blog\/una-manana-que-tambien-pinta-por-dentro\/#breadcrumb\"},\"inLanguage\":\"es\",\"potentialAction\":[{\"@type\":\"ReadAction\",\"target\":[\"https:\/\/viniciojarquin.com\/blog\/una-manana-que-tambien-pinta-por-dentro\/\"]}]},{\"@type\":\"ImageObject\",\"inLanguage\":\"es\",\"@id\":\"https:\/\/viniciojarquin.com\/blog\/una-manana-que-tambien-pinta-por-dentro\/#primaryimage\",\"url\":\"https:\/\/viniciojarquin.com\/blog\/wp-content\/uploads\/2026\/03\/Una-manana-que-pinta.png\",\"contentUrl\":\"https:\/\/viniciojarquin.com\/blog\/wp-content\/uploads\/2026\/03\/Una-manana-que-pinta.png\",\"width\":800,\"height\":533},{\"@type\":\"BreadcrumbList\",\"@id\":\"https:\/\/viniciojarquin.com\/blog\/una-manana-que-tambien-pinta-por-dentro\/#breadcrumb\",\"itemListElement\":[{\"@type\":\"ListItem\",\"position\":1,\"name\":\"Portada\",\"item\":\"https:\/\/viniciojarquin.com\/blog\/\"},{\"@type\":\"ListItem\",\"position\":2,\"name\":\"Una ma\u00f1ana que tambi\u00e9n pinta por dentro\"}]},{\"@type\":\"WebSite\",\"@id\":\"https:\/\/viniciojarquin.com\/blog\/#website\",\"url\":\"https:\/\/viniciojarquin.com\/blog\/\",\"name\":\"Vinicio Jarqu\u00edn BLOG\",\"description\":\"\",\"publisher\":{\"@id\":\"https:\/\/viniciojarquin.com\/blog\/#\/schema\/person\/90100c8845ae55462ec0657d3d2f8d3b\"},\"potentialAction\":[{\"@type\":\"SearchAction\",\"target\":{\"@type\":\"EntryPoint\",\"urlTemplate\":\"https:\/\/viniciojarquin.com\/blog\/?s={search_term_string}\"},\"query-input\":{\"@type\":\"PropertyValueSpecification\",\"valueRequired\":true,\"valueName\":\"search_term_string\"}}],\"inLanguage\":\"es\"},{\"@type\":[\"Person\",\"Organization\"],\"@id\":\"https:\/\/viniciojarquin.com\/blog\/#\/schema\/person\/90100c8845ae55462ec0657d3d2f8d3b\",\"name\":\"Vinicio Jarqu\u00edn\",\"image\":{\"@type\":\"ImageObject\",\"inLanguage\":\"es\",\"@id\":\"https:\/\/viniciojarquin.com\/blog\/#\/schema\/person\/image\/\",\"url\":\"https:\/\/viniciojarquin.com\/blog\/wp-content\/uploads\/2024\/10\/Logo-VinicioJarquin-original-400.png\",\"contentUrl\":\"https:\/\/viniciojarquin.com\/blog\/wp-content\/uploads\/2024\/10\/Logo-VinicioJarquin-original-400.png\",\"width\":400,\"height\":130,\"caption\":\"Vinicio Jarqu\u00edn\"},\"logo\":{\"@id\":\"https:\/\/viniciojarquin.com\/blog\/#\/schema\/person\/image\/\"},\"description\":\"Empresario textil, artista pl\u00e1stico, escritor, coach de vida y fot\u00f3grafo.\",\"sameAs\":[\"https:\/\/viniciojarquin.com\/blog\",\"https:\/\/www.facebook.com\/vinicio.jarquin\",\"https:\/\/www.instagram.com\/vinicio_jarquin\/\",\"https:\/\/www.pinterest.com\/vinnyjc\/\",\"https:\/\/www.youtube.com\/@VinicioJarquin\"],\"url\":\"https:\/\/viniciojarquin.com\/blog\/author\/admin_s02au25i\/\"}]}<\/script>\n<!-- \/ Yoast SEO plugin. -->","yoast_head_json":{"title":"Una ma\u00f1ana que tambi\u00e9n pinta por dentro - MI BLOG","robots":{"index":"index","follow":"follow","max-snippet":"max-snippet:-1","max-image-preview":"max-image-preview:large","max-video-preview":"max-video-preview:-1"},"canonical":"https:\/\/viniciojarquin.com\/blog\/una-manana-que-tambien-pinta-por-dentro\/","og_locale":"es_ES","og_type":"article","og_title":"Una ma\u00f1ana que tambi\u00e9n pinta por dentro - MI BLOG","og_description":"Y as\u00ed\u2026 concluimos la clase de los s\u00e1bados por la ma\u00f1ana, mientras unos pintaban acuarela y otros daban forma a [&hellip;]","og_url":"https:\/\/viniciojarquin.com\/blog\/una-manana-que-tambien-pinta-por-dentro\/","og_site_name":"MI BLOG","article_publisher":"https:\/\/www.facebook.com\/vinicio.jarquin","article_author":"https:\/\/www.facebook.com\/vinicio.jarquin","article_published_time":"2026-03-22T05:19:30+00:00","article_modified_time":"2026-03-22T05:20:52+00:00","og_image":[{"width":800,"height":533,"url":"https:\/\/viniciojarquin.com\/blog\/wp-content\/uploads\/2026\/03\/Una-manana-que-pinta.png","type":"image\/png"}],"author":"Vinicio Jarqu\u00edn","twitter_card":"summary_large_image","twitter_misc":{"Escrito por":"Vinicio Jarqu\u00edn","Tiempo de lectura":"3 minutos"},"schema":{"@context":"https:\/\/schema.org","@graph":[{"@type":"Article","@id":"https:\/\/viniciojarquin.com\/blog\/una-manana-que-tambien-pinta-por-dentro\/#article","isPartOf":{"@id":"https:\/\/viniciojarquin.com\/blog\/una-manana-que-tambien-pinta-por-dentro\/"},"author":{"name":"Vinicio Jarqu\u00edn","@id":"https:\/\/viniciojarquin.com\/blog\/#\/schema\/person\/90100c8845ae55462ec0657d3d2f8d3b"},"headline":"Una ma\u00f1ana que tambi\u00e9n pinta por dentro","datePublished":"2026-03-22T05:19:30+00:00","dateModified":"2026-03-22T05:20:52+00:00","mainEntityOfPage":{"@id":"https:\/\/viniciojarquin.com\/blog\/una-manana-que-tambien-pinta-por-dentro\/"},"wordCount":460,"commentCount":0,"publisher":{"@id":"https:\/\/viniciojarquin.com\/blog\/#\/schema\/person\/90100c8845ae55462ec0657d3d2f8d3b"},"image":{"@id":"https:\/\/viniciojarquin.com\/blog\/una-manana-que-tambien-pinta-por-dentro\/#primaryimage"},"thumbnailUrl":"https:\/\/viniciojarquin.com\/blog\/wp-content\/uploads\/2026\/03\/Una-manana-que-pinta.png","articleSection":["Escritos generales"],"inLanguage":"es","potentialAction":[{"@type":"CommentAction","name":"Comment","target":["https:\/\/viniciojarquin.com\/blog\/una-manana-que-tambien-pinta-por-dentro\/#respond"]}]},{"@type":"WebPage","@id":"https:\/\/viniciojarquin.com\/blog\/una-manana-que-tambien-pinta-por-dentro\/","url":"https:\/\/viniciojarquin.com\/blog\/una-manana-que-tambien-pinta-por-dentro\/","name":"Una ma\u00f1ana que tambi\u00e9n pinta por dentro - MI BLOG","isPartOf":{"@id":"https:\/\/viniciojarquin.com\/blog\/#website"},"primaryImageOfPage":{"@id":"https:\/\/viniciojarquin.com\/blog\/una-manana-que-tambien-pinta-por-dentro\/#primaryimage"},"image":{"@id":"https:\/\/viniciojarquin.com\/blog\/una-manana-que-tambien-pinta-por-dentro\/#primaryimage"},"thumbnailUrl":"https:\/\/viniciojarquin.com\/blog\/wp-content\/uploads\/2026\/03\/Una-manana-que-pinta.png","datePublished":"2026-03-22T05:19:30+00:00","dateModified":"2026-03-22T05:20:52+00:00","breadcrumb":{"@id":"https:\/\/viniciojarquin.com\/blog\/una-manana-que-tambien-pinta-por-dentro\/#breadcrumb"},"inLanguage":"es","potentialAction":[{"@type":"ReadAction","target":["https:\/\/viniciojarquin.com\/blog\/una-manana-que-tambien-pinta-por-dentro\/"]}]},{"@type":"ImageObject","inLanguage":"es","@id":"https:\/\/viniciojarquin.com\/blog\/una-manana-que-tambien-pinta-por-dentro\/#primaryimage","url":"https:\/\/viniciojarquin.com\/blog\/wp-content\/uploads\/2026\/03\/Una-manana-que-pinta.png","contentUrl":"https:\/\/viniciojarquin.com\/blog\/wp-content\/uploads\/2026\/03\/Una-manana-que-pinta.png","width":800,"height":533},{"@type":"BreadcrumbList","@id":"https:\/\/viniciojarquin.com\/blog\/una-manana-que-tambien-pinta-por-dentro\/#breadcrumb","itemListElement":[{"@type":"ListItem","position":1,"name":"Portada","item":"https:\/\/viniciojarquin.com\/blog\/"},{"@type":"ListItem","position":2,"name":"Una ma\u00f1ana que tambi\u00e9n pinta por dentro"}]},{"@type":"WebSite","@id":"https:\/\/viniciojarquin.com\/blog\/#website","url":"https:\/\/viniciojarquin.com\/blog\/","name":"Vinicio Jarqu\u00edn BLOG","description":"","publisher":{"@id":"https:\/\/viniciojarquin.com\/blog\/#\/schema\/person\/90100c8845ae55462ec0657d3d2f8d3b"},"potentialAction":[{"@type":"SearchAction","target":{"@type":"EntryPoint","urlTemplate":"https:\/\/viniciojarquin.com\/blog\/?s={search_term_string}"},"query-input":{"@type":"PropertyValueSpecification","valueRequired":true,"valueName":"search_term_string"}}],"inLanguage":"es"},{"@type":["Person","Organization"],"@id":"https:\/\/viniciojarquin.com\/blog\/#\/schema\/person\/90100c8845ae55462ec0657d3d2f8d3b","name":"Vinicio Jarqu\u00edn","image":{"@type":"ImageObject","inLanguage":"es","@id":"https:\/\/viniciojarquin.com\/blog\/#\/schema\/person\/image\/","url":"https:\/\/viniciojarquin.com\/blog\/wp-content\/uploads\/2024\/10\/Logo-VinicioJarquin-original-400.png","contentUrl":"https:\/\/viniciojarquin.com\/blog\/wp-content\/uploads\/2024\/10\/Logo-VinicioJarquin-original-400.png","width":400,"height":130,"caption":"Vinicio Jarqu\u00edn"},"logo":{"@id":"https:\/\/viniciojarquin.com\/blog\/#\/schema\/person\/image\/"},"description":"Empresario textil, artista pl\u00e1stico, escritor, coach de vida y fot\u00f3grafo.","sameAs":["https:\/\/viniciojarquin.com\/blog","https:\/\/www.facebook.com\/vinicio.jarquin","https:\/\/www.instagram.com\/vinicio_jarquin\/","https:\/\/www.pinterest.com\/vinnyjc\/","https:\/\/www.youtube.com\/@VinicioJarquin"],"url":"https:\/\/viniciojarquin.com\/blog\/author\/admin_s02au25i\/"}]}},"blog_post_layout_featured_media_urls":{"thumbnail":["https:\/\/viniciojarquin.com\/blog\/wp-content\/uploads\/2026\/03\/Una-manana-que-pinta-150x150.png",150,150,true],"full":["https:\/\/viniciojarquin.com\/blog\/wp-content\/uploads\/2026\/03\/Una-manana-que-pinta.png",800,533,false]},"categories_names":{"9":{"name":"Escritos generales","link":"https:\/\/viniciojarquin.com\/blog\/category\/mis-escritos\/"}},"tags_names":[],"comments_number":"0","_links":{"self":[{"href":"https:\/\/viniciojarquin.com\/blog\/wp-json\/wp\/v2\/posts\/3112","targetHints":{"allow":["GET"]}}],"collection":[{"href":"https:\/\/viniciojarquin.com\/blog\/wp-json\/wp\/v2\/posts"}],"about":[{"href":"https:\/\/viniciojarquin.com\/blog\/wp-json\/wp\/v2\/types\/post"}],"author":[{"embeddable":true,"href":"https:\/\/viniciojarquin.com\/blog\/wp-json\/wp\/v2\/users\/1"}],"replies":[{"embeddable":true,"href":"https:\/\/viniciojarquin.com\/blog\/wp-json\/wp\/v2\/comments?post=3112"}],"version-history":[{"count":2,"href":"https:\/\/viniciojarquin.com\/blog\/wp-json\/wp\/v2\/posts\/3112\/revisions"}],"predecessor-version":[{"id":3115,"href":"https:\/\/viniciojarquin.com\/blog\/wp-json\/wp\/v2\/posts\/3112\/revisions\/3115"}],"wp:featuredmedia":[{"embeddable":true,"href":"https:\/\/viniciojarquin.com\/blog\/wp-json\/wp\/v2\/media\/3114"}],"wp:attachment":[{"href":"https:\/\/viniciojarquin.com\/blog\/wp-json\/wp\/v2\/media?parent=3112"}],"wp:term":[{"taxonomy":"category","embeddable":true,"href":"https:\/\/viniciojarquin.com\/blog\/wp-json\/wp\/v2\/categories?post=3112"},{"taxonomy":"post_tag","embeddable":true,"href":"https:\/\/viniciojarquin.com\/blog\/wp-json\/wp\/v2\/tags?post=3112"}],"curies":[{"name":"wp","href":"https:\/\/api.w.org\/{rel}","templated":true}]}}