{"id":3116,"date":"2026-03-22T05:28:24","date_gmt":"2026-03-22T05:28:24","guid":{"rendered":"https:\/\/viniciojarquin.com\/blog\/?p=3116"},"modified":"2026-03-22T05:28:26","modified_gmt":"2026-03-22T05:28:26","slug":"la-urgencia-de-culpar","status":"publish","type":"post","link":"https:\/\/viniciojarquin.com\/blog\/la-urgencia-de-culpar\/","title":{"rendered":"La urgencia de culpar"},"content":{"rendered":"\n<figure class=\"wp-block-image size-full\"><img decoding=\"async\" width=\"800\" height=\"533\" data-src=\"https:\/\/viniciojarquin.com\/blog\/wp-content\/uploads\/2026\/03\/La-urgencia-de-culpar.png\" alt=\"\" class=\"wp-image-3117 lazyload\" data-srcset=\"https:\/\/viniciojarquin.com\/blog\/wp-content\/uploads\/2026\/03\/La-urgencia-de-culpar.png 800w, https:\/\/viniciojarquin.com\/blog\/wp-content\/uploads\/2026\/03\/La-urgencia-de-culpar-300x200.png 300w, https:\/\/viniciojarquin.com\/blog\/wp-content\/uploads\/2026\/03\/La-urgencia-de-culpar-768x512.png 768w\" data-sizes=\"(max-width: 800px) 100vw, 800px\" src=\"data:image\/svg+xml;base64,PHN2ZyB3aWR0aD0iMSIgaGVpZ2h0PSIxIiB4bWxucz0iaHR0cDovL3d3dy53My5vcmcvMjAwMC9zdmciPjwvc3ZnPg==\" style=\"--smush-placeholder-width: 800px; --smush-placeholder-aspect-ratio: 800\/533;\" \/><\/figure>\n\n\n\n<p>Me encantar\u00eda saber en qu\u00e9 momento aprendiste \u2014o aprendimos\u2014 a inclinarnos tan r\u00e1pido hacia el juicio de culpabilidad, incluso cuando no hay pruebas. Porque no se trata solo de opinar, ni siquiera de analizar\u2026 se trata de algo m\u00e1s inmediato, m\u00e1s visceral. Apenas ocurre algo, ya hay una historia armada en la cabeza, un veredicto listo, una certeza que no pas\u00f3 por ning\u00fan filtro m\u00e1s que la intuici\u00f3n apurada o la emoci\u00f3n del momento.<\/p>\n\n\n\n<p>Pienso en lo ocurrido con la lancha que fue derribada, aparentemente en aguas territoriales costarricenses. Y lo primero que apareci\u00f3, en muchas personas, no fue la duda, ni la pausa, ni la necesidad de entender\u2026 fue la sentencia. \u201cSon culpables\u201d, \u201cson narcotraficantes\u201d, \u201calgo deb\u00edan estar haciendo\u201d. No hay pruebas p\u00fablicas que lo confirmen, no se ha demostrado nada de forma concluyente, pero aun as\u00ed, el juicio ya est\u00e1 hecho. Y no solo hecho\u2026 defendido con argumentos que nacen m\u00e1s de la suposici\u00f3n que de la informaci\u00f3n.<\/p>\n\n\n\n<p>Y entonces empiezan a aparecer frases que suenan l\u00f3gicas, pero que en el fondo son construcciones para sostener una idea previa. \u201c\u00bfQu\u00e9 hac\u00edan ah\u00ed?\u201d, \u201c\u00bfa esa hora?\u201d, \u201cpor algo fue\u201d. Como si la ausencia de explicaci\u00f3n fuera suficiente para llenar el vac\u00edo con culpa. Como si no saber te diera permiso para inventar. Y eso, si lo miras con calma, dice m\u00e1s de c\u00f3mo funcionas por dentro\u2026 que de lo que realmente ocurri\u00f3 afuera.<\/p>\n\n\n\n<p>Ahora bien, si te mueves al otro extremo, tampoco hay certezas. No hay pruebas de que fueran inocentes, no hay claridad total sobre lo sucedido, y eso tambi\u00e9n es cierto. Pero entonces aparece una pregunta inc\u00f3moda\u2026 \u00bfpor qu\u00e9, ante la falta de informaci\u00f3n, te resulta m\u00e1s natural asumir culpabilidad que sostener la duda? \u00bfPor qu\u00e9 el vac\u00edo se llena m\u00e1s f\u00e1cilmente con sospecha que con prudencia?<\/p>\n\n\n\n<p>Podr\u00edas mirar el mismo hecho desde otro \u00e1ngulo. Personas en una embarcaci\u00f3n, en aguas navegables. Sin pruebas p\u00fablicas de delito, sin confirmaci\u00f3n de persecuci\u00f3n judicial, sin claridad total sobre la legalidad de la intervenci\u00f3n, y con la interrogante \u2014si realmente estaban en territorio costarricense\u2014 de c\u00f3mo y por qu\u00e9 se da una acci\u00f3n de ese tipo. Y aun as\u00ed, ese enfoque incomoda m\u00e1s. Porque no da cierre. Porque no ofrece una historia clara. Porque te obliga a quedarte en un lugar que no controlas: la incertidumbre.<\/p>\n\n\n\n<p>Y tal vez ah\u00ed est\u00e1 el punto.<\/p>\n\n\n\n<p>No siempre necesitas tener raz\u00f3n\u2026 pero parece que s\u00ed necesitas tener una respuesta. Y cuando no la tienes, la construyes. R\u00e1pido. Sin evidencia. Sin pausa. Porque la duda incomoda\u2026 pero la certeza \u2014aunque sea inventada\u2014 tranquiliza.<\/p>\n\n\n\n<p>No estoy diciendo que sean inocentes. Tampoco estoy diciendo que sean culpables. Lo que estoy se\u00f1alando es otra cosa\u2026 algo m\u00e1s profundo y cercano. Esa necesidad casi autom\u00e1tica de inclinarte hacia el juicio, y curiosamente, hacia el m\u00e1s duro.<\/p>\n\n\n\n<p>Tal vez, sin darte cuenta, hay algo dentro tuyo que se alimenta de eso. De tener claro qui\u00e9n est\u00e1 bien y qui\u00e9n est\u00e1 mal. De ubicarte en un lado. De sentir que entiendes el mundo, aunque sea a partir de piezas incompletas.<\/p>\n\n\n\n<p>Y si te detienes un momento\u2026 no a mirar el caso, sino a mirarte a ti\u2026<\/p>\n\n\n\n<p>\u00bfqu\u00e9 es lo que realmente est\u00e1s buscando cuando decides tan r\u00e1pido qui\u00e9n es culpable?<\/p>\n","protected":false},"excerpt":{"rendered":"<p>Me encantar\u00eda saber en qu\u00e9 momento aprendiste \u2014o aprendimos\u2014 a inclinarnos tan r\u00e1pido hacia el juicio de culpabilidad, incluso cuando [&hellip;]<\/p>\n","protected":false},"author":1,"featured_media":3117,"comment_status":"open","ping_status":"open","sticky":false,"template":"","format":"standard","meta":{"site-sidebar-layout":"default","site-content-layout":"","ast-site-content-layout":"","site-content-style":"default","site-sidebar-style":"default","ast-global-header-display":"","ast-banner-title-visibility":"","ast-main-header-display":"","ast-hfb-above-header-display":"","ast-hfb-below-header-display":"","ast-hfb-mobile-header-display":"","site-post-title":"","ast-breadcrumbs-content":"","ast-featured-img":"","footer-sml-layout":"","theme-transparent-header-meta":"","adv-header-id-meta":"","stick-header-meta":"","header-above-stick-meta":"","header-main-stick-meta":"","header-below-stick-meta":"","astra-migrate-meta-layouts":"default","ast-page-background-enabled":"default","ast-page-background-meta":{"desktop":{"background-color":"var(--ast-global-color-5)","background-image":"","background-repeat":"repeat","background-position":"center center","background-size":"auto","background-attachment":"scroll","background-type":"","background-media":"","overlay-type":"","overlay-color":"","overlay-opacity":"","overlay-gradient":""},"tablet":{"background-color":"","background-image":"","background-repeat":"repeat","background-position":"center center","background-size":"auto","background-attachment":"scroll","background-type":"","background-media":"","overlay-type":"","overlay-color":"","overlay-opacity":"","overlay-gradient":""},"mobile":{"background-color":"","background-image":"","background-repeat":"repeat","background-position":"center center","background-size":"auto","background-attachment":"scroll","background-type":"","background-media":"","overlay-type":"","overlay-color":"","overlay-opacity":"","overlay-gradient":""}},"ast-content-background-meta":{"desktop":{"background-color":"var(--ast-global-color-4)","background-image":"","background-repeat":"repeat","background-position":"center center","background-size":"auto","background-attachment":"scroll","background-type":"","background-media":"","overlay-type":"","overlay-color":"","overlay-opacity":"","overlay-gradient":""},"tablet":{"background-color":"var(--ast-global-color-4)","background-image":"","background-repeat":"repeat","background-position":"center center","background-size":"auto","background-attachment":"scroll","background-type":"","background-media":"","overlay-type":"","overlay-color":"","overlay-opacity":"","overlay-gradient":""},"mobile":{"background-color":"var(--ast-global-color-4)","background-image":"","background-repeat":"repeat","background-position":"center center","background-size":"auto","background-attachment":"scroll","background-type":"","background-media":"","overlay-type":"","overlay-color":"","overlay-opacity":"","overlay-gradient":""}},"footnotes":""},"categories":[12],"tags":[],"class_list":["post-3116","post","type-post","status-publish","format-standard","has-post-thumbnail","hentry","category-politica-o-gobierno"],"yoast_head":"<!-- This site is optimized with the Yoast SEO plugin v26.0 - https:\/\/yoast.com\/wordpress\/plugins\/seo\/ -->\n<title>La urgencia de culpar - MI BLOG<\/title>\n<meta name=\"robots\" content=\"index, follow, max-snippet:-1, max-image-preview:large, max-video-preview:-1\" \/>\n<link rel=\"canonical\" href=\"https:\/\/viniciojarquin.com\/blog\/la-urgencia-de-culpar\/\" \/>\n<meta property=\"og:locale\" content=\"es_ES\" \/>\n<meta property=\"og:type\" content=\"article\" \/>\n<meta property=\"og:title\" content=\"La urgencia de culpar - MI BLOG\" \/>\n<meta property=\"og:description\" content=\"Me encantar\u00eda saber en qu\u00e9 momento aprendiste \u2014o aprendimos\u2014 a inclinarnos tan r\u00e1pido hacia el juicio de culpabilidad, incluso cuando [&hellip;]\" \/>\n<meta property=\"og:url\" content=\"https:\/\/viniciojarquin.com\/blog\/la-urgencia-de-culpar\/\" \/>\n<meta property=\"og:site_name\" content=\"MI BLOG\" \/>\n<meta property=\"article:publisher\" content=\"https:\/\/www.facebook.com\/vinicio.jarquin\" \/>\n<meta property=\"article:author\" content=\"https:\/\/www.facebook.com\/vinicio.jarquin\" \/>\n<meta property=\"article:published_time\" content=\"2026-03-22T05:28:24+00:00\" \/>\n<meta property=\"article:modified_time\" content=\"2026-03-22T05:28:26+00:00\" \/>\n<meta property=\"og:image\" content=\"https:\/\/viniciojarquin.com\/blog\/wp-content\/uploads\/2026\/03\/La-urgencia-de-culpar.png\" \/>\n\t<meta property=\"og:image:width\" content=\"800\" \/>\n\t<meta property=\"og:image:height\" content=\"533\" \/>\n\t<meta property=\"og:image:type\" content=\"image\/png\" \/>\n<meta name=\"author\" content=\"Vinicio Jarqu\u00edn\" \/>\n<meta name=\"twitter:card\" content=\"summary_large_image\" \/>\n<meta name=\"twitter:label1\" content=\"Escrito por\" \/>\n\t<meta name=\"twitter:data1\" content=\"Vinicio Jarqu\u00edn\" \/>\n\t<meta name=\"twitter:label2\" content=\"Tiempo de lectura\" \/>\n\t<meta name=\"twitter:data2\" content=\"3 minutos\" \/>\n<script type=\"application\/ld+json\" class=\"yoast-schema-graph\">{\"@context\":\"https:\/\/schema.org\",\"@graph\":[{\"@type\":\"Article\",\"@id\":\"https:\/\/viniciojarquin.com\/blog\/la-urgencia-de-culpar\/#article\",\"isPartOf\":{\"@id\":\"https:\/\/viniciojarquin.com\/blog\/la-urgencia-de-culpar\/\"},\"author\":{\"name\":\"Vinicio Jarqu\u00edn\",\"@id\":\"https:\/\/viniciojarquin.com\/blog\/#\/schema\/person\/90100c8845ae55462ec0657d3d2f8d3b\"},\"headline\":\"La urgencia de culpar\",\"datePublished\":\"2026-03-22T05:28:24+00:00\",\"dateModified\":\"2026-03-22T05:28:26+00:00\",\"mainEntityOfPage\":{\"@id\":\"https:\/\/viniciojarquin.com\/blog\/la-urgencia-de-culpar\/\"},\"wordCount\":590,\"commentCount\":0,\"publisher\":{\"@id\":\"https:\/\/viniciojarquin.com\/blog\/#\/schema\/person\/90100c8845ae55462ec0657d3d2f8d3b\"},\"image\":{\"@id\":\"https:\/\/viniciojarquin.com\/blog\/la-urgencia-de-culpar\/#primaryimage\"},\"thumbnailUrl\":\"https:\/\/viniciojarquin.com\/blog\/wp-content\/uploads\/2026\/03\/La-urgencia-de-culpar.png\",\"articleSection\":[\"Pol\u00edtica varios\"],\"inLanguage\":\"es\",\"potentialAction\":[{\"@type\":\"CommentAction\",\"name\":\"Comment\",\"target\":[\"https:\/\/viniciojarquin.com\/blog\/la-urgencia-de-culpar\/#respond\"]}]},{\"@type\":\"WebPage\",\"@id\":\"https:\/\/viniciojarquin.com\/blog\/la-urgencia-de-culpar\/\",\"url\":\"https:\/\/viniciojarquin.com\/blog\/la-urgencia-de-culpar\/\",\"name\":\"La urgencia de culpar - MI BLOG\",\"isPartOf\":{\"@id\":\"https:\/\/viniciojarquin.com\/blog\/#website\"},\"primaryImageOfPage\":{\"@id\":\"https:\/\/viniciojarquin.com\/blog\/la-urgencia-de-culpar\/#primaryimage\"},\"image\":{\"@id\":\"https:\/\/viniciojarquin.com\/blog\/la-urgencia-de-culpar\/#primaryimage\"},\"thumbnailUrl\":\"https:\/\/viniciojarquin.com\/blog\/wp-content\/uploads\/2026\/03\/La-urgencia-de-culpar.png\",\"datePublished\":\"2026-03-22T05:28:24+00:00\",\"dateModified\":\"2026-03-22T05:28:26+00:00\",\"breadcrumb\":{\"@id\":\"https:\/\/viniciojarquin.com\/blog\/la-urgencia-de-culpar\/#breadcrumb\"},\"inLanguage\":\"es\",\"potentialAction\":[{\"@type\":\"ReadAction\",\"target\":[\"https:\/\/viniciojarquin.com\/blog\/la-urgencia-de-culpar\/\"]}]},{\"@type\":\"ImageObject\",\"inLanguage\":\"es\",\"@id\":\"https:\/\/viniciojarquin.com\/blog\/la-urgencia-de-culpar\/#primaryimage\",\"url\":\"https:\/\/viniciojarquin.com\/blog\/wp-content\/uploads\/2026\/03\/La-urgencia-de-culpar.png\",\"contentUrl\":\"https:\/\/viniciojarquin.com\/blog\/wp-content\/uploads\/2026\/03\/La-urgencia-de-culpar.png\",\"width\":800,\"height\":533},{\"@type\":\"BreadcrumbList\",\"@id\":\"https:\/\/viniciojarquin.com\/blog\/la-urgencia-de-culpar\/#breadcrumb\",\"itemListElement\":[{\"@type\":\"ListItem\",\"position\":1,\"name\":\"Portada\",\"item\":\"https:\/\/viniciojarquin.com\/blog\/\"},{\"@type\":\"ListItem\",\"position\":2,\"name\":\"La urgencia de culpar\"}]},{\"@type\":\"WebSite\",\"@id\":\"https:\/\/viniciojarquin.com\/blog\/#website\",\"url\":\"https:\/\/viniciojarquin.com\/blog\/\",\"name\":\"Vinicio Jarqu\u00edn BLOG\",\"description\":\"\",\"publisher\":{\"@id\":\"https:\/\/viniciojarquin.com\/blog\/#\/schema\/person\/90100c8845ae55462ec0657d3d2f8d3b\"},\"potentialAction\":[{\"@type\":\"SearchAction\",\"target\":{\"@type\":\"EntryPoint\",\"urlTemplate\":\"https:\/\/viniciojarquin.com\/blog\/?s={search_term_string}\"},\"query-input\":{\"@type\":\"PropertyValueSpecification\",\"valueRequired\":true,\"valueName\":\"search_term_string\"}}],\"inLanguage\":\"es\"},{\"@type\":[\"Person\",\"Organization\"],\"@id\":\"https:\/\/viniciojarquin.com\/blog\/#\/schema\/person\/90100c8845ae55462ec0657d3d2f8d3b\",\"name\":\"Vinicio Jarqu\u00edn\",\"image\":{\"@type\":\"ImageObject\",\"inLanguage\":\"es\",\"@id\":\"https:\/\/viniciojarquin.com\/blog\/#\/schema\/person\/image\/\",\"url\":\"https:\/\/viniciojarquin.com\/blog\/wp-content\/uploads\/2024\/10\/Logo-VinicioJarquin-original-400.png\",\"contentUrl\":\"https:\/\/viniciojarquin.com\/blog\/wp-content\/uploads\/2024\/10\/Logo-VinicioJarquin-original-400.png\",\"width\":400,\"height\":130,\"caption\":\"Vinicio Jarqu\u00edn\"},\"logo\":{\"@id\":\"https:\/\/viniciojarquin.com\/blog\/#\/schema\/person\/image\/\"},\"description\":\"Empresario textil, artista pl\u00e1stico, escritor, coach de vida y fot\u00f3grafo.\",\"sameAs\":[\"https:\/\/viniciojarquin.com\/blog\",\"https:\/\/www.facebook.com\/vinicio.jarquin\",\"https:\/\/www.instagram.com\/vinicio_jarquin\/\",\"https:\/\/www.pinterest.com\/vinnyjc\/\",\"https:\/\/www.youtube.com\/@VinicioJarquin\"],\"url\":\"https:\/\/viniciojarquin.com\/blog\/author\/admin_s02au25i\/\"}]}<\/script>\n<!-- \/ Yoast SEO plugin. -->","yoast_head_json":{"title":"La urgencia de culpar - MI BLOG","robots":{"index":"index","follow":"follow","max-snippet":"max-snippet:-1","max-image-preview":"max-image-preview:large","max-video-preview":"max-video-preview:-1"},"canonical":"https:\/\/viniciojarquin.com\/blog\/la-urgencia-de-culpar\/","og_locale":"es_ES","og_type":"article","og_title":"La urgencia de culpar - MI BLOG","og_description":"Me encantar\u00eda saber en qu\u00e9 momento aprendiste \u2014o aprendimos\u2014 a inclinarnos tan r\u00e1pido hacia el juicio de culpabilidad, incluso cuando [&hellip;]","og_url":"https:\/\/viniciojarquin.com\/blog\/la-urgencia-de-culpar\/","og_site_name":"MI BLOG","article_publisher":"https:\/\/www.facebook.com\/vinicio.jarquin","article_author":"https:\/\/www.facebook.com\/vinicio.jarquin","article_published_time":"2026-03-22T05:28:24+00:00","article_modified_time":"2026-03-22T05:28:26+00:00","og_image":[{"width":800,"height":533,"url":"https:\/\/viniciojarquin.com\/blog\/wp-content\/uploads\/2026\/03\/La-urgencia-de-culpar.png","type":"image\/png"}],"author":"Vinicio Jarqu\u00edn","twitter_card":"summary_large_image","twitter_misc":{"Escrito por":"Vinicio Jarqu\u00edn","Tiempo de lectura":"3 minutos"},"schema":{"@context":"https:\/\/schema.org","@graph":[{"@type":"Article","@id":"https:\/\/viniciojarquin.com\/blog\/la-urgencia-de-culpar\/#article","isPartOf":{"@id":"https:\/\/viniciojarquin.com\/blog\/la-urgencia-de-culpar\/"},"author":{"name":"Vinicio Jarqu\u00edn","@id":"https:\/\/viniciojarquin.com\/blog\/#\/schema\/person\/90100c8845ae55462ec0657d3d2f8d3b"},"headline":"La urgencia de culpar","datePublished":"2026-03-22T05:28:24+00:00","dateModified":"2026-03-22T05:28:26+00:00","mainEntityOfPage":{"@id":"https:\/\/viniciojarquin.com\/blog\/la-urgencia-de-culpar\/"},"wordCount":590,"commentCount":0,"publisher":{"@id":"https:\/\/viniciojarquin.com\/blog\/#\/schema\/person\/90100c8845ae55462ec0657d3d2f8d3b"},"image":{"@id":"https:\/\/viniciojarquin.com\/blog\/la-urgencia-de-culpar\/#primaryimage"},"thumbnailUrl":"https:\/\/viniciojarquin.com\/blog\/wp-content\/uploads\/2026\/03\/La-urgencia-de-culpar.png","articleSection":["Pol\u00edtica varios"],"inLanguage":"es","potentialAction":[{"@type":"CommentAction","name":"Comment","target":["https:\/\/viniciojarquin.com\/blog\/la-urgencia-de-culpar\/#respond"]}]},{"@type":"WebPage","@id":"https:\/\/viniciojarquin.com\/blog\/la-urgencia-de-culpar\/","url":"https:\/\/viniciojarquin.com\/blog\/la-urgencia-de-culpar\/","name":"La urgencia de culpar - MI BLOG","isPartOf":{"@id":"https:\/\/viniciojarquin.com\/blog\/#website"},"primaryImageOfPage":{"@id":"https:\/\/viniciojarquin.com\/blog\/la-urgencia-de-culpar\/#primaryimage"},"image":{"@id":"https:\/\/viniciojarquin.com\/blog\/la-urgencia-de-culpar\/#primaryimage"},"thumbnailUrl":"https:\/\/viniciojarquin.com\/blog\/wp-content\/uploads\/2026\/03\/La-urgencia-de-culpar.png","datePublished":"2026-03-22T05:28:24+00:00","dateModified":"2026-03-22T05:28:26+00:00","breadcrumb":{"@id":"https:\/\/viniciojarquin.com\/blog\/la-urgencia-de-culpar\/#breadcrumb"},"inLanguage":"es","potentialAction":[{"@type":"ReadAction","target":["https:\/\/viniciojarquin.com\/blog\/la-urgencia-de-culpar\/"]}]},{"@type":"ImageObject","inLanguage":"es","@id":"https:\/\/viniciojarquin.com\/blog\/la-urgencia-de-culpar\/#primaryimage","url":"https:\/\/viniciojarquin.com\/blog\/wp-content\/uploads\/2026\/03\/La-urgencia-de-culpar.png","contentUrl":"https:\/\/viniciojarquin.com\/blog\/wp-content\/uploads\/2026\/03\/La-urgencia-de-culpar.png","width":800,"height":533},{"@type":"BreadcrumbList","@id":"https:\/\/viniciojarquin.com\/blog\/la-urgencia-de-culpar\/#breadcrumb","itemListElement":[{"@type":"ListItem","position":1,"name":"Portada","item":"https:\/\/viniciojarquin.com\/blog\/"},{"@type":"ListItem","position":2,"name":"La urgencia de culpar"}]},{"@type":"WebSite","@id":"https:\/\/viniciojarquin.com\/blog\/#website","url":"https:\/\/viniciojarquin.com\/blog\/","name":"Vinicio Jarqu\u00edn BLOG","description":"","publisher":{"@id":"https:\/\/viniciojarquin.com\/blog\/#\/schema\/person\/90100c8845ae55462ec0657d3d2f8d3b"},"potentialAction":[{"@type":"SearchAction","target":{"@type":"EntryPoint","urlTemplate":"https:\/\/viniciojarquin.com\/blog\/?s={search_term_string}"},"query-input":{"@type":"PropertyValueSpecification","valueRequired":true,"valueName":"search_term_string"}}],"inLanguage":"es"},{"@type":["Person","Organization"],"@id":"https:\/\/viniciojarquin.com\/blog\/#\/schema\/person\/90100c8845ae55462ec0657d3d2f8d3b","name":"Vinicio Jarqu\u00edn","image":{"@type":"ImageObject","inLanguage":"es","@id":"https:\/\/viniciojarquin.com\/blog\/#\/schema\/person\/image\/","url":"https:\/\/viniciojarquin.com\/blog\/wp-content\/uploads\/2024\/10\/Logo-VinicioJarquin-original-400.png","contentUrl":"https:\/\/viniciojarquin.com\/blog\/wp-content\/uploads\/2024\/10\/Logo-VinicioJarquin-original-400.png","width":400,"height":130,"caption":"Vinicio Jarqu\u00edn"},"logo":{"@id":"https:\/\/viniciojarquin.com\/blog\/#\/schema\/person\/image\/"},"description":"Empresario textil, artista pl\u00e1stico, escritor, coach de vida y fot\u00f3grafo.","sameAs":["https:\/\/viniciojarquin.com\/blog","https:\/\/www.facebook.com\/vinicio.jarquin","https:\/\/www.instagram.com\/vinicio_jarquin\/","https:\/\/www.pinterest.com\/vinnyjc\/","https:\/\/www.youtube.com\/@VinicioJarquin"],"url":"https:\/\/viniciojarquin.com\/blog\/author\/admin_s02au25i\/"}]}},"blog_post_layout_featured_media_urls":{"thumbnail":["https:\/\/viniciojarquin.com\/blog\/wp-content\/uploads\/2026\/03\/La-urgencia-de-culpar-150x150.png",150,150,true],"full":["https:\/\/viniciojarquin.com\/blog\/wp-content\/uploads\/2026\/03\/La-urgencia-de-culpar.png",800,533,false]},"categories_names":{"12":{"name":"Pol\u00edtica varios","link":"https:\/\/viniciojarquin.com\/blog\/category\/politica-o-gobierno\/"}},"tags_names":[],"comments_number":"0","_links":{"self":[{"href":"https:\/\/viniciojarquin.com\/blog\/wp-json\/wp\/v2\/posts\/3116","targetHints":{"allow":["GET"]}}],"collection":[{"href":"https:\/\/viniciojarquin.com\/blog\/wp-json\/wp\/v2\/posts"}],"about":[{"href":"https:\/\/viniciojarquin.com\/blog\/wp-json\/wp\/v2\/types\/post"}],"author":[{"embeddable":true,"href":"https:\/\/viniciojarquin.com\/blog\/wp-json\/wp\/v2\/users\/1"}],"replies":[{"embeddable":true,"href":"https:\/\/viniciojarquin.com\/blog\/wp-json\/wp\/v2\/comments?post=3116"}],"version-history":[{"count":1,"href":"https:\/\/viniciojarquin.com\/blog\/wp-json\/wp\/v2\/posts\/3116\/revisions"}],"predecessor-version":[{"id":3118,"href":"https:\/\/viniciojarquin.com\/blog\/wp-json\/wp\/v2\/posts\/3116\/revisions\/3118"}],"wp:featuredmedia":[{"embeddable":true,"href":"https:\/\/viniciojarquin.com\/blog\/wp-json\/wp\/v2\/media\/3117"}],"wp:attachment":[{"href":"https:\/\/viniciojarquin.com\/blog\/wp-json\/wp\/v2\/media?parent=3116"}],"wp:term":[{"taxonomy":"category","embeddable":true,"href":"https:\/\/viniciojarquin.com\/blog\/wp-json\/wp\/v2\/categories?post=3116"},{"taxonomy":"post_tag","embeddable":true,"href":"https:\/\/viniciojarquin.com\/blog\/wp-json\/wp\/v2\/tags?post=3116"}],"curies":[{"name":"wp","href":"https:\/\/api.w.org\/{rel}","templated":true}]}}