{"id":3125,"date":"2026-03-23T13:36:02","date_gmt":"2026-03-23T13:36:02","guid":{"rendered":"https:\/\/viniciojarquin.com\/blog\/?p=3125"},"modified":"2026-03-24T00:38:54","modified_gmt":"2026-03-24T00:38:54","slug":"la-guerra-que-decidis-mostrar","status":"publish","type":"post","link":"https:\/\/viniciojarquin.com\/blog\/la-guerra-que-decidis-mostrar\/","title":{"rendered":"La guerra que decid\u00eds mostrar"},"content":{"rendered":"\n<figure class=\"wp-block-image size-full\"><img decoding=\"async\" width=\"800\" height=\"533\" data-src=\"https:\/\/viniciojarquin.com\/blog\/wp-content\/uploads\/2026\/03\/La-vida-es-bella.png\" alt=\"\" class=\"wp-image-3126 lazyload\" data-srcset=\"https:\/\/viniciojarquin.com\/blog\/wp-content\/uploads\/2026\/03\/La-vida-es-bella.png 800w, https:\/\/viniciojarquin.com\/blog\/wp-content\/uploads\/2026\/03\/La-vida-es-bella-300x200.png 300w, https:\/\/viniciojarquin.com\/blog\/wp-content\/uploads\/2026\/03\/La-vida-es-bella-768x512.png 768w\" data-sizes=\"(max-width: 800px) 100vw, 800px\" src=\"data:image\/svg+xml;base64,PHN2ZyB3aWR0aD0iMSIgaGVpZ2h0PSIxIiB4bWxucz0iaHR0cDovL3d3dy53My5vcmcvMjAwMC9zdmciPjwvc3ZnPg==\" style=\"--smush-placeholder-width: 800px; --smush-placeholder-aspect-ratio: 800\/533;\" \/><\/figure>\n\n\n\n<p>Hay una pel\u00edcula que, m\u00e1s all\u00e1 de lo que cuenta, deja una sensaci\u00f3n que se queda. <em>La vida es bella<\/em>, de Roberto Benigni, narra la historia de un padre que, en medio de la Segunda Guerra Mundial, dentro de un campo de concentraci\u00f3n, toma una decisi\u00f3n que no es l\u00f3gica\u2026 pero s\u00ed profundamente humana. La realidad es dura, es cruda, es imposible de suavizar si se mira directamente. Y aun as\u00ed, \u00e9l elige no entreg\u00e1rsela as\u00ed a su hijo. No la niega en su interior, pero tampoco se la transfiere. La transforma. La convierte en un juego, en una narrativa distinta, en una experiencia que el ni\u00f1o puede sostener sin romperse.<\/p>\n\n\n\n<p>Y en ese gesto, que podr\u00eda parecer peque\u00f1o desde afuera, hay algo inmenso. Porque no cambia lo que est\u00e1 pasando\u2026 pero cambia completamente la forma en que se vive. El ni\u00f1o no entra en la guerra, no conoce el horror como tal, no carga con ese peso. Vive otra cosa. Una versi\u00f3n distinta, creada por alguien que entiende que no todo lo que existe afuera tiene que entrar tal cual a quien est\u00e1 creciendo. Y eso no es enga\u00f1o\u2026 es cuidado.<\/p>\n\n\n\n<p>Y tal vez no est\u00e1s en una guerra como esa\u2026 pero si mir\u00e1s con honestidad, hay otras formas de guerra que aparecen todos los d\u00edas. Est\u00e1n en las redes sociales, en los comentarios, en las discusiones, en las ofensas que llegan sin aviso. Est\u00e1n en la forma en que se habla, en la manera en que se responde, en la energ\u00eda que se mueve cuando alguien decide atacar o provocar. Y muchas veces, sin darte cuenta, todo eso entra contigo a tu casa.<\/p>\n\n\n\n<p>Si cada vez que alguien te ofende o te insulta, lo coment\u00e1s en voz alta, lo repet\u00eds, lo analiz\u00e1s desde el enojo o la frustraci\u00f3n\u2026 no solo est\u00e1s descargando lo que sent\u00eds. Tambi\u00e9n est\u00e1s mostrando una forma de vivir. Tus hijos no solo escuchan palabras\u2026 aprenden desde d\u00f3nde se enfrentan las cosas. Y entonces, sin querer, les abr\u00eds la puerta a esa guerra. Les mostr\u00e1s que existe, que se responde, que se habita.<\/p>\n\n\n\n<p>Pero tambi\u00e9n pod\u00e9s hacer algo distinto. Pod\u00e9s recibir ese comentario, sentir lo que teng\u00e1s que sentir\u2026 y luego elegir c\u00f3mo lo transform\u00e1s antes de que llegue a otros. Pod\u00e9s cambiar el tono, cambiar la forma, cambiar la historia que se cuenta dentro de tu casa. Pod\u00e9s decidir que no todo lo que viene de afuera tiene derecho a instalarse adentro. Y en ese gesto, que parece simple\u2026 hay una decisi\u00f3n mucho m\u00e1s profunda.<\/p>\n\n\n\n<p>Porque en ese momento est\u00e1s haciendo lo mismo que ese padre. No est\u00e1s negando la realidad. No est\u00e1s evitando el mundo. Est\u00e1s eligiendo c\u00f3mo se vive ese mundo en quienes todav\u00eda est\u00e1n aprendiendo a entenderlo. Est\u00e1s cuidando. Est\u00e1s filtrando. Est\u00e1s creando un espacio donde, a pesar de todo, se puede estar en calma.<\/p>\n\n\n\n<p>Y ya habr\u00e1 tiempo para explicar, para mostrar, para preparar. Ya habr\u00e1 tiempo para hablar de lo que existe all\u00e1 afuera. Pero si hoy son ni\u00f1os\u2026 no tienen por qu\u00e9 vivir la guerra que otros est\u00e1n peleando. No tienen por qu\u00e9 cargar con conflictos que no les pertenecen.<\/p>\n\n\n\n<p>Y entonces la pregunta deja de ser qu\u00e9 est\u00e1 pasando afuera\u2026 y se convierte en algo mucho m\u00e1s cercano: \u00bfqu\u00e9 mundo est\u00e1s dejando entrar a tu casa?<\/p>\n","protected":false},"excerpt":{"rendered":"<p>Hay una pel\u00edcula que, m\u00e1s all\u00e1 de lo que cuenta, deja una sensaci\u00f3n que se queda. La vida es bella, [&hellip;]<\/p>\n","protected":false},"author":1,"featured_media":3126,"comment_status":"open","ping_status":"open","sticky":false,"template":"","format":"standard","meta":{"site-sidebar-layout":"default","site-content-layout":"","ast-site-content-layout":"","site-content-style":"default","site-sidebar-style":"default","ast-global-header-display":"","ast-banner-title-visibility":"","ast-main-header-display":"","ast-hfb-above-header-display":"","ast-hfb-below-header-display":"","ast-hfb-mobile-header-display":"","site-post-title":"","ast-breadcrumbs-content":"","ast-featured-img":"","footer-sml-layout":"","theme-transparent-header-meta":"","adv-header-id-meta":"","stick-header-meta":"","header-above-stick-meta":"","header-main-stick-meta":"","header-below-stick-meta":"","astra-migrate-meta-layouts":"default","ast-page-background-enabled":"default","ast-page-background-meta":{"desktop":{"background-color":"var(--ast-global-color-5)","background-image":"","background-repeat":"repeat","background-position":"center center","background-size":"auto","background-attachment":"scroll","background-type":"","background-media":"","overlay-type":"","overlay-color":"","overlay-opacity":"","overlay-gradient":""},"tablet":{"background-color":"","background-image":"","background-repeat":"repeat","background-position":"center center","background-size":"auto","background-attachment":"scroll","background-type":"","background-media":"","overlay-type":"","overlay-color":"","overlay-opacity":"","overlay-gradient":""},"mobile":{"background-color":"","background-image":"","background-repeat":"repeat","background-position":"center center","background-size":"auto","background-attachment":"scroll","background-type":"","background-media":"","overlay-type":"","overlay-color":"","overlay-opacity":"","overlay-gradient":""}},"ast-content-background-meta":{"desktop":{"background-color":"var(--ast-global-color-4)","background-image":"","background-repeat":"repeat","background-position":"center center","background-size":"auto","background-attachment":"scroll","background-type":"","background-media":"","overlay-type":"","overlay-color":"","overlay-opacity":"","overlay-gradient":""},"tablet":{"background-color":"var(--ast-global-color-4)","background-image":"","background-repeat":"repeat","background-position":"center center","background-size":"auto","background-attachment":"scroll","background-type":"","background-media":"","overlay-type":"","overlay-color":"","overlay-opacity":"","overlay-gradient":""},"mobile":{"background-color":"var(--ast-global-color-4)","background-image":"","background-repeat":"repeat","background-position":"center center","background-size":"auto","background-attachment":"scroll","background-type":"","background-media":"","overlay-type":"","overlay-color":"","overlay-opacity":"","overlay-gradient":""}},"footnotes":""},"categories":[9],"tags":[],"class_list":["post-3125","post","type-post","status-publish","format-standard","has-post-thumbnail","hentry","category-mis-escritos"],"yoast_head":"<!-- This site is optimized with the Yoast SEO plugin v26.0 - https:\/\/yoast.com\/wordpress\/plugins\/seo\/ -->\n<title>La guerra que decid\u00eds mostrar - MI BLOG<\/title>\n<meta name=\"robots\" content=\"index, follow, max-snippet:-1, max-image-preview:large, max-video-preview:-1\" \/>\n<link rel=\"canonical\" href=\"https:\/\/viniciojarquin.com\/blog\/la-guerra-que-decidis-mostrar\/\" \/>\n<meta property=\"og:locale\" content=\"es_ES\" \/>\n<meta property=\"og:type\" content=\"article\" \/>\n<meta property=\"og:title\" content=\"La guerra que decid\u00eds mostrar - MI BLOG\" \/>\n<meta property=\"og:description\" content=\"Hay una pel\u00edcula que, m\u00e1s all\u00e1 de lo que cuenta, deja una sensaci\u00f3n que se queda. La vida es bella, [&hellip;]\" \/>\n<meta property=\"og:url\" content=\"https:\/\/viniciojarquin.com\/blog\/la-guerra-que-decidis-mostrar\/\" \/>\n<meta property=\"og:site_name\" content=\"MI BLOG\" \/>\n<meta property=\"article:publisher\" content=\"https:\/\/www.facebook.com\/vinicio.jarquin\" \/>\n<meta property=\"article:author\" content=\"https:\/\/www.facebook.com\/vinicio.jarquin\" \/>\n<meta property=\"article:published_time\" content=\"2026-03-23T13:36:02+00:00\" \/>\n<meta property=\"article:modified_time\" content=\"2026-03-24T00:38:54+00:00\" \/>\n<meta property=\"og:image\" content=\"https:\/\/viniciojarquin.com\/blog\/wp-content\/uploads\/2026\/03\/La-vida-es-bella.png\" \/>\n\t<meta property=\"og:image:width\" content=\"800\" \/>\n\t<meta property=\"og:image:height\" content=\"533\" \/>\n\t<meta property=\"og:image:type\" content=\"image\/png\" \/>\n<meta name=\"author\" content=\"Vinicio Jarqu\u00edn\" \/>\n<meta name=\"twitter:card\" content=\"summary_large_image\" \/>\n<meta name=\"twitter:label1\" content=\"Escrito por\" \/>\n\t<meta name=\"twitter:data1\" content=\"Vinicio Jarqu\u00edn\" \/>\n\t<meta name=\"twitter:label2\" content=\"Tiempo de lectura\" \/>\n\t<meta name=\"twitter:data2\" content=\"3 minutos\" \/>\n<script type=\"application\/ld+json\" class=\"yoast-schema-graph\">{\"@context\":\"https:\/\/schema.org\",\"@graph\":[{\"@type\":\"Article\",\"@id\":\"https:\/\/viniciojarquin.com\/blog\/la-guerra-que-decidis-mostrar\/#article\",\"isPartOf\":{\"@id\":\"https:\/\/viniciojarquin.com\/blog\/la-guerra-que-decidis-mostrar\/\"},\"author\":{\"name\":\"Vinicio Jarqu\u00edn\",\"@id\":\"https:\/\/viniciojarquin.com\/blog\/#\/schema\/person\/90100c8845ae55462ec0657d3d2f8d3b\"},\"headline\":\"La guerra que decid\u00eds mostrar\",\"datePublished\":\"2026-03-23T13:36:02+00:00\",\"dateModified\":\"2026-03-24T00:38:54+00:00\",\"mainEntityOfPage\":{\"@id\":\"https:\/\/viniciojarquin.com\/blog\/la-guerra-que-decidis-mostrar\/\"},\"wordCount\":609,\"commentCount\":0,\"publisher\":{\"@id\":\"https:\/\/viniciojarquin.com\/blog\/#\/schema\/person\/90100c8845ae55462ec0657d3d2f8d3b\"},\"image\":{\"@id\":\"https:\/\/viniciojarquin.com\/blog\/la-guerra-que-decidis-mostrar\/#primaryimage\"},\"thumbnailUrl\":\"https:\/\/viniciojarquin.com\/blog\/wp-content\/uploads\/2026\/03\/La-vida-es-bella.png\",\"articleSection\":[\"Escritos generales\"],\"inLanguage\":\"es\",\"potentialAction\":[{\"@type\":\"CommentAction\",\"name\":\"Comment\",\"target\":[\"https:\/\/viniciojarquin.com\/blog\/la-guerra-que-decidis-mostrar\/#respond\"]}]},{\"@type\":\"WebPage\",\"@id\":\"https:\/\/viniciojarquin.com\/blog\/la-guerra-que-decidis-mostrar\/\",\"url\":\"https:\/\/viniciojarquin.com\/blog\/la-guerra-que-decidis-mostrar\/\",\"name\":\"La guerra que decid\u00eds mostrar - MI BLOG\",\"isPartOf\":{\"@id\":\"https:\/\/viniciojarquin.com\/blog\/#website\"},\"primaryImageOfPage\":{\"@id\":\"https:\/\/viniciojarquin.com\/blog\/la-guerra-que-decidis-mostrar\/#primaryimage\"},\"image\":{\"@id\":\"https:\/\/viniciojarquin.com\/blog\/la-guerra-que-decidis-mostrar\/#primaryimage\"},\"thumbnailUrl\":\"https:\/\/viniciojarquin.com\/blog\/wp-content\/uploads\/2026\/03\/La-vida-es-bella.png\",\"datePublished\":\"2026-03-23T13:36:02+00:00\",\"dateModified\":\"2026-03-24T00:38:54+00:00\",\"breadcrumb\":{\"@id\":\"https:\/\/viniciojarquin.com\/blog\/la-guerra-que-decidis-mostrar\/#breadcrumb\"},\"inLanguage\":\"es\",\"potentialAction\":[{\"@type\":\"ReadAction\",\"target\":[\"https:\/\/viniciojarquin.com\/blog\/la-guerra-que-decidis-mostrar\/\"]}]},{\"@type\":\"ImageObject\",\"inLanguage\":\"es\",\"@id\":\"https:\/\/viniciojarquin.com\/blog\/la-guerra-que-decidis-mostrar\/#primaryimage\",\"url\":\"https:\/\/viniciojarquin.com\/blog\/wp-content\/uploads\/2026\/03\/La-vida-es-bella.png\",\"contentUrl\":\"https:\/\/viniciojarquin.com\/blog\/wp-content\/uploads\/2026\/03\/La-vida-es-bella.png\",\"width\":800,\"height\":533},{\"@type\":\"BreadcrumbList\",\"@id\":\"https:\/\/viniciojarquin.com\/blog\/la-guerra-que-decidis-mostrar\/#breadcrumb\",\"itemListElement\":[{\"@type\":\"ListItem\",\"position\":1,\"name\":\"Portada\",\"item\":\"https:\/\/viniciojarquin.com\/blog\/\"},{\"@type\":\"ListItem\",\"position\":2,\"name\":\"La guerra que decid\u00eds mostrar\"}]},{\"@type\":\"WebSite\",\"@id\":\"https:\/\/viniciojarquin.com\/blog\/#website\",\"url\":\"https:\/\/viniciojarquin.com\/blog\/\",\"name\":\"Vinicio Jarqu\u00edn BLOG\",\"description\":\"\",\"publisher\":{\"@id\":\"https:\/\/viniciojarquin.com\/blog\/#\/schema\/person\/90100c8845ae55462ec0657d3d2f8d3b\"},\"potentialAction\":[{\"@type\":\"SearchAction\",\"target\":{\"@type\":\"EntryPoint\",\"urlTemplate\":\"https:\/\/viniciojarquin.com\/blog\/?s={search_term_string}\"},\"query-input\":{\"@type\":\"PropertyValueSpecification\",\"valueRequired\":true,\"valueName\":\"search_term_string\"}}],\"inLanguage\":\"es\"},{\"@type\":[\"Person\",\"Organization\"],\"@id\":\"https:\/\/viniciojarquin.com\/blog\/#\/schema\/person\/90100c8845ae55462ec0657d3d2f8d3b\",\"name\":\"Vinicio Jarqu\u00edn\",\"image\":{\"@type\":\"ImageObject\",\"inLanguage\":\"es\",\"@id\":\"https:\/\/viniciojarquin.com\/blog\/#\/schema\/person\/image\/\",\"url\":\"https:\/\/viniciojarquin.com\/blog\/wp-content\/uploads\/2024\/10\/Logo-VinicioJarquin-original-400.png\",\"contentUrl\":\"https:\/\/viniciojarquin.com\/blog\/wp-content\/uploads\/2024\/10\/Logo-VinicioJarquin-original-400.png\",\"width\":400,\"height\":130,\"caption\":\"Vinicio Jarqu\u00edn\"},\"logo\":{\"@id\":\"https:\/\/viniciojarquin.com\/blog\/#\/schema\/person\/image\/\"},\"description\":\"Empresario textil, artista pl\u00e1stico, escritor, coach de vida y fot\u00f3grafo.\",\"sameAs\":[\"https:\/\/viniciojarquin.com\/blog\",\"https:\/\/www.facebook.com\/vinicio.jarquin\",\"https:\/\/www.instagram.com\/vinicio_jarquin\/\",\"https:\/\/www.pinterest.com\/vinnyjc\/\",\"https:\/\/www.youtube.com\/@VinicioJarquin\"],\"url\":\"https:\/\/viniciojarquin.com\/blog\/author\/admin_s02au25i\/\"}]}<\/script>\n<!-- \/ Yoast SEO plugin. -->","yoast_head_json":{"title":"La guerra que decid\u00eds mostrar - MI BLOG","robots":{"index":"index","follow":"follow","max-snippet":"max-snippet:-1","max-image-preview":"max-image-preview:large","max-video-preview":"max-video-preview:-1"},"canonical":"https:\/\/viniciojarquin.com\/blog\/la-guerra-que-decidis-mostrar\/","og_locale":"es_ES","og_type":"article","og_title":"La guerra que decid\u00eds mostrar - MI BLOG","og_description":"Hay una pel\u00edcula que, m\u00e1s all\u00e1 de lo que cuenta, deja una sensaci\u00f3n que se queda. La vida es bella, [&hellip;]","og_url":"https:\/\/viniciojarquin.com\/blog\/la-guerra-que-decidis-mostrar\/","og_site_name":"MI BLOG","article_publisher":"https:\/\/www.facebook.com\/vinicio.jarquin","article_author":"https:\/\/www.facebook.com\/vinicio.jarquin","article_published_time":"2026-03-23T13:36:02+00:00","article_modified_time":"2026-03-24T00:38:54+00:00","og_image":[{"width":800,"height":533,"url":"https:\/\/viniciojarquin.com\/blog\/wp-content\/uploads\/2026\/03\/La-vida-es-bella.png","type":"image\/png"}],"author":"Vinicio Jarqu\u00edn","twitter_card":"summary_large_image","twitter_misc":{"Escrito por":"Vinicio Jarqu\u00edn","Tiempo de lectura":"3 minutos"},"schema":{"@context":"https:\/\/schema.org","@graph":[{"@type":"Article","@id":"https:\/\/viniciojarquin.com\/blog\/la-guerra-que-decidis-mostrar\/#article","isPartOf":{"@id":"https:\/\/viniciojarquin.com\/blog\/la-guerra-que-decidis-mostrar\/"},"author":{"name":"Vinicio Jarqu\u00edn","@id":"https:\/\/viniciojarquin.com\/blog\/#\/schema\/person\/90100c8845ae55462ec0657d3d2f8d3b"},"headline":"La guerra que decid\u00eds mostrar","datePublished":"2026-03-23T13:36:02+00:00","dateModified":"2026-03-24T00:38:54+00:00","mainEntityOfPage":{"@id":"https:\/\/viniciojarquin.com\/blog\/la-guerra-que-decidis-mostrar\/"},"wordCount":609,"commentCount":0,"publisher":{"@id":"https:\/\/viniciojarquin.com\/blog\/#\/schema\/person\/90100c8845ae55462ec0657d3d2f8d3b"},"image":{"@id":"https:\/\/viniciojarquin.com\/blog\/la-guerra-que-decidis-mostrar\/#primaryimage"},"thumbnailUrl":"https:\/\/viniciojarquin.com\/blog\/wp-content\/uploads\/2026\/03\/La-vida-es-bella.png","articleSection":["Escritos generales"],"inLanguage":"es","potentialAction":[{"@type":"CommentAction","name":"Comment","target":["https:\/\/viniciojarquin.com\/blog\/la-guerra-que-decidis-mostrar\/#respond"]}]},{"@type":"WebPage","@id":"https:\/\/viniciojarquin.com\/blog\/la-guerra-que-decidis-mostrar\/","url":"https:\/\/viniciojarquin.com\/blog\/la-guerra-que-decidis-mostrar\/","name":"La guerra que decid\u00eds mostrar - MI BLOG","isPartOf":{"@id":"https:\/\/viniciojarquin.com\/blog\/#website"},"primaryImageOfPage":{"@id":"https:\/\/viniciojarquin.com\/blog\/la-guerra-que-decidis-mostrar\/#primaryimage"},"image":{"@id":"https:\/\/viniciojarquin.com\/blog\/la-guerra-que-decidis-mostrar\/#primaryimage"},"thumbnailUrl":"https:\/\/viniciojarquin.com\/blog\/wp-content\/uploads\/2026\/03\/La-vida-es-bella.png","datePublished":"2026-03-23T13:36:02+00:00","dateModified":"2026-03-24T00:38:54+00:00","breadcrumb":{"@id":"https:\/\/viniciojarquin.com\/blog\/la-guerra-que-decidis-mostrar\/#breadcrumb"},"inLanguage":"es","potentialAction":[{"@type":"ReadAction","target":["https:\/\/viniciojarquin.com\/blog\/la-guerra-que-decidis-mostrar\/"]}]},{"@type":"ImageObject","inLanguage":"es","@id":"https:\/\/viniciojarquin.com\/blog\/la-guerra-que-decidis-mostrar\/#primaryimage","url":"https:\/\/viniciojarquin.com\/blog\/wp-content\/uploads\/2026\/03\/La-vida-es-bella.png","contentUrl":"https:\/\/viniciojarquin.com\/blog\/wp-content\/uploads\/2026\/03\/La-vida-es-bella.png","width":800,"height":533},{"@type":"BreadcrumbList","@id":"https:\/\/viniciojarquin.com\/blog\/la-guerra-que-decidis-mostrar\/#breadcrumb","itemListElement":[{"@type":"ListItem","position":1,"name":"Portada","item":"https:\/\/viniciojarquin.com\/blog\/"},{"@type":"ListItem","position":2,"name":"La guerra que decid\u00eds mostrar"}]},{"@type":"WebSite","@id":"https:\/\/viniciojarquin.com\/blog\/#website","url":"https:\/\/viniciojarquin.com\/blog\/","name":"Vinicio Jarqu\u00edn BLOG","description":"","publisher":{"@id":"https:\/\/viniciojarquin.com\/blog\/#\/schema\/person\/90100c8845ae55462ec0657d3d2f8d3b"},"potentialAction":[{"@type":"SearchAction","target":{"@type":"EntryPoint","urlTemplate":"https:\/\/viniciojarquin.com\/blog\/?s={search_term_string}"},"query-input":{"@type":"PropertyValueSpecification","valueRequired":true,"valueName":"search_term_string"}}],"inLanguage":"es"},{"@type":["Person","Organization"],"@id":"https:\/\/viniciojarquin.com\/blog\/#\/schema\/person\/90100c8845ae55462ec0657d3d2f8d3b","name":"Vinicio Jarqu\u00edn","image":{"@type":"ImageObject","inLanguage":"es","@id":"https:\/\/viniciojarquin.com\/blog\/#\/schema\/person\/image\/","url":"https:\/\/viniciojarquin.com\/blog\/wp-content\/uploads\/2024\/10\/Logo-VinicioJarquin-original-400.png","contentUrl":"https:\/\/viniciojarquin.com\/blog\/wp-content\/uploads\/2024\/10\/Logo-VinicioJarquin-original-400.png","width":400,"height":130,"caption":"Vinicio Jarqu\u00edn"},"logo":{"@id":"https:\/\/viniciojarquin.com\/blog\/#\/schema\/person\/image\/"},"description":"Empresario textil, artista pl\u00e1stico, escritor, coach de vida y fot\u00f3grafo.","sameAs":["https:\/\/viniciojarquin.com\/blog","https:\/\/www.facebook.com\/vinicio.jarquin","https:\/\/www.instagram.com\/vinicio_jarquin\/","https:\/\/www.pinterest.com\/vinnyjc\/","https:\/\/www.youtube.com\/@VinicioJarquin"],"url":"https:\/\/viniciojarquin.com\/blog\/author\/admin_s02au25i\/"}]}},"blog_post_layout_featured_media_urls":{"thumbnail":["https:\/\/viniciojarquin.com\/blog\/wp-content\/uploads\/2026\/03\/La-vida-es-bella-150x150.png",150,150,true],"full":["https:\/\/viniciojarquin.com\/blog\/wp-content\/uploads\/2026\/03\/La-vida-es-bella.png",800,533,false]},"categories_names":{"9":{"name":"Escritos generales","link":"https:\/\/viniciojarquin.com\/blog\/category\/mis-escritos\/"}},"tags_names":[],"comments_number":"0","_links":{"self":[{"href":"https:\/\/viniciojarquin.com\/blog\/wp-json\/wp\/v2\/posts\/3125","targetHints":{"allow":["GET"]}}],"collection":[{"href":"https:\/\/viniciojarquin.com\/blog\/wp-json\/wp\/v2\/posts"}],"about":[{"href":"https:\/\/viniciojarquin.com\/blog\/wp-json\/wp\/v2\/types\/post"}],"author":[{"embeddable":true,"href":"https:\/\/viniciojarquin.com\/blog\/wp-json\/wp\/v2\/users\/1"}],"replies":[{"embeddable":true,"href":"https:\/\/viniciojarquin.com\/blog\/wp-json\/wp\/v2\/comments?post=3125"}],"version-history":[{"count":2,"href":"https:\/\/viniciojarquin.com\/blog\/wp-json\/wp\/v2\/posts\/3125\/revisions"}],"predecessor-version":[{"id":3138,"href":"https:\/\/viniciojarquin.com\/blog\/wp-json\/wp\/v2\/posts\/3125\/revisions\/3138"}],"wp:featuredmedia":[{"embeddable":true,"href":"https:\/\/viniciojarquin.com\/blog\/wp-json\/wp\/v2\/media\/3126"}],"wp:attachment":[{"href":"https:\/\/viniciojarquin.com\/blog\/wp-json\/wp\/v2\/media?parent=3125"}],"wp:term":[{"taxonomy":"category","embeddable":true,"href":"https:\/\/viniciojarquin.com\/blog\/wp-json\/wp\/v2\/categories?post=3125"},{"taxonomy":"post_tag","embeddable":true,"href":"https:\/\/viniciojarquin.com\/blog\/wp-json\/wp\/v2\/tags?post=3125"}],"curies":[{"name":"wp","href":"https:\/\/api.w.org\/{rel}","templated":true}]}}