{"id":3129,"date":"2026-03-23T14:18:55","date_gmt":"2026-03-23T14:18:55","guid":{"rendered":"https:\/\/viniciojarquin.com\/blog\/?p=3129"},"modified":"2026-03-23T14:18:57","modified_gmt":"2026-03-23T14:18:57","slug":"no-somos-guerreros-de-luz","status":"publish","type":"post","link":"https:\/\/viniciojarquin.com\/blog\/no-somos-guerreros-de-luz\/","title":{"rendered":"No somos guerreros de luz"},"content":{"rendered":"\n<figure class=\"wp-block-image size-full\"><img decoding=\"async\" width=\"800\" height=\"533\" data-src=\"https:\/\/viniciojarquin.com\/blog\/wp-content\/uploads\/2026\/03\/Expansor-de-luz.png\" alt=\"\" class=\"wp-image-3131 lazyload\" data-srcset=\"https:\/\/viniciojarquin.com\/blog\/wp-content\/uploads\/2026\/03\/Expansor-de-luz.png 800w, https:\/\/viniciojarquin.com\/blog\/wp-content\/uploads\/2026\/03\/Expansor-de-luz-300x200.png 300w, https:\/\/viniciojarquin.com\/blog\/wp-content\/uploads\/2026\/03\/Expansor-de-luz-768x512.png 768w\" data-sizes=\"(max-width: 800px) 100vw, 800px\" src=\"data:image\/svg+xml;base64,PHN2ZyB3aWR0aD0iMSIgaGVpZ2h0PSIxIiB4bWxucz0iaHR0cDovL3d3dy53My5vcmcvMjAwMC9zdmciPjwvc3ZnPg==\" style=\"--smush-placeholder-width: 800px; --smush-placeholder-aspect-ratio: 800\/533;\" \/><\/figure>\n\n\n\n<p>En algunas oportunidades se ha hablado de la importancia de la luz. De hacer luz, de alumbrar el mundo, de compartir nuestra luz, de que la luz llega a todos. Y todo eso suena bien, incluso inspira\u2026 pero hoy quiero invitarte a mirar esa idea desde un lugar un poco distinto. Porque tal vez, sin darte cuenta, has ido construyendo una imagen de la luz que no necesariamente corresponde a lo que realmente es.<\/p>\n\n\n\n<p>Porque no se trata de que tu espada sea de luz. No se trata de que con la luz luch\u00e9s contra la oscuridad. Porque para que exista una lucha, necesitar\u00edas primero reconocer a un enemigo. Tendr\u00edas que imaginarlo, definirlo, ubicarlo. Tendr\u00edas que construir una narrativa en la que algo est\u00e1 mal y algo est\u00e1 bien, en la que alguien debe ganar y alguien debe perder. Y en ese proceso, casi sin darte cuenta, entrar\u00edas en el mismo juego que dec\u00eds querer evitar.<\/p>\n\n\n\n<p>Y no.<\/p>\n\n\n\n<p>La luz no es un arma. No est\u00e1 hecha para combatir. No est\u00e1 dise\u00f1ada para imponerse sobre nada ni sobre nadie. La luz no necesita campo de batalla, ni estrategias, ni bandos. No necesita que identifiqu\u00e9s enemigos, ni que te prepares para enfrentarlos. Porque en el momento en que entr\u00e1s en lucha\u2026 te sal\u00eds de la luz.<\/p>\n\n\n\n<p>La luz no pelea. La luz emana.<\/p>\n\n\n\n<p>Sale de vos, sin esfuerzo, sin tensi\u00f3n, sin necesidad de demostrar nada. Se expande de forma natural, se conecta con otros, se amplifica. No porque lo intente\u2026 sino porque es su naturaleza. Y en ese movimiento silencioso, sin ruido, sin confrontaci\u00f3n\u2026 transforma. No desde la fuerza, sino desde la presencia.<\/p>\n\n\n\n<p>Y cuando lo ves as\u00ed, algo cambia adentro. Porque ya no ten\u00e9s que salir a convencer, ni a corregir, ni a se\u00f1alar. Ya no ten\u00e9s que desgastarte tratando de iluminar a otros como si fuera tu responsabilidad. Solo ten\u00e9s que sostener tu propia luz. Cuidarla. Habitarla. Y dejar que haga lo suyo.<\/p>\n\n\n\n<p>Porque la luz se encarga. No es tu trabajo pelear. No sos un guerrero de luz. Sos, simplemente\u2026 un expansor de luz.<\/p>\n","protected":false},"excerpt":{"rendered":"<p>En algunas oportunidades se ha hablado de la importancia de la luz. De hacer luz, de alumbrar el mundo, de [&hellip;]<\/p>\n","protected":false},"author":1,"featured_media":3131,"comment_status":"open","ping_status":"open","sticky":false,"template":"","format":"standard","meta":{"site-sidebar-layout":"default","site-content-layout":"","ast-site-content-layout":"","site-content-style":"default","site-sidebar-style":"default","ast-global-header-display":"","ast-banner-title-visibility":"","ast-main-header-display":"","ast-hfb-above-header-display":"","ast-hfb-below-header-display":"","ast-hfb-mobile-header-display":"","site-post-title":"","ast-breadcrumbs-content":"","ast-featured-img":"","footer-sml-layout":"","theme-transparent-header-meta":"","adv-header-id-meta":"","stick-header-meta":"","header-above-stick-meta":"","header-main-stick-meta":"","header-below-stick-meta":"","astra-migrate-meta-layouts":"default","ast-page-background-enabled":"default","ast-page-background-meta":{"desktop":{"background-color":"var(--ast-global-color-5)","background-image":"","background-repeat":"repeat","background-position":"center center","background-size":"auto","background-attachment":"scroll","background-type":"","background-media":"","overlay-type":"","overlay-color":"","overlay-opacity":"","overlay-gradient":""},"tablet":{"background-color":"","background-image":"","background-repeat":"repeat","background-position":"center center","background-size":"auto","background-attachment":"scroll","background-type":"","background-media":"","overlay-type":"","overlay-color":"","overlay-opacity":"","overlay-gradient":""},"mobile":{"background-color":"","background-image":"","background-repeat":"repeat","background-position":"center center","background-size":"auto","background-attachment":"scroll","background-type":"","background-media":"","overlay-type":"","overlay-color":"","overlay-opacity":"","overlay-gradient":""}},"ast-content-background-meta":{"desktop":{"background-color":"var(--ast-global-color-4)","background-image":"","background-repeat":"repeat","background-position":"center center","background-size":"auto","background-attachment":"scroll","background-type":"","background-media":"","overlay-type":"","overlay-color":"","overlay-opacity":"","overlay-gradient":""},"tablet":{"background-color":"var(--ast-global-color-4)","background-image":"","background-repeat":"repeat","background-position":"center center","background-size":"auto","background-attachment":"scroll","background-type":"","background-media":"","overlay-type":"","overlay-color":"","overlay-opacity":"","overlay-gradient":""},"mobile":{"background-color":"var(--ast-global-color-4)","background-image":"","background-repeat":"repeat","background-position":"center center","background-size":"auto","background-attachment":"scroll","background-type":"","background-media":"","overlay-type":"","overlay-color":"","overlay-opacity":"","overlay-gradient":""}},"footnotes":""},"categories":[9],"tags":[],"class_list":["post-3129","post","type-post","status-publish","format-standard","has-post-thumbnail","hentry","category-mis-escritos"],"yoast_head":"<!-- This site is optimized with the Yoast SEO plugin v26.0 - https:\/\/yoast.com\/wordpress\/plugins\/seo\/ -->\n<title>No somos guerreros de luz - MI BLOG<\/title>\n<meta name=\"robots\" content=\"index, follow, max-snippet:-1, max-image-preview:large, max-video-preview:-1\" \/>\n<link rel=\"canonical\" href=\"https:\/\/viniciojarquin.com\/blog\/no-somos-guerreros-de-luz\/\" \/>\n<meta property=\"og:locale\" content=\"es_ES\" \/>\n<meta property=\"og:type\" content=\"article\" \/>\n<meta property=\"og:title\" content=\"No somos guerreros de luz - MI BLOG\" \/>\n<meta property=\"og:description\" content=\"En algunas oportunidades se ha hablado de la importancia de la luz. De hacer luz, de alumbrar el mundo, de [&hellip;]\" \/>\n<meta property=\"og:url\" content=\"https:\/\/viniciojarquin.com\/blog\/no-somos-guerreros-de-luz\/\" \/>\n<meta property=\"og:site_name\" content=\"MI BLOG\" \/>\n<meta property=\"article:publisher\" content=\"https:\/\/www.facebook.com\/vinicio.jarquin\" \/>\n<meta property=\"article:author\" content=\"https:\/\/www.facebook.com\/vinicio.jarquin\" \/>\n<meta property=\"article:published_time\" content=\"2026-03-23T14:18:55+00:00\" \/>\n<meta property=\"article:modified_time\" content=\"2026-03-23T14:18:57+00:00\" \/>\n<meta property=\"og:image\" content=\"https:\/\/viniciojarquin.com\/blog\/wp-content\/uploads\/2026\/03\/Expansor-de-luz.png\" \/>\n\t<meta property=\"og:image:width\" content=\"800\" \/>\n\t<meta property=\"og:image:height\" content=\"533\" \/>\n\t<meta property=\"og:image:type\" content=\"image\/png\" \/>\n<meta name=\"author\" content=\"Vinicio Jarqu\u00edn\" \/>\n<meta name=\"twitter:card\" content=\"summary_large_image\" \/>\n<meta name=\"twitter:label1\" content=\"Escrito por\" \/>\n\t<meta name=\"twitter:data1\" content=\"Vinicio Jarqu\u00edn\" \/>\n\t<meta name=\"twitter:label2\" content=\"Tiempo de lectura\" \/>\n\t<meta name=\"twitter:data2\" content=\"2 minutos\" \/>\n<script type=\"application\/ld+json\" class=\"yoast-schema-graph\">{\"@context\":\"https:\/\/schema.org\",\"@graph\":[{\"@type\":\"Article\",\"@id\":\"https:\/\/viniciojarquin.com\/blog\/no-somos-guerreros-de-luz\/#article\",\"isPartOf\":{\"@id\":\"https:\/\/viniciojarquin.com\/blog\/no-somos-guerreros-de-luz\/\"},\"author\":{\"name\":\"Vinicio Jarqu\u00edn\",\"@id\":\"https:\/\/viniciojarquin.com\/blog\/#\/schema\/person\/90100c8845ae55462ec0657d3d2f8d3b\"},\"headline\":\"No somos guerreros de luz\",\"datePublished\":\"2026-03-23T14:18:55+00:00\",\"dateModified\":\"2026-03-23T14:18:57+00:00\",\"mainEntityOfPage\":{\"@id\":\"https:\/\/viniciojarquin.com\/blog\/no-somos-guerreros-de-luz\/\"},\"wordCount\":367,\"commentCount\":0,\"publisher\":{\"@id\":\"https:\/\/viniciojarquin.com\/blog\/#\/schema\/person\/90100c8845ae55462ec0657d3d2f8d3b\"},\"image\":{\"@id\":\"https:\/\/viniciojarquin.com\/blog\/no-somos-guerreros-de-luz\/#primaryimage\"},\"thumbnailUrl\":\"https:\/\/viniciojarquin.com\/blog\/wp-content\/uploads\/2026\/03\/Expansor-de-luz.png\",\"articleSection\":[\"Escritos generales\"],\"inLanguage\":\"es\",\"potentialAction\":[{\"@type\":\"CommentAction\",\"name\":\"Comment\",\"target\":[\"https:\/\/viniciojarquin.com\/blog\/no-somos-guerreros-de-luz\/#respond\"]}]},{\"@type\":\"WebPage\",\"@id\":\"https:\/\/viniciojarquin.com\/blog\/no-somos-guerreros-de-luz\/\",\"url\":\"https:\/\/viniciojarquin.com\/blog\/no-somos-guerreros-de-luz\/\",\"name\":\"No somos guerreros de luz - MI BLOG\",\"isPartOf\":{\"@id\":\"https:\/\/viniciojarquin.com\/blog\/#website\"},\"primaryImageOfPage\":{\"@id\":\"https:\/\/viniciojarquin.com\/blog\/no-somos-guerreros-de-luz\/#primaryimage\"},\"image\":{\"@id\":\"https:\/\/viniciojarquin.com\/blog\/no-somos-guerreros-de-luz\/#primaryimage\"},\"thumbnailUrl\":\"https:\/\/viniciojarquin.com\/blog\/wp-content\/uploads\/2026\/03\/Expansor-de-luz.png\",\"datePublished\":\"2026-03-23T14:18:55+00:00\",\"dateModified\":\"2026-03-23T14:18:57+00:00\",\"breadcrumb\":{\"@id\":\"https:\/\/viniciojarquin.com\/blog\/no-somos-guerreros-de-luz\/#breadcrumb\"},\"inLanguage\":\"es\",\"potentialAction\":[{\"@type\":\"ReadAction\",\"target\":[\"https:\/\/viniciojarquin.com\/blog\/no-somos-guerreros-de-luz\/\"]}]},{\"@type\":\"ImageObject\",\"inLanguage\":\"es\",\"@id\":\"https:\/\/viniciojarquin.com\/blog\/no-somos-guerreros-de-luz\/#primaryimage\",\"url\":\"https:\/\/viniciojarquin.com\/blog\/wp-content\/uploads\/2026\/03\/Expansor-de-luz.png\",\"contentUrl\":\"https:\/\/viniciojarquin.com\/blog\/wp-content\/uploads\/2026\/03\/Expansor-de-luz.png\",\"width\":800,\"height\":533},{\"@type\":\"BreadcrumbList\",\"@id\":\"https:\/\/viniciojarquin.com\/blog\/no-somos-guerreros-de-luz\/#breadcrumb\",\"itemListElement\":[{\"@type\":\"ListItem\",\"position\":1,\"name\":\"Portada\",\"item\":\"https:\/\/viniciojarquin.com\/blog\/\"},{\"@type\":\"ListItem\",\"position\":2,\"name\":\"No somos guerreros de luz\"}]},{\"@type\":\"WebSite\",\"@id\":\"https:\/\/viniciojarquin.com\/blog\/#website\",\"url\":\"https:\/\/viniciojarquin.com\/blog\/\",\"name\":\"Vinicio Jarqu\u00edn BLOG\",\"description\":\"\",\"publisher\":{\"@id\":\"https:\/\/viniciojarquin.com\/blog\/#\/schema\/person\/90100c8845ae55462ec0657d3d2f8d3b\"},\"potentialAction\":[{\"@type\":\"SearchAction\",\"target\":{\"@type\":\"EntryPoint\",\"urlTemplate\":\"https:\/\/viniciojarquin.com\/blog\/?s={search_term_string}\"},\"query-input\":{\"@type\":\"PropertyValueSpecification\",\"valueRequired\":true,\"valueName\":\"search_term_string\"}}],\"inLanguage\":\"es\"},{\"@type\":[\"Person\",\"Organization\"],\"@id\":\"https:\/\/viniciojarquin.com\/blog\/#\/schema\/person\/90100c8845ae55462ec0657d3d2f8d3b\",\"name\":\"Vinicio Jarqu\u00edn\",\"image\":{\"@type\":\"ImageObject\",\"inLanguage\":\"es\",\"@id\":\"https:\/\/viniciojarquin.com\/blog\/#\/schema\/person\/image\/\",\"url\":\"https:\/\/viniciojarquin.com\/blog\/wp-content\/uploads\/2024\/10\/Logo-VinicioJarquin-original-400.png\",\"contentUrl\":\"https:\/\/viniciojarquin.com\/blog\/wp-content\/uploads\/2024\/10\/Logo-VinicioJarquin-original-400.png\",\"width\":400,\"height\":130,\"caption\":\"Vinicio Jarqu\u00edn\"},\"logo\":{\"@id\":\"https:\/\/viniciojarquin.com\/blog\/#\/schema\/person\/image\/\"},\"description\":\"Empresario textil, artista pl\u00e1stico, escritor, coach de vida y fot\u00f3grafo.\",\"sameAs\":[\"https:\/\/viniciojarquin.com\/blog\",\"https:\/\/www.facebook.com\/vinicio.jarquin\",\"https:\/\/www.instagram.com\/vinicio_jarquin\/\",\"https:\/\/www.pinterest.com\/vinnyjc\/\",\"https:\/\/www.youtube.com\/@VinicioJarquin\"],\"url\":\"https:\/\/viniciojarquin.com\/blog\/author\/admin_s02au25i\/\"}]}<\/script>\n<!-- \/ Yoast SEO plugin. -->","yoast_head_json":{"title":"No somos guerreros de luz - MI BLOG","robots":{"index":"index","follow":"follow","max-snippet":"max-snippet:-1","max-image-preview":"max-image-preview:large","max-video-preview":"max-video-preview:-1"},"canonical":"https:\/\/viniciojarquin.com\/blog\/no-somos-guerreros-de-luz\/","og_locale":"es_ES","og_type":"article","og_title":"No somos guerreros de luz - MI BLOG","og_description":"En algunas oportunidades se ha hablado de la importancia de la luz. De hacer luz, de alumbrar el mundo, de [&hellip;]","og_url":"https:\/\/viniciojarquin.com\/blog\/no-somos-guerreros-de-luz\/","og_site_name":"MI BLOG","article_publisher":"https:\/\/www.facebook.com\/vinicio.jarquin","article_author":"https:\/\/www.facebook.com\/vinicio.jarquin","article_published_time":"2026-03-23T14:18:55+00:00","article_modified_time":"2026-03-23T14:18:57+00:00","og_image":[{"width":800,"height":533,"url":"https:\/\/viniciojarquin.com\/blog\/wp-content\/uploads\/2026\/03\/Expansor-de-luz.png","type":"image\/png"}],"author":"Vinicio Jarqu\u00edn","twitter_card":"summary_large_image","twitter_misc":{"Escrito por":"Vinicio Jarqu\u00edn","Tiempo de lectura":"2 minutos"},"schema":{"@context":"https:\/\/schema.org","@graph":[{"@type":"Article","@id":"https:\/\/viniciojarquin.com\/blog\/no-somos-guerreros-de-luz\/#article","isPartOf":{"@id":"https:\/\/viniciojarquin.com\/blog\/no-somos-guerreros-de-luz\/"},"author":{"name":"Vinicio Jarqu\u00edn","@id":"https:\/\/viniciojarquin.com\/blog\/#\/schema\/person\/90100c8845ae55462ec0657d3d2f8d3b"},"headline":"No somos guerreros de luz","datePublished":"2026-03-23T14:18:55+00:00","dateModified":"2026-03-23T14:18:57+00:00","mainEntityOfPage":{"@id":"https:\/\/viniciojarquin.com\/blog\/no-somos-guerreros-de-luz\/"},"wordCount":367,"commentCount":0,"publisher":{"@id":"https:\/\/viniciojarquin.com\/blog\/#\/schema\/person\/90100c8845ae55462ec0657d3d2f8d3b"},"image":{"@id":"https:\/\/viniciojarquin.com\/blog\/no-somos-guerreros-de-luz\/#primaryimage"},"thumbnailUrl":"https:\/\/viniciojarquin.com\/blog\/wp-content\/uploads\/2026\/03\/Expansor-de-luz.png","articleSection":["Escritos generales"],"inLanguage":"es","potentialAction":[{"@type":"CommentAction","name":"Comment","target":["https:\/\/viniciojarquin.com\/blog\/no-somos-guerreros-de-luz\/#respond"]}]},{"@type":"WebPage","@id":"https:\/\/viniciojarquin.com\/blog\/no-somos-guerreros-de-luz\/","url":"https:\/\/viniciojarquin.com\/blog\/no-somos-guerreros-de-luz\/","name":"No somos guerreros de luz - MI BLOG","isPartOf":{"@id":"https:\/\/viniciojarquin.com\/blog\/#website"},"primaryImageOfPage":{"@id":"https:\/\/viniciojarquin.com\/blog\/no-somos-guerreros-de-luz\/#primaryimage"},"image":{"@id":"https:\/\/viniciojarquin.com\/blog\/no-somos-guerreros-de-luz\/#primaryimage"},"thumbnailUrl":"https:\/\/viniciojarquin.com\/blog\/wp-content\/uploads\/2026\/03\/Expansor-de-luz.png","datePublished":"2026-03-23T14:18:55+00:00","dateModified":"2026-03-23T14:18:57+00:00","breadcrumb":{"@id":"https:\/\/viniciojarquin.com\/blog\/no-somos-guerreros-de-luz\/#breadcrumb"},"inLanguage":"es","potentialAction":[{"@type":"ReadAction","target":["https:\/\/viniciojarquin.com\/blog\/no-somos-guerreros-de-luz\/"]}]},{"@type":"ImageObject","inLanguage":"es","@id":"https:\/\/viniciojarquin.com\/blog\/no-somos-guerreros-de-luz\/#primaryimage","url":"https:\/\/viniciojarquin.com\/blog\/wp-content\/uploads\/2026\/03\/Expansor-de-luz.png","contentUrl":"https:\/\/viniciojarquin.com\/blog\/wp-content\/uploads\/2026\/03\/Expansor-de-luz.png","width":800,"height":533},{"@type":"BreadcrumbList","@id":"https:\/\/viniciojarquin.com\/blog\/no-somos-guerreros-de-luz\/#breadcrumb","itemListElement":[{"@type":"ListItem","position":1,"name":"Portada","item":"https:\/\/viniciojarquin.com\/blog\/"},{"@type":"ListItem","position":2,"name":"No somos guerreros de luz"}]},{"@type":"WebSite","@id":"https:\/\/viniciojarquin.com\/blog\/#website","url":"https:\/\/viniciojarquin.com\/blog\/","name":"Vinicio Jarqu\u00edn BLOG","description":"","publisher":{"@id":"https:\/\/viniciojarquin.com\/blog\/#\/schema\/person\/90100c8845ae55462ec0657d3d2f8d3b"},"potentialAction":[{"@type":"SearchAction","target":{"@type":"EntryPoint","urlTemplate":"https:\/\/viniciojarquin.com\/blog\/?s={search_term_string}"},"query-input":{"@type":"PropertyValueSpecification","valueRequired":true,"valueName":"search_term_string"}}],"inLanguage":"es"},{"@type":["Person","Organization"],"@id":"https:\/\/viniciojarquin.com\/blog\/#\/schema\/person\/90100c8845ae55462ec0657d3d2f8d3b","name":"Vinicio Jarqu\u00edn","image":{"@type":"ImageObject","inLanguage":"es","@id":"https:\/\/viniciojarquin.com\/blog\/#\/schema\/person\/image\/","url":"https:\/\/viniciojarquin.com\/blog\/wp-content\/uploads\/2024\/10\/Logo-VinicioJarquin-original-400.png","contentUrl":"https:\/\/viniciojarquin.com\/blog\/wp-content\/uploads\/2024\/10\/Logo-VinicioJarquin-original-400.png","width":400,"height":130,"caption":"Vinicio Jarqu\u00edn"},"logo":{"@id":"https:\/\/viniciojarquin.com\/blog\/#\/schema\/person\/image\/"},"description":"Empresario textil, artista pl\u00e1stico, escritor, coach de vida y fot\u00f3grafo.","sameAs":["https:\/\/viniciojarquin.com\/blog","https:\/\/www.facebook.com\/vinicio.jarquin","https:\/\/www.instagram.com\/vinicio_jarquin\/","https:\/\/www.pinterest.com\/vinnyjc\/","https:\/\/www.youtube.com\/@VinicioJarquin"],"url":"https:\/\/viniciojarquin.com\/blog\/author\/admin_s02au25i\/"}]}},"blog_post_layout_featured_media_urls":{"thumbnail":["https:\/\/viniciojarquin.com\/blog\/wp-content\/uploads\/2026\/03\/Expansor-de-luz-150x150.png",150,150,true],"full":["https:\/\/viniciojarquin.com\/blog\/wp-content\/uploads\/2026\/03\/Expansor-de-luz.png",800,533,false]},"categories_names":{"9":{"name":"Escritos generales","link":"https:\/\/viniciojarquin.com\/blog\/category\/mis-escritos\/"}},"tags_names":[],"comments_number":"0","_links":{"self":[{"href":"https:\/\/viniciojarquin.com\/blog\/wp-json\/wp\/v2\/posts\/3129","targetHints":{"allow":["GET"]}}],"collection":[{"href":"https:\/\/viniciojarquin.com\/blog\/wp-json\/wp\/v2\/posts"}],"about":[{"href":"https:\/\/viniciojarquin.com\/blog\/wp-json\/wp\/v2\/types\/post"}],"author":[{"embeddable":true,"href":"https:\/\/viniciojarquin.com\/blog\/wp-json\/wp\/v2\/users\/1"}],"replies":[{"embeddable":true,"href":"https:\/\/viniciojarquin.com\/blog\/wp-json\/wp\/v2\/comments?post=3129"}],"version-history":[{"count":1,"href":"https:\/\/viniciojarquin.com\/blog\/wp-json\/wp\/v2\/posts\/3129\/revisions"}],"predecessor-version":[{"id":3132,"href":"https:\/\/viniciojarquin.com\/blog\/wp-json\/wp\/v2\/posts\/3129\/revisions\/3132"}],"wp:featuredmedia":[{"embeddable":true,"href":"https:\/\/viniciojarquin.com\/blog\/wp-json\/wp\/v2\/media\/3131"}],"wp:attachment":[{"href":"https:\/\/viniciojarquin.com\/blog\/wp-json\/wp\/v2\/media?parent=3129"}],"wp:term":[{"taxonomy":"category","embeddable":true,"href":"https:\/\/viniciojarquin.com\/blog\/wp-json\/wp\/v2\/categories?post=3129"},{"taxonomy":"post_tag","embeddable":true,"href":"https:\/\/viniciojarquin.com\/blog\/wp-json\/wp\/v2\/tags?post=3129"}],"curies":[{"name":"wp","href":"https:\/\/api.w.org\/{rel}","templated":true}]}}