{"id":3140,"date":"2026-03-24T00:50:46","date_gmt":"2026-03-24T00:50:46","guid":{"rendered":"https:\/\/viniciojarquin.com\/blog\/?p=3140"},"modified":"2026-03-24T00:50:48","modified_gmt":"2026-03-24T00:50:48","slug":"lo-que-cabe-en-una-vida-cuando-toca-partir","status":"publish","type":"post","link":"https:\/\/viniciojarquin.com\/blog\/lo-que-cabe-en-una-vida-cuando-toca-partir\/","title":{"rendered":"Lo que cabe en una vida cuando toca partir"},"content":{"rendered":"\n<p>No puedo ni imaginar lo que debe ser dejar la patria. No como una idea rom\u00e1ntica de viaje, ni como un plan elegido con calma\u2026 sino como una decisi\u00f3n empujada por la necesidad. Dejar la casa, las cosas, los recuerdos, las fotos, los espacios donde la vida fue tomando forma. Dejar a la familia, o cargar con ella. Salir sin saber exactamente qu\u00e9 viene, con la incertidumbre caminando al lado. Y aun as\u00ed\u2026 avanzar.<\/p>\n\n\n\n<p>Pienso en quienes vienen hacia Costa Rica, o en quienes solo van de paso. Nicarag\u00fcenses, venezolanos, y tantos otros. Personas que no salen por gusto, sino porque algo dentro \u2014o alrededor\u2014 ya no les permite quedarse. Y en ese movimiento, en ese desprendimiento tan profundo, hay algo que no siempre se ve desde afuera. No es solo un cambio de lugar\u2026 es un quiebre. Es reconstruirse en otro suelo, con otras reglas, con otras miradas.<\/p>\n\n\n\n<p>Y entonces llegan\u2026 y se encuentran con comentarios como muchos de los que se leen por aqu\u00ed. Palabras que juzgan sin conocer, que se\u00f1alan sin haber caminado ese trayecto, que hablan desde una comodidad que a veces se olvida de s\u00ed misma. Como si la vida fuera una garant\u00eda. Como si nadie estuviera, en realidad, a una circunstancia de distancia de tener que hacer lo mismo.<\/p>\n\n\n\n<p>Debe ser profundamente triste\u2026 y al mismo tiempo profundamente valiente. Saber que todo lo que ten\u00e9s cabe en un malet\u00edn\u2026 o en tu mano, cuando llev\u00e1s a alguien que te dice \u201cpap\u00e1\u201d o \u201cmam\u00e1\u201d. Saber que lo que construiste qued\u00f3 atr\u00e1s, y que lo que viene todav\u00eda no tiene forma. Y aun as\u00ed, decidir seguir.<\/p>\n\n\n\n<p>Por eso, cuando se leen comentarios duros, despectivos, cargados de juicio\u2026 surge una sensaci\u00f3n extra\u00f1a. No de enojo solamente, sino de algo m\u00e1s silencioso. Porque para hablar desde ese lugar, hay que estar muy seguro de que nunca te va a tocar. Hay que creer, aunque no se diga en voz alta, que tu lugar en el mundo est\u00e1 garantizado\u2026 y que el de tus hijos tambi\u00e9n.<\/p>\n\n\n\n<p>Y eso\u2026 tal vez es lo m\u00e1s fr\u00e1gil de todo.<\/p>\n\n\n\n<p>Porque la historia ha demostrado, una y otra vez, que las cosas cambian. Que lo que hoy es estabilidad, ma\u00f1ana puede no serlo. Que nadie tiene asegurado quedarse donde est\u00e1. Y cuando eso pasa, cuando la vida te mueve sin pedir permiso\u2026 lo que antes juzgabas, empieza a sentirse distinto.<\/p>\n\n\n\n<p>Tal vez por eso vale la pena mirar esto desde otro lugar. No desde la pol\u00edtica, ni desde la estad\u00edstica\u2026 sino desde lo humano. Desde la capacidad de reconocer que hay decisiones que no se toman desde la comodidad, sino desde la urgencia. Y que para dar ese paso, se necesita algo que no siempre se reconoce desde afuera: valent\u00eda.<\/p>\n\n\n\n<p>Una valent\u00eda silenciosa, inc\u00f3moda, incierta\u2026 pero real.<\/p>\n\n\n\n<p>Y mientras algunos lo hacen caminando, cruzando fronteras, cargando su vida en lo que pueden\u2026 otros lo hacen desde un teclado, lanzando frases, invocando consecuencias, como si la vida fuera una especie de juego donde todo siempre se devuelve en equilibrio perfecto.<\/p>\n\n\n\n<p>Pero la vida no siempre funciona as\u00ed.<\/p>\n\n\n\n<p>Y quiz\u00e1s, antes de juzgar\u2026 lo \u00fanico que har\u00eda falta es una pausa.<\/p>\n\n\n\n<p>Una peque\u00f1a pausa para recordar que nadie est\u00e1 tan lejos de tener que empezar de nuevo. Y tener cuidado de no estar diciendo: \u201c\u00a1Hola Karma!, aqu\u00ed estoy, ven\u00ed por mi\u201d.<\/p>\n","protected":false},"excerpt":{"rendered":"<p>No puedo ni imaginar lo que debe ser dejar la patria. No como una idea rom\u00e1ntica de viaje, ni como [&hellip;]<\/p>\n","protected":false},"author":1,"featured_media":0,"comment_status":"open","ping_status":"open","sticky":false,"template":"","format":"standard","meta":{"site-sidebar-layout":"default","site-content-layout":"","ast-site-content-layout":"","site-content-style":"default","site-sidebar-style":"default","ast-global-header-display":"","ast-banner-title-visibility":"","ast-main-header-display":"","ast-hfb-above-header-display":"","ast-hfb-below-header-display":"","ast-hfb-mobile-header-display":"","site-post-title":"","ast-breadcrumbs-content":"","ast-featured-img":"","footer-sml-layout":"","theme-transparent-header-meta":"","adv-header-id-meta":"","stick-header-meta":"","header-above-stick-meta":"","header-main-stick-meta":"","header-below-stick-meta":"","astra-migrate-meta-layouts":"default","ast-page-background-enabled":"default","ast-page-background-meta":{"desktop":{"background-color":"var(--ast-global-color-5)","background-image":"","background-repeat":"repeat","background-position":"center center","background-size":"auto","background-attachment":"scroll","background-type":"","background-media":"","overlay-type":"","overlay-color":"","overlay-opacity":"","overlay-gradient":""},"tablet":{"background-color":"","background-image":"","background-repeat":"repeat","background-position":"center center","background-size":"auto","background-attachment":"scroll","background-type":"","background-media":"","overlay-type":"","overlay-color":"","overlay-opacity":"","overlay-gradient":""},"mobile":{"background-color":"","background-image":"","background-repeat":"repeat","background-position":"center center","background-size":"auto","background-attachment":"scroll","background-type":"","background-media":"","overlay-type":"","overlay-color":"","overlay-opacity":"","overlay-gradient":""}},"ast-content-background-meta":{"desktop":{"background-color":"var(--ast-global-color-4)","background-image":"","background-repeat":"repeat","background-position":"center center","background-size":"auto","background-attachment":"scroll","background-type":"","background-media":"","overlay-type":"","overlay-color":"","overlay-opacity":"","overlay-gradient":""},"tablet":{"background-color":"var(--ast-global-color-4)","background-image":"","background-repeat":"repeat","background-position":"center center","background-size":"auto","background-attachment":"scroll","background-type":"","background-media":"","overlay-type":"","overlay-color":"","overlay-opacity":"","overlay-gradient":""},"mobile":{"background-color":"var(--ast-global-color-4)","background-image":"","background-repeat":"repeat","background-position":"center center","background-size":"auto","background-attachment":"scroll","background-type":"","background-media":"","overlay-type":"","overlay-color":"","overlay-opacity":"","overlay-gradient":""}},"footnotes":""},"categories":[9],"tags":[],"class_list":["post-3140","post","type-post","status-publish","format-standard","hentry","category-mis-escritos"],"yoast_head":"<!-- This site is optimized with the Yoast SEO plugin v26.0 - https:\/\/yoast.com\/wordpress\/plugins\/seo\/ -->\n<title>Lo que cabe en una vida cuando toca partir - MI BLOG<\/title>\n<meta name=\"robots\" content=\"index, follow, max-snippet:-1, max-image-preview:large, max-video-preview:-1\" \/>\n<link rel=\"canonical\" href=\"https:\/\/viniciojarquin.com\/blog\/lo-que-cabe-en-una-vida-cuando-toca-partir\/\" \/>\n<meta property=\"og:locale\" content=\"es_ES\" \/>\n<meta property=\"og:type\" content=\"article\" \/>\n<meta property=\"og:title\" content=\"Lo que cabe en una vida cuando toca partir - MI BLOG\" \/>\n<meta property=\"og:description\" content=\"No puedo ni imaginar lo que debe ser dejar la patria. No como una idea rom\u00e1ntica de viaje, ni como [&hellip;]\" \/>\n<meta property=\"og:url\" content=\"https:\/\/viniciojarquin.com\/blog\/lo-que-cabe-en-una-vida-cuando-toca-partir\/\" \/>\n<meta property=\"og:site_name\" content=\"MI BLOG\" \/>\n<meta property=\"article:publisher\" content=\"https:\/\/www.facebook.com\/vinicio.jarquin\" \/>\n<meta property=\"article:author\" content=\"https:\/\/www.facebook.com\/vinicio.jarquin\" \/>\n<meta property=\"article:published_time\" content=\"2026-03-24T00:50:46+00:00\" \/>\n<meta property=\"article:modified_time\" content=\"2026-03-24T00:50:48+00:00\" \/>\n<meta name=\"author\" content=\"Vinicio Jarqu\u00edn\" \/>\n<meta name=\"twitter:card\" content=\"summary_large_image\" \/>\n<meta name=\"twitter:label1\" content=\"Escrito por\" \/>\n\t<meta name=\"twitter:data1\" content=\"Vinicio Jarqu\u00edn\" \/>\n\t<meta name=\"twitter:label2\" content=\"Tiempo de lectura\" \/>\n\t<meta name=\"twitter:data2\" content=\"3 minutos\" \/>\n<script type=\"application\/ld+json\" class=\"yoast-schema-graph\">{\"@context\":\"https:\/\/schema.org\",\"@graph\":[{\"@type\":\"Article\",\"@id\":\"https:\/\/viniciojarquin.com\/blog\/lo-que-cabe-en-una-vida-cuando-toca-partir\/#article\",\"isPartOf\":{\"@id\":\"https:\/\/viniciojarquin.com\/blog\/lo-que-cabe-en-una-vida-cuando-toca-partir\/\"},\"author\":{\"name\":\"Vinicio Jarqu\u00edn\",\"@id\":\"https:\/\/viniciojarquin.com\/blog\/#\/schema\/person\/90100c8845ae55462ec0657d3d2f8d3b\"},\"headline\":\"Lo que cabe en una vida cuando toca partir\",\"datePublished\":\"2026-03-24T00:50:46+00:00\",\"dateModified\":\"2026-03-24T00:50:48+00:00\",\"mainEntityOfPage\":{\"@id\":\"https:\/\/viniciojarquin.com\/blog\/lo-que-cabe-en-una-vida-cuando-toca-partir\/\"},\"wordCount\":590,\"commentCount\":0,\"publisher\":{\"@id\":\"https:\/\/viniciojarquin.com\/blog\/#\/schema\/person\/90100c8845ae55462ec0657d3d2f8d3b\"},\"articleSection\":[\"Escritos generales\"],\"inLanguage\":\"es\",\"potentialAction\":[{\"@type\":\"CommentAction\",\"name\":\"Comment\",\"target\":[\"https:\/\/viniciojarquin.com\/blog\/lo-que-cabe-en-una-vida-cuando-toca-partir\/#respond\"]}]},{\"@type\":\"WebPage\",\"@id\":\"https:\/\/viniciojarquin.com\/blog\/lo-que-cabe-en-una-vida-cuando-toca-partir\/\",\"url\":\"https:\/\/viniciojarquin.com\/blog\/lo-que-cabe-en-una-vida-cuando-toca-partir\/\",\"name\":\"Lo que cabe en una vida cuando toca partir - MI BLOG\",\"isPartOf\":{\"@id\":\"https:\/\/viniciojarquin.com\/blog\/#website\"},\"datePublished\":\"2026-03-24T00:50:46+00:00\",\"dateModified\":\"2026-03-24T00:50:48+00:00\",\"breadcrumb\":{\"@id\":\"https:\/\/viniciojarquin.com\/blog\/lo-que-cabe-en-una-vida-cuando-toca-partir\/#breadcrumb\"},\"inLanguage\":\"es\",\"potentialAction\":[{\"@type\":\"ReadAction\",\"target\":[\"https:\/\/viniciojarquin.com\/blog\/lo-que-cabe-en-una-vida-cuando-toca-partir\/\"]}]},{\"@type\":\"BreadcrumbList\",\"@id\":\"https:\/\/viniciojarquin.com\/blog\/lo-que-cabe-en-una-vida-cuando-toca-partir\/#breadcrumb\",\"itemListElement\":[{\"@type\":\"ListItem\",\"position\":1,\"name\":\"Portada\",\"item\":\"https:\/\/viniciojarquin.com\/blog\/\"},{\"@type\":\"ListItem\",\"position\":2,\"name\":\"Lo que cabe en una vida cuando toca partir\"}]},{\"@type\":\"WebSite\",\"@id\":\"https:\/\/viniciojarquin.com\/blog\/#website\",\"url\":\"https:\/\/viniciojarquin.com\/blog\/\",\"name\":\"Vinicio Jarqu\u00edn BLOG\",\"description\":\"\",\"publisher\":{\"@id\":\"https:\/\/viniciojarquin.com\/blog\/#\/schema\/person\/90100c8845ae55462ec0657d3d2f8d3b\"},\"potentialAction\":[{\"@type\":\"SearchAction\",\"target\":{\"@type\":\"EntryPoint\",\"urlTemplate\":\"https:\/\/viniciojarquin.com\/blog\/?s={search_term_string}\"},\"query-input\":{\"@type\":\"PropertyValueSpecification\",\"valueRequired\":true,\"valueName\":\"search_term_string\"}}],\"inLanguage\":\"es\"},{\"@type\":[\"Person\",\"Organization\"],\"@id\":\"https:\/\/viniciojarquin.com\/blog\/#\/schema\/person\/90100c8845ae55462ec0657d3d2f8d3b\",\"name\":\"Vinicio Jarqu\u00edn\",\"image\":{\"@type\":\"ImageObject\",\"inLanguage\":\"es\",\"@id\":\"https:\/\/viniciojarquin.com\/blog\/#\/schema\/person\/image\/\",\"url\":\"https:\/\/viniciojarquin.com\/blog\/wp-content\/uploads\/2024\/10\/Logo-VinicioJarquin-original-400.png\",\"contentUrl\":\"https:\/\/viniciojarquin.com\/blog\/wp-content\/uploads\/2024\/10\/Logo-VinicioJarquin-original-400.png\",\"width\":400,\"height\":130,\"caption\":\"Vinicio Jarqu\u00edn\"},\"logo\":{\"@id\":\"https:\/\/viniciojarquin.com\/blog\/#\/schema\/person\/image\/\"},\"description\":\"Empresario textil, artista pl\u00e1stico, escritor, coach de vida y fot\u00f3grafo.\",\"sameAs\":[\"https:\/\/viniciojarquin.com\/blog\",\"https:\/\/www.facebook.com\/vinicio.jarquin\",\"https:\/\/www.instagram.com\/vinicio_jarquin\/\",\"https:\/\/www.pinterest.com\/vinnyjc\/\",\"https:\/\/www.youtube.com\/@VinicioJarquin\"],\"url\":\"https:\/\/viniciojarquin.com\/blog\/author\/admin_s02au25i\/\"}]}<\/script>\n<!-- \/ Yoast SEO plugin. -->","yoast_head_json":{"title":"Lo que cabe en una vida cuando toca partir - MI BLOG","robots":{"index":"index","follow":"follow","max-snippet":"max-snippet:-1","max-image-preview":"max-image-preview:large","max-video-preview":"max-video-preview:-1"},"canonical":"https:\/\/viniciojarquin.com\/blog\/lo-que-cabe-en-una-vida-cuando-toca-partir\/","og_locale":"es_ES","og_type":"article","og_title":"Lo que cabe en una vida cuando toca partir - MI BLOG","og_description":"No puedo ni imaginar lo que debe ser dejar la patria. No como una idea rom\u00e1ntica de viaje, ni como [&hellip;]","og_url":"https:\/\/viniciojarquin.com\/blog\/lo-que-cabe-en-una-vida-cuando-toca-partir\/","og_site_name":"MI BLOG","article_publisher":"https:\/\/www.facebook.com\/vinicio.jarquin","article_author":"https:\/\/www.facebook.com\/vinicio.jarquin","article_published_time":"2026-03-24T00:50:46+00:00","article_modified_time":"2026-03-24T00:50:48+00:00","author":"Vinicio Jarqu\u00edn","twitter_card":"summary_large_image","twitter_misc":{"Escrito por":"Vinicio Jarqu\u00edn","Tiempo de lectura":"3 minutos"},"schema":{"@context":"https:\/\/schema.org","@graph":[{"@type":"Article","@id":"https:\/\/viniciojarquin.com\/blog\/lo-que-cabe-en-una-vida-cuando-toca-partir\/#article","isPartOf":{"@id":"https:\/\/viniciojarquin.com\/blog\/lo-que-cabe-en-una-vida-cuando-toca-partir\/"},"author":{"name":"Vinicio Jarqu\u00edn","@id":"https:\/\/viniciojarquin.com\/blog\/#\/schema\/person\/90100c8845ae55462ec0657d3d2f8d3b"},"headline":"Lo que cabe en una vida cuando toca partir","datePublished":"2026-03-24T00:50:46+00:00","dateModified":"2026-03-24T00:50:48+00:00","mainEntityOfPage":{"@id":"https:\/\/viniciojarquin.com\/blog\/lo-que-cabe-en-una-vida-cuando-toca-partir\/"},"wordCount":590,"commentCount":0,"publisher":{"@id":"https:\/\/viniciojarquin.com\/blog\/#\/schema\/person\/90100c8845ae55462ec0657d3d2f8d3b"},"articleSection":["Escritos generales"],"inLanguage":"es","potentialAction":[{"@type":"CommentAction","name":"Comment","target":["https:\/\/viniciojarquin.com\/blog\/lo-que-cabe-en-una-vida-cuando-toca-partir\/#respond"]}]},{"@type":"WebPage","@id":"https:\/\/viniciojarquin.com\/blog\/lo-que-cabe-en-una-vida-cuando-toca-partir\/","url":"https:\/\/viniciojarquin.com\/blog\/lo-que-cabe-en-una-vida-cuando-toca-partir\/","name":"Lo que cabe en una vida cuando toca partir - MI BLOG","isPartOf":{"@id":"https:\/\/viniciojarquin.com\/blog\/#website"},"datePublished":"2026-03-24T00:50:46+00:00","dateModified":"2026-03-24T00:50:48+00:00","breadcrumb":{"@id":"https:\/\/viniciojarquin.com\/blog\/lo-que-cabe-en-una-vida-cuando-toca-partir\/#breadcrumb"},"inLanguage":"es","potentialAction":[{"@type":"ReadAction","target":["https:\/\/viniciojarquin.com\/blog\/lo-que-cabe-en-una-vida-cuando-toca-partir\/"]}]},{"@type":"BreadcrumbList","@id":"https:\/\/viniciojarquin.com\/blog\/lo-que-cabe-en-una-vida-cuando-toca-partir\/#breadcrumb","itemListElement":[{"@type":"ListItem","position":1,"name":"Portada","item":"https:\/\/viniciojarquin.com\/blog\/"},{"@type":"ListItem","position":2,"name":"Lo que cabe en una vida cuando toca partir"}]},{"@type":"WebSite","@id":"https:\/\/viniciojarquin.com\/blog\/#website","url":"https:\/\/viniciojarquin.com\/blog\/","name":"Vinicio Jarqu\u00edn BLOG","description":"","publisher":{"@id":"https:\/\/viniciojarquin.com\/blog\/#\/schema\/person\/90100c8845ae55462ec0657d3d2f8d3b"},"potentialAction":[{"@type":"SearchAction","target":{"@type":"EntryPoint","urlTemplate":"https:\/\/viniciojarquin.com\/blog\/?s={search_term_string}"},"query-input":{"@type":"PropertyValueSpecification","valueRequired":true,"valueName":"search_term_string"}}],"inLanguage":"es"},{"@type":["Person","Organization"],"@id":"https:\/\/viniciojarquin.com\/blog\/#\/schema\/person\/90100c8845ae55462ec0657d3d2f8d3b","name":"Vinicio Jarqu\u00edn","image":{"@type":"ImageObject","inLanguage":"es","@id":"https:\/\/viniciojarquin.com\/blog\/#\/schema\/person\/image\/","url":"https:\/\/viniciojarquin.com\/blog\/wp-content\/uploads\/2024\/10\/Logo-VinicioJarquin-original-400.png","contentUrl":"https:\/\/viniciojarquin.com\/blog\/wp-content\/uploads\/2024\/10\/Logo-VinicioJarquin-original-400.png","width":400,"height":130,"caption":"Vinicio Jarqu\u00edn"},"logo":{"@id":"https:\/\/viniciojarquin.com\/blog\/#\/schema\/person\/image\/"},"description":"Empresario textil, artista pl\u00e1stico, escritor, coach de vida y fot\u00f3grafo.","sameAs":["https:\/\/viniciojarquin.com\/blog","https:\/\/www.facebook.com\/vinicio.jarquin","https:\/\/www.instagram.com\/vinicio_jarquin\/","https:\/\/www.pinterest.com\/vinnyjc\/","https:\/\/www.youtube.com\/@VinicioJarquin"],"url":"https:\/\/viniciojarquin.com\/blog\/author\/admin_s02au25i\/"}]}},"blog_post_layout_featured_media_urls":{"thumbnail":"","full":""},"categories_names":{"9":{"name":"Escritos generales","link":"https:\/\/viniciojarquin.com\/blog\/category\/mis-escritos\/"}},"tags_names":[],"comments_number":"0","_links":{"self":[{"href":"https:\/\/viniciojarquin.com\/blog\/wp-json\/wp\/v2\/posts\/3140","targetHints":{"allow":["GET"]}}],"collection":[{"href":"https:\/\/viniciojarquin.com\/blog\/wp-json\/wp\/v2\/posts"}],"about":[{"href":"https:\/\/viniciojarquin.com\/blog\/wp-json\/wp\/v2\/types\/post"}],"author":[{"embeddable":true,"href":"https:\/\/viniciojarquin.com\/blog\/wp-json\/wp\/v2\/users\/1"}],"replies":[{"embeddable":true,"href":"https:\/\/viniciojarquin.com\/blog\/wp-json\/wp\/v2\/comments?post=3140"}],"version-history":[{"count":1,"href":"https:\/\/viniciojarquin.com\/blog\/wp-json\/wp\/v2\/posts\/3140\/revisions"}],"predecessor-version":[{"id":3142,"href":"https:\/\/viniciojarquin.com\/blog\/wp-json\/wp\/v2\/posts\/3140\/revisions\/3142"}],"wp:attachment":[{"href":"https:\/\/viniciojarquin.com\/blog\/wp-json\/wp\/v2\/media?parent=3140"}],"wp:term":[{"taxonomy":"category","embeddable":true,"href":"https:\/\/viniciojarquin.com\/blog\/wp-json\/wp\/v2\/categories?post=3140"},{"taxonomy":"post_tag","embeddable":true,"href":"https:\/\/viniciojarquin.com\/blog\/wp-json\/wp\/v2\/tags?post=3140"}],"curies":[{"name":"wp","href":"https:\/\/api.w.org\/{rel}","templated":true}]}}