{"id":3144,"date":"2026-03-24T03:36:02","date_gmt":"2026-03-24T03:36:02","guid":{"rendered":"https:\/\/viniciojarquin.com\/blog\/?p=3144"},"modified":"2026-03-24T03:44:18","modified_gmt":"2026-03-24T03:44:18","slug":"a-quienes-sostienen-tambien-hay-que-sostenerlos","status":"publish","type":"post","link":"https:\/\/viniciojarquin.com\/blog\/a-quienes-sostienen-tambien-hay-que-sostenerlos\/","title":{"rendered":"A quienes sostienen\u2026 tambi\u00e9n hay que sostenerlos"},"content":{"rendered":"\n<figure class=\"wp-block-image size-full\"><img decoding=\"async\" width=\"800\" height=\"533\" data-src=\"https:\/\/viniciojarquin.com\/blog\/wp-content\/uploads\/2026\/03\/Alex-Solis.png\" alt=\"\" class=\"wp-image-3146 lazyload\" data-srcset=\"https:\/\/viniciojarquin.com\/blog\/wp-content\/uploads\/2026\/03\/Alex-Solis.png 800w, https:\/\/viniciojarquin.com\/blog\/wp-content\/uploads\/2026\/03\/Alex-Solis-300x200.png 300w, https:\/\/viniciojarquin.com\/blog\/wp-content\/uploads\/2026\/03\/Alex-Solis-768x512.png 768w\" data-sizes=\"(max-width: 800px) 100vw, 800px\" src=\"data:image\/svg+xml;base64,PHN2ZyB3aWR0aD0iMSIgaGVpZ2h0PSIxIiB4bWxucz0iaHR0cDovL3d3dy53My5vcmcvMjAwMC9zdmciPjwvc3ZnPg==\" style=\"--smush-placeholder-width: 800px; --smush-placeholder-aspect-ratio: 800\/533;\" \/><\/figure>\n\n\n\n<p>Hay personas que pasan por la vida haciendo cosas enormes\u2026 sin hacer ruido. Sin buscar protagonismo. Sin construir una imagen alrededor de lo que hacen. Y, muchas veces, sin que siquiera nos demos cuenta, est\u00e1n ah\u00ed, sosteniendo procesos, resolviendo, ayudando, aportando a que la vida de otros pueda seguir avanzando con un poco m\u00e1s de orden, de estabilidad\u2026 o incluso de dignidad.<\/p>\n\n\n\n<p>Alexander Sol\u00eds es una de esas personas. Fue presidente de la Comisi\u00f3n Nacional de Emergencias en uno de los momentos m\u00e1s complejos que ha vivido este pa\u00eds y el mundo entero: la pandemia. Y aunque muchos no lo tengamos tan claro, desde ese rol ayud\u00f3 a que much\u00edsimos costarricenses pudieran comer en medio de ese tiempo oscuro, incierto, dif\u00edcil.<\/p>\n\n\n\n<p>Hoy la vida le pone una pausa distinta. Un derrame isqu\u00e9mico, ocurrido a mediados de febrero, lo llev\u00f3 primero al Hospital San Juan de Dios y ahora al Centro Nacional de Rehabilitaci\u00f3n, donde contin\u00faa su proceso. Su estado de salud, seg\u00fan ha confirmado su esposa, la periodista Mariana Soto, es muy bueno. Hay afectaciones, s\u00ed\u2026 en la coordinaci\u00f3n de sus extremidades izquierdas, en la degluci\u00f3n\u2026 pero tambi\u00e9n hay algo muy importante: est\u00e1 en proceso de recuperaci\u00f3n. Est\u00e1 en terapia. Est\u00e1 dando la pelea desde otro lugar. Uno mucho m\u00e1s silencioso, mucho m\u00e1s \u00edntimo\u2026 pero no por eso menos valiente.<\/p>\n\n\n\n<p>Y aqu\u00ed es donde vale la pena detenerse un momento.<\/p>\n\n\n\n<p>Porque muchas veces, quienes m\u00e1s han aportado en nuestros momentos dif\u00edciles, no siempre reciben la atenci\u00f3n cuando les toca atravesar los suyos. No generan titulares. No hacen ruido. No est\u00e1n en el foco constante de la conversaci\u00f3n. Y entonces, casi sin querer, pasan a un segundo plano\u2026 justo cuando m\u00e1s sentido tendr\u00eda recordarlos, nombrarlos, acompa\u00f1arlos.<\/p>\n\n\n\n<p>Quienes ayudan en silencio\u2026 deber\u00edan ser sostenidos en silencio tambi\u00e9n, pero con la misma fuerza.<\/p>\n\n\n\n<p>Desde Apacigua, y tambi\u00e9n a t\u00edtulo personal, quiero hacer ese reconocimiento. No desde la pol\u00edtica, no desde la posici\u00f3n, sino desde lo humano. Desde la gratitud. Por lo que fue, por lo que hizo, por lo que aport\u00f3 en un momento donde muchos lo necesitaban, incluso sin saberlo. Y hoy, desde ese mismo lugar, extender un mensaje claro, sencillo, pero profundamente sentido: gracias\u2026 y que la recuperaci\u00f3n sea pronta, firme y completa.<\/p>\n\n\n\n<p>Porque hay momentos en los que no se trata de debatir, ni de opinar, ni de analizar\u2026 se trata simplemente de acompa\u00f1ar.<\/p>\n","protected":false},"excerpt":{"rendered":"<p>Hay personas que pasan por la vida haciendo cosas enormes\u2026 sin hacer ruido. Sin buscar protagonismo. Sin construir una imagen [&hellip;]<\/p>\n","protected":false},"author":1,"featured_media":3146,"comment_status":"open","ping_status":"open","sticky":false,"template":"","format":"standard","meta":{"site-sidebar-layout":"default","site-content-layout":"","ast-site-content-layout":"","site-content-style":"default","site-sidebar-style":"default","ast-global-header-display":"","ast-banner-title-visibility":"","ast-main-header-display":"","ast-hfb-above-header-display":"","ast-hfb-below-header-display":"","ast-hfb-mobile-header-display":"","site-post-title":"","ast-breadcrumbs-content":"","ast-featured-img":"","footer-sml-layout":"","theme-transparent-header-meta":"","adv-header-id-meta":"","stick-header-meta":"","header-above-stick-meta":"","header-main-stick-meta":"","header-below-stick-meta":"","astra-migrate-meta-layouts":"default","ast-page-background-enabled":"default","ast-page-background-meta":{"desktop":{"background-color":"var(--ast-global-color-5)","background-image":"","background-repeat":"repeat","background-position":"center center","background-size":"auto","background-attachment":"scroll","background-type":"","background-media":"","overlay-type":"","overlay-color":"","overlay-opacity":"","overlay-gradient":""},"tablet":{"background-color":"","background-image":"","background-repeat":"repeat","background-position":"center center","background-size":"auto","background-attachment":"scroll","background-type":"","background-media":"","overlay-type":"","overlay-color":"","overlay-opacity":"","overlay-gradient":""},"mobile":{"background-color":"","background-image":"","background-repeat":"repeat","background-position":"center center","background-size":"auto","background-attachment":"scroll","background-type":"","background-media":"","overlay-type":"","overlay-color":"","overlay-opacity":"","overlay-gradient":""}},"ast-content-background-meta":{"desktop":{"background-color":"var(--ast-global-color-4)","background-image":"","background-repeat":"repeat","background-position":"center center","background-size":"auto","background-attachment":"scroll","background-type":"","background-media":"","overlay-type":"","overlay-color":"","overlay-opacity":"","overlay-gradient":""},"tablet":{"background-color":"var(--ast-global-color-4)","background-image":"","background-repeat":"repeat","background-position":"center center","background-size":"auto","background-attachment":"scroll","background-type":"","background-media":"","overlay-type":"","overlay-color":"","overlay-opacity":"","overlay-gradient":""},"mobile":{"background-color":"var(--ast-global-color-4)","background-image":"","background-repeat":"repeat","background-position":"center center","background-size":"auto","background-attachment":"scroll","background-type":"","background-media":"","overlay-type":"","overlay-color":"","overlay-opacity":"","overlay-gradient":""}},"footnotes":""},"categories":[9],"tags":[],"class_list":["post-3144","post","type-post","status-publish","format-standard","has-post-thumbnail","hentry","category-mis-escritos"],"yoast_head":"<!-- This site is optimized with the Yoast SEO plugin v26.0 - https:\/\/yoast.com\/wordpress\/plugins\/seo\/ -->\n<title>A quienes sostienen\u2026 tambi\u00e9n hay que sostenerlos - MI BLOG<\/title>\n<meta name=\"robots\" content=\"index, follow, max-snippet:-1, max-image-preview:large, max-video-preview:-1\" \/>\n<link rel=\"canonical\" href=\"https:\/\/viniciojarquin.com\/blog\/a-quienes-sostienen-tambien-hay-que-sostenerlos\/\" \/>\n<meta property=\"og:locale\" content=\"es_ES\" \/>\n<meta property=\"og:type\" content=\"article\" \/>\n<meta property=\"og:title\" content=\"A quienes sostienen\u2026 tambi\u00e9n hay que sostenerlos - MI BLOG\" \/>\n<meta property=\"og:description\" content=\"Hay personas que pasan por la vida haciendo cosas enormes\u2026 sin hacer ruido. Sin buscar protagonismo. Sin construir una imagen [&hellip;]\" \/>\n<meta property=\"og:url\" content=\"https:\/\/viniciojarquin.com\/blog\/a-quienes-sostienen-tambien-hay-que-sostenerlos\/\" \/>\n<meta property=\"og:site_name\" content=\"MI BLOG\" \/>\n<meta property=\"article:publisher\" content=\"https:\/\/www.facebook.com\/vinicio.jarquin\" \/>\n<meta property=\"article:author\" content=\"https:\/\/www.facebook.com\/vinicio.jarquin\" \/>\n<meta property=\"article:published_time\" content=\"2026-03-24T03:36:02+00:00\" \/>\n<meta property=\"article:modified_time\" content=\"2026-03-24T03:44:18+00:00\" \/>\n<meta property=\"og:image\" content=\"https:\/\/viniciojarquin.com\/blog\/wp-content\/uploads\/2026\/03\/Alex-Solis.png\" \/>\n\t<meta property=\"og:image:width\" content=\"800\" \/>\n\t<meta property=\"og:image:height\" content=\"533\" \/>\n\t<meta property=\"og:image:type\" content=\"image\/png\" \/>\n<meta name=\"author\" content=\"Vinicio Jarqu\u00edn\" \/>\n<meta name=\"twitter:card\" content=\"summary_large_image\" \/>\n<meta name=\"twitter:label1\" content=\"Escrito por\" \/>\n\t<meta name=\"twitter:data1\" content=\"Vinicio Jarqu\u00edn\" \/>\n\t<meta name=\"twitter:label2\" content=\"Tiempo de lectura\" \/>\n\t<meta name=\"twitter:data2\" content=\"3 minutos\" \/>\n<script type=\"application\/ld+json\" class=\"yoast-schema-graph\">{\"@context\":\"https:\/\/schema.org\",\"@graph\":[{\"@type\":\"Article\",\"@id\":\"https:\/\/viniciojarquin.com\/blog\/a-quienes-sostienen-tambien-hay-que-sostenerlos\/#article\",\"isPartOf\":{\"@id\":\"https:\/\/viniciojarquin.com\/blog\/a-quienes-sostienen-tambien-hay-que-sostenerlos\/\"},\"author\":{\"name\":\"Vinicio Jarqu\u00edn\",\"@id\":\"https:\/\/viniciojarquin.com\/blog\/#\/schema\/person\/90100c8845ae55462ec0657d3d2f8d3b\"},\"headline\":\"A quienes sostienen\u2026 tambi\u00e9n hay que sostenerlos\",\"datePublished\":\"2026-03-24T03:36:02+00:00\",\"dateModified\":\"2026-03-24T03:44:18+00:00\",\"mainEntityOfPage\":{\"@id\":\"https:\/\/viniciojarquin.com\/blog\/a-quienes-sostienen-tambien-hay-que-sostenerlos\/\"},\"wordCount\":436,\"commentCount\":0,\"publisher\":{\"@id\":\"https:\/\/viniciojarquin.com\/blog\/#\/schema\/person\/90100c8845ae55462ec0657d3d2f8d3b\"},\"image\":{\"@id\":\"https:\/\/viniciojarquin.com\/blog\/a-quienes-sostienen-tambien-hay-que-sostenerlos\/#primaryimage\"},\"thumbnailUrl\":\"https:\/\/viniciojarquin.com\/blog\/wp-content\/uploads\/2026\/03\/Alex-Solis.png\",\"articleSection\":[\"Escritos generales\"],\"inLanguage\":\"es\",\"potentialAction\":[{\"@type\":\"CommentAction\",\"name\":\"Comment\",\"target\":[\"https:\/\/viniciojarquin.com\/blog\/a-quienes-sostienen-tambien-hay-que-sostenerlos\/#respond\"]}]},{\"@type\":\"WebPage\",\"@id\":\"https:\/\/viniciojarquin.com\/blog\/a-quienes-sostienen-tambien-hay-que-sostenerlos\/\",\"url\":\"https:\/\/viniciojarquin.com\/blog\/a-quienes-sostienen-tambien-hay-que-sostenerlos\/\",\"name\":\"A quienes sostienen\u2026 tambi\u00e9n hay que sostenerlos - MI BLOG\",\"isPartOf\":{\"@id\":\"https:\/\/viniciojarquin.com\/blog\/#website\"},\"primaryImageOfPage\":{\"@id\":\"https:\/\/viniciojarquin.com\/blog\/a-quienes-sostienen-tambien-hay-que-sostenerlos\/#primaryimage\"},\"image\":{\"@id\":\"https:\/\/viniciojarquin.com\/blog\/a-quienes-sostienen-tambien-hay-que-sostenerlos\/#primaryimage\"},\"thumbnailUrl\":\"https:\/\/viniciojarquin.com\/blog\/wp-content\/uploads\/2026\/03\/Alex-Solis.png\",\"datePublished\":\"2026-03-24T03:36:02+00:00\",\"dateModified\":\"2026-03-24T03:44:18+00:00\",\"breadcrumb\":{\"@id\":\"https:\/\/viniciojarquin.com\/blog\/a-quienes-sostienen-tambien-hay-que-sostenerlos\/#breadcrumb\"},\"inLanguage\":\"es\",\"potentialAction\":[{\"@type\":\"ReadAction\",\"target\":[\"https:\/\/viniciojarquin.com\/blog\/a-quienes-sostienen-tambien-hay-que-sostenerlos\/\"]}]},{\"@type\":\"ImageObject\",\"inLanguage\":\"es\",\"@id\":\"https:\/\/viniciojarquin.com\/blog\/a-quienes-sostienen-tambien-hay-que-sostenerlos\/#primaryimage\",\"url\":\"https:\/\/viniciojarquin.com\/blog\/wp-content\/uploads\/2026\/03\/Alex-Solis.png\",\"contentUrl\":\"https:\/\/viniciojarquin.com\/blog\/wp-content\/uploads\/2026\/03\/Alex-Solis.png\",\"width\":800,\"height\":533},{\"@type\":\"BreadcrumbList\",\"@id\":\"https:\/\/viniciojarquin.com\/blog\/a-quienes-sostienen-tambien-hay-que-sostenerlos\/#breadcrumb\",\"itemListElement\":[{\"@type\":\"ListItem\",\"position\":1,\"name\":\"Portada\",\"item\":\"https:\/\/viniciojarquin.com\/blog\/\"},{\"@type\":\"ListItem\",\"position\":2,\"name\":\"A quienes sostienen\u2026 tambi\u00e9n hay que sostenerlos\"}]},{\"@type\":\"WebSite\",\"@id\":\"https:\/\/viniciojarquin.com\/blog\/#website\",\"url\":\"https:\/\/viniciojarquin.com\/blog\/\",\"name\":\"Vinicio Jarqu\u00edn BLOG\",\"description\":\"\",\"publisher\":{\"@id\":\"https:\/\/viniciojarquin.com\/blog\/#\/schema\/person\/90100c8845ae55462ec0657d3d2f8d3b\"},\"potentialAction\":[{\"@type\":\"SearchAction\",\"target\":{\"@type\":\"EntryPoint\",\"urlTemplate\":\"https:\/\/viniciojarquin.com\/blog\/?s={search_term_string}\"},\"query-input\":{\"@type\":\"PropertyValueSpecification\",\"valueRequired\":true,\"valueName\":\"search_term_string\"}}],\"inLanguage\":\"es\"},{\"@type\":[\"Person\",\"Organization\"],\"@id\":\"https:\/\/viniciojarquin.com\/blog\/#\/schema\/person\/90100c8845ae55462ec0657d3d2f8d3b\",\"name\":\"Vinicio Jarqu\u00edn\",\"image\":{\"@type\":\"ImageObject\",\"inLanguage\":\"es\",\"@id\":\"https:\/\/viniciojarquin.com\/blog\/#\/schema\/person\/image\/\",\"url\":\"https:\/\/viniciojarquin.com\/blog\/wp-content\/uploads\/2024\/10\/Logo-VinicioJarquin-original-400.png\",\"contentUrl\":\"https:\/\/viniciojarquin.com\/blog\/wp-content\/uploads\/2024\/10\/Logo-VinicioJarquin-original-400.png\",\"width\":400,\"height\":130,\"caption\":\"Vinicio Jarqu\u00edn\"},\"logo\":{\"@id\":\"https:\/\/viniciojarquin.com\/blog\/#\/schema\/person\/image\/\"},\"description\":\"Empresario textil, artista pl\u00e1stico, escritor, coach de vida y fot\u00f3grafo.\",\"sameAs\":[\"https:\/\/viniciojarquin.com\/blog\",\"https:\/\/www.facebook.com\/vinicio.jarquin\",\"https:\/\/www.instagram.com\/vinicio_jarquin\/\",\"https:\/\/www.pinterest.com\/vinnyjc\/\",\"https:\/\/www.youtube.com\/@VinicioJarquin\"],\"url\":\"https:\/\/viniciojarquin.com\/blog\/author\/admin_s02au25i\/\"}]}<\/script>\n<!-- \/ Yoast SEO plugin. -->","yoast_head_json":{"title":"A quienes sostienen\u2026 tambi\u00e9n hay que sostenerlos - MI BLOG","robots":{"index":"index","follow":"follow","max-snippet":"max-snippet:-1","max-image-preview":"max-image-preview:large","max-video-preview":"max-video-preview:-1"},"canonical":"https:\/\/viniciojarquin.com\/blog\/a-quienes-sostienen-tambien-hay-que-sostenerlos\/","og_locale":"es_ES","og_type":"article","og_title":"A quienes sostienen\u2026 tambi\u00e9n hay que sostenerlos - MI BLOG","og_description":"Hay personas que pasan por la vida haciendo cosas enormes\u2026 sin hacer ruido. Sin buscar protagonismo. Sin construir una imagen [&hellip;]","og_url":"https:\/\/viniciojarquin.com\/blog\/a-quienes-sostienen-tambien-hay-que-sostenerlos\/","og_site_name":"MI BLOG","article_publisher":"https:\/\/www.facebook.com\/vinicio.jarquin","article_author":"https:\/\/www.facebook.com\/vinicio.jarquin","article_published_time":"2026-03-24T03:36:02+00:00","article_modified_time":"2026-03-24T03:44:18+00:00","og_image":[{"width":800,"height":533,"url":"https:\/\/viniciojarquin.com\/blog\/wp-content\/uploads\/2026\/03\/Alex-Solis.png","type":"image\/png"}],"author":"Vinicio Jarqu\u00edn","twitter_card":"summary_large_image","twitter_misc":{"Escrito por":"Vinicio Jarqu\u00edn","Tiempo de lectura":"3 minutos"},"schema":{"@context":"https:\/\/schema.org","@graph":[{"@type":"Article","@id":"https:\/\/viniciojarquin.com\/blog\/a-quienes-sostienen-tambien-hay-que-sostenerlos\/#article","isPartOf":{"@id":"https:\/\/viniciojarquin.com\/blog\/a-quienes-sostienen-tambien-hay-que-sostenerlos\/"},"author":{"name":"Vinicio Jarqu\u00edn","@id":"https:\/\/viniciojarquin.com\/blog\/#\/schema\/person\/90100c8845ae55462ec0657d3d2f8d3b"},"headline":"A quienes sostienen\u2026 tambi\u00e9n hay que sostenerlos","datePublished":"2026-03-24T03:36:02+00:00","dateModified":"2026-03-24T03:44:18+00:00","mainEntityOfPage":{"@id":"https:\/\/viniciojarquin.com\/blog\/a-quienes-sostienen-tambien-hay-que-sostenerlos\/"},"wordCount":436,"commentCount":0,"publisher":{"@id":"https:\/\/viniciojarquin.com\/blog\/#\/schema\/person\/90100c8845ae55462ec0657d3d2f8d3b"},"image":{"@id":"https:\/\/viniciojarquin.com\/blog\/a-quienes-sostienen-tambien-hay-que-sostenerlos\/#primaryimage"},"thumbnailUrl":"https:\/\/viniciojarquin.com\/blog\/wp-content\/uploads\/2026\/03\/Alex-Solis.png","articleSection":["Escritos generales"],"inLanguage":"es","potentialAction":[{"@type":"CommentAction","name":"Comment","target":["https:\/\/viniciojarquin.com\/blog\/a-quienes-sostienen-tambien-hay-que-sostenerlos\/#respond"]}]},{"@type":"WebPage","@id":"https:\/\/viniciojarquin.com\/blog\/a-quienes-sostienen-tambien-hay-que-sostenerlos\/","url":"https:\/\/viniciojarquin.com\/blog\/a-quienes-sostienen-tambien-hay-que-sostenerlos\/","name":"A quienes sostienen\u2026 tambi\u00e9n hay que sostenerlos - MI BLOG","isPartOf":{"@id":"https:\/\/viniciojarquin.com\/blog\/#website"},"primaryImageOfPage":{"@id":"https:\/\/viniciojarquin.com\/blog\/a-quienes-sostienen-tambien-hay-que-sostenerlos\/#primaryimage"},"image":{"@id":"https:\/\/viniciojarquin.com\/blog\/a-quienes-sostienen-tambien-hay-que-sostenerlos\/#primaryimage"},"thumbnailUrl":"https:\/\/viniciojarquin.com\/blog\/wp-content\/uploads\/2026\/03\/Alex-Solis.png","datePublished":"2026-03-24T03:36:02+00:00","dateModified":"2026-03-24T03:44:18+00:00","breadcrumb":{"@id":"https:\/\/viniciojarquin.com\/blog\/a-quienes-sostienen-tambien-hay-que-sostenerlos\/#breadcrumb"},"inLanguage":"es","potentialAction":[{"@type":"ReadAction","target":["https:\/\/viniciojarquin.com\/blog\/a-quienes-sostienen-tambien-hay-que-sostenerlos\/"]}]},{"@type":"ImageObject","inLanguage":"es","@id":"https:\/\/viniciojarquin.com\/blog\/a-quienes-sostienen-tambien-hay-que-sostenerlos\/#primaryimage","url":"https:\/\/viniciojarquin.com\/blog\/wp-content\/uploads\/2026\/03\/Alex-Solis.png","contentUrl":"https:\/\/viniciojarquin.com\/blog\/wp-content\/uploads\/2026\/03\/Alex-Solis.png","width":800,"height":533},{"@type":"BreadcrumbList","@id":"https:\/\/viniciojarquin.com\/blog\/a-quienes-sostienen-tambien-hay-que-sostenerlos\/#breadcrumb","itemListElement":[{"@type":"ListItem","position":1,"name":"Portada","item":"https:\/\/viniciojarquin.com\/blog\/"},{"@type":"ListItem","position":2,"name":"A quienes sostienen\u2026 tambi\u00e9n hay que sostenerlos"}]},{"@type":"WebSite","@id":"https:\/\/viniciojarquin.com\/blog\/#website","url":"https:\/\/viniciojarquin.com\/blog\/","name":"Vinicio Jarqu\u00edn BLOG","description":"","publisher":{"@id":"https:\/\/viniciojarquin.com\/blog\/#\/schema\/person\/90100c8845ae55462ec0657d3d2f8d3b"},"potentialAction":[{"@type":"SearchAction","target":{"@type":"EntryPoint","urlTemplate":"https:\/\/viniciojarquin.com\/blog\/?s={search_term_string}"},"query-input":{"@type":"PropertyValueSpecification","valueRequired":true,"valueName":"search_term_string"}}],"inLanguage":"es"},{"@type":["Person","Organization"],"@id":"https:\/\/viniciojarquin.com\/blog\/#\/schema\/person\/90100c8845ae55462ec0657d3d2f8d3b","name":"Vinicio Jarqu\u00edn","image":{"@type":"ImageObject","inLanguage":"es","@id":"https:\/\/viniciojarquin.com\/blog\/#\/schema\/person\/image\/","url":"https:\/\/viniciojarquin.com\/blog\/wp-content\/uploads\/2024\/10\/Logo-VinicioJarquin-original-400.png","contentUrl":"https:\/\/viniciojarquin.com\/blog\/wp-content\/uploads\/2024\/10\/Logo-VinicioJarquin-original-400.png","width":400,"height":130,"caption":"Vinicio Jarqu\u00edn"},"logo":{"@id":"https:\/\/viniciojarquin.com\/blog\/#\/schema\/person\/image\/"},"description":"Empresario textil, artista pl\u00e1stico, escritor, coach de vida y fot\u00f3grafo.","sameAs":["https:\/\/viniciojarquin.com\/blog","https:\/\/www.facebook.com\/vinicio.jarquin","https:\/\/www.instagram.com\/vinicio_jarquin\/","https:\/\/www.pinterest.com\/vinnyjc\/","https:\/\/www.youtube.com\/@VinicioJarquin"],"url":"https:\/\/viniciojarquin.com\/blog\/author\/admin_s02au25i\/"}]}},"blog_post_layout_featured_media_urls":{"thumbnail":["https:\/\/viniciojarquin.com\/blog\/wp-content\/uploads\/2026\/03\/Alex-Solis-150x150.png",150,150,true],"full":["https:\/\/viniciojarquin.com\/blog\/wp-content\/uploads\/2026\/03\/Alex-Solis.png",800,533,false]},"categories_names":{"9":{"name":"Escritos generales","link":"https:\/\/viniciojarquin.com\/blog\/category\/mis-escritos\/"}},"tags_names":[],"comments_number":"0","_links":{"self":[{"href":"https:\/\/viniciojarquin.com\/blog\/wp-json\/wp\/v2\/posts\/3144","targetHints":{"allow":["GET"]}}],"collection":[{"href":"https:\/\/viniciojarquin.com\/blog\/wp-json\/wp\/v2\/posts"}],"about":[{"href":"https:\/\/viniciojarquin.com\/blog\/wp-json\/wp\/v2\/types\/post"}],"author":[{"embeddable":true,"href":"https:\/\/viniciojarquin.com\/blog\/wp-json\/wp\/v2\/users\/1"}],"replies":[{"embeddable":true,"href":"https:\/\/viniciojarquin.com\/blog\/wp-json\/wp\/v2\/comments?post=3144"}],"version-history":[{"count":2,"href":"https:\/\/viniciojarquin.com\/blog\/wp-json\/wp\/v2\/posts\/3144\/revisions"}],"predecessor-version":[{"id":3147,"href":"https:\/\/viniciojarquin.com\/blog\/wp-json\/wp\/v2\/posts\/3144\/revisions\/3147"}],"wp:featuredmedia":[{"embeddable":true,"href":"https:\/\/viniciojarquin.com\/blog\/wp-json\/wp\/v2\/media\/3146"}],"wp:attachment":[{"href":"https:\/\/viniciojarquin.com\/blog\/wp-json\/wp\/v2\/media?parent=3144"}],"wp:term":[{"taxonomy":"category","embeddable":true,"href":"https:\/\/viniciojarquin.com\/blog\/wp-json\/wp\/v2\/categories?post=3144"},{"taxonomy":"post_tag","embeddable":true,"href":"https:\/\/viniciojarquin.com\/blog\/wp-json\/wp\/v2\/tags?post=3144"}],"curies":[{"name":"wp","href":"https:\/\/api.w.org\/{rel}","templated":true}]}}